{"id":31793,"date":"2023-08-24T16:02:12","date_gmt":"2023-08-24T22:02:12","guid":{"rendered":"https:\/\/cuernavaca.gob.mx\/?p=31793"},"modified":"2025-05-06T14:08:36","modified_gmt":"2025-05-06T20:08:36","slug":"b1224-24-08-23-alberga-el-museo-de-la-ciudad-de-cuernavaca-a-la-exposicion-de-las-obras-monumentales-de-artesanos-morelenses","status":"publish","type":"post","link":"https:\/\/cuernavaca.gob.mx\/?p=31793","title":{"rendered":"B1224 24\/08\/23 ALBERGA EL MUSEO DE LA CIUDAD DE CUERNAVACA A LA EXPOSICI\u00d3N DE LAS OBRAS \u201cMONUMENTALES\u201d DE ARTESANOS MORELENSES"},"content":{"rendered":"<p><strong>\u2022 Son cuatro piezas monumentales hechas a base de cartoner\u00eda que conjugan otras t\u00e9cnicas innovadoras para hacerlas m\u00e1s l\u00fadicas, impulsando la preservaci\u00f3n de la memoria hist\u00f3rica del pa\u00eds a trav\u00e9s del arte<\/strong><\/p>\n<p><strong>\u2022 Fueron hechas por el colectivo Yolotl a cargo de Bel\u00e9n Gabriela S\u00e1nchez, as\u00ed como de Eduardo Mendoza, quien hizo la convocatoria para su ejecuci\u00f3n<\/strong><\/p>\n<p>El Museo de la Ciudad de Cuernavaca (MuCIC) abre sus puertas nuevamente como un escaparate para el talento local con la exposici\u00f3n por dos semanas de los \u201cMonumentales\u201d, cuatro figuras de cartoner\u00eda monumental creadas por manos morelenses y cuernavacenses, particularmente del poblado de Chamilpa a trav\u00e9s del colectivo Yolotl a cargo de Bel\u00e9n Gabriela S\u00e1nchez Gonz\u00e1lez, as\u00ed como de la convocatoria y colaboraci\u00f3n de Eduardo Mendoza.<\/p>\n<p>Al darles la bienvenida este mi\u00e9rcoles, el presidente municipal de Cuernavaca, Jos\u00e9 Luis Uri\u00f3stegui Salgado, acompa\u00f1ado de integrantes del Cabildo, hizo el primer recorrido oficial de esta exposici\u00f3n \u00fanica en su tipo en la capital morelense, donde la cartoner\u00eda tradicional mexicana se conjuga con otras t\u00e9cnicas innovadoras, como la Cartoplas que fue creada y patentada por el maestro Eduardo Mendoza que representa las artes pl\u00e1sticas con esta t\u00e9cnica ancestral, adem\u00e1s de utilizar pintura y material ecol\u00f3gico, priorizando el cuidado del medio ambiente.<\/p>\n<p>Estas obras monumentales fueron hechas desde una perspectiva l\u00fadica para que sus visitantes puedan explorarlas por medio del tacto, promoviendo as\u00ed la memoria hist\u00f3rica del pa\u00eds, ya que representan parte de las tradiciones e historia de M\u00e9xico, como \u201cYaolt\u201d, un caballo que narra la historia de los conquistadores de Espa\u00f1a, que por medio del caballo y la espada sometieron al pueblo imponiendo su cultura, religi\u00f3n y la propiedad privada, eliminando el estado hegem\u00f3nico, la religi\u00f3n polite\u00edsta y la cosmovisi\u00f3n de los mexicas.<\/p>\n<p>El \u201cVenado azul, coraz\u00f3n de peyote\u201d que muestra la relaci\u00f3n del pueblo Wixarika o Huichol con el venado; representa al mensaje de los dioses, creador del peyote y del ma\u00edz, s\u00edmbolo de prosperidad y esperanza, as\u00ed como de la vida y el orden del mundo. Bel\u00e9n Gabriela S\u00e1nchez Gonz\u00e1lez explic\u00f3 que, seg\u00fan la leyenda, cuatro guerreros buscaron la fuente de sustento a trav\u00e9s del desierto y son guiados por el venado hasta la fuente del peyote, que al consumirlo sacian su sed y hambre, tanto f\u00edsica como espiritual.<\/p>\n<p>En esta muestra tambi\u00e9n se expone el \u201cCoyote Protector\u201d que plantea la cosmovisi\u00f3n mexica, quienes consideraban al lobo como sin\u00f3nimo de un ser poderoso que ocupaba una posici\u00f3n relevante dentro de las estructuras sociales, el cual est\u00e1 decorado al estilo tonas de Oaxaca, donde originalmente son tallados en madera y un \u201cChapul\u00edn\u201d que es alusivo a la cuesti\u00f3n etomofagica, que es el alimento por medio de los insectos, una tradici\u00f3n ancestral.<\/p>\n<p>La exposici\u00f3n fue impulsada por la s\u00edndica municipal, Ver\u00f3nica Atenco P\u00e9rez, quien gestion\u00f3 que sea el Museo de la Ciudad de Cuernavaca (MuCIC) donde se albergara, sum\u00e1ndose a este apoyo los regidores Mireya Delgado Romero, Wendi Salinas Ruiz, Jes\u00fas Rosales Puebla, Adri\u00e1n Mart\u00ednez Terrazas y V\u00edctor Manzo God\u00ednez, que participaron en el recorrido.<\/p>\n<p>La obra los \u201cMonumentales\u201d en las que participaron tambi\u00e9n Fernando Frausto, Miguel \u00c1ngel \u00c1vila Albavera, Mar\u00eda Guadalupe Flores Prado, Laura Leticia Collado Ortega, Karena Delgado, Jazm\u00edn Castrej\u00f3n, Idalia Nerey Narv\u00e1ez Bravo, Virginia Rayo y Laura Rosales del colectivo Yolotl y Jazm\u00edn Real Cano, ser\u00e1 expuesta a finales de a\u00f1o en la Secretar\u00eda de Relaciones Exteriores en la Ciudad de M\u00e9xico, poniendo en alto el nombre de Cuernavaca y Morelos, al demostrar el gran talento y originalidad que manejan sus maestros artesanos.<\/p>\n<p><img loading=\"lazy\" class=\"alignnone size-medium wp-image-31794\" src=\"https:\/\/cuernavaca.gob.mx\/wp-content\/uploads\/2023\/08\/ALBERGA-EL-MUSEO-DE-LA-CIUDAD-DE-CUERNAVACA-A-LA-EXPOSICIO\u0301N-DE-LAS-OBRAS-MONUMENTALES-DE-ARTESANOS-MORELENSES-1-300x200.jpg\" alt=\"\" width=\"300\" height=\"200\" srcset=\"https:\/\/cuernavaca.gob.mx\/wp-content\/uploads\/2023\/08\/ALBERGA-EL-MUSEO-DE-LA-CIUDAD-DE-CUERNAVACA-A-LA-EXPOSICIO\u0301N-DE-LAS-OBRAS-MONUMENTALES-DE-ARTESANOS-MORELENSES-1-300x200.jpg 300w, https:\/\/cuernavaca.gob.mx\/wp-content\/uploads\/2023\/08\/ALBERGA-EL-MUSEO-DE-LA-CIUDAD-DE-CUERNAVACA-A-LA-EXPOSICIO\u0301N-DE-LAS-OBRAS-MONUMENTALES-DE-ARTESANOS-MORELENSES-1-1024x682.jpg 1024w, https:\/\/cuernavaca.gob.mx\/wp-content\/uploads\/2023\/08\/ALBERGA-EL-MUSEO-DE-LA-CIUDAD-DE-CUERNAVACA-A-LA-EXPOSICIO\u0301N-DE-LAS-OBRAS-MONUMENTALES-DE-ARTESANOS-MORELENSES-1-768x512.jpg 768w, https:\/\/cuernavaca.gob.mx\/wp-content\/uploads\/2023\/08\/ALBERGA-EL-MUSEO-DE-LA-CIUDAD-DE-CUERNAVACA-A-LA-EXPOSICIO\u0301N-DE-LAS-OBRAS-MONUMENTALES-DE-ARTESANOS-MORELENSES-1-1536x1023.jpg 1536w, https:\/\/cuernavaca.gob.mx\/wp-content\/uploads\/2023\/08\/ALBERGA-EL-MUSEO-DE-LA-CIUDAD-DE-CUERNAVACA-A-LA-EXPOSICIO\u0301N-DE-LAS-OBRAS-MONUMENTALES-DE-ARTESANOS-MORELENSES-1-600x400.jpg 600w, https:\/\/cuernavaca.gob.mx\/wp-content\/uploads\/2023\/08\/ALBERGA-EL-MUSEO-DE-LA-CIUDAD-DE-CUERNAVACA-A-LA-EXPOSICIO\u0301N-DE-LAS-OBRAS-MONUMENTALES-DE-ARTESANOS-MORELENSES-1-560x373.jpg 560w, https:\/\/cuernavaca.gob.mx\/wp-content\/uploads\/2023\/08\/ALBERGA-EL-MUSEO-DE-LA-CIUDAD-DE-CUERNAVACA-A-LA-EXPOSICIO\u0301N-DE-LAS-OBRAS-MONUMENTALES-DE-ARTESANOS-MORELENSES-1.jpg 1600w\" sizes=\"(max-width: 300px) 100vw, 300px\" \/> <img loading=\"lazy\" class=\"alignnone size-medium wp-image-31795\" src=\"https:\/\/cuernavaca.gob.mx\/wp-content\/uploads\/2023\/08\/ALBERGA-EL-MUSEO-DE-LA-CIUDAD-DE-CUERNAVACA-A-LA-EXPOSICIO\u0301N-DE-LAS-OBRAS-MONUMENTALES-DE-ARTESANOS-MORELENSES-3-300x200.jpg\" alt=\"\" width=\"300\" height=\"200\" srcset=\"https:\/\/cuernavaca.gob.mx\/wp-content\/uploads\/2023\/08\/ALBERGA-EL-MUSEO-DE-LA-CIUDAD-DE-CUERNAVACA-A-LA-EXPOSICIO\u0301N-DE-LAS-OBRAS-MONUMENTALES-DE-ARTESANOS-MORELENSES-3-300x200.jpg 300w, https:\/\/cuernavaca.gob.mx\/wp-content\/uploads\/2023\/08\/ALBERGA-EL-MUSEO-DE-LA-CIUDAD-DE-CUERNAVACA-A-LA-EXPOSICIO\u0301N-DE-LAS-OBRAS-MONUMENTALES-DE-ARTESANOS-MORELENSES-3-1024x682.jpg 1024w, https:\/\/cuernavaca.gob.mx\/wp-content\/uploads\/2023\/08\/ALBERGA-EL-MUSEO-DE-LA-CIUDAD-DE-CUERNAVACA-A-LA-EXPOSICIO\u0301N-DE-LAS-OBRAS-MONUMENTALES-DE-ARTESANOS-MORELENSES-3-768x512.jpg 768w, https:\/\/cuernavaca.gob.mx\/wp-content\/uploads\/2023\/08\/ALBERGA-EL-MUSEO-DE-LA-CIUDAD-DE-CUERNAVACA-A-LA-EXPOSICIO\u0301N-DE-LAS-OBRAS-MONUMENTALES-DE-ARTESANOS-MORELENSES-3-1536x1023.jpg 1536w, https:\/\/cuernavaca.gob.mx\/wp-content\/uploads\/2023\/08\/ALBERGA-EL-MUSEO-DE-LA-CIUDAD-DE-CUERNAVACA-A-LA-EXPOSICIO\u0301N-DE-LAS-OBRAS-MONUMENTALES-DE-ARTESANOS-MORELENSES-3-600x400.jpg 600w, https:\/\/cuernavaca.gob.mx\/wp-content\/uploads\/2023\/08\/ALBERGA-EL-MUSEO-DE-LA-CIUDAD-DE-CUERNAVACA-A-LA-EXPOSICIO\u0301N-DE-LAS-OBRAS-MONUMENTALES-DE-ARTESANOS-MORELENSES-3-560x373.jpg 560w, https:\/\/cuernavaca.gob.mx\/wp-content\/uploads\/2023\/08\/ALBERGA-EL-MUSEO-DE-LA-CIUDAD-DE-CUERNAVACA-A-LA-EXPOSICIO\u0301N-DE-LAS-OBRAS-MONUMENTALES-DE-ARTESANOS-MORELENSES-3.jpg 1600w\" sizes=\"(max-width: 300px) 100vw, 300px\" \/> <img loading=\"lazy\" class=\"alignnone size-medium wp-image-31796\" src=\"https:\/\/cuernavaca.gob.mx\/wp-content\/uploads\/2023\/08\/ALBERGA-EL-MUSEO-DE-LA-CIUDAD-DE-CUERNAVACA-A-LA-EXPOSICIO\u0301N-DE-LAS-OBRAS-MONUMENTALES-DE-ARTESANOS-MORELENSES-4-200x300.jpg\" alt=\"\" width=\"200\" height=\"300\" srcset=\"https:\/\/cuernavaca.gob.mx\/wp-content\/uploads\/2023\/08\/ALBERGA-EL-MUSEO-DE-LA-CIUDAD-DE-CUERNAVACA-A-LA-EXPOSICIO\u0301N-DE-LAS-OBRAS-MONUMENTALES-DE-ARTESANOS-MORELENSES-4-200x300.jpg 200w, https:\/\/cuernavaca.gob.mx\/wp-content\/uploads\/2023\/08\/ALBERGA-EL-MUSEO-DE-LA-CIUDAD-DE-CUERNAVACA-A-LA-EXPOSICIO\u0301N-DE-LAS-OBRAS-MONUMENTALES-DE-ARTESANOS-MORELENSES-4-682x1024.jpg 682w, https:\/\/cuernavaca.gob.mx\/wp-content\/uploads\/2023\/08\/ALBERGA-EL-MUSEO-DE-LA-CIUDAD-DE-CUERNAVACA-A-LA-EXPOSICIO\u0301N-DE-LAS-OBRAS-MONUMENTALES-DE-ARTESANOS-MORELENSES-4-768x1153.jpg 768w, https:\/\/cuernavaca.gob.mx\/wp-content\/uploads\/2023\/08\/ALBERGA-EL-MUSEO-DE-LA-CIUDAD-DE-CUERNAVACA-A-LA-EXPOSICIO\u0301N-DE-LAS-OBRAS-MONUMENTALES-DE-ARTESANOS-MORELENSES-4-1023x1536.jpg 1023w, https:\/\/cuernavaca.gob.mx\/wp-content\/uploads\/2023\/08\/ALBERGA-EL-MUSEO-DE-LA-CIUDAD-DE-CUERNAVACA-A-LA-EXPOSICIO\u0301N-DE-LAS-OBRAS-MONUMENTALES-DE-ARTESANOS-MORELENSES-4-400x600.jpg 400w, https:\/\/cuernavaca.gob.mx\/wp-content\/uploads\/2023\/08\/ALBERGA-EL-MUSEO-DE-LA-CIUDAD-DE-CUERNAVACA-A-LA-EXPOSICIO\u0301N-DE-LAS-OBRAS-MONUMENTALES-DE-ARTESANOS-MORELENSES-4-373x560.jpg 373w, https:\/\/cuernavaca.gob.mx\/wp-content\/uploads\/2023\/08\/ALBERGA-EL-MUSEO-DE-LA-CIUDAD-DE-CUERNAVACA-A-LA-EXPOSICIO\u0301N-DE-LAS-OBRAS-MONUMENTALES-DE-ARTESANOS-MORELENSES-4.jpg 1066w\" sizes=\"(max-width: 200px) 100vw, 200px\" \/> <img loading=\"lazy\" class=\"alignnone size-medium wp-image-31797\" src=\"https:\/\/cuernavaca.gob.mx\/wp-content\/uploads\/2023\/08\/ALBERGA-EL-MUSEO-DE-LA-CIUDAD-DE-CUERNAVACA-A-LA-EXPOSICIO\u0301N-DE-LAS-OBRAS-MONUMENTALES-DE-ARTESANOS-MORELENSES-5-200x300.jpg\" alt=\"\" width=\"200\" height=\"300\" srcset=\"https:\/\/cuernavaca.gob.mx\/wp-content\/uploads\/2023\/08\/ALBERGA-EL-MUSEO-DE-LA-CIUDAD-DE-CUERNAVACA-A-LA-EXPOSICIO\u0301N-DE-LAS-OBRAS-MONUMENTALES-DE-ARTESANOS-MORELENSES-5-200x300.jpg 200w, https:\/\/cuernavaca.gob.mx\/wp-content\/uploads\/2023\/08\/ALBERGA-EL-MUSEO-DE-LA-CIUDAD-DE-CUERNAVACA-A-LA-EXPOSICIO\u0301N-DE-LAS-OBRAS-MONUMENTALES-DE-ARTESANOS-MORELENSES-5-682x1024.jpg 682w, https:\/\/cuernavaca.gob.mx\/wp-content\/uploads\/2023\/08\/ALBERGA-EL-MUSEO-DE-LA-CIUDAD-DE-CUERNAVACA-A-LA-EXPOSICIO\u0301N-DE-LAS-OBRAS-MONUMENTALES-DE-ARTESANOS-MORELENSES-5-768x1153.jpg 768w, https:\/\/cuernavaca.gob.mx\/wp-content\/uploads\/2023\/08\/ALBERGA-EL-MUSEO-DE-LA-CIUDAD-DE-CUERNAVACA-A-LA-EXPOSICIO\u0301N-DE-LAS-OBRAS-MONUMENTALES-DE-ARTESANOS-MORELENSES-5-1023x1536.jpg 1023w, https:\/\/cuernavaca.gob.mx\/wp-content\/uploads\/2023\/08\/ALBERGA-EL-MUSEO-DE-LA-CIUDAD-DE-CUERNAVACA-A-LA-EXPOSICIO\u0301N-DE-LAS-OBRAS-MONUMENTALES-DE-ARTESANOS-MORELENSES-5-400x600.jpg 400w, https:\/\/cuernavaca.gob.mx\/wp-content\/uploads\/2023\/08\/ALBERGA-EL-MUSEO-DE-LA-CIUDAD-DE-CUERNAVACA-A-LA-EXPOSICIO\u0301N-DE-LAS-OBRAS-MONUMENTALES-DE-ARTESANOS-MORELENSES-5-373x560.jpg 373w, https:\/\/cuernavaca.gob.mx\/wp-content\/uploads\/2023\/08\/ALBERGA-EL-MUSEO-DE-LA-CIUDAD-DE-CUERNAVACA-A-LA-EXPOSICIO\u0301N-DE-LAS-OBRAS-MONUMENTALES-DE-ARTESANOS-MORELENSES-5.jpg 1066w\" sizes=\"(max-width: 200px) 100vw, 200px\" \/> <img loading=\"lazy\" class=\"alignnone size-medium wp-image-31798\" src=\"https:\/\/cuernavaca.gob.mx\/wp-content\/uploads\/2023\/08\/ALBERGA-EL-MUSEO-DE-LA-CIUDAD-DE-CUERNAVACA-A-LA-EXPOSICIO\u0301N-DE-LAS-OBRAS-MONUMENTALES-DE-ARTESANOS-MORELENSES-6-300x200.jpg\" alt=\"\" width=\"300\" height=\"200\" srcset=\"https:\/\/cuernavaca.gob.mx\/wp-content\/uploads\/2023\/08\/ALBERGA-EL-MUSEO-DE-LA-CIUDAD-DE-CUERNAVACA-A-LA-EXPOSICIO\u0301N-DE-LAS-OBRAS-MONUMENTALES-DE-ARTESANOS-MORELENSES-6-300x200.jpg 300w, https:\/\/cuernavaca.gob.mx\/wp-content\/uploads\/2023\/08\/ALBERGA-EL-MUSEO-DE-LA-CIUDAD-DE-CUERNAVACA-A-LA-EXPOSICIO\u0301N-DE-LAS-OBRAS-MONUMENTALES-DE-ARTESANOS-MORELENSES-6-1024x682.jpg 1024w, https:\/\/cuernavaca.gob.mx\/wp-content\/uploads\/2023\/08\/ALBERGA-EL-MUSEO-DE-LA-CIUDAD-DE-CUERNAVACA-A-LA-EXPOSICIO\u0301N-DE-LAS-OBRAS-MONUMENTALES-DE-ARTESANOS-MORELENSES-6-768x512.jpg 768w, https:\/\/cuernavaca.gob.mx\/wp-content\/uploads\/2023\/08\/ALBERGA-EL-MUSEO-DE-LA-CIUDAD-DE-CUERNAVACA-A-LA-EXPOSICIO\u0301N-DE-LAS-OBRAS-MONUMENTALES-DE-ARTESANOS-MORELENSES-6-1536x1023.jpg 1536w, https:\/\/cuernavaca.gob.mx\/wp-content\/uploads\/2023\/08\/ALBERGA-EL-MUSEO-DE-LA-CIUDAD-DE-CUERNAVACA-A-LA-EXPOSICIO\u0301N-DE-LAS-OBRAS-MONUMENTALES-DE-ARTESANOS-MORELENSES-6-600x400.jpg 600w, https:\/\/cuernavaca.gob.mx\/wp-content\/uploads\/2023\/08\/ALBERGA-EL-MUSEO-DE-LA-CIUDAD-DE-CUERNAVACA-A-LA-EXPOSICIO\u0301N-DE-LAS-OBRAS-MONUMENTALES-DE-ARTESANOS-MORELENSES-6-560x373.jpg 560w, https:\/\/cuernavaca.gob.mx\/wp-content\/uploads\/2023\/08\/ALBERGA-EL-MUSEO-DE-LA-CIUDAD-DE-CUERNAVACA-A-LA-EXPOSICIO\u0301N-DE-LAS-OBRAS-MONUMENTALES-DE-ARTESANOS-MORELENSES-6.jpg 1600w\" sizes=\"(max-width: 300px) 100vw, 300px\" \/> <img loading=\"lazy\" class=\"alignnone size-medium wp-image-31799\" src=\"https:\/\/cuernavaca.gob.mx\/wp-content\/uploads\/2023\/08\/ALBERGA-EL-MUSEO-DE-LA-CIUDAD-DE-CUERNAVACA-A-LA-EXPOSICIO\u0301N-DE-LAS-OBRAS-MONUMENTALES-DE-ARTESANOS-MORELENSES-7-300x200.jpg\" alt=\"\" width=\"300\" height=\"200\" srcset=\"https:\/\/cuernavaca.gob.mx\/wp-content\/uploads\/2023\/08\/ALBERGA-EL-MUSEO-DE-LA-CIUDAD-DE-CUERNAVACA-A-LA-EXPOSICIO\u0301N-DE-LAS-OBRAS-MONUMENTALES-DE-ARTESANOS-MORELENSES-7-300x200.jpg 300w, https:\/\/cuernavaca.gob.mx\/wp-content\/uploads\/2023\/08\/ALBERGA-EL-MUSEO-DE-LA-CIUDAD-DE-CUERNAVACA-A-LA-EXPOSICIO\u0301N-DE-LAS-OBRAS-MONUMENTALES-DE-ARTESANOS-MORELENSES-7-1024x682.jpg 1024w, https:\/\/cuernavaca.gob.mx\/wp-content\/uploads\/2023\/08\/ALBERGA-EL-MUSEO-DE-LA-CIUDAD-DE-CUERNAVACA-A-LA-EXPOSICIO\u0301N-DE-LAS-OBRAS-MONUMENTALES-DE-ARTESANOS-MORELENSES-7-768x512.jpg 768w, https:\/\/cuernavaca.gob.mx\/wp-content\/uploads\/2023\/08\/ALBERGA-EL-MUSEO-DE-LA-CIUDAD-DE-CUERNAVACA-A-LA-EXPOSICIO\u0301N-DE-LAS-OBRAS-MONUMENTALES-DE-ARTESANOS-MORELENSES-7-1536x1023.jpg 1536w, https:\/\/cuernavaca.gob.mx\/wp-content\/uploads\/2023\/08\/ALBERGA-EL-MUSEO-DE-LA-CIUDAD-DE-CUERNAVACA-A-LA-EXPOSICIO\u0301N-DE-LAS-OBRAS-MONUMENTALES-DE-ARTESANOS-MORELENSES-7-600x400.jpg 600w, https:\/\/cuernavaca.gob.mx\/wp-content\/uploads\/2023\/08\/ALBERGA-EL-MUSEO-DE-LA-CIUDAD-DE-CUERNAVACA-A-LA-EXPOSICIO\u0301N-DE-LAS-OBRAS-MONUMENTALES-DE-ARTESANOS-MORELENSES-7-560x373.jpg 560w, https:\/\/cuernavaca.gob.mx\/wp-content\/uploads\/2023\/08\/ALBERGA-EL-MUSEO-DE-LA-CIUDAD-DE-CUERNAVACA-A-LA-EXPOSICIO\u0301N-DE-LAS-OBRAS-MONUMENTALES-DE-ARTESANOS-MORELENSES-7.jpg 1600w\" sizes=\"(max-width: 300px) 100vw, 300px\" \/> <img loading=\"lazy\" class=\"alignnone size-medium wp-image-31800\" src=\"https:\/\/cuernavaca.gob.mx\/wp-content\/uploads\/2023\/08\/ALBERGA-EL-MUSEO-DE-LA-CIUDAD-DE-CUERNAVACA-A-LA-EXPOSICIO\u0301N-DE-LAS-OBRAS-MONUMENTALES-DE-ARTESANOS-MORELENSES-8-200x300.jpg\" alt=\"\" width=\"200\" height=\"300\" srcset=\"https:\/\/cuernavaca.gob.mx\/wp-content\/uploads\/2023\/08\/ALBERGA-EL-MUSEO-DE-LA-CIUDAD-DE-CUERNAVACA-A-LA-EXPOSICIO\u0301N-DE-LAS-OBRAS-MONUMENTALES-DE-ARTESANOS-MORELENSES-8-200x300.jpg 200w, https:\/\/cuernavaca.gob.mx\/wp-content\/uploads\/2023\/08\/ALBERGA-EL-MUSEO-DE-LA-CIUDAD-DE-CUERNAVACA-A-LA-EXPOSICIO\u0301N-DE-LAS-OBRAS-MONUMENTALES-DE-ARTESANOS-MORELENSES-8-682x1024.jpg 682w, https:\/\/cuernavaca.gob.mx\/wp-content\/uploads\/2023\/08\/ALBERGA-EL-MUSEO-DE-LA-CIUDAD-DE-CUERNAVACA-A-LA-EXPOSICIO\u0301N-DE-LAS-OBRAS-MONUMENTALES-DE-ARTESANOS-MORELENSES-8-768x1153.jpg 768w, https:\/\/cuernavaca.gob.mx\/wp-content\/uploads\/2023\/08\/ALBERGA-EL-MUSEO-DE-LA-CIUDAD-DE-CUERNAVACA-A-LA-EXPOSICIO\u0301N-DE-LAS-OBRAS-MONUMENTALES-DE-ARTESANOS-MORELENSES-8-1023x1536.jpg 1023w, https:\/\/cuernavaca.gob.mx\/wp-content\/uploads\/2023\/08\/ALBERGA-EL-MUSEO-DE-LA-CIUDAD-DE-CUERNAVACA-A-LA-EXPOSICIO\u0301N-DE-LAS-OBRAS-MONUMENTALES-DE-ARTESANOS-MORELENSES-8-400x600.jpg 400w, https:\/\/cuernavaca.gob.mx\/wp-content\/uploads\/2023\/08\/ALBERGA-EL-MUSEO-DE-LA-CIUDAD-DE-CUERNAVACA-A-LA-EXPOSICIO\u0301N-DE-LAS-OBRAS-MONUMENTALES-DE-ARTESANOS-MORELENSES-8-373x560.jpg 373w, https:\/\/cuernavaca.gob.mx\/wp-content\/uploads\/2023\/08\/ALBERGA-EL-MUSEO-DE-LA-CIUDAD-DE-CUERNAVACA-A-LA-EXPOSICIO\u0301N-DE-LAS-OBRAS-MONUMENTALES-DE-ARTESANOS-MORELENSES-8.jpg 1066w\" sizes=\"(max-width: 200px) 100vw, 200px\" \/> <img loading=\"lazy\" class=\"alignnone size-medium wp-image-31801\" src=\"https:\/\/cuernavaca.gob.mx\/wp-content\/uploads\/2023\/08\/ALBERGA-EL-MUSEO-DE-LA-CIUDAD-DE-CUERNAVACA-A-LA-EXPOSICIO\u0301N-DE-LAS-OBRAS-MONUMENTALES-DE-ARTESANOS-MORELENSES-9-300x200.jpg\" alt=\"\" width=\"300\" height=\"200\" srcset=\"https:\/\/cuernavaca.gob.mx\/wp-content\/uploads\/2023\/08\/ALBERGA-EL-MUSEO-DE-LA-CIUDAD-DE-CUERNAVACA-A-LA-EXPOSICIO\u0301N-DE-LAS-OBRAS-MONUMENTALES-DE-ARTESANOS-MORELENSES-9-300x200.jpg 300w, https:\/\/cuernavaca.gob.mx\/wp-content\/uploads\/2023\/08\/ALBERGA-EL-MUSEO-DE-LA-CIUDAD-DE-CUERNAVACA-A-LA-EXPOSICIO\u0301N-DE-LAS-OBRAS-MONUMENTALES-DE-ARTESANOS-MORELENSES-9-1024x682.jpg 1024w, https:\/\/cuernavaca.gob.mx\/wp-content\/uploads\/2023\/08\/ALBERGA-EL-MUSEO-DE-LA-CIUDAD-DE-CUERNAVACA-A-LA-EXPOSICIO\u0301N-DE-LAS-OBRAS-MONUMENTALES-DE-ARTESANOS-MORELENSES-9-768x512.jpg 768w, https:\/\/cuernavaca.gob.mx\/wp-content\/uploads\/2023\/08\/ALBERGA-EL-MUSEO-DE-LA-CIUDAD-DE-CUERNAVACA-A-LA-EXPOSICIO\u0301N-DE-LAS-OBRAS-MONUMENTALES-DE-ARTESANOS-MORELENSES-9-1536x1023.jpg 1536w, https:\/\/cuernavaca.gob.mx\/wp-content\/uploads\/2023\/08\/ALBERGA-EL-MUSEO-DE-LA-CIUDAD-DE-CUERNAVACA-A-LA-EXPOSICIO\u0301N-DE-LAS-OBRAS-MONUMENTALES-DE-ARTESANOS-MORELENSES-9-600x400.jpg 600w, https:\/\/cuernavaca.gob.mx\/wp-content\/uploads\/2023\/08\/ALBERGA-EL-MUSEO-DE-LA-CIUDAD-DE-CUERNAVACA-A-LA-EXPOSICIO\u0301N-DE-LAS-OBRAS-MONUMENTALES-DE-ARTESANOS-MORELENSES-9-560x373.jpg 560w, https:\/\/cuernavaca.gob.mx\/wp-content\/uploads\/2023\/08\/ALBERGA-EL-MUSEO-DE-LA-CIUDAD-DE-CUERNAVACA-A-LA-EXPOSICIO\u0301N-DE-LAS-OBRAS-MONUMENTALES-DE-ARTESANOS-MORELENSES-9.jpg 1600w\" sizes=\"(max-width: 300px) 100vw, 300px\" \/><\/p>\n","protected":false},"excerpt":{"rendered":"<p>\u2022 Son cuatro piezas monumentales hechas a base de cartoner\u00eda que conjugan otras t\u00e9cnicas innovadoras para hacerlas m\u00e1s l\u00fadicas, impulsando la preservaci\u00f3n de la memoria hist\u00f3rica del pa\u00eds a trav\u00e9s del arte \u2022 Fueron hechas por el colectivo Yolotl a cargo de Bel\u00e9n Gabriela S\u00e1nchez, as\u00ed como de Eduardo Mendoza, quien hizo la convocatoria para [&hellip;]<\/p>\n","protected":false},"author":1,"featured_media":31794,"comment_status":"closed","ping_status":"open","sticky":false,"template":"","format":"standard","meta":[],"categories":[2292],"tags":[1300,3152,2132,2989,121,190,120,206,844,2399],"aioseo_notices":[],"_links":{"self":[{"href":"https:\/\/cuernavaca.gob.mx\/index.php?rest_route=\/wp\/v2\/posts\/31793"}],"collection":[{"href":"https:\/\/cuernavaca.gob.mx\/index.php?rest_route=\/wp\/v2\/posts"}],"about":[{"href":"https:\/\/cuernavaca.gob.mx\/index.php?rest_route=\/wp\/v2\/types\/post"}],"author":[{"embeddable":true,"href":"https:\/\/cuernavaca.gob.mx\/index.php?rest_route=\/wp\/v2\/users\/1"}],"replies":[{"embeddable":true,"href":"https:\/\/cuernavaca.gob.mx\/index.php?rest_route=%2Fwp%2Fv2%2Fcomments&post=31793"}],"version-history":[{"count":1,"href":"https:\/\/cuernavaca.gob.mx\/index.php?rest_route=\/wp\/v2\/posts\/31793\/revisions"}],"predecessor-version":[{"id":31802,"href":"https:\/\/cuernavaca.gob.mx\/index.php?rest_route=\/wp\/v2\/posts\/31793\/revisions\/31802"}],"wp:featuredmedia":[{"embeddable":true,"href":"https:\/\/cuernavaca.gob.mx\/index.php?rest_route=\/wp\/v2\/media\/31794"}],"wp:attachment":[{"href":"https:\/\/cuernavaca.gob.mx\/index.php?rest_route=%2Fwp%2Fv2%2Fmedia&parent=31793"}],"wp:term":[{"taxonomy":"category","embeddable":true,"href":"https:\/\/cuernavaca.gob.mx\/index.php?rest_route=%2Fwp%2Fv2%2Fcategories&post=31793"},{"taxonomy":"post_tag","embeddable":true,"href":"https:\/\/cuernavaca.gob.mx\/index.php?rest_route=%2Fwp%2Fv2%2Ftags&post=31793"}],"curies":[{"name":"wp","href":"https:\/\/api.w.org\/{rel}","templated":true}]}}