{"id":32039,"date":"2023-08-31T15:45:10","date_gmt":"2023-08-31T21:45:10","guid":{"rendered":"https:\/\/cuernavaca.gob.mx\/?p=32039"},"modified":"2025-05-06T14:09:35","modified_gmt":"2025-05-06T20:09:35","slug":"31-08-23-confirman-sapac-y-la-secretaria-de-desarrollo-urbano-y-obras-la-conclusion-de-los-primeros-9-pozos-rehabilitados-en-cuernavaca","status":"publish","type":"post","link":"https:\/\/cuernavaca.gob.mx\/?p=32039","title":{"rendered":"31\/08\/23 CONFIRMAN SAPAC Y LA SECRETAR\u00cdA DE DESARROLLO URBANO Y OBRAS LA CONCLUSI\u00d3N DE LOS PRIMEROS 9 POZOS REHABILITADOS EN CUERNAVACA"},"content":{"rendered":"<p><strong>\u2022 Al d\u00eda de hoy, asciende a 7 millones de pesos el monto de inversi\u00f3n en dichos trabajos.<\/strong><\/p>\n<p><strong>\u2022 *Este jueves inician los trabajos en el pozo Barona 3 y programan para la pr\u00f3xima semana las acciones en Lomas de Ahuatl\u00e1n y La Ca\u00f1ada.<\/strong><\/p>\n<p>El Sistema de Agua Potable y Alcantarillado de Cuernavaca (SAPAC) y la Secretar\u00eda de Desarrollo Urbano y Obras P\u00fablicas del Ayuntamiento de Cuernavaca, anunciaron la conclusi\u00f3n de los trabajos de rehabilitaci\u00f3n de 9 pozos de los 22 contemplados como parte de las acciones de rehabilitaci\u00f3n y modernizaci\u00f3n que emprende el Ayuntamiento capitalino, sumando al momento, una inversi\u00f3n mayor de 7 millones de pesos.<\/p>\n<p>La Directora General del SAPAC, Evelia Flores Hern\u00e1ndez, calific\u00f3 como de primer nivel, los trabajos desarrollados a cargo de los funcionarios y equipo de ingenieros que se encuentran al frente de este programa, que, sin duda alguna, ser\u00e1n de beneficio para la ciudadan\u00eda al contribuir en la mejora del servicio de distribuci\u00f3n del agua.<\/p>\n<p>Por su parte el titular de la Secretar\u00eda de Desarrollo Urbano y Obras P\u00fablicas, Demetrio Chavira de la Torre, destac\u00f3 el apoyo del alcalde Jos\u00e9 Luis Uri\u00f3stegui Salgado, en el desarrollo de este programa, informando que al momento se ha ejecutado una inversi\u00f3n de 7 millones 83 mil 221 pesos con 45 centavos, en los trabajos de los pozos Delicias Privada, Tres Cruces, Tetela del Monte, Rancho Cortes 2 barranca, Bosques IMSS, Ocotepec 2, Texcaltepec, Lagunilla 1 y Chipitl\u00e1n 1.<\/p>\n<p>En lo que respecta a los resultados de recuperaci\u00f3n de las 3 fuentes de abastecimiento entregadas recientemente, el Director Operativo del SAPAC, Dante Figueroa Castelar, dio a conocer que en el pozo Chipitl\u00e1n 1, se recuper\u00f3 el 30 % del volumen de agua, al pasar de 7 a 9 litros por segundo, mientras que en Ocotepec 2, se recuper\u00f3 15%, al pasar de 17 a 19 l\/s y 10% en Lagunilla 1, al pasar de 19 a 21 l\/s.<\/p>\n<p>Asimismo, dijo que hoy se inician con los trabajos en el pozo Antonio Barona 3, que cubre a una poblaci\u00f3n de alrededor de 6 mil habitantes, contemplado para el pr\u00f3ximo lunes, las labores en la fuente de abastecimiento Lomas de Ahuatl\u00e1n, con m\u00e1s de 8 mil habitantes, mientras que a mediados de la siguiente semana se programa en La Ca\u00f1ada, donde se tiene 600 habitantes.<\/p>\n<p>Finalmente, Dante Figueroa, resalt\u00f3, se ha implementado una log\u00edstica para abastecer a las diferentes colonias donde sus pozos ser\u00e1n intervenidos, con fuentes aleda\u00f1as, garantizando as\u00ed el abastecimiento del vital l\u00edquido, no obstante, contin\u00fao con el llamado a la ciudadan\u00eda para que realicen un consumo responsable de dicho recurso.<\/p>\n<p><img loading=\"lazy\" class=\"alignnone size-medium wp-image-32040\" src=\"https:\/\/cuernavaca.gob.mx\/wp-content\/uploads\/2023\/08\/CONFIRMAN-SAPAC-Y-LA-SECRETARI\u0301A-DE-DESARROLLO-URBANO-Y-OBRAS-LA-CONCLUSIO\u0301N-DE-LOS-PRIMEROS-9-POZOS-REHABILITADOS-EN-CUERNAVACA-1-300x225.jpg\" alt=\"\" width=\"300\" height=\"225\" srcset=\"https:\/\/cuernavaca.gob.mx\/wp-content\/uploads\/2023\/08\/CONFIRMAN-SAPAC-Y-LA-SECRETARI\u0301A-DE-DESARROLLO-URBANO-Y-OBRAS-LA-CONCLUSIO\u0301N-DE-LOS-PRIMEROS-9-POZOS-REHABILITADOS-EN-CUERNAVACA-1-300x225.jpg 300w, https:\/\/cuernavaca.gob.mx\/wp-content\/uploads\/2023\/08\/CONFIRMAN-SAPAC-Y-LA-SECRETARI\u0301A-DE-DESARROLLO-URBANO-Y-OBRAS-LA-CONCLUSIO\u0301N-DE-LOS-PRIMEROS-9-POZOS-REHABILITADOS-EN-CUERNAVACA-1-1024x768.jpg 1024w, https:\/\/cuernavaca.gob.mx\/wp-content\/uploads\/2023\/08\/CONFIRMAN-SAPAC-Y-LA-SECRETARI\u0301A-DE-DESARROLLO-URBANO-Y-OBRAS-LA-CONCLUSIO\u0301N-DE-LOS-PRIMEROS-9-POZOS-REHABILITADOS-EN-CUERNAVACA-1-768x576.jpg 768w, https:\/\/cuernavaca.gob.mx\/wp-content\/uploads\/2023\/08\/CONFIRMAN-SAPAC-Y-LA-SECRETARI\u0301A-DE-DESARROLLO-URBANO-Y-OBRAS-LA-CONCLUSIO\u0301N-DE-LOS-PRIMEROS-9-POZOS-REHABILITADOS-EN-CUERNAVACA-1-1536x1152.jpg 1536w, https:\/\/cuernavaca.gob.mx\/wp-content\/uploads\/2023\/08\/CONFIRMAN-SAPAC-Y-LA-SECRETARI\u0301A-DE-DESARROLLO-URBANO-Y-OBRAS-LA-CONCLUSIO\u0301N-DE-LOS-PRIMEROS-9-POZOS-REHABILITADOS-EN-CUERNAVACA-1-600x450.jpg 600w, https:\/\/cuernavaca.gob.mx\/wp-content\/uploads\/2023\/08\/CONFIRMAN-SAPAC-Y-LA-SECRETARI\u0301A-DE-DESARROLLO-URBANO-Y-OBRAS-LA-CONCLUSIO\u0301N-DE-LOS-PRIMEROS-9-POZOS-REHABILITADOS-EN-CUERNAVACA-1-560x420.jpg 560w, https:\/\/cuernavaca.gob.mx\/wp-content\/uploads\/2023\/08\/CONFIRMAN-SAPAC-Y-LA-SECRETARI\u0301A-DE-DESARROLLO-URBANO-Y-OBRAS-LA-CONCLUSIO\u0301N-DE-LOS-PRIMEROS-9-POZOS-REHABILITADOS-EN-CUERNAVACA-1.jpg 1600w\" sizes=\"(max-width: 300px) 100vw, 300px\" \/> <img loading=\"lazy\" class=\"alignnone size-medium wp-image-32041\" src=\"https:\/\/cuernavaca.gob.mx\/wp-content\/uploads\/2023\/08\/CONFIRMAN-SAPAC-Y-LA-SECRETARI\u0301A-DE-DESARROLLO-URBANO-Y-OBRAS-LA-CONCLUSIO\u0301N-DE-LOS-PRIMEROS-9-POZOS-REHABILITADOS-EN-CUERNAVACA-2-300x200.jpg\" alt=\"\" width=\"300\" height=\"200\" srcset=\"https:\/\/cuernavaca.gob.mx\/wp-content\/uploads\/2023\/08\/CONFIRMAN-SAPAC-Y-LA-SECRETARI\u0301A-DE-DESARROLLO-URBANO-Y-OBRAS-LA-CONCLUSIO\u0301N-DE-LOS-PRIMEROS-9-POZOS-REHABILITADOS-EN-CUERNAVACA-2-300x200.jpg 300w, https:\/\/cuernavaca.gob.mx\/wp-content\/uploads\/2023\/08\/CONFIRMAN-SAPAC-Y-LA-SECRETARI\u0301A-DE-DESARROLLO-URBANO-Y-OBRAS-LA-CONCLUSIO\u0301N-DE-LOS-PRIMEROS-9-POZOS-REHABILITADOS-EN-CUERNAVACA-2-1024x683.jpg 1024w, https:\/\/cuernavaca.gob.mx\/wp-content\/uploads\/2023\/08\/CONFIRMAN-SAPAC-Y-LA-SECRETARI\u0301A-DE-DESARROLLO-URBANO-Y-OBRAS-LA-CONCLUSIO\u0301N-DE-LOS-PRIMEROS-9-POZOS-REHABILITADOS-EN-CUERNAVACA-2-768x512.jpg 768w, https:\/\/cuernavaca.gob.mx\/wp-content\/uploads\/2023\/08\/CONFIRMAN-SAPAC-Y-LA-SECRETARI\u0301A-DE-DESARROLLO-URBANO-Y-OBRAS-LA-CONCLUSIO\u0301N-DE-LOS-PRIMEROS-9-POZOS-REHABILITADOS-EN-CUERNAVACA-2-1536x1024.jpg 1536w, https:\/\/cuernavaca.gob.mx\/wp-content\/uploads\/2023\/08\/CONFIRMAN-SAPAC-Y-LA-SECRETARI\u0301A-DE-DESARROLLO-URBANO-Y-OBRAS-LA-CONCLUSIO\u0301N-DE-LOS-PRIMEROS-9-POZOS-REHABILITADOS-EN-CUERNAVACA-2-600x400.jpg 600w, https:\/\/cuernavaca.gob.mx\/wp-content\/uploads\/2023\/08\/CONFIRMAN-SAPAC-Y-LA-SECRETARI\u0301A-DE-DESARROLLO-URBANO-Y-OBRAS-LA-CONCLUSIO\u0301N-DE-LOS-PRIMEROS-9-POZOS-REHABILITADOS-EN-CUERNAVACA-2-560x373.jpg 560w, https:\/\/cuernavaca.gob.mx\/wp-content\/uploads\/2023\/08\/CONFIRMAN-SAPAC-Y-LA-SECRETARI\u0301A-DE-DESARROLLO-URBANO-Y-OBRAS-LA-CONCLUSIO\u0301N-DE-LOS-PRIMEROS-9-POZOS-REHABILITADOS-EN-CUERNAVACA-2.jpg 1599w\" sizes=\"(max-width: 300px) 100vw, 300px\" \/> <img loading=\"lazy\" class=\"alignnone size-medium wp-image-32042\" src=\"https:\/\/cuernavaca.gob.mx\/wp-content\/uploads\/2023\/08\/CONFIRMAN-SAPAC-Y-LA-SECRETARI\u0301A-DE-DESARROLLO-URBANO-Y-OBRAS-LA-CONCLUSIO\u0301N-DE-LOS-PRIMEROS-9-POZOS-REHABILITADOS-EN-CUERNAVACA-3-300x200.jpg\" alt=\"\" width=\"300\" height=\"200\" srcset=\"https:\/\/cuernavaca.gob.mx\/wp-content\/uploads\/2023\/08\/CONFIRMAN-SAPAC-Y-LA-SECRETARI\u0301A-DE-DESARROLLO-URBANO-Y-OBRAS-LA-CONCLUSIO\u0301N-DE-LOS-PRIMEROS-9-POZOS-REHABILITADOS-EN-CUERNAVACA-3-300x200.jpg 300w, https:\/\/cuernavaca.gob.mx\/wp-content\/uploads\/2023\/08\/CONFIRMAN-SAPAC-Y-LA-SECRETARI\u0301A-DE-DESARROLLO-URBANO-Y-OBRAS-LA-CONCLUSIO\u0301N-DE-LOS-PRIMEROS-9-POZOS-REHABILITADOS-EN-CUERNAVACA-3-1024x683.jpg 1024w, https:\/\/cuernavaca.gob.mx\/wp-content\/uploads\/2023\/08\/CONFIRMAN-SAPAC-Y-LA-SECRETARI\u0301A-DE-DESARROLLO-URBANO-Y-OBRAS-LA-CONCLUSIO\u0301N-DE-LOS-PRIMEROS-9-POZOS-REHABILITADOS-EN-CUERNAVACA-3-768x512.jpg 768w, https:\/\/cuernavaca.gob.mx\/wp-content\/uploads\/2023\/08\/CONFIRMAN-SAPAC-Y-LA-SECRETARI\u0301A-DE-DESARROLLO-URBANO-Y-OBRAS-LA-CONCLUSIO\u0301N-DE-LOS-PRIMEROS-9-POZOS-REHABILITADOS-EN-CUERNAVACA-3-1536x1024.jpg 1536w, https:\/\/cuernavaca.gob.mx\/wp-content\/uploads\/2023\/08\/CONFIRMAN-SAPAC-Y-LA-SECRETARI\u0301A-DE-DESARROLLO-URBANO-Y-OBRAS-LA-CONCLUSIO\u0301N-DE-LOS-PRIMEROS-9-POZOS-REHABILITADOS-EN-CUERNAVACA-3-600x400.jpg 600w, https:\/\/cuernavaca.gob.mx\/wp-content\/uploads\/2023\/08\/CONFIRMAN-SAPAC-Y-LA-SECRETARI\u0301A-DE-DESARROLLO-URBANO-Y-OBRAS-LA-CONCLUSIO\u0301N-DE-LOS-PRIMEROS-9-POZOS-REHABILITADOS-EN-CUERNAVACA-3-560x373.jpg 560w, https:\/\/cuernavaca.gob.mx\/wp-content\/uploads\/2023\/08\/CONFIRMAN-SAPAC-Y-LA-SECRETARI\u0301A-DE-DESARROLLO-URBANO-Y-OBRAS-LA-CONCLUSIO\u0301N-DE-LOS-PRIMEROS-9-POZOS-REHABILITADOS-EN-CUERNAVACA-3.jpg 1599w\" sizes=\"(max-width: 300px) 100vw, 300px\" \/> <img loading=\"lazy\" class=\"alignnone size-medium wp-image-32043\" src=\"https:\/\/cuernavaca.gob.mx\/wp-content\/uploads\/2023\/08\/CONFIRMAN-SAPAC-Y-LA-SECRETARI\u0301A-DE-DESARROLLO-URBANO-Y-OBRAS-LA-CONCLUSIO\u0301N-DE-LOS-PRIMEROS-9-POZOS-REHABILITADOS-EN-CUERNAVACA-4-300x169.jpg\" alt=\"\" width=\"300\" height=\"169\" srcset=\"https:\/\/cuernavaca.gob.mx\/wp-content\/uploads\/2023\/08\/CONFIRMAN-SAPAC-Y-LA-SECRETARI\u0301A-DE-DESARROLLO-URBANO-Y-OBRAS-LA-CONCLUSIO\u0301N-DE-LOS-PRIMEROS-9-POZOS-REHABILITADOS-EN-CUERNAVACA-4-300x169.jpg 300w, https:\/\/cuernavaca.gob.mx\/wp-content\/uploads\/2023\/08\/CONFIRMAN-SAPAC-Y-LA-SECRETARI\u0301A-DE-DESARROLLO-URBANO-Y-OBRAS-LA-CONCLUSIO\u0301N-DE-LOS-PRIMEROS-9-POZOS-REHABILITADOS-EN-CUERNAVACA-4-1024x576.jpg 1024w, https:\/\/cuernavaca.gob.mx\/wp-content\/uploads\/2023\/08\/CONFIRMAN-SAPAC-Y-LA-SECRETARI\u0301A-DE-DESARROLLO-URBANO-Y-OBRAS-LA-CONCLUSIO\u0301N-DE-LOS-PRIMEROS-9-POZOS-REHABILITADOS-EN-CUERNAVACA-4-768x432.jpg 768w, https:\/\/cuernavaca.gob.mx\/wp-content\/uploads\/2023\/08\/CONFIRMAN-SAPAC-Y-LA-SECRETARI\u0301A-DE-DESARROLLO-URBANO-Y-OBRAS-LA-CONCLUSIO\u0301N-DE-LOS-PRIMEROS-9-POZOS-REHABILITADOS-EN-CUERNAVACA-4-1536x864.jpg 1536w, https:\/\/cuernavaca.gob.mx\/wp-content\/uploads\/2023\/08\/CONFIRMAN-SAPAC-Y-LA-SECRETARI\u0301A-DE-DESARROLLO-URBANO-Y-OBRAS-LA-CONCLUSIO\u0301N-DE-LOS-PRIMEROS-9-POZOS-REHABILITADOS-EN-CUERNAVACA-4-600x338.jpg 600w, https:\/\/cuernavaca.gob.mx\/wp-content\/uploads\/2023\/08\/CONFIRMAN-SAPAC-Y-LA-SECRETARI\u0301A-DE-DESARROLLO-URBANO-Y-OBRAS-LA-CONCLUSIO\u0301N-DE-LOS-PRIMEROS-9-POZOS-REHABILITADOS-EN-CUERNAVACA-4-560x315.jpg 560w, https:\/\/cuernavaca.gob.mx\/wp-content\/uploads\/2023\/08\/CONFIRMAN-SAPAC-Y-LA-SECRETARI\u0301A-DE-DESARROLLO-URBANO-Y-OBRAS-LA-CONCLUSIO\u0301N-DE-LOS-PRIMEROS-9-POZOS-REHABILITADOS-EN-CUERNAVACA-4.jpg 1600w\" sizes=\"(max-width: 300px) 100vw, 300px\" \/> <img loading=\"lazy\" class=\"alignnone size-medium wp-image-32044\" src=\"https:\/\/cuernavaca.gob.mx\/wp-content\/uploads\/2023\/08\/CONFIRMAN-SAPAC-Y-LA-SECRETARI\u0301A-DE-DESARROLLO-URBANO-Y-OBRAS-LA-CONCLUSIO\u0301N-DE-LOS-PRIMEROS-9-POZOS-REHABILITADOS-EN-CUERNAVACA-5-300x200.jpg\" alt=\"\" width=\"300\" height=\"200\" srcset=\"https:\/\/cuernavaca.gob.mx\/wp-content\/uploads\/2023\/08\/CONFIRMAN-SAPAC-Y-LA-SECRETARI\u0301A-DE-DESARROLLO-URBANO-Y-OBRAS-LA-CONCLUSIO\u0301N-DE-LOS-PRIMEROS-9-POZOS-REHABILITADOS-EN-CUERNAVACA-5-300x200.jpg 300w, https:\/\/cuernavaca.gob.mx\/wp-content\/uploads\/2023\/08\/CONFIRMAN-SAPAC-Y-LA-SECRETARI\u0301A-DE-DESARROLLO-URBANO-Y-OBRAS-LA-CONCLUSIO\u0301N-DE-LOS-PRIMEROS-9-POZOS-REHABILITADOS-EN-CUERNAVACA-5-1024x683.jpg 1024w, https:\/\/cuernavaca.gob.mx\/wp-content\/uploads\/2023\/08\/CONFIRMAN-SAPAC-Y-LA-SECRETARI\u0301A-DE-DESARROLLO-URBANO-Y-OBRAS-LA-CONCLUSIO\u0301N-DE-LOS-PRIMEROS-9-POZOS-REHABILITADOS-EN-CUERNAVACA-5-768x512.jpg 768w, https:\/\/cuernavaca.gob.mx\/wp-content\/uploads\/2023\/08\/CONFIRMAN-SAPAC-Y-LA-SECRETARI\u0301A-DE-DESARROLLO-URBANO-Y-OBRAS-LA-CONCLUSIO\u0301N-DE-LOS-PRIMEROS-9-POZOS-REHABILITADOS-EN-CUERNAVACA-5-1536x1024.jpg 1536w, https:\/\/cuernavaca.gob.mx\/wp-content\/uploads\/2023\/08\/CONFIRMAN-SAPAC-Y-LA-SECRETARI\u0301A-DE-DESARROLLO-URBANO-Y-OBRAS-LA-CONCLUSIO\u0301N-DE-LOS-PRIMEROS-9-POZOS-REHABILITADOS-EN-CUERNAVACA-5-600x400.jpg 600w, https:\/\/cuernavaca.gob.mx\/wp-content\/uploads\/2023\/08\/CONFIRMAN-SAPAC-Y-LA-SECRETARI\u0301A-DE-DESARROLLO-URBANO-Y-OBRAS-LA-CONCLUSIO\u0301N-DE-LOS-PRIMEROS-9-POZOS-REHABILITADOS-EN-CUERNAVACA-5-560x373.jpg 560w, https:\/\/cuernavaca.gob.mx\/wp-content\/uploads\/2023\/08\/CONFIRMAN-SAPAC-Y-LA-SECRETARI\u0301A-DE-DESARROLLO-URBANO-Y-OBRAS-LA-CONCLUSIO\u0301N-DE-LOS-PRIMEROS-9-POZOS-REHABILITADOS-EN-CUERNAVACA-5.jpg 1599w\" sizes=\"(max-width: 300px) 100vw, 300px\" \/> <img loading=\"lazy\" class=\"alignnone size-medium wp-image-32045\" src=\"https:\/\/cuernavaca.gob.mx\/wp-content\/uploads\/2023\/08\/CONFIRMAN-SAPAC-Y-LA-SECRETARI\u0301A-DE-DESARROLLO-URBANO-Y-OBRAS-LA-CONCLUSIO\u0301N-DE-LOS-PRIMEROS-9-POZOS-REHABILITADOS-EN-CUERNAVACA-6-300x200.jpg\" alt=\"\" width=\"300\" height=\"200\" srcset=\"https:\/\/cuernavaca.gob.mx\/wp-content\/uploads\/2023\/08\/CONFIRMAN-SAPAC-Y-LA-SECRETARI\u0301A-DE-DESARROLLO-URBANO-Y-OBRAS-LA-CONCLUSIO\u0301N-DE-LOS-PRIMEROS-9-POZOS-REHABILITADOS-EN-CUERNAVACA-6-300x200.jpg 300w, https:\/\/cuernavaca.gob.mx\/wp-content\/uploads\/2023\/08\/CONFIRMAN-SAPAC-Y-LA-SECRETARI\u0301A-DE-DESARROLLO-URBANO-Y-OBRAS-LA-CONCLUSIO\u0301N-DE-LOS-PRIMEROS-9-POZOS-REHABILITADOS-EN-CUERNAVACA-6-1024x683.jpg 1024w, https:\/\/cuernavaca.gob.mx\/wp-content\/uploads\/2023\/08\/CONFIRMAN-SAPAC-Y-LA-SECRETARI\u0301A-DE-DESARROLLO-URBANO-Y-OBRAS-LA-CONCLUSIO\u0301N-DE-LOS-PRIMEROS-9-POZOS-REHABILITADOS-EN-CUERNAVACA-6-768x512.jpg 768w, https:\/\/cuernavaca.gob.mx\/wp-content\/uploads\/2023\/08\/CONFIRMAN-SAPAC-Y-LA-SECRETARI\u0301A-DE-DESARROLLO-URBANO-Y-OBRAS-LA-CONCLUSIO\u0301N-DE-LOS-PRIMEROS-9-POZOS-REHABILITADOS-EN-CUERNAVACA-6-1536x1024.jpg 1536w, https:\/\/cuernavaca.gob.mx\/wp-content\/uploads\/2023\/08\/CONFIRMAN-SAPAC-Y-LA-SECRETARI\u0301A-DE-DESARROLLO-URBANO-Y-OBRAS-LA-CONCLUSIO\u0301N-DE-LOS-PRIMEROS-9-POZOS-REHABILITADOS-EN-CUERNAVACA-6-600x400.jpg 600w, https:\/\/cuernavaca.gob.mx\/wp-content\/uploads\/2023\/08\/CONFIRMAN-SAPAC-Y-LA-SECRETARI\u0301A-DE-DESARROLLO-URBANO-Y-OBRAS-LA-CONCLUSIO\u0301N-DE-LOS-PRIMEROS-9-POZOS-REHABILITADOS-EN-CUERNAVACA-6-560x373.jpg 560w, https:\/\/cuernavaca.gob.mx\/wp-content\/uploads\/2023\/08\/CONFIRMAN-SAPAC-Y-LA-SECRETARI\u0301A-DE-DESARROLLO-URBANO-Y-OBRAS-LA-CONCLUSIO\u0301N-DE-LOS-PRIMEROS-9-POZOS-REHABILITADOS-EN-CUERNAVACA-6.jpg 1599w\" sizes=\"(max-width: 300px) 100vw, 300px\" \/><\/p>\n","protected":false},"excerpt":{"rendered":"<p>\u2022 Al d\u00eda de hoy, asciende a 7 millones de pesos el monto de inversi\u00f3n en dichos trabajos. \u2022 *Este jueves inician los trabajos en el pozo Barona 3 y programan para la pr\u00f3xima semana las acciones en Lomas de Ahuatl\u00e1n y La Ca\u00f1ada. El Sistema de Agua Potable y Alcantarillado de Cuernavaca (SAPAC) y [&hellip;]<\/p>\n","protected":false},"author":1,"featured_media":32040,"comment_status":"closed","ping_status":"open","sticky":false,"template":"","format":"standard","meta":[],"categories":[145],"tags":[395,615,121,120,206,942,2878,3287,3288],"aioseo_notices":[],"_links":{"self":[{"href":"https:\/\/cuernavaca.gob.mx\/index.php?rest_route=\/wp\/v2\/posts\/32039"}],"collection":[{"href":"https:\/\/cuernavaca.gob.mx\/index.php?rest_route=\/wp\/v2\/posts"}],"about":[{"href":"https:\/\/cuernavaca.gob.mx\/index.php?rest_route=\/wp\/v2\/types\/post"}],"author":[{"embeddable":true,"href":"https:\/\/cuernavaca.gob.mx\/index.php?rest_route=\/wp\/v2\/users\/1"}],"replies":[{"embeddable":true,"href":"https:\/\/cuernavaca.gob.mx\/index.php?rest_route=%2Fwp%2Fv2%2Fcomments&post=32039"}],"version-history":[{"count":1,"href":"https:\/\/cuernavaca.gob.mx\/index.php?rest_route=\/wp\/v2\/posts\/32039\/revisions"}],"predecessor-version":[{"id":32046,"href":"https:\/\/cuernavaca.gob.mx\/index.php?rest_route=\/wp\/v2\/posts\/32039\/revisions\/32046"}],"wp:featuredmedia":[{"embeddable":true,"href":"https:\/\/cuernavaca.gob.mx\/index.php?rest_route=\/wp\/v2\/media\/32040"}],"wp:attachment":[{"href":"https:\/\/cuernavaca.gob.mx\/index.php?rest_route=%2Fwp%2Fv2%2Fmedia&parent=32039"}],"wp:term":[{"taxonomy":"category","embeddable":true,"href":"https:\/\/cuernavaca.gob.mx\/index.php?rest_route=%2Fwp%2Fv2%2Fcategories&post=32039"},{"taxonomy":"post_tag","embeddable":true,"href":"https:\/\/cuernavaca.gob.mx\/index.php?rest_route=%2Fwp%2Fv2%2Ftags&post=32039"}],"curies":[{"name":"wp","href":"https:\/\/api.w.org\/{rel}","templated":true}]}}