{"id":32263,"date":"2023-09-06T10:37:49","date_gmt":"2023-09-06T16:37:49","guid":{"rendered":"https:\/\/cuernavaca.gob.mx\/?p=32263"},"modified":"2025-05-06T14:10:03","modified_gmt":"2025-05-06T20:10:03","slug":"f496-06-09-23-fomenta-ayuntamiento-de-cuernavaca-el-patriotismo-entre-la-sociedad","status":"publish","type":"post","link":"https:\/\/cuernavaca.gob.mx\/?p=32263","title":{"rendered":"F496 06\/09\/23 FOMENTA AYUNTAMIENTO DE CUERNAVACA EL PATRIOTISMO ENTRE LA SOCIEDAD"},"content":{"rendered":"<p>En el marco del CCXIII Aniversario del Inicio de la Independencia de M\u00e9xico, el regidor presidente de las Comisiones de Planificaci\u00f3n y Desarrollo, Bienestar Social y Desarrollo Econ\u00f3mico del Ayuntamiento de Cuernavaca, V\u00edctor Manzo God\u00ednez y la directora General del Sistema de Agua Potable y Alcantarillado de Cuernavaca (SAPAC), Evelia Flores Hern\u00e1ndez, encabezaron este mi\u00e9rcoles la ceremonia de izamiento y honores al l\u00e1baro patrio.<\/p>\n<p>Teniendo como escenario el patio de la sede Papagayo, inici\u00f3 este acto c\u00edvico donde acompa\u00f1ados de directores y personal adscrito a las diferentes \u00e1reas operativas de sus dependencias entonaron el Himno Nacional al pie de la bandera tricolor que fue entregada por una escolta conformada por trabajadoras y trabajadores de SAPAC.<\/p>\n<p>Con estas actividades que iniciaron desde el pasado 01 de septiembre el Gobierno Municipal busca poner en pr\u00e1ctica uno de los valores fundamentales para todo mexicano que es el patriotismo; las ceremonias c\u00edvicas continuar\u00e1n hasta el 15 de septiembre, la cual ser\u00e1 encabezada por el presidente municipal de Cuernavaca, Jos\u00e9 Luis Uri\u00f3stegui Salgado, integrantes del Cabildo y Gabinete, as\u00ed como personal adscrito a todas las dependencias de la administraci\u00f3n municipal.<\/p>\n<p><img loading=\"lazy\" class=\"alignnone size-medium wp-image-32264\" src=\"https:\/\/cuernavaca.gob.mx\/wp-content\/uploads\/2023\/09\/FOMENTA-AYUNTAMIENTO-DE-CUERNAVACA-EL-PATRIOTISMO-ENTRE-LA-SOCIEDAD-1-300x200.jpg\" alt=\"\" width=\"300\" height=\"200\" srcset=\"https:\/\/cuernavaca.gob.mx\/wp-content\/uploads\/2023\/09\/FOMENTA-AYUNTAMIENTO-DE-CUERNAVACA-EL-PATRIOTISMO-ENTRE-LA-SOCIEDAD-1-300x200.jpg 300w, https:\/\/cuernavaca.gob.mx\/wp-content\/uploads\/2023\/09\/FOMENTA-AYUNTAMIENTO-DE-CUERNAVACA-EL-PATRIOTISMO-ENTRE-LA-SOCIEDAD-1-1024x682.jpg 1024w, https:\/\/cuernavaca.gob.mx\/wp-content\/uploads\/2023\/09\/FOMENTA-AYUNTAMIENTO-DE-CUERNAVACA-EL-PATRIOTISMO-ENTRE-LA-SOCIEDAD-1-768x512.jpg 768w, https:\/\/cuernavaca.gob.mx\/wp-content\/uploads\/2023\/09\/FOMENTA-AYUNTAMIENTO-DE-CUERNAVACA-EL-PATRIOTISMO-ENTRE-LA-SOCIEDAD-1-600x400.jpg 600w, https:\/\/cuernavaca.gob.mx\/wp-content\/uploads\/2023\/09\/FOMENTA-AYUNTAMIENTO-DE-CUERNAVACA-EL-PATRIOTISMO-ENTRE-LA-SOCIEDAD-1-560x373.jpg 560w, https:\/\/cuernavaca.gob.mx\/wp-content\/uploads\/2023\/09\/FOMENTA-AYUNTAMIENTO-DE-CUERNAVACA-EL-PATRIOTISMO-ENTRE-LA-SOCIEDAD-1.jpg 1280w\" sizes=\"(max-width: 300px) 100vw, 300px\" \/> <img loading=\"lazy\" class=\"alignnone size-medium wp-image-32265\" src=\"https:\/\/cuernavaca.gob.mx\/wp-content\/uploads\/2023\/09\/FOMENTA-AYUNTAMIENTO-DE-CUERNAVACA-EL-PATRIOTISMO-ENTRE-LA-SOCIEDAD-2-300x200.jpg\" alt=\"\" width=\"300\" height=\"200\" srcset=\"https:\/\/cuernavaca.gob.mx\/wp-content\/uploads\/2023\/09\/FOMENTA-AYUNTAMIENTO-DE-CUERNAVACA-EL-PATRIOTISMO-ENTRE-LA-SOCIEDAD-2-300x200.jpg 300w, https:\/\/cuernavaca.gob.mx\/wp-content\/uploads\/2023\/09\/FOMENTA-AYUNTAMIENTO-DE-CUERNAVACA-EL-PATRIOTISMO-ENTRE-LA-SOCIEDAD-2-1024x682.jpg 1024w, https:\/\/cuernavaca.gob.mx\/wp-content\/uploads\/2023\/09\/FOMENTA-AYUNTAMIENTO-DE-CUERNAVACA-EL-PATRIOTISMO-ENTRE-LA-SOCIEDAD-2-768x512.jpg 768w, https:\/\/cuernavaca.gob.mx\/wp-content\/uploads\/2023\/09\/FOMENTA-AYUNTAMIENTO-DE-CUERNAVACA-EL-PATRIOTISMO-ENTRE-LA-SOCIEDAD-2-600x400.jpg 600w, https:\/\/cuernavaca.gob.mx\/wp-content\/uploads\/2023\/09\/FOMENTA-AYUNTAMIENTO-DE-CUERNAVACA-EL-PATRIOTISMO-ENTRE-LA-SOCIEDAD-2-560x373.jpg 560w, https:\/\/cuernavaca.gob.mx\/wp-content\/uploads\/2023\/09\/FOMENTA-AYUNTAMIENTO-DE-CUERNAVACA-EL-PATRIOTISMO-ENTRE-LA-SOCIEDAD-2.jpg 1280w\" sizes=\"(max-width: 300px) 100vw, 300px\" \/> <img loading=\"lazy\" class=\"alignnone size-medium wp-image-32266\" src=\"https:\/\/cuernavaca.gob.mx\/wp-content\/uploads\/2023\/09\/FOMENTA-AYUNTAMIENTO-DE-CUERNAVACA-EL-PATRIOTISMO-ENTRE-LA-SOCIEDAD-3-300x200.jpg\" alt=\"\" width=\"300\" height=\"200\" srcset=\"https:\/\/cuernavaca.gob.mx\/wp-content\/uploads\/2023\/09\/FOMENTA-AYUNTAMIENTO-DE-CUERNAVACA-EL-PATRIOTISMO-ENTRE-LA-SOCIEDAD-3-300x200.jpg 300w, https:\/\/cuernavaca.gob.mx\/wp-content\/uploads\/2023\/09\/FOMENTA-AYUNTAMIENTO-DE-CUERNAVACA-EL-PATRIOTISMO-ENTRE-LA-SOCIEDAD-3-1024x682.jpg 1024w, https:\/\/cuernavaca.gob.mx\/wp-content\/uploads\/2023\/09\/FOMENTA-AYUNTAMIENTO-DE-CUERNAVACA-EL-PATRIOTISMO-ENTRE-LA-SOCIEDAD-3-768x512.jpg 768w, https:\/\/cuernavaca.gob.mx\/wp-content\/uploads\/2023\/09\/FOMENTA-AYUNTAMIENTO-DE-CUERNAVACA-EL-PATRIOTISMO-ENTRE-LA-SOCIEDAD-3-600x400.jpg 600w, https:\/\/cuernavaca.gob.mx\/wp-content\/uploads\/2023\/09\/FOMENTA-AYUNTAMIENTO-DE-CUERNAVACA-EL-PATRIOTISMO-ENTRE-LA-SOCIEDAD-3-560x373.jpg 560w, https:\/\/cuernavaca.gob.mx\/wp-content\/uploads\/2023\/09\/FOMENTA-AYUNTAMIENTO-DE-CUERNAVACA-EL-PATRIOTISMO-ENTRE-LA-SOCIEDAD-3.jpg 1280w\" sizes=\"(max-width: 300px) 100vw, 300px\" \/> <img loading=\"lazy\" class=\"alignnone size-medium wp-image-32267\" src=\"https:\/\/cuernavaca.gob.mx\/wp-content\/uploads\/2023\/09\/FOMENTA-AYUNTAMIENTO-DE-CUERNAVACA-EL-PATRIOTISMO-ENTRE-LA-SOCIEDAD-4-300x200.jpg\" alt=\"\" width=\"300\" height=\"200\" srcset=\"https:\/\/cuernavaca.gob.mx\/wp-content\/uploads\/2023\/09\/FOMENTA-AYUNTAMIENTO-DE-CUERNAVACA-EL-PATRIOTISMO-ENTRE-LA-SOCIEDAD-4-300x200.jpg 300w, https:\/\/cuernavaca.gob.mx\/wp-content\/uploads\/2023\/09\/FOMENTA-AYUNTAMIENTO-DE-CUERNAVACA-EL-PATRIOTISMO-ENTRE-LA-SOCIEDAD-4-1024x682.jpg 1024w, https:\/\/cuernavaca.gob.mx\/wp-content\/uploads\/2023\/09\/FOMENTA-AYUNTAMIENTO-DE-CUERNAVACA-EL-PATRIOTISMO-ENTRE-LA-SOCIEDAD-4-768x512.jpg 768w, https:\/\/cuernavaca.gob.mx\/wp-content\/uploads\/2023\/09\/FOMENTA-AYUNTAMIENTO-DE-CUERNAVACA-EL-PATRIOTISMO-ENTRE-LA-SOCIEDAD-4-600x400.jpg 600w, https:\/\/cuernavaca.gob.mx\/wp-content\/uploads\/2023\/09\/FOMENTA-AYUNTAMIENTO-DE-CUERNAVACA-EL-PATRIOTISMO-ENTRE-LA-SOCIEDAD-4-560x373.jpg 560w, https:\/\/cuernavaca.gob.mx\/wp-content\/uploads\/2023\/09\/FOMENTA-AYUNTAMIENTO-DE-CUERNAVACA-EL-PATRIOTISMO-ENTRE-LA-SOCIEDAD-4.jpg 1280w\" sizes=\"(max-width: 300px) 100vw, 300px\" \/> <img loading=\"lazy\" class=\"alignnone size-medium wp-image-32268\" src=\"https:\/\/cuernavaca.gob.mx\/wp-content\/uploads\/2023\/09\/FOMENTA-AYUNTAMIENTO-DE-CUERNAVACA-EL-PATRIOTISMO-ENTRE-LA-SOCIEDAD-5-300x200.jpg\" alt=\"\" width=\"300\" height=\"200\" srcset=\"https:\/\/cuernavaca.gob.mx\/wp-content\/uploads\/2023\/09\/FOMENTA-AYUNTAMIENTO-DE-CUERNAVACA-EL-PATRIOTISMO-ENTRE-LA-SOCIEDAD-5-300x200.jpg 300w, https:\/\/cuernavaca.gob.mx\/wp-content\/uploads\/2023\/09\/FOMENTA-AYUNTAMIENTO-DE-CUERNAVACA-EL-PATRIOTISMO-ENTRE-LA-SOCIEDAD-5-1024x682.jpg 1024w, https:\/\/cuernavaca.gob.mx\/wp-content\/uploads\/2023\/09\/FOMENTA-AYUNTAMIENTO-DE-CUERNAVACA-EL-PATRIOTISMO-ENTRE-LA-SOCIEDAD-5-768x512.jpg 768w, https:\/\/cuernavaca.gob.mx\/wp-content\/uploads\/2023\/09\/FOMENTA-AYUNTAMIENTO-DE-CUERNAVACA-EL-PATRIOTISMO-ENTRE-LA-SOCIEDAD-5-600x400.jpg 600w, https:\/\/cuernavaca.gob.mx\/wp-content\/uploads\/2023\/09\/FOMENTA-AYUNTAMIENTO-DE-CUERNAVACA-EL-PATRIOTISMO-ENTRE-LA-SOCIEDAD-5-560x373.jpg 560w, https:\/\/cuernavaca.gob.mx\/wp-content\/uploads\/2023\/09\/FOMENTA-AYUNTAMIENTO-DE-CUERNAVACA-EL-PATRIOTISMO-ENTRE-LA-SOCIEDAD-5.jpg 1280w\" sizes=\"(max-width: 300px) 100vw, 300px\" \/> <img loading=\"lazy\" class=\"alignnone size-medium wp-image-32269\" src=\"https:\/\/cuernavaca.gob.mx\/wp-content\/uploads\/2023\/09\/FOMENTA-AYUNTAMIENTO-DE-CUERNAVACA-EL-PATRIOTISMO-ENTRE-LA-SOCIEDAD-6-300x200.jpg\" alt=\"\" width=\"300\" height=\"200\" srcset=\"https:\/\/cuernavaca.gob.mx\/wp-content\/uploads\/2023\/09\/FOMENTA-AYUNTAMIENTO-DE-CUERNAVACA-EL-PATRIOTISMO-ENTRE-LA-SOCIEDAD-6-300x200.jpg 300w, https:\/\/cuernavaca.gob.mx\/wp-content\/uploads\/2023\/09\/FOMENTA-AYUNTAMIENTO-DE-CUERNAVACA-EL-PATRIOTISMO-ENTRE-LA-SOCIEDAD-6-1024x682.jpg 1024w, https:\/\/cuernavaca.gob.mx\/wp-content\/uploads\/2023\/09\/FOMENTA-AYUNTAMIENTO-DE-CUERNAVACA-EL-PATRIOTISMO-ENTRE-LA-SOCIEDAD-6-768x512.jpg 768w, https:\/\/cuernavaca.gob.mx\/wp-content\/uploads\/2023\/09\/FOMENTA-AYUNTAMIENTO-DE-CUERNAVACA-EL-PATRIOTISMO-ENTRE-LA-SOCIEDAD-6-600x400.jpg 600w, https:\/\/cuernavaca.gob.mx\/wp-content\/uploads\/2023\/09\/FOMENTA-AYUNTAMIENTO-DE-CUERNAVACA-EL-PATRIOTISMO-ENTRE-LA-SOCIEDAD-6-560x373.jpg 560w, https:\/\/cuernavaca.gob.mx\/wp-content\/uploads\/2023\/09\/FOMENTA-AYUNTAMIENTO-DE-CUERNAVACA-EL-PATRIOTISMO-ENTRE-LA-SOCIEDAD-6.jpg 1280w\" sizes=\"(max-width: 300px) 100vw, 300px\" \/> <img loading=\"lazy\" class=\"alignnone size-medium wp-image-32270\" src=\"https:\/\/cuernavaca.gob.mx\/wp-content\/uploads\/2023\/09\/FOMENTA-AYUNTAMIENTO-DE-CUERNAVACA-EL-PATRIOTISMO-ENTRE-LA-SOCIEDAD-7-300x200.jpg\" alt=\"\" width=\"300\" height=\"200\" srcset=\"https:\/\/cuernavaca.gob.mx\/wp-content\/uploads\/2023\/09\/FOMENTA-AYUNTAMIENTO-DE-CUERNAVACA-EL-PATRIOTISMO-ENTRE-LA-SOCIEDAD-7-300x200.jpg 300w, https:\/\/cuernavaca.gob.mx\/wp-content\/uploads\/2023\/09\/FOMENTA-AYUNTAMIENTO-DE-CUERNAVACA-EL-PATRIOTISMO-ENTRE-LA-SOCIEDAD-7-1024x682.jpg 1024w, https:\/\/cuernavaca.gob.mx\/wp-content\/uploads\/2023\/09\/FOMENTA-AYUNTAMIENTO-DE-CUERNAVACA-EL-PATRIOTISMO-ENTRE-LA-SOCIEDAD-7-768x512.jpg 768w, https:\/\/cuernavaca.gob.mx\/wp-content\/uploads\/2023\/09\/FOMENTA-AYUNTAMIENTO-DE-CUERNAVACA-EL-PATRIOTISMO-ENTRE-LA-SOCIEDAD-7-600x400.jpg 600w, https:\/\/cuernavaca.gob.mx\/wp-content\/uploads\/2023\/09\/FOMENTA-AYUNTAMIENTO-DE-CUERNAVACA-EL-PATRIOTISMO-ENTRE-LA-SOCIEDAD-7-560x373.jpg 560w, https:\/\/cuernavaca.gob.mx\/wp-content\/uploads\/2023\/09\/FOMENTA-AYUNTAMIENTO-DE-CUERNAVACA-EL-PATRIOTISMO-ENTRE-LA-SOCIEDAD-7.jpg 1280w\" sizes=\"(max-width: 300px) 100vw, 300px\" \/> <img loading=\"lazy\" class=\"alignnone size-medium wp-image-32271\" src=\"https:\/\/cuernavaca.gob.mx\/wp-content\/uploads\/2023\/09\/FOMENTA-AYUNTAMIENTO-DE-CUERNAVACA-EL-PATRIOTISMO-ENTRE-LA-SOCIEDAD-8-300x199.jpg\" alt=\"\" width=\"300\" height=\"199\" srcset=\"https:\/\/cuernavaca.gob.mx\/wp-content\/uploads\/2023\/09\/FOMENTA-AYUNTAMIENTO-DE-CUERNAVACA-EL-PATRIOTISMO-ENTRE-LA-SOCIEDAD-8-300x199.jpg 300w, https:\/\/cuernavaca.gob.mx\/wp-content\/uploads\/2023\/09\/FOMENTA-AYUNTAMIENTO-DE-CUERNAVACA-EL-PATRIOTISMO-ENTRE-LA-SOCIEDAD-8-1024x678.jpg 1024w, https:\/\/cuernavaca.gob.mx\/wp-content\/uploads\/2023\/09\/FOMENTA-AYUNTAMIENTO-DE-CUERNAVACA-EL-PATRIOTISMO-ENTRE-LA-SOCIEDAD-8-768x509.jpg 768w, https:\/\/cuernavaca.gob.mx\/wp-content\/uploads\/2023\/09\/FOMENTA-AYUNTAMIENTO-DE-CUERNAVACA-EL-PATRIOTISMO-ENTRE-LA-SOCIEDAD-8-600x398.jpg 600w, https:\/\/cuernavaca.gob.mx\/wp-content\/uploads\/2023\/09\/FOMENTA-AYUNTAMIENTO-DE-CUERNAVACA-EL-PATRIOTISMO-ENTRE-LA-SOCIEDAD-8-560x371.jpg 560w, https:\/\/cuernavaca.gob.mx\/wp-content\/uploads\/2023\/09\/FOMENTA-AYUNTAMIENTO-DE-CUERNAVACA-EL-PATRIOTISMO-ENTRE-LA-SOCIEDAD-8.jpg 1280w\" sizes=\"(max-width: 300px) 100vw, 300px\" \/><\/p>\n","protected":false},"excerpt":{"rendered":"<p>En el marco del CCXIII Aniversario del Inicio de la Independencia de M\u00e9xico, el regidor presidente de las Comisiones de Planificaci\u00f3n y Desarrollo, Bienestar Social y Desarrollo Econ\u00f3mico del Ayuntamiento de Cuernavaca, V\u00edctor Manzo God\u00ednez y la directora General del Sistema de Agua Potable y Alcantarillado de Cuernavaca (SAPAC), Evelia Flores Hern\u00e1ndez, encabezaron este mi\u00e9rcoles [&hellip;]<\/p>\n","protected":false},"author":1,"featured_media":32264,"comment_status":"closed","ping_status":"open","sticky":false,"template":"","format":"standard","meta":[],"categories":[20],"tags":[2263,121,2371,2357,120,3294,2267,206],"aioseo_notices":[],"_links":{"self":[{"href":"https:\/\/cuernavaca.gob.mx\/index.php?rest_route=\/wp\/v2\/posts\/32263"}],"collection":[{"href":"https:\/\/cuernavaca.gob.mx\/index.php?rest_route=\/wp\/v2\/posts"}],"about":[{"href":"https:\/\/cuernavaca.gob.mx\/index.php?rest_route=\/wp\/v2\/types\/post"}],"author":[{"embeddable":true,"href":"https:\/\/cuernavaca.gob.mx\/index.php?rest_route=\/wp\/v2\/users\/1"}],"replies":[{"embeddable":true,"href":"https:\/\/cuernavaca.gob.mx\/index.php?rest_route=%2Fwp%2Fv2%2Fcomments&post=32263"}],"version-history":[{"count":1,"href":"https:\/\/cuernavaca.gob.mx\/index.php?rest_route=\/wp\/v2\/posts\/32263\/revisions"}],"predecessor-version":[{"id":32272,"href":"https:\/\/cuernavaca.gob.mx\/index.php?rest_route=\/wp\/v2\/posts\/32263\/revisions\/32272"}],"wp:featuredmedia":[{"embeddable":true,"href":"https:\/\/cuernavaca.gob.mx\/index.php?rest_route=\/wp\/v2\/media\/32264"}],"wp:attachment":[{"href":"https:\/\/cuernavaca.gob.mx\/index.php?rest_route=%2Fwp%2Fv2%2Fmedia&parent=32263"}],"wp:term":[{"taxonomy":"category","embeddable":true,"href":"https:\/\/cuernavaca.gob.mx\/index.php?rest_route=%2Fwp%2Fv2%2Fcategories&post=32263"},{"taxonomy":"post_tag","embeddable":true,"href":"https:\/\/cuernavaca.gob.mx\/index.php?rest_route=%2Fwp%2Fv2%2Ftags&post=32263"}],"curies":[{"name":"wp","href":"https:\/\/api.w.org\/{rel}","templated":true}]}}