{"id":32273,"date":"2023-09-06T17:15:22","date_gmt":"2023-09-06T23:15:22","guid":{"rendered":"https:\/\/cuernavaca.gob.mx\/?p=32273"},"modified":"2025-05-06T14:10:02","modified_gmt":"2025-05-06T20:10:02","slug":"comunicado-de-sapac-concluye-sapac-y-la-secretaria-de-desarrollo-sustentable-y-servicios-publicos-obra-de-sustitucion-de-drenaje-en-lomas-de-cortes","status":"publish","type":"post","link":"https:\/\/cuernavaca.gob.mx\/?p=32273","title":{"rendered":"COMUNICADO DE SAPAC. CONCLUYE SAPAC Y LA SECRETAR\u00cdA DE DESARROLLO SUSTENTABLE Y SERVICIOS P\u00daBLICOS, OBRA DE SUSTITUCI\u00d3N DE DRENAJE EN LOMAS DE CORT\u00c9S"},"content":{"rendered":"<p>Fue concluida la obra de sustituci\u00f3n de drenaje colapsado en avenida Teopanzolco en la colonia Lomas de Cort\u00e9s, como resultado del trabajo coordinado entre el Sistema de Agua Potable y Alcantarillado de Cuernavaca (SAPAC) y la Secretar\u00eda de Desarrollo Sustentable y Servicios P\u00fablicos del Ayuntamiento de la capital morelense.<\/p>\n<p>El Director de Saneamiento y Calidad del Agua del SAPAC, Gonzalo \u00c1vila Rojas, inform\u00f3 que, tras reportes ciudadanos, sobre la presencia de un hundimiento en la zona, personal de alcantarillado del Organismo y de Protecci\u00f3n Civil, acudieron al lugar, para conocer las dimensiones del problema y colocar los se\u00f1alamientos de precauci\u00f3n a fin de evitar accidentes.<\/p>\n<p>Explic\u00f3 que, al realizar las excavaciones pertinentes, se percataron que la tuber\u00eda se encontraba totalmente desecha, esto como consecuencia de su antig\u00fcedad de m\u00e1s de 40 a\u00f1os, lo que provoc\u00f3 el reblandecimiento del asfalto y por ende la formaci\u00f3n de un hundimiento en la zona, ante la falta del ducto, cuya funci\u00f3n es conducir las aguas negras a la red de drenaje general.<\/p>\n<p>Gonzalo \u00c1vila, agreg\u00f3 que, con el fin de erradicar con dicha problem\u00e1tica, fue necesario realizar la sustituci\u00f3n de 22 metros de tuber\u00eda de polietileno de alta densidad corrugado, acciones que fueron realizadas gracias a la coordinaci\u00f3n y apoyo de la Secretar\u00eda de Desarrollo Sustentable y Servicios P\u00fablicos.<\/p>\n<p><img loading=\"lazy\" class=\"alignnone size-medium wp-image-32274\" src=\"https:\/\/cuernavaca.gob.mx\/wp-content\/uploads\/2023\/09\/CONCLUYE-SAPAC-Y-LA-SECRETARI\u0301A-DE-DESARROLLO-SUSTENTABLE-Y-SERVICIOS-PU\u0301BLICOS-OBRA-DE-SUSTITUCIO\u0301N-DE-DRENAJE-EN-LOMAS-DE-CORTE\u0301S-1-169x300.jpg\" alt=\"\" width=\"169\" height=\"300\" srcset=\"https:\/\/cuernavaca.gob.mx\/wp-content\/uploads\/2023\/09\/CONCLUYE-SAPAC-Y-LA-SECRETARI\u0301A-DE-DESARROLLO-SUSTENTABLE-Y-SERVICIOS-PU\u0301BLICOS-OBRA-DE-SUSTITUCIO\u0301N-DE-DRENAJE-EN-LOMAS-DE-CORTE\u0301S-1-169x300.jpg 169w, https:\/\/cuernavaca.gob.mx\/wp-content\/uploads\/2023\/09\/CONCLUYE-SAPAC-Y-LA-SECRETARI\u0301A-DE-DESARROLLO-SUSTENTABLE-Y-SERVICIOS-PU\u0301BLICOS-OBRA-DE-SUSTITUCIO\u0301N-DE-DRENAJE-EN-LOMAS-DE-CORTE\u0301S-1-577x1024.jpg 577w, https:\/\/cuernavaca.gob.mx\/wp-content\/uploads\/2023\/09\/CONCLUYE-SAPAC-Y-LA-SECRETARI\u0301A-DE-DESARROLLO-SUSTENTABLE-Y-SERVICIOS-PU\u0301BLICOS-OBRA-DE-SUSTITUCIO\u0301N-DE-DRENAJE-EN-LOMAS-DE-CORTE\u0301S-1-768x1364.jpg 768w, https:\/\/cuernavaca.gob.mx\/wp-content\/uploads\/2023\/09\/CONCLUYE-SAPAC-Y-LA-SECRETARI\u0301A-DE-DESARROLLO-SUSTENTABLE-Y-SERVICIOS-PU\u0301BLICOS-OBRA-DE-SUSTITUCIO\u0301N-DE-DRENAJE-EN-LOMAS-DE-CORTE\u0301S-1-865x1536.jpg 865w, https:\/\/cuernavaca.gob.mx\/wp-content\/uploads\/2023\/09\/CONCLUYE-SAPAC-Y-LA-SECRETARI\u0301A-DE-DESARROLLO-SUSTENTABLE-Y-SERVICIOS-PU\u0301BLICOS-OBRA-DE-SUSTITUCIO\u0301N-DE-DRENAJE-EN-LOMAS-DE-CORTE\u0301S-1-338x600.jpg 338w, https:\/\/cuernavaca.gob.mx\/wp-content\/uploads\/2023\/09\/CONCLUYE-SAPAC-Y-LA-SECRETARI\u0301A-DE-DESARROLLO-SUSTENTABLE-Y-SERVICIOS-PU\u0301BLICOS-OBRA-DE-SUSTITUCIO\u0301N-DE-DRENAJE-EN-LOMAS-DE-CORTE\u0301S-1-315x560.jpg 315w, https:\/\/cuernavaca.gob.mx\/wp-content\/uploads\/2023\/09\/CONCLUYE-SAPAC-Y-LA-SECRETARI\u0301A-DE-DESARROLLO-SUSTENTABLE-Y-SERVICIOS-PU\u0301BLICOS-OBRA-DE-SUSTITUCIO\u0301N-DE-DRENAJE-EN-LOMAS-DE-CORTE\u0301S-1.jpg 901w\" sizes=\"(max-width: 169px) 100vw, 169px\" \/> \u00a0\u00a0<img loading=\"lazy\" class=\"alignnone size-medium wp-image-32277\" src=\"https:\/\/cuernavaca.gob.mx\/wp-content\/uploads\/2023\/09\/CONCLUYE-SAPAC-Y-LA-SECRETARI\u0301A-DE-DESARROLLO-SUSTENTABLE-Y-SERVICIOS-PU\u0301BLICOS-OBRA-DE-SUSTITUCIO\u0301N-DE-DRENAJE-EN-LOMAS-DE-CORTE\u0301S-4-300x169.jpg\" alt=\"\" width=\"300\" height=\"169\" srcset=\"https:\/\/cuernavaca.gob.mx\/wp-content\/uploads\/2023\/09\/CONCLUYE-SAPAC-Y-LA-SECRETARI\u0301A-DE-DESARROLLO-SUSTENTABLE-Y-SERVICIOS-PU\u0301BLICOS-OBRA-DE-SUSTITUCIO\u0301N-DE-DRENAJE-EN-LOMAS-DE-CORTE\u0301S-4-300x169.jpg 300w, https:\/\/cuernavaca.gob.mx\/wp-content\/uploads\/2023\/09\/CONCLUYE-SAPAC-Y-LA-SECRETARI\u0301A-DE-DESARROLLO-SUSTENTABLE-Y-SERVICIOS-PU\u0301BLICOS-OBRA-DE-SUSTITUCIO\u0301N-DE-DRENAJE-EN-LOMAS-DE-CORTE\u0301S-4-1024x577.jpg 1024w, https:\/\/cuernavaca.gob.mx\/wp-content\/uploads\/2023\/09\/CONCLUYE-SAPAC-Y-LA-SECRETARI\u0301A-DE-DESARROLLO-SUSTENTABLE-Y-SERVICIOS-PU\u0301BLICOS-OBRA-DE-SUSTITUCIO\u0301N-DE-DRENAJE-EN-LOMAS-DE-CORTE\u0301S-4-768x432.jpg 768w, https:\/\/cuernavaca.gob.mx\/wp-content\/uploads\/2023\/09\/CONCLUYE-SAPAC-Y-LA-SECRETARI\u0301A-DE-DESARROLLO-SUSTENTABLE-Y-SERVICIOS-PU\u0301BLICOS-OBRA-DE-SUSTITUCIO\u0301N-DE-DRENAJE-EN-LOMAS-DE-CORTE\u0301S-4-1536x865.jpg 1536w, https:\/\/cuernavaca.gob.mx\/wp-content\/uploads\/2023\/09\/CONCLUYE-SAPAC-Y-LA-SECRETARI\u0301A-DE-DESARROLLO-SUSTENTABLE-Y-SERVICIOS-PU\u0301BLICOS-OBRA-DE-SUSTITUCIO\u0301N-DE-DRENAJE-EN-LOMAS-DE-CORTE\u0301S-4-600x338.jpg 600w, https:\/\/cuernavaca.gob.mx\/wp-content\/uploads\/2023\/09\/CONCLUYE-SAPAC-Y-LA-SECRETARI\u0301A-DE-DESARROLLO-SUSTENTABLE-Y-SERVICIOS-PU\u0301BLICOS-OBRA-DE-SUSTITUCIO\u0301N-DE-DRENAJE-EN-LOMAS-DE-CORTE\u0301S-4-560x315.jpg 560w, https:\/\/cuernavaca.gob.mx\/wp-content\/uploads\/2023\/09\/CONCLUYE-SAPAC-Y-LA-SECRETARI\u0301A-DE-DESARROLLO-SUSTENTABLE-Y-SERVICIOS-PU\u0301BLICOS-OBRA-DE-SUSTITUCIO\u0301N-DE-DRENAJE-EN-LOMAS-DE-CORTE\u0301S-4.jpg 1600w\" sizes=\"(max-width: 300px) 100vw, 300px\" \/> <img loading=\"lazy\" class=\"alignnone size-medium wp-image-32278\" src=\"https:\/\/cuernavaca.gob.mx\/wp-content\/uploads\/2023\/09\/CONCLUYE-SAPAC-Y-LA-SECRETARI\u0301A-DE-DESARROLLO-SUSTENTABLE-Y-SERVICIOS-PU\u0301BLICOS-OBRA-DE-SUSTITUCIO\u0301N-DE-DRENAJE-EN-LOMAS-DE-CORTE\u0301S-5-300x169.jpg\" alt=\"\" width=\"300\" height=\"169\" srcset=\"https:\/\/cuernavaca.gob.mx\/wp-content\/uploads\/2023\/09\/CONCLUYE-SAPAC-Y-LA-SECRETARI\u0301A-DE-DESARROLLO-SUSTENTABLE-Y-SERVICIOS-PU\u0301BLICOS-OBRA-DE-SUSTITUCIO\u0301N-DE-DRENAJE-EN-LOMAS-DE-CORTE\u0301S-5-300x169.jpg 300w, https:\/\/cuernavaca.gob.mx\/wp-content\/uploads\/2023\/09\/CONCLUYE-SAPAC-Y-LA-SECRETARI\u0301A-DE-DESARROLLO-SUSTENTABLE-Y-SERVICIOS-PU\u0301BLICOS-OBRA-DE-SUSTITUCIO\u0301N-DE-DRENAJE-EN-LOMAS-DE-CORTE\u0301S-5-1024x577.jpg 1024w, https:\/\/cuernavaca.gob.mx\/wp-content\/uploads\/2023\/09\/CONCLUYE-SAPAC-Y-LA-SECRETARI\u0301A-DE-DESARROLLO-SUSTENTABLE-Y-SERVICIOS-PU\u0301BLICOS-OBRA-DE-SUSTITUCIO\u0301N-DE-DRENAJE-EN-LOMAS-DE-CORTE\u0301S-5-768x432.jpg 768w, https:\/\/cuernavaca.gob.mx\/wp-content\/uploads\/2023\/09\/CONCLUYE-SAPAC-Y-LA-SECRETARI\u0301A-DE-DESARROLLO-SUSTENTABLE-Y-SERVICIOS-PU\u0301BLICOS-OBRA-DE-SUSTITUCIO\u0301N-DE-DRENAJE-EN-LOMAS-DE-CORTE\u0301S-5-1536x865.jpg 1536w, https:\/\/cuernavaca.gob.mx\/wp-content\/uploads\/2023\/09\/CONCLUYE-SAPAC-Y-LA-SECRETARI\u0301A-DE-DESARROLLO-SUSTENTABLE-Y-SERVICIOS-PU\u0301BLICOS-OBRA-DE-SUSTITUCIO\u0301N-DE-DRENAJE-EN-LOMAS-DE-CORTE\u0301S-5-600x338.jpg 600w, https:\/\/cuernavaca.gob.mx\/wp-content\/uploads\/2023\/09\/CONCLUYE-SAPAC-Y-LA-SECRETARI\u0301A-DE-DESARROLLO-SUSTENTABLE-Y-SERVICIOS-PU\u0301BLICOS-OBRA-DE-SUSTITUCIO\u0301N-DE-DRENAJE-EN-LOMAS-DE-CORTE\u0301S-5-560x315.jpg 560w, https:\/\/cuernavaca.gob.mx\/wp-content\/uploads\/2023\/09\/CONCLUYE-SAPAC-Y-LA-SECRETARI\u0301A-DE-DESARROLLO-SUSTENTABLE-Y-SERVICIOS-PU\u0301BLICOS-OBRA-DE-SUSTITUCIO\u0301N-DE-DRENAJE-EN-LOMAS-DE-CORTE\u0301S-5.jpg 1600w\" sizes=\"(max-width: 300px) 100vw, 300px\" \/> \u00a0<img loading=\"lazy\" class=\"alignnone size-medium wp-image-32280\" src=\"https:\/\/cuernavaca.gob.mx\/wp-content\/uploads\/2023\/09\/CONCLUYE-SAPAC-Y-LA-SECRETARI\u0301A-DE-DESARROLLO-SUSTENTABLE-Y-SERVICIOS-PU\u0301BLICOS-OBRA-DE-SUSTITUCIO\u0301N-DE-DRENAJE-EN-LOMAS-DE-CORTE\u0301S-7-169x300.jpg\" alt=\"\" width=\"169\" height=\"300\" srcset=\"https:\/\/cuernavaca.gob.mx\/wp-content\/uploads\/2023\/09\/CONCLUYE-SAPAC-Y-LA-SECRETARI\u0301A-DE-DESARROLLO-SUSTENTABLE-Y-SERVICIOS-PU\u0301BLICOS-OBRA-DE-SUSTITUCIO\u0301N-DE-DRENAJE-EN-LOMAS-DE-CORTE\u0301S-7-169x300.jpg 169w, https:\/\/cuernavaca.gob.mx\/wp-content\/uploads\/2023\/09\/CONCLUYE-SAPAC-Y-LA-SECRETARI\u0301A-DE-DESARROLLO-SUSTENTABLE-Y-SERVICIOS-PU\u0301BLICOS-OBRA-DE-SUSTITUCIO\u0301N-DE-DRENAJE-EN-LOMAS-DE-CORTE\u0301S-7-576x1024.jpg 576w, https:\/\/cuernavaca.gob.mx\/wp-content\/uploads\/2023\/09\/CONCLUYE-SAPAC-Y-LA-SECRETARI\u0301A-DE-DESARROLLO-SUSTENTABLE-Y-SERVICIOS-PU\u0301BLICOS-OBRA-DE-SUSTITUCIO\u0301N-DE-DRENAJE-EN-LOMAS-DE-CORTE\u0301S-7-768x1365.jpg 768w, https:\/\/cuernavaca.gob.mx\/wp-content\/uploads\/2023\/09\/CONCLUYE-SAPAC-Y-LA-SECRETARI\u0301A-DE-DESARROLLO-SUSTENTABLE-Y-SERVICIOS-PU\u0301BLICOS-OBRA-DE-SUSTITUCIO\u0301N-DE-DRENAJE-EN-LOMAS-DE-CORTE\u0301S-7-864x1536.jpg 864w, https:\/\/cuernavaca.gob.mx\/wp-content\/uploads\/2023\/09\/CONCLUYE-SAPAC-Y-LA-SECRETARI\u0301A-DE-DESARROLLO-SUSTENTABLE-Y-SERVICIOS-PU\u0301BLICOS-OBRA-DE-SUSTITUCIO\u0301N-DE-DRENAJE-EN-LOMAS-DE-CORTE\u0301S-7-338x600.jpg 338w, https:\/\/cuernavaca.gob.mx\/wp-content\/uploads\/2023\/09\/CONCLUYE-SAPAC-Y-LA-SECRETARI\u0301A-DE-DESARROLLO-SUSTENTABLE-Y-SERVICIOS-PU\u0301BLICOS-OBRA-DE-SUSTITUCIO\u0301N-DE-DRENAJE-EN-LOMAS-DE-CORTE\u0301S-7-315x560.jpg 315w, https:\/\/cuernavaca.gob.mx\/wp-content\/uploads\/2023\/09\/CONCLUYE-SAPAC-Y-LA-SECRETARI\u0301A-DE-DESARROLLO-SUSTENTABLE-Y-SERVICIOS-PU\u0301BLICOS-OBRA-DE-SUSTITUCIO\u0301N-DE-DRENAJE-EN-LOMAS-DE-CORTE\u0301S-7.jpg 900w\" sizes=\"(max-width: 169px) 100vw, 169px\" \/><\/p>\n","protected":false},"excerpt":{"rendered":"<p>Fue concluida la obra de sustituci\u00f3n de drenaje colapsado en avenida Teopanzolco en la colonia Lomas de Cort\u00e9s, como resultado del trabajo coordinado entre el Sistema de Agua Potable y Alcantarillado de Cuernavaca (SAPAC) y la Secretar\u00eda de Desarrollo Sustentable y Servicios P\u00fablicos del Ayuntamiento de la capital morelense. El Director de Saneamiento y Calidad [&hellip;]<\/p>\n","protected":false},"author":1,"featured_media":32278,"comment_status":"closed","ping_status":"open","sticky":false,"template":"","format":"standard","meta":[],"categories":[145],"tags":[615,121,822,120,206,1075,213,124],"aioseo_notices":[],"_links":{"self":[{"href":"https:\/\/cuernavaca.gob.mx\/index.php?rest_route=\/wp\/v2\/posts\/32273"}],"collection":[{"href":"https:\/\/cuernavaca.gob.mx\/index.php?rest_route=\/wp\/v2\/posts"}],"about":[{"href":"https:\/\/cuernavaca.gob.mx\/index.php?rest_route=\/wp\/v2\/types\/post"}],"author":[{"embeddable":true,"href":"https:\/\/cuernavaca.gob.mx\/index.php?rest_route=\/wp\/v2\/users\/1"}],"replies":[{"embeddable":true,"href":"https:\/\/cuernavaca.gob.mx\/index.php?rest_route=%2Fwp%2Fv2%2Fcomments&post=32273"}],"version-history":[{"count":1,"href":"https:\/\/cuernavaca.gob.mx\/index.php?rest_route=\/wp\/v2\/posts\/32273\/revisions"}],"predecessor-version":[{"id":32282,"href":"https:\/\/cuernavaca.gob.mx\/index.php?rest_route=\/wp\/v2\/posts\/32273\/revisions\/32282"}],"wp:featuredmedia":[{"embeddable":true,"href":"https:\/\/cuernavaca.gob.mx\/index.php?rest_route=\/wp\/v2\/media\/32278"}],"wp:attachment":[{"href":"https:\/\/cuernavaca.gob.mx\/index.php?rest_route=%2Fwp%2Fv2%2Fmedia&parent=32273"}],"wp:term":[{"taxonomy":"category","embeddable":true,"href":"https:\/\/cuernavaca.gob.mx\/index.php?rest_route=%2Fwp%2Fv2%2Fcategories&post=32273"},{"taxonomy":"post_tag","embeddable":true,"href":"https:\/\/cuernavaca.gob.mx\/index.php?rest_route=%2Fwp%2Fv2%2Ftags&post=32273"}],"curies":[{"name":"wp","href":"https:\/\/api.w.org\/{rel}","templated":true}]}}