{"id":32398,"date":"2023-09-09T14:30:34","date_gmt":"2023-09-09T20:30:34","guid":{"rendered":"https:\/\/cuernavaca.gob.mx\/?p=32398"},"modified":"2025-05-06T14:10:00","modified_gmt":"2025-05-06T20:10:00","slug":"b1256-09-09-23-avanza-ayuntamiento-de-cuernavaca-en-la-actualizacion-del-programa-de-ordenamiento-ecologico-territorial-y-del-atlas-de-riesgo","status":"publish","type":"post","link":"https:\/\/cuernavaca.gob.mx\/?p=32398","title":{"rendered":"B1256 09\/09\/23 AVANZA AYUNTAMIENTO DE CUERNAVACA EN LA ACTUALIZACI\u00d3N DEL PROGRAMA DE ORDENAMIENTO ECOL\u00d3GICO TERRITORIAL y DEL ATLAS DE RIESGO"},"content":{"rendered":"<div><strong>\u2022 El Cabildo de Cuernavaca aprob\u00f3 la transferencia de recursos hasta por la cantidad de tres millones 700 mil pesos del rubro &#8220;compra de veh\u00edculos&#8221; para la contrataci\u00f3n de estos cuerpos normativos tan necesarios \u00a0<\/strong><\/div>\n<div><\/div>\n<div>Para que Cuernavaca siga avanzando hacia la modernidad y dar atenci\u00f3n espec\u00edfica a las necesidades actuales de la poblaci\u00f3n y del territorio, el Cabildo del Gobierno Municipal aprob\u00f3 la transferencia de recursos hasta por la cantidad de tres millones 700 mil pesos del rubro &#8220;compra de veh\u00edculos&#8221; para la contrataci\u00f3n de actualizaciones del Programa de Ordenamiento Ecol\u00f3gico Territorial, del Atlas de Riesgo y para la realizaci\u00f3n de una Ortofoto, cumpliendo las disposiciones administrativas correspondientes.<\/div>\n<div><\/div>\n<div>Al presentar el punto de acuerdo, el presidente municipal de Cuernavaca, Jos\u00e9 Luis Uri\u00f3stegui Salgado, se\u00f1al\u00f3 que es derivado de una solicitud planteada por las Secretar\u00edas de Desarrollo Urbano y Obras P\u00fablicas, de Desarrollo Sustentable y Servicios P\u00fablicos, de Protecci\u00f3n y Auxilio Ciudadano, as\u00ed como de la Coordinaci\u00f3n Municipal de Protecci\u00f3n Civil, toda vez que al estar trabajando con SEDATU en la elaboraci\u00f3n del Programa de Desarrollo Urbano Sustentable, para lo cual la dependencia federal les otorg\u00f3 un mill\u00f3n de pesos, vislumbraron que era necesario tener al d\u00eda los dem\u00e1s programas, dado que ten\u00edan varios a\u00f1os sin ser actualizados, como ejemplo el Programa de Ordenamiento Ecol\u00f3gico Territorial que data de hace m\u00e1s de 10 a\u00f1os.<\/div>\n<div><\/div>\n<div>Por ello, al considerar que en lo que va del a\u00f1o no han podido adquirir estos veh\u00edculos, puntualiz\u00f3 que necesitan hacer inversi\u00f3n en otros rubros que sean de mayor provecho para la ciudad, redireccionando estos recursos para la realizaci\u00f3n y actualizaci\u00f3n de estos cuerpos normativos que, aunado al Programa de Desarrollo Urbano Sustentable, permitir\u00eda que el municipio de Cuernavaca cuente con una planeaci\u00f3n del desarrollo integral para los pr\u00f3ximos 10 o 15 a\u00f1os al menos y que el uso de suelo tenga un car\u00e1cter de inter\u00e9s general.<\/div>\n<div><\/div>\n<div>&#8220;Evitar\u00e1 que sigan planeando o desarrollando conjuntos inmobiliarios que sin tener autorizaci\u00f3n despu\u00e9s nos solicitan la regulaci\u00f3n de los mismos. Y de esta manera no solo la autoridad municipal, sino tambi\u00e9n la ciudadan\u00eda que tenga expertis en estas materias podr\u00e1 participar y emitir opiniones en beneficio de la ciudad&#8221;, acot\u00f3.<\/div>\n<div><\/div>\n<div>Los regidores Mirna Delgado Romero, Debendrenath Salazar Solorio, Patricia Torres Rosales, Wendi Salinas Ruiz y Fernando Carrillo Alvarado, hicieron el uso de la palabra para manifestar su respaldo a la propuesta que catalogaron como fundamental, ya que podr\u00e1 a Cuernavaca a la vanguardia y ser\u00e1n acciones que trascender\u00e1n la presente administraci\u00f3n municipal.<\/div>\n<div><\/div>\n<div>Aclararon que est\u00e1s transferencias son planeadas, por lo cual no estar\u00e1n afectando ning\u00fan \u00e1rea o la operatividad de la administraci\u00f3n, siendo necesario este punto de acuerdo en especial como un tema preventivo en esta temporada de lluvias, actualizando el Atlas de Riesgo que desde el 2019 no hab\u00eda sido modificado.<\/div>\n<div><\/div>\n<div><img loading=\"lazy\" class=\"alignnone size-medium wp-image-32399\" src=\"https:\/\/cuernavaca.gob.mx\/wp-content\/uploads\/2023\/09\/AVANZA-AYUNTAMIENTO-DE-CUERNAVACA-EN-LA-ACTUALIZACION-DEL-PROGRAMA-DE-ORDENAMIENTO-ECOLOGICO-TERRITORIAL-y-DEL-ATLAS-DE-RIESGO-1-300x200.jpeg\" alt=\"\" width=\"300\" height=\"200\" srcset=\"https:\/\/cuernavaca.gob.mx\/wp-content\/uploads\/2023\/09\/AVANZA-AYUNTAMIENTO-DE-CUERNAVACA-EN-LA-ACTUALIZACION-DEL-PROGRAMA-DE-ORDENAMIENTO-ECOLOGICO-TERRITORIAL-y-DEL-ATLAS-DE-RIESGO-1-300x200.jpeg 300w, https:\/\/cuernavaca.gob.mx\/wp-content\/uploads\/2023\/09\/AVANZA-AYUNTAMIENTO-DE-CUERNAVACA-EN-LA-ACTUALIZACION-DEL-PROGRAMA-DE-ORDENAMIENTO-ECOLOGICO-TERRITORIAL-y-DEL-ATLAS-DE-RIESGO-1-1024x682.jpeg 1024w, https:\/\/cuernavaca.gob.mx\/wp-content\/uploads\/2023\/09\/AVANZA-AYUNTAMIENTO-DE-CUERNAVACA-EN-LA-ACTUALIZACION-DEL-PROGRAMA-DE-ORDENAMIENTO-ECOLOGICO-TERRITORIAL-y-DEL-ATLAS-DE-RIESGO-1-768x512.jpeg 768w, https:\/\/cuernavaca.gob.mx\/wp-content\/uploads\/2023\/09\/AVANZA-AYUNTAMIENTO-DE-CUERNAVACA-EN-LA-ACTUALIZACION-DEL-PROGRAMA-DE-ORDENAMIENTO-ECOLOGICO-TERRITORIAL-y-DEL-ATLAS-DE-RIESGO-1-1536x1023.jpeg 1536w, https:\/\/cuernavaca.gob.mx\/wp-content\/uploads\/2023\/09\/AVANZA-AYUNTAMIENTO-DE-CUERNAVACA-EN-LA-ACTUALIZACION-DEL-PROGRAMA-DE-ORDENAMIENTO-ECOLOGICO-TERRITORIAL-y-DEL-ATLAS-DE-RIESGO-1-600x400.jpeg 600w, https:\/\/cuernavaca.gob.mx\/wp-content\/uploads\/2023\/09\/AVANZA-AYUNTAMIENTO-DE-CUERNAVACA-EN-LA-ACTUALIZACION-DEL-PROGRAMA-DE-ORDENAMIENTO-ECOLOGICO-TERRITORIAL-y-DEL-ATLAS-DE-RIESGO-1-560x373.jpeg 560w, https:\/\/cuernavaca.gob.mx\/wp-content\/uploads\/2023\/09\/AVANZA-AYUNTAMIENTO-DE-CUERNAVACA-EN-LA-ACTUALIZACION-DEL-PROGRAMA-DE-ORDENAMIENTO-ECOLOGICO-TERRITORIAL-y-DEL-ATLAS-DE-RIESGO-1.jpeg 1600w\" sizes=\"(max-width: 300px) 100vw, 300px\" \/> <img loading=\"lazy\" class=\"alignnone size-medium wp-image-32400\" src=\"https:\/\/cuernavaca.gob.mx\/wp-content\/uploads\/2023\/09\/AVANZA-AYUNTAMIENTO-DE-CUERNAVACA-EN-LA-ACTUALIZACION-DEL-PROGRAMA-DE-ORDENAMIENTO-ECOLOGICO-TERRITORIAL-y-DEL-ATLAS-DE-RIESGO-2-300x200.jpeg\" alt=\"\" width=\"300\" height=\"200\" srcset=\"https:\/\/cuernavaca.gob.mx\/wp-content\/uploads\/2023\/09\/AVANZA-AYUNTAMIENTO-DE-CUERNAVACA-EN-LA-ACTUALIZACION-DEL-PROGRAMA-DE-ORDENAMIENTO-ECOLOGICO-TERRITORIAL-y-DEL-ATLAS-DE-RIESGO-2-300x200.jpeg 300w, https:\/\/cuernavaca.gob.mx\/wp-content\/uploads\/2023\/09\/AVANZA-AYUNTAMIENTO-DE-CUERNAVACA-EN-LA-ACTUALIZACION-DEL-PROGRAMA-DE-ORDENAMIENTO-ECOLOGICO-TERRITORIAL-y-DEL-ATLAS-DE-RIESGO-2-1024x682.jpeg 1024w, https:\/\/cuernavaca.gob.mx\/wp-content\/uploads\/2023\/09\/AVANZA-AYUNTAMIENTO-DE-CUERNAVACA-EN-LA-ACTUALIZACION-DEL-PROGRAMA-DE-ORDENAMIENTO-ECOLOGICO-TERRITORIAL-y-DEL-ATLAS-DE-RIESGO-2-768x512.jpeg 768w, https:\/\/cuernavaca.gob.mx\/wp-content\/uploads\/2023\/09\/AVANZA-AYUNTAMIENTO-DE-CUERNAVACA-EN-LA-ACTUALIZACION-DEL-PROGRAMA-DE-ORDENAMIENTO-ECOLOGICO-TERRITORIAL-y-DEL-ATLAS-DE-RIESGO-2-1536x1023.jpeg 1536w, https:\/\/cuernavaca.gob.mx\/wp-content\/uploads\/2023\/09\/AVANZA-AYUNTAMIENTO-DE-CUERNAVACA-EN-LA-ACTUALIZACION-DEL-PROGRAMA-DE-ORDENAMIENTO-ECOLOGICO-TERRITORIAL-y-DEL-ATLAS-DE-RIESGO-2-600x400.jpeg 600w, https:\/\/cuernavaca.gob.mx\/wp-content\/uploads\/2023\/09\/AVANZA-AYUNTAMIENTO-DE-CUERNAVACA-EN-LA-ACTUALIZACION-DEL-PROGRAMA-DE-ORDENAMIENTO-ECOLOGICO-TERRITORIAL-y-DEL-ATLAS-DE-RIESGO-2-560x373.jpeg 560w, https:\/\/cuernavaca.gob.mx\/wp-content\/uploads\/2023\/09\/AVANZA-AYUNTAMIENTO-DE-CUERNAVACA-EN-LA-ACTUALIZACION-DEL-PROGRAMA-DE-ORDENAMIENTO-ECOLOGICO-TERRITORIAL-y-DEL-ATLAS-DE-RIESGO-2.jpeg 1600w\" sizes=\"(max-width: 300px) 100vw, 300px\" \/> <img loading=\"lazy\" class=\"alignnone size-medium wp-image-32401\" src=\"https:\/\/cuernavaca.gob.mx\/wp-content\/uploads\/2023\/09\/AVANZA-AYUNTAMIENTO-DE-CUERNAVACA-EN-LA-ACTUALIZACION-DEL-PROGRAMA-DE-ORDENAMIENTO-ECOLOGICO-TERRITORIAL-y-DEL-ATLAS-DE-RIESGO-3-300x200.jpeg\" alt=\"\" width=\"300\" height=\"200\" srcset=\"https:\/\/cuernavaca.gob.mx\/wp-content\/uploads\/2023\/09\/AVANZA-AYUNTAMIENTO-DE-CUERNAVACA-EN-LA-ACTUALIZACION-DEL-PROGRAMA-DE-ORDENAMIENTO-ECOLOGICO-TERRITORIAL-y-DEL-ATLAS-DE-RIESGO-3-300x200.jpeg 300w, https:\/\/cuernavaca.gob.mx\/wp-content\/uploads\/2023\/09\/AVANZA-AYUNTAMIENTO-DE-CUERNAVACA-EN-LA-ACTUALIZACION-DEL-PROGRAMA-DE-ORDENAMIENTO-ECOLOGICO-TERRITORIAL-y-DEL-ATLAS-DE-RIESGO-3-1024x682.jpeg 1024w, https:\/\/cuernavaca.gob.mx\/wp-content\/uploads\/2023\/09\/AVANZA-AYUNTAMIENTO-DE-CUERNAVACA-EN-LA-ACTUALIZACION-DEL-PROGRAMA-DE-ORDENAMIENTO-ECOLOGICO-TERRITORIAL-y-DEL-ATLAS-DE-RIESGO-3-768x512.jpeg 768w, https:\/\/cuernavaca.gob.mx\/wp-content\/uploads\/2023\/09\/AVANZA-AYUNTAMIENTO-DE-CUERNAVACA-EN-LA-ACTUALIZACION-DEL-PROGRAMA-DE-ORDENAMIENTO-ECOLOGICO-TERRITORIAL-y-DEL-ATLAS-DE-RIESGO-3-1536x1023.jpeg 1536w, https:\/\/cuernavaca.gob.mx\/wp-content\/uploads\/2023\/09\/AVANZA-AYUNTAMIENTO-DE-CUERNAVACA-EN-LA-ACTUALIZACION-DEL-PROGRAMA-DE-ORDENAMIENTO-ECOLOGICO-TERRITORIAL-y-DEL-ATLAS-DE-RIESGO-3-600x400.jpeg 600w, https:\/\/cuernavaca.gob.mx\/wp-content\/uploads\/2023\/09\/AVANZA-AYUNTAMIENTO-DE-CUERNAVACA-EN-LA-ACTUALIZACION-DEL-PROGRAMA-DE-ORDENAMIENTO-ECOLOGICO-TERRITORIAL-y-DEL-ATLAS-DE-RIESGO-3-560x373.jpeg 560w, https:\/\/cuernavaca.gob.mx\/wp-content\/uploads\/2023\/09\/AVANZA-AYUNTAMIENTO-DE-CUERNAVACA-EN-LA-ACTUALIZACION-DEL-PROGRAMA-DE-ORDENAMIENTO-ECOLOGICO-TERRITORIAL-y-DEL-ATLAS-DE-RIESGO-3.jpeg 1600w\" sizes=\"(max-width: 300px) 100vw, 300px\" \/> <img loading=\"lazy\" class=\"alignnone size-medium wp-image-32402\" src=\"https:\/\/cuernavaca.gob.mx\/wp-content\/uploads\/2023\/09\/AVANZA-AYUNTAMIENTO-DE-CUERNAVACA-EN-LA-ACTUALIZACION-DEL-PROGRAMA-DE-ORDENAMIENTO-ECOLOGICO-TERRITORIAL-y-DEL-ATLAS-DE-RIESGO-4-300x200.jpeg\" alt=\"\" width=\"300\" height=\"200\" srcset=\"https:\/\/cuernavaca.gob.mx\/wp-content\/uploads\/2023\/09\/AVANZA-AYUNTAMIENTO-DE-CUERNAVACA-EN-LA-ACTUALIZACION-DEL-PROGRAMA-DE-ORDENAMIENTO-ECOLOGICO-TERRITORIAL-y-DEL-ATLAS-DE-RIESGO-4-300x200.jpeg 300w, https:\/\/cuernavaca.gob.mx\/wp-content\/uploads\/2023\/09\/AVANZA-AYUNTAMIENTO-DE-CUERNAVACA-EN-LA-ACTUALIZACION-DEL-PROGRAMA-DE-ORDENAMIENTO-ECOLOGICO-TERRITORIAL-y-DEL-ATLAS-DE-RIESGO-4-1024x682.jpeg 1024w, https:\/\/cuernavaca.gob.mx\/wp-content\/uploads\/2023\/09\/AVANZA-AYUNTAMIENTO-DE-CUERNAVACA-EN-LA-ACTUALIZACION-DEL-PROGRAMA-DE-ORDENAMIENTO-ECOLOGICO-TERRITORIAL-y-DEL-ATLAS-DE-RIESGO-4-768x512.jpeg 768w, https:\/\/cuernavaca.gob.mx\/wp-content\/uploads\/2023\/09\/AVANZA-AYUNTAMIENTO-DE-CUERNAVACA-EN-LA-ACTUALIZACION-DEL-PROGRAMA-DE-ORDENAMIENTO-ECOLOGICO-TERRITORIAL-y-DEL-ATLAS-DE-RIESGO-4-1536x1023.jpeg 1536w, https:\/\/cuernavaca.gob.mx\/wp-content\/uploads\/2023\/09\/AVANZA-AYUNTAMIENTO-DE-CUERNAVACA-EN-LA-ACTUALIZACION-DEL-PROGRAMA-DE-ORDENAMIENTO-ECOLOGICO-TERRITORIAL-y-DEL-ATLAS-DE-RIESGO-4-600x400.jpeg 600w, https:\/\/cuernavaca.gob.mx\/wp-content\/uploads\/2023\/09\/AVANZA-AYUNTAMIENTO-DE-CUERNAVACA-EN-LA-ACTUALIZACION-DEL-PROGRAMA-DE-ORDENAMIENTO-ECOLOGICO-TERRITORIAL-y-DEL-ATLAS-DE-RIESGO-4-560x373.jpeg 560w, https:\/\/cuernavaca.gob.mx\/wp-content\/uploads\/2023\/09\/AVANZA-AYUNTAMIENTO-DE-CUERNAVACA-EN-LA-ACTUALIZACION-DEL-PROGRAMA-DE-ORDENAMIENTO-ECOLOGICO-TERRITORIAL-y-DEL-ATLAS-DE-RIESGO-4.jpeg 1600w\" sizes=\"(max-width: 300px) 100vw, 300px\" \/> <img loading=\"lazy\" class=\"alignnone size-medium wp-image-32403\" src=\"https:\/\/cuernavaca.gob.mx\/wp-content\/uploads\/2023\/09\/AVANZA-AYUNTAMIENTO-DE-CUERNAVACA-EN-LA-ACTUALIZACION-DEL-PROGRAMA-DE-ORDENAMIENTO-ECOLOGICO-TERRITORIAL-y-DEL-ATLAS-DE-RIESGO-5-300x200.jpeg\" alt=\"\" width=\"300\" height=\"200\" srcset=\"https:\/\/cuernavaca.gob.mx\/wp-content\/uploads\/2023\/09\/AVANZA-AYUNTAMIENTO-DE-CUERNAVACA-EN-LA-ACTUALIZACION-DEL-PROGRAMA-DE-ORDENAMIENTO-ECOLOGICO-TERRITORIAL-y-DEL-ATLAS-DE-RIESGO-5-300x200.jpeg 300w, https:\/\/cuernavaca.gob.mx\/wp-content\/uploads\/2023\/09\/AVANZA-AYUNTAMIENTO-DE-CUERNAVACA-EN-LA-ACTUALIZACION-DEL-PROGRAMA-DE-ORDENAMIENTO-ECOLOGICO-TERRITORIAL-y-DEL-ATLAS-DE-RIESGO-5-1024x682.jpeg 1024w, https:\/\/cuernavaca.gob.mx\/wp-content\/uploads\/2023\/09\/AVANZA-AYUNTAMIENTO-DE-CUERNAVACA-EN-LA-ACTUALIZACION-DEL-PROGRAMA-DE-ORDENAMIENTO-ECOLOGICO-TERRITORIAL-y-DEL-ATLAS-DE-RIESGO-5-768x512.jpeg 768w, https:\/\/cuernavaca.gob.mx\/wp-content\/uploads\/2023\/09\/AVANZA-AYUNTAMIENTO-DE-CUERNAVACA-EN-LA-ACTUALIZACION-DEL-PROGRAMA-DE-ORDENAMIENTO-ECOLOGICO-TERRITORIAL-y-DEL-ATLAS-DE-RIESGO-5-1536x1023.jpeg 1536w, https:\/\/cuernavaca.gob.mx\/wp-content\/uploads\/2023\/09\/AVANZA-AYUNTAMIENTO-DE-CUERNAVACA-EN-LA-ACTUALIZACION-DEL-PROGRAMA-DE-ORDENAMIENTO-ECOLOGICO-TERRITORIAL-y-DEL-ATLAS-DE-RIESGO-5-600x400.jpeg 600w, https:\/\/cuernavaca.gob.mx\/wp-content\/uploads\/2023\/09\/AVANZA-AYUNTAMIENTO-DE-CUERNAVACA-EN-LA-ACTUALIZACION-DEL-PROGRAMA-DE-ORDENAMIENTO-ECOLOGICO-TERRITORIAL-y-DEL-ATLAS-DE-RIESGO-5-560x373.jpeg 560w, https:\/\/cuernavaca.gob.mx\/wp-content\/uploads\/2023\/09\/AVANZA-AYUNTAMIENTO-DE-CUERNAVACA-EN-LA-ACTUALIZACION-DEL-PROGRAMA-DE-ORDENAMIENTO-ECOLOGICO-TERRITORIAL-y-DEL-ATLAS-DE-RIESGO-5.jpeg 1600w\" sizes=\"(max-width: 300px) 100vw, 300px\" \/><\/div>\n","protected":false},"excerpt":{"rendered":"<p>\u2022 El Cabildo de Cuernavaca aprob\u00f3 la transferencia de recursos hasta por la cantidad de tres millones 700 mil pesos del rubro &#8220;compra de veh\u00edculos&#8221; para la contrataci\u00f3n de estos cuerpos normativos tan necesarios \u00a0 Para que Cuernavaca siga avanzando hacia la modernidad y dar atenci\u00f3n espec\u00edfica a las necesidades actuales de la poblaci\u00f3n y [&hellip;]<\/p>\n","protected":false},"author":1,"featured_media":32400,"comment_status":"closed","ping_status":"open","sticky":false,"template":"","format":"standard","meta":[],"categories":[3047],"tags":[3313,2206,121,120,206,1291],"aioseo_notices":[],"_links":{"self":[{"href":"https:\/\/cuernavaca.gob.mx\/index.php?rest_route=\/wp\/v2\/posts\/32398"}],"collection":[{"href":"https:\/\/cuernavaca.gob.mx\/index.php?rest_route=\/wp\/v2\/posts"}],"about":[{"href":"https:\/\/cuernavaca.gob.mx\/index.php?rest_route=\/wp\/v2\/types\/post"}],"author":[{"embeddable":true,"href":"https:\/\/cuernavaca.gob.mx\/index.php?rest_route=\/wp\/v2\/users\/1"}],"replies":[{"embeddable":true,"href":"https:\/\/cuernavaca.gob.mx\/index.php?rest_route=%2Fwp%2Fv2%2Fcomments&post=32398"}],"version-history":[{"count":1,"href":"https:\/\/cuernavaca.gob.mx\/index.php?rest_route=\/wp\/v2\/posts\/32398\/revisions"}],"predecessor-version":[{"id":32404,"href":"https:\/\/cuernavaca.gob.mx\/index.php?rest_route=\/wp\/v2\/posts\/32398\/revisions\/32404"}],"wp:featuredmedia":[{"embeddable":true,"href":"https:\/\/cuernavaca.gob.mx\/index.php?rest_route=\/wp\/v2\/media\/32400"}],"wp:attachment":[{"href":"https:\/\/cuernavaca.gob.mx\/index.php?rest_route=%2Fwp%2Fv2%2Fmedia&parent=32398"}],"wp:term":[{"taxonomy":"category","embeddable":true,"href":"https:\/\/cuernavaca.gob.mx\/index.php?rest_route=%2Fwp%2Fv2%2Fcategories&post=32398"},{"taxonomy":"post_tag","embeddable":true,"href":"https:\/\/cuernavaca.gob.mx\/index.php?rest_route=%2Fwp%2Fv2%2Ftags&post=32398"}],"curies":[{"name":"wp","href":"https:\/\/api.w.org\/{rel}","templated":true}]}}