{"id":32459,"date":"2023-09-11T16:00:38","date_gmt":"2023-09-11T22:00:38","guid":{"rendered":"https:\/\/cuernavaca.gob.mx\/?p=32459"},"modified":"2025-05-06T14:09:59","modified_gmt":"2025-05-06T20:09:59","slug":"b1258-11-09-23-jose-luis-uriostegui-da-banderazo-a-obra-para-mejorar-distribucion-de-agua-potable-en-colonias-que-abastece-el-pozo-bosques-imss","status":"publish","type":"post","link":"https:\/\/cuernavaca.gob.mx\/?p=32459","title":{"rendered":"B1258 11\/09\/23 JOS\u00c9 LUIS URI\u00d3STEGUI DA BANDERAZO A OBRA PARA MEJORAR DISTRIBUCI\u00d3N DE AGUA POTABLE EN COLONIAS QUE ABASTECE EL POZO BOSQUES-IMSS"},"content":{"rendered":"<p><strong>-Este lunes el presidente municipal e integrantes del Cabildo encabezaron el inicio de los trabajos de rehabilitaci\u00f3n del sistema de agua en las calles Del Bosque, Privada Ni\u00f1os H\u00e9roes, y avenidas Plan de Ayala y Cuauhn\u00e1huac<\/strong><\/p>\n<p>&#8220;Este es el a\u00f1o del agua potable para Cuernavaca, es el a\u00f1o de la seguridad p\u00fablica y es el a\u00f1o de obras p\u00fablicas. Entre lo invertido el a\u00f1o pasado y este a\u00f1o son casi 400 millones de pesos que el Ayuntamiento est\u00e1 destinando a obra p\u00fablica con aportaciones de FAIS el a\u00f1o pasado y FAISMUN este a\u00f1o; adem\u00e1s recursos que provienen del pago del impuesto predial, son cifras que no se hab\u00edan tenido antes&#8221;, asever\u00f3 este lunes el presidente municipal, Jos\u00e9 Luis Uri\u00f3stegui Salgado, al encabezar una gira m\u00e1s de trabajos en la capital morelense.<\/p>\n<p>En el marco del banderazo de inicio de la obra de rehabilitaci\u00f3n del sistema de agua entubada (l\u00ednea de conducci\u00f3n) del Pozo IMSS en las calles Del Bosque, Privada Ni\u00f1os H\u00e9roes, y avenidas Plan de Ayala y Cuauhn\u00e1huac, el alcalde, acompa\u00f1ado de integrantes del Cabildo y Gabinete, puntualiz\u00f3 que al considerar el agua potable como un tema fundamental a atender, desde el momento en que se design\u00f3 al cuerpo edilicio electo empezaron a analizar c\u00f3mo resolverlo, iniciando en el 2022 con algunas peque\u00f1as inversiones que se consolidaron este a\u00f1o en apoyo al Sistema de Agua Potable y Alcantarillado de Cuernavaca (SAPAC).<\/p>\n<p>En este sentido, Jos\u00e9 Luis Uri\u00f3stegui refiri\u00f3 que est\u00e1n invirtiendo m\u00e1s de 25 millones de pesos para la rehabilitaci\u00f3n de 22 pozos, de los cuales 10 pozos ya est\u00e1n totalmente concluidos y funcionando, esperando que a m\u00e1s tardar en el mes de diciembre todos est\u00e9n operando, lo que contribuir\u00e1 a que la distribuci\u00f3n del caudal del vital l\u00edquido llegue a todas las zonas que se requiere.<\/p>\n<p>La explicaci\u00f3n t\u00e9cnica de la obra qued\u00f3 en manos del secretario de Desarrollo Urbano y Obras P\u00fablicas, Demetrio Chavira de la Torre, quien indic\u00f3 que con una inversi\u00f3n de cuatro millones 873 mil 582.62 pesos provenientes del Fondo de Aportaciones para la Infraestructura Social (FAISMUN) ser\u00e1n beneficiados tres mil 250 habitantes directos.<\/p>\n<p>En un periodo de ejecuci\u00f3n de 90 d\u00edas, se\u00f1al\u00f3 que se har\u00e1 el suministro de instalaci\u00f3n de tuber\u00eda de PVC de cuatro pulgadas a 277.68 metros lineales, el suministro e instalaci\u00f3n de tuber\u00eda PVC de seis pulgadas a 532 metros lineales, y el suministro de tuber\u00eda de acero soldada de seis pulgadas a 283 metros lineales, recorriendo la l\u00ednea de agua por abajo del Paso Express desde donde est\u00e1 ubicado el pozo para conectarlo enfrente del IMSS y terminar en avenida Plan de Ayala.<\/p>\n<p>Al respecto, el titular de la Direcci\u00f3n T\u00e9cnica de SAPAC, H\u00e9ctor Polanco Ch\u00e1vez, precis\u00f3 que esta obra es complementaria a la rehabilitaci\u00f3n integral que se hizo hace unos d\u00edas en el Pozo Bosques- IMSS y que pr\u00f3ximamente iniciar\u00e1n en el Pozo Jacarandas, recuperando el caudal que hace falta en esta zona para mejorar el servicio de distribuci\u00f3n del agua potable.<\/p>\n<p>En representaci\u00f3n del Cabildo, la regidora Wendi Salinas Ruiz, indic\u00f3 que esta obra es una muestra m\u00e1s de la pol\u00edtica de puertas abiertas que ha mantenido la presente administraci\u00f3n encabezada por Jos\u00e9 Luis Uri\u00f3stegui Salgado, para no solo escuchar, sino tambi\u00e9n atender las necesidades de la poblaci\u00f3n con transparencia y rendici\u00f3n de cuentas, ya que para estos trabajos se instal\u00f3 un Comit\u00e9 de Participaci\u00f3n Social conformado por vecinos que ser\u00e1n vigilantes de la correcta aplicaci\u00f3n de los recursos p\u00fablicos.<\/p>\n<p>A nombre de los beneficiarios, el presidente del Comit\u00e9 de Participaci\u00f3n Social de la obra, el ingeniero Armando Salgado Torres, manifest\u00f3 su agradecimiento al Gobierno Municipal por priorizar este a\u00f1o la ejecuci\u00f3n de esta obra, avalando que coadyuvar\u00e1n en que estos trabajos se lleven a cabo con la mayor eficiencia y control de calidad.<\/p>\n<p>En el evento se cont\u00f3 con la asistencia de la s\u00edndica municipal, Ver\u00f3nica Atenco P\u00e9rez; de la regidora Mireya Delgado Romero; de la directora general de SAPAC, Evelia Flores Hern\u00e1ndez; del coordinador del COPLADEMUN, Luis Enrique Mart\u00ednez Catal\u00e1n y del titular de la Delegaci\u00f3n Vicente Guerrero Salda\u00f1a, Ociel Bahena Flores.<\/p>\n<p><img loading=\"lazy\" class=\"alignnone size-medium wp-image-32460\" src=\"https:\/\/cuernavaca.gob.mx\/wp-content\/uploads\/2023\/09\/JOSE\u0301-LUIS-URIO\u0301STEGUI-DA-BANDERAZO-A-OBRA-PARA-MEJORAR-DISTRIBUCIO\u0301N-DE-AGUA-POTABLE-EN-COLONIAS-QUE-ABASTECE-EL-POZO-BOSQUES-IMSS-1-300x200.jpg\" alt=\"\" width=\"300\" height=\"200\" srcset=\"https:\/\/cuernavaca.gob.mx\/wp-content\/uploads\/2023\/09\/JOSE\u0301-LUIS-URIO\u0301STEGUI-DA-BANDERAZO-A-OBRA-PARA-MEJORAR-DISTRIBUCIO\u0301N-DE-AGUA-POTABLE-EN-COLONIAS-QUE-ABASTECE-EL-POZO-BOSQUES-IMSS-1-300x200.jpg 300w, https:\/\/cuernavaca.gob.mx\/wp-content\/uploads\/2023\/09\/JOSE\u0301-LUIS-URIO\u0301STEGUI-DA-BANDERAZO-A-OBRA-PARA-MEJORAR-DISTRIBUCIO\u0301N-DE-AGUA-POTABLE-EN-COLONIAS-QUE-ABASTECE-EL-POZO-BOSQUES-IMSS-1-1024x682.jpg 1024w, https:\/\/cuernavaca.gob.mx\/wp-content\/uploads\/2023\/09\/JOSE\u0301-LUIS-URIO\u0301STEGUI-DA-BANDERAZO-A-OBRA-PARA-MEJORAR-DISTRIBUCIO\u0301N-DE-AGUA-POTABLE-EN-COLONIAS-QUE-ABASTECE-EL-POZO-BOSQUES-IMSS-1-768x512.jpg 768w, https:\/\/cuernavaca.gob.mx\/wp-content\/uploads\/2023\/09\/JOSE\u0301-LUIS-URIO\u0301STEGUI-DA-BANDERAZO-A-OBRA-PARA-MEJORAR-DISTRIBUCIO\u0301N-DE-AGUA-POTABLE-EN-COLONIAS-QUE-ABASTECE-EL-POZO-BOSQUES-IMSS-1-1536x1023.jpg 1536w, https:\/\/cuernavaca.gob.mx\/wp-content\/uploads\/2023\/09\/JOSE\u0301-LUIS-URIO\u0301STEGUI-DA-BANDERAZO-A-OBRA-PARA-MEJORAR-DISTRIBUCIO\u0301N-DE-AGUA-POTABLE-EN-COLONIAS-QUE-ABASTECE-EL-POZO-BOSQUES-IMSS-1-600x400.jpg 600w, https:\/\/cuernavaca.gob.mx\/wp-content\/uploads\/2023\/09\/JOSE\u0301-LUIS-URIO\u0301STEGUI-DA-BANDERAZO-A-OBRA-PARA-MEJORAR-DISTRIBUCIO\u0301N-DE-AGUA-POTABLE-EN-COLONIAS-QUE-ABASTECE-EL-POZO-BOSQUES-IMSS-1-560x373.jpg 560w, https:\/\/cuernavaca.gob.mx\/wp-content\/uploads\/2023\/09\/JOSE\u0301-LUIS-URIO\u0301STEGUI-DA-BANDERAZO-A-OBRA-PARA-MEJORAR-DISTRIBUCIO\u0301N-DE-AGUA-POTABLE-EN-COLONIAS-QUE-ABASTECE-EL-POZO-BOSQUES-IMSS-1.jpg 1600w\" sizes=\"(max-width: 300px) 100vw, 300px\" \/> <img loading=\"lazy\" class=\"alignnone size-medium wp-image-32461\" src=\"https:\/\/cuernavaca.gob.mx\/wp-content\/uploads\/2023\/09\/JOSE\u0301-LUIS-URIO\u0301STEGUI-DA-BANDERAZO-A-OBRA-PARA-MEJORAR-DISTRIBUCIO\u0301N-DE-AGUA-POTABLE-EN-COLONIAS-QUE-ABASTECE-EL-POZO-BOSQUES-IMSS-2-300x200.jpg\" alt=\"\" width=\"300\" height=\"200\" srcset=\"https:\/\/cuernavaca.gob.mx\/wp-content\/uploads\/2023\/09\/JOSE\u0301-LUIS-URIO\u0301STEGUI-DA-BANDERAZO-A-OBRA-PARA-MEJORAR-DISTRIBUCIO\u0301N-DE-AGUA-POTABLE-EN-COLONIAS-QUE-ABASTECE-EL-POZO-BOSQUES-IMSS-2-300x200.jpg 300w, https:\/\/cuernavaca.gob.mx\/wp-content\/uploads\/2023\/09\/JOSE\u0301-LUIS-URIO\u0301STEGUI-DA-BANDERAZO-A-OBRA-PARA-MEJORAR-DISTRIBUCIO\u0301N-DE-AGUA-POTABLE-EN-COLONIAS-QUE-ABASTECE-EL-POZO-BOSQUES-IMSS-2-1024x682.jpg 1024w, https:\/\/cuernavaca.gob.mx\/wp-content\/uploads\/2023\/09\/JOSE\u0301-LUIS-URIO\u0301STEGUI-DA-BANDERAZO-A-OBRA-PARA-MEJORAR-DISTRIBUCIO\u0301N-DE-AGUA-POTABLE-EN-COLONIAS-QUE-ABASTECE-EL-POZO-BOSQUES-IMSS-2-768x512.jpg 768w, https:\/\/cuernavaca.gob.mx\/wp-content\/uploads\/2023\/09\/JOSE\u0301-LUIS-URIO\u0301STEGUI-DA-BANDERAZO-A-OBRA-PARA-MEJORAR-DISTRIBUCIO\u0301N-DE-AGUA-POTABLE-EN-COLONIAS-QUE-ABASTECE-EL-POZO-BOSQUES-IMSS-2-1536x1023.jpg 1536w, https:\/\/cuernavaca.gob.mx\/wp-content\/uploads\/2023\/09\/JOSE\u0301-LUIS-URIO\u0301STEGUI-DA-BANDERAZO-A-OBRA-PARA-MEJORAR-DISTRIBUCIO\u0301N-DE-AGUA-POTABLE-EN-COLONIAS-QUE-ABASTECE-EL-POZO-BOSQUES-IMSS-2-600x400.jpg 600w, https:\/\/cuernavaca.gob.mx\/wp-content\/uploads\/2023\/09\/JOSE\u0301-LUIS-URIO\u0301STEGUI-DA-BANDERAZO-A-OBRA-PARA-MEJORAR-DISTRIBUCIO\u0301N-DE-AGUA-POTABLE-EN-COLONIAS-QUE-ABASTECE-EL-POZO-BOSQUES-IMSS-2-560x373.jpg 560w, https:\/\/cuernavaca.gob.mx\/wp-content\/uploads\/2023\/09\/JOSE\u0301-LUIS-URIO\u0301STEGUI-DA-BANDERAZO-A-OBRA-PARA-MEJORAR-DISTRIBUCIO\u0301N-DE-AGUA-POTABLE-EN-COLONIAS-QUE-ABASTECE-EL-POZO-BOSQUES-IMSS-2.jpg 1600w\" sizes=\"(max-width: 300px) 100vw, 300px\" \/> <img loading=\"lazy\" class=\"alignnone size-medium wp-image-32462\" src=\"https:\/\/cuernavaca.gob.mx\/wp-content\/uploads\/2023\/09\/JOSE\u0301-LUIS-URIO\u0301STEGUI-DA-BANDERAZO-A-OBRA-PARA-MEJORAR-DISTRIBUCIO\u0301N-DE-AGUA-POTABLE-EN-COLONIAS-QUE-ABASTECE-EL-POZO-BOSQUES-IMSS-3-300x200.jpg\" alt=\"\" width=\"300\" height=\"200\" srcset=\"https:\/\/cuernavaca.gob.mx\/wp-content\/uploads\/2023\/09\/JOSE\u0301-LUIS-URIO\u0301STEGUI-DA-BANDERAZO-A-OBRA-PARA-MEJORAR-DISTRIBUCIO\u0301N-DE-AGUA-POTABLE-EN-COLONIAS-QUE-ABASTECE-EL-POZO-BOSQUES-IMSS-3-300x200.jpg 300w, https:\/\/cuernavaca.gob.mx\/wp-content\/uploads\/2023\/09\/JOSE\u0301-LUIS-URIO\u0301STEGUI-DA-BANDERAZO-A-OBRA-PARA-MEJORAR-DISTRIBUCIO\u0301N-DE-AGUA-POTABLE-EN-COLONIAS-QUE-ABASTECE-EL-POZO-BOSQUES-IMSS-3-1024x682.jpg 1024w, https:\/\/cuernavaca.gob.mx\/wp-content\/uploads\/2023\/09\/JOSE\u0301-LUIS-URIO\u0301STEGUI-DA-BANDERAZO-A-OBRA-PARA-MEJORAR-DISTRIBUCIO\u0301N-DE-AGUA-POTABLE-EN-COLONIAS-QUE-ABASTECE-EL-POZO-BOSQUES-IMSS-3-768x512.jpg 768w, https:\/\/cuernavaca.gob.mx\/wp-content\/uploads\/2023\/09\/JOSE\u0301-LUIS-URIO\u0301STEGUI-DA-BANDERAZO-A-OBRA-PARA-MEJORAR-DISTRIBUCIO\u0301N-DE-AGUA-POTABLE-EN-COLONIAS-QUE-ABASTECE-EL-POZO-BOSQUES-IMSS-3-600x400.jpg 600w, https:\/\/cuernavaca.gob.mx\/wp-content\/uploads\/2023\/09\/JOSE\u0301-LUIS-URIO\u0301STEGUI-DA-BANDERAZO-A-OBRA-PARA-MEJORAR-DISTRIBUCIO\u0301N-DE-AGUA-POTABLE-EN-COLONIAS-QUE-ABASTECE-EL-POZO-BOSQUES-IMSS-3-560x373.jpg 560w, https:\/\/cuernavaca.gob.mx\/wp-content\/uploads\/2023\/09\/JOSE\u0301-LUIS-URIO\u0301STEGUI-DA-BANDERAZO-A-OBRA-PARA-MEJORAR-DISTRIBUCIO\u0301N-DE-AGUA-POTABLE-EN-COLONIAS-QUE-ABASTECE-EL-POZO-BOSQUES-IMSS-3.jpg 1280w\" sizes=\"(max-width: 300px) 100vw, 300px\" \/> <img loading=\"lazy\" class=\"alignnone size-medium wp-image-32463\" src=\"https:\/\/cuernavaca.gob.mx\/wp-content\/uploads\/2023\/09\/JOSE\u0301-LUIS-URIO\u0301STEGUI-DA-BANDERAZO-A-OBRA-PARA-MEJORAR-DISTRIBUCIO\u0301N-DE-AGUA-POTABLE-EN-COLONIAS-QUE-ABASTECE-EL-POZO-BOSQUES-IMSS-4-300x200.jpg\" alt=\"\" width=\"300\" height=\"200\" srcset=\"https:\/\/cuernavaca.gob.mx\/wp-content\/uploads\/2023\/09\/JOSE\u0301-LUIS-URIO\u0301STEGUI-DA-BANDERAZO-A-OBRA-PARA-MEJORAR-DISTRIBUCIO\u0301N-DE-AGUA-POTABLE-EN-COLONIAS-QUE-ABASTECE-EL-POZO-BOSQUES-IMSS-4-300x200.jpg 300w, https:\/\/cuernavaca.gob.mx\/wp-content\/uploads\/2023\/09\/JOSE\u0301-LUIS-URIO\u0301STEGUI-DA-BANDERAZO-A-OBRA-PARA-MEJORAR-DISTRIBUCIO\u0301N-DE-AGUA-POTABLE-EN-COLONIAS-QUE-ABASTECE-EL-POZO-BOSQUES-IMSS-4-1024x682.jpg 1024w, https:\/\/cuernavaca.gob.mx\/wp-content\/uploads\/2023\/09\/JOSE\u0301-LUIS-URIO\u0301STEGUI-DA-BANDERAZO-A-OBRA-PARA-MEJORAR-DISTRIBUCIO\u0301N-DE-AGUA-POTABLE-EN-COLONIAS-QUE-ABASTECE-EL-POZO-BOSQUES-IMSS-4-768x512.jpg 768w, https:\/\/cuernavaca.gob.mx\/wp-content\/uploads\/2023\/09\/JOSE\u0301-LUIS-URIO\u0301STEGUI-DA-BANDERAZO-A-OBRA-PARA-MEJORAR-DISTRIBUCIO\u0301N-DE-AGUA-POTABLE-EN-COLONIAS-QUE-ABASTECE-EL-POZO-BOSQUES-IMSS-4-1536x1023.jpg 1536w, https:\/\/cuernavaca.gob.mx\/wp-content\/uploads\/2023\/09\/JOSE\u0301-LUIS-URIO\u0301STEGUI-DA-BANDERAZO-A-OBRA-PARA-MEJORAR-DISTRIBUCIO\u0301N-DE-AGUA-POTABLE-EN-COLONIAS-QUE-ABASTECE-EL-POZO-BOSQUES-IMSS-4-600x400.jpg 600w, https:\/\/cuernavaca.gob.mx\/wp-content\/uploads\/2023\/09\/JOSE\u0301-LUIS-URIO\u0301STEGUI-DA-BANDERAZO-A-OBRA-PARA-MEJORAR-DISTRIBUCIO\u0301N-DE-AGUA-POTABLE-EN-COLONIAS-QUE-ABASTECE-EL-POZO-BOSQUES-IMSS-4-560x373.jpg 560w, https:\/\/cuernavaca.gob.mx\/wp-content\/uploads\/2023\/09\/JOSE\u0301-LUIS-URIO\u0301STEGUI-DA-BANDERAZO-A-OBRA-PARA-MEJORAR-DISTRIBUCIO\u0301N-DE-AGUA-POTABLE-EN-COLONIAS-QUE-ABASTECE-EL-POZO-BOSQUES-IMSS-4.jpg 1600w\" sizes=\"(max-width: 300px) 100vw, 300px\" \/> <img loading=\"lazy\" class=\"alignnone size-medium wp-image-32464\" src=\"https:\/\/cuernavaca.gob.mx\/wp-content\/uploads\/2023\/09\/JOSE\u0301-LUIS-URIO\u0301STEGUI-DA-BANDERAZO-A-OBRA-PARA-MEJORAR-DISTRIBUCIO\u0301N-DE-AGUA-POTABLE-EN-COLONIAS-QUE-ABASTECE-EL-POZO-BOSQUES-IMSS-5-300x200.jpg\" alt=\"\" width=\"300\" height=\"200\" srcset=\"https:\/\/cuernavaca.gob.mx\/wp-content\/uploads\/2023\/09\/JOSE\u0301-LUIS-URIO\u0301STEGUI-DA-BANDERAZO-A-OBRA-PARA-MEJORAR-DISTRIBUCIO\u0301N-DE-AGUA-POTABLE-EN-COLONIAS-QUE-ABASTECE-EL-POZO-BOSQUES-IMSS-5-300x200.jpg 300w, https:\/\/cuernavaca.gob.mx\/wp-content\/uploads\/2023\/09\/JOSE\u0301-LUIS-URIO\u0301STEGUI-DA-BANDERAZO-A-OBRA-PARA-MEJORAR-DISTRIBUCIO\u0301N-DE-AGUA-POTABLE-EN-COLONIAS-QUE-ABASTECE-EL-POZO-BOSQUES-IMSS-5-1024x682.jpg 1024w, https:\/\/cuernavaca.gob.mx\/wp-content\/uploads\/2023\/09\/JOSE\u0301-LUIS-URIO\u0301STEGUI-DA-BANDERAZO-A-OBRA-PARA-MEJORAR-DISTRIBUCIO\u0301N-DE-AGUA-POTABLE-EN-COLONIAS-QUE-ABASTECE-EL-POZO-BOSQUES-IMSS-5-768x512.jpg 768w, https:\/\/cuernavaca.gob.mx\/wp-content\/uploads\/2023\/09\/JOSE\u0301-LUIS-URIO\u0301STEGUI-DA-BANDERAZO-A-OBRA-PARA-MEJORAR-DISTRIBUCIO\u0301N-DE-AGUA-POTABLE-EN-COLONIAS-QUE-ABASTECE-EL-POZO-BOSQUES-IMSS-5-1536x1023.jpg 1536w, https:\/\/cuernavaca.gob.mx\/wp-content\/uploads\/2023\/09\/JOSE\u0301-LUIS-URIO\u0301STEGUI-DA-BANDERAZO-A-OBRA-PARA-MEJORAR-DISTRIBUCIO\u0301N-DE-AGUA-POTABLE-EN-COLONIAS-QUE-ABASTECE-EL-POZO-BOSQUES-IMSS-5-600x400.jpg 600w, https:\/\/cuernavaca.gob.mx\/wp-content\/uploads\/2023\/09\/JOSE\u0301-LUIS-URIO\u0301STEGUI-DA-BANDERAZO-A-OBRA-PARA-MEJORAR-DISTRIBUCIO\u0301N-DE-AGUA-POTABLE-EN-COLONIAS-QUE-ABASTECE-EL-POZO-BOSQUES-IMSS-5-560x373.jpg 560w, https:\/\/cuernavaca.gob.mx\/wp-content\/uploads\/2023\/09\/JOSE\u0301-LUIS-URIO\u0301STEGUI-DA-BANDERAZO-A-OBRA-PARA-MEJORAR-DISTRIBUCIO\u0301N-DE-AGUA-POTABLE-EN-COLONIAS-QUE-ABASTECE-EL-POZO-BOSQUES-IMSS-5.jpg 1600w\" sizes=\"(max-width: 300px) 100vw, 300px\" \/> <img loading=\"lazy\" class=\"alignnone size-medium wp-image-32465\" src=\"https:\/\/cuernavaca.gob.mx\/wp-content\/uploads\/2023\/09\/JOSE\u0301-LUIS-URIO\u0301STEGUI-DA-BANDERAZO-A-OBRA-PARA-MEJORAR-DISTRIBUCIO\u0301N-DE-AGUA-POTABLE-EN-COLONIAS-QUE-ABASTECE-EL-POZO-BOSQUES-IMSS-6-300x200.jpg\" alt=\"\" width=\"300\" height=\"200\" srcset=\"https:\/\/cuernavaca.gob.mx\/wp-content\/uploads\/2023\/09\/JOSE\u0301-LUIS-URIO\u0301STEGUI-DA-BANDERAZO-A-OBRA-PARA-MEJORAR-DISTRIBUCIO\u0301N-DE-AGUA-POTABLE-EN-COLONIAS-QUE-ABASTECE-EL-POZO-BOSQUES-IMSS-6-300x200.jpg 300w, https:\/\/cuernavaca.gob.mx\/wp-content\/uploads\/2023\/09\/JOSE\u0301-LUIS-URIO\u0301STEGUI-DA-BANDERAZO-A-OBRA-PARA-MEJORAR-DISTRIBUCIO\u0301N-DE-AGUA-POTABLE-EN-COLONIAS-QUE-ABASTECE-EL-POZO-BOSQUES-IMSS-6-1024x682.jpg 1024w, https:\/\/cuernavaca.gob.mx\/wp-content\/uploads\/2023\/09\/JOSE\u0301-LUIS-URIO\u0301STEGUI-DA-BANDERAZO-A-OBRA-PARA-MEJORAR-DISTRIBUCIO\u0301N-DE-AGUA-POTABLE-EN-COLONIAS-QUE-ABASTECE-EL-POZO-BOSQUES-IMSS-6-768x512.jpg 768w, https:\/\/cuernavaca.gob.mx\/wp-content\/uploads\/2023\/09\/JOSE\u0301-LUIS-URIO\u0301STEGUI-DA-BANDERAZO-A-OBRA-PARA-MEJORAR-DISTRIBUCIO\u0301N-DE-AGUA-POTABLE-EN-COLONIAS-QUE-ABASTECE-EL-POZO-BOSQUES-IMSS-6-600x400.jpg 600w, https:\/\/cuernavaca.gob.mx\/wp-content\/uploads\/2023\/09\/JOSE\u0301-LUIS-URIO\u0301STEGUI-DA-BANDERAZO-A-OBRA-PARA-MEJORAR-DISTRIBUCIO\u0301N-DE-AGUA-POTABLE-EN-COLONIAS-QUE-ABASTECE-EL-POZO-BOSQUES-IMSS-6-560x373.jpg 560w, https:\/\/cuernavaca.gob.mx\/wp-content\/uploads\/2023\/09\/JOSE\u0301-LUIS-URIO\u0301STEGUI-DA-BANDERAZO-A-OBRA-PARA-MEJORAR-DISTRIBUCIO\u0301N-DE-AGUA-POTABLE-EN-COLONIAS-QUE-ABASTECE-EL-POZO-BOSQUES-IMSS-6.jpg 1280w\" sizes=\"(max-width: 300px) 100vw, 300px\" \/> <img loading=\"lazy\" class=\"alignnone size-medium wp-image-32466\" src=\"https:\/\/cuernavaca.gob.mx\/wp-content\/uploads\/2023\/09\/JOSE\u0301-LUIS-URIO\u0301STEGUI-DA-BANDERAZO-A-OBRA-PARA-MEJORAR-DISTRIBUCIO\u0301N-DE-AGUA-POTABLE-EN-COLONIAS-QUE-ABASTECE-EL-POZO-BOSQUES-IMSS-7-300x196.jpg\" alt=\"\" width=\"300\" height=\"196\" srcset=\"https:\/\/cuernavaca.gob.mx\/wp-content\/uploads\/2023\/09\/JOSE\u0301-LUIS-URIO\u0301STEGUI-DA-BANDERAZO-A-OBRA-PARA-MEJORAR-DISTRIBUCIO\u0301N-DE-AGUA-POTABLE-EN-COLONIAS-QUE-ABASTECE-EL-POZO-BOSQUES-IMSS-7-300x196.jpg 300w, https:\/\/cuernavaca.gob.mx\/wp-content\/uploads\/2023\/09\/JOSE\u0301-LUIS-URIO\u0301STEGUI-DA-BANDERAZO-A-OBRA-PARA-MEJORAR-DISTRIBUCIO\u0301N-DE-AGUA-POTABLE-EN-COLONIAS-QUE-ABASTECE-EL-POZO-BOSQUES-IMSS-7-1024x670.jpg 1024w, https:\/\/cuernavaca.gob.mx\/wp-content\/uploads\/2023\/09\/JOSE\u0301-LUIS-URIO\u0301STEGUI-DA-BANDERAZO-A-OBRA-PARA-MEJORAR-DISTRIBUCIO\u0301N-DE-AGUA-POTABLE-EN-COLONIAS-QUE-ABASTECE-EL-POZO-BOSQUES-IMSS-7-768x502.jpg 768w, https:\/\/cuernavaca.gob.mx\/wp-content\/uploads\/2023\/09\/JOSE\u0301-LUIS-URIO\u0301STEGUI-DA-BANDERAZO-A-OBRA-PARA-MEJORAR-DISTRIBUCIO\u0301N-DE-AGUA-POTABLE-EN-COLONIAS-QUE-ABASTECE-EL-POZO-BOSQUES-IMSS-7-600x392.jpg 600w, https:\/\/cuernavaca.gob.mx\/wp-content\/uploads\/2023\/09\/JOSE\u0301-LUIS-URIO\u0301STEGUI-DA-BANDERAZO-A-OBRA-PARA-MEJORAR-DISTRIBUCIO\u0301N-DE-AGUA-POTABLE-EN-COLONIAS-QUE-ABASTECE-EL-POZO-BOSQUES-IMSS-7-560x366.jpg 560w, https:\/\/cuernavaca.gob.mx\/wp-content\/uploads\/2023\/09\/JOSE\u0301-LUIS-URIO\u0301STEGUI-DA-BANDERAZO-A-OBRA-PARA-MEJORAR-DISTRIBUCIO\u0301N-DE-AGUA-POTABLE-EN-COLONIAS-QUE-ABASTECE-EL-POZO-BOSQUES-IMSS-7.jpg 1280w\" sizes=\"(max-width: 300px) 100vw, 300px\" \/> <img loading=\"lazy\" class=\"alignnone size-medium wp-image-32467\" src=\"https:\/\/cuernavaca.gob.mx\/wp-content\/uploads\/2023\/09\/JOSE\u0301-LUIS-URIO\u0301STEGUI-DA-BANDERAZO-A-OBRA-PARA-MEJORAR-DISTRIBUCIO\u0301N-DE-AGUA-POTABLE-EN-COLONIAS-QUE-ABASTECE-EL-POZO-BOSQUES-IMSS-8-300x200.jpg\" alt=\"\" width=\"300\" height=\"200\" srcset=\"https:\/\/cuernavaca.gob.mx\/wp-content\/uploads\/2023\/09\/JOSE\u0301-LUIS-URIO\u0301STEGUI-DA-BANDERAZO-A-OBRA-PARA-MEJORAR-DISTRIBUCIO\u0301N-DE-AGUA-POTABLE-EN-COLONIAS-QUE-ABASTECE-EL-POZO-BOSQUES-IMSS-8-300x200.jpg 300w, https:\/\/cuernavaca.gob.mx\/wp-content\/uploads\/2023\/09\/JOSE\u0301-LUIS-URIO\u0301STEGUI-DA-BANDERAZO-A-OBRA-PARA-MEJORAR-DISTRIBUCIO\u0301N-DE-AGUA-POTABLE-EN-COLONIAS-QUE-ABASTECE-EL-POZO-BOSQUES-IMSS-8-1024x682.jpg 1024w, https:\/\/cuernavaca.gob.mx\/wp-content\/uploads\/2023\/09\/JOSE\u0301-LUIS-URIO\u0301STEGUI-DA-BANDERAZO-A-OBRA-PARA-MEJORAR-DISTRIBUCIO\u0301N-DE-AGUA-POTABLE-EN-COLONIAS-QUE-ABASTECE-EL-POZO-BOSQUES-IMSS-8-768x512.jpg 768w, https:\/\/cuernavaca.gob.mx\/wp-content\/uploads\/2023\/09\/JOSE\u0301-LUIS-URIO\u0301STEGUI-DA-BANDERAZO-A-OBRA-PARA-MEJORAR-DISTRIBUCIO\u0301N-DE-AGUA-POTABLE-EN-COLONIAS-QUE-ABASTECE-EL-POZO-BOSQUES-IMSS-8-1536x1023.jpg 1536w, https:\/\/cuernavaca.gob.mx\/wp-content\/uploads\/2023\/09\/JOSE\u0301-LUIS-URIO\u0301STEGUI-DA-BANDERAZO-A-OBRA-PARA-MEJORAR-DISTRIBUCIO\u0301N-DE-AGUA-POTABLE-EN-COLONIAS-QUE-ABASTECE-EL-POZO-BOSQUES-IMSS-8-600x400.jpg 600w, https:\/\/cuernavaca.gob.mx\/wp-content\/uploads\/2023\/09\/JOSE\u0301-LUIS-URIO\u0301STEGUI-DA-BANDERAZO-A-OBRA-PARA-MEJORAR-DISTRIBUCIO\u0301N-DE-AGUA-POTABLE-EN-COLONIAS-QUE-ABASTECE-EL-POZO-BOSQUES-IMSS-8-560x373.jpg 560w, https:\/\/cuernavaca.gob.mx\/wp-content\/uploads\/2023\/09\/JOSE\u0301-LUIS-URIO\u0301STEGUI-DA-BANDERAZO-A-OBRA-PARA-MEJORAR-DISTRIBUCIO\u0301N-DE-AGUA-POTABLE-EN-COLONIAS-QUE-ABASTECE-EL-POZO-BOSQUES-IMSS-8.jpg 1600w\" sizes=\"(max-width: 300px) 100vw, 300px\" \/> <img loading=\"lazy\" class=\"alignnone size-medium wp-image-32468\" src=\"https:\/\/cuernavaca.gob.mx\/wp-content\/uploads\/2023\/09\/JOSE\u0301-LUIS-URIO\u0301STEGUI-DA-BANDERAZO-A-OBRA-PARA-MEJORAR-DISTRIBUCIO\u0301N-DE-AGUA-POTABLE-EN-COLONIAS-QUE-ABASTECE-EL-POZO-BOSQUES-IMSS-9-300x200.jpg\" alt=\"\" width=\"300\" height=\"200\" srcset=\"https:\/\/cuernavaca.gob.mx\/wp-content\/uploads\/2023\/09\/JOSE\u0301-LUIS-URIO\u0301STEGUI-DA-BANDERAZO-A-OBRA-PARA-MEJORAR-DISTRIBUCIO\u0301N-DE-AGUA-POTABLE-EN-COLONIAS-QUE-ABASTECE-EL-POZO-BOSQUES-IMSS-9-300x200.jpg 300w, https:\/\/cuernavaca.gob.mx\/wp-content\/uploads\/2023\/09\/JOSE\u0301-LUIS-URIO\u0301STEGUI-DA-BANDERAZO-A-OBRA-PARA-MEJORAR-DISTRIBUCIO\u0301N-DE-AGUA-POTABLE-EN-COLONIAS-QUE-ABASTECE-EL-POZO-BOSQUES-IMSS-9-1024x684.jpg 1024w, https:\/\/cuernavaca.gob.mx\/wp-content\/uploads\/2023\/09\/JOSE\u0301-LUIS-URIO\u0301STEGUI-DA-BANDERAZO-A-OBRA-PARA-MEJORAR-DISTRIBUCIO\u0301N-DE-AGUA-POTABLE-EN-COLONIAS-QUE-ABASTECE-EL-POZO-BOSQUES-IMSS-9-768x513.jpg 768w, https:\/\/cuernavaca.gob.mx\/wp-content\/uploads\/2023\/09\/JOSE\u0301-LUIS-URIO\u0301STEGUI-DA-BANDERAZO-A-OBRA-PARA-MEJORAR-DISTRIBUCIO\u0301N-DE-AGUA-POTABLE-EN-COLONIAS-QUE-ABASTECE-EL-POZO-BOSQUES-IMSS-9-600x401.jpg 600w, https:\/\/cuernavaca.gob.mx\/wp-content\/uploads\/2023\/09\/JOSE\u0301-LUIS-URIO\u0301STEGUI-DA-BANDERAZO-A-OBRA-PARA-MEJORAR-DISTRIBUCIO\u0301N-DE-AGUA-POTABLE-EN-COLONIAS-QUE-ABASTECE-EL-POZO-BOSQUES-IMSS-9-560x374.jpg 560w, https:\/\/cuernavaca.gob.mx\/wp-content\/uploads\/2023\/09\/JOSE\u0301-LUIS-URIO\u0301STEGUI-DA-BANDERAZO-A-OBRA-PARA-MEJORAR-DISTRIBUCIO\u0301N-DE-AGUA-POTABLE-EN-COLONIAS-QUE-ABASTECE-EL-POZO-BOSQUES-IMSS-9.jpg 1280w\" sizes=\"(max-width: 300px) 100vw, 300px\" \/> <img loading=\"lazy\" class=\"alignnone size-medium wp-image-32469\" src=\"https:\/\/cuernavaca.gob.mx\/wp-content\/uploads\/2023\/09\/JOSE\u0301-LUIS-URIO\u0301STEGUI-DA-BANDERAZO-A-OBRA-PARA-MEJORAR-DISTRIBUCIO\u0301N-DE-AGUA-POTABLE-EN-COLONIAS-QUE-ABASTECE-EL-POZO-BOSQUES-IMSS-10-300x195.jpg\" alt=\"\" width=\"300\" height=\"195\" srcset=\"https:\/\/cuernavaca.gob.mx\/wp-content\/uploads\/2023\/09\/JOSE\u0301-LUIS-URIO\u0301STEGUI-DA-BANDERAZO-A-OBRA-PARA-MEJORAR-DISTRIBUCIO\u0301N-DE-AGUA-POTABLE-EN-COLONIAS-QUE-ABASTECE-EL-POZO-BOSQUES-IMSS-10-300x195.jpg 300w, https:\/\/cuernavaca.gob.mx\/wp-content\/uploads\/2023\/09\/JOSE\u0301-LUIS-URIO\u0301STEGUI-DA-BANDERAZO-A-OBRA-PARA-MEJORAR-DISTRIBUCIO\u0301N-DE-AGUA-POTABLE-EN-COLONIAS-QUE-ABASTECE-EL-POZO-BOSQUES-IMSS-10-1024x667.jpg 1024w, https:\/\/cuernavaca.gob.mx\/wp-content\/uploads\/2023\/09\/JOSE\u0301-LUIS-URIO\u0301STEGUI-DA-BANDERAZO-A-OBRA-PARA-MEJORAR-DISTRIBUCIO\u0301N-DE-AGUA-POTABLE-EN-COLONIAS-QUE-ABASTECE-EL-POZO-BOSQUES-IMSS-10-768x500.jpg 768w, https:\/\/cuernavaca.gob.mx\/wp-content\/uploads\/2023\/09\/JOSE\u0301-LUIS-URIO\u0301STEGUI-DA-BANDERAZO-A-OBRA-PARA-MEJORAR-DISTRIBUCIO\u0301N-DE-AGUA-POTABLE-EN-COLONIAS-QUE-ABASTECE-EL-POZO-BOSQUES-IMSS-10-1536x1000.jpg 1536w, https:\/\/cuernavaca.gob.mx\/wp-content\/uploads\/2023\/09\/JOSE\u0301-LUIS-URIO\u0301STEGUI-DA-BANDERAZO-A-OBRA-PARA-MEJORAR-DISTRIBUCIO\u0301N-DE-AGUA-POTABLE-EN-COLONIAS-QUE-ABASTECE-EL-POZO-BOSQUES-IMSS-10-600x391.jpg 600w, https:\/\/cuernavaca.gob.mx\/wp-content\/uploads\/2023\/09\/JOSE\u0301-LUIS-URIO\u0301STEGUI-DA-BANDERAZO-A-OBRA-PARA-MEJORAR-DISTRIBUCIO\u0301N-DE-AGUA-POTABLE-EN-COLONIAS-QUE-ABASTECE-EL-POZO-BOSQUES-IMSS-10-560x365.jpg 560w, https:\/\/cuernavaca.gob.mx\/wp-content\/uploads\/2023\/09\/JOSE\u0301-LUIS-URIO\u0301STEGUI-DA-BANDERAZO-A-OBRA-PARA-MEJORAR-DISTRIBUCIO\u0301N-DE-AGUA-POTABLE-EN-COLONIAS-QUE-ABASTECE-EL-POZO-BOSQUES-IMSS-10.jpg 1600w\" sizes=\"(max-width: 300px) 100vw, 300px\" \/> <img loading=\"lazy\" class=\"alignnone size-medium wp-image-32470\" src=\"https:\/\/cuernavaca.gob.mx\/wp-content\/uploads\/2023\/09\/JOSE\u0301-LUIS-URIO\u0301STEGUI-DA-BANDERAZO-A-OBRA-PARA-MEJORAR-DISTRIBUCIO\u0301N-DE-AGUA-POTABLE-EN-COLONIAS-QUE-ABASTECE-EL-POZO-BOSQUES-IMSS-11-300x200.jpg\" alt=\"\" width=\"300\" height=\"200\" srcset=\"https:\/\/cuernavaca.gob.mx\/wp-content\/uploads\/2023\/09\/JOSE\u0301-LUIS-URIO\u0301STEGUI-DA-BANDERAZO-A-OBRA-PARA-MEJORAR-DISTRIBUCIO\u0301N-DE-AGUA-POTABLE-EN-COLONIAS-QUE-ABASTECE-EL-POZO-BOSQUES-IMSS-11-300x200.jpg 300w, https:\/\/cuernavaca.gob.mx\/wp-content\/uploads\/2023\/09\/JOSE\u0301-LUIS-URIO\u0301STEGUI-DA-BANDERAZO-A-OBRA-PARA-MEJORAR-DISTRIBUCIO\u0301N-DE-AGUA-POTABLE-EN-COLONIAS-QUE-ABASTECE-EL-POZO-BOSQUES-IMSS-11-1024x682.jpg 1024w, https:\/\/cuernavaca.gob.mx\/wp-content\/uploads\/2023\/09\/JOSE\u0301-LUIS-URIO\u0301STEGUI-DA-BANDERAZO-A-OBRA-PARA-MEJORAR-DISTRIBUCIO\u0301N-DE-AGUA-POTABLE-EN-COLONIAS-QUE-ABASTECE-EL-POZO-BOSQUES-IMSS-11-768x512.jpg 768w, https:\/\/cuernavaca.gob.mx\/wp-content\/uploads\/2023\/09\/JOSE\u0301-LUIS-URIO\u0301STEGUI-DA-BANDERAZO-A-OBRA-PARA-MEJORAR-DISTRIBUCIO\u0301N-DE-AGUA-POTABLE-EN-COLONIAS-QUE-ABASTECE-EL-POZO-BOSQUES-IMSS-11-600x400.jpg 600w, https:\/\/cuernavaca.gob.mx\/wp-content\/uploads\/2023\/09\/JOSE\u0301-LUIS-URIO\u0301STEGUI-DA-BANDERAZO-A-OBRA-PARA-MEJORAR-DISTRIBUCIO\u0301N-DE-AGUA-POTABLE-EN-COLONIAS-QUE-ABASTECE-EL-POZO-BOSQUES-IMSS-11-560x373.jpg 560w, https:\/\/cuernavaca.gob.mx\/wp-content\/uploads\/2023\/09\/JOSE\u0301-LUIS-URIO\u0301STEGUI-DA-BANDERAZO-A-OBRA-PARA-MEJORAR-DISTRIBUCIO\u0301N-DE-AGUA-POTABLE-EN-COLONIAS-QUE-ABASTECE-EL-POZO-BOSQUES-IMSS-11.jpg 1280w\" sizes=\"(max-width: 300px) 100vw, 300px\" \/><\/p>\n","protected":false},"excerpt":{"rendered":"<p>-Este lunes el presidente municipal e integrantes del Cabildo encabezaron el inicio de los trabajos de rehabilitaci\u00f3n del sistema de agua en las calles Del Bosque, Privada Ni\u00f1os H\u00e9roes, y avenidas Plan de Ayala y Cuauhn\u00e1huac &#8220;Este es el a\u00f1o del agua potable para Cuernavaca, es el a\u00f1o de la seguridad p\u00fablica y es el [&hellip;]<\/p>\n","protected":false},"author":1,"featured_media":32467,"comment_status":"closed","ping_status":"open","sticky":false,"template":"","format":"standard","meta":[],"categories":[208],"tags":[3172,395,615,916,121,120,206,1075,232],"aioseo_notices":[],"_links":{"self":[{"href":"https:\/\/cuernavaca.gob.mx\/index.php?rest_route=\/wp\/v2\/posts\/32459"}],"collection":[{"href":"https:\/\/cuernavaca.gob.mx\/index.php?rest_route=\/wp\/v2\/posts"}],"about":[{"href":"https:\/\/cuernavaca.gob.mx\/index.php?rest_route=\/wp\/v2\/types\/post"}],"author":[{"embeddable":true,"href":"https:\/\/cuernavaca.gob.mx\/index.php?rest_route=\/wp\/v2\/users\/1"}],"replies":[{"embeddable":true,"href":"https:\/\/cuernavaca.gob.mx\/index.php?rest_route=%2Fwp%2Fv2%2Fcomments&post=32459"}],"version-history":[{"count":1,"href":"https:\/\/cuernavaca.gob.mx\/index.php?rest_route=\/wp\/v2\/posts\/32459\/revisions"}],"predecessor-version":[{"id":32471,"href":"https:\/\/cuernavaca.gob.mx\/index.php?rest_route=\/wp\/v2\/posts\/32459\/revisions\/32471"}],"wp:featuredmedia":[{"embeddable":true,"href":"https:\/\/cuernavaca.gob.mx\/index.php?rest_route=\/wp\/v2\/media\/32467"}],"wp:attachment":[{"href":"https:\/\/cuernavaca.gob.mx\/index.php?rest_route=%2Fwp%2Fv2%2Fmedia&parent=32459"}],"wp:term":[{"taxonomy":"category","embeddable":true,"href":"https:\/\/cuernavaca.gob.mx\/index.php?rest_route=%2Fwp%2Fv2%2Fcategories&post=32459"},{"taxonomy":"post_tag","embeddable":true,"href":"https:\/\/cuernavaca.gob.mx\/index.php?rest_route=%2Fwp%2Fv2%2Ftags&post=32459"}],"curies":[{"name":"wp","href":"https:\/\/api.w.org\/{rel}","templated":true}]}}