{"id":32472,"date":"2023-09-11T17:00:28","date_gmt":"2023-09-11T23:00:28","guid":{"rendered":"https:\/\/cuernavaca.gob.mx\/?p=32472"},"modified":"2025-05-06T14:09:58","modified_gmt":"2025-05-06T20:09:58","slug":"b1259-11-09-23-el-presidente-municipal-jose-luis-uriostegui-da-respuesta-a-demanda-de-obras-para-evitar-inundaciones-en-patios-de-la-estacion-y-leandro-valle","status":"publish","type":"post","link":"https:\/\/cuernavaca.gob.mx\/?p=32472","title":{"rendered":"B1259 11\/09\/23 EL PRESIDENTE MUNICIPAL JOS\u00c9 LUIS URI\u00d3STEGUI DA RESPUESTA A DEMANDA DE OBRAS PARA EVITAR INUNDACIONES EN PATIOS DE LA ESTACI\u00d3N Y LEANDRO VALLE"},"content":{"rendered":"<p><strong>\u2022 Con una inversi\u00f3n de un mill\u00f3n 798 mil 793.34 pesos del FAISMUN, por segundo a\u00f1o consecutivo el Ayuntamiento de Cuernavaca prioriza la atenci\u00f3n a un problema que ha afectado el patrimonio de vecinas y vecinos<\/strong><\/p>\n<p><strong>\u2022 Tambi\u00e9n se dar\u00e1 mantenimiento y limpieza a las \u00e1reas verdes de avenida Plan de Ayala a la altura de Patios de la Estaci\u00f3n para que la poblaci\u00f3n transite en mejores condiciones<\/strong><\/p>\n<p>A fin de seguir mejorando la calidad de vida de vecinas y vecinos de la hist\u00f3rica colonia Patios de la Estaci\u00f3n, el presidente municipal de Cuernavaca, Jos\u00e9 Luis Uri\u00f3stegui Salgado, acompa\u00f1ado de integrantes del Cabildo y Gabinete, as\u00ed como de autoridades auxiliares, lider\u00f3 este lunes el banderazo de inicio de la construcci\u00f3n de colector de aguas pluviales y obras complementarias en las calles Prolongaci\u00f3n, Leandro Valle y avenida del Ferrocarril.<\/p>\n<p>Con una inversi\u00f3n de un mill\u00f3n 798 mil 793.34 pesos del Fondo de Aportaciones para la Infraestructura Social (FAISMUN), el secretario de Desarrollo Urbano y Obras P\u00fablicas, Demetrio Chavira de la Torre, detall\u00f3 que se contempla la demolici\u00f3n bas\u00e1ndose abajo de la banqueta para conectar todas las rejillas, pasando toda la l\u00ednea para canalizar el agua y evitar inundaciones, contemplando entre las metas 110 metros de canalizaci\u00f3n pluvial.<\/p>\n<p>Para los trabajos que tienen un periodo de ejecuci\u00f3n de 90 d\u00edas, precis\u00f3, se colocar\u00e1 acero de refuerzo en cimentaci\u00f3n del n\u00famero cuatro con cinco mil 226.45 kilogramos, acero de refuerzo en cimentaci\u00f3n n\u00famero de cinco con mil 741.34 kilogramos y concreto premezclado de 250 de resistencia por cent\u00edmetro cuadrado en 96.88 metros c\u00fabicos; los beneficiarios son 250 habitantes directos y m\u00e1s de cinco mil 800 indirectos.<\/p>\n<p>Al respecto, Jos\u00e9 Luis Uri\u00f3stegui asever\u00f3 que durante muchos a\u00f1os la colonia Patios de la Estaci\u00f3n ha carecido de soluciones positivas a sus problem\u00e1ticas al ser un asentamiento que de manera gradual se ha regularizado y si bien en 2021 a trav\u00e9s de la Secretar\u00eda de Desarrollo Agrario, Territorial y Urbano (SEDATU) se invirtieron m\u00e1s de 75 millones de pesos para mejorar canchas y espacios de convivencia, al ejecutar esta obra se registraron algunas afectaciones que ocasionaron que el agua comenzara a filtrarse inundando ciertas viviendas, siendo la raz\u00f3n de la trascendencia de los trabajos que pretenden canalizar el agua del colector a R\u00edo Balsas.<\/p>\n<p>\u201cObras como esta en donde participa tambi\u00e9n SAPAC con sus t\u00e9cnicos nos ayuda a que evitemos problemas posteriores y que el agua se vaya a donde tiene que canalizarse\u201d, acot\u00f3.<\/p>\n<p>A nombre del Cabildo, la s\u00edndica municipal, Ver\u00f3nica Atenco P\u00e9rez y la regidora Lucero Cuenca Noria, reconocieron la importancia que tienen estos trabajos, los cuales dar\u00e1n soluci\u00f3n a problemas que desde hace algunos a\u00f1os han afectado el patrimonio de las y los vecinos de Patios de la Estaci\u00f3n, aplicando los recursos de manera transparente y destin\u00e1ndolos a obras que la misma sociedad y ciudad requieren.<\/p>\n<p>En representaci\u00f3n de las familias beneficiadas, Mar\u00eda Tomasa Orihuela Valle, agradeci\u00f3 que por segundo a\u00f1o consecutivo la colonia Patios de la Estaci\u00f3n sea tomada en cuenta dentro del Programa Anual de Obra P\u00fablica 2023 con un proyecto que beneficiar\u00e1 a distintas colonias de la capital morelense; invit\u00f3 a sus vecinas y vecinos a dedicarle tiempo a esta obra, a fin de supervisar, en coordinaci\u00f3n con la empresa y el municipio, que los trabajos ser\u00e1n de calidad.<\/p>\n<p>En el arranque de obra se cont\u00f3 con la asistencia de las regidoras Wendi Salinas Ruiz y Paz Hern\u00e1ndez Pardo, de la directora general de SAPAC, Evelia Flores Hern\u00e1ndez; del coordinador del COPLADEMUN, Luis Enrique Mart\u00ednez Catal\u00e1n y de la titular de la Delegaci\u00f3n Benito Ju\u00e1rez Garc\u00eda, Deyanira Hern\u00e1ndez Guti\u00e9rrez.<\/p>\n<p><img loading=\"lazy\" class=\"alignnone size-medium wp-image-32474\" src=\"https:\/\/cuernavaca.gob.mx\/wp-content\/uploads\/2023\/09\/EL-PRESIDENTE-MUNICIPAL-JOSE\u0301-LUIS-URIO\u0301STEGUI-DA-RESPUESTA-A-DEMANDA-DE-OBRAS-PARA-EVITAR-INUNDACIONES-EN-PATIOS-DE-LA-ESTACIO\u0301N-Y-LEANDRO-VALLE-1-300x200.jpg\" alt=\"\" width=\"300\" height=\"200\" srcset=\"https:\/\/cuernavaca.gob.mx\/wp-content\/uploads\/2023\/09\/EL-PRESIDENTE-MUNICIPAL-JOSE\u0301-LUIS-URIO\u0301STEGUI-DA-RESPUESTA-A-DEMANDA-DE-OBRAS-PARA-EVITAR-INUNDACIONES-EN-PATIOS-DE-LA-ESTACIO\u0301N-Y-LEANDRO-VALLE-1-300x200.jpg 300w, https:\/\/cuernavaca.gob.mx\/wp-content\/uploads\/2023\/09\/EL-PRESIDENTE-MUNICIPAL-JOSE\u0301-LUIS-URIO\u0301STEGUI-DA-RESPUESTA-A-DEMANDA-DE-OBRAS-PARA-EVITAR-INUNDACIONES-EN-PATIOS-DE-LA-ESTACIO\u0301N-Y-LEANDRO-VALLE-1-1024x682.jpg 1024w, https:\/\/cuernavaca.gob.mx\/wp-content\/uploads\/2023\/09\/EL-PRESIDENTE-MUNICIPAL-JOSE\u0301-LUIS-URIO\u0301STEGUI-DA-RESPUESTA-A-DEMANDA-DE-OBRAS-PARA-EVITAR-INUNDACIONES-EN-PATIOS-DE-LA-ESTACIO\u0301N-Y-LEANDRO-VALLE-1-768x512.jpg 768w, https:\/\/cuernavaca.gob.mx\/wp-content\/uploads\/2023\/09\/EL-PRESIDENTE-MUNICIPAL-JOSE\u0301-LUIS-URIO\u0301STEGUI-DA-RESPUESTA-A-DEMANDA-DE-OBRAS-PARA-EVITAR-INUNDACIONES-EN-PATIOS-DE-LA-ESTACIO\u0301N-Y-LEANDRO-VALLE-1-1536x1023.jpg 1536w, https:\/\/cuernavaca.gob.mx\/wp-content\/uploads\/2023\/09\/EL-PRESIDENTE-MUNICIPAL-JOSE\u0301-LUIS-URIO\u0301STEGUI-DA-RESPUESTA-A-DEMANDA-DE-OBRAS-PARA-EVITAR-INUNDACIONES-EN-PATIOS-DE-LA-ESTACIO\u0301N-Y-LEANDRO-VALLE-1-600x400.jpg 600w, https:\/\/cuernavaca.gob.mx\/wp-content\/uploads\/2023\/09\/EL-PRESIDENTE-MUNICIPAL-JOSE\u0301-LUIS-URIO\u0301STEGUI-DA-RESPUESTA-A-DEMANDA-DE-OBRAS-PARA-EVITAR-INUNDACIONES-EN-PATIOS-DE-LA-ESTACIO\u0301N-Y-LEANDRO-VALLE-1-560x373.jpg 560w, https:\/\/cuernavaca.gob.mx\/wp-content\/uploads\/2023\/09\/EL-PRESIDENTE-MUNICIPAL-JOSE\u0301-LUIS-URIO\u0301STEGUI-DA-RESPUESTA-A-DEMANDA-DE-OBRAS-PARA-EVITAR-INUNDACIONES-EN-PATIOS-DE-LA-ESTACIO\u0301N-Y-LEANDRO-VALLE-1.jpg 1600w\" sizes=\"(max-width: 300px) 100vw, 300px\" \/> <img loading=\"lazy\" class=\"alignnone size-medium wp-image-32475\" src=\"https:\/\/cuernavaca.gob.mx\/wp-content\/uploads\/2023\/09\/EL-PRESIDENTE-MUNICIPAL-JOSE\u0301-LUIS-URIO\u0301STEGUI-DA-RESPUESTA-A-DEMANDA-DE-OBRAS-PARA-EVITAR-INUNDACIONES-EN-PATIOS-DE-LA-ESTACIO\u0301N-Y-LEANDRO-VALLE-2-300x200.jpg\" alt=\"\" width=\"300\" height=\"200\" srcset=\"https:\/\/cuernavaca.gob.mx\/wp-content\/uploads\/2023\/09\/EL-PRESIDENTE-MUNICIPAL-JOSE\u0301-LUIS-URIO\u0301STEGUI-DA-RESPUESTA-A-DEMANDA-DE-OBRAS-PARA-EVITAR-INUNDACIONES-EN-PATIOS-DE-LA-ESTACIO\u0301N-Y-LEANDRO-VALLE-2-300x200.jpg 300w, https:\/\/cuernavaca.gob.mx\/wp-content\/uploads\/2023\/09\/EL-PRESIDENTE-MUNICIPAL-JOSE\u0301-LUIS-URIO\u0301STEGUI-DA-RESPUESTA-A-DEMANDA-DE-OBRAS-PARA-EVITAR-INUNDACIONES-EN-PATIOS-DE-LA-ESTACIO\u0301N-Y-LEANDRO-VALLE-2-1024x682.jpg 1024w, https:\/\/cuernavaca.gob.mx\/wp-content\/uploads\/2023\/09\/EL-PRESIDENTE-MUNICIPAL-JOSE\u0301-LUIS-URIO\u0301STEGUI-DA-RESPUESTA-A-DEMANDA-DE-OBRAS-PARA-EVITAR-INUNDACIONES-EN-PATIOS-DE-LA-ESTACIO\u0301N-Y-LEANDRO-VALLE-2-768x512.jpg 768w, https:\/\/cuernavaca.gob.mx\/wp-content\/uploads\/2023\/09\/EL-PRESIDENTE-MUNICIPAL-JOSE\u0301-LUIS-URIO\u0301STEGUI-DA-RESPUESTA-A-DEMANDA-DE-OBRAS-PARA-EVITAR-INUNDACIONES-EN-PATIOS-DE-LA-ESTACIO\u0301N-Y-LEANDRO-VALLE-2-1536x1023.jpg 1536w, https:\/\/cuernavaca.gob.mx\/wp-content\/uploads\/2023\/09\/EL-PRESIDENTE-MUNICIPAL-JOSE\u0301-LUIS-URIO\u0301STEGUI-DA-RESPUESTA-A-DEMANDA-DE-OBRAS-PARA-EVITAR-INUNDACIONES-EN-PATIOS-DE-LA-ESTACIO\u0301N-Y-LEANDRO-VALLE-2-600x400.jpg 600w, https:\/\/cuernavaca.gob.mx\/wp-content\/uploads\/2023\/09\/EL-PRESIDENTE-MUNICIPAL-JOSE\u0301-LUIS-URIO\u0301STEGUI-DA-RESPUESTA-A-DEMANDA-DE-OBRAS-PARA-EVITAR-INUNDACIONES-EN-PATIOS-DE-LA-ESTACIO\u0301N-Y-LEANDRO-VALLE-2-560x373.jpg 560w, https:\/\/cuernavaca.gob.mx\/wp-content\/uploads\/2023\/09\/EL-PRESIDENTE-MUNICIPAL-JOSE\u0301-LUIS-URIO\u0301STEGUI-DA-RESPUESTA-A-DEMANDA-DE-OBRAS-PARA-EVITAR-INUNDACIONES-EN-PATIOS-DE-LA-ESTACIO\u0301N-Y-LEANDRO-VALLE-2.jpg 1600w\" sizes=\"(max-width: 300px) 100vw, 300px\" \/> <img loading=\"lazy\" class=\"alignnone size-medium wp-image-32476\" src=\"https:\/\/cuernavaca.gob.mx\/wp-content\/uploads\/2023\/09\/EL-PRESIDENTE-MUNICIPAL-JOSE\u0301-LUIS-URIO\u0301STEGUI-DA-RESPUESTA-A-DEMANDA-DE-OBRAS-PARA-EVITAR-INUNDACIONES-EN-PATIOS-DE-LA-ESTACIO\u0301N-Y-LEANDRO-VALLE-3-300x200.jpg\" alt=\"\" width=\"300\" height=\"200\" srcset=\"https:\/\/cuernavaca.gob.mx\/wp-content\/uploads\/2023\/09\/EL-PRESIDENTE-MUNICIPAL-JOSE\u0301-LUIS-URIO\u0301STEGUI-DA-RESPUESTA-A-DEMANDA-DE-OBRAS-PARA-EVITAR-INUNDACIONES-EN-PATIOS-DE-LA-ESTACIO\u0301N-Y-LEANDRO-VALLE-3-300x200.jpg 300w, https:\/\/cuernavaca.gob.mx\/wp-content\/uploads\/2023\/09\/EL-PRESIDENTE-MUNICIPAL-JOSE\u0301-LUIS-URIO\u0301STEGUI-DA-RESPUESTA-A-DEMANDA-DE-OBRAS-PARA-EVITAR-INUNDACIONES-EN-PATIOS-DE-LA-ESTACIO\u0301N-Y-LEANDRO-VALLE-3-1024x682.jpg 1024w, https:\/\/cuernavaca.gob.mx\/wp-content\/uploads\/2023\/09\/EL-PRESIDENTE-MUNICIPAL-JOSE\u0301-LUIS-URIO\u0301STEGUI-DA-RESPUESTA-A-DEMANDA-DE-OBRAS-PARA-EVITAR-INUNDACIONES-EN-PATIOS-DE-LA-ESTACIO\u0301N-Y-LEANDRO-VALLE-3-768x512.jpg 768w, https:\/\/cuernavaca.gob.mx\/wp-content\/uploads\/2023\/09\/EL-PRESIDENTE-MUNICIPAL-JOSE\u0301-LUIS-URIO\u0301STEGUI-DA-RESPUESTA-A-DEMANDA-DE-OBRAS-PARA-EVITAR-INUNDACIONES-EN-PATIOS-DE-LA-ESTACIO\u0301N-Y-LEANDRO-VALLE-3-1536x1023.jpg 1536w, https:\/\/cuernavaca.gob.mx\/wp-content\/uploads\/2023\/09\/EL-PRESIDENTE-MUNICIPAL-JOSE\u0301-LUIS-URIO\u0301STEGUI-DA-RESPUESTA-A-DEMANDA-DE-OBRAS-PARA-EVITAR-INUNDACIONES-EN-PATIOS-DE-LA-ESTACIO\u0301N-Y-LEANDRO-VALLE-3-600x400.jpg 600w, https:\/\/cuernavaca.gob.mx\/wp-content\/uploads\/2023\/09\/EL-PRESIDENTE-MUNICIPAL-JOSE\u0301-LUIS-URIO\u0301STEGUI-DA-RESPUESTA-A-DEMANDA-DE-OBRAS-PARA-EVITAR-INUNDACIONES-EN-PATIOS-DE-LA-ESTACIO\u0301N-Y-LEANDRO-VALLE-3-560x373.jpg 560w, https:\/\/cuernavaca.gob.mx\/wp-content\/uploads\/2023\/09\/EL-PRESIDENTE-MUNICIPAL-JOSE\u0301-LUIS-URIO\u0301STEGUI-DA-RESPUESTA-A-DEMANDA-DE-OBRAS-PARA-EVITAR-INUNDACIONES-EN-PATIOS-DE-LA-ESTACIO\u0301N-Y-LEANDRO-VALLE-3.jpg 1600w\" sizes=\"(max-width: 300px) 100vw, 300px\" \/> <img loading=\"lazy\" class=\"alignnone size-medium wp-image-32477\" src=\"https:\/\/cuernavaca.gob.mx\/wp-content\/uploads\/2023\/09\/EL-PRESIDENTE-MUNICIPAL-JOSE\u0301-LUIS-URIO\u0301STEGUI-DA-RESPUESTA-A-DEMANDA-DE-OBRAS-PARA-EVITAR-INUNDACIONES-EN-PATIOS-DE-LA-ESTACIO\u0301N-Y-LEANDRO-VALLE-4-300x200.jpg\" alt=\"\" width=\"300\" height=\"200\" srcset=\"https:\/\/cuernavaca.gob.mx\/wp-content\/uploads\/2023\/09\/EL-PRESIDENTE-MUNICIPAL-JOSE\u0301-LUIS-URIO\u0301STEGUI-DA-RESPUESTA-A-DEMANDA-DE-OBRAS-PARA-EVITAR-INUNDACIONES-EN-PATIOS-DE-LA-ESTACIO\u0301N-Y-LEANDRO-VALLE-4-300x200.jpg 300w, https:\/\/cuernavaca.gob.mx\/wp-content\/uploads\/2023\/09\/EL-PRESIDENTE-MUNICIPAL-JOSE\u0301-LUIS-URIO\u0301STEGUI-DA-RESPUESTA-A-DEMANDA-DE-OBRAS-PARA-EVITAR-INUNDACIONES-EN-PATIOS-DE-LA-ESTACIO\u0301N-Y-LEANDRO-VALLE-4-1024x682.jpg 1024w, https:\/\/cuernavaca.gob.mx\/wp-content\/uploads\/2023\/09\/EL-PRESIDENTE-MUNICIPAL-JOSE\u0301-LUIS-URIO\u0301STEGUI-DA-RESPUESTA-A-DEMANDA-DE-OBRAS-PARA-EVITAR-INUNDACIONES-EN-PATIOS-DE-LA-ESTACIO\u0301N-Y-LEANDRO-VALLE-4-768x512.jpg 768w, https:\/\/cuernavaca.gob.mx\/wp-content\/uploads\/2023\/09\/EL-PRESIDENTE-MUNICIPAL-JOSE\u0301-LUIS-URIO\u0301STEGUI-DA-RESPUESTA-A-DEMANDA-DE-OBRAS-PARA-EVITAR-INUNDACIONES-EN-PATIOS-DE-LA-ESTACIO\u0301N-Y-LEANDRO-VALLE-4-1536x1023.jpg 1536w, https:\/\/cuernavaca.gob.mx\/wp-content\/uploads\/2023\/09\/EL-PRESIDENTE-MUNICIPAL-JOSE\u0301-LUIS-URIO\u0301STEGUI-DA-RESPUESTA-A-DEMANDA-DE-OBRAS-PARA-EVITAR-INUNDACIONES-EN-PATIOS-DE-LA-ESTACIO\u0301N-Y-LEANDRO-VALLE-4-600x400.jpg 600w, https:\/\/cuernavaca.gob.mx\/wp-content\/uploads\/2023\/09\/EL-PRESIDENTE-MUNICIPAL-JOSE\u0301-LUIS-URIO\u0301STEGUI-DA-RESPUESTA-A-DEMANDA-DE-OBRAS-PARA-EVITAR-INUNDACIONES-EN-PATIOS-DE-LA-ESTACIO\u0301N-Y-LEANDRO-VALLE-4-560x373.jpg 560w, https:\/\/cuernavaca.gob.mx\/wp-content\/uploads\/2023\/09\/EL-PRESIDENTE-MUNICIPAL-JOSE\u0301-LUIS-URIO\u0301STEGUI-DA-RESPUESTA-A-DEMANDA-DE-OBRAS-PARA-EVITAR-INUNDACIONES-EN-PATIOS-DE-LA-ESTACIO\u0301N-Y-LEANDRO-VALLE-4.jpg 1600w\" sizes=\"(max-width: 300px) 100vw, 300px\" \/> <img loading=\"lazy\" class=\"alignnone size-medium wp-image-32478\" src=\"https:\/\/cuernavaca.gob.mx\/wp-content\/uploads\/2023\/09\/EL-PRESIDENTE-MUNICIPAL-JOSE\u0301-LUIS-URIO\u0301STEGUI-DA-RESPUESTA-A-DEMANDA-DE-OBRAS-PARA-EVITAR-INUNDACIONES-EN-PATIOS-DE-LA-ESTACIO\u0301N-Y-LEANDRO-VALLE-5-300x200.jpg\" alt=\"\" width=\"300\" height=\"200\" srcset=\"https:\/\/cuernavaca.gob.mx\/wp-content\/uploads\/2023\/09\/EL-PRESIDENTE-MUNICIPAL-JOSE\u0301-LUIS-URIO\u0301STEGUI-DA-RESPUESTA-A-DEMANDA-DE-OBRAS-PARA-EVITAR-INUNDACIONES-EN-PATIOS-DE-LA-ESTACIO\u0301N-Y-LEANDRO-VALLE-5-300x200.jpg 300w, https:\/\/cuernavaca.gob.mx\/wp-content\/uploads\/2023\/09\/EL-PRESIDENTE-MUNICIPAL-JOSE\u0301-LUIS-URIO\u0301STEGUI-DA-RESPUESTA-A-DEMANDA-DE-OBRAS-PARA-EVITAR-INUNDACIONES-EN-PATIOS-DE-LA-ESTACIO\u0301N-Y-LEANDRO-VALLE-5-1024x682.jpg 1024w, https:\/\/cuernavaca.gob.mx\/wp-content\/uploads\/2023\/09\/EL-PRESIDENTE-MUNICIPAL-JOSE\u0301-LUIS-URIO\u0301STEGUI-DA-RESPUESTA-A-DEMANDA-DE-OBRAS-PARA-EVITAR-INUNDACIONES-EN-PATIOS-DE-LA-ESTACIO\u0301N-Y-LEANDRO-VALLE-5-768x512.jpg 768w, https:\/\/cuernavaca.gob.mx\/wp-content\/uploads\/2023\/09\/EL-PRESIDENTE-MUNICIPAL-JOSE\u0301-LUIS-URIO\u0301STEGUI-DA-RESPUESTA-A-DEMANDA-DE-OBRAS-PARA-EVITAR-INUNDACIONES-EN-PATIOS-DE-LA-ESTACIO\u0301N-Y-LEANDRO-VALLE-5-1536x1023.jpg 1536w, https:\/\/cuernavaca.gob.mx\/wp-content\/uploads\/2023\/09\/EL-PRESIDENTE-MUNICIPAL-JOSE\u0301-LUIS-URIO\u0301STEGUI-DA-RESPUESTA-A-DEMANDA-DE-OBRAS-PARA-EVITAR-INUNDACIONES-EN-PATIOS-DE-LA-ESTACIO\u0301N-Y-LEANDRO-VALLE-5-600x400.jpg 600w, https:\/\/cuernavaca.gob.mx\/wp-content\/uploads\/2023\/09\/EL-PRESIDENTE-MUNICIPAL-JOSE\u0301-LUIS-URIO\u0301STEGUI-DA-RESPUESTA-A-DEMANDA-DE-OBRAS-PARA-EVITAR-INUNDACIONES-EN-PATIOS-DE-LA-ESTACIO\u0301N-Y-LEANDRO-VALLE-5-560x373.jpg 560w, https:\/\/cuernavaca.gob.mx\/wp-content\/uploads\/2023\/09\/EL-PRESIDENTE-MUNICIPAL-JOSE\u0301-LUIS-URIO\u0301STEGUI-DA-RESPUESTA-A-DEMANDA-DE-OBRAS-PARA-EVITAR-INUNDACIONES-EN-PATIOS-DE-LA-ESTACIO\u0301N-Y-LEANDRO-VALLE-5.jpg 1600w\" sizes=\"(max-width: 300px) 100vw, 300px\" \/> <img loading=\"lazy\" class=\"alignnone size-medium wp-image-32479\" src=\"https:\/\/cuernavaca.gob.mx\/wp-content\/uploads\/2023\/09\/EL-PRESIDENTE-MUNICIPAL-JOSE\u0301-LUIS-URIO\u0301STEGUI-DA-RESPUESTA-A-DEMANDA-DE-OBRAS-PARA-EVITAR-INUNDACIONES-EN-PATIOS-DE-LA-ESTACIO\u0301N-Y-LEANDRO-VALLE-6-300x200.jpg\" alt=\"\" width=\"300\" height=\"200\" srcset=\"https:\/\/cuernavaca.gob.mx\/wp-content\/uploads\/2023\/09\/EL-PRESIDENTE-MUNICIPAL-JOSE\u0301-LUIS-URIO\u0301STEGUI-DA-RESPUESTA-A-DEMANDA-DE-OBRAS-PARA-EVITAR-INUNDACIONES-EN-PATIOS-DE-LA-ESTACIO\u0301N-Y-LEANDRO-VALLE-6-300x200.jpg 300w, https:\/\/cuernavaca.gob.mx\/wp-content\/uploads\/2023\/09\/EL-PRESIDENTE-MUNICIPAL-JOSE\u0301-LUIS-URIO\u0301STEGUI-DA-RESPUESTA-A-DEMANDA-DE-OBRAS-PARA-EVITAR-INUNDACIONES-EN-PATIOS-DE-LA-ESTACIO\u0301N-Y-LEANDRO-VALLE-6-1024x682.jpg 1024w, https:\/\/cuernavaca.gob.mx\/wp-content\/uploads\/2023\/09\/EL-PRESIDENTE-MUNICIPAL-JOSE\u0301-LUIS-URIO\u0301STEGUI-DA-RESPUESTA-A-DEMANDA-DE-OBRAS-PARA-EVITAR-INUNDACIONES-EN-PATIOS-DE-LA-ESTACIO\u0301N-Y-LEANDRO-VALLE-6-768x512.jpg 768w, https:\/\/cuernavaca.gob.mx\/wp-content\/uploads\/2023\/09\/EL-PRESIDENTE-MUNICIPAL-JOSE\u0301-LUIS-URIO\u0301STEGUI-DA-RESPUESTA-A-DEMANDA-DE-OBRAS-PARA-EVITAR-INUNDACIONES-EN-PATIOS-DE-LA-ESTACIO\u0301N-Y-LEANDRO-VALLE-6-1536x1023.jpg 1536w, https:\/\/cuernavaca.gob.mx\/wp-content\/uploads\/2023\/09\/EL-PRESIDENTE-MUNICIPAL-JOSE\u0301-LUIS-URIO\u0301STEGUI-DA-RESPUESTA-A-DEMANDA-DE-OBRAS-PARA-EVITAR-INUNDACIONES-EN-PATIOS-DE-LA-ESTACIO\u0301N-Y-LEANDRO-VALLE-6-600x400.jpg 600w, https:\/\/cuernavaca.gob.mx\/wp-content\/uploads\/2023\/09\/EL-PRESIDENTE-MUNICIPAL-JOSE\u0301-LUIS-URIO\u0301STEGUI-DA-RESPUESTA-A-DEMANDA-DE-OBRAS-PARA-EVITAR-INUNDACIONES-EN-PATIOS-DE-LA-ESTACIO\u0301N-Y-LEANDRO-VALLE-6-560x373.jpg 560w, https:\/\/cuernavaca.gob.mx\/wp-content\/uploads\/2023\/09\/EL-PRESIDENTE-MUNICIPAL-JOSE\u0301-LUIS-URIO\u0301STEGUI-DA-RESPUESTA-A-DEMANDA-DE-OBRAS-PARA-EVITAR-INUNDACIONES-EN-PATIOS-DE-LA-ESTACIO\u0301N-Y-LEANDRO-VALLE-6.jpg 1600w\" sizes=\"(max-width: 300px) 100vw, 300px\" \/> <img loading=\"lazy\" class=\"alignnone size-medium wp-image-32480\" src=\"https:\/\/cuernavaca.gob.mx\/wp-content\/uploads\/2023\/09\/EL-PRESIDENTE-MUNICIPAL-JOSE\u0301-LUIS-URIO\u0301STEGUI-DA-RESPUESTA-A-DEMANDA-DE-OBRAS-PARA-EVITAR-INUNDACIONES-EN-PATIOS-DE-LA-ESTACIO\u0301N-Y-LEANDRO-VALLE-7-300x200.jpg\" alt=\"\" width=\"300\" height=\"200\" srcset=\"https:\/\/cuernavaca.gob.mx\/wp-content\/uploads\/2023\/09\/EL-PRESIDENTE-MUNICIPAL-JOSE\u0301-LUIS-URIO\u0301STEGUI-DA-RESPUESTA-A-DEMANDA-DE-OBRAS-PARA-EVITAR-INUNDACIONES-EN-PATIOS-DE-LA-ESTACIO\u0301N-Y-LEANDRO-VALLE-7-300x200.jpg 300w, https:\/\/cuernavaca.gob.mx\/wp-content\/uploads\/2023\/09\/EL-PRESIDENTE-MUNICIPAL-JOSE\u0301-LUIS-URIO\u0301STEGUI-DA-RESPUESTA-A-DEMANDA-DE-OBRAS-PARA-EVITAR-INUNDACIONES-EN-PATIOS-DE-LA-ESTACIO\u0301N-Y-LEANDRO-VALLE-7-1024x682.jpg 1024w, https:\/\/cuernavaca.gob.mx\/wp-content\/uploads\/2023\/09\/EL-PRESIDENTE-MUNICIPAL-JOSE\u0301-LUIS-URIO\u0301STEGUI-DA-RESPUESTA-A-DEMANDA-DE-OBRAS-PARA-EVITAR-INUNDACIONES-EN-PATIOS-DE-LA-ESTACIO\u0301N-Y-LEANDRO-VALLE-7-768x512.jpg 768w, https:\/\/cuernavaca.gob.mx\/wp-content\/uploads\/2023\/09\/EL-PRESIDENTE-MUNICIPAL-JOSE\u0301-LUIS-URIO\u0301STEGUI-DA-RESPUESTA-A-DEMANDA-DE-OBRAS-PARA-EVITAR-INUNDACIONES-EN-PATIOS-DE-LA-ESTACIO\u0301N-Y-LEANDRO-VALLE-7-600x400.jpg 600w, https:\/\/cuernavaca.gob.mx\/wp-content\/uploads\/2023\/09\/EL-PRESIDENTE-MUNICIPAL-JOSE\u0301-LUIS-URIO\u0301STEGUI-DA-RESPUESTA-A-DEMANDA-DE-OBRAS-PARA-EVITAR-INUNDACIONES-EN-PATIOS-DE-LA-ESTACIO\u0301N-Y-LEANDRO-VALLE-7-560x373.jpg 560w, https:\/\/cuernavaca.gob.mx\/wp-content\/uploads\/2023\/09\/EL-PRESIDENTE-MUNICIPAL-JOSE\u0301-LUIS-URIO\u0301STEGUI-DA-RESPUESTA-A-DEMANDA-DE-OBRAS-PARA-EVITAR-INUNDACIONES-EN-PATIOS-DE-LA-ESTACIO\u0301N-Y-LEANDRO-VALLE-7.jpg 1280w\" sizes=\"(max-width: 300px) 100vw, 300px\" \/> <img loading=\"lazy\" class=\"alignnone size-medium wp-image-32481\" src=\"https:\/\/cuernavaca.gob.mx\/wp-content\/uploads\/2023\/09\/EL-PRESIDENTE-MUNICIPAL-JOSE\u0301-LUIS-URIO\u0301STEGUI-DA-RESPUESTA-A-DEMANDA-DE-OBRAS-PARA-EVITAR-INUNDACIONES-EN-PATIOS-DE-LA-ESTACIO\u0301N-Y-LEANDRO-VALLE-8-300x200.jpg\" alt=\"\" width=\"300\" height=\"200\" srcset=\"https:\/\/cuernavaca.gob.mx\/wp-content\/uploads\/2023\/09\/EL-PRESIDENTE-MUNICIPAL-JOSE\u0301-LUIS-URIO\u0301STEGUI-DA-RESPUESTA-A-DEMANDA-DE-OBRAS-PARA-EVITAR-INUNDACIONES-EN-PATIOS-DE-LA-ESTACIO\u0301N-Y-LEANDRO-VALLE-8-300x200.jpg 300w, https:\/\/cuernavaca.gob.mx\/wp-content\/uploads\/2023\/09\/EL-PRESIDENTE-MUNICIPAL-JOSE\u0301-LUIS-URIO\u0301STEGUI-DA-RESPUESTA-A-DEMANDA-DE-OBRAS-PARA-EVITAR-INUNDACIONES-EN-PATIOS-DE-LA-ESTACIO\u0301N-Y-LEANDRO-VALLE-8-1024x682.jpg 1024w, https:\/\/cuernavaca.gob.mx\/wp-content\/uploads\/2023\/09\/EL-PRESIDENTE-MUNICIPAL-JOSE\u0301-LUIS-URIO\u0301STEGUI-DA-RESPUESTA-A-DEMANDA-DE-OBRAS-PARA-EVITAR-INUNDACIONES-EN-PATIOS-DE-LA-ESTACIO\u0301N-Y-LEANDRO-VALLE-8-768x512.jpg 768w, https:\/\/cuernavaca.gob.mx\/wp-content\/uploads\/2023\/09\/EL-PRESIDENTE-MUNICIPAL-JOSE\u0301-LUIS-URIO\u0301STEGUI-DA-RESPUESTA-A-DEMANDA-DE-OBRAS-PARA-EVITAR-INUNDACIONES-EN-PATIOS-DE-LA-ESTACIO\u0301N-Y-LEANDRO-VALLE-8-600x400.jpg 600w, https:\/\/cuernavaca.gob.mx\/wp-content\/uploads\/2023\/09\/EL-PRESIDENTE-MUNICIPAL-JOSE\u0301-LUIS-URIO\u0301STEGUI-DA-RESPUESTA-A-DEMANDA-DE-OBRAS-PARA-EVITAR-INUNDACIONES-EN-PATIOS-DE-LA-ESTACIO\u0301N-Y-LEANDRO-VALLE-8-560x373.jpg 560w, https:\/\/cuernavaca.gob.mx\/wp-content\/uploads\/2023\/09\/EL-PRESIDENTE-MUNICIPAL-JOSE\u0301-LUIS-URIO\u0301STEGUI-DA-RESPUESTA-A-DEMANDA-DE-OBRAS-PARA-EVITAR-INUNDACIONES-EN-PATIOS-DE-LA-ESTACIO\u0301N-Y-LEANDRO-VALLE-8.jpg 1280w\" sizes=\"(max-width: 300px) 100vw, 300px\" \/> <img loading=\"lazy\" class=\"alignnone size-medium wp-image-32482\" src=\"https:\/\/cuernavaca.gob.mx\/wp-content\/uploads\/2023\/09\/EL-PRESIDENTE-MUNICIPAL-JOSE\u0301-LUIS-URIO\u0301STEGUI-DA-RESPUESTA-A-DEMANDA-DE-OBRAS-PARA-EVITAR-INUNDACIONES-EN-PATIOS-DE-LA-ESTACIO\u0301N-Y-LEANDRO-VALLE-9-300x200.jpg\" alt=\"\" width=\"300\" height=\"200\" srcset=\"https:\/\/cuernavaca.gob.mx\/wp-content\/uploads\/2023\/09\/EL-PRESIDENTE-MUNICIPAL-JOSE\u0301-LUIS-URIO\u0301STEGUI-DA-RESPUESTA-A-DEMANDA-DE-OBRAS-PARA-EVITAR-INUNDACIONES-EN-PATIOS-DE-LA-ESTACIO\u0301N-Y-LEANDRO-VALLE-9-300x200.jpg 300w, https:\/\/cuernavaca.gob.mx\/wp-content\/uploads\/2023\/09\/EL-PRESIDENTE-MUNICIPAL-JOSE\u0301-LUIS-URIO\u0301STEGUI-DA-RESPUESTA-A-DEMANDA-DE-OBRAS-PARA-EVITAR-INUNDACIONES-EN-PATIOS-DE-LA-ESTACIO\u0301N-Y-LEANDRO-VALLE-9-1024x682.jpg 1024w, https:\/\/cuernavaca.gob.mx\/wp-content\/uploads\/2023\/09\/EL-PRESIDENTE-MUNICIPAL-JOSE\u0301-LUIS-URIO\u0301STEGUI-DA-RESPUESTA-A-DEMANDA-DE-OBRAS-PARA-EVITAR-INUNDACIONES-EN-PATIOS-DE-LA-ESTACIO\u0301N-Y-LEANDRO-VALLE-9-768x512.jpg 768w, https:\/\/cuernavaca.gob.mx\/wp-content\/uploads\/2023\/09\/EL-PRESIDENTE-MUNICIPAL-JOSE\u0301-LUIS-URIO\u0301STEGUI-DA-RESPUESTA-A-DEMANDA-DE-OBRAS-PARA-EVITAR-INUNDACIONES-EN-PATIOS-DE-LA-ESTACIO\u0301N-Y-LEANDRO-VALLE-9-1536x1023.jpg 1536w, https:\/\/cuernavaca.gob.mx\/wp-content\/uploads\/2023\/09\/EL-PRESIDENTE-MUNICIPAL-JOSE\u0301-LUIS-URIO\u0301STEGUI-DA-RESPUESTA-A-DEMANDA-DE-OBRAS-PARA-EVITAR-INUNDACIONES-EN-PATIOS-DE-LA-ESTACIO\u0301N-Y-LEANDRO-VALLE-9-600x400.jpg 600w, https:\/\/cuernavaca.gob.mx\/wp-content\/uploads\/2023\/09\/EL-PRESIDENTE-MUNICIPAL-JOSE\u0301-LUIS-URIO\u0301STEGUI-DA-RESPUESTA-A-DEMANDA-DE-OBRAS-PARA-EVITAR-INUNDACIONES-EN-PATIOS-DE-LA-ESTACIO\u0301N-Y-LEANDRO-VALLE-9-560x373.jpg 560w, https:\/\/cuernavaca.gob.mx\/wp-content\/uploads\/2023\/09\/EL-PRESIDENTE-MUNICIPAL-JOSE\u0301-LUIS-URIO\u0301STEGUI-DA-RESPUESTA-A-DEMANDA-DE-OBRAS-PARA-EVITAR-INUNDACIONES-EN-PATIOS-DE-LA-ESTACIO\u0301N-Y-LEANDRO-VALLE-9.jpg 1600w\" sizes=\"(max-width: 300px) 100vw, 300px\" \/> <img loading=\"lazy\" class=\"alignnone size-medium wp-image-32483\" src=\"https:\/\/cuernavaca.gob.mx\/wp-content\/uploads\/2023\/09\/EL-PRESIDENTE-MUNICIPAL-JOSE\u0301-LUIS-URIO\u0301STEGUI-DA-RESPUESTA-A-DEMANDA-DE-OBRAS-PARA-EVITAR-INUNDACIONES-EN-PATIOS-DE-LA-ESTACIO\u0301N-Y-LEANDRO-VALLE-10-300x200.jpg\" alt=\"\" width=\"300\" height=\"200\" srcset=\"https:\/\/cuernavaca.gob.mx\/wp-content\/uploads\/2023\/09\/EL-PRESIDENTE-MUNICIPAL-JOSE\u0301-LUIS-URIO\u0301STEGUI-DA-RESPUESTA-A-DEMANDA-DE-OBRAS-PARA-EVITAR-INUNDACIONES-EN-PATIOS-DE-LA-ESTACIO\u0301N-Y-LEANDRO-VALLE-10-300x200.jpg 300w, https:\/\/cuernavaca.gob.mx\/wp-content\/uploads\/2023\/09\/EL-PRESIDENTE-MUNICIPAL-JOSE\u0301-LUIS-URIO\u0301STEGUI-DA-RESPUESTA-A-DEMANDA-DE-OBRAS-PARA-EVITAR-INUNDACIONES-EN-PATIOS-DE-LA-ESTACIO\u0301N-Y-LEANDRO-VALLE-10-1024x682.jpg 1024w, https:\/\/cuernavaca.gob.mx\/wp-content\/uploads\/2023\/09\/EL-PRESIDENTE-MUNICIPAL-JOSE\u0301-LUIS-URIO\u0301STEGUI-DA-RESPUESTA-A-DEMANDA-DE-OBRAS-PARA-EVITAR-INUNDACIONES-EN-PATIOS-DE-LA-ESTACIO\u0301N-Y-LEANDRO-VALLE-10-768x512.jpg 768w, https:\/\/cuernavaca.gob.mx\/wp-content\/uploads\/2023\/09\/EL-PRESIDENTE-MUNICIPAL-JOSE\u0301-LUIS-URIO\u0301STEGUI-DA-RESPUESTA-A-DEMANDA-DE-OBRAS-PARA-EVITAR-INUNDACIONES-EN-PATIOS-DE-LA-ESTACIO\u0301N-Y-LEANDRO-VALLE-10-600x400.jpg 600w, https:\/\/cuernavaca.gob.mx\/wp-content\/uploads\/2023\/09\/EL-PRESIDENTE-MUNICIPAL-JOSE\u0301-LUIS-URIO\u0301STEGUI-DA-RESPUESTA-A-DEMANDA-DE-OBRAS-PARA-EVITAR-INUNDACIONES-EN-PATIOS-DE-LA-ESTACIO\u0301N-Y-LEANDRO-VALLE-10-560x373.jpg 560w, https:\/\/cuernavaca.gob.mx\/wp-content\/uploads\/2023\/09\/EL-PRESIDENTE-MUNICIPAL-JOSE\u0301-LUIS-URIO\u0301STEGUI-DA-RESPUESTA-A-DEMANDA-DE-OBRAS-PARA-EVITAR-INUNDACIONES-EN-PATIOS-DE-LA-ESTACIO\u0301N-Y-LEANDRO-VALLE-10.jpg 1280w\" sizes=\"(max-width: 300px) 100vw, 300px\" \/> <img loading=\"lazy\" class=\"alignnone size-medium wp-image-32484\" src=\"https:\/\/cuernavaca.gob.mx\/wp-content\/uploads\/2023\/09\/EL-PRESIDENTE-MUNICIPAL-JOSE\u0301-LUIS-URIO\u0301STEGUI-DA-RESPUESTA-A-DEMANDA-DE-OBRAS-PARA-EVITAR-INUNDACIONES-EN-PATIOS-DE-LA-ESTACIO\u0301N-Y-LEANDRO-VALLE-11-300x200.jpg\" alt=\"\" width=\"300\" height=\"200\" srcset=\"https:\/\/cuernavaca.gob.mx\/wp-content\/uploads\/2023\/09\/EL-PRESIDENTE-MUNICIPAL-JOSE\u0301-LUIS-URIO\u0301STEGUI-DA-RESPUESTA-A-DEMANDA-DE-OBRAS-PARA-EVITAR-INUNDACIONES-EN-PATIOS-DE-LA-ESTACIO\u0301N-Y-LEANDRO-VALLE-11-300x200.jpg 300w, https:\/\/cuernavaca.gob.mx\/wp-content\/uploads\/2023\/09\/EL-PRESIDENTE-MUNICIPAL-JOSE\u0301-LUIS-URIO\u0301STEGUI-DA-RESPUESTA-A-DEMANDA-DE-OBRAS-PARA-EVITAR-INUNDACIONES-EN-PATIOS-DE-LA-ESTACIO\u0301N-Y-LEANDRO-VALLE-11-1024x682.jpg 1024w, https:\/\/cuernavaca.gob.mx\/wp-content\/uploads\/2023\/09\/EL-PRESIDENTE-MUNICIPAL-JOSE\u0301-LUIS-URIO\u0301STEGUI-DA-RESPUESTA-A-DEMANDA-DE-OBRAS-PARA-EVITAR-INUNDACIONES-EN-PATIOS-DE-LA-ESTACIO\u0301N-Y-LEANDRO-VALLE-11-768x512.jpg 768w, https:\/\/cuernavaca.gob.mx\/wp-content\/uploads\/2023\/09\/EL-PRESIDENTE-MUNICIPAL-JOSE\u0301-LUIS-URIO\u0301STEGUI-DA-RESPUESTA-A-DEMANDA-DE-OBRAS-PARA-EVITAR-INUNDACIONES-EN-PATIOS-DE-LA-ESTACIO\u0301N-Y-LEANDRO-VALLE-11-1536x1023.jpg 1536w, https:\/\/cuernavaca.gob.mx\/wp-content\/uploads\/2023\/09\/EL-PRESIDENTE-MUNICIPAL-JOSE\u0301-LUIS-URIO\u0301STEGUI-DA-RESPUESTA-A-DEMANDA-DE-OBRAS-PARA-EVITAR-INUNDACIONES-EN-PATIOS-DE-LA-ESTACIO\u0301N-Y-LEANDRO-VALLE-11-600x400.jpg 600w, https:\/\/cuernavaca.gob.mx\/wp-content\/uploads\/2023\/09\/EL-PRESIDENTE-MUNICIPAL-JOSE\u0301-LUIS-URIO\u0301STEGUI-DA-RESPUESTA-A-DEMANDA-DE-OBRAS-PARA-EVITAR-INUNDACIONES-EN-PATIOS-DE-LA-ESTACIO\u0301N-Y-LEANDRO-VALLE-11-560x373.jpg 560w, https:\/\/cuernavaca.gob.mx\/wp-content\/uploads\/2023\/09\/EL-PRESIDENTE-MUNICIPAL-JOSE\u0301-LUIS-URIO\u0301STEGUI-DA-RESPUESTA-A-DEMANDA-DE-OBRAS-PARA-EVITAR-INUNDACIONES-EN-PATIOS-DE-LA-ESTACIO\u0301N-Y-LEANDRO-VALLE-11.jpg 1600w\" sizes=\"(max-width: 300px) 100vw, 300px\" \/> <img loading=\"lazy\" class=\"alignnone size-medium wp-image-32485\" src=\"https:\/\/cuernavaca.gob.mx\/wp-content\/uploads\/2023\/09\/EL-PRESIDENTE-MUNICIPAL-JOSE\u0301-LUIS-URIO\u0301STEGUI-DA-RESPUESTA-A-DEMANDA-DE-OBRAS-PARA-EVITAR-INUNDACIONES-EN-PATIOS-DE-LA-ESTACIO\u0301N-Y-LEANDRO-VALLE-12-300x200.jpg\" alt=\"\" width=\"300\" height=\"200\" srcset=\"https:\/\/cuernavaca.gob.mx\/wp-content\/uploads\/2023\/09\/EL-PRESIDENTE-MUNICIPAL-JOSE\u0301-LUIS-URIO\u0301STEGUI-DA-RESPUESTA-A-DEMANDA-DE-OBRAS-PARA-EVITAR-INUNDACIONES-EN-PATIOS-DE-LA-ESTACIO\u0301N-Y-LEANDRO-VALLE-12-300x200.jpg 300w, https:\/\/cuernavaca.gob.mx\/wp-content\/uploads\/2023\/09\/EL-PRESIDENTE-MUNICIPAL-JOSE\u0301-LUIS-URIO\u0301STEGUI-DA-RESPUESTA-A-DEMANDA-DE-OBRAS-PARA-EVITAR-INUNDACIONES-EN-PATIOS-DE-LA-ESTACIO\u0301N-Y-LEANDRO-VALLE-12-1024x682.jpg 1024w, https:\/\/cuernavaca.gob.mx\/wp-content\/uploads\/2023\/09\/EL-PRESIDENTE-MUNICIPAL-JOSE\u0301-LUIS-URIO\u0301STEGUI-DA-RESPUESTA-A-DEMANDA-DE-OBRAS-PARA-EVITAR-INUNDACIONES-EN-PATIOS-DE-LA-ESTACIO\u0301N-Y-LEANDRO-VALLE-12-768x512.jpg 768w, https:\/\/cuernavaca.gob.mx\/wp-content\/uploads\/2023\/09\/EL-PRESIDENTE-MUNICIPAL-JOSE\u0301-LUIS-URIO\u0301STEGUI-DA-RESPUESTA-A-DEMANDA-DE-OBRAS-PARA-EVITAR-INUNDACIONES-EN-PATIOS-DE-LA-ESTACIO\u0301N-Y-LEANDRO-VALLE-12-1536x1023.jpg 1536w, https:\/\/cuernavaca.gob.mx\/wp-content\/uploads\/2023\/09\/EL-PRESIDENTE-MUNICIPAL-JOSE\u0301-LUIS-URIO\u0301STEGUI-DA-RESPUESTA-A-DEMANDA-DE-OBRAS-PARA-EVITAR-INUNDACIONES-EN-PATIOS-DE-LA-ESTACIO\u0301N-Y-LEANDRO-VALLE-12-600x400.jpg 600w, https:\/\/cuernavaca.gob.mx\/wp-content\/uploads\/2023\/09\/EL-PRESIDENTE-MUNICIPAL-JOSE\u0301-LUIS-URIO\u0301STEGUI-DA-RESPUESTA-A-DEMANDA-DE-OBRAS-PARA-EVITAR-INUNDACIONES-EN-PATIOS-DE-LA-ESTACIO\u0301N-Y-LEANDRO-VALLE-12-560x373.jpg 560w, https:\/\/cuernavaca.gob.mx\/wp-content\/uploads\/2023\/09\/EL-PRESIDENTE-MUNICIPAL-JOSE\u0301-LUIS-URIO\u0301STEGUI-DA-RESPUESTA-A-DEMANDA-DE-OBRAS-PARA-EVITAR-INUNDACIONES-EN-PATIOS-DE-LA-ESTACIO\u0301N-Y-LEANDRO-VALLE-12.jpg 1600w\" sizes=\"(max-width: 300px) 100vw, 300px\" \/><\/p>\n<p>&nbsp;<\/p>\n","protected":false},"excerpt":{"rendered":"<p>\u2022 Con una inversi\u00f3n de un mill\u00f3n 798 mil 793.34 pesos del FAISMUN, por segundo a\u00f1o consecutivo el Ayuntamiento de Cuernavaca prioriza la atenci\u00f3n a un problema que ha afectado el patrimonio de vecinas y vecinos \u2022 Tambi\u00e9n se dar\u00e1 mantenimiento y limpieza a las \u00e1reas verdes de avenida Plan de Ayala a la altura [&hellip;]<\/p>\n","protected":false},"author":1,"featured_media":32476,"comment_status":"closed","ping_status":"open","sticky":false,"template":"","format":"standard","meta":[],"categories":[18,1],"tags":[916,121,822,120,206,356,232],"aioseo_notices":[],"_links":{"self":[{"href":"https:\/\/cuernavaca.gob.mx\/index.php?rest_route=\/wp\/v2\/posts\/32472"}],"collection":[{"href":"https:\/\/cuernavaca.gob.mx\/index.php?rest_route=\/wp\/v2\/posts"}],"about":[{"href":"https:\/\/cuernavaca.gob.mx\/index.php?rest_route=\/wp\/v2\/types\/post"}],"author":[{"embeddable":true,"href":"https:\/\/cuernavaca.gob.mx\/index.php?rest_route=\/wp\/v2\/users\/1"}],"replies":[{"embeddable":true,"href":"https:\/\/cuernavaca.gob.mx\/index.php?rest_route=%2Fwp%2Fv2%2Fcomments&post=32472"}],"version-history":[{"count":1,"href":"https:\/\/cuernavaca.gob.mx\/index.php?rest_route=\/wp\/v2\/posts\/32472\/revisions"}],"predecessor-version":[{"id":32486,"href":"https:\/\/cuernavaca.gob.mx\/index.php?rest_route=\/wp\/v2\/posts\/32472\/revisions\/32486"}],"wp:featuredmedia":[{"embeddable":true,"href":"https:\/\/cuernavaca.gob.mx\/index.php?rest_route=\/wp\/v2\/media\/32476"}],"wp:attachment":[{"href":"https:\/\/cuernavaca.gob.mx\/index.php?rest_route=%2Fwp%2Fv2%2Fmedia&parent=32472"}],"wp:term":[{"taxonomy":"category","embeddable":true,"href":"https:\/\/cuernavaca.gob.mx\/index.php?rest_route=%2Fwp%2Fv2%2Fcategories&post=32472"},{"taxonomy":"post_tag","embeddable":true,"href":"https:\/\/cuernavaca.gob.mx\/index.php?rest_route=%2Fwp%2Fv2%2Ftags&post=32472"}],"curies":[{"name":"wp","href":"https:\/\/api.w.org\/{rel}","templated":true}]}}