{"id":32683,"date":"2023-09-15T14:13:09","date_gmt":"2023-09-15T20:13:09","guid":{"rendered":"https:\/\/cuernavaca.gob.mx\/?p=32683"},"modified":"2025-05-06T14:10:40","modified_gmt":"2025-05-06T20:10:40","slug":"f508-15-09-23-ayuntamiento-de-cuernavaca-se-prepara-para-el-segundo-simulacro-nacional-2023","status":"publish","type":"post","link":"https:\/\/cuernavaca.gob.mx\/?p=32683","title":{"rendered":"F508 15\/09\/23 AYUNTAMIENTO DE CUERNAVACA SE PREPARA PARA EL SEGUNDO SIMULACRO NACIONAL 2023"},"content":{"rendered":"<p>El Ayuntamiento de Cuernavaca se prepara para el Segundo Simulacro Nacional 2023, por lo cual durante esta semana se han efectuado algunos ensayos en la sede Papagayo, a fin de preparar a los servidores p\u00fablicos y a las brigadas internas de Protecci\u00f3n Civil sobre este ejercicio que tiene como objeto fomentar la cultura de la protecci\u00f3n civil en el servicio p\u00fablico, contribuyendo al fortalecimiento de los primeros auxilios para lograr una mejor respuesta ante casos de emergencias.<\/p>\n<p>Estos simulacros parciales se desarrollaron por sectores, los cuales fueron divididos de la A a la D, este viernes 15 de septiembre se efectuaron dos ensayos, a las 10:00 y 12.00 horas, en los que participaron tambi\u00e9n ciudadanos que estaban presentes haciendo alg\u00fan tr\u00e1mite o servicios; en el simulacro parcial de las 10:00 horas fueron evacuados 72 servidores p\u00fablicos y cuatro visitantes en un tiempo de dos minutos 12 segundos.<\/p>\n<p>Cabe recordar que el Segundo Simulacro Nacional 2023 se realizar\u00e1 el pr\u00f3ximo martes 19 de septiembre a las 11:00 horas, contando con la participaci\u00f3n de todos los edificios p\u00fablicos municipales.<\/p>\n<p>&nbsp;<\/p>\n<p><img loading=\"lazy\" class=\"alignnone size-medium wp-image-32684\" src=\"https:\/\/cuernavaca.gob.mx\/wp-content\/uploads\/2023\/09\/AYUNTAMIENTO-DE-CUERNAVACA-SE-PREPARA-PARA-EL-SEGUNDO-SIMULACRO-NACIONAL-2023-1-300x200.jpg\" alt=\"\" width=\"300\" height=\"200\" srcset=\"https:\/\/cuernavaca.gob.mx\/wp-content\/uploads\/2023\/09\/AYUNTAMIENTO-DE-CUERNAVACA-SE-PREPARA-PARA-EL-SEGUNDO-SIMULACRO-NACIONAL-2023-1-300x200.jpg 300w, https:\/\/cuernavaca.gob.mx\/wp-content\/uploads\/2023\/09\/AYUNTAMIENTO-DE-CUERNAVACA-SE-PREPARA-PARA-EL-SEGUNDO-SIMULACRO-NACIONAL-2023-1-1024x682.jpg 1024w, https:\/\/cuernavaca.gob.mx\/wp-content\/uploads\/2023\/09\/AYUNTAMIENTO-DE-CUERNAVACA-SE-PREPARA-PARA-EL-SEGUNDO-SIMULACRO-NACIONAL-2023-1-768x512.jpg 768w, https:\/\/cuernavaca.gob.mx\/wp-content\/uploads\/2023\/09\/AYUNTAMIENTO-DE-CUERNAVACA-SE-PREPARA-PARA-EL-SEGUNDO-SIMULACRO-NACIONAL-2023-1-1536x1023.jpg 1536w, https:\/\/cuernavaca.gob.mx\/wp-content\/uploads\/2023\/09\/AYUNTAMIENTO-DE-CUERNAVACA-SE-PREPARA-PARA-EL-SEGUNDO-SIMULACRO-NACIONAL-2023-1-600x400.jpg 600w, https:\/\/cuernavaca.gob.mx\/wp-content\/uploads\/2023\/09\/AYUNTAMIENTO-DE-CUERNAVACA-SE-PREPARA-PARA-EL-SEGUNDO-SIMULACRO-NACIONAL-2023-1-560x373.jpg 560w, https:\/\/cuernavaca.gob.mx\/wp-content\/uploads\/2023\/09\/AYUNTAMIENTO-DE-CUERNAVACA-SE-PREPARA-PARA-EL-SEGUNDO-SIMULACRO-NACIONAL-2023-1.jpg 1600w\" sizes=\"(max-width: 300px) 100vw, 300px\" \/> <img loading=\"lazy\" class=\"alignnone size-medium wp-image-32685\" src=\"https:\/\/cuernavaca.gob.mx\/wp-content\/uploads\/2023\/09\/AYUNTAMIENTO-DE-CUERNAVACA-SE-PREPARA-PARA-EL-SEGUNDO-SIMULACRO-NACIONAL-2023-2-300x200.jpg\" alt=\"\" width=\"300\" height=\"200\" srcset=\"https:\/\/cuernavaca.gob.mx\/wp-content\/uploads\/2023\/09\/AYUNTAMIENTO-DE-CUERNAVACA-SE-PREPARA-PARA-EL-SEGUNDO-SIMULACRO-NACIONAL-2023-2-300x200.jpg 300w, https:\/\/cuernavaca.gob.mx\/wp-content\/uploads\/2023\/09\/AYUNTAMIENTO-DE-CUERNAVACA-SE-PREPARA-PARA-EL-SEGUNDO-SIMULACRO-NACIONAL-2023-2-1024x682.jpg 1024w, https:\/\/cuernavaca.gob.mx\/wp-content\/uploads\/2023\/09\/AYUNTAMIENTO-DE-CUERNAVACA-SE-PREPARA-PARA-EL-SEGUNDO-SIMULACRO-NACIONAL-2023-2-768x512.jpg 768w, https:\/\/cuernavaca.gob.mx\/wp-content\/uploads\/2023\/09\/AYUNTAMIENTO-DE-CUERNAVACA-SE-PREPARA-PARA-EL-SEGUNDO-SIMULACRO-NACIONAL-2023-2-1536x1023.jpg 1536w, https:\/\/cuernavaca.gob.mx\/wp-content\/uploads\/2023\/09\/AYUNTAMIENTO-DE-CUERNAVACA-SE-PREPARA-PARA-EL-SEGUNDO-SIMULACRO-NACIONAL-2023-2-600x400.jpg 600w, https:\/\/cuernavaca.gob.mx\/wp-content\/uploads\/2023\/09\/AYUNTAMIENTO-DE-CUERNAVACA-SE-PREPARA-PARA-EL-SEGUNDO-SIMULACRO-NACIONAL-2023-2-560x373.jpg 560w, https:\/\/cuernavaca.gob.mx\/wp-content\/uploads\/2023\/09\/AYUNTAMIENTO-DE-CUERNAVACA-SE-PREPARA-PARA-EL-SEGUNDO-SIMULACRO-NACIONAL-2023-2.jpg 1600w\" sizes=\"(max-width: 300px) 100vw, 300px\" \/> <img loading=\"lazy\" class=\"alignnone size-medium wp-image-32686\" src=\"https:\/\/cuernavaca.gob.mx\/wp-content\/uploads\/2023\/09\/AYUNTAMIENTO-DE-CUERNAVACA-SE-PREPARA-PARA-EL-SEGUNDO-SIMULACRO-NACIONAL-2023-3-300x200.jpg\" alt=\"\" width=\"300\" height=\"200\" srcset=\"https:\/\/cuernavaca.gob.mx\/wp-content\/uploads\/2023\/09\/AYUNTAMIENTO-DE-CUERNAVACA-SE-PREPARA-PARA-EL-SEGUNDO-SIMULACRO-NACIONAL-2023-3-300x200.jpg 300w, https:\/\/cuernavaca.gob.mx\/wp-content\/uploads\/2023\/09\/AYUNTAMIENTO-DE-CUERNAVACA-SE-PREPARA-PARA-EL-SEGUNDO-SIMULACRO-NACIONAL-2023-3-1024x682.jpg 1024w, https:\/\/cuernavaca.gob.mx\/wp-content\/uploads\/2023\/09\/AYUNTAMIENTO-DE-CUERNAVACA-SE-PREPARA-PARA-EL-SEGUNDO-SIMULACRO-NACIONAL-2023-3-768x512.jpg 768w, https:\/\/cuernavaca.gob.mx\/wp-content\/uploads\/2023\/09\/AYUNTAMIENTO-DE-CUERNAVACA-SE-PREPARA-PARA-EL-SEGUNDO-SIMULACRO-NACIONAL-2023-3-1536x1023.jpg 1536w, https:\/\/cuernavaca.gob.mx\/wp-content\/uploads\/2023\/09\/AYUNTAMIENTO-DE-CUERNAVACA-SE-PREPARA-PARA-EL-SEGUNDO-SIMULACRO-NACIONAL-2023-3-600x400.jpg 600w, https:\/\/cuernavaca.gob.mx\/wp-content\/uploads\/2023\/09\/AYUNTAMIENTO-DE-CUERNAVACA-SE-PREPARA-PARA-EL-SEGUNDO-SIMULACRO-NACIONAL-2023-3-560x373.jpg 560w, https:\/\/cuernavaca.gob.mx\/wp-content\/uploads\/2023\/09\/AYUNTAMIENTO-DE-CUERNAVACA-SE-PREPARA-PARA-EL-SEGUNDO-SIMULACRO-NACIONAL-2023-3.jpg 1600w\" sizes=\"(max-width: 300px) 100vw, 300px\" \/> <img loading=\"lazy\" class=\"alignnone size-medium wp-image-32687\" src=\"https:\/\/cuernavaca.gob.mx\/wp-content\/uploads\/2023\/09\/AYUNTAMIENTO-DE-CUERNAVACA-SE-PREPARA-PARA-EL-SEGUNDO-SIMULACRO-NACIONAL-2023-4-300x200.jpg\" alt=\"\" width=\"300\" height=\"200\" srcset=\"https:\/\/cuernavaca.gob.mx\/wp-content\/uploads\/2023\/09\/AYUNTAMIENTO-DE-CUERNAVACA-SE-PREPARA-PARA-EL-SEGUNDO-SIMULACRO-NACIONAL-2023-4-300x200.jpg 300w, https:\/\/cuernavaca.gob.mx\/wp-content\/uploads\/2023\/09\/AYUNTAMIENTO-DE-CUERNAVACA-SE-PREPARA-PARA-EL-SEGUNDO-SIMULACRO-NACIONAL-2023-4-1024x682.jpg 1024w, https:\/\/cuernavaca.gob.mx\/wp-content\/uploads\/2023\/09\/AYUNTAMIENTO-DE-CUERNAVACA-SE-PREPARA-PARA-EL-SEGUNDO-SIMULACRO-NACIONAL-2023-4-768x512.jpg 768w, https:\/\/cuernavaca.gob.mx\/wp-content\/uploads\/2023\/09\/AYUNTAMIENTO-DE-CUERNAVACA-SE-PREPARA-PARA-EL-SEGUNDO-SIMULACRO-NACIONAL-2023-4-1536x1023.jpg 1536w, https:\/\/cuernavaca.gob.mx\/wp-content\/uploads\/2023\/09\/AYUNTAMIENTO-DE-CUERNAVACA-SE-PREPARA-PARA-EL-SEGUNDO-SIMULACRO-NACIONAL-2023-4-600x400.jpg 600w, https:\/\/cuernavaca.gob.mx\/wp-content\/uploads\/2023\/09\/AYUNTAMIENTO-DE-CUERNAVACA-SE-PREPARA-PARA-EL-SEGUNDO-SIMULACRO-NACIONAL-2023-4-560x373.jpg 560w, https:\/\/cuernavaca.gob.mx\/wp-content\/uploads\/2023\/09\/AYUNTAMIENTO-DE-CUERNAVACA-SE-PREPARA-PARA-EL-SEGUNDO-SIMULACRO-NACIONAL-2023-4.jpg 1600w\" sizes=\"(max-width: 300px) 100vw, 300px\" \/> <img loading=\"lazy\" class=\"alignnone size-medium wp-image-32688\" src=\"https:\/\/cuernavaca.gob.mx\/wp-content\/uploads\/2023\/09\/AYUNTAMIENTO-DE-CUERNAVACA-SE-PREPARA-PARA-EL-SEGUNDO-SIMULACRO-NACIONAL-2023-5-300x200.jpg\" alt=\"\" width=\"300\" height=\"200\" srcset=\"https:\/\/cuernavaca.gob.mx\/wp-content\/uploads\/2023\/09\/AYUNTAMIENTO-DE-CUERNAVACA-SE-PREPARA-PARA-EL-SEGUNDO-SIMULACRO-NACIONAL-2023-5-300x200.jpg 300w, https:\/\/cuernavaca.gob.mx\/wp-content\/uploads\/2023\/09\/AYUNTAMIENTO-DE-CUERNAVACA-SE-PREPARA-PARA-EL-SEGUNDO-SIMULACRO-NACIONAL-2023-5-1024x682.jpg 1024w, https:\/\/cuernavaca.gob.mx\/wp-content\/uploads\/2023\/09\/AYUNTAMIENTO-DE-CUERNAVACA-SE-PREPARA-PARA-EL-SEGUNDO-SIMULACRO-NACIONAL-2023-5-768x512.jpg 768w, https:\/\/cuernavaca.gob.mx\/wp-content\/uploads\/2023\/09\/AYUNTAMIENTO-DE-CUERNAVACA-SE-PREPARA-PARA-EL-SEGUNDO-SIMULACRO-NACIONAL-2023-5-1536x1023.jpg 1536w, https:\/\/cuernavaca.gob.mx\/wp-content\/uploads\/2023\/09\/AYUNTAMIENTO-DE-CUERNAVACA-SE-PREPARA-PARA-EL-SEGUNDO-SIMULACRO-NACIONAL-2023-5-600x400.jpg 600w, https:\/\/cuernavaca.gob.mx\/wp-content\/uploads\/2023\/09\/AYUNTAMIENTO-DE-CUERNAVACA-SE-PREPARA-PARA-EL-SEGUNDO-SIMULACRO-NACIONAL-2023-5-560x373.jpg 560w, https:\/\/cuernavaca.gob.mx\/wp-content\/uploads\/2023\/09\/AYUNTAMIENTO-DE-CUERNAVACA-SE-PREPARA-PARA-EL-SEGUNDO-SIMULACRO-NACIONAL-2023-5.jpg 1600w\" sizes=\"(max-width: 300px) 100vw, 300px\" \/> <img loading=\"lazy\" class=\"alignnone size-medium wp-image-32689\" src=\"https:\/\/cuernavaca.gob.mx\/wp-content\/uploads\/2023\/09\/AYUNTAMIENTO-DE-CUERNAVACA-SE-PREPARA-PARA-EL-SEGUNDO-SIMULACRO-NACIONAL-2023-6-300x200.jpg\" alt=\"\" width=\"300\" height=\"200\" srcset=\"https:\/\/cuernavaca.gob.mx\/wp-content\/uploads\/2023\/09\/AYUNTAMIENTO-DE-CUERNAVACA-SE-PREPARA-PARA-EL-SEGUNDO-SIMULACRO-NACIONAL-2023-6-300x200.jpg 300w, https:\/\/cuernavaca.gob.mx\/wp-content\/uploads\/2023\/09\/AYUNTAMIENTO-DE-CUERNAVACA-SE-PREPARA-PARA-EL-SEGUNDO-SIMULACRO-NACIONAL-2023-6-1024x682.jpg 1024w, https:\/\/cuernavaca.gob.mx\/wp-content\/uploads\/2023\/09\/AYUNTAMIENTO-DE-CUERNAVACA-SE-PREPARA-PARA-EL-SEGUNDO-SIMULACRO-NACIONAL-2023-6-768x512.jpg 768w, https:\/\/cuernavaca.gob.mx\/wp-content\/uploads\/2023\/09\/AYUNTAMIENTO-DE-CUERNAVACA-SE-PREPARA-PARA-EL-SEGUNDO-SIMULACRO-NACIONAL-2023-6-1536x1023.jpg 1536w, https:\/\/cuernavaca.gob.mx\/wp-content\/uploads\/2023\/09\/AYUNTAMIENTO-DE-CUERNAVACA-SE-PREPARA-PARA-EL-SEGUNDO-SIMULACRO-NACIONAL-2023-6-600x400.jpg 600w, https:\/\/cuernavaca.gob.mx\/wp-content\/uploads\/2023\/09\/AYUNTAMIENTO-DE-CUERNAVACA-SE-PREPARA-PARA-EL-SEGUNDO-SIMULACRO-NACIONAL-2023-6-560x373.jpg 560w, https:\/\/cuernavaca.gob.mx\/wp-content\/uploads\/2023\/09\/AYUNTAMIENTO-DE-CUERNAVACA-SE-PREPARA-PARA-EL-SEGUNDO-SIMULACRO-NACIONAL-2023-6.jpg 1600w\" sizes=\"(max-width: 300px) 100vw, 300px\" \/><\/p>\n","protected":false},"excerpt":{"rendered":"<p>El Ayuntamiento de Cuernavaca se prepara para el Segundo Simulacro Nacional 2023, por lo cual durante esta semana se han efectuado algunos ensayos en la sede Papagayo, a fin de preparar a los servidores p\u00fablicos y a las brigadas internas de Protecci\u00f3n Civil sobre este ejercicio que tiene como objeto fomentar la cultura de la [&hellip;]<\/p>\n","protected":false},"author":1,"featured_media":32684,"comment_status":"closed","ping_status":"open","sticky":false,"template":"","format":"standard","meta":[],"categories":[2227],"tags":[2717,121,120,206,172,2333,1370],"aioseo_notices":[],"_links":{"self":[{"href":"https:\/\/cuernavaca.gob.mx\/index.php?rest_route=\/wp\/v2\/posts\/32683"}],"collection":[{"href":"https:\/\/cuernavaca.gob.mx\/index.php?rest_route=\/wp\/v2\/posts"}],"about":[{"href":"https:\/\/cuernavaca.gob.mx\/index.php?rest_route=\/wp\/v2\/types\/post"}],"author":[{"embeddable":true,"href":"https:\/\/cuernavaca.gob.mx\/index.php?rest_route=\/wp\/v2\/users\/1"}],"replies":[{"embeddable":true,"href":"https:\/\/cuernavaca.gob.mx\/index.php?rest_route=%2Fwp%2Fv2%2Fcomments&post=32683"}],"version-history":[{"count":1,"href":"https:\/\/cuernavaca.gob.mx\/index.php?rest_route=\/wp\/v2\/posts\/32683\/revisions"}],"predecessor-version":[{"id":32690,"href":"https:\/\/cuernavaca.gob.mx\/index.php?rest_route=\/wp\/v2\/posts\/32683\/revisions\/32690"}],"wp:featuredmedia":[{"embeddable":true,"href":"https:\/\/cuernavaca.gob.mx\/index.php?rest_route=\/wp\/v2\/media\/32684"}],"wp:attachment":[{"href":"https:\/\/cuernavaca.gob.mx\/index.php?rest_route=%2Fwp%2Fv2%2Fmedia&parent=32683"}],"wp:term":[{"taxonomy":"category","embeddable":true,"href":"https:\/\/cuernavaca.gob.mx\/index.php?rest_route=%2Fwp%2Fv2%2Fcategories&post=32683"},{"taxonomy":"post_tag","embeddable":true,"href":"https:\/\/cuernavaca.gob.mx\/index.php?rest_route=%2Fwp%2Fv2%2Ftags&post=32683"}],"curies":[{"name":"wp","href":"https:\/\/api.w.org\/{rel}","templated":true}]}}