{"id":32691,"date":"2023-09-15T14:30:49","date_gmt":"2023-09-15T20:30:49","guid":{"rendered":"https:\/\/cuernavaca.gob.mx\/?p=32691"},"modified":"2025-05-06T14:10:40","modified_gmt":"2025-05-06T20:10:40","slug":"f509-15-09-23-refrenda-jose-luis-uriostegui-compromiso-para-seguir-atendiendo-peticiones-ciudadanas","status":"publish","type":"post","link":"https:\/\/cuernavaca.gob.mx\/?p=32691","title":{"rendered":"F509 15\/09\/23 REFRENDA JOS\u00c9 LUIS URI\u00d3STEGUI COMPROMISO PARA SEGUIR ATENDIENDO PETICIONES CIUDADANAS"},"content":{"rendered":"<p>Dando cumplimiento a un compromiso adquirido en sesi\u00f3n de Cabildo Abierto, este mi\u00e9rcoles el presidente municipal de Cuernavaca, Jos\u00e9 Luis Uri\u00f3stegui Salgado, recibi\u00f3 a integrantes del Comit\u00e9 de Defensa de Colonias Unidas de la ciudad, quienes le entregaron un pliego petitorio en el marco del CCXIII Aniversario del Inicio de la Independencia de M\u00e9xico, acordando sostener el pr\u00f3ximo lunes 25 de septiembre una reuni\u00f3n de trabajo para resolver cada una de sus peticiones de acuerdo con el \u00e1mbito de facultades del municipio.<\/p>\n<p>En voz de Diego Torres Melgoza, representante de la organizaci\u00f3n vecinal, Jos\u00e9 Luis Uri\u00f3stegui, en compa\u00f1\u00eda de la regidora Lucero Cuenca Noria, escuch\u00f3 con atenci\u00f3n cada una de las peticiones, reiterando la disposici\u00f3n del municipio para darles respuesta oportuna conforme a la suficiencia presupuestal como ha ocurrido con otras demandas plasmadas en Cabildo Abierto y si bien en esta ocasi\u00f3n algunas son de facultad estatal y federal, manifest\u00f3, que a trav\u00e9s del Ayuntamiento se pueden vincularlos a las \u00e1reas donde correspondan.<\/p>\n<p>Los vecinos y vecinas agradecieron la apertura del presidente municipal de Cuernavaca quien, indic\u00f3, que en la reuni\u00f3n pactada estar\u00e1n presentes titulares del Gabinete y Directores Generales conforme a los temas se\u00f1alados en sus demandas.<\/p>\n<p><img loading=\"lazy\" class=\"alignnone size-medium wp-image-32692\" src=\"https:\/\/cuernavaca.gob.mx\/wp-content\/uploads\/2023\/09\/REFRENDA-JOSE\u0301-LUIS-URIO\u0301STEGUI-COMPROMISO-PARA-SEGUIR-ATENDIENDO-PETICIONES-CIUDADANAS-1-300x200.jpg\" alt=\"\" width=\"300\" height=\"200\" srcset=\"https:\/\/cuernavaca.gob.mx\/wp-content\/uploads\/2023\/09\/REFRENDA-JOSE\u0301-LUIS-URIO\u0301STEGUI-COMPROMISO-PARA-SEGUIR-ATENDIENDO-PETICIONES-CIUDADANAS-1-300x200.jpg 300w, https:\/\/cuernavaca.gob.mx\/wp-content\/uploads\/2023\/09\/REFRENDA-JOSE\u0301-LUIS-URIO\u0301STEGUI-COMPROMISO-PARA-SEGUIR-ATENDIENDO-PETICIONES-CIUDADANAS-1-1024x683.jpg 1024w, https:\/\/cuernavaca.gob.mx\/wp-content\/uploads\/2023\/09\/REFRENDA-JOSE\u0301-LUIS-URIO\u0301STEGUI-COMPROMISO-PARA-SEGUIR-ATENDIENDO-PETICIONES-CIUDADANAS-1-768x512.jpg 768w, https:\/\/cuernavaca.gob.mx\/wp-content\/uploads\/2023\/09\/REFRENDA-JOSE\u0301-LUIS-URIO\u0301STEGUI-COMPROMISO-PARA-SEGUIR-ATENDIENDO-PETICIONES-CIUDADANAS-1-1536x1024.jpg 1536w, https:\/\/cuernavaca.gob.mx\/wp-content\/uploads\/2023\/09\/REFRENDA-JOSE\u0301-LUIS-URIO\u0301STEGUI-COMPROMISO-PARA-SEGUIR-ATENDIENDO-PETICIONES-CIUDADANAS-1-600x400.jpg 600w, https:\/\/cuernavaca.gob.mx\/wp-content\/uploads\/2023\/09\/REFRENDA-JOSE\u0301-LUIS-URIO\u0301STEGUI-COMPROMISO-PARA-SEGUIR-ATENDIENDO-PETICIONES-CIUDADANAS-1-560x373.jpg 560w, https:\/\/cuernavaca.gob.mx\/wp-content\/uploads\/2023\/09\/REFRENDA-JOSE\u0301-LUIS-URIO\u0301STEGUI-COMPROMISO-PARA-SEGUIR-ATENDIENDO-PETICIONES-CIUDADANAS-1.jpg 1599w\" sizes=\"(max-width: 300px) 100vw, 300px\" \/> <img loading=\"lazy\" class=\"alignnone size-medium wp-image-32693\" src=\"https:\/\/cuernavaca.gob.mx\/wp-content\/uploads\/2023\/09\/REFRENDA-JOSE\u0301-LUIS-URIO\u0301STEGUI-COMPROMISO-PARA-SEGUIR-ATENDIENDO-PETICIONES-CIUDADANAS-2-300x200.jpg\" alt=\"\" width=\"300\" height=\"200\" srcset=\"https:\/\/cuernavaca.gob.mx\/wp-content\/uploads\/2023\/09\/REFRENDA-JOSE\u0301-LUIS-URIO\u0301STEGUI-COMPROMISO-PARA-SEGUIR-ATENDIENDO-PETICIONES-CIUDADANAS-2-300x200.jpg 300w, https:\/\/cuernavaca.gob.mx\/wp-content\/uploads\/2023\/09\/REFRENDA-JOSE\u0301-LUIS-URIO\u0301STEGUI-COMPROMISO-PARA-SEGUIR-ATENDIENDO-PETICIONES-CIUDADANAS-2-1024x683.jpg 1024w, https:\/\/cuernavaca.gob.mx\/wp-content\/uploads\/2023\/09\/REFRENDA-JOSE\u0301-LUIS-URIO\u0301STEGUI-COMPROMISO-PARA-SEGUIR-ATENDIENDO-PETICIONES-CIUDADANAS-2-768x512.jpg 768w, https:\/\/cuernavaca.gob.mx\/wp-content\/uploads\/2023\/09\/REFRENDA-JOSE\u0301-LUIS-URIO\u0301STEGUI-COMPROMISO-PARA-SEGUIR-ATENDIENDO-PETICIONES-CIUDADANAS-2-1536x1024.jpg 1536w, https:\/\/cuernavaca.gob.mx\/wp-content\/uploads\/2023\/09\/REFRENDA-JOSE\u0301-LUIS-URIO\u0301STEGUI-COMPROMISO-PARA-SEGUIR-ATENDIENDO-PETICIONES-CIUDADANAS-2-600x400.jpg 600w, https:\/\/cuernavaca.gob.mx\/wp-content\/uploads\/2023\/09\/REFRENDA-JOSE\u0301-LUIS-URIO\u0301STEGUI-COMPROMISO-PARA-SEGUIR-ATENDIENDO-PETICIONES-CIUDADANAS-2-560x373.jpg 560w, https:\/\/cuernavaca.gob.mx\/wp-content\/uploads\/2023\/09\/REFRENDA-JOSE\u0301-LUIS-URIO\u0301STEGUI-COMPROMISO-PARA-SEGUIR-ATENDIENDO-PETICIONES-CIUDADANAS-2.jpg 1599w\" sizes=\"(max-width: 300px) 100vw, 300px\" \/> <img loading=\"lazy\" class=\"alignnone size-medium wp-image-32694\" src=\"https:\/\/cuernavaca.gob.mx\/wp-content\/uploads\/2023\/09\/REFRENDA-JOSE\u0301-LUIS-URIO\u0301STEGUI-COMPROMISO-PARA-SEGUIR-ATENDIENDO-PETICIONES-CIUDADANAS-3-300x200.jpg\" alt=\"\" width=\"300\" height=\"200\" srcset=\"https:\/\/cuernavaca.gob.mx\/wp-content\/uploads\/2023\/09\/REFRENDA-JOSE\u0301-LUIS-URIO\u0301STEGUI-COMPROMISO-PARA-SEGUIR-ATENDIENDO-PETICIONES-CIUDADANAS-3-300x200.jpg 300w, https:\/\/cuernavaca.gob.mx\/wp-content\/uploads\/2023\/09\/REFRENDA-JOSE\u0301-LUIS-URIO\u0301STEGUI-COMPROMISO-PARA-SEGUIR-ATENDIENDO-PETICIONES-CIUDADANAS-3-1024x683.jpg 1024w, https:\/\/cuernavaca.gob.mx\/wp-content\/uploads\/2023\/09\/REFRENDA-JOSE\u0301-LUIS-URIO\u0301STEGUI-COMPROMISO-PARA-SEGUIR-ATENDIENDO-PETICIONES-CIUDADANAS-3-768x512.jpg 768w, https:\/\/cuernavaca.gob.mx\/wp-content\/uploads\/2023\/09\/REFRENDA-JOSE\u0301-LUIS-URIO\u0301STEGUI-COMPROMISO-PARA-SEGUIR-ATENDIENDO-PETICIONES-CIUDADANAS-3-1536x1024.jpg 1536w, https:\/\/cuernavaca.gob.mx\/wp-content\/uploads\/2023\/09\/REFRENDA-JOSE\u0301-LUIS-URIO\u0301STEGUI-COMPROMISO-PARA-SEGUIR-ATENDIENDO-PETICIONES-CIUDADANAS-3-600x400.jpg 600w, https:\/\/cuernavaca.gob.mx\/wp-content\/uploads\/2023\/09\/REFRENDA-JOSE\u0301-LUIS-URIO\u0301STEGUI-COMPROMISO-PARA-SEGUIR-ATENDIENDO-PETICIONES-CIUDADANAS-3-560x373.jpg 560w, https:\/\/cuernavaca.gob.mx\/wp-content\/uploads\/2023\/09\/REFRENDA-JOSE\u0301-LUIS-URIO\u0301STEGUI-COMPROMISO-PARA-SEGUIR-ATENDIENDO-PETICIONES-CIUDADANAS-3.jpg 1599w\" sizes=\"(max-width: 300px) 100vw, 300px\" \/> <img loading=\"lazy\" class=\"alignnone size-medium wp-image-32695\" src=\"https:\/\/cuernavaca.gob.mx\/wp-content\/uploads\/2023\/09\/REFRENDA-JOSE\u0301-LUIS-URIO\u0301STEGUI-COMPROMISO-PARA-SEGUIR-ATENDIENDO-PETICIONES-CIUDADANAS-4-300x200.jpg\" alt=\"\" width=\"300\" height=\"200\" srcset=\"https:\/\/cuernavaca.gob.mx\/wp-content\/uploads\/2023\/09\/REFRENDA-JOSE\u0301-LUIS-URIO\u0301STEGUI-COMPROMISO-PARA-SEGUIR-ATENDIENDO-PETICIONES-CIUDADANAS-4-300x200.jpg 300w, https:\/\/cuernavaca.gob.mx\/wp-content\/uploads\/2023\/09\/REFRENDA-JOSE\u0301-LUIS-URIO\u0301STEGUI-COMPROMISO-PARA-SEGUIR-ATENDIENDO-PETICIONES-CIUDADANAS-4-1024x683.jpg 1024w, https:\/\/cuernavaca.gob.mx\/wp-content\/uploads\/2023\/09\/REFRENDA-JOSE\u0301-LUIS-URIO\u0301STEGUI-COMPROMISO-PARA-SEGUIR-ATENDIENDO-PETICIONES-CIUDADANAS-4-768x512.jpg 768w, https:\/\/cuernavaca.gob.mx\/wp-content\/uploads\/2023\/09\/REFRENDA-JOSE\u0301-LUIS-URIO\u0301STEGUI-COMPROMISO-PARA-SEGUIR-ATENDIENDO-PETICIONES-CIUDADANAS-4-1536x1024.jpg 1536w, https:\/\/cuernavaca.gob.mx\/wp-content\/uploads\/2023\/09\/REFRENDA-JOSE\u0301-LUIS-URIO\u0301STEGUI-COMPROMISO-PARA-SEGUIR-ATENDIENDO-PETICIONES-CIUDADANAS-4-600x400.jpg 600w, https:\/\/cuernavaca.gob.mx\/wp-content\/uploads\/2023\/09\/REFRENDA-JOSE\u0301-LUIS-URIO\u0301STEGUI-COMPROMISO-PARA-SEGUIR-ATENDIENDO-PETICIONES-CIUDADANAS-4-560x373.jpg 560w, https:\/\/cuernavaca.gob.mx\/wp-content\/uploads\/2023\/09\/REFRENDA-JOSE\u0301-LUIS-URIO\u0301STEGUI-COMPROMISO-PARA-SEGUIR-ATENDIENDO-PETICIONES-CIUDADANAS-4.jpg 1599w\" sizes=\"(max-width: 300px) 100vw, 300px\" \/><\/p>\n","protected":false},"excerpt":{"rendered":"<p>Dando cumplimiento a un compromiso adquirido en sesi\u00f3n de Cabildo Abierto, este mi\u00e9rcoles el presidente municipal de Cuernavaca, Jos\u00e9 Luis Uri\u00f3stegui Salgado, recibi\u00f3 a integrantes del Comit\u00e9 de Defensa de Colonias Unidas de la ciudad, quienes le entregaron un pliego petitorio en el marco del CCXIII Aniversario del Inicio de la Independencia de M\u00e9xico, acordando [&hellip;]<\/p>\n","protected":false},"author":1,"featured_media":32693,"comment_status":"closed","ping_status":"open","sticky":false,"template":"","format":"standard","meta":[],"categories":[20],"tags":[2368,1007,3322,121,120,206,1328],"aioseo_notices":[],"_links":{"self":[{"href":"https:\/\/cuernavaca.gob.mx\/index.php?rest_route=\/wp\/v2\/posts\/32691"}],"collection":[{"href":"https:\/\/cuernavaca.gob.mx\/index.php?rest_route=\/wp\/v2\/posts"}],"about":[{"href":"https:\/\/cuernavaca.gob.mx\/index.php?rest_route=\/wp\/v2\/types\/post"}],"author":[{"embeddable":true,"href":"https:\/\/cuernavaca.gob.mx\/index.php?rest_route=\/wp\/v2\/users\/1"}],"replies":[{"embeddable":true,"href":"https:\/\/cuernavaca.gob.mx\/index.php?rest_route=%2Fwp%2Fv2%2Fcomments&post=32691"}],"version-history":[{"count":1,"href":"https:\/\/cuernavaca.gob.mx\/index.php?rest_route=\/wp\/v2\/posts\/32691\/revisions"}],"predecessor-version":[{"id":32696,"href":"https:\/\/cuernavaca.gob.mx\/index.php?rest_route=\/wp\/v2\/posts\/32691\/revisions\/32696"}],"wp:featuredmedia":[{"embeddable":true,"href":"https:\/\/cuernavaca.gob.mx\/index.php?rest_route=\/wp\/v2\/media\/32693"}],"wp:attachment":[{"href":"https:\/\/cuernavaca.gob.mx\/index.php?rest_route=%2Fwp%2Fv2%2Fmedia&parent=32691"}],"wp:term":[{"taxonomy":"category","embeddable":true,"href":"https:\/\/cuernavaca.gob.mx\/index.php?rest_route=%2Fwp%2Fv2%2Fcategories&post=32691"},{"taxonomy":"post_tag","embeddable":true,"href":"https:\/\/cuernavaca.gob.mx\/index.php?rest_route=%2Fwp%2Fv2%2Ftags&post=32691"}],"curies":[{"name":"wp","href":"https:\/\/api.w.org\/{rel}","templated":true}]}}