{"id":33088,"date":"2023-09-23T15:35:34","date_gmt":"2023-09-23T21:35:34","guid":{"rendered":"https:\/\/cuernavaca.gob.mx\/?p=33088"},"modified":"2025-05-06T14:11:22","modified_gmt":"2025-05-06T20:11:22","slug":"f520-23-09-23-seprac-incrementa-recuperacion-de-automotores-con-reporte-de-robo","status":"publish","type":"post","link":"https:\/\/cuernavaca.gob.mx\/?p=33088","title":{"rendered":"F520 23\/09\/23 SEPRAC INCREMENTA RECUPERACI\u00d3N DE AUTOMOTORES CON REPORTE DE ROBO"},"content":{"rendered":"<p>Del 01 de enero al 17 de septiembre de 2023, elementos de la Secretar\u00eda de Protecci\u00f3n y Auxilio Ciudadano (SEPRAC) del Ayuntamiento de Cuernavaca han recuperado 148 veh\u00edculos y puesto a disposici\u00f3n del Ministerio P\u00fablico a 55 personas.<\/p>\n<p>De los 148 veh\u00edculos recuperados, 50 han sido a trav\u00e9s de la Unidad de Prevenci\u00f3n al Robo de Veh\u00edculo (UPRV) y 98 por otras \u00e1reas de la Polic\u00eda Preventiva Municipal; de los 50 veh\u00edculos recuperados por la UPRV, en 42 se cont\u00f3 con la participaci\u00f3n de la Unidad de Telemetr\u00eda.<\/p>\n<p>Entre las unidades automotoras recuperadas se encuentra un veh\u00edculo marca Chevrolet, submarca Beat, color dorado, serie MACCB6C2JT001935 y placas de circulaci\u00f3n PYX749B, el cual fue asegurado el 11 de septiembre en la colonia La Pradera y que contaba con reporte de robo vigente; este mismo d\u00eda, pero en la colonia Chipitl\u00e1n recuperaron un autom\u00f3vil marca Nissan, submarca Versa, color Naranja, serie 3NIGNSAEXNL827282, que ten\u00eda tambi\u00e9n reporte de robo vigente.<\/p>\n<p>Finalmente, el 11 de septiembre en la colonia L\u00e1zaro C\u00e1rdenas recuperaron una motocicleta marca Italika, submarca FT150, color negro con amarillo, a\u00f1o 2019, serie 3SCPFTEE4K1060093 y placas de circulaci\u00f3n 18PWW4 que ten\u00eda reporte de robo vigente.<\/p>\n<p><img loading=\"lazy\" class=\"alignnone size-medium wp-image-33089\" src=\"https:\/\/cuernavaca.gob.mx\/wp-content\/uploads\/2023\/09\/SEPRAC-INCREMENTA-RECUPERACION-DE-AUTOMOTORES-CON-REPORTE-DE-ROBO-1-300x300.jpeg\" alt=\"\" width=\"300\" height=\"300\" srcset=\"https:\/\/cuernavaca.gob.mx\/wp-content\/uploads\/2023\/09\/SEPRAC-INCREMENTA-RECUPERACION-DE-AUTOMOTORES-CON-REPORTE-DE-ROBO-1-300x300.jpeg 300w, https:\/\/cuernavaca.gob.mx\/wp-content\/uploads\/2023\/09\/SEPRAC-INCREMENTA-RECUPERACION-DE-AUTOMOTORES-CON-REPORTE-DE-ROBO-1-1024x1024.jpeg 1024w, https:\/\/cuernavaca.gob.mx\/wp-content\/uploads\/2023\/09\/SEPRAC-INCREMENTA-RECUPERACION-DE-AUTOMOTORES-CON-REPORTE-DE-ROBO-1-150x150.jpeg 150w, https:\/\/cuernavaca.gob.mx\/wp-content\/uploads\/2023\/09\/SEPRAC-INCREMENTA-RECUPERACION-DE-AUTOMOTORES-CON-REPORTE-DE-ROBO-1-768x767.jpeg 768w, https:\/\/cuernavaca.gob.mx\/wp-content\/uploads\/2023\/09\/SEPRAC-INCREMENTA-RECUPERACION-DE-AUTOMOTORES-CON-REPORTE-DE-ROBO-1-600x600.jpeg 600w, https:\/\/cuernavaca.gob.mx\/wp-content\/uploads\/2023\/09\/SEPRAC-INCREMENTA-RECUPERACION-DE-AUTOMOTORES-CON-REPORTE-DE-ROBO-1-560x560.jpeg 560w, https:\/\/cuernavaca.gob.mx\/wp-content\/uploads\/2023\/09\/SEPRAC-INCREMENTA-RECUPERACION-DE-AUTOMOTORES-CON-REPORTE-DE-ROBO-1.jpeg 1080w\" sizes=\"(max-width: 300px) 100vw, 300px\" \/> <img loading=\"lazy\" class=\"alignnone size-medium wp-image-33090\" src=\"https:\/\/cuernavaca.gob.mx\/wp-content\/uploads\/2023\/09\/SEPRAC-INCREMENTA-RECUPERACION-DE-AUTOMOTORES-CON-REPORTE-DE-ROBO-2-300x300.jpeg\" alt=\"\" width=\"300\" height=\"300\" srcset=\"https:\/\/cuernavaca.gob.mx\/wp-content\/uploads\/2023\/09\/SEPRAC-INCREMENTA-RECUPERACION-DE-AUTOMOTORES-CON-REPORTE-DE-ROBO-2-300x300.jpeg 300w, https:\/\/cuernavaca.gob.mx\/wp-content\/uploads\/2023\/09\/SEPRAC-INCREMENTA-RECUPERACION-DE-AUTOMOTORES-CON-REPORTE-DE-ROBO-2-1024x1024.jpeg 1024w, https:\/\/cuernavaca.gob.mx\/wp-content\/uploads\/2023\/09\/SEPRAC-INCREMENTA-RECUPERACION-DE-AUTOMOTORES-CON-REPORTE-DE-ROBO-2-150x150.jpeg 150w, https:\/\/cuernavaca.gob.mx\/wp-content\/uploads\/2023\/09\/SEPRAC-INCREMENTA-RECUPERACION-DE-AUTOMOTORES-CON-REPORTE-DE-ROBO-2-768x768.jpeg 768w, https:\/\/cuernavaca.gob.mx\/wp-content\/uploads\/2023\/09\/SEPRAC-INCREMENTA-RECUPERACION-DE-AUTOMOTORES-CON-REPORTE-DE-ROBO-2-600x600.jpeg 600w, https:\/\/cuernavaca.gob.mx\/wp-content\/uploads\/2023\/09\/SEPRAC-INCREMENTA-RECUPERACION-DE-AUTOMOTORES-CON-REPORTE-DE-ROBO-2-560x560.jpeg 560w, https:\/\/cuernavaca.gob.mx\/wp-content\/uploads\/2023\/09\/SEPRAC-INCREMENTA-RECUPERACION-DE-AUTOMOTORES-CON-REPORTE-DE-ROBO-2.jpeg 1080w\" sizes=\"(max-width: 300px) 100vw, 300px\" \/> <img loading=\"lazy\" class=\"alignnone size-medium wp-image-33091\" src=\"https:\/\/cuernavaca.gob.mx\/wp-content\/uploads\/2023\/09\/SEPRAC-INCREMENTA-RECUPERACION-DE-AUTOMOTORES-CON-REPORTE-DE-ROBO-3-300x300.jpeg\" alt=\"\" width=\"300\" height=\"300\" srcset=\"https:\/\/cuernavaca.gob.mx\/wp-content\/uploads\/2023\/09\/SEPRAC-INCREMENTA-RECUPERACION-DE-AUTOMOTORES-CON-REPORTE-DE-ROBO-3-300x300.jpeg 300w, https:\/\/cuernavaca.gob.mx\/wp-content\/uploads\/2023\/09\/SEPRAC-INCREMENTA-RECUPERACION-DE-AUTOMOTORES-CON-REPORTE-DE-ROBO-3-1024x1024.jpeg 1024w, https:\/\/cuernavaca.gob.mx\/wp-content\/uploads\/2023\/09\/SEPRAC-INCREMENTA-RECUPERACION-DE-AUTOMOTORES-CON-REPORTE-DE-ROBO-3-150x150.jpeg 150w, https:\/\/cuernavaca.gob.mx\/wp-content\/uploads\/2023\/09\/SEPRAC-INCREMENTA-RECUPERACION-DE-AUTOMOTORES-CON-REPORTE-DE-ROBO-3-768x768.jpeg 768w, https:\/\/cuernavaca.gob.mx\/wp-content\/uploads\/2023\/09\/SEPRAC-INCREMENTA-RECUPERACION-DE-AUTOMOTORES-CON-REPORTE-DE-ROBO-3-600x600.jpeg 600w, https:\/\/cuernavaca.gob.mx\/wp-content\/uploads\/2023\/09\/SEPRAC-INCREMENTA-RECUPERACION-DE-AUTOMOTORES-CON-REPORTE-DE-ROBO-3-560x560.jpeg 560w, https:\/\/cuernavaca.gob.mx\/wp-content\/uploads\/2023\/09\/SEPRAC-INCREMENTA-RECUPERACION-DE-AUTOMOTORES-CON-REPORTE-DE-ROBO-3.jpeg 1080w\" sizes=\"(max-width: 300px) 100vw, 300px\" \/> <img loading=\"lazy\" class=\"alignnone size-medium wp-image-33092\" src=\"https:\/\/cuernavaca.gob.mx\/wp-content\/uploads\/2023\/09\/SEPRAC-INCREMENTA-RECUPERACION-DE-AUTOMOTORES-CON-REPORTE-DE-ROBO-4-300x300.jpeg\" alt=\"\" width=\"300\" height=\"300\" srcset=\"https:\/\/cuernavaca.gob.mx\/wp-content\/uploads\/2023\/09\/SEPRAC-INCREMENTA-RECUPERACION-DE-AUTOMOTORES-CON-REPORTE-DE-ROBO-4-300x300.jpeg 300w, https:\/\/cuernavaca.gob.mx\/wp-content\/uploads\/2023\/09\/SEPRAC-INCREMENTA-RECUPERACION-DE-AUTOMOTORES-CON-REPORTE-DE-ROBO-4-1024x1024.jpeg 1024w, https:\/\/cuernavaca.gob.mx\/wp-content\/uploads\/2023\/09\/SEPRAC-INCREMENTA-RECUPERACION-DE-AUTOMOTORES-CON-REPORTE-DE-ROBO-4-150x150.jpeg 150w, https:\/\/cuernavaca.gob.mx\/wp-content\/uploads\/2023\/09\/SEPRAC-INCREMENTA-RECUPERACION-DE-AUTOMOTORES-CON-REPORTE-DE-ROBO-4-768x768.jpeg 768w, https:\/\/cuernavaca.gob.mx\/wp-content\/uploads\/2023\/09\/SEPRAC-INCREMENTA-RECUPERACION-DE-AUTOMOTORES-CON-REPORTE-DE-ROBO-4-600x600.jpeg 600w, https:\/\/cuernavaca.gob.mx\/wp-content\/uploads\/2023\/09\/SEPRAC-INCREMENTA-RECUPERACION-DE-AUTOMOTORES-CON-REPORTE-DE-ROBO-4-560x560.jpeg 560w, https:\/\/cuernavaca.gob.mx\/wp-content\/uploads\/2023\/09\/SEPRAC-INCREMENTA-RECUPERACION-DE-AUTOMOTORES-CON-REPORTE-DE-ROBO-4.jpeg 1080w\" sizes=\"(max-width: 300px) 100vw, 300px\" \/> <img loading=\"lazy\" class=\"alignnone size-medium wp-image-33093\" src=\"https:\/\/cuernavaca.gob.mx\/wp-content\/uploads\/2023\/09\/SEPRAC-INCREMENTA-RECUPERACION-DE-AUTOMOTORES-CON-REPORTE-DE-ROBO-5-300x300.jpeg\" alt=\"\" width=\"300\" height=\"300\" srcset=\"https:\/\/cuernavaca.gob.mx\/wp-content\/uploads\/2023\/09\/SEPRAC-INCREMENTA-RECUPERACION-DE-AUTOMOTORES-CON-REPORTE-DE-ROBO-5-300x300.jpeg 300w, https:\/\/cuernavaca.gob.mx\/wp-content\/uploads\/2023\/09\/SEPRAC-INCREMENTA-RECUPERACION-DE-AUTOMOTORES-CON-REPORTE-DE-ROBO-5-1024x1024.jpeg 1024w, https:\/\/cuernavaca.gob.mx\/wp-content\/uploads\/2023\/09\/SEPRAC-INCREMENTA-RECUPERACION-DE-AUTOMOTORES-CON-REPORTE-DE-ROBO-5-150x150.jpeg 150w, https:\/\/cuernavaca.gob.mx\/wp-content\/uploads\/2023\/09\/SEPRAC-INCREMENTA-RECUPERACION-DE-AUTOMOTORES-CON-REPORTE-DE-ROBO-5-768x768.jpeg 768w, https:\/\/cuernavaca.gob.mx\/wp-content\/uploads\/2023\/09\/SEPRAC-INCREMENTA-RECUPERACION-DE-AUTOMOTORES-CON-REPORTE-DE-ROBO-5-600x600.jpeg 600w, https:\/\/cuernavaca.gob.mx\/wp-content\/uploads\/2023\/09\/SEPRAC-INCREMENTA-RECUPERACION-DE-AUTOMOTORES-CON-REPORTE-DE-ROBO-5-560x560.jpeg 560w, https:\/\/cuernavaca.gob.mx\/wp-content\/uploads\/2023\/09\/SEPRAC-INCREMENTA-RECUPERACION-DE-AUTOMOTORES-CON-REPORTE-DE-ROBO-5.jpeg 1080w\" sizes=\"(max-width: 300px) 100vw, 300px\" \/> <img loading=\"lazy\" class=\"alignnone size-medium wp-image-33094\" src=\"https:\/\/cuernavaca.gob.mx\/wp-content\/uploads\/2023\/09\/SEPRAC-INCREMENTA-RECUPERACION-DE-AUTOMOTORES-CON-REPORTE-DE-ROBO-6-300x300.jpeg\" alt=\"\" width=\"300\" height=\"300\" srcset=\"https:\/\/cuernavaca.gob.mx\/wp-content\/uploads\/2023\/09\/SEPRAC-INCREMENTA-RECUPERACION-DE-AUTOMOTORES-CON-REPORTE-DE-ROBO-6-300x300.jpeg 300w, https:\/\/cuernavaca.gob.mx\/wp-content\/uploads\/2023\/09\/SEPRAC-INCREMENTA-RECUPERACION-DE-AUTOMOTORES-CON-REPORTE-DE-ROBO-6-1024x1024.jpeg 1024w, https:\/\/cuernavaca.gob.mx\/wp-content\/uploads\/2023\/09\/SEPRAC-INCREMENTA-RECUPERACION-DE-AUTOMOTORES-CON-REPORTE-DE-ROBO-6-150x150.jpeg 150w, https:\/\/cuernavaca.gob.mx\/wp-content\/uploads\/2023\/09\/SEPRAC-INCREMENTA-RECUPERACION-DE-AUTOMOTORES-CON-REPORTE-DE-ROBO-6-768x768.jpeg 768w, https:\/\/cuernavaca.gob.mx\/wp-content\/uploads\/2023\/09\/SEPRAC-INCREMENTA-RECUPERACION-DE-AUTOMOTORES-CON-REPORTE-DE-ROBO-6-600x600.jpeg 600w, https:\/\/cuernavaca.gob.mx\/wp-content\/uploads\/2023\/09\/SEPRAC-INCREMENTA-RECUPERACION-DE-AUTOMOTORES-CON-REPORTE-DE-ROBO-6-560x560.jpeg 560w, https:\/\/cuernavaca.gob.mx\/wp-content\/uploads\/2023\/09\/SEPRAC-INCREMENTA-RECUPERACION-DE-AUTOMOTORES-CON-REPORTE-DE-ROBO-6.jpeg 1080w\" sizes=\"(max-width: 300px) 100vw, 300px\" \/> <img loading=\"lazy\" class=\"alignnone size-medium wp-image-33095\" src=\"https:\/\/cuernavaca.gob.mx\/wp-content\/uploads\/2023\/09\/SEPRAC-INCREMENTA-RECUPERACION-DE-AUTOMOTORES-CON-REPORTE-DE-ROBO-7-300x300.jpeg\" alt=\"\" width=\"300\" height=\"300\" srcset=\"https:\/\/cuernavaca.gob.mx\/wp-content\/uploads\/2023\/09\/SEPRAC-INCREMENTA-RECUPERACION-DE-AUTOMOTORES-CON-REPORTE-DE-ROBO-7-300x300.jpeg 300w, https:\/\/cuernavaca.gob.mx\/wp-content\/uploads\/2023\/09\/SEPRAC-INCREMENTA-RECUPERACION-DE-AUTOMOTORES-CON-REPORTE-DE-ROBO-7-1024x1024.jpeg 1024w, https:\/\/cuernavaca.gob.mx\/wp-content\/uploads\/2023\/09\/SEPRAC-INCREMENTA-RECUPERACION-DE-AUTOMOTORES-CON-REPORTE-DE-ROBO-7-150x150.jpeg 150w, https:\/\/cuernavaca.gob.mx\/wp-content\/uploads\/2023\/09\/SEPRAC-INCREMENTA-RECUPERACION-DE-AUTOMOTORES-CON-REPORTE-DE-ROBO-7-768x768.jpeg 768w, https:\/\/cuernavaca.gob.mx\/wp-content\/uploads\/2023\/09\/SEPRAC-INCREMENTA-RECUPERACION-DE-AUTOMOTORES-CON-REPORTE-DE-ROBO-7-600x600.jpeg 600w, https:\/\/cuernavaca.gob.mx\/wp-content\/uploads\/2023\/09\/SEPRAC-INCREMENTA-RECUPERACION-DE-AUTOMOTORES-CON-REPORTE-DE-ROBO-7-560x560.jpeg 560w, https:\/\/cuernavaca.gob.mx\/wp-content\/uploads\/2023\/09\/SEPRAC-INCREMENTA-RECUPERACION-DE-AUTOMOTORES-CON-REPORTE-DE-ROBO-7.jpeg 1080w\" sizes=\"(max-width: 300px) 100vw, 300px\" \/> <img loading=\"lazy\" class=\"alignnone size-medium wp-image-33096\" src=\"https:\/\/cuernavaca.gob.mx\/wp-content\/uploads\/2023\/09\/SEPRAC-INCREMENTA-RECUPERACION-DE-AUTOMOTORES-CON-REPORTE-DE-ROBO-8-300x300.jpeg\" alt=\"\" width=\"300\" height=\"300\" srcset=\"https:\/\/cuernavaca.gob.mx\/wp-content\/uploads\/2023\/09\/SEPRAC-INCREMENTA-RECUPERACION-DE-AUTOMOTORES-CON-REPORTE-DE-ROBO-8-300x300.jpeg 300w, https:\/\/cuernavaca.gob.mx\/wp-content\/uploads\/2023\/09\/SEPRAC-INCREMENTA-RECUPERACION-DE-AUTOMOTORES-CON-REPORTE-DE-ROBO-8-1024x1024.jpeg 1024w, https:\/\/cuernavaca.gob.mx\/wp-content\/uploads\/2023\/09\/SEPRAC-INCREMENTA-RECUPERACION-DE-AUTOMOTORES-CON-REPORTE-DE-ROBO-8-150x150.jpeg 150w, https:\/\/cuernavaca.gob.mx\/wp-content\/uploads\/2023\/09\/SEPRAC-INCREMENTA-RECUPERACION-DE-AUTOMOTORES-CON-REPORTE-DE-ROBO-8-768x768.jpeg 768w, https:\/\/cuernavaca.gob.mx\/wp-content\/uploads\/2023\/09\/SEPRAC-INCREMENTA-RECUPERACION-DE-AUTOMOTORES-CON-REPORTE-DE-ROBO-8-600x600.jpeg 600w, https:\/\/cuernavaca.gob.mx\/wp-content\/uploads\/2023\/09\/SEPRAC-INCREMENTA-RECUPERACION-DE-AUTOMOTORES-CON-REPORTE-DE-ROBO-8-560x560.jpeg 560w, https:\/\/cuernavaca.gob.mx\/wp-content\/uploads\/2023\/09\/SEPRAC-INCREMENTA-RECUPERACION-DE-AUTOMOTORES-CON-REPORTE-DE-ROBO-8.jpeg 1080w\" sizes=\"(max-width: 300px) 100vw, 300px\" \/> <img loading=\"lazy\" class=\"alignnone size-medium wp-image-33097\" src=\"https:\/\/cuernavaca.gob.mx\/wp-content\/uploads\/2023\/09\/SEPRAC-INCREMENTA-RECUPERACION-DE-AUTOMOTORES-CON-REPORTE-DE-ROBO-9-300x300.jpeg\" alt=\"\" width=\"300\" height=\"300\" srcset=\"https:\/\/cuernavaca.gob.mx\/wp-content\/uploads\/2023\/09\/SEPRAC-INCREMENTA-RECUPERACION-DE-AUTOMOTORES-CON-REPORTE-DE-ROBO-9-300x300.jpeg 300w, https:\/\/cuernavaca.gob.mx\/wp-content\/uploads\/2023\/09\/SEPRAC-INCREMENTA-RECUPERACION-DE-AUTOMOTORES-CON-REPORTE-DE-ROBO-9-1024x1024.jpeg 1024w, https:\/\/cuernavaca.gob.mx\/wp-content\/uploads\/2023\/09\/SEPRAC-INCREMENTA-RECUPERACION-DE-AUTOMOTORES-CON-REPORTE-DE-ROBO-9-150x150.jpeg 150w, https:\/\/cuernavaca.gob.mx\/wp-content\/uploads\/2023\/09\/SEPRAC-INCREMENTA-RECUPERACION-DE-AUTOMOTORES-CON-REPORTE-DE-ROBO-9-768x768.jpeg 768w, https:\/\/cuernavaca.gob.mx\/wp-content\/uploads\/2023\/09\/SEPRAC-INCREMENTA-RECUPERACION-DE-AUTOMOTORES-CON-REPORTE-DE-ROBO-9-600x600.jpeg 600w, https:\/\/cuernavaca.gob.mx\/wp-content\/uploads\/2023\/09\/SEPRAC-INCREMENTA-RECUPERACION-DE-AUTOMOTORES-CON-REPORTE-DE-ROBO-9-560x560.jpeg 560w, https:\/\/cuernavaca.gob.mx\/wp-content\/uploads\/2023\/09\/SEPRAC-INCREMENTA-RECUPERACION-DE-AUTOMOTORES-CON-REPORTE-DE-ROBO-9.jpeg 1080w\" sizes=\"(max-width: 300px) 100vw, 300px\" \/> <img loading=\"lazy\" class=\"alignnone size-medium wp-image-33098\" src=\"https:\/\/cuernavaca.gob.mx\/wp-content\/uploads\/2023\/09\/SEPRAC-INCREMENTA-RECUPERACION-DE-AUTOMOTORES-CON-REPORTE-DE-ROBO-10-300x300.jpeg\" alt=\"\" width=\"300\" height=\"300\" srcset=\"https:\/\/cuernavaca.gob.mx\/wp-content\/uploads\/2023\/09\/SEPRAC-INCREMENTA-RECUPERACION-DE-AUTOMOTORES-CON-REPORTE-DE-ROBO-10-300x300.jpeg 300w, https:\/\/cuernavaca.gob.mx\/wp-content\/uploads\/2023\/09\/SEPRAC-INCREMENTA-RECUPERACION-DE-AUTOMOTORES-CON-REPORTE-DE-ROBO-10-1024x1024.jpeg 1024w, https:\/\/cuernavaca.gob.mx\/wp-content\/uploads\/2023\/09\/SEPRAC-INCREMENTA-RECUPERACION-DE-AUTOMOTORES-CON-REPORTE-DE-ROBO-10-150x150.jpeg 150w, https:\/\/cuernavaca.gob.mx\/wp-content\/uploads\/2023\/09\/SEPRAC-INCREMENTA-RECUPERACION-DE-AUTOMOTORES-CON-REPORTE-DE-ROBO-10-768x768.jpeg 768w, https:\/\/cuernavaca.gob.mx\/wp-content\/uploads\/2023\/09\/SEPRAC-INCREMENTA-RECUPERACION-DE-AUTOMOTORES-CON-REPORTE-DE-ROBO-10-600x600.jpeg 600w, https:\/\/cuernavaca.gob.mx\/wp-content\/uploads\/2023\/09\/SEPRAC-INCREMENTA-RECUPERACION-DE-AUTOMOTORES-CON-REPORTE-DE-ROBO-10-560x560.jpeg 560w, https:\/\/cuernavaca.gob.mx\/wp-content\/uploads\/2023\/09\/SEPRAC-INCREMENTA-RECUPERACION-DE-AUTOMOTORES-CON-REPORTE-DE-ROBO-10.jpeg 1080w\" sizes=\"(max-width: 300px) 100vw, 300px\" \/><\/p>\n","protected":false},"excerpt":{"rendered":"<p>Del 01 de enero al 17 de septiembre de 2023, elementos de la Secretar\u00eda de Protecci\u00f3n y Auxilio Ciudadano (SEPRAC) del Ayuntamiento de Cuernavaca han recuperado 148 veh\u00edculos y puesto a disposici\u00f3n del Ministerio P\u00fablico a 55 personas. De los 148 veh\u00edculos recuperados, 50 han sido a trav\u00e9s de la Unidad de Prevenci\u00f3n al Robo [&hellip;]<\/p>\n","protected":false},"author":1,"featured_media":33098,"comment_status":"closed","ping_status":"open","sticky":false,"template":"","format":"standard","meta":[],"categories":[17],"tags":[2844,2843,121,120,206,414,125],"aioseo_notices":[],"_links":{"self":[{"href":"https:\/\/cuernavaca.gob.mx\/index.php?rest_route=\/wp\/v2\/posts\/33088"}],"collection":[{"href":"https:\/\/cuernavaca.gob.mx\/index.php?rest_route=\/wp\/v2\/posts"}],"about":[{"href":"https:\/\/cuernavaca.gob.mx\/index.php?rest_route=\/wp\/v2\/types\/post"}],"author":[{"embeddable":true,"href":"https:\/\/cuernavaca.gob.mx\/index.php?rest_route=\/wp\/v2\/users\/1"}],"replies":[{"embeddable":true,"href":"https:\/\/cuernavaca.gob.mx\/index.php?rest_route=%2Fwp%2Fv2%2Fcomments&post=33088"}],"version-history":[{"count":1,"href":"https:\/\/cuernavaca.gob.mx\/index.php?rest_route=\/wp\/v2\/posts\/33088\/revisions"}],"predecessor-version":[{"id":33099,"href":"https:\/\/cuernavaca.gob.mx\/index.php?rest_route=\/wp\/v2\/posts\/33088\/revisions\/33099"}],"wp:featuredmedia":[{"embeddable":true,"href":"https:\/\/cuernavaca.gob.mx\/index.php?rest_route=\/wp\/v2\/media\/33098"}],"wp:attachment":[{"href":"https:\/\/cuernavaca.gob.mx\/index.php?rest_route=%2Fwp%2Fv2%2Fmedia&parent=33088"}],"wp:term":[{"taxonomy":"category","embeddable":true,"href":"https:\/\/cuernavaca.gob.mx\/index.php?rest_route=%2Fwp%2Fv2%2Fcategories&post=33088"},{"taxonomy":"post_tag","embeddable":true,"href":"https:\/\/cuernavaca.gob.mx\/index.php?rest_route=%2Fwp%2Fv2%2Ftags&post=33088"}],"curies":[{"name":"wp","href":"https:\/\/api.w.org\/{rel}","templated":true}]}}