{"id":33167,"date":"2023-09-26T16:18:43","date_gmt":"2023-09-26T22:18:43","guid":{"rendered":"https:\/\/cuernavaca.gob.mx\/?p=33167"},"modified":"2025-05-06T14:11:21","modified_gmt":"2025-05-06T20:11:21","slug":"f524-26-09-23-regidores-se-suman-a-las-nebulizaciones-para-combatir-al-mosquito-transmisor-del-dengue","status":"publish","type":"post","link":"https:\/\/cuernavaca.gob.mx\/?p=33167","title":{"rendered":"F524 26\/09\/23 REGIDORES SE SUMAN A LAS NEBULIZACIONES PARA COMBATIR AL MOSQUITO TRANSMISOR DEL DENGUE"},"content":{"rendered":"<p>Para brindar un mayor beneficio a la poblaci\u00f3n cuernavaquense y abarcar gran parte del territorio, los regidores por Cuernavaca, Patricia Torres Rosales, Lucero Cuenca Noria, V\u00edctor Manzo God\u00ednez, Jes\u00fas Rosales Puebla, Debendrenath Salazar Solorio y Christian P\u00e9rez Jaimes, anunciaron este martes su suma a las jornadas de fumigaci\u00f3n para evitar la proliferaci\u00f3n del mosquito transmisor del dengue, zika y chikungunya en la ciudad.<\/p>\n<p>Se\u00f1alaron que en un trabajo coordinado adquirieron una m\u00e1quina para realizar las nebulizaciones en las distintas calles de Cuernavaca, con la cual podr\u00e1n atender los puntos que m\u00e1s lo necesitan independientemente de las acciones que est\u00e1 efectuando el Gobierno Municipal en materia de jornadas de termonebulizaci\u00f3n y descacharrizaci\u00f3n.<\/p>\n<p>Explicaron que cada carga alcanza para tres mil metros cuadrados, por lo que a la fecha la Comisi\u00f3n de Seguridad P\u00fablica y Tr\u00e1nsito a llevado a cabo m\u00e1s de 50 nebulizaciones que han beneficiado a m\u00e1s de 10 colonias.<\/p>\n<p>Las personas interesadas en acceder a este apoyo deben acercarse a cualquiera de las oficinas de los Regidores por Cuernavaca a realizar la petici\u00f3n y programarla.<\/p>\n<p><img loading=\"lazy\" class=\"alignnone size-medium wp-image-33168\" src=\"https:\/\/cuernavaca.gob.mx\/wp-content\/uploads\/2023\/09\/REGIDORES-SE-SUMAN-A-LAS-NEBULIZACIONES-PARA-COMBATIR-AL-MOSQUITO-TRANSMISOR-DEL-DENGUE-1-300x200.jpeg\" alt=\"\" width=\"300\" height=\"200\" srcset=\"https:\/\/cuernavaca.gob.mx\/wp-content\/uploads\/2023\/09\/REGIDORES-SE-SUMAN-A-LAS-NEBULIZACIONES-PARA-COMBATIR-AL-MOSQUITO-TRANSMISOR-DEL-DENGUE-1-300x200.jpeg 300w, https:\/\/cuernavaca.gob.mx\/wp-content\/uploads\/2023\/09\/REGIDORES-SE-SUMAN-A-LAS-NEBULIZACIONES-PARA-COMBATIR-AL-MOSQUITO-TRANSMISOR-DEL-DENGUE-1-1024x682.jpeg 1024w, https:\/\/cuernavaca.gob.mx\/wp-content\/uploads\/2023\/09\/REGIDORES-SE-SUMAN-A-LAS-NEBULIZACIONES-PARA-COMBATIR-AL-MOSQUITO-TRANSMISOR-DEL-DENGUE-1-768x512.jpeg 768w, https:\/\/cuernavaca.gob.mx\/wp-content\/uploads\/2023\/09\/REGIDORES-SE-SUMAN-A-LAS-NEBULIZACIONES-PARA-COMBATIR-AL-MOSQUITO-TRANSMISOR-DEL-DENGUE-1-600x400.jpeg 600w, https:\/\/cuernavaca.gob.mx\/wp-content\/uploads\/2023\/09\/REGIDORES-SE-SUMAN-A-LAS-NEBULIZACIONES-PARA-COMBATIR-AL-MOSQUITO-TRANSMISOR-DEL-DENGUE-1-560x373.jpeg 560w, https:\/\/cuernavaca.gob.mx\/wp-content\/uploads\/2023\/09\/REGIDORES-SE-SUMAN-A-LAS-NEBULIZACIONES-PARA-COMBATIR-AL-MOSQUITO-TRANSMISOR-DEL-DENGUE-1.jpeg 1280w\" sizes=\"(max-width: 300px) 100vw, 300px\" \/> <img loading=\"lazy\" class=\"alignnone size-medium wp-image-33169\" src=\"https:\/\/cuernavaca.gob.mx\/wp-content\/uploads\/2023\/09\/REGIDORES-SE-SUMAN-A-LAS-NEBULIZACIONES-PARA-COMBATIR-AL-MOSQUITO-TRANSMISOR-DEL-DENGUE-2-300x200.jpeg\" alt=\"\" width=\"300\" height=\"200\" srcset=\"https:\/\/cuernavaca.gob.mx\/wp-content\/uploads\/2023\/09\/REGIDORES-SE-SUMAN-A-LAS-NEBULIZACIONES-PARA-COMBATIR-AL-MOSQUITO-TRANSMISOR-DEL-DENGUE-2-300x200.jpeg 300w, https:\/\/cuernavaca.gob.mx\/wp-content\/uploads\/2023\/09\/REGIDORES-SE-SUMAN-A-LAS-NEBULIZACIONES-PARA-COMBATIR-AL-MOSQUITO-TRANSMISOR-DEL-DENGUE-2-1024x682.jpeg 1024w, https:\/\/cuernavaca.gob.mx\/wp-content\/uploads\/2023\/09\/REGIDORES-SE-SUMAN-A-LAS-NEBULIZACIONES-PARA-COMBATIR-AL-MOSQUITO-TRANSMISOR-DEL-DENGUE-2-768x512.jpeg 768w, https:\/\/cuernavaca.gob.mx\/wp-content\/uploads\/2023\/09\/REGIDORES-SE-SUMAN-A-LAS-NEBULIZACIONES-PARA-COMBATIR-AL-MOSQUITO-TRANSMISOR-DEL-DENGUE-2-600x400.jpeg 600w, https:\/\/cuernavaca.gob.mx\/wp-content\/uploads\/2023\/09\/REGIDORES-SE-SUMAN-A-LAS-NEBULIZACIONES-PARA-COMBATIR-AL-MOSQUITO-TRANSMISOR-DEL-DENGUE-2-560x373.jpeg 560w, https:\/\/cuernavaca.gob.mx\/wp-content\/uploads\/2023\/09\/REGIDORES-SE-SUMAN-A-LAS-NEBULIZACIONES-PARA-COMBATIR-AL-MOSQUITO-TRANSMISOR-DEL-DENGUE-2.jpeg 1280w\" sizes=\"(max-width: 300px) 100vw, 300px\" \/> <img loading=\"lazy\" class=\"alignnone size-medium wp-image-33170\" src=\"https:\/\/cuernavaca.gob.mx\/wp-content\/uploads\/2023\/09\/REGIDORES-SE-SUMAN-A-LAS-NEBULIZACIONES-PARA-COMBATIR-AL-MOSQUITO-TRANSMISOR-DEL-DENGUE-3-300x200.jpeg\" alt=\"\" width=\"300\" height=\"200\" srcset=\"https:\/\/cuernavaca.gob.mx\/wp-content\/uploads\/2023\/09\/REGIDORES-SE-SUMAN-A-LAS-NEBULIZACIONES-PARA-COMBATIR-AL-MOSQUITO-TRANSMISOR-DEL-DENGUE-3-300x200.jpeg 300w, https:\/\/cuernavaca.gob.mx\/wp-content\/uploads\/2023\/09\/REGIDORES-SE-SUMAN-A-LAS-NEBULIZACIONES-PARA-COMBATIR-AL-MOSQUITO-TRANSMISOR-DEL-DENGUE-3-1024x682.jpeg 1024w, https:\/\/cuernavaca.gob.mx\/wp-content\/uploads\/2023\/09\/REGIDORES-SE-SUMAN-A-LAS-NEBULIZACIONES-PARA-COMBATIR-AL-MOSQUITO-TRANSMISOR-DEL-DENGUE-3-768x512.jpeg 768w, https:\/\/cuernavaca.gob.mx\/wp-content\/uploads\/2023\/09\/REGIDORES-SE-SUMAN-A-LAS-NEBULIZACIONES-PARA-COMBATIR-AL-MOSQUITO-TRANSMISOR-DEL-DENGUE-3-600x400.jpeg 600w, https:\/\/cuernavaca.gob.mx\/wp-content\/uploads\/2023\/09\/REGIDORES-SE-SUMAN-A-LAS-NEBULIZACIONES-PARA-COMBATIR-AL-MOSQUITO-TRANSMISOR-DEL-DENGUE-3-560x373.jpeg 560w, https:\/\/cuernavaca.gob.mx\/wp-content\/uploads\/2023\/09\/REGIDORES-SE-SUMAN-A-LAS-NEBULIZACIONES-PARA-COMBATIR-AL-MOSQUITO-TRANSMISOR-DEL-DENGUE-3.jpeg 1280w\" sizes=\"(max-width: 300px) 100vw, 300px\" \/> <img loading=\"lazy\" class=\"alignnone size-medium wp-image-33171\" src=\"https:\/\/cuernavaca.gob.mx\/wp-content\/uploads\/2023\/09\/REGIDORES-SE-SUMAN-A-LAS-NEBULIZACIONES-PARA-COMBATIR-AL-MOSQUITO-TRANSMISOR-DEL-DENGUE-4-300x200.jpeg\" alt=\"\" width=\"300\" height=\"200\" srcset=\"https:\/\/cuernavaca.gob.mx\/wp-content\/uploads\/2023\/09\/REGIDORES-SE-SUMAN-A-LAS-NEBULIZACIONES-PARA-COMBATIR-AL-MOSQUITO-TRANSMISOR-DEL-DENGUE-4-300x200.jpeg 300w, https:\/\/cuernavaca.gob.mx\/wp-content\/uploads\/2023\/09\/REGIDORES-SE-SUMAN-A-LAS-NEBULIZACIONES-PARA-COMBATIR-AL-MOSQUITO-TRANSMISOR-DEL-DENGUE-4-1024x682.jpeg 1024w, https:\/\/cuernavaca.gob.mx\/wp-content\/uploads\/2023\/09\/REGIDORES-SE-SUMAN-A-LAS-NEBULIZACIONES-PARA-COMBATIR-AL-MOSQUITO-TRANSMISOR-DEL-DENGUE-4-768x512.jpeg 768w, https:\/\/cuernavaca.gob.mx\/wp-content\/uploads\/2023\/09\/REGIDORES-SE-SUMAN-A-LAS-NEBULIZACIONES-PARA-COMBATIR-AL-MOSQUITO-TRANSMISOR-DEL-DENGUE-4-600x400.jpeg 600w, https:\/\/cuernavaca.gob.mx\/wp-content\/uploads\/2023\/09\/REGIDORES-SE-SUMAN-A-LAS-NEBULIZACIONES-PARA-COMBATIR-AL-MOSQUITO-TRANSMISOR-DEL-DENGUE-4-560x373.jpeg 560w, https:\/\/cuernavaca.gob.mx\/wp-content\/uploads\/2023\/09\/REGIDORES-SE-SUMAN-A-LAS-NEBULIZACIONES-PARA-COMBATIR-AL-MOSQUITO-TRANSMISOR-DEL-DENGUE-4.jpeg 1280w\" sizes=\"(max-width: 300px) 100vw, 300px\" \/> <img loading=\"lazy\" class=\"alignnone size-medium wp-image-33172\" src=\"https:\/\/cuernavaca.gob.mx\/wp-content\/uploads\/2023\/09\/REGIDORES-SE-SUMAN-A-LAS-NEBULIZACIONES-PARA-COMBATIR-AL-MOSQUITO-TRANSMISOR-DEL-DENGUE-5-300x200.jpeg\" alt=\"\" width=\"300\" height=\"200\" srcset=\"https:\/\/cuernavaca.gob.mx\/wp-content\/uploads\/2023\/09\/REGIDORES-SE-SUMAN-A-LAS-NEBULIZACIONES-PARA-COMBATIR-AL-MOSQUITO-TRANSMISOR-DEL-DENGUE-5-300x200.jpeg 300w, https:\/\/cuernavaca.gob.mx\/wp-content\/uploads\/2023\/09\/REGIDORES-SE-SUMAN-A-LAS-NEBULIZACIONES-PARA-COMBATIR-AL-MOSQUITO-TRANSMISOR-DEL-DENGUE-5-1024x682.jpeg 1024w, https:\/\/cuernavaca.gob.mx\/wp-content\/uploads\/2023\/09\/REGIDORES-SE-SUMAN-A-LAS-NEBULIZACIONES-PARA-COMBATIR-AL-MOSQUITO-TRANSMISOR-DEL-DENGUE-5-768x512.jpeg 768w, https:\/\/cuernavaca.gob.mx\/wp-content\/uploads\/2023\/09\/REGIDORES-SE-SUMAN-A-LAS-NEBULIZACIONES-PARA-COMBATIR-AL-MOSQUITO-TRANSMISOR-DEL-DENGUE-5-600x400.jpeg 600w, https:\/\/cuernavaca.gob.mx\/wp-content\/uploads\/2023\/09\/REGIDORES-SE-SUMAN-A-LAS-NEBULIZACIONES-PARA-COMBATIR-AL-MOSQUITO-TRANSMISOR-DEL-DENGUE-5-560x373.jpeg 560w, https:\/\/cuernavaca.gob.mx\/wp-content\/uploads\/2023\/09\/REGIDORES-SE-SUMAN-A-LAS-NEBULIZACIONES-PARA-COMBATIR-AL-MOSQUITO-TRANSMISOR-DEL-DENGUE-5.jpeg 1280w\" sizes=\"(max-width: 300px) 100vw, 300px\" \/><\/p>\n","protected":false},"excerpt":{"rendered":"<p>Para brindar un mayor beneficio a la poblaci\u00f3n cuernavaquense y abarcar gran parte del territorio, los regidores por Cuernavaca, Patricia Torres Rosales, Lucero Cuenca Noria, V\u00edctor Manzo God\u00ednez, Jes\u00fas Rosales Puebla, Debendrenath Salazar Solorio y Christian P\u00e9rez Jaimes, anunciaron este martes su suma a las jornadas de fumigaci\u00f3n para evitar la proliferaci\u00f3n del mosquito transmisor [&hellip;]<\/p>\n","protected":false},"author":1,"featured_media":33172,"comment_status":"closed","ping_status":"open","sticky":false,"template":"","format":"standard","meta":[],"categories":[3047],"tags":[121,2180,2437,120,206,3198,3215,154],"aioseo_notices":[],"_links":{"self":[{"href":"https:\/\/cuernavaca.gob.mx\/index.php?rest_route=\/wp\/v2\/posts\/33167"}],"collection":[{"href":"https:\/\/cuernavaca.gob.mx\/index.php?rest_route=\/wp\/v2\/posts"}],"about":[{"href":"https:\/\/cuernavaca.gob.mx\/index.php?rest_route=\/wp\/v2\/types\/post"}],"author":[{"embeddable":true,"href":"https:\/\/cuernavaca.gob.mx\/index.php?rest_route=\/wp\/v2\/users\/1"}],"replies":[{"embeddable":true,"href":"https:\/\/cuernavaca.gob.mx\/index.php?rest_route=%2Fwp%2Fv2%2Fcomments&post=33167"}],"version-history":[{"count":1,"href":"https:\/\/cuernavaca.gob.mx\/index.php?rest_route=\/wp\/v2\/posts\/33167\/revisions"}],"predecessor-version":[{"id":33173,"href":"https:\/\/cuernavaca.gob.mx\/index.php?rest_route=\/wp\/v2\/posts\/33167\/revisions\/33173"}],"wp:featuredmedia":[{"embeddable":true,"href":"https:\/\/cuernavaca.gob.mx\/index.php?rest_route=\/wp\/v2\/media\/33172"}],"wp:attachment":[{"href":"https:\/\/cuernavaca.gob.mx\/index.php?rest_route=%2Fwp%2Fv2%2Fmedia&parent=33167"}],"wp:term":[{"taxonomy":"category","embeddable":true,"href":"https:\/\/cuernavaca.gob.mx\/index.php?rest_route=%2Fwp%2Fv2%2Fcategories&post=33167"},{"taxonomy":"post_tag","embeddable":true,"href":"https:\/\/cuernavaca.gob.mx\/index.php?rest_route=%2Fwp%2Fv2%2Ftags&post=33167"}],"curies":[{"name":"wp","href":"https:\/\/api.w.org\/{rel}","templated":true}]}}