{"id":33185,"date":"2023-09-26T17:35:25","date_gmt":"2023-09-26T23:35:25","guid":{"rendered":"https:\/\/cuernavaca.gob.mx\/?p=33185"},"modified":"2025-05-06T14:11:20","modified_gmt":"2025-05-06T20:11:20","slug":"f525-26-09-23-condena-jose-luis-uriostegui-atentado-directo-a-policia-destacado-de-la-seprac-se-apoyara-a-su-familia","status":"publish","type":"post","link":"https:\/\/cuernavaca.gob.mx\/?p=33185","title":{"rendered":"F525 26\/09\/23 CONDENA JOS\u00c9 LUIS URI\u00d3STEGUI ATENTADO DIRECTO A POLIC\u00cdA DESTACADO DE LA SEPRAC; SE APOYAR\u00c1 A SU FAMILIA"},"content":{"rendered":"<p>El presidente municipal de Cuernavaca, Jos\u00e9 Luis Uri\u00f3stegui Salgado, extern\u00f3 sus condolencias a los familiares del Cmdte. Mariano G\u00e1lvez M\u00e9ndez, integrante del Grupo Especial de la Polic\u00eda Motorizada de la Secretar\u00eda de Protecci\u00f3n y Auxilio Ciudadano (SEPRAC), condenando el ataque directo del que fue objeto y en el que perdiera la vida la ma\u00f1ana de este martes.<\/p>\n<p>Se\u00f1al\u00f3 que, si bien la investigaci\u00f3n por este lamentable hecho est\u00e1 a cargo de la Fiscal\u00eda General del Estado, ha instruido a la titular de SEPRAC, Alicia V\u00e1zquez Luna apoyar a sus familiares en todas las gestiones que necesiten, a fin de que puedan acceder de manera inmediata a todas las prestaciones a las que tiene derecho, entre ellas el seguro de vida.<\/p>\n<p>No obstante, Jos\u00e9 Luis Uri\u00f3stegui precis\u00f3 que est\u00e1n en espera de recabar m\u00e1s informaci\u00f3n por parte de la autoridad competente, y determinar si la agresi\u00f3n directa estuvo relacionada con una acci\u00f3n en la que particip\u00f3 la v\u00edctima, como fue la detenci\u00f3n de los homicidas que hab\u00edan ejecutado a una persona el 1\u00ba de diciembre del 2022, muy cerca de donde el Comandante perdiera la vida; acotando que Mariano G\u00e1lvez se destac\u00f3 por su compromiso y entrega en la responsabilidad asignada para salvaguardar la integridad de los ciudadanos.<\/p>\n<p>La dedicaci\u00f3n y esfuerzo de Mariano G\u00e1lvez M\u00e9ndez fue incluso reconocida el pasado el 29 de junio pasado, en una de las sesiones de la Mesa de Coordinaci\u00f3n Estatal para la Construcci\u00f3n de la Paz, donde se cont\u00f3 con la presencia de Santiago Segui, director de Mesas de Paz de la Zona Centro y Sur del pa\u00eds, en representaci\u00f3n de Rosa Icela Rodr\u00edguez Vel\u00e1zquez, titular de la Secretar\u00eda de Seguridad y Protecci\u00f3n Ciudadana (SSPC) del Gobierno federal.<\/p>\n<p><img loading=\"lazy\" class=\"alignnone size-medium wp-image-33186\" src=\"https:\/\/cuernavaca.gob.mx\/wp-content\/uploads\/2023\/09\/CONDENA-JOSE-LUIS-URIOSTEGUI-ATENTADO-DIRECTO-A-POLICIA-DESTACADO-DE-LA-SEPRAC-SE-APOYARA-A-SU-FAMILIA-300x200.jpeg\" alt=\"\" width=\"300\" height=\"200\" srcset=\"https:\/\/cuernavaca.gob.mx\/wp-content\/uploads\/2023\/09\/CONDENA-JOSE-LUIS-URIOSTEGUI-ATENTADO-DIRECTO-A-POLICIA-DESTACADO-DE-LA-SEPRAC-SE-APOYARA-A-SU-FAMILIA-300x200.jpeg 300w, https:\/\/cuernavaca.gob.mx\/wp-content\/uploads\/2023\/09\/CONDENA-JOSE-LUIS-URIOSTEGUI-ATENTADO-DIRECTO-A-POLICIA-DESTACADO-DE-LA-SEPRAC-SE-APOYARA-A-SU-FAMILIA-1024x682.jpeg 1024w, https:\/\/cuernavaca.gob.mx\/wp-content\/uploads\/2023\/09\/CONDENA-JOSE-LUIS-URIOSTEGUI-ATENTADO-DIRECTO-A-POLICIA-DESTACADO-DE-LA-SEPRAC-SE-APOYARA-A-SU-FAMILIA-768x512.jpeg 768w, https:\/\/cuernavaca.gob.mx\/wp-content\/uploads\/2023\/09\/CONDENA-JOSE-LUIS-URIOSTEGUI-ATENTADO-DIRECTO-A-POLICIA-DESTACADO-DE-LA-SEPRAC-SE-APOYARA-A-SU-FAMILIA-1536x1023.jpeg 1536w, https:\/\/cuernavaca.gob.mx\/wp-content\/uploads\/2023\/09\/CONDENA-JOSE-LUIS-URIOSTEGUI-ATENTADO-DIRECTO-A-POLICIA-DESTACADO-DE-LA-SEPRAC-SE-APOYARA-A-SU-FAMILIA-600x400.jpeg 600w, https:\/\/cuernavaca.gob.mx\/wp-content\/uploads\/2023\/09\/CONDENA-JOSE-LUIS-URIOSTEGUI-ATENTADO-DIRECTO-A-POLICIA-DESTACADO-DE-LA-SEPRAC-SE-APOYARA-A-SU-FAMILIA-560x373.jpeg 560w, https:\/\/cuernavaca.gob.mx\/wp-content\/uploads\/2023\/09\/CONDENA-JOSE-LUIS-URIOSTEGUI-ATENTADO-DIRECTO-A-POLICIA-DESTACADO-DE-LA-SEPRAC-SE-APOYARA-A-SU-FAMILIA.jpeg 1600w\" sizes=\"(max-width: 300px) 100vw, 300px\" \/><\/p>\n","protected":false},"excerpt":{"rendered":"<p>El presidente municipal de Cuernavaca, Jos\u00e9 Luis Uri\u00f3stegui Salgado, extern\u00f3 sus condolencias a los familiares del Cmdte. Mariano G\u00e1lvez M\u00e9ndez, integrante del Grupo Especial de la Polic\u00eda Motorizada de la Secretar\u00eda de Protecci\u00f3n y Auxilio Ciudadano (SEPRAC), condenando el ataque directo del que fue objeto y en el que perdiera la vida la ma\u00f1ana de [&hellip;]<\/p>\n","protected":false},"author":1,"featured_media":33186,"comment_status":"closed","ping_status":"open","sticky":false,"template":"","format":"standard","meta":[],"categories":[20],"tags":[121,120,206],"aioseo_notices":[],"_links":{"self":[{"href":"https:\/\/cuernavaca.gob.mx\/index.php?rest_route=\/wp\/v2\/posts\/33185"}],"collection":[{"href":"https:\/\/cuernavaca.gob.mx\/index.php?rest_route=\/wp\/v2\/posts"}],"about":[{"href":"https:\/\/cuernavaca.gob.mx\/index.php?rest_route=\/wp\/v2\/types\/post"}],"author":[{"embeddable":true,"href":"https:\/\/cuernavaca.gob.mx\/index.php?rest_route=\/wp\/v2\/users\/1"}],"replies":[{"embeddable":true,"href":"https:\/\/cuernavaca.gob.mx\/index.php?rest_route=%2Fwp%2Fv2%2Fcomments&post=33185"}],"version-history":[{"count":1,"href":"https:\/\/cuernavaca.gob.mx\/index.php?rest_route=\/wp\/v2\/posts\/33185\/revisions"}],"predecessor-version":[{"id":33187,"href":"https:\/\/cuernavaca.gob.mx\/index.php?rest_route=\/wp\/v2\/posts\/33185\/revisions\/33187"}],"wp:featuredmedia":[{"embeddable":true,"href":"https:\/\/cuernavaca.gob.mx\/index.php?rest_route=\/wp\/v2\/media\/33186"}],"wp:attachment":[{"href":"https:\/\/cuernavaca.gob.mx\/index.php?rest_route=%2Fwp%2Fv2%2Fmedia&parent=33185"}],"wp:term":[{"taxonomy":"category","embeddable":true,"href":"https:\/\/cuernavaca.gob.mx\/index.php?rest_route=%2Fwp%2Fv2%2Fcategories&post=33185"},{"taxonomy":"post_tag","embeddable":true,"href":"https:\/\/cuernavaca.gob.mx\/index.php?rest_route=%2Fwp%2Fv2%2Ftags&post=33185"}],"curies":[{"name":"wp","href":"https:\/\/api.w.org\/{rel}","templated":true}]}}