{"id":33252,"date":"2023-09-28T14:35:37","date_gmt":"2023-09-28T20:35:37","guid":{"rendered":"https:\/\/cuernavaca.gob.mx\/?p=33252"},"modified":"2025-05-06T14:11:19","modified_gmt":"2025-05-06T20:11:19","slug":"f528-28-09-23-jose-luis-uriostegui-refrenda-su-apoyo-a-desempeno-y-compromiso-de-policias-de-cuernavaca","status":"publish","type":"post","link":"https:\/\/cuernavaca.gob.mx\/?p=33252","title":{"rendered":"F528 28\/09\/23 JOS\u00c9 LUIS URI\u00d3STEGUI REFRENDA SU APOYO A DESEMPE\u00d1O Y COMPROMISO DE POLIC\u00cdAS DE CUERNAVACA"},"content":{"rendered":"<p>Con bonos econ\u00f3micos de 5 mil pesos, el Ayuntamiento de Cuernavaca sigue dignificando las condiciones laborales de los elementos adscritos a la Secretar\u00eda de Protecci\u00f3n y Auxilio Ciudadano (SEPRAC) que han cumplido con el Certificado \u00danico Policial, a fin de que se mantengan orgullosos de su corporaci\u00f3n, lo cual abona tambi\u00e9n a la seguridad p\u00fablica en la capital del estado de Morelos.<\/p>\n<p>La entrega simb\u00f3lica de los cheques estuvo encabezada por el presidente municipal de Cuernavaca, Jos\u00e9 Luis Uri\u00f3stegui Salgado, quien record\u00f3 que desde el a\u00f1o pasado en el mes de septiembre otorgaron los primeros bonos, teniendo el compromiso desde el Cabildo de brindar las condiciones necesarias para mejorar su trabajo pese a que la carencia de recursos a obstaculizado la consolidaci\u00f3n de un incremento salarial permanente.<\/p>\n<p>Precis\u00f3 que s\u00ed bien estos \u00faltimos d\u00edas han sido complicados para la corporaci\u00f3n, pueden tener la confianza de que son respaldado por la presente administraci\u00f3n, por lo cual se han puesto como meta dotarles del equipamiento adecuado y en caso de alguna emergencia, deben saber que se respetar\u00e1n cada una de sus prestaciones, generando las acciones necesarias para que, tanto ellos como sus familias, no est\u00e9n desamparadas.<\/p>\n<p>En este contexto, la titular de SEPRAC, Alicia V\u00e1zquez Luna, refrend\u00f3 la responsabilidad y apoyo permanente del Alcalde Jos\u00e9 Luis Uri\u00f3stegui hacia la corporaci\u00f3n, siendo este incentivo una muestra m\u00e1s de ello que busca motivar a qu\u00e9 m\u00e1s elementos se esfuercen por obtener el Certificado \u00danico Policial, que es un documento que se requiere de manera continua a nivel nacional y que suma para seguir trabajando a favor de la tranquilidad de las familias.<\/p>\n<p>&nbsp;<\/p>\n<p><img loading=\"lazy\" class=\"alignnone size-medium wp-image-33253\" src=\"https:\/\/cuernavaca.gob.mx\/wp-content\/uploads\/2023\/09\/JOSE\u0301-LUIS-URIO\u0301STEGUI-REFRENDA-SU-APOYO-A-DESEMPEN\u0303O-Y-COMPROMISO-DE-POLICI\u0301AS-DE-CUERNAVACA-1-300x200.jpg\" alt=\"\" width=\"300\" height=\"200\" srcset=\"https:\/\/cuernavaca.gob.mx\/wp-content\/uploads\/2023\/09\/JOSE\u0301-LUIS-URIO\u0301STEGUI-REFRENDA-SU-APOYO-A-DESEMPEN\u0303O-Y-COMPROMISO-DE-POLICI\u0301AS-DE-CUERNAVACA-1-300x200.jpg 300w, https:\/\/cuernavaca.gob.mx\/wp-content\/uploads\/2023\/09\/JOSE\u0301-LUIS-URIO\u0301STEGUI-REFRENDA-SU-APOYO-A-DESEMPEN\u0303O-Y-COMPROMISO-DE-POLICI\u0301AS-DE-CUERNAVACA-1-1024x682.jpg 1024w, https:\/\/cuernavaca.gob.mx\/wp-content\/uploads\/2023\/09\/JOSE\u0301-LUIS-URIO\u0301STEGUI-REFRENDA-SU-APOYO-A-DESEMPEN\u0303O-Y-COMPROMISO-DE-POLICI\u0301AS-DE-CUERNAVACA-1-768x512.jpg 768w, https:\/\/cuernavaca.gob.mx\/wp-content\/uploads\/2023\/09\/JOSE\u0301-LUIS-URIO\u0301STEGUI-REFRENDA-SU-APOYO-A-DESEMPEN\u0303O-Y-COMPROMISO-DE-POLICI\u0301AS-DE-CUERNAVACA-1-1536x1023.jpg 1536w, https:\/\/cuernavaca.gob.mx\/wp-content\/uploads\/2023\/09\/JOSE\u0301-LUIS-URIO\u0301STEGUI-REFRENDA-SU-APOYO-A-DESEMPEN\u0303O-Y-COMPROMISO-DE-POLICI\u0301AS-DE-CUERNAVACA-1-600x400.jpg 600w, https:\/\/cuernavaca.gob.mx\/wp-content\/uploads\/2023\/09\/JOSE\u0301-LUIS-URIO\u0301STEGUI-REFRENDA-SU-APOYO-A-DESEMPEN\u0303O-Y-COMPROMISO-DE-POLICI\u0301AS-DE-CUERNAVACA-1-560x373.jpg 560w, https:\/\/cuernavaca.gob.mx\/wp-content\/uploads\/2023\/09\/JOSE\u0301-LUIS-URIO\u0301STEGUI-REFRENDA-SU-APOYO-A-DESEMPEN\u0303O-Y-COMPROMISO-DE-POLICI\u0301AS-DE-CUERNAVACA-1.jpg 1600w\" sizes=\"(max-width: 300px) 100vw, 300px\" \/> <img loading=\"lazy\" class=\"alignnone size-medium wp-image-33254\" src=\"https:\/\/cuernavaca.gob.mx\/wp-content\/uploads\/2023\/09\/JOSE\u0301-LUIS-URIO\u0301STEGUI-REFRENDA-SU-APOYO-A-DESEMPEN\u0303O-Y-COMPROMISO-DE-POLICI\u0301AS-DE-CUERNAVACA-2-300x200.jpg\" alt=\"\" width=\"300\" height=\"200\" srcset=\"https:\/\/cuernavaca.gob.mx\/wp-content\/uploads\/2023\/09\/JOSE\u0301-LUIS-URIO\u0301STEGUI-REFRENDA-SU-APOYO-A-DESEMPEN\u0303O-Y-COMPROMISO-DE-POLICI\u0301AS-DE-CUERNAVACA-2-300x200.jpg 300w, https:\/\/cuernavaca.gob.mx\/wp-content\/uploads\/2023\/09\/JOSE\u0301-LUIS-URIO\u0301STEGUI-REFRENDA-SU-APOYO-A-DESEMPEN\u0303O-Y-COMPROMISO-DE-POLICI\u0301AS-DE-CUERNAVACA-2-1024x682.jpg 1024w, https:\/\/cuernavaca.gob.mx\/wp-content\/uploads\/2023\/09\/JOSE\u0301-LUIS-URIO\u0301STEGUI-REFRENDA-SU-APOYO-A-DESEMPEN\u0303O-Y-COMPROMISO-DE-POLICI\u0301AS-DE-CUERNAVACA-2-768x512.jpg 768w, https:\/\/cuernavaca.gob.mx\/wp-content\/uploads\/2023\/09\/JOSE\u0301-LUIS-URIO\u0301STEGUI-REFRENDA-SU-APOYO-A-DESEMPEN\u0303O-Y-COMPROMISO-DE-POLICI\u0301AS-DE-CUERNAVACA-2-1536x1023.jpg 1536w, https:\/\/cuernavaca.gob.mx\/wp-content\/uploads\/2023\/09\/JOSE\u0301-LUIS-URIO\u0301STEGUI-REFRENDA-SU-APOYO-A-DESEMPEN\u0303O-Y-COMPROMISO-DE-POLICI\u0301AS-DE-CUERNAVACA-2-600x400.jpg 600w, https:\/\/cuernavaca.gob.mx\/wp-content\/uploads\/2023\/09\/JOSE\u0301-LUIS-URIO\u0301STEGUI-REFRENDA-SU-APOYO-A-DESEMPEN\u0303O-Y-COMPROMISO-DE-POLICI\u0301AS-DE-CUERNAVACA-2-560x373.jpg 560w, https:\/\/cuernavaca.gob.mx\/wp-content\/uploads\/2023\/09\/JOSE\u0301-LUIS-URIO\u0301STEGUI-REFRENDA-SU-APOYO-A-DESEMPEN\u0303O-Y-COMPROMISO-DE-POLICI\u0301AS-DE-CUERNAVACA-2.jpg 1600w\" sizes=\"(max-width: 300px) 100vw, 300px\" \/> <img loading=\"lazy\" class=\"alignnone size-medium wp-image-33255\" src=\"https:\/\/cuernavaca.gob.mx\/wp-content\/uploads\/2023\/09\/JOSE\u0301-LUIS-URIO\u0301STEGUI-REFRENDA-SU-APOYO-A-DESEMPEN\u0303O-Y-COMPROMISO-DE-POLICI\u0301AS-DE-CUERNAVACA-3-300x200.jpg\" alt=\"\" width=\"300\" height=\"200\" srcset=\"https:\/\/cuernavaca.gob.mx\/wp-content\/uploads\/2023\/09\/JOSE\u0301-LUIS-URIO\u0301STEGUI-REFRENDA-SU-APOYO-A-DESEMPEN\u0303O-Y-COMPROMISO-DE-POLICI\u0301AS-DE-CUERNAVACA-3-300x200.jpg 300w, https:\/\/cuernavaca.gob.mx\/wp-content\/uploads\/2023\/09\/JOSE\u0301-LUIS-URIO\u0301STEGUI-REFRENDA-SU-APOYO-A-DESEMPEN\u0303O-Y-COMPROMISO-DE-POLICI\u0301AS-DE-CUERNAVACA-3-1024x682.jpg 1024w, https:\/\/cuernavaca.gob.mx\/wp-content\/uploads\/2023\/09\/JOSE\u0301-LUIS-URIO\u0301STEGUI-REFRENDA-SU-APOYO-A-DESEMPEN\u0303O-Y-COMPROMISO-DE-POLICI\u0301AS-DE-CUERNAVACA-3-768x512.jpg 768w, https:\/\/cuernavaca.gob.mx\/wp-content\/uploads\/2023\/09\/JOSE\u0301-LUIS-URIO\u0301STEGUI-REFRENDA-SU-APOYO-A-DESEMPEN\u0303O-Y-COMPROMISO-DE-POLICI\u0301AS-DE-CUERNAVACA-3-1536x1023.jpg 1536w, https:\/\/cuernavaca.gob.mx\/wp-content\/uploads\/2023\/09\/JOSE\u0301-LUIS-URIO\u0301STEGUI-REFRENDA-SU-APOYO-A-DESEMPEN\u0303O-Y-COMPROMISO-DE-POLICI\u0301AS-DE-CUERNAVACA-3-600x400.jpg 600w, https:\/\/cuernavaca.gob.mx\/wp-content\/uploads\/2023\/09\/JOSE\u0301-LUIS-URIO\u0301STEGUI-REFRENDA-SU-APOYO-A-DESEMPEN\u0303O-Y-COMPROMISO-DE-POLICI\u0301AS-DE-CUERNAVACA-3-560x373.jpg 560w, https:\/\/cuernavaca.gob.mx\/wp-content\/uploads\/2023\/09\/JOSE\u0301-LUIS-URIO\u0301STEGUI-REFRENDA-SU-APOYO-A-DESEMPEN\u0303O-Y-COMPROMISO-DE-POLICI\u0301AS-DE-CUERNAVACA-3.jpg 1600w\" sizes=\"(max-width: 300px) 100vw, 300px\" \/> <img loading=\"lazy\" class=\"alignnone size-medium wp-image-33256\" src=\"https:\/\/cuernavaca.gob.mx\/wp-content\/uploads\/2023\/09\/JOSE\u0301-LUIS-URIO\u0301STEGUI-REFRENDA-SU-APOYO-A-DESEMPEN\u0303O-Y-COMPROMISO-DE-POLICI\u0301AS-DE-CUERNAVACA-4-300x200.jpg\" alt=\"\" width=\"300\" height=\"200\" srcset=\"https:\/\/cuernavaca.gob.mx\/wp-content\/uploads\/2023\/09\/JOSE\u0301-LUIS-URIO\u0301STEGUI-REFRENDA-SU-APOYO-A-DESEMPEN\u0303O-Y-COMPROMISO-DE-POLICI\u0301AS-DE-CUERNAVACA-4-300x200.jpg 300w, https:\/\/cuernavaca.gob.mx\/wp-content\/uploads\/2023\/09\/JOSE\u0301-LUIS-URIO\u0301STEGUI-REFRENDA-SU-APOYO-A-DESEMPEN\u0303O-Y-COMPROMISO-DE-POLICI\u0301AS-DE-CUERNAVACA-4-1024x682.jpg 1024w, https:\/\/cuernavaca.gob.mx\/wp-content\/uploads\/2023\/09\/JOSE\u0301-LUIS-URIO\u0301STEGUI-REFRENDA-SU-APOYO-A-DESEMPEN\u0303O-Y-COMPROMISO-DE-POLICI\u0301AS-DE-CUERNAVACA-4-768x512.jpg 768w, https:\/\/cuernavaca.gob.mx\/wp-content\/uploads\/2023\/09\/JOSE\u0301-LUIS-URIO\u0301STEGUI-REFRENDA-SU-APOYO-A-DESEMPEN\u0303O-Y-COMPROMISO-DE-POLICI\u0301AS-DE-CUERNAVACA-4-1536x1023.jpg 1536w, https:\/\/cuernavaca.gob.mx\/wp-content\/uploads\/2023\/09\/JOSE\u0301-LUIS-URIO\u0301STEGUI-REFRENDA-SU-APOYO-A-DESEMPEN\u0303O-Y-COMPROMISO-DE-POLICI\u0301AS-DE-CUERNAVACA-4-600x400.jpg 600w, https:\/\/cuernavaca.gob.mx\/wp-content\/uploads\/2023\/09\/JOSE\u0301-LUIS-URIO\u0301STEGUI-REFRENDA-SU-APOYO-A-DESEMPEN\u0303O-Y-COMPROMISO-DE-POLICI\u0301AS-DE-CUERNAVACA-4-560x373.jpg 560w, https:\/\/cuernavaca.gob.mx\/wp-content\/uploads\/2023\/09\/JOSE\u0301-LUIS-URIO\u0301STEGUI-REFRENDA-SU-APOYO-A-DESEMPEN\u0303O-Y-COMPROMISO-DE-POLICI\u0301AS-DE-CUERNAVACA-4.jpg 1600w\" sizes=\"(max-width: 300px) 100vw, 300px\" \/> <img loading=\"lazy\" class=\"alignnone size-medium wp-image-33257\" src=\"https:\/\/cuernavaca.gob.mx\/wp-content\/uploads\/2023\/09\/JOSE\u0301-LUIS-URIO\u0301STEGUI-REFRENDA-SU-APOYO-A-DESEMPEN\u0303O-Y-COMPROMISO-DE-POLICI\u0301AS-DE-CUERNAVACA-5-300x200.jpg\" alt=\"\" width=\"300\" height=\"200\" srcset=\"https:\/\/cuernavaca.gob.mx\/wp-content\/uploads\/2023\/09\/JOSE\u0301-LUIS-URIO\u0301STEGUI-REFRENDA-SU-APOYO-A-DESEMPEN\u0303O-Y-COMPROMISO-DE-POLICI\u0301AS-DE-CUERNAVACA-5-300x200.jpg 300w, https:\/\/cuernavaca.gob.mx\/wp-content\/uploads\/2023\/09\/JOSE\u0301-LUIS-URIO\u0301STEGUI-REFRENDA-SU-APOYO-A-DESEMPEN\u0303O-Y-COMPROMISO-DE-POLICI\u0301AS-DE-CUERNAVACA-5-1024x682.jpg 1024w, https:\/\/cuernavaca.gob.mx\/wp-content\/uploads\/2023\/09\/JOSE\u0301-LUIS-URIO\u0301STEGUI-REFRENDA-SU-APOYO-A-DESEMPEN\u0303O-Y-COMPROMISO-DE-POLICI\u0301AS-DE-CUERNAVACA-5-768x512.jpg 768w, https:\/\/cuernavaca.gob.mx\/wp-content\/uploads\/2023\/09\/JOSE\u0301-LUIS-URIO\u0301STEGUI-REFRENDA-SU-APOYO-A-DESEMPEN\u0303O-Y-COMPROMISO-DE-POLICI\u0301AS-DE-CUERNAVACA-5-1536x1023.jpg 1536w, https:\/\/cuernavaca.gob.mx\/wp-content\/uploads\/2023\/09\/JOSE\u0301-LUIS-URIO\u0301STEGUI-REFRENDA-SU-APOYO-A-DESEMPEN\u0303O-Y-COMPROMISO-DE-POLICI\u0301AS-DE-CUERNAVACA-5-600x400.jpg 600w, https:\/\/cuernavaca.gob.mx\/wp-content\/uploads\/2023\/09\/JOSE\u0301-LUIS-URIO\u0301STEGUI-REFRENDA-SU-APOYO-A-DESEMPEN\u0303O-Y-COMPROMISO-DE-POLICI\u0301AS-DE-CUERNAVACA-5-560x373.jpg 560w, https:\/\/cuernavaca.gob.mx\/wp-content\/uploads\/2023\/09\/JOSE\u0301-LUIS-URIO\u0301STEGUI-REFRENDA-SU-APOYO-A-DESEMPEN\u0303O-Y-COMPROMISO-DE-POLICI\u0301AS-DE-CUERNAVACA-5.jpg 1600w\" sizes=\"(max-width: 300px) 100vw, 300px\" \/> <img loading=\"lazy\" class=\"alignnone size-medium wp-image-33258\" src=\"https:\/\/cuernavaca.gob.mx\/wp-content\/uploads\/2023\/09\/JOSE\u0301-LUIS-URIO\u0301STEGUI-REFRENDA-SU-APOYO-A-DESEMPEN\u0303O-Y-COMPROMISO-DE-POLICI\u0301AS-DE-CUERNAVACA-6-300x200.jpg\" alt=\"\" width=\"300\" height=\"200\" srcset=\"https:\/\/cuernavaca.gob.mx\/wp-content\/uploads\/2023\/09\/JOSE\u0301-LUIS-URIO\u0301STEGUI-REFRENDA-SU-APOYO-A-DESEMPEN\u0303O-Y-COMPROMISO-DE-POLICI\u0301AS-DE-CUERNAVACA-6-300x200.jpg 300w, https:\/\/cuernavaca.gob.mx\/wp-content\/uploads\/2023\/09\/JOSE\u0301-LUIS-URIO\u0301STEGUI-REFRENDA-SU-APOYO-A-DESEMPEN\u0303O-Y-COMPROMISO-DE-POLICI\u0301AS-DE-CUERNAVACA-6-1024x682.jpg 1024w, https:\/\/cuernavaca.gob.mx\/wp-content\/uploads\/2023\/09\/JOSE\u0301-LUIS-URIO\u0301STEGUI-REFRENDA-SU-APOYO-A-DESEMPEN\u0303O-Y-COMPROMISO-DE-POLICI\u0301AS-DE-CUERNAVACA-6-768x512.jpg 768w, https:\/\/cuernavaca.gob.mx\/wp-content\/uploads\/2023\/09\/JOSE\u0301-LUIS-URIO\u0301STEGUI-REFRENDA-SU-APOYO-A-DESEMPEN\u0303O-Y-COMPROMISO-DE-POLICI\u0301AS-DE-CUERNAVACA-6-1536x1023.jpg 1536w, https:\/\/cuernavaca.gob.mx\/wp-content\/uploads\/2023\/09\/JOSE\u0301-LUIS-URIO\u0301STEGUI-REFRENDA-SU-APOYO-A-DESEMPEN\u0303O-Y-COMPROMISO-DE-POLICI\u0301AS-DE-CUERNAVACA-6-600x400.jpg 600w, https:\/\/cuernavaca.gob.mx\/wp-content\/uploads\/2023\/09\/JOSE\u0301-LUIS-URIO\u0301STEGUI-REFRENDA-SU-APOYO-A-DESEMPEN\u0303O-Y-COMPROMISO-DE-POLICI\u0301AS-DE-CUERNAVACA-6-560x373.jpg 560w, https:\/\/cuernavaca.gob.mx\/wp-content\/uploads\/2023\/09\/JOSE\u0301-LUIS-URIO\u0301STEGUI-REFRENDA-SU-APOYO-A-DESEMPEN\u0303O-Y-COMPROMISO-DE-POLICI\u0301AS-DE-CUERNAVACA-6.jpg 1600w\" sizes=\"(max-width: 300px) 100vw, 300px\" \/> <img loading=\"lazy\" class=\"alignnone size-medium wp-image-33259\" src=\"https:\/\/cuernavaca.gob.mx\/wp-content\/uploads\/2023\/09\/JOSE\u0301-LUIS-URIO\u0301STEGUI-REFRENDA-SU-APOYO-A-DESEMPEN\u0303O-Y-COMPROMISO-DE-POLICI\u0301AS-DE-CUERNAVACA-7-300x200.jpg\" alt=\"\" width=\"300\" height=\"200\" srcset=\"https:\/\/cuernavaca.gob.mx\/wp-content\/uploads\/2023\/09\/JOSE\u0301-LUIS-URIO\u0301STEGUI-REFRENDA-SU-APOYO-A-DESEMPEN\u0303O-Y-COMPROMISO-DE-POLICI\u0301AS-DE-CUERNAVACA-7-300x200.jpg 300w, https:\/\/cuernavaca.gob.mx\/wp-content\/uploads\/2023\/09\/JOSE\u0301-LUIS-URIO\u0301STEGUI-REFRENDA-SU-APOYO-A-DESEMPEN\u0303O-Y-COMPROMISO-DE-POLICI\u0301AS-DE-CUERNAVACA-7-1024x682.jpg 1024w, https:\/\/cuernavaca.gob.mx\/wp-content\/uploads\/2023\/09\/JOSE\u0301-LUIS-URIO\u0301STEGUI-REFRENDA-SU-APOYO-A-DESEMPEN\u0303O-Y-COMPROMISO-DE-POLICI\u0301AS-DE-CUERNAVACA-7-768x512.jpg 768w, https:\/\/cuernavaca.gob.mx\/wp-content\/uploads\/2023\/09\/JOSE\u0301-LUIS-URIO\u0301STEGUI-REFRENDA-SU-APOYO-A-DESEMPEN\u0303O-Y-COMPROMISO-DE-POLICI\u0301AS-DE-CUERNAVACA-7-1536x1023.jpg 1536w, https:\/\/cuernavaca.gob.mx\/wp-content\/uploads\/2023\/09\/JOSE\u0301-LUIS-URIO\u0301STEGUI-REFRENDA-SU-APOYO-A-DESEMPEN\u0303O-Y-COMPROMISO-DE-POLICI\u0301AS-DE-CUERNAVACA-7-600x400.jpg 600w, https:\/\/cuernavaca.gob.mx\/wp-content\/uploads\/2023\/09\/JOSE\u0301-LUIS-URIO\u0301STEGUI-REFRENDA-SU-APOYO-A-DESEMPEN\u0303O-Y-COMPROMISO-DE-POLICI\u0301AS-DE-CUERNAVACA-7-560x373.jpg 560w, https:\/\/cuernavaca.gob.mx\/wp-content\/uploads\/2023\/09\/JOSE\u0301-LUIS-URIO\u0301STEGUI-REFRENDA-SU-APOYO-A-DESEMPEN\u0303O-Y-COMPROMISO-DE-POLICI\u0301AS-DE-CUERNAVACA-7.jpg 1600w\" sizes=\"(max-width: 300px) 100vw, 300px\" \/> <img loading=\"lazy\" class=\"alignnone size-medium wp-image-33260\" src=\"https:\/\/cuernavaca.gob.mx\/wp-content\/uploads\/2023\/09\/JOSE\u0301-LUIS-URIO\u0301STEGUI-REFRENDA-SU-APOYO-A-DESEMPEN\u0303O-Y-COMPROMISO-DE-POLICI\u0301AS-DE-CUERNAVACA-8-300x200.jpg\" alt=\"\" width=\"300\" height=\"200\" srcset=\"https:\/\/cuernavaca.gob.mx\/wp-content\/uploads\/2023\/09\/JOSE\u0301-LUIS-URIO\u0301STEGUI-REFRENDA-SU-APOYO-A-DESEMPEN\u0303O-Y-COMPROMISO-DE-POLICI\u0301AS-DE-CUERNAVACA-8-300x200.jpg 300w, https:\/\/cuernavaca.gob.mx\/wp-content\/uploads\/2023\/09\/JOSE\u0301-LUIS-URIO\u0301STEGUI-REFRENDA-SU-APOYO-A-DESEMPEN\u0303O-Y-COMPROMISO-DE-POLICI\u0301AS-DE-CUERNAVACA-8-1024x682.jpg 1024w, https:\/\/cuernavaca.gob.mx\/wp-content\/uploads\/2023\/09\/JOSE\u0301-LUIS-URIO\u0301STEGUI-REFRENDA-SU-APOYO-A-DESEMPEN\u0303O-Y-COMPROMISO-DE-POLICI\u0301AS-DE-CUERNAVACA-8-768x512.jpg 768w, https:\/\/cuernavaca.gob.mx\/wp-content\/uploads\/2023\/09\/JOSE\u0301-LUIS-URIO\u0301STEGUI-REFRENDA-SU-APOYO-A-DESEMPEN\u0303O-Y-COMPROMISO-DE-POLICI\u0301AS-DE-CUERNAVACA-8-1536x1023.jpg 1536w, https:\/\/cuernavaca.gob.mx\/wp-content\/uploads\/2023\/09\/JOSE\u0301-LUIS-URIO\u0301STEGUI-REFRENDA-SU-APOYO-A-DESEMPEN\u0303O-Y-COMPROMISO-DE-POLICI\u0301AS-DE-CUERNAVACA-8-600x400.jpg 600w, https:\/\/cuernavaca.gob.mx\/wp-content\/uploads\/2023\/09\/JOSE\u0301-LUIS-URIO\u0301STEGUI-REFRENDA-SU-APOYO-A-DESEMPEN\u0303O-Y-COMPROMISO-DE-POLICI\u0301AS-DE-CUERNAVACA-8-560x373.jpg 560w, https:\/\/cuernavaca.gob.mx\/wp-content\/uploads\/2023\/09\/JOSE\u0301-LUIS-URIO\u0301STEGUI-REFRENDA-SU-APOYO-A-DESEMPEN\u0303O-Y-COMPROMISO-DE-POLICI\u0301AS-DE-CUERNAVACA-8.jpg 1600w\" sizes=\"(max-width: 300px) 100vw, 300px\" \/> <img loading=\"lazy\" class=\"alignnone size-medium wp-image-33261\" src=\"https:\/\/cuernavaca.gob.mx\/wp-content\/uploads\/2023\/09\/JOSE\u0301-LUIS-URIO\u0301STEGUI-REFRENDA-SU-APOYO-A-DESEMPEN\u0303O-Y-COMPROMISO-DE-POLICI\u0301AS-DE-CUERNAVACA-9-300x200.jpg\" alt=\"\" width=\"300\" height=\"200\" srcset=\"https:\/\/cuernavaca.gob.mx\/wp-content\/uploads\/2023\/09\/JOSE\u0301-LUIS-URIO\u0301STEGUI-REFRENDA-SU-APOYO-A-DESEMPEN\u0303O-Y-COMPROMISO-DE-POLICI\u0301AS-DE-CUERNAVACA-9-300x200.jpg 300w, https:\/\/cuernavaca.gob.mx\/wp-content\/uploads\/2023\/09\/JOSE\u0301-LUIS-URIO\u0301STEGUI-REFRENDA-SU-APOYO-A-DESEMPEN\u0303O-Y-COMPROMISO-DE-POLICI\u0301AS-DE-CUERNAVACA-9-1024x682.jpg 1024w, https:\/\/cuernavaca.gob.mx\/wp-content\/uploads\/2023\/09\/JOSE\u0301-LUIS-URIO\u0301STEGUI-REFRENDA-SU-APOYO-A-DESEMPEN\u0303O-Y-COMPROMISO-DE-POLICI\u0301AS-DE-CUERNAVACA-9-768x512.jpg 768w, https:\/\/cuernavaca.gob.mx\/wp-content\/uploads\/2023\/09\/JOSE\u0301-LUIS-URIO\u0301STEGUI-REFRENDA-SU-APOYO-A-DESEMPEN\u0303O-Y-COMPROMISO-DE-POLICI\u0301AS-DE-CUERNAVACA-9-1536x1023.jpg 1536w, https:\/\/cuernavaca.gob.mx\/wp-content\/uploads\/2023\/09\/JOSE\u0301-LUIS-URIO\u0301STEGUI-REFRENDA-SU-APOYO-A-DESEMPEN\u0303O-Y-COMPROMISO-DE-POLICI\u0301AS-DE-CUERNAVACA-9-600x400.jpg 600w, https:\/\/cuernavaca.gob.mx\/wp-content\/uploads\/2023\/09\/JOSE\u0301-LUIS-URIO\u0301STEGUI-REFRENDA-SU-APOYO-A-DESEMPEN\u0303O-Y-COMPROMISO-DE-POLICI\u0301AS-DE-CUERNAVACA-9-560x373.jpg 560w, https:\/\/cuernavaca.gob.mx\/wp-content\/uploads\/2023\/09\/JOSE\u0301-LUIS-URIO\u0301STEGUI-REFRENDA-SU-APOYO-A-DESEMPEN\u0303O-Y-COMPROMISO-DE-POLICI\u0301AS-DE-CUERNAVACA-9.jpg 1600w\" sizes=\"(max-width: 300px) 100vw, 300px\" \/> <img loading=\"lazy\" class=\"alignnone size-medium wp-image-33262\" src=\"https:\/\/cuernavaca.gob.mx\/wp-content\/uploads\/2023\/09\/JOSE\u0301-LUIS-URIO\u0301STEGUI-REFRENDA-SU-APOYO-A-DESEMPEN\u0303O-Y-COMPROMISO-DE-POLICI\u0301AS-DE-CUERNAVACA-10-300x169.jpg\" alt=\"\" width=\"300\" height=\"169\" srcset=\"https:\/\/cuernavaca.gob.mx\/wp-content\/uploads\/2023\/09\/JOSE\u0301-LUIS-URIO\u0301STEGUI-REFRENDA-SU-APOYO-A-DESEMPEN\u0303O-Y-COMPROMISO-DE-POLICI\u0301AS-DE-CUERNAVACA-10-300x169.jpg 300w, https:\/\/cuernavaca.gob.mx\/wp-content\/uploads\/2023\/09\/JOSE\u0301-LUIS-URIO\u0301STEGUI-REFRENDA-SU-APOYO-A-DESEMPEN\u0303O-Y-COMPROMISO-DE-POLICI\u0301AS-DE-CUERNAVACA-10-1024x575.jpg 1024w, https:\/\/cuernavaca.gob.mx\/wp-content\/uploads\/2023\/09\/JOSE\u0301-LUIS-URIO\u0301STEGUI-REFRENDA-SU-APOYO-A-DESEMPEN\u0303O-Y-COMPROMISO-DE-POLICI\u0301AS-DE-CUERNAVACA-10-768x432.jpg 768w, https:\/\/cuernavaca.gob.mx\/wp-content\/uploads\/2023\/09\/JOSE\u0301-LUIS-URIO\u0301STEGUI-REFRENDA-SU-APOYO-A-DESEMPEN\u0303O-Y-COMPROMISO-DE-POLICI\u0301AS-DE-CUERNAVACA-10-1536x863.jpg 1536w, https:\/\/cuernavaca.gob.mx\/wp-content\/uploads\/2023\/09\/JOSE\u0301-LUIS-URIO\u0301STEGUI-REFRENDA-SU-APOYO-A-DESEMPEN\u0303O-Y-COMPROMISO-DE-POLICI\u0301AS-DE-CUERNAVACA-10-600x337.jpg 600w, https:\/\/cuernavaca.gob.mx\/wp-content\/uploads\/2023\/09\/JOSE\u0301-LUIS-URIO\u0301STEGUI-REFRENDA-SU-APOYO-A-DESEMPEN\u0303O-Y-COMPROMISO-DE-POLICI\u0301AS-DE-CUERNAVACA-10-560x315.jpg 560w, https:\/\/cuernavaca.gob.mx\/wp-content\/uploads\/2023\/09\/JOSE\u0301-LUIS-URIO\u0301STEGUI-REFRENDA-SU-APOYO-A-DESEMPEN\u0303O-Y-COMPROMISO-DE-POLICI\u0301AS-DE-CUERNAVACA-10.jpg 1600w\" sizes=\"(max-width: 300px) 100vw, 300px\" \/><\/p>\n","protected":false},"excerpt":{"rendered":"<p>Con bonos econ\u00f3micos de 5 mil pesos, el Ayuntamiento de Cuernavaca sigue dignificando las condiciones laborales de los elementos adscritos a la Secretar\u00eda de Protecci\u00f3n y Auxilio Ciudadano (SEPRAC) que han cumplido con el Certificado \u00danico Policial, a fin de que se mantengan orgullosos de su corporaci\u00f3n, lo cual abona tambi\u00e9n a la seguridad p\u00fablica [&hellip;]<\/p>\n","protected":false},"author":1,"featured_media":33259,"comment_status":"closed","ping_status":"open","sticky":false,"template":"","format":"standard","meta":[],"categories":[17],"tags":[3052,121,2424,120,206,141,3344,125,372],"aioseo_notices":[],"_links":{"self":[{"href":"https:\/\/cuernavaca.gob.mx\/index.php?rest_route=\/wp\/v2\/posts\/33252"}],"collection":[{"href":"https:\/\/cuernavaca.gob.mx\/index.php?rest_route=\/wp\/v2\/posts"}],"about":[{"href":"https:\/\/cuernavaca.gob.mx\/index.php?rest_route=\/wp\/v2\/types\/post"}],"author":[{"embeddable":true,"href":"https:\/\/cuernavaca.gob.mx\/index.php?rest_route=\/wp\/v2\/users\/1"}],"replies":[{"embeddable":true,"href":"https:\/\/cuernavaca.gob.mx\/index.php?rest_route=%2Fwp%2Fv2%2Fcomments&post=33252"}],"version-history":[{"count":1,"href":"https:\/\/cuernavaca.gob.mx\/index.php?rest_route=\/wp\/v2\/posts\/33252\/revisions"}],"predecessor-version":[{"id":33263,"href":"https:\/\/cuernavaca.gob.mx\/index.php?rest_route=\/wp\/v2\/posts\/33252\/revisions\/33263"}],"wp:featuredmedia":[{"embeddable":true,"href":"https:\/\/cuernavaca.gob.mx\/index.php?rest_route=\/wp\/v2\/media\/33259"}],"wp:attachment":[{"href":"https:\/\/cuernavaca.gob.mx\/index.php?rest_route=%2Fwp%2Fv2%2Fmedia&parent=33252"}],"wp:term":[{"taxonomy":"category","embeddable":true,"href":"https:\/\/cuernavaca.gob.mx\/index.php?rest_route=%2Fwp%2Fv2%2Fcategories&post=33252"},{"taxonomy":"post_tag","embeddable":true,"href":"https:\/\/cuernavaca.gob.mx\/index.php?rest_route=%2Fwp%2Fv2%2Ftags&post=33252"}],"curies":[{"name":"wp","href":"https:\/\/api.w.org\/{rel}","templated":true}]}}