{"id":33264,"date":"2023-09-28T16:39:02","date_gmt":"2023-09-28T22:39:02","guid":{"rendered":"https:\/\/cuernavaca.gob.mx\/?p=33264"},"modified":"2025-05-06T14:11:19","modified_gmt":"2025-05-06T20:11:19","slug":"b1299-28-09-23-cabildo-de-cuernavaca-discute-iniciativa-de-la-ley-de-ingresos-2024-sin-nuevos-impuestos-y-apegada-a-las-necesidades-de-la-poblacion-y-la-ciudad","status":"publish","type":"post","link":"https:\/\/cuernavaca.gob.mx\/?p=33264","title":{"rendered":"B1299 28\/09\/23 CABILDO DE CUERNAVACA DISCUTE INICIATIVA DE LA LEY DE INGRESOS 2024 SIN NUEVOS IMPUESTOS Y APEGADA A LAS NECESIDADES DE LA POBLACI\u00d3N Y LA CIUDAD"},"content":{"rendered":"<p><strong>\u2022 Como ha ocurrido en la administraci\u00f3n del presidente Jos\u00e9 Luis Uri\u00f3stegui, entre las principales virtudes de la iniciativa es prevalecer la transparencia en su manejo y no se crean nuevos impuestos<\/strong><\/p>\n<p>Para cumplir en tiempo y forma con lo establecido en la Constituci\u00f3n Pol\u00edtica del Estado, el Cabildo del Ayuntamiento de Cuernavaca convocar\u00e1 este viernes 29 de septiembre a sesi\u00f3n extraordinaria para la aprobaci\u00f3n de la Ley de Ingresos correspondiente al ejercicio fiscal 2024, garantizando que podr\u00e1 satisfacer las mayores necesidades de la ciudadan\u00eda y que podr\u00e1 ser turnada al Congreso de Morelos antes del 01 de octubre.<\/p>\n<p>En el marco de la sesi\u00f3n extraordinaria que se desarroll\u00f3 este jueves y donde se vot\u00f3 en un primer intento el proyecto de presupuesto, el presidente municipal, Jos\u00e9 Luis Uri\u00f3stegui Salgado, expres\u00f3 que dicha propuesta fue construida con una visi\u00f3n clara de lo que Cuernavaca requiere y los recursos econ\u00f3micos que se necesitan para alcanzar las metas, por lo cual se pretende ejercer para el pr\u00f3ximo a\u00f1o mil 849 millones de pesos.<\/p>\n<p>Como ha ocurrido desde la llegada de la presente administraci\u00f3n al municipio, entre las principales virtudes de la Ley de Ingresos 2024 se contempla la transparencia en su manejo y que evita nuevos impuestos, pero si homologa aspectos como tabuladores en la tarifa del agua potable, bajo el razonamiento de que Cuernavaca es la ciudad que cuenta con el cobro m\u00e1s econ\u00f3mico por este servicio en el centro del pa\u00eds, siendo fundamental hacerlo en un momento donde el Sistema de Agua Potable y Alcantarillado de Cuernavaca (SAPAC) est\u00e1 enfrentando no solo deudas hist\u00f3ricas, sino tambi\u00e9n la carencia de infraestructura de m\u00e1s de 40 a\u00f1os.<\/p>\n<p>Jos\u00e9 Luis Uri\u00f3stegui resalt\u00f3 la importancia de que todas las y los regidores participen en las comisiones edilicias, ya que es aqu\u00ed desde donde parte el debate y coincidencias a favor de la poblaci\u00f3n cuernavaquense.<\/p>\n<p>Ante la falta de informaci\u00f3n que argumentaron algunos regidores, este d\u00eda consideraron era necesario revisar m\u00e1s fondo la propuesta para tener mayores elementos a la hora de su votaci\u00f3n, por lo que se determin\u00f3 convocar este viernes 29 de septiembre a sesi\u00f3n extraordinaria, asegurando la garant\u00eda de audiencia y participaci\u00f3n de todos los concejales, cristalizando todas las opiniones sobre c\u00f3mo se van a obtener los recursos para que cumplir con los satisfactores que la poblaci\u00f3n requiere en la medida de las posibilidades del municipio.<\/p>\n<p><img loading=\"lazy\" class=\"alignnone size-medium wp-image-33265\" src=\"https:\/\/cuernavaca.gob.mx\/wp-content\/uploads\/2023\/09\/CABILDO-DE-CUERNAVACA-DISCUTE-INICIATIVA-DE-LA-LEY-DE-INGRESOS-2024-SIN-NUEVOS-IMPUESTOS-Y-APEGADA-A-LAS-NECESIDADES-DE-LA-POBLACIO\u0301N-Y-LA-CIUDAD-1-300x200.jpg\" alt=\"\" width=\"300\" height=\"200\" srcset=\"https:\/\/cuernavaca.gob.mx\/wp-content\/uploads\/2023\/09\/CABILDO-DE-CUERNAVACA-DISCUTE-INICIATIVA-DE-LA-LEY-DE-INGRESOS-2024-SIN-NUEVOS-IMPUESTOS-Y-APEGADA-A-LAS-NECESIDADES-DE-LA-POBLACIO\u0301N-Y-LA-CIUDAD-1-300x200.jpg 300w, https:\/\/cuernavaca.gob.mx\/wp-content\/uploads\/2023\/09\/CABILDO-DE-CUERNAVACA-DISCUTE-INICIATIVA-DE-LA-LEY-DE-INGRESOS-2024-SIN-NUEVOS-IMPUESTOS-Y-APEGADA-A-LAS-NECESIDADES-DE-LA-POBLACIO\u0301N-Y-LA-CIUDAD-1-1024x682.jpg 1024w, https:\/\/cuernavaca.gob.mx\/wp-content\/uploads\/2023\/09\/CABILDO-DE-CUERNAVACA-DISCUTE-INICIATIVA-DE-LA-LEY-DE-INGRESOS-2024-SIN-NUEVOS-IMPUESTOS-Y-APEGADA-A-LAS-NECESIDADES-DE-LA-POBLACIO\u0301N-Y-LA-CIUDAD-1-768x512.jpg 768w, https:\/\/cuernavaca.gob.mx\/wp-content\/uploads\/2023\/09\/CABILDO-DE-CUERNAVACA-DISCUTE-INICIATIVA-DE-LA-LEY-DE-INGRESOS-2024-SIN-NUEVOS-IMPUESTOS-Y-APEGADA-A-LAS-NECESIDADES-DE-LA-POBLACIO\u0301N-Y-LA-CIUDAD-1-600x400.jpg 600w, https:\/\/cuernavaca.gob.mx\/wp-content\/uploads\/2023\/09\/CABILDO-DE-CUERNAVACA-DISCUTE-INICIATIVA-DE-LA-LEY-DE-INGRESOS-2024-SIN-NUEVOS-IMPUESTOS-Y-APEGADA-A-LAS-NECESIDADES-DE-LA-POBLACIO\u0301N-Y-LA-CIUDAD-1-560x373.jpg 560w, https:\/\/cuernavaca.gob.mx\/wp-content\/uploads\/2023\/09\/CABILDO-DE-CUERNAVACA-DISCUTE-INICIATIVA-DE-LA-LEY-DE-INGRESOS-2024-SIN-NUEVOS-IMPUESTOS-Y-APEGADA-A-LAS-NECESIDADES-DE-LA-POBLACIO\u0301N-Y-LA-CIUDAD-1.jpg 1280w\" sizes=\"(max-width: 300px) 100vw, 300px\" \/> <img loading=\"lazy\" class=\"alignnone size-medium wp-image-33266\" src=\"https:\/\/cuernavaca.gob.mx\/wp-content\/uploads\/2023\/09\/CABILDO-DE-CUERNAVACA-DISCUTE-INICIATIVA-DE-LA-LEY-DE-INGRESOS-2024-SIN-NUEVOS-IMPUESTOS-Y-APEGADA-A-LAS-NECESIDADES-DE-LA-POBLACIO\u0301N-Y-LA-CIUDAD-2-300x200.jpg\" alt=\"\" width=\"300\" height=\"200\" srcset=\"https:\/\/cuernavaca.gob.mx\/wp-content\/uploads\/2023\/09\/CABILDO-DE-CUERNAVACA-DISCUTE-INICIATIVA-DE-LA-LEY-DE-INGRESOS-2024-SIN-NUEVOS-IMPUESTOS-Y-APEGADA-A-LAS-NECESIDADES-DE-LA-POBLACIO\u0301N-Y-LA-CIUDAD-2-300x200.jpg 300w, https:\/\/cuernavaca.gob.mx\/wp-content\/uploads\/2023\/09\/CABILDO-DE-CUERNAVACA-DISCUTE-INICIATIVA-DE-LA-LEY-DE-INGRESOS-2024-SIN-NUEVOS-IMPUESTOS-Y-APEGADA-A-LAS-NECESIDADES-DE-LA-POBLACIO\u0301N-Y-LA-CIUDAD-2-1024x682.jpg 1024w, https:\/\/cuernavaca.gob.mx\/wp-content\/uploads\/2023\/09\/CABILDO-DE-CUERNAVACA-DISCUTE-INICIATIVA-DE-LA-LEY-DE-INGRESOS-2024-SIN-NUEVOS-IMPUESTOS-Y-APEGADA-A-LAS-NECESIDADES-DE-LA-POBLACIO\u0301N-Y-LA-CIUDAD-2-768x512.jpg 768w, https:\/\/cuernavaca.gob.mx\/wp-content\/uploads\/2023\/09\/CABILDO-DE-CUERNAVACA-DISCUTE-INICIATIVA-DE-LA-LEY-DE-INGRESOS-2024-SIN-NUEVOS-IMPUESTOS-Y-APEGADA-A-LAS-NECESIDADES-DE-LA-POBLACIO\u0301N-Y-LA-CIUDAD-2-600x400.jpg 600w, https:\/\/cuernavaca.gob.mx\/wp-content\/uploads\/2023\/09\/CABILDO-DE-CUERNAVACA-DISCUTE-INICIATIVA-DE-LA-LEY-DE-INGRESOS-2024-SIN-NUEVOS-IMPUESTOS-Y-APEGADA-A-LAS-NECESIDADES-DE-LA-POBLACIO\u0301N-Y-LA-CIUDAD-2-560x373.jpg 560w, https:\/\/cuernavaca.gob.mx\/wp-content\/uploads\/2023\/09\/CABILDO-DE-CUERNAVACA-DISCUTE-INICIATIVA-DE-LA-LEY-DE-INGRESOS-2024-SIN-NUEVOS-IMPUESTOS-Y-APEGADA-A-LAS-NECESIDADES-DE-LA-POBLACIO\u0301N-Y-LA-CIUDAD-2.jpg 1280w\" sizes=\"(max-width: 300px) 100vw, 300px\" \/> <img loading=\"lazy\" class=\"alignnone size-medium wp-image-33267\" src=\"https:\/\/cuernavaca.gob.mx\/wp-content\/uploads\/2023\/09\/CABILDO-DE-CUERNAVACA-DISCUTE-INICIATIVA-DE-LA-LEY-DE-INGRESOS-2024-SIN-NUEVOS-IMPUESTOS-Y-APEGADA-A-LAS-NECESIDADES-DE-LA-POBLACIO\u0301N-Y-LA-CIUDAD-3-300x200.jpg\" alt=\"\" width=\"300\" height=\"200\" srcset=\"https:\/\/cuernavaca.gob.mx\/wp-content\/uploads\/2023\/09\/CABILDO-DE-CUERNAVACA-DISCUTE-INICIATIVA-DE-LA-LEY-DE-INGRESOS-2024-SIN-NUEVOS-IMPUESTOS-Y-APEGADA-A-LAS-NECESIDADES-DE-LA-POBLACIO\u0301N-Y-LA-CIUDAD-3-300x200.jpg 300w, https:\/\/cuernavaca.gob.mx\/wp-content\/uploads\/2023\/09\/CABILDO-DE-CUERNAVACA-DISCUTE-INICIATIVA-DE-LA-LEY-DE-INGRESOS-2024-SIN-NUEVOS-IMPUESTOS-Y-APEGADA-A-LAS-NECESIDADES-DE-LA-POBLACIO\u0301N-Y-LA-CIUDAD-3-1024x682.jpg 1024w, https:\/\/cuernavaca.gob.mx\/wp-content\/uploads\/2023\/09\/CABILDO-DE-CUERNAVACA-DISCUTE-INICIATIVA-DE-LA-LEY-DE-INGRESOS-2024-SIN-NUEVOS-IMPUESTOS-Y-APEGADA-A-LAS-NECESIDADES-DE-LA-POBLACIO\u0301N-Y-LA-CIUDAD-3-768x512.jpg 768w, https:\/\/cuernavaca.gob.mx\/wp-content\/uploads\/2023\/09\/CABILDO-DE-CUERNAVACA-DISCUTE-INICIATIVA-DE-LA-LEY-DE-INGRESOS-2024-SIN-NUEVOS-IMPUESTOS-Y-APEGADA-A-LAS-NECESIDADES-DE-LA-POBLACIO\u0301N-Y-LA-CIUDAD-3-600x400.jpg 600w, https:\/\/cuernavaca.gob.mx\/wp-content\/uploads\/2023\/09\/CABILDO-DE-CUERNAVACA-DISCUTE-INICIATIVA-DE-LA-LEY-DE-INGRESOS-2024-SIN-NUEVOS-IMPUESTOS-Y-APEGADA-A-LAS-NECESIDADES-DE-LA-POBLACIO\u0301N-Y-LA-CIUDAD-3-560x373.jpg 560w, https:\/\/cuernavaca.gob.mx\/wp-content\/uploads\/2023\/09\/CABILDO-DE-CUERNAVACA-DISCUTE-INICIATIVA-DE-LA-LEY-DE-INGRESOS-2024-SIN-NUEVOS-IMPUESTOS-Y-APEGADA-A-LAS-NECESIDADES-DE-LA-POBLACIO\u0301N-Y-LA-CIUDAD-3.jpg 1280w\" sizes=\"(max-width: 300px) 100vw, 300px\" \/> <img loading=\"lazy\" class=\"alignnone size-medium wp-image-33268\" src=\"https:\/\/cuernavaca.gob.mx\/wp-content\/uploads\/2023\/09\/CABILDO-DE-CUERNAVACA-DISCUTE-INICIATIVA-DE-LA-LEY-DE-INGRESOS-2024-SIN-NUEVOS-IMPUESTOS-Y-APEGADA-A-LAS-NECESIDADES-DE-LA-POBLACIO\u0301N-Y-LA-CIUDAD-4-300x200.jpg\" alt=\"\" width=\"300\" height=\"200\" srcset=\"https:\/\/cuernavaca.gob.mx\/wp-content\/uploads\/2023\/09\/CABILDO-DE-CUERNAVACA-DISCUTE-INICIATIVA-DE-LA-LEY-DE-INGRESOS-2024-SIN-NUEVOS-IMPUESTOS-Y-APEGADA-A-LAS-NECESIDADES-DE-LA-POBLACIO\u0301N-Y-LA-CIUDAD-4-300x200.jpg 300w, https:\/\/cuernavaca.gob.mx\/wp-content\/uploads\/2023\/09\/CABILDO-DE-CUERNAVACA-DISCUTE-INICIATIVA-DE-LA-LEY-DE-INGRESOS-2024-SIN-NUEVOS-IMPUESTOS-Y-APEGADA-A-LAS-NECESIDADES-DE-LA-POBLACIO\u0301N-Y-LA-CIUDAD-4-1024x682.jpg 1024w, https:\/\/cuernavaca.gob.mx\/wp-content\/uploads\/2023\/09\/CABILDO-DE-CUERNAVACA-DISCUTE-INICIATIVA-DE-LA-LEY-DE-INGRESOS-2024-SIN-NUEVOS-IMPUESTOS-Y-APEGADA-A-LAS-NECESIDADES-DE-LA-POBLACIO\u0301N-Y-LA-CIUDAD-4-768x512.jpg 768w, https:\/\/cuernavaca.gob.mx\/wp-content\/uploads\/2023\/09\/CABILDO-DE-CUERNAVACA-DISCUTE-INICIATIVA-DE-LA-LEY-DE-INGRESOS-2024-SIN-NUEVOS-IMPUESTOS-Y-APEGADA-A-LAS-NECESIDADES-DE-LA-POBLACIO\u0301N-Y-LA-CIUDAD-4-600x400.jpg 600w, https:\/\/cuernavaca.gob.mx\/wp-content\/uploads\/2023\/09\/CABILDO-DE-CUERNAVACA-DISCUTE-INICIATIVA-DE-LA-LEY-DE-INGRESOS-2024-SIN-NUEVOS-IMPUESTOS-Y-APEGADA-A-LAS-NECESIDADES-DE-LA-POBLACIO\u0301N-Y-LA-CIUDAD-4-560x373.jpg 560w, https:\/\/cuernavaca.gob.mx\/wp-content\/uploads\/2023\/09\/CABILDO-DE-CUERNAVACA-DISCUTE-INICIATIVA-DE-LA-LEY-DE-INGRESOS-2024-SIN-NUEVOS-IMPUESTOS-Y-APEGADA-A-LAS-NECESIDADES-DE-LA-POBLACIO\u0301N-Y-LA-CIUDAD-4.jpg 1280w\" sizes=\"(max-width: 300px) 100vw, 300px\" \/> <img loading=\"lazy\" class=\"alignnone size-medium wp-image-33269\" src=\"https:\/\/cuernavaca.gob.mx\/wp-content\/uploads\/2023\/09\/CABILDO-DE-CUERNAVACA-DISCUTE-INICIATIVA-DE-LA-LEY-DE-INGRESOS-2024-SIN-NUEVOS-IMPUESTOS-Y-APEGADA-A-LAS-NECESIDADES-DE-LA-POBLACIO\u0301N-Y-LA-CIUDAD-5-300x200.jpg\" alt=\"\" width=\"300\" height=\"200\" srcset=\"https:\/\/cuernavaca.gob.mx\/wp-content\/uploads\/2023\/09\/CABILDO-DE-CUERNAVACA-DISCUTE-INICIATIVA-DE-LA-LEY-DE-INGRESOS-2024-SIN-NUEVOS-IMPUESTOS-Y-APEGADA-A-LAS-NECESIDADES-DE-LA-POBLACIO\u0301N-Y-LA-CIUDAD-5-300x200.jpg 300w, https:\/\/cuernavaca.gob.mx\/wp-content\/uploads\/2023\/09\/CABILDO-DE-CUERNAVACA-DISCUTE-INICIATIVA-DE-LA-LEY-DE-INGRESOS-2024-SIN-NUEVOS-IMPUESTOS-Y-APEGADA-A-LAS-NECESIDADES-DE-LA-POBLACIO\u0301N-Y-LA-CIUDAD-5-1024x682.jpg 1024w, https:\/\/cuernavaca.gob.mx\/wp-content\/uploads\/2023\/09\/CABILDO-DE-CUERNAVACA-DISCUTE-INICIATIVA-DE-LA-LEY-DE-INGRESOS-2024-SIN-NUEVOS-IMPUESTOS-Y-APEGADA-A-LAS-NECESIDADES-DE-LA-POBLACIO\u0301N-Y-LA-CIUDAD-5-768x512.jpg 768w, https:\/\/cuernavaca.gob.mx\/wp-content\/uploads\/2023\/09\/CABILDO-DE-CUERNAVACA-DISCUTE-INICIATIVA-DE-LA-LEY-DE-INGRESOS-2024-SIN-NUEVOS-IMPUESTOS-Y-APEGADA-A-LAS-NECESIDADES-DE-LA-POBLACIO\u0301N-Y-LA-CIUDAD-5-1536x1023.jpg 1536w, https:\/\/cuernavaca.gob.mx\/wp-content\/uploads\/2023\/09\/CABILDO-DE-CUERNAVACA-DISCUTE-INICIATIVA-DE-LA-LEY-DE-INGRESOS-2024-SIN-NUEVOS-IMPUESTOS-Y-APEGADA-A-LAS-NECESIDADES-DE-LA-POBLACIO\u0301N-Y-LA-CIUDAD-5-600x400.jpg 600w, https:\/\/cuernavaca.gob.mx\/wp-content\/uploads\/2023\/09\/CABILDO-DE-CUERNAVACA-DISCUTE-INICIATIVA-DE-LA-LEY-DE-INGRESOS-2024-SIN-NUEVOS-IMPUESTOS-Y-APEGADA-A-LAS-NECESIDADES-DE-LA-POBLACIO\u0301N-Y-LA-CIUDAD-5-560x373.jpg 560w, https:\/\/cuernavaca.gob.mx\/wp-content\/uploads\/2023\/09\/CABILDO-DE-CUERNAVACA-DISCUTE-INICIATIVA-DE-LA-LEY-DE-INGRESOS-2024-SIN-NUEVOS-IMPUESTOS-Y-APEGADA-A-LAS-NECESIDADES-DE-LA-POBLACIO\u0301N-Y-LA-CIUDAD-5.jpg 1600w\" sizes=\"(max-width: 300px) 100vw, 300px\" \/> <img loading=\"lazy\" class=\"alignnone size-medium wp-image-33270\" src=\"https:\/\/cuernavaca.gob.mx\/wp-content\/uploads\/2023\/09\/CABILDO-DE-CUERNAVACA-DISCUTE-INICIATIVA-DE-LA-LEY-DE-INGRESOS-2024-SIN-NUEVOS-IMPUESTOS-Y-APEGADA-A-LAS-NECESIDADES-DE-LA-POBLACIO\u0301N-Y-LA-CIUDAD-6-300x200.jpg\" alt=\"\" width=\"300\" height=\"200\" srcset=\"https:\/\/cuernavaca.gob.mx\/wp-content\/uploads\/2023\/09\/CABILDO-DE-CUERNAVACA-DISCUTE-INICIATIVA-DE-LA-LEY-DE-INGRESOS-2024-SIN-NUEVOS-IMPUESTOS-Y-APEGADA-A-LAS-NECESIDADES-DE-LA-POBLACIO\u0301N-Y-LA-CIUDAD-6-300x200.jpg 300w, https:\/\/cuernavaca.gob.mx\/wp-content\/uploads\/2023\/09\/CABILDO-DE-CUERNAVACA-DISCUTE-INICIATIVA-DE-LA-LEY-DE-INGRESOS-2024-SIN-NUEVOS-IMPUESTOS-Y-APEGADA-A-LAS-NECESIDADES-DE-LA-POBLACIO\u0301N-Y-LA-CIUDAD-6-1024x682.jpg 1024w, https:\/\/cuernavaca.gob.mx\/wp-content\/uploads\/2023\/09\/CABILDO-DE-CUERNAVACA-DISCUTE-INICIATIVA-DE-LA-LEY-DE-INGRESOS-2024-SIN-NUEVOS-IMPUESTOS-Y-APEGADA-A-LAS-NECESIDADES-DE-LA-POBLACIO\u0301N-Y-LA-CIUDAD-6-768x512.jpg 768w, https:\/\/cuernavaca.gob.mx\/wp-content\/uploads\/2023\/09\/CABILDO-DE-CUERNAVACA-DISCUTE-INICIATIVA-DE-LA-LEY-DE-INGRESOS-2024-SIN-NUEVOS-IMPUESTOS-Y-APEGADA-A-LAS-NECESIDADES-DE-LA-POBLACIO\u0301N-Y-LA-CIUDAD-6-1536x1023.jpg 1536w, https:\/\/cuernavaca.gob.mx\/wp-content\/uploads\/2023\/09\/CABILDO-DE-CUERNAVACA-DISCUTE-INICIATIVA-DE-LA-LEY-DE-INGRESOS-2024-SIN-NUEVOS-IMPUESTOS-Y-APEGADA-A-LAS-NECESIDADES-DE-LA-POBLACIO\u0301N-Y-LA-CIUDAD-6-600x400.jpg 600w, https:\/\/cuernavaca.gob.mx\/wp-content\/uploads\/2023\/09\/CABILDO-DE-CUERNAVACA-DISCUTE-INICIATIVA-DE-LA-LEY-DE-INGRESOS-2024-SIN-NUEVOS-IMPUESTOS-Y-APEGADA-A-LAS-NECESIDADES-DE-LA-POBLACIO\u0301N-Y-LA-CIUDAD-6-560x373.jpg 560w, https:\/\/cuernavaca.gob.mx\/wp-content\/uploads\/2023\/09\/CABILDO-DE-CUERNAVACA-DISCUTE-INICIATIVA-DE-LA-LEY-DE-INGRESOS-2024-SIN-NUEVOS-IMPUESTOS-Y-APEGADA-A-LAS-NECESIDADES-DE-LA-POBLACIO\u0301N-Y-LA-CIUDAD-6.jpg 1600w\" sizes=\"(max-width: 300px) 100vw, 300px\" \/> <img loading=\"lazy\" class=\"alignnone size-medium wp-image-33271\" src=\"https:\/\/cuernavaca.gob.mx\/wp-content\/uploads\/2023\/09\/CABILDO-DE-CUERNAVACA-DISCUTE-INICIATIVA-DE-LA-LEY-DE-INGRESOS-2024-SIN-NUEVOS-IMPUESTOS-Y-APEGADA-A-LAS-NECESIDADES-DE-LA-POBLACIO\u0301N-Y-LA-CIUDAD-7-300x200.jpg\" alt=\"\" width=\"300\" height=\"200\" srcset=\"https:\/\/cuernavaca.gob.mx\/wp-content\/uploads\/2023\/09\/CABILDO-DE-CUERNAVACA-DISCUTE-INICIATIVA-DE-LA-LEY-DE-INGRESOS-2024-SIN-NUEVOS-IMPUESTOS-Y-APEGADA-A-LAS-NECESIDADES-DE-LA-POBLACIO\u0301N-Y-LA-CIUDAD-7-300x200.jpg 300w, https:\/\/cuernavaca.gob.mx\/wp-content\/uploads\/2023\/09\/CABILDO-DE-CUERNAVACA-DISCUTE-INICIATIVA-DE-LA-LEY-DE-INGRESOS-2024-SIN-NUEVOS-IMPUESTOS-Y-APEGADA-A-LAS-NECESIDADES-DE-LA-POBLACIO\u0301N-Y-LA-CIUDAD-7-1024x682.jpg 1024w, https:\/\/cuernavaca.gob.mx\/wp-content\/uploads\/2023\/09\/CABILDO-DE-CUERNAVACA-DISCUTE-INICIATIVA-DE-LA-LEY-DE-INGRESOS-2024-SIN-NUEVOS-IMPUESTOS-Y-APEGADA-A-LAS-NECESIDADES-DE-LA-POBLACIO\u0301N-Y-LA-CIUDAD-7-768x512.jpg 768w, https:\/\/cuernavaca.gob.mx\/wp-content\/uploads\/2023\/09\/CABILDO-DE-CUERNAVACA-DISCUTE-INICIATIVA-DE-LA-LEY-DE-INGRESOS-2024-SIN-NUEVOS-IMPUESTOS-Y-APEGADA-A-LAS-NECESIDADES-DE-LA-POBLACIO\u0301N-Y-LA-CIUDAD-7-1536x1023.jpg 1536w, https:\/\/cuernavaca.gob.mx\/wp-content\/uploads\/2023\/09\/CABILDO-DE-CUERNAVACA-DISCUTE-INICIATIVA-DE-LA-LEY-DE-INGRESOS-2024-SIN-NUEVOS-IMPUESTOS-Y-APEGADA-A-LAS-NECESIDADES-DE-LA-POBLACIO\u0301N-Y-LA-CIUDAD-7-600x400.jpg 600w, https:\/\/cuernavaca.gob.mx\/wp-content\/uploads\/2023\/09\/CABILDO-DE-CUERNAVACA-DISCUTE-INICIATIVA-DE-LA-LEY-DE-INGRESOS-2024-SIN-NUEVOS-IMPUESTOS-Y-APEGADA-A-LAS-NECESIDADES-DE-LA-POBLACIO\u0301N-Y-LA-CIUDAD-7-560x373.jpg 560w, https:\/\/cuernavaca.gob.mx\/wp-content\/uploads\/2023\/09\/CABILDO-DE-CUERNAVACA-DISCUTE-INICIATIVA-DE-LA-LEY-DE-INGRESOS-2024-SIN-NUEVOS-IMPUESTOS-Y-APEGADA-A-LAS-NECESIDADES-DE-LA-POBLACIO\u0301N-Y-LA-CIUDAD-7.jpg 1600w\" sizes=\"(max-width: 300px) 100vw, 300px\" \/> <img loading=\"lazy\" class=\"alignnone size-medium wp-image-33272\" src=\"https:\/\/cuernavaca.gob.mx\/wp-content\/uploads\/2023\/09\/CABILDO-DE-CUERNAVACA-DISCUTE-INICIATIVA-DE-LA-LEY-DE-INGRESOS-2024-SIN-NUEVOS-IMPUESTOS-Y-APEGADA-A-LAS-NECESIDADES-DE-LA-POBLACIO\u0301N-Y-LA-CIUDAD-8-300x200.jpg\" alt=\"\" width=\"300\" height=\"200\" srcset=\"https:\/\/cuernavaca.gob.mx\/wp-content\/uploads\/2023\/09\/CABILDO-DE-CUERNAVACA-DISCUTE-INICIATIVA-DE-LA-LEY-DE-INGRESOS-2024-SIN-NUEVOS-IMPUESTOS-Y-APEGADA-A-LAS-NECESIDADES-DE-LA-POBLACIO\u0301N-Y-LA-CIUDAD-8-300x200.jpg 300w, https:\/\/cuernavaca.gob.mx\/wp-content\/uploads\/2023\/09\/CABILDO-DE-CUERNAVACA-DISCUTE-INICIATIVA-DE-LA-LEY-DE-INGRESOS-2024-SIN-NUEVOS-IMPUESTOS-Y-APEGADA-A-LAS-NECESIDADES-DE-LA-POBLACIO\u0301N-Y-LA-CIUDAD-8-1024x682.jpg 1024w, https:\/\/cuernavaca.gob.mx\/wp-content\/uploads\/2023\/09\/CABILDO-DE-CUERNAVACA-DISCUTE-INICIATIVA-DE-LA-LEY-DE-INGRESOS-2024-SIN-NUEVOS-IMPUESTOS-Y-APEGADA-A-LAS-NECESIDADES-DE-LA-POBLACIO\u0301N-Y-LA-CIUDAD-8-768x512.jpg 768w, https:\/\/cuernavaca.gob.mx\/wp-content\/uploads\/2023\/09\/CABILDO-DE-CUERNAVACA-DISCUTE-INICIATIVA-DE-LA-LEY-DE-INGRESOS-2024-SIN-NUEVOS-IMPUESTOS-Y-APEGADA-A-LAS-NECESIDADES-DE-LA-POBLACIO\u0301N-Y-LA-CIUDAD-8-1536x1023.jpg 1536w, https:\/\/cuernavaca.gob.mx\/wp-content\/uploads\/2023\/09\/CABILDO-DE-CUERNAVACA-DISCUTE-INICIATIVA-DE-LA-LEY-DE-INGRESOS-2024-SIN-NUEVOS-IMPUESTOS-Y-APEGADA-A-LAS-NECESIDADES-DE-LA-POBLACIO\u0301N-Y-LA-CIUDAD-8-600x400.jpg 600w, https:\/\/cuernavaca.gob.mx\/wp-content\/uploads\/2023\/09\/CABILDO-DE-CUERNAVACA-DISCUTE-INICIATIVA-DE-LA-LEY-DE-INGRESOS-2024-SIN-NUEVOS-IMPUESTOS-Y-APEGADA-A-LAS-NECESIDADES-DE-LA-POBLACIO\u0301N-Y-LA-CIUDAD-8-560x373.jpg 560w, https:\/\/cuernavaca.gob.mx\/wp-content\/uploads\/2023\/09\/CABILDO-DE-CUERNAVACA-DISCUTE-INICIATIVA-DE-LA-LEY-DE-INGRESOS-2024-SIN-NUEVOS-IMPUESTOS-Y-APEGADA-A-LAS-NECESIDADES-DE-LA-POBLACIO\u0301N-Y-LA-CIUDAD-8.jpg 1600w\" sizes=\"(max-width: 300px) 100vw, 300px\" \/> <img loading=\"lazy\" class=\"alignnone size-medium wp-image-33273\" src=\"https:\/\/cuernavaca.gob.mx\/wp-content\/uploads\/2023\/09\/CABILDO-DE-CUERNAVACA-DISCUTE-INICIATIVA-DE-LA-LEY-DE-INGRESOS-2024-SIN-NUEVOS-IMPUESTOS-Y-APEGADA-A-LAS-NECESIDADES-DE-LA-POBLACIO\u0301N-Y-LA-CIUDAD-9-300x200.jpg\" alt=\"\" width=\"300\" height=\"200\" srcset=\"https:\/\/cuernavaca.gob.mx\/wp-content\/uploads\/2023\/09\/CABILDO-DE-CUERNAVACA-DISCUTE-INICIATIVA-DE-LA-LEY-DE-INGRESOS-2024-SIN-NUEVOS-IMPUESTOS-Y-APEGADA-A-LAS-NECESIDADES-DE-LA-POBLACIO\u0301N-Y-LA-CIUDAD-9-300x200.jpg 300w, https:\/\/cuernavaca.gob.mx\/wp-content\/uploads\/2023\/09\/CABILDO-DE-CUERNAVACA-DISCUTE-INICIATIVA-DE-LA-LEY-DE-INGRESOS-2024-SIN-NUEVOS-IMPUESTOS-Y-APEGADA-A-LAS-NECESIDADES-DE-LA-POBLACIO\u0301N-Y-LA-CIUDAD-9-1024x682.jpg 1024w, https:\/\/cuernavaca.gob.mx\/wp-content\/uploads\/2023\/09\/CABILDO-DE-CUERNAVACA-DISCUTE-INICIATIVA-DE-LA-LEY-DE-INGRESOS-2024-SIN-NUEVOS-IMPUESTOS-Y-APEGADA-A-LAS-NECESIDADES-DE-LA-POBLACIO\u0301N-Y-LA-CIUDAD-9-768x512.jpg 768w, https:\/\/cuernavaca.gob.mx\/wp-content\/uploads\/2023\/09\/CABILDO-DE-CUERNAVACA-DISCUTE-INICIATIVA-DE-LA-LEY-DE-INGRESOS-2024-SIN-NUEVOS-IMPUESTOS-Y-APEGADA-A-LAS-NECESIDADES-DE-LA-POBLACIO\u0301N-Y-LA-CIUDAD-9-1536x1023.jpg 1536w, https:\/\/cuernavaca.gob.mx\/wp-content\/uploads\/2023\/09\/CABILDO-DE-CUERNAVACA-DISCUTE-INICIATIVA-DE-LA-LEY-DE-INGRESOS-2024-SIN-NUEVOS-IMPUESTOS-Y-APEGADA-A-LAS-NECESIDADES-DE-LA-POBLACIO\u0301N-Y-LA-CIUDAD-9-600x400.jpg 600w, https:\/\/cuernavaca.gob.mx\/wp-content\/uploads\/2023\/09\/CABILDO-DE-CUERNAVACA-DISCUTE-INICIATIVA-DE-LA-LEY-DE-INGRESOS-2024-SIN-NUEVOS-IMPUESTOS-Y-APEGADA-A-LAS-NECESIDADES-DE-LA-POBLACIO\u0301N-Y-LA-CIUDAD-9-560x373.jpg 560w, https:\/\/cuernavaca.gob.mx\/wp-content\/uploads\/2023\/09\/CABILDO-DE-CUERNAVACA-DISCUTE-INICIATIVA-DE-LA-LEY-DE-INGRESOS-2024-SIN-NUEVOS-IMPUESTOS-Y-APEGADA-A-LAS-NECESIDADES-DE-LA-POBLACIO\u0301N-Y-LA-CIUDAD-9.jpg 1600w\" sizes=\"(max-width: 300px) 100vw, 300px\" \/> <img loading=\"lazy\" class=\"alignnone size-medium wp-image-33274\" src=\"https:\/\/cuernavaca.gob.mx\/wp-content\/uploads\/2023\/09\/CABILDO-DE-CUERNAVACA-DISCUTE-INICIATIVA-DE-LA-LEY-DE-INGRESOS-2024-SIN-NUEVOS-IMPUESTOS-Y-APEGADA-A-LAS-NECESIDADES-DE-LA-POBLACIO\u0301N-Y-LA-CIUDAD-10-300x200.jpg\" alt=\"\" width=\"300\" height=\"200\" srcset=\"https:\/\/cuernavaca.gob.mx\/wp-content\/uploads\/2023\/09\/CABILDO-DE-CUERNAVACA-DISCUTE-INICIATIVA-DE-LA-LEY-DE-INGRESOS-2024-SIN-NUEVOS-IMPUESTOS-Y-APEGADA-A-LAS-NECESIDADES-DE-LA-POBLACIO\u0301N-Y-LA-CIUDAD-10-300x200.jpg 300w, https:\/\/cuernavaca.gob.mx\/wp-content\/uploads\/2023\/09\/CABILDO-DE-CUERNAVACA-DISCUTE-INICIATIVA-DE-LA-LEY-DE-INGRESOS-2024-SIN-NUEVOS-IMPUESTOS-Y-APEGADA-A-LAS-NECESIDADES-DE-LA-POBLACIO\u0301N-Y-LA-CIUDAD-10-1024x682.jpg 1024w, https:\/\/cuernavaca.gob.mx\/wp-content\/uploads\/2023\/09\/CABILDO-DE-CUERNAVACA-DISCUTE-INICIATIVA-DE-LA-LEY-DE-INGRESOS-2024-SIN-NUEVOS-IMPUESTOS-Y-APEGADA-A-LAS-NECESIDADES-DE-LA-POBLACIO\u0301N-Y-LA-CIUDAD-10-768x512.jpg 768w, https:\/\/cuernavaca.gob.mx\/wp-content\/uploads\/2023\/09\/CABILDO-DE-CUERNAVACA-DISCUTE-INICIATIVA-DE-LA-LEY-DE-INGRESOS-2024-SIN-NUEVOS-IMPUESTOS-Y-APEGADA-A-LAS-NECESIDADES-DE-LA-POBLACIO\u0301N-Y-LA-CIUDAD-10-1536x1023.jpg 1536w, https:\/\/cuernavaca.gob.mx\/wp-content\/uploads\/2023\/09\/CABILDO-DE-CUERNAVACA-DISCUTE-INICIATIVA-DE-LA-LEY-DE-INGRESOS-2024-SIN-NUEVOS-IMPUESTOS-Y-APEGADA-A-LAS-NECESIDADES-DE-LA-POBLACIO\u0301N-Y-LA-CIUDAD-10-600x400.jpg 600w, https:\/\/cuernavaca.gob.mx\/wp-content\/uploads\/2023\/09\/CABILDO-DE-CUERNAVACA-DISCUTE-INICIATIVA-DE-LA-LEY-DE-INGRESOS-2024-SIN-NUEVOS-IMPUESTOS-Y-APEGADA-A-LAS-NECESIDADES-DE-LA-POBLACIO\u0301N-Y-LA-CIUDAD-10-560x373.jpg 560w, https:\/\/cuernavaca.gob.mx\/wp-content\/uploads\/2023\/09\/CABILDO-DE-CUERNAVACA-DISCUTE-INICIATIVA-DE-LA-LEY-DE-INGRESOS-2024-SIN-NUEVOS-IMPUESTOS-Y-APEGADA-A-LAS-NECESIDADES-DE-LA-POBLACIO\u0301N-Y-LA-CIUDAD-10.jpg 1600w\" sizes=\"(max-width: 300px) 100vw, 300px\" \/><\/p>\n","protected":false},"excerpt":{"rendered":"<p>\u2022 Como ha ocurrido en la administraci\u00f3n del presidente Jos\u00e9 Luis Uri\u00f3stegui, entre las principales virtudes de la iniciativa es prevalecer la transparencia en su manejo y no se crean nuevos impuestos Para cumplir en tiempo y forma con lo establecido en la Constituci\u00f3n Pol\u00edtica del Estado, el Cabildo del Ayuntamiento de Cuernavaca convocar\u00e1 este [&hellip;]<\/p>\n","protected":false},"author":1,"featured_media":33274,"comment_status":"closed","ping_status":"open","sticky":false,"template":"","format":"standard","meta":[],"categories":[3047],"tags":[158,121,120,206,2096],"aioseo_notices":[],"_links":{"self":[{"href":"https:\/\/cuernavaca.gob.mx\/index.php?rest_route=\/wp\/v2\/posts\/33264"}],"collection":[{"href":"https:\/\/cuernavaca.gob.mx\/index.php?rest_route=\/wp\/v2\/posts"}],"about":[{"href":"https:\/\/cuernavaca.gob.mx\/index.php?rest_route=\/wp\/v2\/types\/post"}],"author":[{"embeddable":true,"href":"https:\/\/cuernavaca.gob.mx\/index.php?rest_route=\/wp\/v2\/users\/1"}],"replies":[{"embeddable":true,"href":"https:\/\/cuernavaca.gob.mx\/index.php?rest_route=%2Fwp%2Fv2%2Fcomments&post=33264"}],"version-history":[{"count":1,"href":"https:\/\/cuernavaca.gob.mx\/index.php?rest_route=\/wp\/v2\/posts\/33264\/revisions"}],"predecessor-version":[{"id":33275,"href":"https:\/\/cuernavaca.gob.mx\/index.php?rest_route=\/wp\/v2\/posts\/33264\/revisions\/33275"}],"wp:featuredmedia":[{"embeddable":true,"href":"https:\/\/cuernavaca.gob.mx\/index.php?rest_route=\/wp\/v2\/media\/33274"}],"wp:attachment":[{"href":"https:\/\/cuernavaca.gob.mx\/index.php?rest_route=%2Fwp%2Fv2%2Fmedia&parent=33264"}],"wp:term":[{"taxonomy":"category","embeddable":true,"href":"https:\/\/cuernavaca.gob.mx\/index.php?rest_route=%2Fwp%2Fv2%2Fcategories&post=33264"},{"taxonomy":"post_tag","embeddable":true,"href":"https:\/\/cuernavaca.gob.mx\/index.php?rest_route=%2Fwp%2Fv2%2Ftags&post=33264"}],"curies":[{"name":"wp","href":"https:\/\/api.w.org\/{rel}","templated":true}]}}