{"id":33277,"date":"2023-09-28T17:33:33","date_gmt":"2023-09-28T23:33:33","guid":{"rendered":"https:\/\/cuernavaca.gob.mx\/?p=33277"},"modified":"2025-05-06T14:12:00","modified_gmt":"2025-05-06T20:12:00","slug":"b1300-28-09-23-consejo-de-ciudades-hermanas-de-cuernavaca-respalda-viaje-para-refrendar-vinculos-con-las-ciudades-japonesas-de-mino-y-otaki","status":"publish","type":"post","link":"https:\/\/cuernavaca.gob.mx\/?p=33277","title":{"rendered":"B1300 28\/09\/23 CONSEJO DE CIUDADES HERMANAS DE CUERNAVACA RESPALDA VIAJE PARA REFRENDAR VINCULOS CON LAS CIUDADES JAPONESAS DE MIN\u014c Y \u014cTAKI"},"content":{"rendered":"<p>\u2022 Los integrantes reconocieron que este intercambio cultural ser\u00e1 la oportunidad para lograr beneficios a favor de la poblaci\u00f3n y el desarrollo de la ciudad como parte del aniversario de estos lazos de hermanamiento<\/p>\n<p>\u2022 En Cuernavaca las celebraciones no se dejar\u00e1n de lado, por lo cual del 26 al 28 de octubre se llevar\u00e1n a cabo distintas actividades alusivas al 45 aniversario del hermanamiento con la ciudad de \u014ctaki<\/p>\n<p>El Consejo de Ciudades Hermanas del Municipio de Cuernavaca respald\u00f3 la visita oficial que sostendr\u00e1 el presidente municipal, Jos\u00e9 Luis Uri\u00f3stegui Salgado a las ciudades hermanas de Min\u014d y \u014ctaki en Jap\u00f3n como parte del aniversario de estos lazos de amistad, reconociendo que el intercambio cultural ser\u00e1 la oportunidad id\u00f3nea para lograr grandes beneficios a favor de la poblaci\u00f3n y el desarrollo de la ciudad.<\/p>\n<p>En el marco de la tercera sesi\u00f3n ordinaria, Jos\u00e9 Luis Uri\u00f3stegui dio cuenta sobre los antecedentes del viaje que se llevar\u00e1 a cabo en el mes de octubre y donde ser\u00e1 recibido por sus hom\u00f3logos de estas ciudades niponas, destacando que en una reuni\u00f3n que mantuvo hace dos semanas con el Excelent\u00edsimo se\u00f1or Embajador de Jap\u00f3n en M\u00e9xico, Noriteru Fukushima le hizo \u00e9nfasis en que era necesario atender estas convocatorias que han sido reiterativas dada las tradiciones del pueblo japon\u00e9s, a fin de que la capital morelense tenga una presencia m\u00e1s viva dentro de la comunidad japonesa.<\/p>\n<p>Explic\u00f3 que el 07 y 08 de octubre estar\u00e1 en \u014ctaki con motivo del 45 aniversario de su hermanamiento y del 14 al 15 de octubre en Min\u014d, donde se celebrar\u00e1 el 20 aniversario de este hermanamiento, siendo tan generosos sus hom\u00f3logos que se han ofrecido a aportar parte de los gastos para hacer el traslado y recorrer estas ciudades.<\/p>\n<p>Adem\u00e1s de conmemorar los lazos de hermanamiento, el Cabildo otorg\u00f3 a Jos\u00e9 Luis Uri\u00f3stegui la encomienda de fortalecer los lazos de comercio a trav\u00e9s del turismo y traer a Cuernavaca experiencias e informaci\u00f3n sobre sustentabilidad, reciclado de residuos s\u00f3lidos, entre otros, que dentro del recorrido de visita ya se est\u00e1n considerando.<\/p>\n<p>En Cuernavaca las celebraciones de aniversario no se quedar\u00e1n atr\u00e1s, por lo cual el Instituto de Cultura de la Secretar\u00eda de Desarrollo Humano y Participaci\u00f3n Social est\u00e1 organizando una serie de actividades que tendr\u00e1n verificativo del 26 al 28 de octubre alusivas al 45 aniversario del hermanamiento con la ciudad de \u014ctaki, contando como sedes con el Museo de la Ciudad de Cuernavaca (MuCIC) y la escuela primaria Enrique Pestalozzi.<\/p>\n<p>La poblaci\u00f3n en general y visitantes podr\u00e1n participar en talleres de dibujo estilo manga, origami b\u00e1sico e intermedio y de furoshiki, visitar la exposici\u00f3n \u201cTaiji Harada: Las cuatro estaciones de Jap\u00f3n\u201d, atestiguar el enlace virtual v\u00eda Zoom entre autoridades japonesas y el presidente municipal, Jos\u00e9 Luis Uri\u00f3stegui, y disfrutar de la proyecci\u00f3n de la pel\u00edcula japonesa, El viaje de Chihiro.<\/p>\n<p><img loading=\"lazy\" class=\"alignnone size-medium wp-image-33278\" src=\"https:\/\/cuernavaca.gob.mx\/wp-content\/uploads\/2023\/09\/CONSEJO-DE-CIUDADES-HERMANAS-DE-CUERNAVACA-RESPALDA-VIAJE-PARA-REFRENDAR-VINCULOS-CON-LAS-CIUDADES-JAPONESAS-DE-MINO\u0304-Y-O\u0304TAKI-1-300x200.jpg\" alt=\"\" width=\"300\" height=\"200\" srcset=\"https:\/\/cuernavaca.gob.mx\/wp-content\/uploads\/2023\/09\/CONSEJO-DE-CIUDADES-HERMANAS-DE-CUERNAVACA-RESPALDA-VIAJE-PARA-REFRENDAR-VINCULOS-CON-LAS-CIUDADES-JAPONESAS-DE-MINO\u0304-Y-O\u0304TAKI-1-300x200.jpg 300w, https:\/\/cuernavaca.gob.mx\/wp-content\/uploads\/2023\/09\/CONSEJO-DE-CIUDADES-HERMANAS-DE-CUERNAVACA-RESPALDA-VIAJE-PARA-REFRENDAR-VINCULOS-CON-LAS-CIUDADES-JAPONESAS-DE-MINO\u0304-Y-O\u0304TAKI-1-1024x682.jpg 1024w, https:\/\/cuernavaca.gob.mx\/wp-content\/uploads\/2023\/09\/CONSEJO-DE-CIUDADES-HERMANAS-DE-CUERNAVACA-RESPALDA-VIAJE-PARA-REFRENDAR-VINCULOS-CON-LAS-CIUDADES-JAPONESAS-DE-MINO\u0304-Y-O\u0304TAKI-1-768x512.jpg 768w, https:\/\/cuernavaca.gob.mx\/wp-content\/uploads\/2023\/09\/CONSEJO-DE-CIUDADES-HERMANAS-DE-CUERNAVACA-RESPALDA-VIAJE-PARA-REFRENDAR-VINCULOS-CON-LAS-CIUDADES-JAPONESAS-DE-MINO\u0304-Y-O\u0304TAKI-1-600x400.jpg 600w, https:\/\/cuernavaca.gob.mx\/wp-content\/uploads\/2023\/09\/CONSEJO-DE-CIUDADES-HERMANAS-DE-CUERNAVACA-RESPALDA-VIAJE-PARA-REFRENDAR-VINCULOS-CON-LAS-CIUDADES-JAPONESAS-DE-MINO\u0304-Y-O\u0304TAKI-1-560x373.jpg 560w, https:\/\/cuernavaca.gob.mx\/wp-content\/uploads\/2023\/09\/CONSEJO-DE-CIUDADES-HERMANAS-DE-CUERNAVACA-RESPALDA-VIAJE-PARA-REFRENDAR-VINCULOS-CON-LAS-CIUDADES-JAPONESAS-DE-MINO\u0304-Y-O\u0304TAKI-1.jpg 1280w\" sizes=\"(max-width: 300px) 100vw, 300px\" \/> <img loading=\"lazy\" class=\"alignnone size-medium wp-image-33279\" src=\"https:\/\/cuernavaca.gob.mx\/wp-content\/uploads\/2023\/09\/CONSEJO-DE-CIUDADES-HERMANAS-DE-CUERNAVACA-RESPALDA-VIAJE-PARA-REFRENDAR-VINCULOS-CON-LAS-CIUDADES-JAPONESAS-DE-MINO\u0304-Y-O\u0304TAKI-2-300x200.jpg\" alt=\"\" width=\"300\" height=\"200\" srcset=\"https:\/\/cuernavaca.gob.mx\/wp-content\/uploads\/2023\/09\/CONSEJO-DE-CIUDADES-HERMANAS-DE-CUERNAVACA-RESPALDA-VIAJE-PARA-REFRENDAR-VINCULOS-CON-LAS-CIUDADES-JAPONESAS-DE-MINO\u0304-Y-O\u0304TAKI-2-300x200.jpg 300w, https:\/\/cuernavaca.gob.mx\/wp-content\/uploads\/2023\/09\/CONSEJO-DE-CIUDADES-HERMANAS-DE-CUERNAVACA-RESPALDA-VIAJE-PARA-REFRENDAR-VINCULOS-CON-LAS-CIUDADES-JAPONESAS-DE-MINO\u0304-Y-O\u0304TAKI-2-1024x682.jpg 1024w, https:\/\/cuernavaca.gob.mx\/wp-content\/uploads\/2023\/09\/CONSEJO-DE-CIUDADES-HERMANAS-DE-CUERNAVACA-RESPALDA-VIAJE-PARA-REFRENDAR-VINCULOS-CON-LAS-CIUDADES-JAPONESAS-DE-MINO\u0304-Y-O\u0304TAKI-2-768x512.jpg 768w, https:\/\/cuernavaca.gob.mx\/wp-content\/uploads\/2023\/09\/CONSEJO-DE-CIUDADES-HERMANAS-DE-CUERNAVACA-RESPALDA-VIAJE-PARA-REFRENDAR-VINCULOS-CON-LAS-CIUDADES-JAPONESAS-DE-MINO\u0304-Y-O\u0304TAKI-2-600x400.jpg 600w, https:\/\/cuernavaca.gob.mx\/wp-content\/uploads\/2023\/09\/CONSEJO-DE-CIUDADES-HERMANAS-DE-CUERNAVACA-RESPALDA-VIAJE-PARA-REFRENDAR-VINCULOS-CON-LAS-CIUDADES-JAPONESAS-DE-MINO\u0304-Y-O\u0304TAKI-2-560x373.jpg 560w, https:\/\/cuernavaca.gob.mx\/wp-content\/uploads\/2023\/09\/CONSEJO-DE-CIUDADES-HERMANAS-DE-CUERNAVACA-RESPALDA-VIAJE-PARA-REFRENDAR-VINCULOS-CON-LAS-CIUDADES-JAPONESAS-DE-MINO\u0304-Y-O\u0304TAKI-2.jpg 1280w\" sizes=\"(max-width: 300px) 100vw, 300px\" \/> <img loading=\"lazy\" class=\"alignnone size-medium wp-image-33280\" src=\"https:\/\/cuernavaca.gob.mx\/wp-content\/uploads\/2023\/09\/CONSEJO-DE-CIUDADES-HERMANAS-DE-CUERNAVACA-RESPALDA-VIAJE-PARA-REFRENDAR-VINCULOS-CON-LAS-CIUDADES-JAPONESAS-DE-MINO\u0304-Y-O\u0304TAKI-3-300x200.jpg\" alt=\"\" width=\"300\" height=\"200\" srcset=\"https:\/\/cuernavaca.gob.mx\/wp-content\/uploads\/2023\/09\/CONSEJO-DE-CIUDADES-HERMANAS-DE-CUERNAVACA-RESPALDA-VIAJE-PARA-REFRENDAR-VINCULOS-CON-LAS-CIUDADES-JAPONESAS-DE-MINO\u0304-Y-O\u0304TAKI-3-300x200.jpg 300w, https:\/\/cuernavaca.gob.mx\/wp-content\/uploads\/2023\/09\/CONSEJO-DE-CIUDADES-HERMANAS-DE-CUERNAVACA-RESPALDA-VIAJE-PARA-REFRENDAR-VINCULOS-CON-LAS-CIUDADES-JAPONESAS-DE-MINO\u0304-Y-O\u0304TAKI-3-1024x682.jpg 1024w, https:\/\/cuernavaca.gob.mx\/wp-content\/uploads\/2023\/09\/CONSEJO-DE-CIUDADES-HERMANAS-DE-CUERNAVACA-RESPALDA-VIAJE-PARA-REFRENDAR-VINCULOS-CON-LAS-CIUDADES-JAPONESAS-DE-MINO\u0304-Y-O\u0304TAKI-3-768x512.jpg 768w, https:\/\/cuernavaca.gob.mx\/wp-content\/uploads\/2023\/09\/CONSEJO-DE-CIUDADES-HERMANAS-DE-CUERNAVACA-RESPALDA-VIAJE-PARA-REFRENDAR-VINCULOS-CON-LAS-CIUDADES-JAPONESAS-DE-MINO\u0304-Y-O\u0304TAKI-3-600x400.jpg 600w, https:\/\/cuernavaca.gob.mx\/wp-content\/uploads\/2023\/09\/CONSEJO-DE-CIUDADES-HERMANAS-DE-CUERNAVACA-RESPALDA-VIAJE-PARA-REFRENDAR-VINCULOS-CON-LAS-CIUDADES-JAPONESAS-DE-MINO\u0304-Y-O\u0304TAKI-3-560x373.jpg 560w, https:\/\/cuernavaca.gob.mx\/wp-content\/uploads\/2023\/09\/CONSEJO-DE-CIUDADES-HERMANAS-DE-CUERNAVACA-RESPALDA-VIAJE-PARA-REFRENDAR-VINCULOS-CON-LAS-CIUDADES-JAPONESAS-DE-MINO\u0304-Y-O\u0304TAKI-3.jpg 1280w\" sizes=\"(max-width: 300px) 100vw, 300px\" \/> <img loading=\"lazy\" class=\"alignnone size-medium wp-image-33281\" src=\"https:\/\/cuernavaca.gob.mx\/wp-content\/uploads\/2023\/09\/CONSEJO-DE-CIUDADES-HERMANAS-DE-CUERNAVACA-RESPALDA-VIAJE-PARA-REFRENDAR-VINCULOS-CON-LAS-CIUDADES-JAPONESAS-DE-MINO\u0304-Y-O\u0304TAKI-4-300x200.jpg\" alt=\"\" width=\"300\" height=\"200\" srcset=\"https:\/\/cuernavaca.gob.mx\/wp-content\/uploads\/2023\/09\/CONSEJO-DE-CIUDADES-HERMANAS-DE-CUERNAVACA-RESPALDA-VIAJE-PARA-REFRENDAR-VINCULOS-CON-LAS-CIUDADES-JAPONESAS-DE-MINO\u0304-Y-O\u0304TAKI-4-300x200.jpg 300w, https:\/\/cuernavaca.gob.mx\/wp-content\/uploads\/2023\/09\/CONSEJO-DE-CIUDADES-HERMANAS-DE-CUERNAVACA-RESPALDA-VIAJE-PARA-REFRENDAR-VINCULOS-CON-LAS-CIUDADES-JAPONESAS-DE-MINO\u0304-Y-O\u0304TAKI-4-1024x682.jpg 1024w, https:\/\/cuernavaca.gob.mx\/wp-content\/uploads\/2023\/09\/CONSEJO-DE-CIUDADES-HERMANAS-DE-CUERNAVACA-RESPALDA-VIAJE-PARA-REFRENDAR-VINCULOS-CON-LAS-CIUDADES-JAPONESAS-DE-MINO\u0304-Y-O\u0304TAKI-4-768x512.jpg 768w, https:\/\/cuernavaca.gob.mx\/wp-content\/uploads\/2023\/09\/CONSEJO-DE-CIUDADES-HERMANAS-DE-CUERNAVACA-RESPALDA-VIAJE-PARA-REFRENDAR-VINCULOS-CON-LAS-CIUDADES-JAPONESAS-DE-MINO\u0304-Y-O\u0304TAKI-4-600x400.jpg 600w, https:\/\/cuernavaca.gob.mx\/wp-content\/uploads\/2023\/09\/CONSEJO-DE-CIUDADES-HERMANAS-DE-CUERNAVACA-RESPALDA-VIAJE-PARA-REFRENDAR-VINCULOS-CON-LAS-CIUDADES-JAPONESAS-DE-MINO\u0304-Y-O\u0304TAKI-4-560x373.jpg 560w, https:\/\/cuernavaca.gob.mx\/wp-content\/uploads\/2023\/09\/CONSEJO-DE-CIUDADES-HERMANAS-DE-CUERNAVACA-RESPALDA-VIAJE-PARA-REFRENDAR-VINCULOS-CON-LAS-CIUDADES-JAPONESAS-DE-MINO\u0304-Y-O\u0304TAKI-4.jpg 1280w\" sizes=\"(max-width: 300px) 100vw, 300px\" \/> <img loading=\"lazy\" class=\"alignnone size-medium wp-image-33282\" src=\"https:\/\/cuernavaca.gob.mx\/wp-content\/uploads\/2023\/09\/CONSEJO-DE-CIUDADES-HERMANAS-DE-CUERNAVACA-RESPALDA-VIAJE-PARA-REFRENDAR-VINCULOS-CON-LAS-CIUDADES-JAPONESAS-DE-MINO\u0304-Y-O\u0304TAKI-5-300x200.jpg\" alt=\"\" width=\"300\" height=\"200\" srcset=\"https:\/\/cuernavaca.gob.mx\/wp-content\/uploads\/2023\/09\/CONSEJO-DE-CIUDADES-HERMANAS-DE-CUERNAVACA-RESPALDA-VIAJE-PARA-REFRENDAR-VINCULOS-CON-LAS-CIUDADES-JAPONESAS-DE-MINO\u0304-Y-O\u0304TAKI-5-300x200.jpg 300w, https:\/\/cuernavaca.gob.mx\/wp-content\/uploads\/2023\/09\/CONSEJO-DE-CIUDADES-HERMANAS-DE-CUERNAVACA-RESPALDA-VIAJE-PARA-REFRENDAR-VINCULOS-CON-LAS-CIUDADES-JAPONESAS-DE-MINO\u0304-Y-O\u0304TAKI-5-1024x682.jpg 1024w, https:\/\/cuernavaca.gob.mx\/wp-content\/uploads\/2023\/09\/CONSEJO-DE-CIUDADES-HERMANAS-DE-CUERNAVACA-RESPALDA-VIAJE-PARA-REFRENDAR-VINCULOS-CON-LAS-CIUDADES-JAPONESAS-DE-MINO\u0304-Y-O\u0304TAKI-5-768x512.jpg 768w, https:\/\/cuernavaca.gob.mx\/wp-content\/uploads\/2023\/09\/CONSEJO-DE-CIUDADES-HERMANAS-DE-CUERNAVACA-RESPALDA-VIAJE-PARA-REFRENDAR-VINCULOS-CON-LAS-CIUDADES-JAPONESAS-DE-MINO\u0304-Y-O\u0304TAKI-5-600x400.jpg 600w, https:\/\/cuernavaca.gob.mx\/wp-content\/uploads\/2023\/09\/CONSEJO-DE-CIUDADES-HERMANAS-DE-CUERNAVACA-RESPALDA-VIAJE-PARA-REFRENDAR-VINCULOS-CON-LAS-CIUDADES-JAPONESAS-DE-MINO\u0304-Y-O\u0304TAKI-5-560x373.jpg 560w, https:\/\/cuernavaca.gob.mx\/wp-content\/uploads\/2023\/09\/CONSEJO-DE-CIUDADES-HERMANAS-DE-CUERNAVACA-RESPALDA-VIAJE-PARA-REFRENDAR-VINCULOS-CON-LAS-CIUDADES-JAPONESAS-DE-MINO\u0304-Y-O\u0304TAKI-5.jpg 1280w\" sizes=\"(max-width: 300px) 100vw, 300px\" \/> <img loading=\"lazy\" class=\"alignnone size-medium wp-image-33283\" src=\"https:\/\/cuernavaca.gob.mx\/wp-content\/uploads\/2023\/09\/CONSEJO-DE-CIUDADES-HERMANAS-DE-CUERNAVACA-RESPALDA-VIAJE-PARA-REFRENDAR-VINCULOS-CON-LAS-CIUDADES-JAPONESAS-DE-MINO\u0304-Y-O\u0304TAKI-6-300x200.jpg\" alt=\"\" width=\"300\" height=\"200\" srcset=\"https:\/\/cuernavaca.gob.mx\/wp-content\/uploads\/2023\/09\/CONSEJO-DE-CIUDADES-HERMANAS-DE-CUERNAVACA-RESPALDA-VIAJE-PARA-REFRENDAR-VINCULOS-CON-LAS-CIUDADES-JAPONESAS-DE-MINO\u0304-Y-O\u0304TAKI-6-300x200.jpg 300w, https:\/\/cuernavaca.gob.mx\/wp-content\/uploads\/2023\/09\/CONSEJO-DE-CIUDADES-HERMANAS-DE-CUERNAVACA-RESPALDA-VIAJE-PARA-REFRENDAR-VINCULOS-CON-LAS-CIUDADES-JAPONESAS-DE-MINO\u0304-Y-O\u0304TAKI-6-1024x682.jpg 1024w, https:\/\/cuernavaca.gob.mx\/wp-content\/uploads\/2023\/09\/CONSEJO-DE-CIUDADES-HERMANAS-DE-CUERNAVACA-RESPALDA-VIAJE-PARA-REFRENDAR-VINCULOS-CON-LAS-CIUDADES-JAPONESAS-DE-MINO\u0304-Y-O\u0304TAKI-6-768x512.jpg 768w, https:\/\/cuernavaca.gob.mx\/wp-content\/uploads\/2023\/09\/CONSEJO-DE-CIUDADES-HERMANAS-DE-CUERNAVACA-RESPALDA-VIAJE-PARA-REFRENDAR-VINCULOS-CON-LAS-CIUDADES-JAPONESAS-DE-MINO\u0304-Y-O\u0304TAKI-6-600x400.jpg 600w, https:\/\/cuernavaca.gob.mx\/wp-content\/uploads\/2023\/09\/CONSEJO-DE-CIUDADES-HERMANAS-DE-CUERNAVACA-RESPALDA-VIAJE-PARA-REFRENDAR-VINCULOS-CON-LAS-CIUDADES-JAPONESAS-DE-MINO\u0304-Y-O\u0304TAKI-6-560x373.jpg 560w, https:\/\/cuernavaca.gob.mx\/wp-content\/uploads\/2023\/09\/CONSEJO-DE-CIUDADES-HERMANAS-DE-CUERNAVACA-RESPALDA-VIAJE-PARA-REFRENDAR-VINCULOS-CON-LAS-CIUDADES-JAPONESAS-DE-MINO\u0304-Y-O\u0304TAKI-6.jpg 1280w\" sizes=\"(max-width: 300px) 100vw, 300px\" \/> <img loading=\"lazy\" class=\"alignnone size-medium wp-image-33284\" src=\"https:\/\/cuernavaca.gob.mx\/wp-content\/uploads\/2023\/09\/CONSEJO-DE-CIUDADES-HERMANAS-DE-CUERNAVACA-RESPALDA-VIAJE-PARA-REFRENDAR-VINCULOS-CON-LAS-CIUDADES-JAPONESAS-DE-MINO\u0304-Y-O\u0304TAKI-7-300x200.jpg\" alt=\"\" width=\"300\" height=\"200\" srcset=\"https:\/\/cuernavaca.gob.mx\/wp-content\/uploads\/2023\/09\/CONSEJO-DE-CIUDADES-HERMANAS-DE-CUERNAVACA-RESPALDA-VIAJE-PARA-REFRENDAR-VINCULOS-CON-LAS-CIUDADES-JAPONESAS-DE-MINO\u0304-Y-O\u0304TAKI-7-300x200.jpg 300w, https:\/\/cuernavaca.gob.mx\/wp-content\/uploads\/2023\/09\/CONSEJO-DE-CIUDADES-HERMANAS-DE-CUERNAVACA-RESPALDA-VIAJE-PARA-REFRENDAR-VINCULOS-CON-LAS-CIUDADES-JAPONESAS-DE-MINO\u0304-Y-O\u0304TAKI-7-1024x682.jpg 1024w, https:\/\/cuernavaca.gob.mx\/wp-content\/uploads\/2023\/09\/CONSEJO-DE-CIUDADES-HERMANAS-DE-CUERNAVACA-RESPALDA-VIAJE-PARA-REFRENDAR-VINCULOS-CON-LAS-CIUDADES-JAPONESAS-DE-MINO\u0304-Y-O\u0304TAKI-7-768x512.jpg 768w, https:\/\/cuernavaca.gob.mx\/wp-content\/uploads\/2023\/09\/CONSEJO-DE-CIUDADES-HERMANAS-DE-CUERNAVACA-RESPALDA-VIAJE-PARA-REFRENDAR-VINCULOS-CON-LAS-CIUDADES-JAPONESAS-DE-MINO\u0304-Y-O\u0304TAKI-7-600x400.jpg 600w, https:\/\/cuernavaca.gob.mx\/wp-content\/uploads\/2023\/09\/CONSEJO-DE-CIUDADES-HERMANAS-DE-CUERNAVACA-RESPALDA-VIAJE-PARA-REFRENDAR-VINCULOS-CON-LAS-CIUDADES-JAPONESAS-DE-MINO\u0304-Y-O\u0304TAKI-7-560x373.jpg 560w, https:\/\/cuernavaca.gob.mx\/wp-content\/uploads\/2023\/09\/CONSEJO-DE-CIUDADES-HERMANAS-DE-CUERNAVACA-RESPALDA-VIAJE-PARA-REFRENDAR-VINCULOS-CON-LAS-CIUDADES-JAPONESAS-DE-MINO\u0304-Y-O\u0304TAKI-7.jpg 1280w\" sizes=\"(max-width: 300px) 100vw, 300px\" \/><\/p>\n","protected":false},"excerpt":{"rendered":"<p>\u2022 Los integrantes reconocieron que este intercambio cultural ser\u00e1 la oportunidad para lograr beneficios a favor de la poblaci\u00f3n y el desarrollo de la ciudad como parte del aniversario de estos lazos de hermanamiento \u2022 En Cuernavaca las celebraciones no se dejar\u00e1n de lado, por lo cual del 26 al 28 de octubre se llevar\u00e1n [&hellip;]<\/p>\n","protected":false},"author":1,"featured_media":33280,"comment_status":"closed","ping_status":"open","sticky":false,"template":"","format":"standard","meta":[],"categories":[21],"tags":[2500,1708,121,1479,120,206],"aioseo_notices":[],"_links":{"self":[{"href":"https:\/\/cuernavaca.gob.mx\/index.php?rest_route=\/wp\/v2\/posts\/33277"}],"collection":[{"href":"https:\/\/cuernavaca.gob.mx\/index.php?rest_route=\/wp\/v2\/posts"}],"about":[{"href":"https:\/\/cuernavaca.gob.mx\/index.php?rest_route=\/wp\/v2\/types\/post"}],"author":[{"embeddable":true,"href":"https:\/\/cuernavaca.gob.mx\/index.php?rest_route=\/wp\/v2\/users\/1"}],"replies":[{"embeddable":true,"href":"https:\/\/cuernavaca.gob.mx\/index.php?rest_route=%2Fwp%2Fv2%2Fcomments&post=33277"}],"version-history":[{"count":1,"href":"https:\/\/cuernavaca.gob.mx\/index.php?rest_route=\/wp\/v2\/posts\/33277\/revisions"}],"predecessor-version":[{"id":33285,"href":"https:\/\/cuernavaca.gob.mx\/index.php?rest_route=\/wp\/v2\/posts\/33277\/revisions\/33285"}],"wp:featuredmedia":[{"embeddable":true,"href":"https:\/\/cuernavaca.gob.mx\/index.php?rest_route=\/wp\/v2\/media\/33280"}],"wp:attachment":[{"href":"https:\/\/cuernavaca.gob.mx\/index.php?rest_route=%2Fwp%2Fv2%2Fmedia&parent=33277"}],"wp:term":[{"taxonomy":"category","embeddable":true,"href":"https:\/\/cuernavaca.gob.mx\/index.php?rest_route=%2Fwp%2Fv2%2Fcategories&post=33277"},{"taxonomy":"post_tag","embeddable":true,"href":"https:\/\/cuernavaca.gob.mx\/index.php?rest_route=%2Fwp%2Fv2%2Ftags&post=33277"}],"curies":[{"name":"wp","href":"https:\/\/api.w.org\/{rel}","templated":true}]}}