{"id":33287,"date":"2023-09-29T12:51:01","date_gmt":"2023-09-29T18:51:01","guid":{"rendered":"https:\/\/cuernavaca.gob.mx\/?p=33287"},"modified":"2025-05-06T14:11:59","modified_gmt":"2025-05-06T20:11:59","slug":"b1301-29-09-23-cuernavaca-brilla-con-el-arranque-de-la-feria-turistica-2023-que-convoca-el-ayuntamiento-capitalino","status":"publish","type":"post","link":"https:\/\/cuernavaca.gob.mx\/?p=33287","title":{"rendered":"B1301 29\/09\/23 CUERNAVACA BRILLA CON EL ARRANQUE DE LA FERIA TUR\u00cdSTICA 2023 QUE CONVOCA EL AYUNTAMIENTO CAPITALINO"},"content":{"rendered":"<div><strong>\u2022 Con una tradicional callejoneada en el Centro Hist\u00f3rico cientos de j\u00f3venes y familias enteras conmemoraron el D\u00eda Mundial del Turismo\u00a0<\/strong><\/div>\n<div><\/div>\n<div><strong>\u2022 La Feria Tur\u00edstica 2023 de Cuernavaca continuar\u00e1 hasta el domingo 01 de octubre con la Expo Artesanal 2023 en el primer cuadro de la ciudad\u00a0<\/strong><\/div>\n<div><\/div>\n<div>Con un rotundo \u00e9xito arranc\u00f3 este jueves la Feria Tur\u00edstica 2023 organizada por la Direcci\u00f3n de Turismo de la Secretar\u00eda de Desarrollo Econ\u00f3mico y Turismo del Ayuntamiento de Cuernavaca, que con una tradicional callejoneada puso a bailar y cantar a chicos y grandes en un ambiente cien por ciento familiar donde pudieron disfrutar de la belleza que cobija a la ciudad de la Eterna Primavera.<\/div>\n<div><\/div>\n<div>La callejoneada parti\u00f3 de la calle Hidalgo hacia el kiosco del Centro Hist\u00f3rico, entre tunas y estudiantinas que al son de melod\u00edas mexicanas y baladas rom\u00e1nticas armonizaron esta velada que desde su reactivaci\u00f3n el a\u00f1o pasado a trav\u00e9s de la iniciativa \u201cCallejoneadas, En Cuernavaca Fue\u201d ha dejado huella en quienes participan, afianz\u00e1ndose como un atractivo m\u00e1s para visitantes nacionales e internacionales, as\u00ed como para la propia ciudadan\u00eda.<\/div>\n<div><\/div>\n<div>Las estudiantinas y tunas participantes fueron la Estudiantina Real Victoria del Carmen, la Tuna Mesoamericana campus Morelos, la Tuna del Distrito Universitario de Morelos, la Tuna Universitaria Femenil del Estado de Morelos, la Tuna Femenina de la UAEM, la Tuna Universitaria de la UAEM y la Rondalla Halcones UTEZ, al ser un evento realizado en coordinaci\u00f3n con el 3er. Foro Internacional de Turismo 2023 organizado por la Universidad Tecnol\u00f3gica Emiliano Zapata (UTEZ), que se est\u00e1 llevando a cabo en la capital morelense, recibiendo a estudiantes y profesores de diversos estados, quienes esta noche de jueves se apropiaron de las principales calles del Centro Hist\u00f3rico.<\/div>\n<div><\/div>\n<div>Esta fiesta atrajo las miradas de transe\u00fantes que no perdieron la oportunidad de tomar fotograf\u00edas y sumarse al baile y canto que estuvo acompa\u00f1ado de los chinelos y botargas alusivas a los halcones de la UTEZ, con lo cual cerr\u00f3 el primer d\u00eda de actividades tur\u00edsticas y culturales que se tendr\u00e1n en Cuernavaca en el marco del D\u00eda Mundial del Turismo.<\/div>\n<div><\/div>\n<div>Este viernes 29 de septiembre continuar\u00e1n actividades como la Expo Artesanal 2023 que se mantendr\u00e1 hasta el domingo 01 de octubre en un horario de 12:00 a 20:00 horas; este es un escaparate para la exposici\u00f3n y venta de distintos productos locales; adem\u00e1s habr\u00e1 diversos eventos art\u00edsticos y culturales, la sede ser\u00e1 la calle Jard\u00edn Ju\u00e1rez.<\/div>\n<div><\/div>\n<div><img loading=\"lazy\" class=\"alignnone size-medium wp-image-33288\" src=\"https:\/\/cuernavaca.gob.mx\/wp-content\/uploads\/2023\/09\/CUERNAVACA-BRILLA-CON-EL-ARRANQUE-DE-LA-FERIA-TURISTICA-2023-QUE-CONVOCA-EL-AYUNTAMIENTO-CAPITALINO-1-300x200.jpeg\" alt=\"\" width=\"300\" height=\"200\" srcset=\"https:\/\/cuernavaca.gob.mx\/wp-content\/uploads\/2023\/09\/CUERNAVACA-BRILLA-CON-EL-ARRANQUE-DE-LA-FERIA-TURISTICA-2023-QUE-CONVOCA-EL-AYUNTAMIENTO-CAPITALINO-1-300x200.jpeg 300w, https:\/\/cuernavaca.gob.mx\/wp-content\/uploads\/2023\/09\/CUERNAVACA-BRILLA-CON-EL-ARRANQUE-DE-LA-FERIA-TURISTICA-2023-QUE-CONVOCA-EL-AYUNTAMIENTO-CAPITALINO-1-1024x682.jpeg 1024w, https:\/\/cuernavaca.gob.mx\/wp-content\/uploads\/2023\/09\/CUERNAVACA-BRILLA-CON-EL-ARRANQUE-DE-LA-FERIA-TURISTICA-2023-QUE-CONVOCA-EL-AYUNTAMIENTO-CAPITALINO-1-768x512.jpeg 768w, https:\/\/cuernavaca.gob.mx\/wp-content\/uploads\/2023\/09\/CUERNAVACA-BRILLA-CON-EL-ARRANQUE-DE-LA-FERIA-TURISTICA-2023-QUE-CONVOCA-EL-AYUNTAMIENTO-CAPITALINO-1-1536x1023.jpeg 1536w, https:\/\/cuernavaca.gob.mx\/wp-content\/uploads\/2023\/09\/CUERNAVACA-BRILLA-CON-EL-ARRANQUE-DE-LA-FERIA-TURISTICA-2023-QUE-CONVOCA-EL-AYUNTAMIENTO-CAPITALINO-1-600x400.jpeg 600w, https:\/\/cuernavaca.gob.mx\/wp-content\/uploads\/2023\/09\/CUERNAVACA-BRILLA-CON-EL-ARRANQUE-DE-LA-FERIA-TURISTICA-2023-QUE-CONVOCA-EL-AYUNTAMIENTO-CAPITALINO-1-560x373.jpeg 560w, https:\/\/cuernavaca.gob.mx\/wp-content\/uploads\/2023\/09\/CUERNAVACA-BRILLA-CON-EL-ARRANQUE-DE-LA-FERIA-TURISTICA-2023-QUE-CONVOCA-EL-AYUNTAMIENTO-CAPITALINO-1.jpeg 1600w\" sizes=\"(max-width: 300px) 100vw, 300px\" \/> <img loading=\"lazy\" class=\"alignnone size-medium wp-image-33289\" src=\"https:\/\/cuernavaca.gob.mx\/wp-content\/uploads\/2023\/09\/CUERNAVACA-BRILLA-CON-EL-ARRANQUE-DE-LA-FERIA-TURISTICA-2023-QUE-CONVOCA-EL-AYUNTAMIENTO-CAPITALINO-2-300x200.jpeg\" alt=\"\" width=\"300\" height=\"200\" srcset=\"https:\/\/cuernavaca.gob.mx\/wp-content\/uploads\/2023\/09\/CUERNAVACA-BRILLA-CON-EL-ARRANQUE-DE-LA-FERIA-TURISTICA-2023-QUE-CONVOCA-EL-AYUNTAMIENTO-CAPITALINO-2-300x200.jpeg 300w, https:\/\/cuernavaca.gob.mx\/wp-content\/uploads\/2023\/09\/CUERNAVACA-BRILLA-CON-EL-ARRANQUE-DE-LA-FERIA-TURISTICA-2023-QUE-CONVOCA-EL-AYUNTAMIENTO-CAPITALINO-2-1024x682.jpeg 1024w, https:\/\/cuernavaca.gob.mx\/wp-content\/uploads\/2023\/09\/CUERNAVACA-BRILLA-CON-EL-ARRANQUE-DE-LA-FERIA-TURISTICA-2023-QUE-CONVOCA-EL-AYUNTAMIENTO-CAPITALINO-2-768x512.jpeg 768w, https:\/\/cuernavaca.gob.mx\/wp-content\/uploads\/2023\/09\/CUERNAVACA-BRILLA-CON-EL-ARRANQUE-DE-LA-FERIA-TURISTICA-2023-QUE-CONVOCA-EL-AYUNTAMIENTO-CAPITALINO-2-1536x1023.jpeg 1536w, https:\/\/cuernavaca.gob.mx\/wp-content\/uploads\/2023\/09\/CUERNAVACA-BRILLA-CON-EL-ARRANQUE-DE-LA-FERIA-TURISTICA-2023-QUE-CONVOCA-EL-AYUNTAMIENTO-CAPITALINO-2-600x400.jpeg 600w, https:\/\/cuernavaca.gob.mx\/wp-content\/uploads\/2023\/09\/CUERNAVACA-BRILLA-CON-EL-ARRANQUE-DE-LA-FERIA-TURISTICA-2023-QUE-CONVOCA-EL-AYUNTAMIENTO-CAPITALINO-2-560x373.jpeg 560w, https:\/\/cuernavaca.gob.mx\/wp-content\/uploads\/2023\/09\/CUERNAVACA-BRILLA-CON-EL-ARRANQUE-DE-LA-FERIA-TURISTICA-2023-QUE-CONVOCA-EL-AYUNTAMIENTO-CAPITALINO-2.jpeg 1600w\" sizes=\"(max-width: 300px) 100vw, 300px\" \/> <img loading=\"lazy\" class=\"alignnone size-medium wp-image-33290\" src=\"https:\/\/cuernavaca.gob.mx\/wp-content\/uploads\/2023\/09\/CUERNAVACA-BRILLA-CON-EL-ARRANQUE-DE-LA-FERIA-TURISTICA-2023-QUE-CONVOCA-EL-AYUNTAMIENTO-CAPITALINO-3-300x200.jpeg\" alt=\"\" width=\"300\" height=\"200\" srcset=\"https:\/\/cuernavaca.gob.mx\/wp-content\/uploads\/2023\/09\/CUERNAVACA-BRILLA-CON-EL-ARRANQUE-DE-LA-FERIA-TURISTICA-2023-QUE-CONVOCA-EL-AYUNTAMIENTO-CAPITALINO-3-300x200.jpeg 300w, https:\/\/cuernavaca.gob.mx\/wp-content\/uploads\/2023\/09\/CUERNAVACA-BRILLA-CON-EL-ARRANQUE-DE-LA-FERIA-TURISTICA-2023-QUE-CONVOCA-EL-AYUNTAMIENTO-CAPITALINO-3-1024x682.jpeg 1024w, https:\/\/cuernavaca.gob.mx\/wp-content\/uploads\/2023\/09\/CUERNAVACA-BRILLA-CON-EL-ARRANQUE-DE-LA-FERIA-TURISTICA-2023-QUE-CONVOCA-EL-AYUNTAMIENTO-CAPITALINO-3-768x512.jpeg 768w, https:\/\/cuernavaca.gob.mx\/wp-content\/uploads\/2023\/09\/CUERNAVACA-BRILLA-CON-EL-ARRANQUE-DE-LA-FERIA-TURISTICA-2023-QUE-CONVOCA-EL-AYUNTAMIENTO-CAPITALINO-3-1536x1023.jpeg 1536w, https:\/\/cuernavaca.gob.mx\/wp-content\/uploads\/2023\/09\/CUERNAVACA-BRILLA-CON-EL-ARRANQUE-DE-LA-FERIA-TURISTICA-2023-QUE-CONVOCA-EL-AYUNTAMIENTO-CAPITALINO-3-600x400.jpeg 600w, https:\/\/cuernavaca.gob.mx\/wp-content\/uploads\/2023\/09\/CUERNAVACA-BRILLA-CON-EL-ARRANQUE-DE-LA-FERIA-TURISTICA-2023-QUE-CONVOCA-EL-AYUNTAMIENTO-CAPITALINO-3-560x373.jpeg 560w, https:\/\/cuernavaca.gob.mx\/wp-content\/uploads\/2023\/09\/CUERNAVACA-BRILLA-CON-EL-ARRANQUE-DE-LA-FERIA-TURISTICA-2023-QUE-CONVOCA-EL-AYUNTAMIENTO-CAPITALINO-3.jpeg 1600w\" sizes=\"(max-width: 300px) 100vw, 300px\" \/> <img loading=\"lazy\" class=\"alignnone size-medium wp-image-33291\" src=\"https:\/\/cuernavaca.gob.mx\/wp-content\/uploads\/2023\/09\/CUERNAVACA-BRILLA-CON-EL-ARRANQUE-DE-LA-FERIA-TURISTICA-2023-QUE-CONVOCA-EL-AYUNTAMIENTO-CAPITALINO-4-300x168.jpeg\" alt=\"\" width=\"300\" height=\"168\" srcset=\"https:\/\/cuernavaca.gob.mx\/wp-content\/uploads\/2023\/09\/CUERNAVACA-BRILLA-CON-EL-ARRANQUE-DE-LA-FERIA-TURISTICA-2023-QUE-CONVOCA-EL-AYUNTAMIENTO-CAPITALINO-4-300x168.jpeg 300w, https:\/\/cuernavaca.gob.mx\/wp-content\/uploads\/2023\/09\/CUERNAVACA-BRILLA-CON-EL-ARRANQUE-DE-LA-FERIA-TURISTICA-2023-QUE-CONVOCA-EL-AYUNTAMIENTO-CAPITALINO-4-1024x575.jpeg 1024w, https:\/\/cuernavaca.gob.mx\/wp-content\/uploads\/2023\/09\/CUERNAVACA-BRILLA-CON-EL-ARRANQUE-DE-LA-FERIA-TURISTICA-2023-QUE-CONVOCA-EL-AYUNTAMIENTO-CAPITALINO-4-768x431.jpeg 768w, https:\/\/cuernavaca.gob.mx\/wp-content\/uploads\/2023\/09\/CUERNAVACA-BRILLA-CON-EL-ARRANQUE-DE-LA-FERIA-TURISTICA-2023-QUE-CONVOCA-EL-AYUNTAMIENTO-CAPITALINO-4-1536x862.jpeg 1536w, https:\/\/cuernavaca.gob.mx\/wp-content\/uploads\/2023\/09\/CUERNAVACA-BRILLA-CON-EL-ARRANQUE-DE-LA-FERIA-TURISTICA-2023-QUE-CONVOCA-EL-AYUNTAMIENTO-CAPITALINO-4-600x337.jpeg 600w, https:\/\/cuernavaca.gob.mx\/wp-content\/uploads\/2023\/09\/CUERNAVACA-BRILLA-CON-EL-ARRANQUE-DE-LA-FERIA-TURISTICA-2023-QUE-CONVOCA-EL-AYUNTAMIENTO-CAPITALINO-4-560x314.jpeg 560w, https:\/\/cuernavaca.gob.mx\/wp-content\/uploads\/2023\/09\/CUERNAVACA-BRILLA-CON-EL-ARRANQUE-DE-LA-FERIA-TURISTICA-2023-QUE-CONVOCA-EL-AYUNTAMIENTO-CAPITALINO-4.jpeg 1600w\" sizes=\"(max-width: 300px) 100vw, 300px\" \/> <img loading=\"lazy\" class=\"alignnone size-medium wp-image-33292\" src=\"https:\/\/cuernavaca.gob.mx\/wp-content\/uploads\/2023\/09\/CUERNAVACA-BRILLA-CON-EL-ARRANQUE-DE-LA-FERIA-TURISTICA-2023-QUE-CONVOCA-EL-AYUNTAMIENTO-CAPITALINO-5-300x200.jpeg\" alt=\"\" width=\"300\" height=\"200\" srcset=\"https:\/\/cuernavaca.gob.mx\/wp-content\/uploads\/2023\/09\/CUERNAVACA-BRILLA-CON-EL-ARRANQUE-DE-LA-FERIA-TURISTICA-2023-QUE-CONVOCA-EL-AYUNTAMIENTO-CAPITALINO-5-300x200.jpeg 300w, https:\/\/cuernavaca.gob.mx\/wp-content\/uploads\/2023\/09\/CUERNAVACA-BRILLA-CON-EL-ARRANQUE-DE-LA-FERIA-TURISTICA-2023-QUE-CONVOCA-EL-AYUNTAMIENTO-CAPITALINO-5-1024x682.jpeg 1024w, https:\/\/cuernavaca.gob.mx\/wp-content\/uploads\/2023\/09\/CUERNAVACA-BRILLA-CON-EL-ARRANQUE-DE-LA-FERIA-TURISTICA-2023-QUE-CONVOCA-EL-AYUNTAMIENTO-CAPITALINO-5-768x512.jpeg 768w, https:\/\/cuernavaca.gob.mx\/wp-content\/uploads\/2023\/09\/CUERNAVACA-BRILLA-CON-EL-ARRANQUE-DE-LA-FERIA-TURISTICA-2023-QUE-CONVOCA-EL-AYUNTAMIENTO-CAPITALINO-5-1536x1023.jpeg 1536w, https:\/\/cuernavaca.gob.mx\/wp-content\/uploads\/2023\/09\/CUERNAVACA-BRILLA-CON-EL-ARRANQUE-DE-LA-FERIA-TURISTICA-2023-QUE-CONVOCA-EL-AYUNTAMIENTO-CAPITALINO-5-600x400.jpeg 600w, https:\/\/cuernavaca.gob.mx\/wp-content\/uploads\/2023\/09\/CUERNAVACA-BRILLA-CON-EL-ARRANQUE-DE-LA-FERIA-TURISTICA-2023-QUE-CONVOCA-EL-AYUNTAMIENTO-CAPITALINO-5-560x373.jpeg 560w, https:\/\/cuernavaca.gob.mx\/wp-content\/uploads\/2023\/09\/CUERNAVACA-BRILLA-CON-EL-ARRANQUE-DE-LA-FERIA-TURISTICA-2023-QUE-CONVOCA-EL-AYUNTAMIENTO-CAPITALINO-5.jpeg 1600w\" sizes=\"(max-width: 300px) 100vw, 300px\" \/> <img loading=\"lazy\" class=\"alignnone size-medium wp-image-33293\" src=\"https:\/\/cuernavaca.gob.mx\/wp-content\/uploads\/2023\/09\/CUERNAVACA-BRILLA-CON-EL-ARRANQUE-DE-LA-FERIA-TURISTICA-2023-QUE-CONVOCA-EL-AYUNTAMIENTO-CAPITALINO-6-300x200.jpeg\" alt=\"\" width=\"300\" height=\"200\" srcset=\"https:\/\/cuernavaca.gob.mx\/wp-content\/uploads\/2023\/09\/CUERNAVACA-BRILLA-CON-EL-ARRANQUE-DE-LA-FERIA-TURISTICA-2023-QUE-CONVOCA-EL-AYUNTAMIENTO-CAPITALINO-6-300x200.jpeg 300w, https:\/\/cuernavaca.gob.mx\/wp-content\/uploads\/2023\/09\/CUERNAVACA-BRILLA-CON-EL-ARRANQUE-DE-LA-FERIA-TURISTICA-2023-QUE-CONVOCA-EL-AYUNTAMIENTO-CAPITALINO-6-1024x682.jpeg 1024w, https:\/\/cuernavaca.gob.mx\/wp-content\/uploads\/2023\/09\/CUERNAVACA-BRILLA-CON-EL-ARRANQUE-DE-LA-FERIA-TURISTICA-2023-QUE-CONVOCA-EL-AYUNTAMIENTO-CAPITALINO-6-768x512.jpeg 768w, https:\/\/cuernavaca.gob.mx\/wp-content\/uploads\/2023\/09\/CUERNAVACA-BRILLA-CON-EL-ARRANQUE-DE-LA-FERIA-TURISTICA-2023-QUE-CONVOCA-EL-AYUNTAMIENTO-CAPITALINO-6-1536x1023.jpeg 1536w, https:\/\/cuernavaca.gob.mx\/wp-content\/uploads\/2023\/09\/CUERNAVACA-BRILLA-CON-EL-ARRANQUE-DE-LA-FERIA-TURISTICA-2023-QUE-CONVOCA-EL-AYUNTAMIENTO-CAPITALINO-6-600x400.jpeg 600w, https:\/\/cuernavaca.gob.mx\/wp-content\/uploads\/2023\/09\/CUERNAVACA-BRILLA-CON-EL-ARRANQUE-DE-LA-FERIA-TURISTICA-2023-QUE-CONVOCA-EL-AYUNTAMIENTO-CAPITALINO-6-560x373.jpeg 560w, https:\/\/cuernavaca.gob.mx\/wp-content\/uploads\/2023\/09\/CUERNAVACA-BRILLA-CON-EL-ARRANQUE-DE-LA-FERIA-TURISTICA-2023-QUE-CONVOCA-EL-AYUNTAMIENTO-CAPITALINO-6.jpeg 1600w\" sizes=\"(max-width: 300px) 100vw, 300px\" \/> <img loading=\"lazy\" class=\"alignnone size-medium wp-image-33294\" src=\"https:\/\/cuernavaca.gob.mx\/wp-content\/uploads\/2023\/09\/CUERNAVACA-BRILLA-CON-EL-ARRANQUE-DE-LA-FERIA-TURISTICA-2023-QUE-CONVOCA-EL-AYUNTAMIENTO-CAPITALINO-7-300x169.jpeg\" alt=\"\" width=\"300\" height=\"169\" srcset=\"https:\/\/cuernavaca.gob.mx\/wp-content\/uploads\/2023\/09\/CUERNAVACA-BRILLA-CON-EL-ARRANQUE-DE-LA-FERIA-TURISTICA-2023-QUE-CONVOCA-EL-AYUNTAMIENTO-CAPITALINO-7-300x169.jpeg 300w, https:\/\/cuernavaca.gob.mx\/wp-content\/uploads\/2023\/09\/CUERNAVACA-BRILLA-CON-EL-ARRANQUE-DE-LA-FERIA-TURISTICA-2023-QUE-CONVOCA-EL-AYUNTAMIENTO-CAPITALINO-7-1024x576.jpeg 1024w, https:\/\/cuernavaca.gob.mx\/wp-content\/uploads\/2023\/09\/CUERNAVACA-BRILLA-CON-EL-ARRANQUE-DE-LA-FERIA-TURISTICA-2023-QUE-CONVOCA-EL-AYUNTAMIENTO-CAPITALINO-7-768x432.jpeg 768w, https:\/\/cuernavaca.gob.mx\/wp-content\/uploads\/2023\/09\/CUERNAVACA-BRILLA-CON-EL-ARRANQUE-DE-LA-FERIA-TURISTICA-2023-QUE-CONVOCA-EL-AYUNTAMIENTO-CAPITALINO-7-1536x864.jpeg 1536w, https:\/\/cuernavaca.gob.mx\/wp-content\/uploads\/2023\/09\/CUERNAVACA-BRILLA-CON-EL-ARRANQUE-DE-LA-FERIA-TURISTICA-2023-QUE-CONVOCA-EL-AYUNTAMIENTO-CAPITALINO-7-600x338.jpeg 600w, https:\/\/cuernavaca.gob.mx\/wp-content\/uploads\/2023\/09\/CUERNAVACA-BRILLA-CON-EL-ARRANQUE-DE-LA-FERIA-TURISTICA-2023-QUE-CONVOCA-EL-AYUNTAMIENTO-CAPITALINO-7-560x315.jpeg 560w, https:\/\/cuernavaca.gob.mx\/wp-content\/uploads\/2023\/09\/CUERNAVACA-BRILLA-CON-EL-ARRANQUE-DE-LA-FERIA-TURISTICA-2023-QUE-CONVOCA-EL-AYUNTAMIENTO-CAPITALINO-7.jpeg 1600w\" sizes=\"(max-width: 300px) 100vw, 300px\" \/> <img loading=\"lazy\" class=\"alignnone size-medium wp-image-33295\" src=\"https:\/\/cuernavaca.gob.mx\/wp-content\/uploads\/2023\/09\/CUERNAVACA-BRILLA-CON-EL-ARRANQUE-DE-LA-FERIA-TURISTICA-2023-QUE-CONVOCA-EL-AYUNTAMIENTO-CAPITALINO-8-300x200.jpeg\" alt=\"\" width=\"300\" height=\"200\" srcset=\"https:\/\/cuernavaca.gob.mx\/wp-content\/uploads\/2023\/09\/CUERNAVACA-BRILLA-CON-EL-ARRANQUE-DE-LA-FERIA-TURISTICA-2023-QUE-CONVOCA-EL-AYUNTAMIENTO-CAPITALINO-8-300x200.jpeg 300w, https:\/\/cuernavaca.gob.mx\/wp-content\/uploads\/2023\/09\/CUERNAVACA-BRILLA-CON-EL-ARRANQUE-DE-LA-FERIA-TURISTICA-2023-QUE-CONVOCA-EL-AYUNTAMIENTO-CAPITALINO-8-1024x682.jpeg 1024w, https:\/\/cuernavaca.gob.mx\/wp-content\/uploads\/2023\/09\/CUERNAVACA-BRILLA-CON-EL-ARRANQUE-DE-LA-FERIA-TURISTICA-2023-QUE-CONVOCA-EL-AYUNTAMIENTO-CAPITALINO-8-768x512.jpeg 768w, https:\/\/cuernavaca.gob.mx\/wp-content\/uploads\/2023\/09\/CUERNAVACA-BRILLA-CON-EL-ARRANQUE-DE-LA-FERIA-TURISTICA-2023-QUE-CONVOCA-EL-AYUNTAMIENTO-CAPITALINO-8-1536x1023.jpeg 1536w, https:\/\/cuernavaca.gob.mx\/wp-content\/uploads\/2023\/09\/CUERNAVACA-BRILLA-CON-EL-ARRANQUE-DE-LA-FERIA-TURISTICA-2023-QUE-CONVOCA-EL-AYUNTAMIENTO-CAPITALINO-8-600x400.jpeg 600w, https:\/\/cuernavaca.gob.mx\/wp-content\/uploads\/2023\/09\/CUERNAVACA-BRILLA-CON-EL-ARRANQUE-DE-LA-FERIA-TURISTICA-2023-QUE-CONVOCA-EL-AYUNTAMIENTO-CAPITALINO-8-560x373.jpeg 560w, https:\/\/cuernavaca.gob.mx\/wp-content\/uploads\/2023\/09\/CUERNAVACA-BRILLA-CON-EL-ARRANQUE-DE-LA-FERIA-TURISTICA-2023-QUE-CONVOCA-EL-AYUNTAMIENTO-CAPITALINO-8.jpeg 1600w\" sizes=\"(max-width: 300px) 100vw, 300px\" \/> <img loading=\"lazy\" class=\"alignnone size-medium wp-image-33296\" src=\"https:\/\/cuernavaca.gob.mx\/wp-content\/uploads\/2023\/09\/CUERNAVACA-BRILLA-CON-EL-ARRANQUE-DE-LA-FERIA-TURISTICA-2023-QUE-CONVOCA-EL-AYUNTAMIENTO-CAPITALINO-9-300x200.jpeg\" alt=\"\" width=\"300\" height=\"200\" srcset=\"https:\/\/cuernavaca.gob.mx\/wp-content\/uploads\/2023\/09\/CUERNAVACA-BRILLA-CON-EL-ARRANQUE-DE-LA-FERIA-TURISTICA-2023-QUE-CONVOCA-EL-AYUNTAMIENTO-CAPITALINO-9-300x200.jpeg 300w, https:\/\/cuernavaca.gob.mx\/wp-content\/uploads\/2023\/09\/CUERNAVACA-BRILLA-CON-EL-ARRANQUE-DE-LA-FERIA-TURISTICA-2023-QUE-CONVOCA-EL-AYUNTAMIENTO-CAPITALINO-9-1024x682.jpeg 1024w, https:\/\/cuernavaca.gob.mx\/wp-content\/uploads\/2023\/09\/CUERNAVACA-BRILLA-CON-EL-ARRANQUE-DE-LA-FERIA-TURISTICA-2023-QUE-CONVOCA-EL-AYUNTAMIENTO-CAPITALINO-9-768x512.jpeg 768w, https:\/\/cuernavaca.gob.mx\/wp-content\/uploads\/2023\/09\/CUERNAVACA-BRILLA-CON-EL-ARRANQUE-DE-LA-FERIA-TURISTICA-2023-QUE-CONVOCA-EL-AYUNTAMIENTO-CAPITALINO-9-1536x1023.jpeg 1536w, https:\/\/cuernavaca.gob.mx\/wp-content\/uploads\/2023\/09\/CUERNAVACA-BRILLA-CON-EL-ARRANQUE-DE-LA-FERIA-TURISTICA-2023-QUE-CONVOCA-EL-AYUNTAMIENTO-CAPITALINO-9-600x400.jpeg 600w, https:\/\/cuernavaca.gob.mx\/wp-content\/uploads\/2023\/09\/CUERNAVACA-BRILLA-CON-EL-ARRANQUE-DE-LA-FERIA-TURISTICA-2023-QUE-CONVOCA-EL-AYUNTAMIENTO-CAPITALINO-9-560x373.jpeg 560w, https:\/\/cuernavaca.gob.mx\/wp-content\/uploads\/2023\/09\/CUERNAVACA-BRILLA-CON-EL-ARRANQUE-DE-LA-FERIA-TURISTICA-2023-QUE-CONVOCA-EL-AYUNTAMIENTO-CAPITALINO-9.jpeg 1600w\" sizes=\"(max-width: 300px) 100vw, 300px\" \/> <img loading=\"lazy\" class=\"alignnone size-medium wp-image-33297\" src=\"https:\/\/cuernavaca.gob.mx\/wp-content\/uploads\/2023\/09\/CUERNAVACA-BRILLA-CON-EL-ARRANQUE-DE-LA-FERIA-TURISTICA-2023-QUE-CONVOCA-EL-AYUNTAMIENTO-CAPITALINO-10-300x200.jpeg\" alt=\"\" width=\"300\" height=\"200\" srcset=\"https:\/\/cuernavaca.gob.mx\/wp-content\/uploads\/2023\/09\/CUERNAVACA-BRILLA-CON-EL-ARRANQUE-DE-LA-FERIA-TURISTICA-2023-QUE-CONVOCA-EL-AYUNTAMIENTO-CAPITALINO-10-300x200.jpeg 300w, https:\/\/cuernavaca.gob.mx\/wp-content\/uploads\/2023\/09\/CUERNAVACA-BRILLA-CON-EL-ARRANQUE-DE-LA-FERIA-TURISTICA-2023-QUE-CONVOCA-EL-AYUNTAMIENTO-CAPITALINO-10-1024x682.jpeg 1024w, https:\/\/cuernavaca.gob.mx\/wp-content\/uploads\/2023\/09\/CUERNAVACA-BRILLA-CON-EL-ARRANQUE-DE-LA-FERIA-TURISTICA-2023-QUE-CONVOCA-EL-AYUNTAMIENTO-CAPITALINO-10-768x512.jpeg 768w, https:\/\/cuernavaca.gob.mx\/wp-content\/uploads\/2023\/09\/CUERNAVACA-BRILLA-CON-EL-ARRANQUE-DE-LA-FERIA-TURISTICA-2023-QUE-CONVOCA-EL-AYUNTAMIENTO-CAPITALINO-10-1536x1023.jpeg 1536w, https:\/\/cuernavaca.gob.mx\/wp-content\/uploads\/2023\/09\/CUERNAVACA-BRILLA-CON-EL-ARRANQUE-DE-LA-FERIA-TURISTICA-2023-QUE-CONVOCA-EL-AYUNTAMIENTO-CAPITALINO-10-600x400.jpeg 600w, https:\/\/cuernavaca.gob.mx\/wp-content\/uploads\/2023\/09\/CUERNAVACA-BRILLA-CON-EL-ARRANQUE-DE-LA-FERIA-TURISTICA-2023-QUE-CONVOCA-EL-AYUNTAMIENTO-CAPITALINO-10-560x373.jpeg 560w, https:\/\/cuernavaca.gob.mx\/wp-content\/uploads\/2023\/09\/CUERNAVACA-BRILLA-CON-EL-ARRANQUE-DE-LA-FERIA-TURISTICA-2023-QUE-CONVOCA-EL-AYUNTAMIENTO-CAPITALINO-10.jpeg 1600w\" sizes=\"(max-width: 300px) 100vw, 300px\" \/> <img loading=\"lazy\" class=\"alignnone size-medium wp-image-33298\" src=\"https:\/\/cuernavaca.gob.mx\/wp-content\/uploads\/2023\/09\/CUERNAVACA-BRILLA-CON-EL-ARRANQUE-DE-LA-FERIA-TURISTICA-2023-QUE-CONVOCA-EL-AYUNTAMIENTO-CAPITALINO-11-300x168.jpeg\" alt=\"\" width=\"300\" height=\"168\" srcset=\"https:\/\/cuernavaca.gob.mx\/wp-content\/uploads\/2023\/09\/CUERNAVACA-BRILLA-CON-EL-ARRANQUE-DE-LA-FERIA-TURISTICA-2023-QUE-CONVOCA-EL-AYUNTAMIENTO-CAPITALINO-11-300x168.jpeg 300w, https:\/\/cuernavaca.gob.mx\/wp-content\/uploads\/2023\/09\/CUERNAVACA-BRILLA-CON-EL-ARRANQUE-DE-LA-FERIA-TURISTICA-2023-QUE-CONVOCA-EL-AYUNTAMIENTO-CAPITALINO-11-1024x575.jpeg 1024w, https:\/\/cuernavaca.gob.mx\/wp-content\/uploads\/2023\/09\/CUERNAVACA-BRILLA-CON-EL-ARRANQUE-DE-LA-FERIA-TURISTICA-2023-QUE-CONVOCA-EL-AYUNTAMIENTO-CAPITALINO-11-768x431.jpeg 768w, https:\/\/cuernavaca.gob.mx\/wp-content\/uploads\/2023\/09\/CUERNAVACA-BRILLA-CON-EL-ARRANQUE-DE-LA-FERIA-TURISTICA-2023-QUE-CONVOCA-EL-AYUNTAMIENTO-CAPITALINO-11-1536x862.jpeg 1536w, https:\/\/cuernavaca.gob.mx\/wp-content\/uploads\/2023\/09\/CUERNAVACA-BRILLA-CON-EL-ARRANQUE-DE-LA-FERIA-TURISTICA-2023-QUE-CONVOCA-EL-AYUNTAMIENTO-CAPITALINO-11-600x337.jpeg 600w, https:\/\/cuernavaca.gob.mx\/wp-content\/uploads\/2023\/09\/CUERNAVACA-BRILLA-CON-EL-ARRANQUE-DE-LA-FERIA-TURISTICA-2023-QUE-CONVOCA-EL-AYUNTAMIENTO-CAPITALINO-11-560x314.jpeg 560w, https:\/\/cuernavaca.gob.mx\/wp-content\/uploads\/2023\/09\/CUERNAVACA-BRILLA-CON-EL-ARRANQUE-DE-LA-FERIA-TURISTICA-2023-QUE-CONVOCA-EL-AYUNTAMIENTO-CAPITALINO-11.jpeg 1600w\" sizes=\"(max-width: 300px) 100vw, 300px\" \/> <img loading=\"lazy\" class=\"alignnone size-medium wp-image-33299\" src=\"https:\/\/cuernavaca.gob.mx\/wp-content\/uploads\/2023\/09\/CUERNAVACA-BRILLA-CON-EL-ARRANQUE-DE-LA-FERIA-TURISTICA-2023-QUE-CONVOCA-EL-AYUNTAMIENTO-CAPITALINO-12-300x200.jpeg\" alt=\"\" width=\"300\" height=\"200\" srcset=\"https:\/\/cuernavaca.gob.mx\/wp-content\/uploads\/2023\/09\/CUERNAVACA-BRILLA-CON-EL-ARRANQUE-DE-LA-FERIA-TURISTICA-2023-QUE-CONVOCA-EL-AYUNTAMIENTO-CAPITALINO-12-300x200.jpeg 300w, https:\/\/cuernavaca.gob.mx\/wp-content\/uploads\/2023\/09\/CUERNAVACA-BRILLA-CON-EL-ARRANQUE-DE-LA-FERIA-TURISTICA-2023-QUE-CONVOCA-EL-AYUNTAMIENTO-CAPITALINO-12-1024x682.jpeg 1024w, https:\/\/cuernavaca.gob.mx\/wp-content\/uploads\/2023\/09\/CUERNAVACA-BRILLA-CON-EL-ARRANQUE-DE-LA-FERIA-TURISTICA-2023-QUE-CONVOCA-EL-AYUNTAMIENTO-CAPITALINO-12-768x512.jpeg 768w, https:\/\/cuernavaca.gob.mx\/wp-content\/uploads\/2023\/09\/CUERNAVACA-BRILLA-CON-EL-ARRANQUE-DE-LA-FERIA-TURISTICA-2023-QUE-CONVOCA-EL-AYUNTAMIENTO-CAPITALINO-12-1536x1023.jpeg 1536w, https:\/\/cuernavaca.gob.mx\/wp-content\/uploads\/2023\/09\/CUERNAVACA-BRILLA-CON-EL-ARRANQUE-DE-LA-FERIA-TURISTICA-2023-QUE-CONVOCA-EL-AYUNTAMIENTO-CAPITALINO-12-600x400.jpeg 600w, https:\/\/cuernavaca.gob.mx\/wp-content\/uploads\/2023\/09\/CUERNAVACA-BRILLA-CON-EL-ARRANQUE-DE-LA-FERIA-TURISTICA-2023-QUE-CONVOCA-EL-AYUNTAMIENTO-CAPITALINO-12-560x373.jpeg 560w, https:\/\/cuernavaca.gob.mx\/wp-content\/uploads\/2023\/09\/CUERNAVACA-BRILLA-CON-EL-ARRANQUE-DE-LA-FERIA-TURISTICA-2023-QUE-CONVOCA-EL-AYUNTAMIENTO-CAPITALINO-12.jpeg 1600w\" sizes=\"(max-width: 300px) 100vw, 300px\" \/><\/div>\n","protected":false},"excerpt":{"rendered":"<p>\u2022 Con una tradicional callejoneada en el Centro Hist\u00f3rico cientos de j\u00f3venes y familias enteras conmemoraron el D\u00eda Mundial del Turismo\u00a0 \u2022 La Feria Tur\u00edstica 2023 de Cuernavaca continuar\u00e1 hasta el domingo 01 de octubre con la Expo Artesanal 2023 en el primer cuadro de la ciudad\u00a0 Con un rotundo \u00e9xito arranc\u00f3 este jueves la [&hellip;]<\/p>\n","protected":false},"author":1,"featured_media":33292,"comment_status":"closed","ping_status":"open","sticky":false,"template":"","format":"standard","meta":[],"categories":[21],"tags":[121,190,1922,2565,120,206,1902,3257,194],"aioseo_notices":[],"_links":{"self":[{"href":"https:\/\/cuernavaca.gob.mx\/index.php?rest_route=\/wp\/v2\/posts\/33287"}],"collection":[{"href":"https:\/\/cuernavaca.gob.mx\/index.php?rest_route=\/wp\/v2\/posts"}],"about":[{"href":"https:\/\/cuernavaca.gob.mx\/index.php?rest_route=\/wp\/v2\/types\/post"}],"author":[{"embeddable":true,"href":"https:\/\/cuernavaca.gob.mx\/index.php?rest_route=\/wp\/v2\/users\/1"}],"replies":[{"embeddable":true,"href":"https:\/\/cuernavaca.gob.mx\/index.php?rest_route=%2Fwp%2Fv2%2Fcomments&post=33287"}],"version-history":[{"count":1,"href":"https:\/\/cuernavaca.gob.mx\/index.php?rest_route=\/wp\/v2\/posts\/33287\/revisions"}],"predecessor-version":[{"id":33300,"href":"https:\/\/cuernavaca.gob.mx\/index.php?rest_route=\/wp\/v2\/posts\/33287\/revisions\/33300"}],"wp:featuredmedia":[{"embeddable":true,"href":"https:\/\/cuernavaca.gob.mx\/index.php?rest_route=\/wp\/v2\/media\/33292"}],"wp:attachment":[{"href":"https:\/\/cuernavaca.gob.mx\/index.php?rest_route=%2Fwp%2Fv2%2Fmedia&parent=33287"}],"wp:term":[{"taxonomy":"category","embeddable":true,"href":"https:\/\/cuernavaca.gob.mx\/index.php?rest_route=%2Fwp%2Fv2%2Fcategories&post=33287"},{"taxonomy":"post_tag","embeddable":true,"href":"https:\/\/cuernavaca.gob.mx\/index.php?rest_route=%2Fwp%2Fv2%2Ftags&post=33287"}],"curies":[{"name":"wp","href":"https:\/\/api.w.org\/{rel}","templated":true}]}}