{"id":33313,"date":"2023-09-29T15:30:29","date_gmt":"2023-09-29T21:30:29","guid":{"rendered":"https:\/\/cuernavaca.gob.mx\/?p=33313"},"modified":"2025-05-06T14:11:59","modified_gmt":"2025-05-06T20:11:59","slug":"b1302-29-09-23-sigue-cambiando-la-historia-el-ayuntamiento-de-cuernavaca-ampliando-la-participacion-ciudadana-en-los-pueblos-originarios-y-colonias","status":"publish","type":"post","link":"https:\/\/cuernavaca.gob.mx\/?p=33313","title":{"rendered":"B1302 29\/09\/23 SIGUE CAMBIANDO LA HISTORIA EL AYUNTAMIENTO DE CUERNAVACA AMPLIANDO LA PARTICIPACI\u00d3N CIUDADANA EN LOS PUEBLOS ORIGINARIOS Y COLONIAS"},"content":{"rendered":"<div><strong>\u2022 Este viernes se llev\u00f3 a cabo la sesi\u00f3n de Cabildo Abierto en Ocotepec, siendo la primera ocasi\u00f3n en la historia moderna de la ciudad que se efect\u00faa este ejercicio democr\u00e1tico en el poblado\u00a0<\/strong><\/div>\n<div><\/div>\n<div><strong>\u2022 El presidente municipal, Jos\u00e9 Luis Uri\u00f3stegui invit\u00f3 a participar en la convocatoria del Presupuesto Social Ciudadano<\/strong><\/div>\n<div><\/div>\n<div><\/div>\n<div>En un hecho sin precedentes en la historia moderna de la capital morelense, el Ayuntamiento de Cuernavaca llev\u00f3 a cabo este viernes la sesi\u00f3n de Cabildo Abierto en el poblado de Ocotepec, donde en un di\u00e1logo directo se busca seguir colaborando de la mano de la poblaci\u00f3n en el renacimiento de la ciudad, conociendo y atendiendo cada una de sus necesidades y dudas, invit\u00e1ndolos a participar en la convocatoria del Presupuesto Social Ciudadano.<\/div>\n<div><\/div>\n<div>Teniendo como escenario la Ayudant\u00eda Municipal de este que forma parte de los 12 pueblos originarios de Cuernavaca, el presidente municipal, Jos\u00e9 Luis Uri\u00f3stegui Salgado; y los regidores Mireya Delgado Romero, Lucero Cuenca Noria, Wendi Salinas Ruiz, Paz Hern\u00e1ndez Pardo, Debendrenath Salazar Solorio, V\u00edctor Manzo God\u00ednez, Jes\u00fas Rosales Puebla, Adri\u00e1n Mart\u00ednez Terrazas y Christian P\u00e9rez Jaimes, vincularon cada una de las peticiones ciudadanas expuestas para darles respuesta inmediata.<\/div>\n<div><\/div>\n<div>Como ha ocurrido con otras sesiones de Cabildo Abierto que la presente administraci\u00f3n ha realizado de manera continua el \u00faltimo viernes de cada mes en distintas colonias y poblados de la capital morelense, se registr\u00f3 una alta participaci\u00f3n ciudadana, no solo de vecinos de Ocotepec, sino tambi\u00e9n de colonias como Lomas de San Ant\u00f3n, San Ant\u00f3n, Benito Ju\u00e1rez, Ca\u00f1ada de Ahuatepec, Lomas de Chamilpa, Ricardo Flores Mag\u00f3n, Lomas de Cort\u00e9s, R\u00edo Balsas y el poblado de Chamilpa.<\/div>\n<div><\/div>\n<div>Entre las solicitudes expuestas se consideraron rubros como pavimentaci\u00f3n, fresado y la construcci\u00f3n de un muro de contenci\u00f3n, drenaje y agua potable, la verificaci\u00f3n y autorizaci\u00f3n para la poda de \u00e1rboles, alumbrado p\u00fablico, as\u00ed como la construcci\u00f3n de techumbre en la escuela primaria Jos\u00e9 Mar\u00eda Morelos y Pav\u00f3n en Ocotepec.<\/div>\n<div><\/div>\n<div>Jos\u00e9 Luis Uri\u00f3stegui invit\u00f3 a la poblaci\u00f3n a participar en la reci\u00e9n publicada convocatoria del Presupuesto Social Ciudadano, que con una inversi\u00f3n de 10 millones de pesos provenientes de recursos propios municipales pretenden seguir atendiendo las necesidades de obras y servicios a trav\u00e9s de un trabajo coordinado con la sociedad que ser\u00e1 de 50 y 50.<\/div>\n<div><\/div>\n<div>Al uso de la palabra, la regidora Wendi Salinas Ruiz, oriunda del poblado de Ocotepec, reconoci\u00f3 que este ejercicio democr\u00e1tico es in\u00e9dito, ya que es la primera ocasi\u00f3n en la historia moderna de Cuernavaca que se efect\u00faa en esta comunidad gracias a la apertura que ha tenido la presente administraci\u00f3n para escuchar y trabajar con y para la ciudadan\u00eda.<\/div>\n<div><\/div>\n<div>A este reconocimiento se sumaron Valent\u00edn Rangel Trejo, presidente de la Junta de Mejoramiento y Gilberto Morales, integrante del Comisariado de Bienes Comunales con Registro Agrario de Ocotepec, quienes junto con el ayudante municipal de Ocotepec, Jorge Zamorano D\u00edaz expresaron el honor de que el Cabildo se haya realizado en el poblado, brindando la oportunidad a los pobladores de participar y ser escuchados, siendo en algunos casos la primera ocasi\u00f3n que participan en un ejercicio de esta naturaleza.<\/div>\n<div><\/div>\n<div>Cabe destacar que como ha ocurrido en cada uno de los Cabildos, se cont\u00f3 con la presencia de integrantes del Gabinete, a fin de que las peticiones ciudadanas sean vinculantes, asistieron el Sistema Municipal DIF Cuernavaca, las Secretar\u00edas de Desarrollo Urbano y Obras P\u00fablicas, Protecci\u00f3n y Auxilio Ciudadano (SEPRAC), Desarrollo Humano y Participaci\u00f3n Social, Desarrollo Sustentable y Servicios P\u00fablicos, el Secretariado Ejecutivo de Seguridad P\u00fablica, el Sistema de Agua Potable y Alcantarillado de Cuernavaca (SAPAC), y COPLADEMUN.<\/div>\n<div><\/div>\n<div><img loading=\"lazy\" class=\"alignnone size-medium wp-image-33314\" src=\"https:\/\/cuernavaca.gob.mx\/wp-content\/uploads\/2023\/09\/SIGUE-CAMBIANDO-LA-HISTORIA-EL-AYUNTAMIENTO-DE-CUERNAVACA-AMPLIANDO-LA-PARTICIPACION-CIUDADANA-EN-LOS-PUEBLOS-ORIGINARIOS-Y-COLONIAS-1-300x200.jpeg\" alt=\"\" width=\"300\" height=\"200\" srcset=\"https:\/\/cuernavaca.gob.mx\/wp-content\/uploads\/2023\/09\/SIGUE-CAMBIANDO-LA-HISTORIA-EL-AYUNTAMIENTO-DE-CUERNAVACA-AMPLIANDO-LA-PARTICIPACION-CIUDADANA-EN-LOS-PUEBLOS-ORIGINARIOS-Y-COLONIAS-1-300x200.jpeg 300w, https:\/\/cuernavaca.gob.mx\/wp-content\/uploads\/2023\/09\/SIGUE-CAMBIANDO-LA-HISTORIA-EL-AYUNTAMIENTO-DE-CUERNAVACA-AMPLIANDO-LA-PARTICIPACION-CIUDADANA-EN-LOS-PUEBLOS-ORIGINARIOS-Y-COLONIAS-1-1024x682.jpeg 1024w, https:\/\/cuernavaca.gob.mx\/wp-content\/uploads\/2023\/09\/SIGUE-CAMBIANDO-LA-HISTORIA-EL-AYUNTAMIENTO-DE-CUERNAVACA-AMPLIANDO-LA-PARTICIPACION-CIUDADANA-EN-LOS-PUEBLOS-ORIGINARIOS-Y-COLONIAS-1-768x512.jpeg 768w, https:\/\/cuernavaca.gob.mx\/wp-content\/uploads\/2023\/09\/SIGUE-CAMBIANDO-LA-HISTORIA-EL-AYUNTAMIENTO-DE-CUERNAVACA-AMPLIANDO-LA-PARTICIPACION-CIUDADANA-EN-LOS-PUEBLOS-ORIGINARIOS-Y-COLONIAS-1-1536x1023.jpeg 1536w, https:\/\/cuernavaca.gob.mx\/wp-content\/uploads\/2023\/09\/SIGUE-CAMBIANDO-LA-HISTORIA-EL-AYUNTAMIENTO-DE-CUERNAVACA-AMPLIANDO-LA-PARTICIPACION-CIUDADANA-EN-LOS-PUEBLOS-ORIGINARIOS-Y-COLONIAS-1-600x400.jpeg 600w, https:\/\/cuernavaca.gob.mx\/wp-content\/uploads\/2023\/09\/SIGUE-CAMBIANDO-LA-HISTORIA-EL-AYUNTAMIENTO-DE-CUERNAVACA-AMPLIANDO-LA-PARTICIPACION-CIUDADANA-EN-LOS-PUEBLOS-ORIGINARIOS-Y-COLONIAS-1-560x373.jpeg 560w, https:\/\/cuernavaca.gob.mx\/wp-content\/uploads\/2023\/09\/SIGUE-CAMBIANDO-LA-HISTORIA-EL-AYUNTAMIENTO-DE-CUERNAVACA-AMPLIANDO-LA-PARTICIPACION-CIUDADANA-EN-LOS-PUEBLOS-ORIGINARIOS-Y-COLONIAS-1.jpeg 1600w\" sizes=\"(max-width: 300px) 100vw, 300px\" \/> <img loading=\"lazy\" class=\"alignnone size-medium wp-image-33315\" src=\"https:\/\/cuernavaca.gob.mx\/wp-content\/uploads\/2023\/09\/SIGUE-CAMBIANDO-LA-HISTORIA-EL-AYUNTAMIENTO-DE-CUERNAVACA-AMPLIANDO-LA-PARTICIPACION-CIUDADANA-EN-LOS-PUEBLOS-ORIGINARIOS-Y-COLONIAS-2-300x169.jpeg\" alt=\"\" width=\"300\" height=\"169\" srcset=\"https:\/\/cuernavaca.gob.mx\/wp-content\/uploads\/2023\/09\/SIGUE-CAMBIANDO-LA-HISTORIA-EL-AYUNTAMIENTO-DE-CUERNAVACA-AMPLIANDO-LA-PARTICIPACION-CIUDADANA-EN-LOS-PUEBLOS-ORIGINARIOS-Y-COLONIAS-2-300x169.jpeg 300w, https:\/\/cuernavaca.gob.mx\/wp-content\/uploads\/2023\/09\/SIGUE-CAMBIANDO-LA-HISTORIA-EL-AYUNTAMIENTO-DE-CUERNAVACA-AMPLIANDO-LA-PARTICIPACION-CIUDADANA-EN-LOS-PUEBLOS-ORIGINARIOS-Y-COLONIAS-2-1024x576.jpeg 1024w, https:\/\/cuernavaca.gob.mx\/wp-content\/uploads\/2023\/09\/SIGUE-CAMBIANDO-LA-HISTORIA-EL-AYUNTAMIENTO-DE-CUERNAVACA-AMPLIANDO-LA-PARTICIPACION-CIUDADANA-EN-LOS-PUEBLOS-ORIGINARIOS-Y-COLONIAS-2-768x432.jpeg 768w, https:\/\/cuernavaca.gob.mx\/wp-content\/uploads\/2023\/09\/SIGUE-CAMBIANDO-LA-HISTORIA-EL-AYUNTAMIENTO-DE-CUERNAVACA-AMPLIANDO-LA-PARTICIPACION-CIUDADANA-EN-LOS-PUEBLOS-ORIGINARIOS-Y-COLONIAS-2-1536x864.jpeg 1536w, https:\/\/cuernavaca.gob.mx\/wp-content\/uploads\/2023\/09\/SIGUE-CAMBIANDO-LA-HISTORIA-EL-AYUNTAMIENTO-DE-CUERNAVACA-AMPLIANDO-LA-PARTICIPACION-CIUDADANA-EN-LOS-PUEBLOS-ORIGINARIOS-Y-COLONIAS-2-600x338.jpeg 600w, https:\/\/cuernavaca.gob.mx\/wp-content\/uploads\/2023\/09\/SIGUE-CAMBIANDO-LA-HISTORIA-EL-AYUNTAMIENTO-DE-CUERNAVACA-AMPLIANDO-LA-PARTICIPACION-CIUDADANA-EN-LOS-PUEBLOS-ORIGINARIOS-Y-COLONIAS-2-560x315.jpeg 560w, https:\/\/cuernavaca.gob.mx\/wp-content\/uploads\/2023\/09\/SIGUE-CAMBIANDO-LA-HISTORIA-EL-AYUNTAMIENTO-DE-CUERNAVACA-AMPLIANDO-LA-PARTICIPACION-CIUDADANA-EN-LOS-PUEBLOS-ORIGINARIOS-Y-COLONIAS-2.jpeg 1600w\" sizes=\"(max-width: 300px) 100vw, 300px\" \/> <img loading=\"lazy\" class=\"alignnone size-medium wp-image-33316\" src=\"https:\/\/cuernavaca.gob.mx\/wp-content\/uploads\/2023\/09\/SIGUE-CAMBIANDO-LA-HISTORIA-EL-AYUNTAMIENTO-DE-CUERNAVACA-AMPLIANDO-LA-PARTICIPACION-CIUDADANA-EN-LOS-PUEBLOS-ORIGINARIOS-Y-COLONIAS-3-300x200.jpeg\" alt=\"\" width=\"300\" height=\"200\" srcset=\"https:\/\/cuernavaca.gob.mx\/wp-content\/uploads\/2023\/09\/SIGUE-CAMBIANDO-LA-HISTORIA-EL-AYUNTAMIENTO-DE-CUERNAVACA-AMPLIANDO-LA-PARTICIPACION-CIUDADANA-EN-LOS-PUEBLOS-ORIGINARIOS-Y-COLONIAS-3-300x200.jpeg 300w, https:\/\/cuernavaca.gob.mx\/wp-content\/uploads\/2023\/09\/SIGUE-CAMBIANDO-LA-HISTORIA-EL-AYUNTAMIENTO-DE-CUERNAVACA-AMPLIANDO-LA-PARTICIPACION-CIUDADANA-EN-LOS-PUEBLOS-ORIGINARIOS-Y-COLONIAS-3-1024x682.jpeg 1024w, https:\/\/cuernavaca.gob.mx\/wp-content\/uploads\/2023\/09\/SIGUE-CAMBIANDO-LA-HISTORIA-EL-AYUNTAMIENTO-DE-CUERNAVACA-AMPLIANDO-LA-PARTICIPACION-CIUDADANA-EN-LOS-PUEBLOS-ORIGINARIOS-Y-COLONIAS-3-768x512.jpeg 768w, https:\/\/cuernavaca.gob.mx\/wp-content\/uploads\/2023\/09\/SIGUE-CAMBIANDO-LA-HISTORIA-EL-AYUNTAMIENTO-DE-CUERNAVACA-AMPLIANDO-LA-PARTICIPACION-CIUDADANA-EN-LOS-PUEBLOS-ORIGINARIOS-Y-COLONIAS-3-1536x1023.jpeg 1536w, https:\/\/cuernavaca.gob.mx\/wp-content\/uploads\/2023\/09\/SIGUE-CAMBIANDO-LA-HISTORIA-EL-AYUNTAMIENTO-DE-CUERNAVACA-AMPLIANDO-LA-PARTICIPACION-CIUDADANA-EN-LOS-PUEBLOS-ORIGINARIOS-Y-COLONIAS-3-600x400.jpeg 600w, https:\/\/cuernavaca.gob.mx\/wp-content\/uploads\/2023\/09\/SIGUE-CAMBIANDO-LA-HISTORIA-EL-AYUNTAMIENTO-DE-CUERNAVACA-AMPLIANDO-LA-PARTICIPACION-CIUDADANA-EN-LOS-PUEBLOS-ORIGINARIOS-Y-COLONIAS-3-560x373.jpeg 560w, https:\/\/cuernavaca.gob.mx\/wp-content\/uploads\/2023\/09\/SIGUE-CAMBIANDO-LA-HISTORIA-EL-AYUNTAMIENTO-DE-CUERNAVACA-AMPLIANDO-LA-PARTICIPACION-CIUDADANA-EN-LOS-PUEBLOS-ORIGINARIOS-Y-COLONIAS-3.jpeg 1600w\" sizes=\"(max-width: 300px) 100vw, 300px\" \/> <img loading=\"lazy\" class=\"alignnone size-medium wp-image-33317\" src=\"https:\/\/cuernavaca.gob.mx\/wp-content\/uploads\/2023\/09\/SIGUE-CAMBIANDO-LA-HISTORIA-EL-AYUNTAMIENTO-DE-CUERNAVACA-AMPLIANDO-LA-PARTICIPACION-CIUDADANA-EN-LOS-PUEBLOS-ORIGINARIOS-Y-COLONIAS-4-300x200.jpeg\" alt=\"\" width=\"300\" height=\"200\" srcset=\"https:\/\/cuernavaca.gob.mx\/wp-content\/uploads\/2023\/09\/SIGUE-CAMBIANDO-LA-HISTORIA-EL-AYUNTAMIENTO-DE-CUERNAVACA-AMPLIANDO-LA-PARTICIPACION-CIUDADANA-EN-LOS-PUEBLOS-ORIGINARIOS-Y-COLONIAS-4-300x200.jpeg 300w, https:\/\/cuernavaca.gob.mx\/wp-content\/uploads\/2023\/09\/SIGUE-CAMBIANDO-LA-HISTORIA-EL-AYUNTAMIENTO-DE-CUERNAVACA-AMPLIANDO-LA-PARTICIPACION-CIUDADANA-EN-LOS-PUEBLOS-ORIGINARIOS-Y-COLONIAS-4-1024x682.jpeg 1024w, https:\/\/cuernavaca.gob.mx\/wp-content\/uploads\/2023\/09\/SIGUE-CAMBIANDO-LA-HISTORIA-EL-AYUNTAMIENTO-DE-CUERNAVACA-AMPLIANDO-LA-PARTICIPACION-CIUDADANA-EN-LOS-PUEBLOS-ORIGINARIOS-Y-COLONIAS-4-768x512.jpeg 768w, https:\/\/cuernavaca.gob.mx\/wp-content\/uploads\/2023\/09\/SIGUE-CAMBIANDO-LA-HISTORIA-EL-AYUNTAMIENTO-DE-CUERNAVACA-AMPLIANDO-LA-PARTICIPACION-CIUDADANA-EN-LOS-PUEBLOS-ORIGINARIOS-Y-COLONIAS-4-1536x1023.jpeg 1536w, https:\/\/cuernavaca.gob.mx\/wp-content\/uploads\/2023\/09\/SIGUE-CAMBIANDO-LA-HISTORIA-EL-AYUNTAMIENTO-DE-CUERNAVACA-AMPLIANDO-LA-PARTICIPACION-CIUDADANA-EN-LOS-PUEBLOS-ORIGINARIOS-Y-COLONIAS-4-600x400.jpeg 600w, https:\/\/cuernavaca.gob.mx\/wp-content\/uploads\/2023\/09\/SIGUE-CAMBIANDO-LA-HISTORIA-EL-AYUNTAMIENTO-DE-CUERNAVACA-AMPLIANDO-LA-PARTICIPACION-CIUDADANA-EN-LOS-PUEBLOS-ORIGINARIOS-Y-COLONIAS-4-560x373.jpeg 560w, https:\/\/cuernavaca.gob.mx\/wp-content\/uploads\/2023\/09\/SIGUE-CAMBIANDO-LA-HISTORIA-EL-AYUNTAMIENTO-DE-CUERNAVACA-AMPLIANDO-LA-PARTICIPACION-CIUDADANA-EN-LOS-PUEBLOS-ORIGINARIOS-Y-COLONIAS-4.jpeg 1600w\" sizes=\"(max-width: 300px) 100vw, 300px\" \/> <img loading=\"lazy\" class=\"alignnone size-medium wp-image-33318\" src=\"https:\/\/cuernavaca.gob.mx\/wp-content\/uploads\/2023\/09\/SIGUE-CAMBIANDO-LA-HISTORIA-EL-AYUNTAMIENTO-DE-CUERNAVACA-AMPLIANDO-LA-PARTICIPACION-CIUDADANA-EN-LOS-PUEBLOS-ORIGINARIOS-Y-COLONIAS-5-300x200.jpeg\" alt=\"\" width=\"300\" height=\"200\" srcset=\"https:\/\/cuernavaca.gob.mx\/wp-content\/uploads\/2023\/09\/SIGUE-CAMBIANDO-LA-HISTORIA-EL-AYUNTAMIENTO-DE-CUERNAVACA-AMPLIANDO-LA-PARTICIPACION-CIUDADANA-EN-LOS-PUEBLOS-ORIGINARIOS-Y-COLONIAS-5-300x200.jpeg 300w, https:\/\/cuernavaca.gob.mx\/wp-content\/uploads\/2023\/09\/SIGUE-CAMBIANDO-LA-HISTORIA-EL-AYUNTAMIENTO-DE-CUERNAVACA-AMPLIANDO-LA-PARTICIPACION-CIUDADANA-EN-LOS-PUEBLOS-ORIGINARIOS-Y-COLONIAS-5-1024x682.jpeg 1024w, https:\/\/cuernavaca.gob.mx\/wp-content\/uploads\/2023\/09\/SIGUE-CAMBIANDO-LA-HISTORIA-EL-AYUNTAMIENTO-DE-CUERNAVACA-AMPLIANDO-LA-PARTICIPACION-CIUDADANA-EN-LOS-PUEBLOS-ORIGINARIOS-Y-COLONIAS-5-768x512.jpeg 768w, https:\/\/cuernavaca.gob.mx\/wp-content\/uploads\/2023\/09\/SIGUE-CAMBIANDO-LA-HISTORIA-EL-AYUNTAMIENTO-DE-CUERNAVACA-AMPLIANDO-LA-PARTICIPACION-CIUDADANA-EN-LOS-PUEBLOS-ORIGINARIOS-Y-COLONIAS-5-1536x1023.jpeg 1536w, https:\/\/cuernavaca.gob.mx\/wp-content\/uploads\/2023\/09\/SIGUE-CAMBIANDO-LA-HISTORIA-EL-AYUNTAMIENTO-DE-CUERNAVACA-AMPLIANDO-LA-PARTICIPACION-CIUDADANA-EN-LOS-PUEBLOS-ORIGINARIOS-Y-COLONIAS-5-600x400.jpeg 600w, https:\/\/cuernavaca.gob.mx\/wp-content\/uploads\/2023\/09\/SIGUE-CAMBIANDO-LA-HISTORIA-EL-AYUNTAMIENTO-DE-CUERNAVACA-AMPLIANDO-LA-PARTICIPACION-CIUDADANA-EN-LOS-PUEBLOS-ORIGINARIOS-Y-COLONIAS-5-560x373.jpeg 560w, https:\/\/cuernavaca.gob.mx\/wp-content\/uploads\/2023\/09\/SIGUE-CAMBIANDO-LA-HISTORIA-EL-AYUNTAMIENTO-DE-CUERNAVACA-AMPLIANDO-LA-PARTICIPACION-CIUDADANA-EN-LOS-PUEBLOS-ORIGINARIOS-Y-COLONIAS-5.jpeg 1600w\" sizes=\"(max-width: 300px) 100vw, 300px\" \/> <img loading=\"lazy\" class=\"alignnone size-medium wp-image-33319\" src=\"https:\/\/cuernavaca.gob.mx\/wp-content\/uploads\/2023\/09\/SIGUE-CAMBIANDO-LA-HISTORIA-EL-AYUNTAMIENTO-DE-CUERNAVACA-AMPLIANDO-LA-PARTICIPACION-CIUDADANA-EN-LOS-PUEBLOS-ORIGINARIOS-Y-COLONIAS-6-300x200.jpeg\" alt=\"\" width=\"300\" height=\"200\" srcset=\"https:\/\/cuernavaca.gob.mx\/wp-content\/uploads\/2023\/09\/SIGUE-CAMBIANDO-LA-HISTORIA-EL-AYUNTAMIENTO-DE-CUERNAVACA-AMPLIANDO-LA-PARTICIPACION-CIUDADANA-EN-LOS-PUEBLOS-ORIGINARIOS-Y-COLONIAS-6-300x200.jpeg 300w, https:\/\/cuernavaca.gob.mx\/wp-content\/uploads\/2023\/09\/SIGUE-CAMBIANDO-LA-HISTORIA-EL-AYUNTAMIENTO-DE-CUERNAVACA-AMPLIANDO-LA-PARTICIPACION-CIUDADANA-EN-LOS-PUEBLOS-ORIGINARIOS-Y-COLONIAS-6-1024x682.jpeg 1024w, https:\/\/cuernavaca.gob.mx\/wp-content\/uploads\/2023\/09\/SIGUE-CAMBIANDO-LA-HISTORIA-EL-AYUNTAMIENTO-DE-CUERNAVACA-AMPLIANDO-LA-PARTICIPACION-CIUDADANA-EN-LOS-PUEBLOS-ORIGINARIOS-Y-COLONIAS-6-768x512.jpeg 768w, https:\/\/cuernavaca.gob.mx\/wp-content\/uploads\/2023\/09\/SIGUE-CAMBIANDO-LA-HISTORIA-EL-AYUNTAMIENTO-DE-CUERNAVACA-AMPLIANDO-LA-PARTICIPACION-CIUDADANA-EN-LOS-PUEBLOS-ORIGINARIOS-Y-COLONIAS-6-1536x1023.jpeg 1536w, https:\/\/cuernavaca.gob.mx\/wp-content\/uploads\/2023\/09\/SIGUE-CAMBIANDO-LA-HISTORIA-EL-AYUNTAMIENTO-DE-CUERNAVACA-AMPLIANDO-LA-PARTICIPACION-CIUDADANA-EN-LOS-PUEBLOS-ORIGINARIOS-Y-COLONIAS-6-600x400.jpeg 600w, https:\/\/cuernavaca.gob.mx\/wp-content\/uploads\/2023\/09\/SIGUE-CAMBIANDO-LA-HISTORIA-EL-AYUNTAMIENTO-DE-CUERNAVACA-AMPLIANDO-LA-PARTICIPACION-CIUDADANA-EN-LOS-PUEBLOS-ORIGINARIOS-Y-COLONIAS-6-560x373.jpeg 560w, https:\/\/cuernavaca.gob.mx\/wp-content\/uploads\/2023\/09\/SIGUE-CAMBIANDO-LA-HISTORIA-EL-AYUNTAMIENTO-DE-CUERNAVACA-AMPLIANDO-LA-PARTICIPACION-CIUDADANA-EN-LOS-PUEBLOS-ORIGINARIOS-Y-COLONIAS-6.jpeg 1600w\" sizes=\"(max-width: 300px) 100vw, 300px\" \/> <img loading=\"lazy\" class=\"alignnone size-medium wp-image-33320\" src=\"https:\/\/cuernavaca.gob.mx\/wp-content\/uploads\/2023\/09\/SIGUE-CAMBIANDO-LA-HISTORIA-EL-AYUNTAMIENTO-DE-CUERNAVACA-AMPLIANDO-LA-PARTICIPACION-CIUDADANA-EN-LOS-PUEBLOS-ORIGINARIOS-Y-COLONIAS-7-300x200.jpeg\" alt=\"\" width=\"300\" height=\"200\" srcset=\"https:\/\/cuernavaca.gob.mx\/wp-content\/uploads\/2023\/09\/SIGUE-CAMBIANDO-LA-HISTORIA-EL-AYUNTAMIENTO-DE-CUERNAVACA-AMPLIANDO-LA-PARTICIPACION-CIUDADANA-EN-LOS-PUEBLOS-ORIGINARIOS-Y-COLONIAS-7-300x200.jpeg 300w, https:\/\/cuernavaca.gob.mx\/wp-content\/uploads\/2023\/09\/SIGUE-CAMBIANDO-LA-HISTORIA-EL-AYUNTAMIENTO-DE-CUERNAVACA-AMPLIANDO-LA-PARTICIPACION-CIUDADANA-EN-LOS-PUEBLOS-ORIGINARIOS-Y-COLONIAS-7-1024x682.jpeg 1024w, https:\/\/cuernavaca.gob.mx\/wp-content\/uploads\/2023\/09\/SIGUE-CAMBIANDO-LA-HISTORIA-EL-AYUNTAMIENTO-DE-CUERNAVACA-AMPLIANDO-LA-PARTICIPACION-CIUDADANA-EN-LOS-PUEBLOS-ORIGINARIOS-Y-COLONIAS-7-768x512.jpeg 768w, https:\/\/cuernavaca.gob.mx\/wp-content\/uploads\/2023\/09\/SIGUE-CAMBIANDO-LA-HISTORIA-EL-AYUNTAMIENTO-DE-CUERNAVACA-AMPLIANDO-LA-PARTICIPACION-CIUDADANA-EN-LOS-PUEBLOS-ORIGINARIOS-Y-COLONIAS-7-1536x1023.jpeg 1536w, https:\/\/cuernavaca.gob.mx\/wp-content\/uploads\/2023\/09\/SIGUE-CAMBIANDO-LA-HISTORIA-EL-AYUNTAMIENTO-DE-CUERNAVACA-AMPLIANDO-LA-PARTICIPACION-CIUDADANA-EN-LOS-PUEBLOS-ORIGINARIOS-Y-COLONIAS-7-600x400.jpeg 600w, https:\/\/cuernavaca.gob.mx\/wp-content\/uploads\/2023\/09\/SIGUE-CAMBIANDO-LA-HISTORIA-EL-AYUNTAMIENTO-DE-CUERNAVACA-AMPLIANDO-LA-PARTICIPACION-CIUDADANA-EN-LOS-PUEBLOS-ORIGINARIOS-Y-COLONIAS-7-560x373.jpeg 560w, https:\/\/cuernavaca.gob.mx\/wp-content\/uploads\/2023\/09\/SIGUE-CAMBIANDO-LA-HISTORIA-EL-AYUNTAMIENTO-DE-CUERNAVACA-AMPLIANDO-LA-PARTICIPACION-CIUDADANA-EN-LOS-PUEBLOS-ORIGINARIOS-Y-COLONIAS-7.jpeg 1600w\" sizes=\"(max-width: 300px) 100vw, 300px\" \/> <img loading=\"lazy\" class=\"alignnone size-medium wp-image-33321\" src=\"https:\/\/cuernavaca.gob.mx\/wp-content\/uploads\/2023\/09\/SIGUE-CAMBIANDO-LA-HISTORIA-EL-AYUNTAMIENTO-DE-CUERNAVACA-AMPLIANDO-LA-PARTICIPACION-CIUDADANA-EN-LOS-PUEBLOS-ORIGINARIOS-Y-COLONIAS-8-300x200.jpeg\" alt=\"\" width=\"300\" height=\"200\" srcset=\"https:\/\/cuernavaca.gob.mx\/wp-content\/uploads\/2023\/09\/SIGUE-CAMBIANDO-LA-HISTORIA-EL-AYUNTAMIENTO-DE-CUERNAVACA-AMPLIANDO-LA-PARTICIPACION-CIUDADANA-EN-LOS-PUEBLOS-ORIGINARIOS-Y-COLONIAS-8-300x200.jpeg 300w, https:\/\/cuernavaca.gob.mx\/wp-content\/uploads\/2023\/09\/SIGUE-CAMBIANDO-LA-HISTORIA-EL-AYUNTAMIENTO-DE-CUERNAVACA-AMPLIANDO-LA-PARTICIPACION-CIUDADANA-EN-LOS-PUEBLOS-ORIGINARIOS-Y-COLONIAS-8-1024x682.jpeg 1024w, https:\/\/cuernavaca.gob.mx\/wp-content\/uploads\/2023\/09\/SIGUE-CAMBIANDO-LA-HISTORIA-EL-AYUNTAMIENTO-DE-CUERNAVACA-AMPLIANDO-LA-PARTICIPACION-CIUDADANA-EN-LOS-PUEBLOS-ORIGINARIOS-Y-COLONIAS-8-768x512.jpeg 768w, https:\/\/cuernavaca.gob.mx\/wp-content\/uploads\/2023\/09\/SIGUE-CAMBIANDO-LA-HISTORIA-EL-AYUNTAMIENTO-DE-CUERNAVACA-AMPLIANDO-LA-PARTICIPACION-CIUDADANA-EN-LOS-PUEBLOS-ORIGINARIOS-Y-COLONIAS-8-1536x1023.jpeg 1536w, https:\/\/cuernavaca.gob.mx\/wp-content\/uploads\/2023\/09\/SIGUE-CAMBIANDO-LA-HISTORIA-EL-AYUNTAMIENTO-DE-CUERNAVACA-AMPLIANDO-LA-PARTICIPACION-CIUDADANA-EN-LOS-PUEBLOS-ORIGINARIOS-Y-COLONIAS-8-600x400.jpeg 600w, https:\/\/cuernavaca.gob.mx\/wp-content\/uploads\/2023\/09\/SIGUE-CAMBIANDO-LA-HISTORIA-EL-AYUNTAMIENTO-DE-CUERNAVACA-AMPLIANDO-LA-PARTICIPACION-CIUDADANA-EN-LOS-PUEBLOS-ORIGINARIOS-Y-COLONIAS-8-560x373.jpeg 560w, https:\/\/cuernavaca.gob.mx\/wp-content\/uploads\/2023\/09\/SIGUE-CAMBIANDO-LA-HISTORIA-EL-AYUNTAMIENTO-DE-CUERNAVACA-AMPLIANDO-LA-PARTICIPACION-CIUDADANA-EN-LOS-PUEBLOS-ORIGINARIOS-Y-COLONIAS-8.jpeg 1600w\" sizes=\"(max-width: 300px) 100vw, 300px\" \/> <img loading=\"lazy\" class=\"alignnone size-medium wp-image-33322\" src=\"https:\/\/cuernavaca.gob.mx\/wp-content\/uploads\/2023\/09\/SIGUE-CAMBIANDO-LA-HISTORIA-EL-AYUNTAMIENTO-DE-CUERNAVACA-AMPLIANDO-LA-PARTICIPACION-CIUDADANA-EN-LOS-PUEBLOS-ORIGINARIOS-Y-COLONIAS-9-300x200.jpeg\" alt=\"\" width=\"300\" height=\"200\" srcset=\"https:\/\/cuernavaca.gob.mx\/wp-content\/uploads\/2023\/09\/SIGUE-CAMBIANDO-LA-HISTORIA-EL-AYUNTAMIENTO-DE-CUERNAVACA-AMPLIANDO-LA-PARTICIPACION-CIUDADANA-EN-LOS-PUEBLOS-ORIGINARIOS-Y-COLONIAS-9-300x200.jpeg 300w, https:\/\/cuernavaca.gob.mx\/wp-content\/uploads\/2023\/09\/SIGUE-CAMBIANDO-LA-HISTORIA-EL-AYUNTAMIENTO-DE-CUERNAVACA-AMPLIANDO-LA-PARTICIPACION-CIUDADANA-EN-LOS-PUEBLOS-ORIGINARIOS-Y-COLONIAS-9-1024x682.jpeg 1024w, https:\/\/cuernavaca.gob.mx\/wp-content\/uploads\/2023\/09\/SIGUE-CAMBIANDO-LA-HISTORIA-EL-AYUNTAMIENTO-DE-CUERNAVACA-AMPLIANDO-LA-PARTICIPACION-CIUDADANA-EN-LOS-PUEBLOS-ORIGINARIOS-Y-COLONIAS-9-768x512.jpeg 768w, https:\/\/cuernavaca.gob.mx\/wp-content\/uploads\/2023\/09\/SIGUE-CAMBIANDO-LA-HISTORIA-EL-AYUNTAMIENTO-DE-CUERNAVACA-AMPLIANDO-LA-PARTICIPACION-CIUDADANA-EN-LOS-PUEBLOS-ORIGINARIOS-Y-COLONIAS-9-1536x1023.jpeg 1536w, https:\/\/cuernavaca.gob.mx\/wp-content\/uploads\/2023\/09\/SIGUE-CAMBIANDO-LA-HISTORIA-EL-AYUNTAMIENTO-DE-CUERNAVACA-AMPLIANDO-LA-PARTICIPACION-CIUDADANA-EN-LOS-PUEBLOS-ORIGINARIOS-Y-COLONIAS-9-600x400.jpeg 600w, https:\/\/cuernavaca.gob.mx\/wp-content\/uploads\/2023\/09\/SIGUE-CAMBIANDO-LA-HISTORIA-EL-AYUNTAMIENTO-DE-CUERNAVACA-AMPLIANDO-LA-PARTICIPACION-CIUDADANA-EN-LOS-PUEBLOS-ORIGINARIOS-Y-COLONIAS-9-560x373.jpeg 560w, https:\/\/cuernavaca.gob.mx\/wp-content\/uploads\/2023\/09\/SIGUE-CAMBIANDO-LA-HISTORIA-EL-AYUNTAMIENTO-DE-CUERNAVACA-AMPLIANDO-LA-PARTICIPACION-CIUDADANA-EN-LOS-PUEBLOS-ORIGINARIOS-Y-COLONIAS-9.jpeg 1600w\" sizes=\"(max-width: 300px) 100vw, 300px\" \/> <img loading=\"lazy\" class=\"alignnone size-medium wp-image-33323\" src=\"https:\/\/cuernavaca.gob.mx\/wp-content\/uploads\/2023\/09\/SIGUE-CAMBIANDO-LA-HISTORIA-EL-AYUNTAMIENTO-DE-CUERNAVACA-AMPLIANDO-LA-PARTICIPACION-CIUDADANA-EN-LOS-PUEBLOS-ORIGINARIOS-Y-COLONIAS-10-300x200.jpeg\" alt=\"\" width=\"300\" height=\"200\" srcset=\"https:\/\/cuernavaca.gob.mx\/wp-content\/uploads\/2023\/09\/SIGUE-CAMBIANDO-LA-HISTORIA-EL-AYUNTAMIENTO-DE-CUERNAVACA-AMPLIANDO-LA-PARTICIPACION-CIUDADANA-EN-LOS-PUEBLOS-ORIGINARIOS-Y-COLONIAS-10-300x200.jpeg 300w, https:\/\/cuernavaca.gob.mx\/wp-content\/uploads\/2023\/09\/SIGUE-CAMBIANDO-LA-HISTORIA-EL-AYUNTAMIENTO-DE-CUERNAVACA-AMPLIANDO-LA-PARTICIPACION-CIUDADANA-EN-LOS-PUEBLOS-ORIGINARIOS-Y-COLONIAS-10-1024x682.jpeg 1024w, https:\/\/cuernavaca.gob.mx\/wp-content\/uploads\/2023\/09\/SIGUE-CAMBIANDO-LA-HISTORIA-EL-AYUNTAMIENTO-DE-CUERNAVACA-AMPLIANDO-LA-PARTICIPACION-CIUDADANA-EN-LOS-PUEBLOS-ORIGINARIOS-Y-COLONIAS-10-768x512.jpeg 768w, https:\/\/cuernavaca.gob.mx\/wp-content\/uploads\/2023\/09\/SIGUE-CAMBIANDO-LA-HISTORIA-EL-AYUNTAMIENTO-DE-CUERNAVACA-AMPLIANDO-LA-PARTICIPACION-CIUDADANA-EN-LOS-PUEBLOS-ORIGINARIOS-Y-COLONIAS-10-1536x1023.jpeg 1536w, https:\/\/cuernavaca.gob.mx\/wp-content\/uploads\/2023\/09\/SIGUE-CAMBIANDO-LA-HISTORIA-EL-AYUNTAMIENTO-DE-CUERNAVACA-AMPLIANDO-LA-PARTICIPACION-CIUDADANA-EN-LOS-PUEBLOS-ORIGINARIOS-Y-COLONIAS-10-600x400.jpeg 600w, https:\/\/cuernavaca.gob.mx\/wp-content\/uploads\/2023\/09\/SIGUE-CAMBIANDO-LA-HISTORIA-EL-AYUNTAMIENTO-DE-CUERNAVACA-AMPLIANDO-LA-PARTICIPACION-CIUDADANA-EN-LOS-PUEBLOS-ORIGINARIOS-Y-COLONIAS-10-560x373.jpeg 560w, https:\/\/cuernavaca.gob.mx\/wp-content\/uploads\/2023\/09\/SIGUE-CAMBIANDO-LA-HISTORIA-EL-AYUNTAMIENTO-DE-CUERNAVACA-AMPLIANDO-LA-PARTICIPACION-CIUDADANA-EN-LOS-PUEBLOS-ORIGINARIOS-Y-COLONIAS-10.jpeg 1600w\" sizes=\"(max-width: 300px) 100vw, 300px\" \/> <img loading=\"lazy\" class=\"alignnone size-medium wp-image-33324\" src=\"https:\/\/cuernavaca.gob.mx\/wp-content\/uploads\/2023\/09\/SIGUE-CAMBIANDO-LA-HISTORIA-EL-AYUNTAMIENTO-DE-CUERNAVACA-AMPLIANDO-LA-PARTICIPACION-CIUDADANA-EN-LOS-PUEBLOS-ORIGINARIOS-Y-COLONIAS-11-300x200.jpeg\" alt=\"\" width=\"300\" height=\"200\" srcset=\"https:\/\/cuernavaca.gob.mx\/wp-content\/uploads\/2023\/09\/SIGUE-CAMBIANDO-LA-HISTORIA-EL-AYUNTAMIENTO-DE-CUERNAVACA-AMPLIANDO-LA-PARTICIPACION-CIUDADANA-EN-LOS-PUEBLOS-ORIGINARIOS-Y-COLONIAS-11-300x200.jpeg 300w, https:\/\/cuernavaca.gob.mx\/wp-content\/uploads\/2023\/09\/SIGUE-CAMBIANDO-LA-HISTORIA-EL-AYUNTAMIENTO-DE-CUERNAVACA-AMPLIANDO-LA-PARTICIPACION-CIUDADANA-EN-LOS-PUEBLOS-ORIGINARIOS-Y-COLONIAS-11-1024x682.jpeg 1024w, https:\/\/cuernavaca.gob.mx\/wp-content\/uploads\/2023\/09\/SIGUE-CAMBIANDO-LA-HISTORIA-EL-AYUNTAMIENTO-DE-CUERNAVACA-AMPLIANDO-LA-PARTICIPACION-CIUDADANA-EN-LOS-PUEBLOS-ORIGINARIOS-Y-COLONIAS-11-768x512.jpeg 768w, https:\/\/cuernavaca.gob.mx\/wp-content\/uploads\/2023\/09\/SIGUE-CAMBIANDO-LA-HISTORIA-EL-AYUNTAMIENTO-DE-CUERNAVACA-AMPLIANDO-LA-PARTICIPACION-CIUDADANA-EN-LOS-PUEBLOS-ORIGINARIOS-Y-COLONIAS-11-1536x1023.jpeg 1536w, https:\/\/cuernavaca.gob.mx\/wp-content\/uploads\/2023\/09\/SIGUE-CAMBIANDO-LA-HISTORIA-EL-AYUNTAMIENTO-DE-CUERNAVACA-AMPLIANDO-LA-PARTICIPACION-CIUDADANA-EN-LOS-PUEBLOS-ORIGINARIOS-Y-COLONIAS-11-600x400.jpeg 600w, https:\/\/cuernavaca.gob.mx\/wp-content\/uploads\/2023\/09\/SIGUE-CAMBIANDO-LA-HISTORIA-EL-AYUNTAMIENTO-DE-CUERNAVACA-AMPLIANDO-LA-PARTICIPACION-CIUDADANA-EN-LOS-PUEBLOS-ORIGINARIOS-Y-COLONIAS-11-560x373.jpeg 560w, https:\/\/cuernavaca.gob.mx\/wp-content\/uploads\/2023\/09\/SIGUE-CAMBIANDO-LA-HISTORIA-EL-AYUNTAMIENTO-DE-CUERNAVACA-AMPLIANDO-LA-PARTICIPACION-CIUDADANA-EN-LOS-PUEBLOS-ORIGINARIOS-Y-COLONIAS-11.jpeg 1600w\" sizes=\"(max-width: 300px) 100vw, 300px\" \/> <img loading=\"lazy\" class=\"alignnone size-medium wp-image-33325\" src=\"https:\/\/cuernavaca.gob.mx\/wp-content\/uploads\/2023\/09\/SIGUE-CAMBIANDO-LA-HISTORIA-EL-AYUNTAMIENTO-DE-CUERNAVACA-AMPLIANDO-LA-PARTICIPACION-CIUDADANA-EN-LOS-PUEBLOS-ORIGINARIOS-Y-COLONIAS-12-300x200.jpeg\" alt=\"\" width=\"300\" height=\"200\" srcset=\"https:\/\/cuernavaca.gob.mx\/wp-content\/uploads\/2023\/09\/SIGUE-CAMBIANDO-LA-HISTORIA-EL-AYUNTAMIENTO-DE-CUERNAVACA-AMPLIANDO-LA-PARTICIPACION-CIUDADANA-EN-LOS-PUEBLOS-ORIGINARIOS-Y-COLONIAS-12-300x200.jpeg 300w, https:\/\/cuernavaca.gob.mx\/wp-content\/uploads\/2023\/09\/SIGUE-CAMBIANDO-LA-HISTORIA-EL-AYUNTAMIENTO-DE-CUERNAVACA-AMPLIANDO-LA-PARTICIPACION-CIUDADANA-EN-LOS-PUEBLOS-ORIGINARIOS-Y-COLONIAS-12-1024x682.jpeg 1024w, https:\/\/cuernavaca.gob.mx\/wp-content\/uploads\/2023\/09\/SIGUE-CAMBIANDO-LA-HISTORIA-EL-AYUNTAMIENTO-DE-CUERNAVACA-AMPLIANDO-LA-PARTICIPACION-CIUDADANA-EN-LOS-PUEBLOS-ORIGINARIOS-Y-COLONIAS-12-768x512.jpeg 768w, https:\/\/cuernavaca.gob.mx\/wp-content\/uploads\/2023\/09\/SIGUE-CAMBIANDO-LA-HISTORIA-EL-AYUNTAMIENTO-DE-CUERNAVACA-AMPLIANDO-LA-PARTICIPACION-CIUDADANA-EN-LOS-PUEBLOS-ORIGINARIOS-Y-COLONIAS-12-1536x1023.jpeg 1536w, https:\/\/cuernavaca.gob.mx\/wp-content\/uploads\/2023\/09\/SIGUE-CAMBIANDO-LA-HISTORIA-EL-AYUNTAMIENTO-DE-CUERNAVACA-AMPLIANDO-LA-PARTICIPACION-CIUDADANA-EN-LOS-PUEBLOS-ORIGINARIOS-Y-COLONIAS-12-600x400.jpeg 600w, https:\/\/cuernavaca.gob.mx\/wp-content\/uploads\/2023\/09\/SIGUE-CAMBIANDO-LA-HISTORIA-EL-AYUNTAMIENTO-DE-CUERNAVACA-AMPLIANDO-LA-PARTICIPACION-CIUDADANA-EN-LOS-PUEBLOS-ORIGINARIOS-Y-COLONIAS-12-560x373.jpeg 560w, https:\/\/cuernavaca.gob.mx\/wp-content\/uploads\/2023\/09\/SIGUE-CAMBIANDO-LA-HISTORIA-EL-AYUNTAMIENTO-DE-CUERNAVACA-AMPLIANDO-LA-PARTICIPACION-CIUDADANA-EN-LOS-PUEBLOS-ORIGINARIOS-Y-COLONIAS-12.jpeg 1600w\" sizes=\"(max-width: 300px) 100vw, 300px\" \/> <img loading=\"lazy\" class=\"alignnone size-medium wp-image-33326\" src=\"https:\/\/cuernavaca.gob.mx\/wp-content\/uploads\/2023\/09\/SIGUE-CAMBIANDO-LA-HISTORIA-EL-AYUNTAMIENTO-DE-CUERNAVACA-AMPLIANDO-LA-PARTICIPACION-CIUDADANA-EN-LOS-PUEBLOS-ORIGINARIOS-Y-COLONIAS-13-300x200.jpeg\" alt=\"\" width=\"300\" height=\"200\" srcset=\"https:\/\/cuernavaca.gob.mx\/wp-content\/uploads\/2023\/09\/SIGUE-CAMBIANDO-LA-HISTORIA-EL-AYUNTAMIENTO-DE-CUERNAVACA-AMPLIANDO-LA-PARTICIPACION-CIUDADANA-EN-LOS-PUEBLOS-ORIGINARIOS-Y-COLONIAS-13-300x200.jpeg 300w, https:\/\/cuernavaca.gob.mx\/wp-content\/uploads\/2023\/09\/SIGUE-CAMBIANDO-LA-HISTORIA-EL-AYUNTAMIENTO-DE-CUERNAVACA-AMPLIANDO-LA-PARTICIPACION-CIUDADANA-EN-LOS-PUEBLOS-ORIGINARIOS-Y-COLONIAS-13-1024x682.jpeg 1024w, https:\/\/cuernavaca.gob.mx\/wp-content\/uploads\/2023\/09\/SIGUE-CAMBIANDO-LA-HISTORIA-EL-AYUNTAMIENTO-DE-CUERNAVACA-AMPLIANDO-LA-PARTICIPACION-CIUDADANA-EN-LOS-PUEBLOS-ORIGINARIOS-Y-COLONIAS-13-768x512.jpeg 768w, https:\/\/cuernavaca.gob.mx\/wp-content\/uploads\/2023\/09\/SIGUE-CAMBIANDO-LA-HISTORIA-EL-AYUNTAMIENTO-DE-CUERNAVACA-AMPLIANDO-LA-PARTICIPACION-CIUDADANA-EN-LOS-PUEBLOS-ORIGINARIOS-Y-COLONIAS-13-1536x1023.jpeg 1536w, https:\/\/cuernavaca.gob.mx\/wp-content\/uploads\/2023\/09\/SIGUE-CAMBIANDO-LA-HISTORIA-EL-AYUNTAMIENTO-DE-CUERNAVACA-AMPLIANDO-LA-PARTICIPACION-CIUDADANA-EN-LOS-PUEBLOS-ORIGINARIOS-Y-COLONIAS-13-600x400.jpeg 600w, https:\/\/cuernavaca.gob.mx\/wp-content\/uploads\/2023\/09\/SIGUE-CAMBIANDO-LA-HISTORIA-EL-AYUNTAMIENTO-DE-CUERNAVACA-AMPLIANDO-LA-PARTICIPACION-CIUDADANA-EN-LOS-PUEBLOS-ORIGINARIOS-Y-COLONIAS-13-560x373.jpeg 560w, https:\/\/cuernavaca.gob.mx\/wp-content\/uploads\/2023\/09\/SIGUE-CAMBIANDO-LA-HISTORIA-EL-AYUNTAMIENTO-DE-CUERNAVACA-AMPLIANDO-LA-PARTICIPACION-CIUDADANA-EN-LOS-PUEBLOS-ORIGINARIOS-Y-COLONIAS-13.jpeg 1600w\" sizes=\"(max-width: 300px) 100vw, 300px\" \/> <img loading=\"lazy\" class=\"alignnone size-medium wp-image-33327\" src=\"https:\/\/cuernavaca.gob.mx\/wp-content\/uploads\/2023\/09\/SIGUE-CAMBIANDO-LA-HISTORIA-EL-AYUNTAMIENTO-DE-CUERNAVACA-AMPLIANDO-LA-PARTICIPACION-CIUDADANA-EN-LOS-PUEBLOS-ORIGINARIOS-Y-COLONIAS-14-300x200.jpeg\" alt=\"\" width=\"300\" height=\"200\" srcset=\"https:\/\/cuernavaca.gob.mx\/wp-content\/uploads\/2023\/09\/SIGUE-CAMBIANDO-LA-HISTORIA-EL-AYUNTAMIENTO-DE-CUERNAVACA-AMPLIANDO-LA-PARTICIPACION-CIUDADANA-EN-LOS-PUEBLOS-ORIGINARIOS-Y-COLONIAS-14-300x200.jpeg 300w, https:\/\/cuernavaca.gob.mx\/wp-content\/uploads\/2023\/09\/SIGUE-CAMBIANDO-LA-HISTORIA-EL-AYUNTAMIENTO-DE-CUERNAVACA-AMPLIANDO-LA-PARTICIPACION-CIUDADANA-EN-LOS-PUEBLOS-ORIGINARIOS-Y-COLONIAS-14-1024x682.jpeg 1024w, https:\/\/cuernavaca.gob.mx\/wp-content\/uploads\/2023\/09\/SIGUE-CAMBIANDO-LA-HISTORIA-EL-AYUNTAMIENTO-DE-CUERNAVACA-AMPLIANDO-LA-PARTICIPACION-CIUDADANA-EN-LOS-PUEBLOS-ORIGINARIOS-Y-COLONIAS-14-768x512.jpeg 768w, https:\/\/cuernavaca.gob.mx\/wp-content\/uploads\/2023\/09\/SIGUE-CAMBIANDO-LA-HISTORIA-EL-AYUNTAMIENTO-DE-CUERNAVACA-AMPLIANDO-LA-PARTICIPACION-CIUDADANA-EN-LOS-PUEBLOS-ORIGINARIOS-Y-COLONIAS-14-600x400.jpeg 600w, https:\/\/cuernavaca.gob.mx\/wp-content\/uploads\/2023\/09\/SIGUE-CAMBIANDO-LA-HISTORIA-EL-AYUNTAMIENTO-DE-CUERNAVACA-AMPLIANDO-LA-PARTICIPACION-CIUDADANA-EN-LOS-PUEBLOS-ORIGINARIOS-Y-COLONIAS-14-560x373.jpeg 560w, https:\/\/cuernavaca.gob.mx\/wp-content\/uploads\/2023\/09\/SIGUE-CAMBIANDO-LA-HISTORIA-EL-AYUNTAMIENTO-DE-CUERNAVACA-AMPLIANDO-LA-PARTICIPACION-CIUDADANA-EN-LOS-PUEBLOS-ORIGINARIOS-Y-COLONIAS-14.jpeg 1280w\" sizes=\"(max-width: 300px) 100vw, 300px\" \/> <img loading=\"lazy\" class=\"alignnone size-medium wp-image-33328\" src=\"https:\/\/cuernavaca.gob.mx\/wp-content\/uploads\/2023\/09\/SIGUE-CAMBIANDO-LA-HISTORIA-EL-AYUNTAMIENTO-DE-CUERNAVACA-AMPLIANDO-LA-PARTICIPACION-CIUDADANA-EN-LOS-PUEBLOS-ORIGINARIOS-Y-COLONIAS-15-300x200.jpeg\" alt=\"\" width=\"300\" height=\"200\" srcset=\"https:\/\/cuernavaca.gob.mx\/wp-content\/uploads\/2023\/09\/SIGUE-CAMBIANDO-LA-HISTORIA-EL-AYUNTAMIENTO-DE-CUERNAVACA-AMPLIANDO-LA-PARTICIPACION-CIUDADANA-EN-LOS-PUEBLOS-ORIGINARIOS-Y-COLONIAS-15-300x200.jpeg 300w, https:\/\/cuernavaca.gob.mx\/wp-content\/uploads\/2023\/09\/SIGUE-CAMBIANDO-LA-HISTORIA-EL-AYUNTAMIENTO-DE-CUERNAVACA-AMPLIANDO-LA-PARTICIPACION-CIUDADANA-EN-LOS-PUEBLOS-ORIGINARIOS-Y-COLONIAS-15-1024x682.jpeg 1024w, https:\/\/cuernavaca.gob.mx\/wp-content\/uploads\/2023\/09\/SIGUE-CAMBIANDO-LA-HISTORIA-EL-AYUNTAMIENTO-DE-CUERNAVACA-AMPLIANDO-LA-PARTICIPACION-CIUDADANA-EN-LOS-PUEBLOS-ORIGINARIOS-Y-COLONIAS-15-768x512.jpeg 768w, https:\/\/cuernavaca.gob.mx\/wp-content\/uploads\/2023\/09\/SIGUE-CAMBIANDO-LA-HISTORIA-EL-AYUNTAMIENTO-DE-CUERNAVACA-AMPLIANDO-LA-PARTICIPACION-CIUDADANA-EN-LOS-PUEBLOS-ORIGINARIOS-Y-COLONIAS-15-600x400.jpeg 600w, https:\/\/cuernavaca.gob.mx\/wp-content\/uploads\/2023\/09\/SIGUE-CAMBIANDO-LA-HISTORIA-EL-AYUNTAMIENTO-DE-CUERNAVACA-AMPLIANDO-LA-PARTICIPACION-CIUDADANA-EN-LOS-PUEBLOS-ORIGINARIOS-Y-COLONIAS-15-560x373.jpeg 560w, https:\/\/cuernavaca.gob.mx\/wp-content\/uploads\/2023\/09\/SIGUE-CAMBIANDO-LA-HISTORIA-EL-AYUNTAMIENTO-DE-CUERNAVACA-AMPLIANDO-LA-PARTICIPACION-CIUDADANA-EN-LOS-PUEBLOS-ORIGINARIOS-Y-COLONIAS-15.jpeg 1280w\" sizes=\"(max-width: 300px) 100vw, 300px\" \/> <img loading=\"lazy\" class=\"alignnone size-medium wp-image-33329\" src=\"https:\/\/cuernavaca.gob.mx\/wp-content\/uploads\/2023\/09\/SIGUE-CAMBIANDO-LA-HISTORIA-EL-AYUNTAMIENTO-DE-CUERNAVACA-AMPLIANDO-LA-PARTICIPACION-CIUDADANA-EN-LOS-PUEBLOS-ORIGINARIOS-Y-COLONIAS-16-300x200.jpeg\" alt=\"\" width=\"300\" height=\"200\" srcset=\"https:\/\/cuernavaca.gob.mx\/wp-content\/uploads\/2023\/09\/SIGUE-CAMBIANDO-LA-HISTORIA-EL-AYUNTAMIENTO-DE-CUERNAVACA-AMPLIANDO-LA-PARTICIPACION-CIUDADANA-EN-LOS-PUEBLOS-ORIGINARIOS-Y-COLONIAS-16-300x200.jpeg 300w, https:\/\/cuernavaca.gob.mx\/wp-content\/uploads\/2023\/09\/SIGUE-CAMBIANDO-LA-HISTORIA-EL-AYUNTAMIENTO-DE-CUERNAVACA-AMPLIANDO-LA-PARTICIPACION-CIUDADANA-EN-LOS-PUEBLOS-ORIGINARIOS-Y-COLONIAS-16-1024x682.jpeg 1024w, https:\/\/cuernavaca.gob.mx\/wp-content\/uploads\/2023\/09\/SIGUE-CAMBIANDO-LA-HISTORIA-EL-AYUNTAMIENTO-DE-CUERNAVACA-AMPLIANDO-LA-PARTICIPACION-CIUDADANA-EN-LOS-PUEBLOS-ORIGINARIOS-Y-COLONIAS-16-768x512.jpeg 768w, https:\/\/cuernavaca.gob.mx\/wp-content\/uploads\/2023\/09\/SIGUE-CAMBIANDO-LA-HISTORIA-EL-AYUNTAMIENTO-DE-CUERNAVACA-AMPLIANDO-LA-PARTICIPACION-CIUDADANA-EN-LOS-PUEBLOS-ORIGINARIOS-Y-COLONIAS-16-600x400.jpeg 600w, https:\/\/cuernavaca.gob.mx\/wp-content\/uploads\/2023\/09\/SIGUE-CAMBIANDO-LA-HISTORIA-EL-AYUNTAMIENTO-DE-CUERNAVACA-AMPLIANDO-LA-PARTICIPACION-CIUDADANA-EN-LOS-PUEBLOS-ORIGINARIOS-Y-COLONIAS-16-560x373.jpeg 560w, https:\/\/cuernavaca.gob.mx\/wp-content\/uploads\/2023\/09\/SIGUE-CAMBIANDO-LA-HISTORIA-EL-AYUNTAMIENTO-DE-CUERNAVACA-AMPLIANDO-LA-PARTICIPACION-CIUDADANA-EN-LOS-PUEBLOS-ORIGINARIOS-Y-COLONIAS-16.jpeg 1280w\" sizes=\"(max-width: 300px) 100vw, 300px\" \/> <img loading=\"lazy\" class=\"alignnone size-medium wp-image-33330\" src=\"https:\/\/cuernavaca.gob.mx\/wp-content\/uploads\/2023\/09\/SIGUE-CAMBIANDO-LA-HISTORIA-EL-AYUNTAMIENTO-DE-CUERNAVACA-AMPLIANDO-LA-PARTICIPACION-CIUDADANA-EN-LOS-PUEBLOS-ORIGINARIOS-Y-COLONIAS-17-300x200.jpeg\" alt=\"\" width=\"300\" height=\"200\" srcset=\"https:\/\/cuernavaca.gob.mx\/wp-content\/uploads\/2023\/09\/SIGUE-CAMBIANDO-LA-HISTORIA-EL-AYUNTAMIENTO-DE-CUERNAVACA-AMPLIANDO-LA-PARTICIPACION-CIUDADANA-EN-LOS-PUEBLOS-ORIGINARIOS-Y-COLONIAS-17-300x200.jpeg 300w, https:\/\/cuernavaca.gob.mx\/wp-content\/uploads\/2023\/09\/SIGUE-CAMBIANDO-LA-HISTORIA-EL-AYUNTAMIENTO-DE-CUERNAVACA-AMPLIANDO-LA-PARTICIPACION-CIUDADANA-EN-LOS-PUEBLOS-ORIGINARIOS-Y-COLONIAS-17-1024x682.jpeg 1024w, https:\/\/cuernavaca.gob.mx\/wp-content\/uploads\/2023\/09\/SIGUE-CAMBIANDO-LA-HISTORIA-EL-AYUNTAMIENTO-DE-CUERNAVACA-AMPLIANDO-LA-PARTICIPACION-CIUDADANA-EN-LOS-PUEBLOS-ORIGINARIOS-Y-COLONIAS-17-768x512.jpeg 768w, https:\/\/cuernavaca.gob.mx\/wp-content\/uploads\/2023\/09\/SIGUE-CAMBIANDO-LA-HISTORIA-EL-AYUNTAMIENTO-DE-CUERNAVACA-AMPLIANDO-LA-PARTICIPACION-CIUDADANA-EN-LOS-PUEBLOS-ORIGINARIOS-Y-COLONIAS-17-1536x1023.jpeg 1536w, https:\/\/cuernavaca.gob.mx\/wp-content\/uploads\/2023\/09\/SIGUE-CAMBIANDO-LA-HISTORIA-EL-AYUNTAMIENTO-DE-CUERNAVACA-AMPLIANDO-LA-PARTICIPACION-CIUDADANA-EN-LOS-PUEBLOS-ORIGINARIOS-Y-COLONIAS-17-600x400.jpeg 600w, https:\/\/cuernavaca.gob.mx\/wp-content\/uploads\/2023\/09\/SIGUE-CAMBIANDO-LA-HISTORIA-EL-AYUNTAMIENTO-DE-CUERNAVACA-AMPLIANDO-LA-PARTICIPACION-CIUDADANA-EN-LOS-PUEBLOS-ORIGINARIOS-Y-COLONIAS-17-560x373.jpeg 560w, https:\/\/cuernavaca.gob.mx\/wp-content\/uploads\/2023\/09\/SIGUE-CAMBIANDO-LA-HISTORIA-EL-AYUNTAMIENTO-DE-CUERNAVACA-AMPLIANDO-LA-PARTICIPACION-CIUDADANA-EN-LOS-PUEBLOS-ORIGINARIOS-Y-COLONIAS-17.jpeg 1600w\" sizes=\"(max-width: 300px) 100vw, 300px\" \/><\/div>\n","protected":false},"excerpt":{"rendered":"<p>\u2022 Este viernes se llev\u00f3 a cabo la sesi\u00f3n de Cabildo Abierto en Ocotepec, siendo la primera ocasi\u00f3n en la historia moderna de la ciudad que se efect\u00faa este ejercicio democr\u00e1tico en el poblado\u00a0 \u2022 El presidente municipal, Jos\u00e9 Luis Uri\u00f3stegui invit\u00f3 a participar en la convocatoria del Presupuesto Social Ciudadano En un hecho sin [&hellip;]<\/p>\n","protected":false},"author":1,"featured_media":33326,"comment_status":"closed","ping_status":"open","sticky":false,"template":"","format":"standard","meta":[],"categories":[3047],"tags":[158,875,988,121,120,206,1098],"aioseo_notices":[],"_links":{"self":[{"href":"https:\/\/cuernavaca.gob.mx\/index.php?rest_route=\/wp\/v2\/posts\/33313"}],"collection":[{"href":"https:\/\/cuernavaca.gob.mx\/index.php?rest_route=\/wp\/v2\/posts"}],"about":[{"href":"https:\/\/cuernavaca.gob.mx\/index.php?rest_route=\/wp\/v2\/types\/post"}],"author":[{"embeddable":true,"href":"https:\/\/cuernavaca.gob.mx\/index.php?rest_route=\/wp\/v2\/users\/1"}],"replies":[{"embeddable":true,"href":"https:\/\/cuernavaca.gob.mx\/index.php?rest_route=%2Fwp%2Fv2%2Fcomments&post=33313"}],"version-history":[{"count":1,"href":"https:\/\/cuernavaca.gob.mx\/index.php?rest_route=\/wp\/v2\/posts\/33313\/revisions"}],"predecessor-version":[{"id":33331,"href":"https:\/\/cuernavaca.gob.mx\/index.php?rest_route=\/wp\/v2\/posts\/33313\/revisions\/33331"}],"wp:featuredmedia":[{"embeddable":true,"href":"https:\/\/cuernavaca.gob.mx\/index.php?rest_route=\/wp\/v2\/media\/33326"}],"wp:attachment":[{"href":"https:\/\/cuernavaca.gob.mx\/index.php?rest_route=%2Fwp%2Fv2%2Fmedia&parent=33313"}],"wp:term":[{"taxonomy":"category","embeddable":true,"href":"https:\/\/cuernavaca.gob.mx\/index.php?rest_route=%2Fwp%2Fv2%2Fcategories&post=33313"},{"taxonomy":"post_tag","embeddable":true,"href":"https:\/\/cuernavaca.gob.mx\/index.php?rest_route=%2Fwp%2Fv2%2Ftags&post=33313"}],"curies":[{"name":"wp","href":"https:\/\/api.w.org\/{rel}","templated":true}]}}