{"id":33332,"date":"2023-09-30T16:00:05","date_gmt":"2023-09-30T22:00:05","guid":{"rendered":"https:\/\/cuernavaca.gob.mx\/?p=33332"},"modified":"2025-05-06T14:11:59","modified_gmt":"2025-05-06T20:11:59","slug":"f529-30-09-23-participa-jose-luis-uriostegui-en-jornada-y-reforestacion-urbana-un-dia-por-cuernavaca","status":"publish","type":"post","link":"https:\/\/cuernavaca.gob.mx\/?p=33332","title":{"rendered":"F529 30\/09\/23 PARTICIPA JOS\u00c9 LUIS URI\u00d3STEGUI EN JORNADA Y REFORESTACI\u00d3N URBANA. UN D\u00cdA POR CUERNAVACA"},"content":{"rendered":"<p><strong>\u00b0 El presidente municipal se sum\u00f3 a la convocatoria hecha por la diputada Andrea Gordillo y grupos de j\u00f3venes que intervinieron la ciclopista de la colonia Vista Hermosa<\/strong><\/p>\n<p>La jornada sabatina en el trabajo dedicado por la administraci\u00f3n local para el rescate de espacios p\u00fablicos, esta ocasi\u00f3n se enfoc\u00f3 en la ciclopista ubicada en la avenida Juan Pablo II en la colonia Vista Hermosa, donde el presidente municipal Jos\u00e9 Luis Uri\u00f3stegui Salgado se sum\u00f3 a la convocatoria hecha por la diputada local Andrea Gordillo Vega y j\u00f3venes\u00a0 organizados de Cuernavaca.<\/p>\n<p>En esta denominada &#8220;Jornada y Reforestacion Urbana. Un d\u00eda por Cuernavaca&#8221;, Jos\u00e9 Luis Uri\u00f3stegui destac\u00f3 este s\u00e1bado los resultados que se obtienen, cuando se logra la sinergia entre sociedad y Gobierno para embellecer la ciudad, y en el caso particular de este sitio, que es utilizado de manera cotidiana por deportistas y familias que corren, trotan o caminan activandose fisica y mentalmente.<\/p>\n<p>Esta jornada cont\u00f3 con el apoyo de personal de Servicios Publicos, de Parques y Jardines e infraestructura urbana de Cuernavaca y al frente su titular, el secretario de Desarrollo Sustentable y Servicios P\u00fablicos Israel Albavera V\u00e1zquez, quien tom\u00f3 nota de otras intervenciones y reparaciones que se requieren en esta avenida y otras contiguas, como es el caso de Rio Mayo.<\/p>\n<p>Jos\u00e9 Luis Uri\u00f3stegui agradeci\u00f3 a las y los j\u00f3venes que participaron en esta jornada, acotando qu\u00e9 es justo su generaci\u00f3n, la que debe sumarse a las acciones de rescate y dignificaci\u00f3n de Cuernavaca, para que en el corto y mediano plazo vuelva a ser la ciudad referente de belleza, desarrollo y ordenamiento como capital del estado de Morelos.<\/p>\n<p><img loading=\"lazy\" class=\"alignnone size-medium wp-image-33333\" src=\"https:\/\/cuernavaca.gob.mx\/wp-content\/uploads\/2023\/09\/PARTICIPA-JOSE-LUIS-URIOSTEGUI-EN-JORNADA-Y-REFORESTACION-URBANA.-UN-DIA-POR-CUERNAVACA-1-300x200.jpeg\" alt=\"\" width=\"300\" height=\"200\" srcset=\"https:\/\/cuernavaca.gob.mx\/wp-content\/uploads\/2023\/09\/PARTICIPA-JOSE-LUIS-URIOSTEGUI-EN-JORNADA-Y-REFORESTACION-URBANA.-UN-DIA-POR-CUERNAVACA-1-300x200.jpeg 300w, https:\/\/cuernavaca.gob.mx\/wp-content\/uploads\/2023\/09\/PARTICIPA-JOSE-LUIS-URIOSTEGUI-EN-JORNADA-Y-REFORESTACION-URBANA.-UN-DIA-POR-CUERNAVACA-1-1024x682.jpeg 1024w, https:\/\/cuernavaca.gob.mx\/wp-content\/uploads\/2023\/09\/PARTICIPA-JOSE-LUIS-URIOSTEGUI-EN-JORNADA-Y-REFORESTACION-URBANA.-UN-DIA-POR-CUERNAVACA-1-768x512.jpeg 768w, https:\/\/cuernavaca.gob.mx\/wp-content\/uploads\/2023\/09\/PARTICIPA-JOSE-LUIS-URIOSTEGUI-EN-JORNADA-Y-REFORESTACION-URBANA.-UN-DIA-POR-CUERNAVACA-1-1536x1023.jpeg 1536w, https:\/\/cuernavaca.gob.mx\/wp-content\/uploads\/2023\/09\/PARTICIPA-JOSE-LUIS-URIOSTEGUI-EN-JORNADA-Y-REFORESTACION-URBANA.-UN-DIA-POR-CUERNAVACA-1-600x400.jpeg 600w, https:\/\/cuernavaca.gob.mx\/wp-content\/uploads\/2023\/09\/PARTICIPA-JOSE-LUIS-URIOSTEGUI-EN-JORNADA-Y-REFORESTACION-URBANA.-UN-DIA-POR-CUERNAVACA-1-560x373.jpeg 560w, https:\/\/cuernavaca.gob.mx\/wp-content\/uploads\/2023\/09\/PARTICIPA-JOSE-LUIS-URIOSTEGUI-EN-JORNADA-Y-REFORESTACION-URBANA.-UN-DIA-POR-CUERNAVACA-1.jpeg 1600w\" sizes=\"(max-width: 300px) 100vw, 300px\" \/> <img loading=\"lazy\" class=\"alignnone size-medium wp-image-33334\" src=\"https:\/\/cuernavaca.gob.mx\/wp-content\/uploads\/2023\/09\/PARTICIPA-JOSE-LUIS-URIOSTEGUI-EN-JORNADA-Y-REFORESTACION-URBANA.-UN-DIA-POR-CUERNAVACA-2-300x200.jpeg\" alt=\"\" width=\"300\" height=\"200\" srcset=\"https:\/\/cuernavaca.gob.mx\/wp-content\/uploads\/2023\/09\/PARTICIPA-JOSE-LUIS-URIOSTEGUI-EN-JORNADA-Y-REFORESTACION-URBANA.-UN-DIA-POR-CUERNAVACA-2-300x200.jpeg 300w, https:\/\/cuernavaca.gob.mx\/wp-content\/uploads\/2023\/09\/PARTICIPA-JOSE-LUIS-URIOSTEGUI-EN-JORNADA-Y-REFORESTACION-URBANA.-UN-DIA-POR-CUERNAVACA-2-1024x682.jpeg 1024w, https:\/\/cuernavaca.gob.mx\/wp-content\/uploads\/2023\/09\/PARTICIPA-JOSE-LUIS-URIOSTEGUI-EN-JORNADA-Y-REFORESTACION-URBANA.-UN-DIA-POR-CUERNAVACA-2-768x512.jpeg 768w, https:\/\/cuernavaca.gob.mx\/wp-content\/uploads\/2023\/09\/PARTICIPA-JOSE-LUIS-URIOSTEGUI-EN-JORNADA-Y-REFORESTACION-URBANA.-UN-DIA-POR-CUERNAVACA-2-1536x1023.jpeg 1536w, https:\/\/cuernavaca.gob.mx\/wp-content\/uploads\/2023\/09\/PARTICIPA-JOSE-LUIS-URIOSTEGUI-EN-JORNADA-Y-REFORESTACION-URBANA.-UN-DIA-POR-CUERNAVACA-2-600x400.jpeg 600w, https:\/\/cuernavaca.gob.mx\/wp-content\/uploads\/2023\/09\/PARTICIPA-JOSE-LUIS-URIOSTEGUI-EN-JORNADA-Y-REFORESTACION-URBANA.-UN-DIA-POR-CUERNAVACA-2-560x373.jpeg 560w, https:\/\/cuernavaca.gob.mx\/wp-content\/uploads\/2023\/09\/PARTICIPA-JOSE-LUIS-URIOSTEGUI-EN-JORNADA-Y-REFORESTACION-URBANA.-UN-DIA-POR-CUERNAVACA-2.jpeg 1600w\" sizes=\"(max-width: 300px) 100vw, 300px\" \/> <img loading=\"lazy\" class=\"alignnone size-medium wp-image-33335\" src=\"https:\/\/cuernavaca.gob.mx\/wp-content\/uploads\/2023\/09\/PARTICIPA-JOSE-LUIS-URIOSTEGUI-EN-JORNADA-Y-REFORESTACION-URBANA.-UN-DIA-POR-CUERNAVACA-3-300x200.jpeg\" alt=\"\" width=\"300\" height=\"200\" srcset=\"https:\/\/cuernavaca.gob.mx\/wp-content\/uploads\/2023\/09\/PARTICIPA-JOSE-LUIS-URIOSTEGUI-EN-JORNADA-Y-REFORESTACION-URBANA.-UN-DIA-POR-CUERNAVACA-3-300x200.jpeg 300w, https:\/\/cuernavaca.gob.mx\/wp-content\/uploads\/2023\/09\/PARTICIPA-JOSE-LUIS-URIOSTEGUI-EN-JORNADA-Y-REFORESTACION-URBANA.-UN-DIA-POR-CUERNAVACA-3-1024x682.jpeg 1024w, https:\/\/cuernavaca.gob.mx\/wp-content\/uploads\/2023\/09\/PARTICIPA-JOSE-LUIS-URIOSTEGUI-EN-JORNADA-Y-REFORESTACION-URBANA.-UN-DIA-POR-CUERNAVACA-3-768x512.jpeg 768w, https:\/\/cuernavaca.gob.mx\/wp-content\/uploads\/2023\/09\/PARTICIPA-JOSE-LUIS-URIOSTEGUI-EN-JORNADA-Y-REFORESTACION-URBANA.-UN-DIA-POR-CUERNAVACA-3-1536x1023.jpeg 1536w, https:\/\/cuernavaca.gob.mx\/wp-content\/uploads\/2023\/09\/PARTICIPA-JOSE-LUIS-URIOSTEGUI-EN-JORNADA-Y-REFORESTACION-URBANA.-UN-DIA-POR-CUERNAVACA-3-600x400.jpeg 600w, https:\/\/cuernavaca.gob.mx\/wp-content\/uploads\/2023\/09\/PARTICIPA-JOSE-LUIS-URIOSTEGUI-EN-JORNADA-Y-REFORESTACION-URBANA.-UN-DIA-POR-CUERNAVACA-3-560x373.jpeg 560w, https:\/\/cuernavaca.gob.mx\/wp-content\/uploads\/2023\/09\/PARTICIPA-JOSE-LUIS-URIOSTEGUI-EN-JORNADA-Y-REFORESTACION-URBANA.-UN-DIA-POR-CUERNAVACA-3.jpeg 1600w\" sizes=\"(max-width: 300px) 100vw, 300px\" \/> <img loading=\"lazy\" class=\"alignnone size-medium wp-image-33336\" src=\"https:\/\/cuernavaca.gob.mx\/wp-content\/uploads\/2023\/09\/PARTICIPA-JOSE-LUIS-URIOSTEGUI-EN-JORNADA-Y-REFORESTACION-URBANA.-UN-DIA-POR-CUERNAVACA-4-300x200.jpeg\" alt=\"\" width=\"300\" height=\"200\" srcset=\"https:\/\/cuernavaca.gob.mx\/wp-content\/uploads\/2023\/09\/PARTICIPA-JOSE-LUIS-URIOSTEGUI-EN-JORNADA-Y-REFORESTACION-URBANA.-UN-DIA-POR-CUERNAVACA-4-300x200.jpeg 300w, https:\/\/cuernavaca.gob.mx\/wp-content\/uploads\/2023\/09\/PARTICIPA-JOSE-LUIS-URIOSTEGUI-EN-JORNADA-Y-REFORESTACION-URBANA.-UN-DIA-POR-CUERNAVACA-4-1024x682.jpeg 1024w, https:\/\/cuernavaca.gob.mx\/wp-content\/uploads\/2023\/09\/PARTICIPA-JOSE-LUIS-URIOSTEGUI-EN-JORNADA-Y-REFORESTACION-URBANA.-UN-DIA-POR-CUERNAVACA-4-768x512.jpeg 768w, https:\/\/cuernavaca.gob.mx\/wp-content\/uploads\/2023\/09\/PARTICIPA-JOSE-LUIS-URIOSTEGUI-EN-JORNADA-Y-REFORESTACION-URBANA.-UN-DIA-POR-CUERNAVACA-4-1536x1023.jpeg 1536w, https:\/\/cuernavaca.gob.mx\/wp-content\/uploads\/2023\/09\/PARTICIPA-JOSE-LUIS-URIOSTEGUI-EN-JORNADA-Y-REFORESTACION-URBANA.-UN-DIA-POR-CUERNAVACA-4-600x400.jpeg 600w, https:\/\/cuernavaca.gob.mx\/wp-content\/uploads\/2023\/09\/PARTICIPA-JOSE-LUIS-URIOSTEGUI-EN-JORNADA-Y-REFORESTACION-URBANA.-UN-DIA-POR-CUERNAVACA-4-560x373.jpeg 560w, https:\/\/cuernavaca.gob.mx\/wp-content\/uploads\/2023\/09\/PARTICIPA-JOSE-LUIS-URIOSTEGUI-EN-JORNADA-Y-REFORESTACION-URBANA.-UN-DIA-POR-CUERNAVACA-4.jpeg 1600w\" sizes=\"(max-width: 300px) 100vw, 300px\" \/> <img loading=\"lazy\" class=\"alignnone size-medium wp-image-33337\" src=\"https:\/\/cuernavaca.gob.mx\/wp-content\/uploads\/2023\/09\/PARTICIPA-JOSE-LUIS-URIOSTEGUI-EN-JORNADA-Y-REFORESTACION-URBANA.-UN-DIA-POR-CUERNAVACA-5-300x200.jpeg\" alt=\"\" width=\"300\" height=\"200\" srcset=\"https:\/\/cuernavaca.gob.mx\/wp-content\/uploads\/2023\/09\/PARTICIPA-JOSE-LUIS-URIOSTEGUI-EN-JORNADA-Y-REFORESTACION-URBANA.-UN-DIA-POR-CUERNAVACA-5-300x200.jpeg 300w, https:\/\/cuernavaca.gob.mx\/wp-content\/uploads\/2023\/09\/PARTICIPA-JOSE-LUIS-URIOSTEGUI-EN-JORNADA-Y-REFORESTACION-URBANA.-UN-DIA-POR-CUERNAVACA-5-1024x682.jpeg 1024w, https:\/\/cuernavaca.gob.mx\/wp-content\/uploads\/2023\/09\/PARTICIPA-JOSE-LUIS-URIOSTEGUI-EN-JORNADA-Y-REFORESTACION-URBANA.-UN-DIA-POR-CUERNAVACA-5-768x512.jpeg 768w, https:\/\/cuernavaca.gob.mx\/wp-content\/uploads\/2023\/09\/PARTICIPA-JOSE-LUIS-URIOSTEGUI-EN-JORNADA-Y-REFORESTACION-URBANA.-UN-DIA-POR-CUERNAVACA-5-1536x1023.jpeg 1536w, https:\/\/cuernavaca.gob.mx\/wp-content\/uploads\/2023\/09\/PARTICIPA-JOSE-LUIS-URIOSTEGUI-EN-JORNADA-Y-REFORESTACION-URBANA.-UN-DIA-POR-CUERNAVACA-5-600x400.jpeg 600w, https:\/\/cuernavaca.gob.mx\/wp-content\/uploads\/2023\/09\/PARTICIPA-JOSE-LUIS-URIOSTEGUI-EN-JORNADA-Y-REFORESTACION-URBANA.-UN-DIA-POR-CUERNAVACA-5-560x373.jpeg 560w, https:\/\/cuernavaca.gob.mx\/wp-content\/uploads\/2023\/09\/PARTICIPA-JOSE-LUIS-URIOSTEGUI-EN-JORNADA-Y-REFORESTACION-URBANA.-UN-DIA-POR-CUERNAVACA-5.jpeg 1600w\" sizes=\"(max-width: 300px) 100vw, 300px\" \/> <img loading=\"lazy\" class=\"alignnone size-medium wp-image-33338\" src=\"https:\/\/cuernavaca.gob.mx\/wp-content\/uploads\/2023\/09\/PARTICIPA-JOSE-LUIS-URIOSTEGUI-EN-JORNADA-Y-REFORESTACION-URBANA.-UN-DIA-POR-CUERNAVACA-6-300x200.jpeg\" alt=\"\" width=\"300\" height=\"200\" srcset=\"https:\/\/cuernavaca.gob.mx\/wp-content\/uploads\/2023\/09\/PARTICIPA-JOSE-LUIS-URIOSTEGUI-EN-JORNADA-Y-REFORESTACION-URBANA.-UN-DIA-POR-CUERNAVACA-6-300x200.jpeg 300w, https:\/\/cuernavaca.gob.mx\/wp-content\/uploads\/2023\/09\/PARTICIPA-JOSE-LUIS-URIOSTEGUI-EN-JORNADA-Y-REFORESTACION-URBANA.-UN-DIA-POR-CUERNAVACA-6-1024x682.jpeg 1024w, https:\/\/cuernavaca.gob.mx\/wp-content\/uploads\/2023\/09\/PARTICIPA-JOSE-LUIS-URIOSTEGUI-EN-JORNADA-Y-REFORESTACION-URBANA.-UN-DIA-POR-CUERNAVACA-6-768x512.jpeg 768w, https:\/\/cuernavaca.gob.mx\/wp-content\/uploads\/2023\/09\/PARTICIPA-JOSE-LUIS-URIOSTEGUI-EN-JORNADA-Y-REFORESTACION-URBANA.-UN-DIA-POR-CUERNAVACA-6-1536x1023.jpeg 1536w, https:\/\/cuernavaca.gob.mx\/wp-content\/uploads\/2023\/09\/PARTICIPA-JOSE-LUIS-URIOSTEGUI-EN-JORNADA-Y-REFORESTACION-URBANA.-UN-DIA-POR-CUERNAVACA-6-600x400.jpeg 600w, https:\/\/cuernavaca.gob.mx\/wp-content\/uploads\/2023\/09\/PARTICIPA-JOSE-LUIS-URIOSTEGUI-EN-JORNADA-Y-REFORESTACION-URBANA.-UN-DIA-POR-CUERNAVACA-6-560x373.jpeg 560w, https:\/\/cuernavaca.gob.mx\/wp-content\/uploads\/2023\/09\/PARTICIPA-JOSE-LUIS-URIOSTEGUI-EN-JORNADA-Y-REFORESTACION-URBANA.-UN-DIA-POR-CUERNAVACA-6.jpeg 1600w\" sizes=\"(max-width: 300px) 100vw, 300px\" \/> <img loading=\"lazy\" class=\"alignnone size-medium wp-image-33339\" src=\"https:\/\/cuernavaca.gob.mx\/wp-content\/uploads\/2023\/09\/PARTICIPA-JOSE-LUIS-URIOSTEGUI-EN-JORNADA-Y-REFORESTACION-URBANA.-UN-DIA-POR-CUERNAVACA-7-300x200.jpeg\" alt=\"\" width=\"300\" height=\"200\" srcset=\"https:\/\/cuernavaca.gob.mx\/wp-content\/uploads\/2023\/09\/PARTICIPA-JOSE-LUIS-URIOSTEGUI-EN-JORNADA-Y-REFORESTACION-URBANA.-UN-DIA-POR-CUERNAVACA-7-300x200.jpeg 300w, https:\/\/cuernavaca.gob.mx\/wp-content\/uploads\/2023\/09\/PARTICIPA-JOSE-LUIS-URIOSTEGUI-EN-JORNADA-Y-REFORESTACION-URBANA.-UN-DIA-POR-CUERNAVACA-7-1024x682.jpeg 1024w, https:\/\/cuernavaca.gob.mx\/wp-content\/uploads\/2023\/09\/PARTICIPA-JOSE-LUIS-URIOSTEGUI-EN-JORNADA-Y-REFORESTACION-URBANA.-UN-DIA-POR-CUERNAVACA-7-768x512.jpeg 768w, https:\/\/cuernavaca.gob.mx\/wp-content\/uploads\/2023\/09\/PARTICIPA-JOSE-LUIS-URIOSTEGUI-EN-JORNADA-Y-REFORESTACION-URBANA.-UN-DIA-POR-CUERNAVACA-7-1536x1023.jpeg 1536w, https:\/\/cuernavaca.gob.mx\/wp-content\/uploads\/2023\/09\/PARTICIPA-JOSE-LUIS-URIOSTEGUI-EN-JORNADA-Y-REFORESTACION-URBANA.-UN-DIA-POR-CUERNAVACA-7-600x400.jpeg 600w, https:\/\/cuernavaca.gob.mx\/wp-content\/uploads\/2023\/09\/PARTICIPA-JOSE-LUIS-URIOSTEGUI-EN-JORNADA-Y-REFORESTACION-URBANA.-UN-DIA-POR-CUERNAVACA-7-560x373.jpeg 560w, https:\/\/cuernavaca.gob.mx\/wp-content\/uploads\/2023\/09\/PARTICIPA-JOSE-LUIS-URIOSTEGUI-EN-JORNADA-Y-REFORESTACION-URBANA.-UN-DIA-POR-CUERNAVACA-7.jpeg 1600w\" sizes=\"(max-width: 300px) 100vw, 300px\" \/> <img loading=\"lazy\" class=\"alignnone size-medium wp-image-33340\" src=\"https:\/\/cuernavaca.gob.mx\/wp-content\/uploads\/2023\/09\/PARTICIPA-JOSE-LUIS-URIOSTEGUI-EN-JORNADA-Y-REFORESTACION-URBANA.-UN-DIA-POR-CUERNAVACA-8-300x200.jpeg\" alt=\"\" width=\"300\" height=\"200\" srcset=\"https:\/\/cuernavaca.gob.mx\/wp-content\/uploads\/2023\/09\/PARTICIPA-JOSE-LUIS-URIOSTEGUI-EN-JORNADA-Y-REFORESTACION-URBANA.-UN-DIA-POR-CUERNAVACA-8-300x200.jpeg 300w, https:\/\/cuernavaca.gob.mx\/wp-content\/uploads\/2023\/09\/PARTICIPA-JOSE-LUIS-URIOSTEGUI-EN-JORNADA-Y-REFORESTACION-URBANA.-UN-DIA-POR-CUERNAVACA-8-1024x682.jpeg 1024w, https:\/\/cuernavaca.gob.mx\/wp-content\/uploads\/2023\/09\/PARTICIPA-JOSE-LUIS-URIOSTEGUI-EN-JORNADA-Y-REFORESTACION-URBANA.-UN-DIA-POR-CUERNAVACA-8-768x512.jpeg 768w, https:\/\/cuernavaca.gob.mx\/wp-content\/uploads\/2023\/09\/PARTICIPA-JOSE-LUIS-URIOSTEGUI-EN-JORNADA-Y-REFORESTACION-URBANA.-UN-DIA-POR-CUERNAVACA-8-1536x1023.jpeg 1536w, https:\/\/cuernavaca.gob.mx\/wp-content\/uploads\/2023\/09\/PARTICIPA-JOSE-LUIS-URIOSTEGUI-EN-JORNADA-Y-REFORESTACION-URBANA.-UN-DIA-POR-CUERNAVACA-8-600x400.jpeg 600w, https:\/\/cuernavaca.gob.mx\/wp-content\/uploads\/2023\/09\/PARTICIPA-JOSE-LUIS-URIOSTEGUI-EN-JORNADA-Y-REFORESTACION-URBANA.-UN-DIA-POR-CUERNAVACA-8-560x373.jpeg 560w, https:\/\/cuernavaca.gob.mx\/wp-content\/uploads\/2023\/09\/PARTICIPA-JOSE-LUIS-URIOSTEGUI-EN-JORNADA-Y-REFORESTACION-URBANA.-UN-DIA-POR-CUERNAVACA-8.jpeg 1600w\" sizes=\"(max-width: 300px) 100vw, 300px\" \/> <img loading=\"lazy\" class=\"alignnone size-medium wp-image-33341\" src=\"https:\/\/cuernavaca.gob.mx\/wp-content\/uploads\/2023\/09\/PARTICIPA-JOSE-LUIS-URIOSTEGUI-EN-JORNADA-Y-REFORESTACION-URBANA.-UN-DIA-POR-CUERNAVACA-9-300x200.jpeg\" alt=\"\" width=\"300\" height=\"200\" srcset=\"https:\/\/cuernavaca.gob.mx\/wp-content\/uploads\/2023\/09\/PARTICIPA-JOSE-LUIS-URIOSTEGUI-EN-JORNADA-Y-REFORESTACION-URBANA.-UN-DIA-POR-CUERNAVACA-9-300x200.jpeg 300w, https:\/\/cuernavaca.gob.mx\/wp-content\/uploads\/2023\/09\/PARTICIPA-JOSE-LUIS-URIOSTEGUI-EN-JORNADA-Y-REFORESTACION-URBANA.-UN-DIA-POR-CUERNAVACA-9-1024x682.jpeg 1024w, https:\/\/cuernavaca.gob.mx\/wp-content\/uploads\/2023\/09\/PARTICIPA-JOSE-LUIS-URIOSTEGUI-EN-JORNADA-Y-REFORESTACION-URBANA.-UN-DIA-POR-CUERNAVACA-9-768x512.jpeg 768w, https:\/\/cuernavaca.gob.mx\/wp-content\/uploads\/2023\/09\/PARTICIPA-JOSE-LUIS-URIOSTEGUI-EN-JORNADA-Y-REFORESTACION-URBANA.-UN-DIA-POR-CUERNAVACA-9-1536x1023.jpeg 1536w, https:\/\/cuernavaca.gob.mx\/wp-content\/uploads\/2023\/09\/PARTICIPA-JOSE-LUIS-URIOSTEGUI-EN-JORNADA-Y-REFORESTACION-URBANA.-UN-DIA-POR-CUERNAVACA-9-600x400.jpeg 600w, https:\/\/cuernavaca.gob.mx\/wp-content\/uploads\/2023\/09\/PARTICIPA-JOSE-LUIS-URIOSTEGUI-EN-JORNADA-Y-REFORESTACION-URBANA.-UN-DIA-POR-CUERNAVACA-9-560x373.jpeg 560w, https:\/\/cuernavaca.gob.mx\/wp-content\/uploads\/2023\/09\/PARTICIPA-JOSE-LUIS-URIOSTEGUI-EN-JORNADA-Y-REFORESTACION-URBANA.-UN-DIA-POR-CUERNAVACA-9.jpeg 1600w\" sizes=\"(max-width: 300px) 100vw, 300px\" \/> <img loading=\"lazy\" class=\"alignnone size-medium wp-image-33342\" src=\"https:\/\/cuernavaca.gob.mx\/wp-content\/uploads\/2023\/09\/PARTICIPA-JOSE-LUIS-URIOSTEGUI-EN-JORNADA-Y-REFORESTACION-URBANA.-UN-DIA-POR-CUERNAVACA-10-300x200.jpeg\" alt=\"\" width=\"300\" height=\"200\" srcset=\"https:\/\/cuernavaca.gob.mx\/wp-content\/uploads\/2023\/09\/PARTICIPA-JOSE-LUIS-URIOSTEGUI-EN-JORNADA-Y-REFORESTACION-URBANA.-UN-DIA-POR-CUERNAVACA-10-300x200.jpeg 300w, https:\/\/cuernavaca.gob.mx\/wp-content\/uploads\/2023\/09\/PARTICIPA-JOSE-LUIS-URIOSTEGUI-EN-JORNADA-Y-REFORESTACION-URBANA.-UN-DIA-POR-CUERNAVACA-10-1024x682.jpeg 1024w, https:\/\/cuernavaca.gob.mx\/wp-content\/uploads\/2023\/09\/PARTICIPA-JOSE-LUIS-URIOSTEGUI-EN-JORNADA-Y-REFORESTACION-URBANA.-UN-DIA-POR-CUERNAVACA-10-768x512.jpeg 768w, https:\/\/cuernavaca.gob.mx\/wp-content\/uploads\/2023\/09\/PARTICIPA-JOSE-LUIS-URIOSTEGUI-EN-JORNADA-Y-REFORESTACION-URBANA.-UN-DIA-POR-CUERNAVACA-10-1536x1023.jpeg 1536w, https:\/\/cuernavaca.gob.mx\/wp-content\/uploads\/2023\/09\/PARTICIPA-JOSE-LUIS-URIOSTEGUI-EN-JORNADA-Y-REFORESTACION-URBANA.-UN-DIA-POR-CUERNAVACA-10-600x400.jpeg 600w, https:\/\/cuernavaca.gob.mx\/wp-content\/uploads\/2023\/09\/PARTICIPA-JOSE-LUIS-URIOSTEGUI-EN-JORNADA-Y-REFORESTACION-URBANA.-UN-DIA-POR-CUERNAVACA-10-560x373.jpeg 560w, https:\/\/cuernavaca.gob.mx\/wp-content\/uploads\/2023\/09\/PARTICIPA-JOSE-LUIS-URIOSTEGUI-EN-JORNADA-Y-REFORESTACION-URBANA.-UN-DIA-POR-CUERNAVACA-10.jpeg 1600w\" sizes=\"(max-width: 300px) 100vw, 300px\" \/> <img loading=\"lazy\" class=\"alignnone size-medium wp-image-33343\" src=\"https:\/\/cuernavaca.gob.mx\/wp-content\/uploads\/2023\/09\/PARTICIPA-JOSE-LUIS-URIOSTEGUI-EN-JORNADA-Y-REFORESTACION-URBANA.-UN-DIA-POR-CUERNAVACA-11-300x200.jpeg\" alt=\"\" width=\"300\" height=\"200\" srcset=\"https:\/\/cuernavaca.gob.mx\/wp-content\/uploads\/2023\/09\/PARTICIPA-JOSE-LUIS-URIOSTEGUI-EN-JORNADA-Y-REFORESTACION-URBANA.-UN-DIA-POR-CUERNAVACA-11-300x200.jpeg 300w, https:\/\/cuernavaca.gob.mx\/wp-content\/uploads\/2023\/09\/PARTICIPA-JOSE-LUIS-URIOSTEGUI-EN-JORNADA-Y-REFORESTACION-URBANA.-UN-DIA-POR-CUERNAVACA-11-1024x682.jpeg 1024w, https:\/\/cuernavaca.gob.mx\/wp-content\/uploads\/2023\/09\/PARTICIPA-JOSE-LUIS-URIOSTEGUI-EN-JORNADA-Y-REFORESTACION-URBANA.-UN-DIA-POR-CUERNAVACA-11-768x512.jpeg 768w, https:\/\/cuernavaca.gob.mx\/wp-content\/uploads\/2023\/09\/PARTICIPA-JOSE-LUIS-URIOSTEGUI-EN-JORNADA-Y-REFORESTACION-URBANA.-UN-DIA-POR-CUERNAVACA-11-1536x1023.jpeg 1536w, https:\/\/cuernavaca.gob.mx\/wp-content\/uploads\/2023\/09\/PARTICIPA-JOSE-LUIS-URIOSTEGUI-EN-JORNADA-Y-REFORESTACION-URBANA.-UN-DIA-POR-CUERNAVACA-11-600x400.jpeg 600w, https:\/\/cuernavaca.gob.mx\/wp-content\/uploads\/2023\/09\/PARTICIPA-JOSE-LUIS-URIOSTEGUI-EN-JORNADA-Y-REFORESTACION-URBANA.-UN-DIA-POR-CUERNAVACA-11-560x373.jpeg 560w, https:\/\/cuernavaca.gob.mx\/wp-content\/uploads\/2023\/09\/PARTICIPA-JOSE-LUIS-URIOSTEGUI-EN-JORNADA-Y-REFORESTACION-URBANA.-UN-DIA-POR-CUERNAVACA-11.jpeg 1600w\" sizes=\"(max-width: 300px) 100vw, 300px\" \/> <img loading=\"lazy\" class=\"alignnone size-medium wp-image-33344\" src=\"https:\/\/cuernavaca.gob.mx\/wp-content\/uploads\/2023\/09\/PARTICIPA-JOSE-LUIS-URIOSTEGUI-EN-JORNADA-Y-REFORESTACION-URBANA.-UN-DIA-POR-CUERNAVACA-12-200x300.jpeg\" alt=\"\" width=\"200\" height=\"300\" srcset=\"https:\/\/cuernavaca.gob.mx\/wp-content\/uploads\/2023\/09\/PARTICIPA-JOSE-LUIS-URIOSTEGUI-EN-JORNADA-Y-REFORESTACION-URBANA.-UN-DIA-POR-CUERNAVACA-12-200x300.jpeg 200w, https:\/\/cuernavaca.gob.mx\/wp-content\/uploads\/2023\/09\/PARTICIPA-JOSE-LUIS-URIOSTEGUI-EN-JORNADA-Y-REFORESTACION-URBANA.-UN-DIA-POR-CUERNAVACA-12-682x1024.jpeg 682w, https:\/\/cuernavaca.gob.mx\/wp-content\/uploads\/2023\/09\/PARTICIPA-JOSE-LUIS-URIOSTEGUI-EN-JORNADA-Y-REFORESTACION-URBANA.-UN-DIA-POR-CUERNAVACA-12-768x1153.jpeg 768w, https:\/\/cuernavaca.gob.mx\/wp-content\/uploads\/2023\/09\/PARTICIPA-JOSE-LUIS-URIOSTEGUI-EN-JORNADA-Y-REFORESTACION-URBANA.-UN-DIA-POR-CUERNAVACA-12-1023x1536.jpeg 1023w, https:\/\/cuernavaca.gob.mx\/wp-content\/uploads\/2023\/09\/PARTICIPA-JOSE-LUIS-URIOSTEGUI-EN-JORNADA-Y-REFORESTACION-URBANA.-UN-DIA-POR-CUERNAVACA-12-400x600.jpeg 400w, https:\/\/cuernavaca.gob.mx\/wp-content\/uploads\/2023\/09\/PARTICIPA-JOSE-LUIS-URIOSTEGUI-EN-JORNADA-Y-REFORESTACION-URBANA.-UN-DIA-POR-CUERNAVACA-12-373x560.jpeg 373w, https:\/\/cuernavaca.gob.mx\/wp-content\/uploads\/2023\/09\/PARTICIPA-JOSE-LUIS-URIOSTEGUI-EN-JORNADA-Y-REFORESTACION-URBANA.-UN-DIA-POR-CUERNAVACA-12.jpeg 1066w\" sizes=\"(max-width: 200px) 100vw, 200px\" \/> <img loading=\"lazy\" class=\"alignnone size-medium wp-image-33345\" src=\"https:\/\/cuernavaca.gob.mx\/wp-content\/uploads\/2023\/09\/PARTICIPA-JOSE-LUIS-URIOSTEGUI-EN-JORNADA-Y-REFORESTACION-URBANA.-UN-DIA-POR-CUERNAVACA-13-300x200.jpeg\" alt=\"\" width=\"300\" height=\"200\" srcset=\"https:\/\/cuernavaca.gob.mx\/wp-content\/uploads\/2023\/09\/PARTICIPA-JOSE-LUIS-URIOSTEGUI-EN-JORNADA-Y-REFORESTACION-URBANA.-UN-DIA-POR-CUERNAVACA-13-300x200.jpeg 300w, https:\/\/cuernavaca.gob.mx\/wp-content\/uploads\/2023\/09\/PARTICIPA-JOSE-LUIS-URIOSTEGUI-EN-JORNADA-Y-REFORESTACION-URBANA.-UN-DIA-POR-CUERNAVACA-13-1024x682.jpeg 1024w, https:\/\/cuernavaca.gob.mx\/wp-content\/uploads\/2023\/09\/PARTICIPA-JOSE-LUIS-URIOSTEGUI-EN-JORNADA-Y-REFORESTACION-URBANA.-UN-DIA-POR-CUERNAVACA-13-768x512.jpeg 768w, https:\/\/cuernavaca.gob.mx\/wp-content\/uploads\/2023\/09\/PARTICIPA-JOSE-LUIS-URIOSTEGUI-EN-JORNADA-Y-REFORESTACION-URBANA.-UN-DIA-POR-CUERNAVACA-13-1536x1023.jpeg 1536w, https:\/\/cuernavaca.gob.mx\/wp-content\/uploads\/2023\/09\/PARTICIPA-JOSE-LUIS-URIOSTEGUI-EN-JORNADA-Y-REFORESTACION-URBANA.-UN-DIA-POR-CUERNAVACA-13-600x400.jpeg 600w, https:\/\/cuernavaca.gob.mx\/wp-content\/uploads\/2023\/09\/PARTICIPA-JOSE-LUIS-URIOSTEGUI-EN-JORNADA-Y-REFORESTACION-URBANA.-UN-DIA-POR-CUERNAVACA-13-560x373.jpeg 560w, https:\/\/cuernavaca.gob.mx\/wp-content\/uploads\/2023\/09\/PARTICIPA-JOSE-LUIS-URIOSTEGUI-EN-JORNADA-Y-REFORESTACION-URBANA.-UN-DIA-POR-CUERNAVACA-13.jpeg 1600w\" sizes=\"(max-width: 300px) 100vw, 300px\" \/> <img loading=\"lazy\" class=\"alignnone size-medium wp-image-33346\" src=\"https:\/\/cuernavaca.gob.mx\/wp-content\/uploads\/2023\/09\/PARTICIPA-JOSE-LUIS-URIOSTEGUI-EN-JORNADA-Y-REFORESTACION-URBANA.-UN-DIA-POR-CUERNAVACA-14-300x200.jpeg\" alt=\"\" width=\"300\" height=\"200\" srcset=\"https:\/\/cuernavaca.gob.mx\/wp-content\/uploads\/2023\/09\/PARTICIPA-JOSE-LUIS-URIOSTEGUI-EN-JORNADA-Y-REFORESTACION-URBANA.-UN-DIA-POR-CUERNAVACA-14-300x200.jpeg 300w, https:\/\/cuernavaca.gob.mx\/wp-content\/uploads\/2023\/09\/PARTICIPA-JOSE-LUIS-URIOSTEGUI-EN-JORNADA-Y-REFORESTACION-URBANA.-UN-DIA-POR-CUERNAVACA-14-1024x682.jpeg 1024w, https:\/\/cuernavaca.gob.mx\/wp-content\/uploads\/2023\/09\/PARTICIPA-JOSE-LUIS-URIOSTEGUI-EN-JORNADA-Y-REFORESTACION-URBANA.-UN-DIA-POR-CUERNAVACA-14-768x512.jpeg 768w, https:\/\/cuernavaca.gob.mx\/wp-content\/uploads\/2023\/09\/PARTICIPA-JOSE-LUIS-URIOSTEGUI-EN-JORNADA-Y-REFORESTACION-URBANA.-UN-DIA-POR-CUERNAVACA-14-1536x1023.jpeg 1536w, https:\/\/cuernavaca.gob.mx\/wp-content\/uploads\/2023\/09\/PARTICIPA-JOSE-LUIS-URIOSTEGUI-EN-JORNADA-Y-REFORESTACION-URBANA.-UN-DIA-POR-CUERNAVACA-14-600x400.jpeg 600w, https:\/\/cuernavaca.gob.mx\/wp-content\/uploads\/2023\/09\/PARTICIPA-JOSE-LUIS-URIOSTEGUI-EN-JORNADA-Y-REFORESTACION-URBANA.-UN-DIA-POR-CUERNAVACA-14-560x373.jpeg 560w, https:\/\/cuernavaca.gob.mx\/wp-content\/uploads\/2023\/09\/PARTICIPA-JOSE-LUIS-URIOSTEGUI-EN-JORNADA-Y-REFORESTACION-URBANA.-UN-DIA-POR-CUERNAVACA-14.jpeg 1600w\" sizes=\"(max-width: 300px) 100vw, 300px\" \/> <img loading=\"lazy\" class=\"alignnone size-medium wp-image-33347\" src=\"https:\/\/cuernavaca.gob.mx\/wp-content\/uploads\/2023\/09\/PARTICIPA-JOSE-LUIS-URIOSTEGUI-EN-JORNADA-Y-REFORESTACION-URBANA.-UN-DIA-POR-CUERNAVACA-15-300x200.jpeg\" alt=\"\" width=\"300\" height=\"200\" srcset=\"https:\/\/cuernavaca.gob.mx\/wp-content\/uploads\/2023\/09\/PARTICIPA-JOSE-LUIS-URIOSTEGUI-EN-JORNADA-Y-REFORESTACION-URBANA.-UN-DIA-POR-CUERNAVACA-15-300x200.jpeg 300w, https:\/\/cuernavaca.gob.mx\/wp-content\/uploads\/2023\/09\/PARTICIPA-JOSE-LUIS-URIOSTEGUI-EN-JORNADA-Y-REFORESTACION-URBANA.-UN-DIA-POR-CUERNAVACA-15-1024x682.jpeg 1024w, https:\/\/cuernavaca.gob.mx\/wp-content\/uploads\/2023\/09\/PARTICIPA-JOSE-LUIS-URIOSTEGUI-EN-JORNADA-Y-REFORESTACION-URBANA.-UN-DIA-POR-CUERNAVACA-15-768x512.jpeg 768w, https:\/\/cuernavaca.gob.mx\/wp-content\/uploads\/2023\/09\/PARTICIPA-JOSE-LUIS-URIOSTEGUI-EN-JORNADA-Y-REFORESTACION-URBANA.-UN-DIA-POR-CUERNAVACA-15-1536x1023.jpeg 1536w, https:\/\/cuernavaca.gob.mx\/wp-content\/uploads\/2023\/09\/PARTICIPA-JOSE-LUIS-URIOSTEGUI-EN-JORNADA-Y-REFORESTACION-URBANA.-UN-DIA-POR-CUERNAVACA-15-600x400.jpeg 600w, https:\/\/cuernavaca.gob.mx\/wp-content\/uploads\/2023\/09\/PARTICIPA-JOSE-LUIS-URIOSTEGUI-EN-JORNADA-Y-REFORESTACION-URBANA.-UN-DIA-POR-CUERNAVACA-15-560x373.jpeg 560w, https:\/\/cuernavaca.gob.mx\/wp-content\/uploads\/2023\/09\/PARTICIPA-JOSE-LUIS-URIOSTEGUI-EN-JORNADA-Y-REFORESTACION-URBANA.-UN-DIA-POR-CUERNAVACA-15.jpeg 1600w\" sizes=\"(max-width: 300px) 100vw, 300px\" \/><\/p>\n","protected":false},"excerpt":{"rendered":"<p>\u00b0 El presidente municipal se sum\u00f3 a la convocatoria hecha por la diputada Andrea Gordillo y grupos de j\u00f3venes que intervinieron la ciclopista de la colonia Vista Hermosa La jornada sabatina en el trabajo dedicado por la administraci\u00f3n local para el rescate de espacios p\u00fablicos, esta ocasi\u00f3n se enfoc\u00f3 en la ciclopista ubicada en la [&hellip;]<\/p>\n","protected":false},"author":1,"featured_media":33333,"comment_status":"closed","ping_status":"open","sticky":false,"template":"","format":"standard","meta":[],"categories":[2414],"tags":[3154,1261,121,2376,810,120,127],"aioseo_notices":[],"_links":{"self":[{"href":"https:\/\/cuernavaca.gob.mx\/index.php?rest_route=\/wp\/v2\/posts\/33332"}],"collection":[{"href":"https:\/\/cuernavaca.gob.mx\/index.php?rest_route=\/wp\/v2\/posts"}],"about":[{"href":"https:\/\/cuernavaca.gob.mx\/index.php?rest_route=\/wp\/v2\/types\/post"}],"author":[{"embeddable":true,"href":"https:\/\/cuernavaca.gob.mx\/index.php?rest_route=\/wp\/v2\/users\/1"}],"replies":[{"embeddable":true,"href":"https:\/\/cuernavaca.gob.mx\/index.php?rest_route=%2Fwp%2Fv2%2Fcomments&post=33332"}],"version-history":[{"count":1,"href":"https:\/\/cuernavaca.gob.mx\/index.php?rest_route=\/wp\/v2\/posts\/33332\/revisions"}],"predecessor-version":[{"id":33348,"href":"https:\/\/cuernavaca.gob.mx\/index.php?rest_route=\/wp\/v2\/posts\/33332\/revisions\/33348"}],"wp:featuredmedia":[{"embeddable":true,"href":"https:\/\/cuernavaca.gob.mx\/index.php?rest_route=\/wp\/v2\/media\/33333"}],"wp:attachment":[{"href":"https:\/\/cuernavaca.gob.mx\/index.php?rest_route=%2Fwp%2Fv2%2Fmedia&parent=33332"}],"wp:term":[{"taxonomy":"category","embeddable":true,"href":"https:\/\/cuernavaca.gob.mx\/index.php?rest_route=%2Fwp%2Fv2%2Fcategories&post=33332"},{"taxonomy":"post_tag","embeddable":true,"href":"https:\/\/cuernavaca.gob.mx\/index.php?rest_route=%2Fwp%2Fv2%2Ftags&post=33332"}],"curies":[{"name":"wp","href":"https:\/\/api.w.org\/{rel}","templated":true}]}}