{"id":33349,"date":"2023-09-30T16:05:30","date_gmt":"2023-09-30T22:05:30","guid":{"rendered":"https:\/\/cuernavaca.gob.mx\/?p=33349"},"modified":"2025-05-06T14:11:59","modified_gmt":"2025-05-06T20:11:59","slug":"b1304-30-09-23-presentan-a-autoridades-de-cuernavaca-resultados-de-la-encuesta-nacional-sobre-discriminacion","status":"publish","type":"post","link":"https:\/\/cuernavaca.gob.mx\/?p=33349","title":{"rendered":"B1304 30\/09\/23 PRESENTAN A AUTORIDADES DE CUERNAVACA RESULTADOS DE LA ENCUESTA NACIONAL SOBRE DISCRIMINACI\u00d3N"},"content":{"rendered":"<div><strong>\u2022 En el marco del Consejo contra la Discriminaci\u00f3n del Ayuntamiento de Cuernavaca, representantes del Instituto Nacional de Estad\u00edstica y Geograf\u00eda (INEGI) fueron los encargados de la presentaci\u00f3n\u00a0<\/strong><\/div>\n<div><\/div>\n<div><strong>\u2022 Fue con el objetivo de ilustrar al municipio sobre los puntos en donde pueden poner atenci\u00f3n para lograr los mejores resultados a favor de la poblaci\u00f3n\u00a0<\/strong><\/div>\n<div><\/div>\n<div>Con el fin de conocer la percepci\u00f3n de la discriminaci\u00f3n en el pa\u00eds y el estado, en busca de lograr los mejores resultados para su erradicaci\u00f3n desde el servicio p\u00fablico hasta el exterior, el Instituto Nacional de Estad\u00edstica y Geograf\u00eda (INEGI) present\u00f3 los resultados de la Encuesta Nacional sobre Discriminaci\u00f3n (ENADIS) ante el Consejo contra la Discriminaci\u00f3n del Ayuntamiento de Cuernavaca.<\/div>\n<div><\/div>\n<div>En el marco de la cuarta sesi\u00f3n ordinaria del 2023, Violeta Hern\u00e1ndez inform\u00f3 que para la encuesta correspondiente al a\u00f1o 2022 se cont\u00f3 con la participaci\u00f3n del Consejo Nacional para Prevenir la Discriminaci\u00f3n (Conapred) y de la Comisi\u00f3n Nacional de Derechos Humanos (CNDH), quienes en conjunto entrevistaron a 10 grupos de inter\u00e9s, personas ind\u00edgenas de 12 a\u00f1os y m\u00e1s, afrodescendientes, con discapacidad, migrantes, con diversidad religiosa, personas adultas mayores de 60 a\u00f1os y m\u00e1s, ni\u00f1as y ni\u00f1os de los 9 a los 11 a\u00f1os, adolescentes y j\u00f3venes de entre 12 a 29 a\u00f1os, mujeres de 18 a\u00f1os y m\u00e1s, as\u00ed como trabajadoras del hogar remuneradas.<\/div>\n<div><\/div>\n<div>Precis\u00f3 que el objetivo principal de la encuesta es reconocer la magnitud de la discriminaci\u00f3n que se tiene en el pa\u00eds y las diversas formas de manifestaciones en la vida cotidiana de cada uno de estos grupos, profundizando en todos los factores socioculturales que viven y los perjuicios que perciben hacia sus sectores.<\/div>\n<div><\/div>\n<div>En materia de s\u00edntesis, destac\u00f3, que lo que m\u00e1s les niegan son los apoyos de programas sociales, principalmente de Bienestar, seguido a alguna atenci\u00f3n m\u00e9dica, atenci\u00f3n en servicios de alguna oficina de gobierno, lo cual si bien disminuyo un poco en el 2022 con respecto al 2017 todav\u00eda se tiene alg\u00fan porcentaje, particularmente entre las mujeres y con los hombres.<\/div>\n<div><\/div>\n<div>Aclar\u00f3 que esta encuesta no se puede efectuar a nivel municipal por un tema econ\u00f3mico; sin embargo, de acuerdo con los datos recabados Morelos es la segunda entidad a nivel nacional que niega los derechos, esto de acuerdo a personas de 18 a\u00f1os y m\u00e1s, quienes manifestaron que se les negaron injustificadamente alguno de sus derechos en los \u00faltimos cinco a\u00f1os.<\/div>\n<div><\/div>\n<div>El presidente municipal de Cuernavaca, Jos\u00e9 Luis Uri\u00f3stegui Salgado, reconoci\u00f3 la relevancia que tiene conocer cada uno de estos datos estad\u00edsticos, ya que los ilustran sobre los puntos en donde pueden poner atenci\u00f3n para lograr los mejores resultados a favor de la poblaci\u00f3n.<\/div>\n<div><\/div>\n<div>La secretaria de Desarrollo Humano y Participaci\u00f3n Social y secretaria t\u00e9cnica del consejo, Laura Hern\u00e1ndez Cruz, asever\u00f3 que esta informaci\u00f3n enriquece el trabajo que realizan desde las Direcciones de Combate a la Pobreza, y de Grupos en Situaci\u00f3n de Vulnerabilidad para que las decisiones y pol\u00edticas p\u00fablica que se ejerzan desde el ayuntamiento sean con fundamento en datos y las intervenciones puedan ser efectivas.<\/div>\n<div><\/div>\n<div>En la sesi\u00f3n se cont\u00f3 con la presencia de la s\u00edndica municipal, Ver\u00f3nica Atenco P\u00e9rez, de las regidoras Wendi Salinas Ruiz, Mireya Delgado Romero y Patricia Torres Rosales, as\u00ed como los regidores Jes\u00fas Rosales Puebla y Fernando Carrillo Alvarado, y las representaciones de la regidora Paz Hern\u00e1ndez Pardo y Adri\u00e1n Mart\u00ednez Terrazas.<\/div>\n<div><\/div>\n<div><img loading=\"lazy\" class=\"alignnone size-medium wp-image-33350\" src=\"https:\/\/cuernavaca.gob.mx\/wp-content\/uploads\/2023\/09\/PRESENTAN-A-AUTORIDADES-DE-CUERNAVACA-RESULTADOS-DE-LA-ENCUESTA-NACIONAL-SOBRE-DISCRIMINACION-1-300x200.jpeg\" alt=\"\" width=\"300\" height=\"200\" srcset=\"https:\/\/cuernavaca.gob.mx\/wp-content\/uploads\/2023\/09\/PRESENTAN-A-AUTORIDADES-DE-CUERNAVACA-RESULTADOS-DE-LA-ENCUESTA-NACIONAL-SOBRE-DISCRIMINACION-1-300x200.jpeg 300w, https:\/\/cuernavaca.gob.mx\/wp-content\/uploads\/2023\/09\/PRESENTAN-A-AUTORIDADES-DE-CUERNAVACA-RESULTADOS-DE-LA-ENCUESTA-NACIONAL-SOBRE-DISCRIMINACION-1-1024x682.jpeg 1024w, https:\/\/cuernavaca.gob.mx\/wp-content\/uploads\/2023\/09\/PRESENTAN-A-AUTORIDADES-DE-CUERNAVACA-RESULTADOS-DE-LA-ENCUESTA-NACIONAL-SOBRE-DISCRIMINACION-1-768x512.jpeg 768w, https:\/\/cuernavaca.gob.mx\/wp-content\/uploads\/2023\/09\/PRESENTAN-A-AUTORIDADES-DE-CUERNAVACA-RESULTADOS-DE-LA-ENCUESTA-NACIONAL-SOBRE-DISCRIMINACION-1-1536x1023.jpeg 1536w, https:\/\/cuernavaca.gob.mx\/wp-content\/uploads\/2023\/09\/PRESENTAN-A-AUTORIDADES-DE-CUERNAVACA-RESULTADOS-DE-LA-ENCUESTA-NACIONAL-SOBRE-DISCRIMINACION-1-600x400.jpeg 600w, https:\/\/cuernavaca.gob.mx\/wp-content\/uploads\/2023\/09\/PRESENTAN-A-AUTORIDADES-DE-CUERNAVACA-RESULTADOS-DE-LA-ENCUESTA-NACIONAL-SOBRE-DISCRIMINACION-1-560x373.jpeg 560w, https:\/\/cuernavaca.gob.mx\/wp-content\/uploads\/2023\/09\/PRESENTAN-A-AUTORIDADES-DE-CUERNAVACA-RESULTADOS-DE-LA-ENCUESTA-NACIONAL-SOBRE-DISCRIMINACION-1.jpeg 1600w\" sizes=\"(max-width: 300px) 100vw, 300px\" \/> <img loading=\"lazy\" class=\"alignnone size-medium wp-image-33351\" src=\"https:\/\/cuernavaca.gob.mx\/wp-content\/uploads\/2023\/09\/PRESENTAN-A-AUTORIDADES-DE-CUERNAVACA-RESULTADOS-DE-LA-ENCUESTA-NACIONAL-SOBRE-DISCRIMINACION-2-300x200.jpeg\" alt=\"\" width=\"300\" height=\"200\" srcset=\"https:\/\/cuernavaca.gob.mx\/wp-content\/uploads\/2023\/09\/PRESENTAN-A-AUTORIDADES-DE-CUERNAVACA-RESULTADOS-DE-LA-ENCUESTA-NACIONAL-SOBRE-DISCRIMINACION-2-300x200.jpeg 300w, https:\/\/cuernavaca.gob.mx\/wp-content\/uploads\/2023\/09\/PRESENTAN-A-AUTORIDADES-DE-CUERNAVACA-RESULTADOS-DE-LA-ENCUESTA-NACIONAL-SOBRE-DISCRIMINACION-2-1024x682.jpeg 1024w, https:\/\/cuernavaca.gob.mx\/wp-content\/uploads\/2023\/09\/PRESENTAN-A-AUTORIDADES-DE-CUERNAVACA-RESULTADOS-DE-LA-ENCUESTA-NACIONAL-SOBRE-DISCRIMINACION-2-768x512.jpeg 768w, https:\/\/cuernavaca.gob.mx\/wp-content\/uploads\/2023\/09\/PRESENTAN-A-AUTORIDADES-DE-CUERNAVACA-RESULTADOS-DE-LA-ENCUESTA-NACIONAL-SOBRE-DISCRIMINACION-2-1536x1023.jpeg 1536w, https:\/\/cuernavaca.gob.mx\/wp-content\/uploads\/2023\/09\/PRESENTAN-A-AUTORIDADES-DE-CUERNAVACA-RESULTADOS-DE-LA-ENCUESTA-NACIONAL-SOBRE-DISCRIMINACION-2-600x400.jpeg 600w, https:\/\/cuernavaca.gob.mx\/wp-content\/uploads\/2023\/09\/PRESENTAN-A-AUTORIDADES-DE-CUERNAVACA-RESULTADOS-DE-LA-ENCUESTA-NACIONAL-SOBRE-DISCRIMINACION-2-560x373.jpeg 560w, https:\/\/cuernavaca.gob.mx\/wp-content\/uploads\/2023\/09\/PRESENTAN-A-AUTORIDADES-DE-CUERNAVACA-RESULTADOS-DE-LA-ENCUESTA-NACIONAL-SOBRE-DISCRIMINACION-2.jpeg 1600w\" sizes=\"(max-width: 300px) 100vw, 300px\" \/> <img loading=\"lazy\" class=\"alignnone size-medium wp-image-33352\" src=\"https:\/\/cuernavaca.gob.mx\/wp-content\/uploads\/2023\/09\/PRESENTAN-A-AUTORIDADES-DE-CUERNAVACA-RESULTADOS-DE-LA-ENCUESTA-NACIONAL-SOBRE-DISCRIMINACION-3-300x200.jpeg\" alt=\"\" width=\"300\" height=\"200\" srcset=\"https:\/\/cuernavaca.gob.mx\/wp-content\/uploads\/2023\/09\/PRESENTAN-A-AUTORIDADES-DE-CUERNAVACA-RESULTADOS-DE-LA-ENCUESTA-NACIONAL-SOBRE-DISCRIMINACION-3-300x200.jpeg 300w, https:\/\/cuernavaca.gob.mx\/wp-content\/uploads\/2023\/09\/PRESENTAN-A-AUTORIDADES-DE-CUERNAVACA-RESULTADOS-DE-LA-ENCUESTA-NACIONAL-SOBRE-DISCRIMINACION-3-1024x682.jpeg 1024w, https:\/\/cuernavaca.gob.mx\/wp-content\/uploads\/2023\/09\/PRESENTAN-A-AUTORIDADES-DE-CUERNAVACA-RESULTADOS-DE-LA-ENCUESTA-NACIONAL-SOBRE-DISCRIMINACION-3-768x512.jpeg 768w, https:\/\/cuernavaca.gob.mx\/wp-content\/uploads\/2023\/09\/PRESENTAN-A-AUTORIDADES-DE-CUERNAVACA-RESULTADOS-DE-LA-ENCUESTA-NACIONAL-SOBRE-DISCRIMINACION-3-1536x1023.jpeg 1536w, https:\/\/cuernavaca.gob.mx\/wp-content\/uploads\/2023\/09\/PRESENTAN-A-AUTORIDADES-DE-CUERNAVACA-RESULTADOS-DE-LA-ENCUESTA-NACIONAL-SOBRE-DISCRIMINACION-3-600x400.jpeg 600w, https:\/\/cuernavaca.gob.mx\/wp-content\/uploads\/2023\/09\/PRESENTAN-A-AUTORIDADES-DE-CUERNAVACA-RESULTADOS-DE-LA-ENCUESTA-NACIONAL-SOBRE-DISCRIMINACION-3-560x373.jpeg 560w, https:\/\/cuernavaca.gob.mx\/wp-content\/uploads\/2023\/09\/PRESENTAN-A-AUTORIDADES-DE-CUERNAVACA-RESULTADOS-DE-LA-ENCUESTA-NACIONAL-SOBRE-DISCRIMINACION-3.jpeg 1600w\" sizes=\"(max-width: 300px) 100vw, 300px\" \/> <img loading=\"lazy\" class=\"alignnone size-medium wp-image-33353\" src=\"https:\/\/cuernavaca.gob.mx\/wp-content\/uploads\/2023\/09\/PRESENTAN-A-AUTORIDADES-DE-CUERNAVACA-RESULTADOS-DE-LA-ENCUESTA-NACIONAL-SOBRE-DISCRIMINACION-4-300x200.jpeg\" alt=\"\" width=\"300\" height=\"200\" srcset=\"https:\/\/cuernavaca.gob.mx\/wp-content\/uploads\/2023\/09\/PRESENTAN-A-AUTORIDADES-DE-CUERNAVACA-RESULTADOS-DE-LA-ENCUESTA-NACIONAL-SOBRE-DISCRIMINACION-4-300x200.jpeg 300w, https:\/\/cuernavaca.gob.mx\/wp-content\/uploads\/2023\/09\/PRESENTAN-A-AUTORIDADES-DE-CUERNAVACA-RESULTADOS-DE-LA-ENCUESTA-NACIONAL-SOBRE-DISCRIMINACION-4-1024x682.jpeg 1024w, https:\/\/cuernavaca.gob.mx\/wp-content\/uploads\/2023\/09\/PRESENTAN-A-AUTORIDADES-DE-CUERNAVACA-RESULTADOS-DE-LA-ENCUESTA-NACIONAL-SOBRE-DISCRIMINACION-4-768x512.jpeg 768w, https:\/\/cuernavaca.gob.mx\/wp-content\/uploads\/2023\/09\/PRESENTAN-A-AUTORIDADES-DE-CUERNAVACA-RESULTADOS-DE-LA-ENCUESTA-NACIONAL-SOBRE-DISCRIMINACION-4-1536x1023.jpeg 1536w, https:\/\/cuernavaca.gob.mx\/wp-content\/uploads\/2023\/09\/PRESENTAN-A-AUTORIDADES-DE-CUERNAVACA-RESULTADOS-DE-LA-ENCUESTA-NACIONAL-SOBRE-DISCRIMINACION-4-600x400.jpeg 600w, https:\/\/cuernavaca.gob.mx\/wp-content\/uploads\/2023\/09\/PRESENTAN-A-AUTORIDADES-DE-CUERNAVACA-RESULTADOS-DE-LA-ENCUESTA-NACIONAL-SOBRE-DISCRIMINACION-4-560x373.jpeg 560w, https:\/\/cuernavaca.gob.mx\/wp-content\/uploads\/2023\/09\/PRESENTAN-A-AUTORIDADES-DE-CUERNAVACA-RESULTADOS-DE-LA-ENCUESTA-NACIONAL-SOBRE-DISCRIMINACION-4.jpeg 1600w\" sizes=\"(max-width: 300px) 100vw, 300px\" \/> <img loading=\"lazy\" class=\"alignnone size-medium wp-image-33354\" src=\"https:\/\/cuernavaca.gob.mx\/wp-content\/uploads\/2023\/09\/PRESENTAN-A-AUTORIDADES-DE-CUERNAVACA-RESULTADOS-DE-LA-ENCUESTA-NACIONAL-SOBRE-DISCRIMINACION-5-300x200.jpeg\" alt=\"\" width=\"300\" height=\"200\" srcset=\"https:\/\/cuernavaca.gob.mx\/wp-content\/uploads\/2023\/09\/PRESENTAN-A-AUTORIDADES-DE-CUERNAVACA-RESULTADOS-DE-LA-ENCUESTA-NACIONAL-SOBRE-DISCRIMINACION-5-300x200.jpeg 300w, https:\/\/cuernavaca.gob.mx\/wp-content\/uploads\/2023\/09\/PRESENTAN-A-AUTORIDADES-DE-CUERNAVACA-RESULTADOS-DE-LA-ENCUESTA-NACIONAL-SOBRE-DISCRIMINACION-5-1024x682.jpeg 1024w, https:\/\/cuernavaca.gob.mx\/wp-content\/uploads\/2023\/09\/PRESENTAN-A-AUTORIDADES-DE-CUERNAVACA-RESULTADOS-DE-LA-ENCUESTA-NACIONAL-SOBRE-DISCRIMINACION-5-768x512.jpeg 768w, https:\/\/cuernavaca.gob.mx\/wp-content\/uploads\/2023\/09\/PRESENTAN-A-AUTORIDADES-DE-CUERNAVACA-RESULTADOS-DE-LA-ENCUESTA-NACIONAL-SOBRE-DISCRIMINACION-5-1536x1023.jpeg 1536w, https:\/\/cuernavaca.gob.mx\/wp-content\/uploads\/2023\/09\/PRESENTAN-A-AUTORIDADES-DE-CUERNAVACA-RESULTADOS-DE-LA-ENCUESTA-NACIONAL-SOBRE-DISCRIMINACION-5-600x400.jpeg 600w, https:\/\/cuernavaca.gob.mx\/wp-content\/uploads\/2023\/09\/PRESENTAN-A-AUTORIDADES-DE-CUERNAVACA-RESULTADOS-DE-LA-ENCUESTA-NACIONAL-SOBRE-DISCRIMINACION-5-560x373.jpeg 560w, https:\/\/cuernavaca.gob.mx\/wp-content\/uploads\/2023\/09\/PRESENTAN-A-AUTORIDADES-DE-CUERNAVACA-RESULTADOS-DE-LA-ENCUESTA-NACIONAL-SOBRE-DISCRIMINACION-5.jpeg 1600w\" sizes=\"(max-width: 300px) 100vw, 300px\" \/> <img loading=\"lazy\" class=\"alignnone size-medium wp-image-33355\" src=\"https:\/\/cuernavaca.gob.mx\/wp-content\/uploads\/2023\/09\/PRESENTAN-A-AUTORIDADES-DE-CUERNAVACA-RESULTADOS-DE-LA-ENCUESTA-NACIONAL-SOBRE-DISCRIMINACION-6-300x200.jpeg\" alt=\"\" width=\"300\" height=\"200\" srcset=\"https:\/\/cuernavaca.gob.mx\/wp-content\/uploads\/2023\/09\/PRESENTAN-A-AUTORIDADES-DE-CUERNAVACA-RESULTADOS-DE-LA-ENCUESTA-NACIONAL-SOBRE-DISCRIMINACION-6-300x200.jpeg 300w, https:\/\/cuernavaca.gob.mx\/wp-content\/uploads\/2023\/09\/PRESENTAN-A-AUTORIDADES-DE-CUERNAVACA-RESULTADOS-DE-LA-ENCUESTA-NACIONAL-SOBRE-DISCRIMINACION-6-1024x682.jpeg 1024w, https:\/\/cuernavaca.gob.mx\/wp-content\/uploads\/2023\/09\/PRESENTAN-A-AUTORIDADES-DE-CUERNAVACA-RESULTADOS-DE-LA-ENCUESTA-NACIONAL-SOBRE-DISCRIMINACION-6-768x512.jpeg 768w, https:\/\/cuernavaca.gob.mx\/wp-content\/uploads\/2023\/09\/PRESENTAN-A-AUTORIDADES-DE-CUERNAVACA-RESULTADOS-DE-LA-ENCUESTA-NACIONAL-SOBRE-DISCRIMINACION-6-1536x1023.jpeg 1536w, https:\/\/cuernavaca.gob.mx\/wp-content\/uploads\/2023\/09\/PRESENTAN-A-AUTORIDADES-DE-CUERNAVACA-RESULTADOS-DE-LA-ENCUESTA-NACIONAL-SOBRE-DISCRIMINACION-6-600x400.jpeg 600w, https:\/\/cuernavaca.gob.mx\/wp-content\/uploads\/2023\/09\/PRESENTAN-A-AUTORIDADES-DE-CUERNAVACA-RESULTADOS-DE-LA-ENCUESTA-NACIONAL-SOBRE-DISCRIMINACION-6-560x373.jpeg 560w, https:\/\/cuernavaca.gob.mx\/wp-content\/uploads\/2023\/09\/PRESENTAN-A-AUTORIDADES-DE-CUERNAVACA-RESULTADOS-DE-LA-ENCUESTA-NACIONAL-SOBRE-DISCRIMINACION-6.jpeg 1600w\" sizes=\"(max-width: 300px) 100vw, 300px\" \/><\/div>\n","protected":false},"excerpt":{"rendered":"<p>\u2022 En el marco del Consejo contra la Discriminaci\u00f3n del Ayuntamiento de Cuernavaca, representantes del Instituto Nacional de Estad\u00edstica y Geograf\u00eda (INEGI) fueron los encargados de la presentaci\u00f3n\u00a0 \u2022 Fue con el objetivo de ilustrar al municipio sobre los puntos en donde pueden poner atenci\u00f3n para lograr los mejores resultados a favor de la poblaci\u00f3n\u00a0 [&hellip;]<\/p>\n","protected":false},"author":1,"featured_media":33353,"comment_status":"closed","ping_status":"open","sticky":false,"template":"","format":"standard","meta":[],"categories":[862],"tags":[121,684,1107,301,120,206],"aioseo_notices":[],"_links":{"self":[{"href":"https:\/\/cuernavaca.gob.mx\/index.php?rest_route=\/wp\/v2\/posts\/33349"}],"collection":[{"href":"https:\/\/cuernavaca.gob.mx\/index.php?rest_route=\/wp\/v2\/posts"}],"about":[{"href":"https:\/\/cuernavaca.gob.mx\/index.php?rest_route=\/wp\/v2\/types\/post"}],"author":[{"embeddable":true,"href":"https:\/\/cuernavaca.gob.mx\/index.php?rest_route=\/wp\/v2\/users\/1"}],"replies":[{"embeddable":true,"href":"https:\/\/cuernavaca.gob.mx\/index.php?rest_route=%2Fwp%2Fv2%2Fcomments&post=33349"}],"version-history":[{"count":1,"href":"https:\/\/cuernavaca.gob.mx\/index.php?rest_route=\/wp\/v2\/posts\/33349\/revisions"}],"predecessor-version":[{"id":33356,"href":"https:\/\/cuernavaca.gob.mx\/index.php?rest_route=\/wp\/v2\/posts\/33349\/revisions\/33356"}],"wp:featuredmedia":[{"embeddable":true,"href":"https:\/\/cuernavaca.gob.mx\/index.php?rest_route=\/wp\/v2\/media\/33353"}],"wp:attachment":[{"href":"https:\/\/cuernavaca.gob.mx\/index.php?rest_route=%2Fwp%2Fv2%2Fmedia&parent=33349"}],"wp:term":[{"taxonomy":"category","embeddable":true,"href":"https:\/\/cuernavaca.gob.mx\/index.php?rest_route=%2Fwp%2Fv2%2Fcategories&post=33349"},{"taxonomy":"post_tag","embeddable":true,"href":"https:\/\/cuernavaca.gob.mx\/index.php?rest_route=%2Fwp%2Fv2%2Ftags&post=33349"}],"curies":[{"name":"wp","href":"https:\/\/api.w.org\/{rel}","templated":true}]}}