{"id":33409,"date":"2023-10-02T15:50:01","date_gmt":"2023-10-02T21:50:01","guid":{"rendered":"https:\/\/cuernavaca.gob.mx\/?p=33409"},"modified":"2025-05-06T14:11:57","modified_gmt":"2025-05-06T20:11:57","slug":"f530-02-10-23-formaliza-jose-luis-uriostegui-arranque-de-la-campana-de-pago-anticipado-del-predial-2024-en-cuernavaca","status":"publish","type":"post","link":"https:\/\/cuernavaca.gob.mx\/?p=33409","title":{"rendered":"F530 02\/10\/23 FORMALIZA JOS\u00c9 LUIS URI\u00d3STEGUI ARRANQUE DE LA CAMPA\u00d1A DE PAGO ANTICIPADO DEL PREDIAL 2024 EN CUERNAVACA"},"content":{"rendered":"<p>Como parte de la serie de acciones que ha emprendido el Ayuntamiento de Cuernavaca en apoyo a la econom\u00eda familiar de los cuernavaquenses, este lunes 02 de octubre el presidente municipal, Jos\u00e9 Luis Uri\u00f3stegui Salgado, arranc\u00f3 la campa\u00f1a de descuentos del pago anticipado del impuesto predial y servicios p\u00fablicos municipales correspondiente al ejercicio fiscal 2024, recordando que el 40 por ciento de los recursos recaudados se destinar\u00e1n a las obras o servicios que la misma poblaci\u00f3n determine mayoritariamente.<\/p>\n<p>Al poner el ejemplo de cumplimiento a esta obligaci\u00f3n fiscal, invit\u00f3 a los contribuyentes a aprovechar esta campa\u00f1a de descuento de hasta el 15 por ciento y de hasta el 50 por ciento para jubilados y pensionados, as\u00ed como para personas mayores de 65 a\u00f1os y personas con discapacidad que lo acrediten, siempre y cuando se trate de un solo inmueble y la superficie no exceda los 300 metros cuadrados; la campa\u00f1a tiene como vigencia hasta el 31 de diciembre del 2023.<\/p>\n<p>Acompa\u00f1ado del tesorero municipal, Javier Arozarena Salazar y del secretario de Administraci\u00f3n, Israel Y\u00fadico Herrera, resalt\u00f3 que como ocurri\u00f3 el a\u00f1o pasado con un esp\u00edritu de presupuesto participativo, el 40 por ciento de lo recaudado para el a\u00f1o 2024 ser\u00e1 destinado a inversiones en cada una de las 47 regiones catastrales en las que se divide el territorio de acuerdo con la opini\u00f3n de los mismos vecinos, quienes ser\u00e1n cuestionados al momento de pagar su predial sobre en que desean que sea invertido.<\/p>\n<p>Jos\u00e9 Luis Uri\u00f3stegui instruy\u00f3 al Tesorero Municipal a solicitar a todo el personal del Ayuntamiento que cuenta con una propiedad cumpla con el pago del impuesto predial, teniendo la obligaci\u00f3n de predicar con el ejemplo y en conjunto con la ciudadan\u00eda generar la recaudaci\u00f3n necesaria para alcanzar las metas propuestas y lograr que Cuernavaca siga renaciendo.<\/p>\n<p><img loading=\"lazy\" class=\"alignnone size-medium wp-image-33410\" src=\"https:\/\/cuernavaca.gob.mx\/wp-content\/uploads\/2023\/10\/FORMALIZA-JOSE\u0301-LUIS-URIO\u0301STEGUI-ARRANQUE-DE-LA-CAMPAN\u0303A-DE-PAGO-ANTICIPADO-DEL-PREDIAL-2024-EN-CUERNAVACA-1-300x200.jpg\" alt=\"\" width=\"300\" height=\"200\" srcset=\"https:\/\/cuernavaca.gob.mx\/wp-content\/uploads\/2023\/10\/FORMALIZA-JOSE\u0301-LUIS-URIO\u0301STEGUI-ARRANQUE-DE-LA-CAMPAN\u0303A-DE-PAGO-ANTICIPADO-DEL-PREDIAL-2024-EN-CUERNAVACA-1-300x200.jpg 300w, https:\/\/cuernavaca.gob.mx\/wp-content\/uploads\/2023\/10\/FORMALIZA-JOSE\u0301-LUIS-URIO\u0301STEGUI-ARRANQUE-DE-LA-CAMPAN\u0303A-DE-PAGO-ANTICIPADO-DEL-PREDIAL-2024-EN-CUERNAVACA-1-1024x682.jpg 1024w, https:\/\/cuernavaca.gob.mx\/wp-content\/uploads\/2023\/10\/FORMALIZA-JOSE\u0301-LUIS-URIO\u0301STEGUI-ARRANQUE-DE-LA-CAMPAN\u0303A-DE-PAGO-ANTICIPADO-DEL-PREDIAL-2024-EN-CUERNAVACA-1-768x512.jpg 768w, https:\/\/cuernavaca.gob.mx\/wp-content\/uploads\/2023\/10\/FORMALIZA-JOSE\u0301-LUIS-URIO\u0301STEGUI-ARRANQUE-DE-LA-CAMPAN\u0303A-DE-PAGO-ANTICIPADO-DEL-PREDIAL-2024-EN-CUERNAVACA-1-1536x1023.jpg 1536w, https:\/\/cuernavaca.gob.mx\/wp-content\/uploads\/2023\/10\/FORMALIZA-JOSE\u0301-LUIS-URIO\u0301STEGUI-ARRANQUE-DE-LA-CAMPAN\u0303A-DE-PAGO-ANTICIPADO-DEL-PREDIAL-2024-EN-CUERNAVACA-1-600x400.jpg 600w, https:\/\/cuernavaca.gob.mx\/wp-content\/uploads\/2023\/10\/FORMALIZA-JOSE\u0301-LUIS-URIO\u0301STEGUI-ARRANQUE-DE-LA-CAMPAN\u0303A-DE-PAGO-ANTICIPADO-DEL-PREDIAL-2024-EN-CUERNAVACA-1-560x373.jpg 560w, https:\/\/cuernavaca.gob.mx\/wp-content\/uploads\/2023\/10\/FORMALIZA-JOSE\u0301-LUIS-URIO\u0301STEGUI-ARRANQUE-DE-LA-CAMPAN\u0303A-DE-PAGO-ANTICIPADO-DEL-PREDIAL-2024-EN-CUERNAVACA-1.jpg 1600w\" sizes=\"(max-width: 300px) 100vw, 300px\" \/> <img loading=\"lazy\" class=\"alignnone size-medium wp-image-33411\" src=\"https:\/\/cuernavaca.gob.mx\/wp-content\/uploads\/2023\/10\/FORMALIZA-JOSE\u0301-LUIS-URIO\u0301STEGUI-ARRANQUE-DE-LA-CAMPAN\u0303A-DE-PAGO-ANTICIPADO-DEL-PREDIAL-2024-EN-CUERNAVACA-2-300x200.jpg\" alt=\"\" width=\"300\" height=\"200\" srcset=\"https:\/\/cuernavaca.gob.mx\/wp-content\/uploads\/2023\/10\/FORMALIZA-JOSE\u0301-LUIS-URIO\u0301STEGUI-ARRANQUE-DE-LA-CAMPAN\u0303A-DE-PAGO-ANTICIPADO-DEL-PREDIAL-2024-EN-CUERNAVACA-2-300x200.jpg 300w, https:\/\/cuernavaca.gob.mx\/wp-content\/uploads\/2023\/10\/FORMALIZA-JOSE\u0301-LUIS-URIO\u0301STEGUI-ARRANQUE-DE-LA-CAMPAN\u0303A-DE-PAGO-ANTICIPADO-DEL-PREDIAL-2024-EN-CUERNAVACA-2-1024x682.jpg 1024w, https:\/\/cuernavaca.gob.mx\/wp-content\/uploads\/2023\/10\/FORMALIZA-JOSE\u0301-LUIS-URIO\u0301STEGUI-ARRANQUE-DE-LA-CAMPAN\u0303A-DE-PAGO-ANTICIPADO-DEL-PREDIAL-2024-EN-CUERNAVACA-2-768x512.jpg 768w, https:\/\/cuernavaca.gob.mx\/wp-content\/uploads\/2023\/10\/FORMALIZA-JOSE\u0301-LUIS-URIO\u0301STEGUI-ARRANQUE-DE-LA-CAMPAN\u0303A-DE-PAGO-ANTICIPADO-DEL-PREDIAL-2024-EN-CUERNAVACA-2-1536x1023.jpg 1536w, https:\/\/cuernavaca.gob.mx\/wp-content\/uploads\/2023\/10\/FORMALIZA-JOSE\u0301-LUIS-URIO\u0301STEGUI-ARRANQUE-DE-LA-CAMPAN\u0303A-DE-PAGO-ANTICIPADO-DEL-PREDIAL-2024-EN-CUERNAVACA-2-600x400.jpg 600w, https:\/\/cuernavaca.gob.mx\/wp-content\/uploads\/2023\/10\/FORMALIZA-JOSE\u0301-LUIS-URIO\u0301STEGUI-ARRANQUE-DE-LA-CAMPAN\u0303A-DE-PAGO-ANTICIPADO-DEL-PREDIAL-2024-EN-CUERNAVACA-2-560x373.jpg 560w, https:\/\/cuernavaca.gob.mx\/wp-content\/uploads\/2023\/10\/FORMALIZA-JOSE\u0301-LUIS-URIO\u0301STEGUI-ARRANQUE-DE-LA-CAMPAN\u0303A-DE-PAGO-ANTICIPADO-DEL-PREDIAL-2024-EN-CUERNAVACA-2.jpg 1600w\" sizes=\"(max-width: 300px) 100vw, 300px\" \/> <img loading=\"lazy\" class=\"alignnone size-medium wp-image-33412\" src=\"https:\/\/cuernavaca.gob.mx\/wp-content\/uploads\/2023\/10\/FORMALIZA-JOSE\u0301-LUIS-URIO\u0301STEGUI-ARRANQUE-DE-LA-CAMPAN\u0303A-DE-PAGO-ANTICIPADO-DEL-PREDIAL-2024-EN-CUERNAVACA-3-300x200.jpg\" alt=\"\" width=\"300\" height=\"200\" srcset=\"https:\/\/cuernavaca.gob.mx\/wp-content\/uploads\/2023\/10\/FORMALIZA-JOSE\u0301-LUIS-URIO\u0301STEGUI-ARRANQUE-DE-LA-CAMPAN\u0303A-DE-PAGO-ANTICIPADO-DEL-PREDIAL-2024-EN-CUERNAVACA-3-300x200.jpg 300w, https:\/\/cuernavaca.gob.mx\/wp-content\/uploads\/2023\/10\/FORMALIZA-JOSE\u0301-LUIS-URIO\u0301STEGUI-ARRANQUE-DE-LA-CAMPAN\u0303A-DE-PAGO-ANTICIPADO-DEL-PREDIAL-2024-EN-CUERNAVACA-3-1024x682.jpg 1024w, https:\/\/cuernavaca.gob.mx\/wp-content\/uploads\/2023\/10\/FORMALIZA-JOSE\u0301-LUIS-URIO\u0301STEGUI-ARRANQUE-DE-LA-CAMPAN\u0303A-DE-PAGO-ANTICIPADO-DEL-PREDIAL-2024-EN-CUERNAVACA-3-768x512.jpg 768w, https:\/\/cuernavaca.gob.mx\/wp-content\/uploads\/2023\/10\/FORMALIZA-JOSE\u0301-LUIS-URIO\u0301STEGUI-ARRANQUE-DE-LA-CAMPAN\u0303A-DE-PAGO-ANTICIPADO-DEL-PREDIAL-2024-EN-CUERNAVACA-3-1536x1023.jpg 1536w, https:\/\/cuernavaca.gob.mx\/wp-content\/uploads\/2023\/10\/FORMALIZA-JOSE\u0301-LUIS-URIO\u0301STEGUI-ARRANQUE-DE-LA-CAMPAN\u0303A-DE-PAGO-ANTICIPADO-DEL-PREDIAL-2024-EN-CUERNAVACA-3-600x400.jpg 600w, https:\/\/cuernavaca.gob.mx\/wp-content\/uploads\/2023\/10\/FORMALIZA-JOSE\u0301-LUIS-URIO\u0301STEGUI-ARRANQUE-DE-LA-CAMPAN\u0303A-DE-PAGO-ANTICIPADO-DEL-PREDIAL-2024-EN-CUERNAVACA-3-560x373.jpg 560w, https:\/\/cuernavaca.gob.mx\/wp-content\/uploads\/2023\/10\/FORMALIZA-JOSE\u0301-LUIS-URIO\u0301STEGUI-ARRANQUE-DE-LA-CAMPAN\u0303A-DE-PAGO-ANTICIPADO-DEL-PREDIAL-2024-EN-CUERNAVACA-3.jpg 1600w\" sizes=\"(max-width: 300px) 100vw, 300px\" \/> <img loading=\"lazy\" class=\"alignnone size-medium wp-image-33413\" src=\"https:\/\/cuernavaca.gob.mx\/wp-content\/uploads\/2023\/10\/FORMALIZA-JOSE\u0301-LUIS-URIO\u0301STEGUI-ARRANQUE-DE-LA-CAMPAN\u0303A-DE-PAGO-ANTICIPADO-DEL-PREDIAL-2024-EN-CUERNAVACA-4-300x200.jpg\" alt=\"\" width=\"300\" height=\"200\" srcset=\"https:\/\/cuernavaca.gob.mx\/wp-content\/uploads\/2023\/10\/FORMALIZA-JOSE\u0301-LUIS-URIO\u0301STEGUI-ARRANQUE-DE-LA-CAMPAN\u0303A-DE-PAGO-ANTICIPADO-DEL-PREDIAL-2024-EN-CUERNAVACA-4-300x200.jpg 300w, https:\/\/cuernavaca.gob.mx\/wp-content\/uploads\/2023\/10\/FORMALIZA-JOSE\u0301-LUIS-URIO\u0301STEGUI-ARRANQUE-DE-LA-CAMPAN\u0303A-DE-PAGO-ANTICIPADO-DEL-PREDIAL-2024-EN-CUERNAVACA-4-1024x682.jpg 1024w, https:\/\/cuernavaca.gob.mx\/wp-content\/uploads\/2023\/10\/FORMALIZA-JOSE\u0301-LUIS-URIO\u0301STEGUI-ARRANQUE-DE-LA-CAMPAN\u0303A-DE-PAGO-ANTICIPADO-DEL-PREDIAL-2024-EN-CUERNAVACA-4-768x512.jpg 768w, https:\/\/cuernavaca.gob.mx\/wp-content\/uploads\/2023\/10\/FORMALIZA-JOSE\u0301-LUIS-URIO\u0301STEGUI-ARRANQUE-DE-LA-CAMPAN\u0303A-DE-PAGO-ANTICIPADO-DEL-PREDIAL-2024-EN-CUERNAVACA-4-1536x1023.jpg 1536w, https:\/\/cuernavaca.gob.mx\/wp-content\/uploads\/2023\/10\/FORMALIZA-JOSE\u0301-LUIS-URIO\u0301STEGUI-ARRANQUE-DE-LA-CAMPAN\u0303A-DE-PAGO-ANTICIPADO-DEL-PREDIAL-2024-EN-CUERNAVACA-4-600x400.jpg 600w, https:\/\/cuernavaca.gob.mx\/wp-content\/uploads\/2023\/10\/FORMALIZA-JOSE\u0301-LUIS-URIO\u0301STEGUI-ARRANQUE-DE-LA-CAMPAN\u0303A-DE-PAGO-ANTICIPADO-DEL-PREDIAL-2024-EN-CUERNAVACA-4-560x373.jpg 560w, https:\/\/cuernavaca.gob.mx\/wp-content\/uploads\/2023\/10\/FORMALIZA-JOSE\u0301-LUIS-URIO\u0301STEGUI-ARRANQUE-DE-LA-CAMPAN\u0303A-DE-PAGO-ANTICIPADO-DEL-PREDIAL-2024-EN-CUERNAVACA-4.jpg 1600w\" sizes=\"(max-width: 300px) 100vw, 300px\" \/><\/p>\n","protected":false},"excerpt":{"rendered":"<p>Como parte de la serie de acciones que ha emprendido el Ayuntamiento de Cuernavaca en apoyo a la econom\u00eda familiar de los cuernavaquenses, este lunes 02 de octubre el presidente municipal, Jos\u00e9 Luis Uri\u00f3stegui Salgado, arranc\u00f3 la campa\u00f1a de descuentos del pago anticipado del impuesto predial y servicios p\u00fablicos municipales correspondiente al ejercicio fiscal 2024, [&hellip;]<\/p>\n","protected":false},"author":1,"featured_media":33413,"comment_status":"closed","ping_status":"open","sticky":false,"template":"","format":"standard","meta":[],"categories":[20],"tags":[121,227,485,120,206,665,137,138],"aioseo_notices":[],"_links":{"self":[{"href":"https:\/\/cuernavaca.gob.mx\/index.php?rest_route=\/wp\/v2\/posts\/33409"}],"collection":[{"href":"https:\/\/cuernavaca.gob.mx\/index.php?rest_route=\/wp\/v2\/posts"}],"about":[{"href":"https:\/\/cuernavaca.gob.mx\/index.php?rest_route=\/wp\/v2\/types\/post"}],"author":[{"embeddable":true,"href":"https:\/\/cuernavaca.gob.mx\/index.php?rest_route=\/wp\/v2\/users\/1"}],"replies":[{"embeddable":true,"href":"https:\/\/cuernavaca.gob.mx\/index.php?rest_route=%2Fwp%2Fv2%2Fcomments&post=33409"}],"version-history":[{"count":1,"href":"https:\/\/cuernavaca.gob.mx\/index.php?rest_route=\/wp\/v2\/posts\/33409\/revisions"}],"predecessor-version":[{"id":33414,"href":"https:\/\/cuernavaca.gob.mx\/index.php?rest_route=\/wp\/v2\/posts\/33409\/revisions\/33414"}],"wp:featuredmedia":[{"embeddable":true,"href":"https:\/\/cuernavaca.gob.mx\/index.php?rest_route=\/wp\/v2\/media\/33413"}],"wp:attachment":[{"href":"https:\/\/cuernavaca.gob.mx\/index.php?rest_route=%2Fwp%2Fv2%2Fmedia&parent=33409"}],"wp:term":[{"taxonomy":"category","embeddable":true,"href":"https:\/\/cuernavaca.gob.mx\/index.php?rest_route=%2Fwp%2Fv2%2Fcategories&post=33409"},{"taxonomy":"post_tag","embeddable":true,"href":"https:\/\/cuernavaca.gob.mx\/index.php?rest_route=%2Fwp%2Fv2%2Ftags&post=33409"}],"curies":[{"name":"wp","href":"https:\/\/api.w.org\/{rel}","templated":true}]}}