{"id":33534,"date":"2023-10-07T15:30:17","date_gmt":"2023-10-07T21:30:17","guid":{"rendered":"https:\/\/cuernavaca.gob.mx\/?p=33534"},"modified":"2025-05-06T14:11:54","modified_gmt":"2025-05-06T20:11:54","slug":"b1319-07-10-23-analiza-cabildo-de-cuernavaca-desincorporacion-y-enajenacion-de-bienes-muebles-que-ya-no-son-aptos-para-el-servicio-publico","status":"publish","type":"post","link":"https:\/\/cuernavaca.gob.mx\/?p=33534","title":{"rendered":"B1319  07\/10\/23 ANALIZA CABILDO DE CUERNAVACA DESINCORPORACI\u00d3N Y ENAJENACI\u00d3N DE BIENES MUEBLES QUE YA NO SON APTOS PARA EL SERVICIO P\u00daBLICO"},"content":{"rendered":"<div><strong>\u2022 La s\u00edndica municipal, Ver\u00f3nica Atenco dio a conocer un informe sobre los 205 dict\u00e1menes de valuaci\u00f3n de los bienes muebles y veh\u00edculos susceptibles a ser desincorporados<\/strong><\/div>\n<div><\/div>\n<div><strong>\u2022 Fueron realizados en coordinaci\u00f3n con la Tesorer\u00eda Municipal y \u00d3scar David S\u00e1nchez Galindo, perito valuador autorizado<\/strong><\/div>\n<div><\/div>\n<div>Con pleno respeto a los principios de legalidad, certeza y transparencia, la Sindicatura Municipal, bajo su facultad de cuidar el patrimonio del municipio, present\u00f3 el informe de las acciones realizadas para la desincorporaci\u00f3n y enajenaci\u00f3n de bienes muebles que por su condici\u00f3n ya no pueden ser utilizados para el servicio p\u00fablico.<\/div>\n<div><\/div>\n<div>En sesi\u00f3n ordinaria y a petici\u00f3n del Cabildo, la s\u00edndica municipal, Ver\u00f3nica Atenco P\u00e9rez, dio a conocer este informe que cont\u00f3 con el acompa\u00f1amiento de la Tesorer\u00eda Municipal y \u00d3scar David S\u00e1nchez Galindo, perito valuador autorizado, quienes en coordinaci\u00f3n realizaron los 205 dict\u00e1menes de valuaci\u00f3n de los bienes muebles y veh\u00edculos susceptibles a ser desincorporados.<\/div>\n<div><\/div>\n<div>Lo anterior, en base a un listado remitido por la Direcci\u00f3n de Patrimonio Municipal conforme a un acuerdo emanado del Comit\u00e9 para la desincorporaci\u00f3n y venta de bienes muebles considerados chatarra.<\/div>\n<div><\/div>\n<div>Atenco P\u00e9rez refiri\u00f3 que, dando respuesta a solicitudes hechas por el cuerpo edilicio, sostuvieron una reuni\u00f3n donde les presentaron los originales de los 205 dict\u00e1menes de valuaci\u00f3n hechos, aclarando cuestionamientos sobre el proceso; participaron tambi\u00e9n integrantes del comit\u00e9.<\/div>\n<div><\/div>\n<div>Dentro de los resultados de esta reuni\u00f3n, el Cabildo realiz\u00f3 un recorrido por las instalaciones del extinto taller municipal para verificar la existencia de los veh\u00edculos a desincorporar.<\/div>\n<div><\/div>\n<div>En este contexto, el presidente municipal de Cuernavaca, Jos\u00e9 Luis Uri\u00f3stegui Salgado, destac\u00f3 que el terreno donde se encuentra el taller municipal, alrededor del \u00e1rea de Bienestar Animal, del Rastro y de Servicios Generales est\u00e1 subutilizado, siendo un espacio que puede tener una mejor ocupaci\u00f3n una vez que el Cabildo determine que los veh\u00edculos que llevan m\u00e1s de 10 o 15 a\u00f1os arrumbados puedan ser segregados del patrimonio municipal.<\/div>\n<div><\/div>\n<div>Los dict\u00e1menes fueron remitidos a los integrantes del Cabildo para estar en condiciones de ser aprobados pr\u00f3ximamente.<\/div>\n<div><\/div>\n<div><img loading=\"lazy\" class=\"alignnone size-medium wp-image-33535\" src=\"https:\/\/cuernavaca.gob.mx\/wp-content\/uploads\/2023\/10\/ANALIZA-CABILDO-DE-CUERNAVACA-DESINCORPORACION-Y-ENAJENACION-DE-BIENES-MUEBLES-QUE-YA-NO-SON-APTOS-PARA-EL-SERVICIO-PUBLICO-1-300x200.jpeg\" alt=\"\" width=\"300\" height=\"200\" srcset=\"https:\/\/cuernavaca.gob.mx\/wp-content\/uploads\/2023\/10\/ANALIZA-CABILDO-DE-CUERNAVACA-DESINCORPORACION-Y-ENAJENACION-DE-BIENES-MUEBLES-QUE-YA-NO-SON-APTOS-PARA-EL-SERVICIO-PUBLICO-1-300x200.jpeg 300w, https:\/\/cuernavaca.gob.mx\/wp-content\/uploads\/2023\/10\/ANALIZA-CABILDO-DE-CUERNAVACA-DESINCORPORACION-Y-ENAJENACION-DE-BIENES-MUEBLES-QUE-YA-NO-SON-APTOS-PARA-EL-SERVICIO-PUBLICO-1-1024x682.jpeg 1024w, https:\/\/cuernavaca.gob.mx\/wp-content\/uploads\/2023\/10\/ANALIZA-CABILDO-DE-CUERNAVACA-DESINCORPORACION-Y-ENAJENACION-DE-BIENES-MUEBLES-QUE-YA-NO-SON-APTOS-PARA-EL-SERVICIO-PUBLICO-1-768x512.jpeg 768w, https:\/\/cuernavaca.gob.mx\/wp-content\/uploads\/2023\/10\/ANALIZA-CABILDO-DE-CUERNAVACA-DESINCORPORACION-Y-ENAJENACION-DE-BIENES-MUEBLES-QUE-YA-NO-SON-APTOS-PARA-EL-SERVICIO-PUBLICO-1-1536x1023.jpeg 1536w, https:\/\/cuernavaca.gob.mx\/wp-content\/uploads\/2023\/10\/ANALIZA-CABILDO-DE-CUERNAVACA-DESINCORPORACION-Y-ENAJENACION-DE-BIENES-MUEBLES-QUE-YA-NO-SON-APTOS-PARA-EL-SERVICIO-PUBLICO-1-600x400.jpeg 600w, https:\/\/cuernavaca.gob.mx\/wp-content\/uploads\/2023\/10\/ANALIZA-CABILDO-DE-CUERNAVACA-DESINCORPORACION-Y-ENAJENACION-DE-BIENES-MUEBLES-QUE-YA-NO-SON-APTOS-PARA-EL-SERVICIO-PUBLICO-1-560x373.jpeg 560w, https:\/\/cuernavaca.gob.mx\/wp-content\/uploads\/2023\/10\/ANALIZA-CABILDO-DE-CUERNAVACA-DESINCORPORACION-Y-ENAJENACION-DE-BIENES-MUEBLES-QUE-YA-NO-SON-APTOS-PARA-EL-SERVICIO-PUBLICO-1.jpeg 1600w\" sizes=\"(max-width: 300px) 100vw, 300px\" \/> <img loading=\"lazy\" class=\"alignnone size-medium wp-image-33536\" src=\"https:\/\/cuernavaca.gob.mx\/wp-content\/uploads\/2023\/10\/ANALIZA-CABILDO-DE-CUERNAVACA-DESINCORPORACION-Y-ENAJENACION-DE-BIENES-MUEBLES-QUE-YA-NO-SON-APTOS-PARA-EL-SERVICIO-PUBLICO-2-300x200.jpeg\" alt=\"\" width=\"300\" height=\"200\" srcset=\"https:\/\/cuernavaca.gob.mx\/wp-content\/uploads\/2023\/10\/ANALIZA-CABILDO-DE-CUERNAVACA-DESINCORPORACION-Y-ENAJENACION-DE-BIENES-MUEBLES-QUE-YA-NO-SON-APTOS-PARA-EL-SERVICIO-PUBLICO-2-300x200.jpeg 300w, https:\/\/cuernavaca.gob.mx\/wp-content\/uploads\/2023\/10\/ANALIZA-CABILDO-DE-CUERNAVACA-DESINCORPORACION-Y-ENAJENACION-DE-BIENES-MUEBLES-QUE-YA-NO-SON-APTOS-PARA-EL-SERVICIO-PUBLICO-2-1024x682.jpeg 1024w, https:\/\/cuernavaca.gob.mx\/wp-content\/uploads\/2023\/10\/ANALIZA-CABILDO-DE-CUERNAVACA-DESINCORPORACION-Y-ENAJENACION-DE-BIENES-MUEBLES-QUE-YA-NO-SON-APTOS-PARA-EL-SERVICIO-PUBLICO-2-768x512.jpeg 768w, https:\/\/cuernavaca.gob.mx\/wp-content\/uploads\/2023\/10\/ANALIZA-CABILDO-DE-CUERNAVACA-DESINCORPORACION-Y-ENAJENACION-DE-BIENES-MUEBLES-QUE-YA-NO-SON-APTOS-PARA-EL-SERVICIO-PUBLICO-2-1536x1023.jpeg 1536w, https:\/\/cuernavaca.gob.mx\/wp-content\/uploads\/2023\/10\/ANALIZA-CABILDO-DE-CUERNAVACA-DESINCORPORACION-Y-ENAJENACION-DE-BIENES-MUEBLES-QUE-YA-NO-SON-APTOS-PARA-EL-SERVICIO-PUBLICO-2-600x400.jpeg 600w, https:\/\/cuernavaca.gob.mx\/wp-content\/uploads\/2023\/10\/ANALIZA-CABILDO-DE-CUERNAVACA-DESINCORPORACION-Y-ENAJENACION-DE-BIENES-MUEBLES-QUE-YA-NO-SON-APTOS-PARA-EL-SERVICIO-PUBLICO-2-560x373.jpeg 560w, https:\/\/cuernavaca.gob.mx\/wp-content\/uploads\/2023\/10\/ANALIZA-CABILDO-DE-CUERNAVACA-DESINCORPORACION-Y-ENAJENACION-DE-BIENES-MUEBLES-QUE-YA-NO-SON-APTOS-PARA-EL-SERVICIO-PUBLICO-2.jpeg 1600w\" sizes=\"(max-width: 300px) 100vw, 300px\" \/> <img loading=\"lazy\" class=\"alignnone size-medium wp-image-33537\" src=\"https:\/\/cuernavaca.gob.mx\/wp-content\/uploads\/2023\/10\/ANALIZA-CABILDO-DE-CUERNAVACA-DESINCORPORACION-Y-ENAJENACION-DE-BIENES-MUEBLES-QUE-YA-NO-SON-APTOS-PARA-EL-SERVICIO-PUBLICO-3-300x200.jpeg\" alt=\"\" width=\"300\" height=\"200\" srcset=\"https:\/\/cuernavaca.gob.mx\/wp-content\/uploads\/2023\/10\/ANALIZA-CABILDO-DE-CUERNAVACA-DESINCORPORACION-Y-ENAJENACION-DE-BIENES-MUEBLES-QUE-YA-NO-SON-APTOS-PARA-EL-SERVICIO-PUBLICO-3-300x200.jpeg 300w, https:\/\/cuernavaca.gob.mx\/wp-content\/uploads\/2023\/10\/ANALIZA-CABILDO-DE-CUERNAVACA-DESINCORPORACION-Y-ENAJENACION-DE-BIENES-MUEBLES-QUE-YA-NO-SON-APTOS-PARA-EL-SERVICIO-PUBLICO-3-1024x682.jpeg 1024w, https:\/\/cuernavaca.gob.mx\/wp-content\/uploads\/2023\/10\/ANALIZA-CABILDO-DE-CUERNAVACA-DESINCORPORACION-Y-ENAJENACION-DE-BIENES-MUEBLES-QUE-YA-NO-SON-APTOS-PARA-EL-SERVICIO-PUBLICO-3-768x512.jpeg 768w, https:\/\/cuernavaca.gob.mx\/wp-content\/uploads\/2023\/10\/ANALIZA-CABILDO-DE-CUERNAVACA-DESINCORPORACION-Y-ENAJENACION-DE-BIENES-MUEBLES-QUE-YA-NO-SON-APTOS-PARA-EL-SERVICIO-PUBLICO-3-1536x1023.jpeg 1536w, https:\/\/cuernavaca.gob.mx\/wp-content\/uploads\/2023\/10\/ANALIZA-CABILDO-DE-CUERNAVACA-DESINCORPORACION-Y-ENAJENACION-DE-BIENES-MUEBLES-QUE-YA-NO-SON-APTOS-PARA-EL-SERVICIO-PUBLICO-3-600x400.jpeg 600w, https:\/\/cuernavaca.gob.mx\/wp-content\/uploads\/2023\/10\/ANALIZA-CABILDO-DE-CUERNAVACA-DESINCORPORACION-Y-ENAJENACION-DE-BIENES-MUEBLES-QUE-YA-NO-SON-APTOS-PARA-EL-SERVICIO-PUBLICO-3-560x373.jpeg 560w, https:\/\/cuernavaca.gob.mx\/wp-content\/uploads\/2023\/10\/ANALIZA-CABILDO-DE-CUERNAVACA-DESINCORPORACION-Y-ENAJENACION-DE-BIENES-MUEBLES-QUE-YA-NO-SON-APTOS-PARA-EL-SERVICIO-PUBLICO-3.jpeg 1600w\" sizes=\"(max-width: 300px) 100vw, 300px\" \/><\/div>\n","protected":false},"excerpt":{"rendered":"<p>\u2022 La s\u00edndica municipal, Ver\u00f3nica Atenco dio a conocer un informe sobre los 205 dict\u00e1menes de valuaci\u00f3n de los bienes muebles y veh\u00edculos susceptibles a ser desincorporados \u2022 Fueron realizados en coordinaci\u00f3n con la Tesorer\u00eda Municipal y \u00d3scar David S\u00e1nchez Galindo, perito valuador autorizado Con pleno respeto a los principios de legalidad, certeza y transparencia, [&hellip;]<\/p>\n","protected":false},"author":1,"featured_media":33536,"comment_status":"closed","ping_status":"open","sticky":false,"template":"","format":"standard","meta":[],"categories":[3047],"tags":[121,120,206],"aioseo_notices":[],"_links":{"self":[{"href":"https:\/\/cuernavaca.gob.mx\/index.php?rest_route=\/wp\/v2\/posts\/33534"}],"collection":[{"href":"https:\/\/cuernavaca.gob.mx\/index.php?rest_route=\/wp\/v2\/posts"}],"about":[{"href":"https:\/\/cuernavaca.gob.mx\/index.php?rest_route=\/wp\/v2\/types\/post"}],"author":[{"embeddable":true,"href":"https:\/\/cuernavaca.gob.mx\/index.php?rest_route=\/wp\/v2\/users\/1"}],"replies":[{"embeddable":true,"href":"https:\/\/cuernavaca.gob.mx\/index.php?rest_route=%2Fwp%2Fv2%2Fcomments&post=33534"}],"version-history":[{"count":2,"href":"https:\/\/cuernavaca.gob.mx\/index.php?rest_route=\/wp\/v2\/posts\/33534\/revisions"}],"predecessor-version":[{"id":33539,"href":"https:\/\/cuernavaca.gob.mx\/index.php?rest_route=\/wp\/v2\/posts\/33534\/revisions\/33539"}],"wp:featuredmedia":[{"embeddable":true,"href":"https:\/\/cuernavaca.gob.mx\/index.php?rest_route=\/wp\/v2\/media\/33536"}],"wp:attachment":[{"href":"https:\/\/cuernavaca.gob.mx\/index.php?rest_route=%2Fwp%2Fv2%2Fmedia&parent=33534"}],"wp:term":[{"taxonomy":"category","embeddable":true,"href":"https:\/\/cuernavaca.gob.mx\/index.php?rest_route=%2Fwp%2Fv2%2Fcategories&post=33534"},{"taxonomy":"post_tag","embeddable":true,"href":"https:\/\/cuernavaca.gob.mx\/index.php?rest_route=%2Fwp%2Fv2%2Ftags&post=33534"}],"curies":[{"name":"wp","href":"https:\/\/api.w.org\/{rel}","templated":true}]}}