{"id":33630,"date":"2023-10-10T15:45:52","date_gmt":"2023-10-10T21:45:52","guid":{"rendered":"https:\/\/cuernavaca.gob.mx\/?p=33630"},"modified":"2025-05-06T14:12:34","modified_gmt":"2025-05-06T20:12:34","slug":"f538-10-10-23-abona-ayuntamiento-de-cuernavaca-a-construir-comunidades-de-paz-con-escuela-para-padres","status":"publish","type":"post","link":"https:\/\/cuernavaca.gob.mx\/?p=33630","title":{"rendered":"F538 10\/10\/23 ABONA AYUNTAMIENTO DE CUERNAVACA A CONSTRUIR COMUNIDADES DE PAZ CON \u201cESCUELA PARA PADRES\u201d"},"content":{"rendered":"<p>A trav\u00e9s del programa \u201cEscuela para Padres\u201d el Ayuntamiento de Cuernavaca ha impulsado la reconstrucci\u00f3n del tejido social con los padres de familia y personal educativo, trabajando en conjunto para crear comunidades y entornos de paz donde se fomente la prevenci\u00f3n del delito de manera integral desde la casa.<\/p>\n<p>La secretaria de Desarrollo Humano y Participaci\u00f3n Social, Laura Hern\u00e1ndez Cruz, se\u00f1al\u00f3 que con este programa que se maneja bajo el eje transversal de perspectiva de familia, han dado pasos contundentes para ir formando equipo, ayudando a los padres de familia y cuidadores a tener noci\u00f3n y consciencia de los elementos en la pr\u00e1ctica de la crianza que les ayude a tomar decisiones acertadas y a tener mejores herramientas para acompa\u00f1ar los nuevos retos a los que se enfrentan sus hijos.<\/p>\n<p>Dijo que a la fecha han atendido cerca de 40 planteles de primaria, secundaria y preparatoria, donde han ubicado una diversidad de casos en materia de salud mental y en distintos tipos de violencia, los cuales han atendido de manera integral y multidisciplinaria.<\/p>\n<p>En este contexto, Hern\u00e1ndez Cruz se pronunci\u00f3 a favor de reactivar el operativo \u201cMochila Segura\u201d siempre y cuando sea una medida en coordinaci\u00f3n con los padres de familia, docentes y personal educativo, mismo que consider\u00f3 debe reforzarse con muchas otras acciones, como el tiempo de calidad con los hijos, clases de civismo al interior de las escuelas, y trabajar en la construcci\u00f3n de comunidades de paz, entre otras.<\/p>\n<p><img loading=\"lazy\" class=\"alignnone size-medium wp-image-33631\" src=\"https:\/\/cuernavaca.gob.mx\/wp-content\/uploads\/2023\/10\/ABONA-AYUNTAMIENTO-DE-CUERNAVACA-A-CONSTRUIR-COMUNIDADES-DE-PAZ-CON-ESCUELA-PARA-PADRES-1-300x225.jpg\" alt=\"\" width=\"300\" height=\"225\" srcset=\"https:\/\/cuernavaca.gob.mx\/wp-content\/uploads\/2023\/10\/ABONA-AYUNTAMIENTO-DE-CUERNAVACA-A-CONSTRUIR-COMUNIDADES-DE-PAZ-CON-ESCUELA-PARA-PADRES-1-300x225.jpg 300w, https:\/\/cuernavaca.gob.mx\/wp-content\/uploads\/2023\/10\/ABONA-AYUNTAMIENTO-DE-CUERNAVACA-A-CONSTRUIR-COMUNIDADES-DE-PAZ-CON-ESCUELA-PARA-PADRES-1-1024x768.jpg 1024w, https:\/\/cuernavaca.gob.mx\/wp-content\/uploads\/2023\/10\/ABONA-AYUNTAMIENTO-DE-CUERNAVACA-A-CONSTRUIR-COMUNIDADES-DE-PAZ-CON-ESCUELA-PARA-PADRES-1-768x576.jpg 768w, https:\/\/cuernavaca.gob.mx\/wp-content\/uploads\/2023\/10\/ABONA-AYUNTAMIENTO-DE-CUERNAVACA-A-CONSTRUIR-COMUNIDADES-DE-PAZ-CON-ESCUELA-PARA-PADRES-1-1536x1152.jpg 1536w, https:\/\/cuernavaca.gob.mx\/wp-content\/uploads\/2023\/10\/ABONA-AYUNTAMIENTO-DE-CUERNAVACA-A-CONSTRUIR-COMUNIDADES-DE-PAZ-CON-ESCUELA-PARA-PADRES-1-600x450.jpg 600w, https:\/\/cuernavaca.gob.mx\/wp-content\/uploads\/2023\/10\/ABONA-AYUNTAMIENTO-DE-CUERNAVACA-A-CONSTRUIR-COMUNIDADES-DE-PAZ-CON-ESCUELA-PARA-PADRES-1-560x420.jpg 560w, https:\/\/cuernavaca.gob.mx\/wp-content\/uploads\/2023\/10\/ABONA-AYUNTAMIENTO-DE-CUERNAVACA-A-CONSTRUIR-COMUNIDADES-DE-PAZ-CON-ESCUELA-PARA-PADRES-1.jpg 1600w\" sizes=\"(max-width: 300px) 100vw, 300px\" \/> <img loading=\"lazy\" class=\"alignnone size-medium wp-image-33632\" src=\"https:\/\/cuernavaca.gob.mx\/wp-content\/uploads\/2023\/10\/ABONA-AYUNTAMIENTO-DE-CUERNAVACA-A-CONSTRUIR-COMUNIDADES-DE-PAZ-CON-ESCUELA-PARA-PADRES-2-300x225.jpg\" alt=\"\" width=\"300\" height=\"225\" srcset=\"https:\/\/cuernavaca.gob.mx\/wp-content\/uploads\/2023\/10\/ABONA-AYUNTAMIENTO-DE-CUERNAVACA-A-CONSTRUIR-COMUNIDADES-DE-PAZ-CON-ESCUELA-PARA-PADRES-2-300x225.jpg 300w, https:\/\/cuernavaca.gob.mx\/wp-content\/uploads\/2023\/10\/ABONA-AYUNTAMIENTO-DE-CUERNAVACA-A-CONSTRUIR-COMUNIDADES-DE-PAZ-CON-ESCUELA-PARA-PADRES-2-1024x768.jpg 1024w, https:\/\/cuernavaca.gob.mx\/wp-content\/uploads\/2023\/10\/ABONA-AYUNTAMIENTO-DE-CUERNAVACA-A-CONSTRUIR-COMUNIDADES-DE-PAZ-CON-ESCUELA-PARA-PADRES-2-768x576.jpg 768w, https:\/\/cuernavaca.gob.mx\/wp-content\/uploads\/2023\/10\/ABONA-AYUNTAMIENTO-DE-CUERNAVACA-A-CONSTRUIR-COMUNIDADES-DE-PAZ-CON-ESCUELA-PARA-PADRES-2-600x450.jpg 600w, https:\/\/cuernavaca.gob.mx\/wp-content\/uploads\/2023\/10\/ABONA-AYUNTAMIENTO-DE-CUERNAVACA-A-CONSTRUIR-COMUNIDADES-DE-PAZ-CON-ESCUELA-PARA-PADRES-2-560x420.jpg 560w, https:\/\/cuernavaca.gob.mx\/wp-content\/uploads\/2023\/10\/ABONA-AYUNTAMIENTO-DE-CUERNAVACA-A-CONSTRUIR-COMUNIDADES-DE-PAZ-CON-ESCUELA-PARA-PADRES-2.jpg 1280w\" sizes=\"(max-width: 300px) 100vw, 300px\" \/> <img loading=\"lazy\" class=\"alignnone size-medium wp-image-33633\" src=\"https:\/\/cuernavaca.gob.mx\/wp-content\/uploads\/2023\/10\/ABONA-AYUNTAMIENTO-DE-CUERNAVACA-A-CONSTRUIR-COMUNIDADES-DE-PAZ-CON-ESCUELA-PARA-PADRES-3-300x225.jpg\" alt=\"\" width=\"300\" height=\"225\" srcset=\"https:\/\/cuernavaca.gob.mx\/wp-content\/uploads\/2023\/10\/ABONA-AYUNTAMIENTO-DE-CUERNAVACA-A-CONSTRUIR-COMUNIDADES-DE-PAZ-CON-ESCUELA-PARA-PADRES-3-300x225.jpg 300w, https:\/\/cuernavaca.gob.mx\/wp-content\/uploads\/2023\/10\/ABONA-AYUNTAMIENTO-DE-CUERNAVACA-A-CONSTRUIR-COMUNIDADES-DE-PAZ-CON-ESCUELA-PARA-PADRES-3-768x576.jpg 768w, https:\/\/cuernavaca.gob.mx\/wp-content\/uploads\/2023\/10\/ABONA-AYUNTAMIENTO-DE-CUERNAVACA-A-CONSTRUIR-COMUNIDADES-DE-PAZ-CON-ESCUELA-PARA-PADRES-3-600x450.jpg 600w, https:\/\/cuernavaca.gob.mx\/wp-content\/uploads\/2023\/10\/ABONA-AYUNTAMIENTO-DE-CUERNAVACA-A-CONSTRUIR-COMUNIDADES-DE-PAZ-CON-ESCUELA-PARA-PADRES-3-560x420.jpg 560w, https:\/\/cuernavaca.gob.mx\/wp-content\/uploads\/2023\/10\/ABONA-AYUNTAMIENTO-DE-CUERNAVACA-A-CONSTRUIR-COMUNIDADES-DE-PAZ-CON-ESCUELA-PARA-PADRES-3.jpg 1024w\" sizes=\"(max-width: 300px) 100vw, 300px\" \/><\/p>\n","protected":false},"excerpt":{"rendered":"<p>A trav\u00e9s del programa \u201cEscuela para Padres\u201d el Ayuntamiento de Cuernavaca ha impulsado la reconstrucci\u00f3n del tejido social con los padres de familia y personal educativo, trabajando en conjunto para crear comunidades y entornos de paz donde se fomente la prevenci\u00f3n del delito de manera integral desde la casa. La secretaria de Desarrollo Humano y [&hellip;]<\/p>\n","protected":false},"author":1,"featured_media":33632,"comment_status":"closed","ping_status":"open","sticky":false,"template":"","format":"standard","meta":[],"categories":[862],"tags":[121,576,2975,2337,120,206,470],"aioseo_notices":[],"_links":{"self":[{"href":"https:\/\/cuernavaca.gob.mx\/index.php?rest_route=\/wp\/v2\/posts\/33630"}],"collection":[{"href":"https:\/\/cuernavaca.gob.mx\/index.php?rest_route=\/wp\/v2\/posts"}],"about":[{"href":"https:\/\/cuernavaca.gob.mx\/index.php?rest_route=\/wp\/v2\/types\/post"}],"author":[{"embeddable":true,"href":"https:\/\/cuernavaca.gob.mx\/index.php?rest_route=\/wp\/v2\/users\/1"}],"replies":[{"embeddable":true,"href":"https:\/\/cuernavaca.gob.mx\/index.php?rest_route=%2Fwp%2Fv2%2Fcomments&post=33630"}],"version-history":[{"count":1,"href":"https:\/\/cuernavaca.gob.mx\/index.php?rest_route=\/wp\/v2\/posts\/33630\/revisions"}],"predecessor-version":[{"id":33634,"href":"https:\/\/cuernavaca.gob.mx\/index.php?rest_route=\/wp\/v2\/posts\/33630\/revisions\/33634"}],"wp:featuredmedia":[{"embeddable":true,"href":"https:\/\/cuernavaca.gob.mx\/index.php?rest_route=\/wp\/v2\/media\/33632"}],"wp:attachment":[{"href":"https:\/\/cuernavaca.gob.mx\/index.php?rest_route=%2Fwp%2Fv2%2Fmedia&parent=33630"}],"wp:term":[{"taxonomy":"category","embeddable":true,"href":"https:\/\/cuernavaca.gob.mx\/index.php?rest_route=%2Fwp%2Fv2%2Fcategories&post=33630"},{"taxonomy":"post_tag","embeddable":true,"href":"https:\/\/cuernavaca.gob.mx\/index.php?rest_route=%2Fwp%2Fv2%2Ftags&post=33630"}],"curies":[{"name":"wp","href":"https:\/\/api.w.org\/{rel}","templated":true}]}}