{"id":33758,"date":"2023-10-16T14:00:37","date_gmt":"2023-10-16T20:00:37","guid":{"rendered":"https:\/\/cuernavaca.gob.mx\/?p=33758"},"modified":"2025-05-06T14:12:31","modified_gmt":"2025-05-06T20:12:31","slug":"b1337-16-10-23-los-alcaldes-jose-luis-uriostegui-y-kazuhiko-ueshima-refrendan-hermanamiento-al-celebrar-el-20-aniversario-de-amistad-entre-cuernavaca-y-mino","status":"publish","type":"post","link":"https:\/\/cuernavaca.gob.mx\/?p=33758","title":{"rendered":"B1337 16\/10\/23 LOS ALCALDES JOS\u00c9 LUIS URI\u00d3STEGUI Y KAZUHIKO UESHIMA REFRENDAN HERMANAMIENTO AL CELEBRAR EL 20 ANIVERSARIO DE AMISTAD ENTRE CUERNAVACA Y MIN\u014c"},"content":{"rendered":"<p><strong>\u2022 Con una gran fiesta mexicana realizada en Jap\u00f3n fue recibido el presidente municipal y la comitiva de la sociedad civil que acompa\u00f1\u00f3 la visita<\/strong><\/p>\n<p><strong>\u2022 El presidente municipal de Cuernavaca agradeci\u00f3 el apoyo de la Embajada de M\u00e9xico en Jap\u00f3n, a cargo de Melba Pria durante su estancia en este pa\u00eds<\/strong><\/p>\n<p>Con una gran fiesta mexicana, el presidente municipal Jos\u00e9 Luis Uri\u00f3stegui Salgado particip\u00f3 en la celebraci\u00f3n del 20 aniversario del lazo de Amistad entre las ciudades de Cuernavaca y Min\u014d, perteneciente a la Prefectura de Osaka en Jap\u00f3n, un acuerdo que data desde 1992 y que se ha mantenido con un permanente intercambio de actividades que vinculan a estos dos pueblos.<\/p>\n<p>En esta \u00faltima parada de la visita oficial al lejano oriente, Jos\u00e9 Luis Uri\u00f3stegui agradeci\u00f3 el apoyo de la Embajada de M\u00e9xico en Jap\u00f3n, a cargo de Melba Pria Olavarrieta, durante su estancia en este pa\u00eds permitiendo concretar estos encuentros como el ocurrido con autoridades del Ayuntamiento de Min\u014d encabezadas por el Alcalde Kazuhiko Ueshima, quienes dieron una efusiva bienvenida al Alcalde de Cuernavaca, quien es el primer presidente municipal que acude a esas tierras a dejar constancia que, con su presencia, hay estrechos lazos entre M\u00e9xico y Jap\u00f3n.<\/p>\n<p>Junto a su esposa, Luz Mar\u00eda Zagal Guzm\u00e1n, presidenta del DIF Cuernavaca y la comitiva integrada por Sachiko Kimura, asistente de la secci\u00f3n Cultural de la Embajada de Jap\u00f3n en M\u00e9xico, Yahir Segura Camacho, enlace con la ciudad de Min\u014d entre otros, el Alcalde Jos\u00e9 Luis Uri\u00f3stegui hizo entrega a su hom\u00f3logo Kazuhiko Ueshima en esta ceremonia, de obsequios con los que se refrenda el inter\u00e9s de mantener el hermanamiento y reforzarlo con otras actividades.<\/p>\n<p>M\u00e1s tarde, en el Gran Sal\u00f3n del Teatro Cultural y de Artes Esc\u00e9nicas Otowa Sanso, se desarroll\u00f3 la celebraci\u00f3n por el 20 Aniversario del denominado \u201cV\u00ednculo como Ciudades Internacionales de Amistad entre las ciudades de Cuernavaca y Min\u014d, con presentaciones art\u00edsticas y culturales, escenario que sirvi\u00f3 para hacer la invitaci\u00f3n formal para que el Alcalde Kazuhiko Ueshima visite la capital del estado de Morelos.<\/p>\n<p>Esta invitaci\u00f3n, resalt\u00f3 Jos\u00e9 Luis Uri\u00f3stegui es con el prop\u00f3sito de seguir fortaleciendo esta relaci\u00f3n que tambi\u00e9n ha dado como resultados un importante n\u00famero de intercambios con familias japonesas, as\u00ed como un mejor aprovechamiento con el intercambio que se tiene con la Universidad Aut\u00f3noma del Estado de Morelos (UAEM) para que j\u00f3venes estudien el idioma y aprendan m\u00e1s de esa cultura milenaria.<\/p>\n<p><img loading=\"lazy\" class=\"alignnone size-medium wp-image-33759\" src=\"https:\/\/cuernavaca.gob.mx\/wp-content\/uploads\/2023\/10\/LOS-ALCALDES-JOSE\u0301-LUIS-URIO\u0301STEGUI-Y-KAZUHIKO-UESHIMA-REFRENDAN-HERMANAMIENTO-AL-CELEBRAR-EL-20-ANIVERSARIO-DE-AMISTAD-ENTRE-CUERNAVACA-Y-MINO\u0304-1-300x133.jpg\" alt=\"\" width=\"300\" height=\"133\" srcset=\"https:\/\/cuernavaca.gob.mx\/wp-content\/uploads\/2023\/10\/LOS-ALCALDES-JOSE\u0301-LUIS-URIO\u0301STEGUI-Y-KAZUHIKO-UESHIMA-REFRENDAN-HERMANAMIENTO-AL-CELEBRAR-EL-20-ANIVERSARIO-DE-AMISTAD-ENTRE-CUERNAVACA-Y-MINO\u0304-1-300x133.jpg 300w, https:\/\/cuernavaca.gob.mx\/wp-content\/uploads\/2023\/10\/LOS-ALCALDES-JOSE\u0301-LUIS-URIO\u0301STEGUI-Y-KAZUHIKO-UESHIMA-REFRENDAN-HERMANAMIENTO-AL-CELEBRAR-EL-20-ANIVERSARIO-DE-AMISTAD-ENTRE-CUERNAVACA-Y-MINO\u0304-1-1024x454.jpg 1024w, https:\/\/cuernavaca.gob.mx\/wp-content\/uploads\/2023\/10\/LOS-ALCALDES-JOSE\u0301-LUIS-URIO\u0301STEGUI-Y-KAZUHIKO-UESHIMA-REFRENDAN-HERMANAMIENTO-AL-CELEBRAR-EL-20-ANIVERSARIO-DE-AMISTAD-ENTRE-CUERNAVACA-Y-MINO\u0304-1-768x340.jpg 768w, https:\/\/cuernavaca.gob.mx\/wp-content\/uploads\/2023\/10\/LOS-ALCALDES-JOSE\u0301-LUIS-URIO\u0301STEGUI-Y-KAZUHIKO-UESHIMA-REFRENDAN-HERMANAMIENTO-AL-CELEBRAR-EL-20-ANIVERSARIO-DE-AMISTAD-ENTRE-CUERNAVACA-Y-MINO\u0304-1-1536x681.jpg 1536w, https:\/\/cuernavaca.gob.mx\/wp-content\/uploads\/2023\/10\/LOS-ALCALDES-JOSE\u0301-LUIS-URIO\u0301STEGUI-Y-KAZUHIKO-UESHIMA-REFRENDAN-HERMANAMIENTO-AL-CELEBRAR-EL-20-ANIVERSARIO-DE-AMISTAD-ENTRE-CUERNAVACA-Y-MINO\u0304-1-600x266.jpg 600w, https:\/\/cuernavaca.gob.mx\/wp-content\/uploads\/2023\/10\/LOS-ALCALDES-JOSE\u0301-LUIS-URIO\u0301STEGUI-Y-KAZUHIKO-UESHIMA-REFRENDAN-HERMANAMIENTO-AL-CELEBRAR-EL-20-ANIVERSARIO-DE-AMISTAD-ENTRE-CUERNAVACA-Y-MINO\u0304-1-560x248.jpg 560w, https:\/\/cuernavaca.gob.mx\/wp-content\/uploads\/2023\/10\/LOS-ALCALDES-JOSE\u0301-LUIS-URIO\u0301STEGUI-Y-KAZUHIKO-UESHIMA-REFRENDAN-HERMANAMIENTO-AL-CELEBRAR-EL-20-ANIVERSARIO-DE-AMISTAD-ENTRE-CUERNAVACA-Y-MINO\u0304-1.jpg 1600w\" sizes=\"(max-width: 300px) 100vw, 300px\" \/> <img loading=\"lazy\" class=\"alignnone size-medium wp-image-33760\" src=\"https:\/\/cuernavaca.gob.mx\/wp-content\/uploads\/2023\/10\/LOS-ALCALDES-JOSE\u0301-LUIS-URIO\u0301STEGUI-Y-KAZUHIKO-UESHIMA-REFRENDAN-HERMANAMIENTO-AL-CELEBRAR-EL-20-ANIVERSARIO-DE-AMISTAD-ENTRE-CUERNAVACA-Y-MINO\u0304-2-300x152.jpg\" alt=\"\" width=\"300\" height=\"152\" srcset=\"https:\/\/cuernavaca.gob.mx\/wp-content\/uploads\/2023\/10\/LOS-ALCALDES-JOSE\u0301-LUIS-URIO\u0301STEGUI-Y-KAZUHIKO-UESHIMA-REFRENDAN-HERMANAMIENTO-AL-CELEBRAR-EL-20-ANIVERSARIO-DE-AMISTAD-ENTRE-CUERNAVACA-Y-MINO\u0304-2-300x152.jpg 300w, https:\/\/cuernavaca.gob.mx\/wp-content\/uploads\/2023\/10\/LOS-ALCALDES-JOSE\u0301-LUIS-URIO\u0301STEGUI-Y-KAZUHIKO-UESHIMA-REFRENDAN-HERMANAMIENTO-AL-CELEBRAR-EL-20-ANIVERSARIO-DE-AMISTAD-ENTRE-CUERNAVACA-Y-MINO\u0304-2-1024x520.jpg 1024w, https:\/\/cuernavaca.gob.mx\/wp-content\/uploads\/2023\/10\/LOS-ALCALDES-JOSE\u0301-LUIS-URIO\u0301STEGUI-Y-KAZUHIKO-UESHIMA-REFRENDAN-HERMANAMIENTO-AL-CELEBRAR-EL-20-ANIVERSARIO-DE-AMISTAD-ENTRE-CUERNAVACA-Y-MINO\u0304-2-768x390.jpg 768w, https:\/\/cuernavaca.gob.mx\/wp-content\/uploads\/2023\/10\/LOS-ALCALDES-JOSE\u0301-LUIS-URIO\u0301STEGUI-Y-KAZUHIKO-UESHIMA-REFRENDAN-HERMANAMIENTO-AL-CELEBRAR-EL-20-ANIVERSARIO-DE-AMISTAD-ENTRE-CUERNAVACA-Y-MINO\u0304-2-600x305.jpg 600w, https:\/\/cuernavaca.gob.mx\/wp-content\/uploads\/2023\/10\/LOS-ALCALDES-JOSE\u0301-LUIS-URIO\u0301STEGUI-Y-KAZUHIKO-UESHIMA-REFRENDAN-HERMANAMIENTO-AL-CELEBRAR-EL-20-ANIVERSARIO-DE-AMISTAD-ENTRE-CUERNAVACA-Y-MINO\u0304-2-560x284.jpg 560w, https:\/\/cuernavaca.gob.mx\/wp-content\/uploads\/2023\/10\/LOS-ALCALDES-JOSE\u0301-LUIS-URIO\u0301STEGUI-Y-KAZUHIKO-UESHIMA-REFRENDAN-HERMANAMIENTO-AL-CELEBRAR-EL-20-ANIVERSARIO-DE-AMISTAD-ENTRE-CUERNAVACA-Y-MINO\u0304-2.jpg 1040w\" sizes=\"(max-width: 300px) 100vw, 300px\" \/> <img loading=\"lazy\" class=\"alignnone size-medium wp-image-33761\" src=\"https:\/\/cuernavaca.gob.mx\/wp-content\/uploads\/2023\/10\/LOS-ALCALDES-JOSE\u0301-LUIS-URIO\u0301STEGUI-Y-KAZUHIKO-UESHIMA-REFRENDAN-HERMANAMIENTO-AL-CELEBRAR-EL-20-ANIVERSARIO-DE-AMISTAD-ENTRE-CUERNAVACA-Y-MINO\u0304-3-300x162.jpg\" alt=\"\" width=\"300\" height=\"162\" srcset=\"https:\/\/cuernavaca.gob.mx\/wp-content\/uploads\/2023\/10\/LOS-ALCALDES-JOSE\u0301-LUIS-URIO\u0301STEGUI-Y-KAZUHIKO-UESHIMA-REFRENDAN-HERMANAMIENTO-AL-CELEBRAR-EL-20-ANIVERSARIO-DE-AMISTAD-ENTRE-CUERNAVACA-Y-MINO\u0304-3-300x162.jpg 300w, https:\/\/cuernavaca.gob.mx\/wp-content\/uploads\/2023\/10\/LOS-ALCALDES-JOSE\u0301-LUIS-URIO\u0301STEGUI-Y-KAZUHIKO-UESHIMA-REFRENDAN-HERMANAMIENTO-AL-CELEBRAR-EL-20-ANIVERSARIO-DE-AMISTAD-ENTRE-CUERNAVACA-Y-MINO\u0304-3-1024x552.jpg 1024w, https:\/\/cuernavaca.gob.mx\/wp-content\/uploads\/2023\/10\/LOS-ALCALDES-JOSE\u0301-LUIS-URIO\u0301STEGUI-Y-KAZUHIKO-UESHIMA-REFRENDAN-HERMANAMIENTO-AL-CELEBRAR-EL-20-ANIVERSARIO-DE-AMISTAD-ENTRE-CUERNAVACA-Y-MINO\u0304-3-768x414.jpg 768w, https:\/\/cuernavaca.gob.mx\/wp-content\/uploads\/2023\/10\/LOS-ALCALDES-JOSE\u0301-LUIS-URIO\u0301STEGUI-Y-KAZUHIKO-UESHIMA-REFRENDAN-HERMANAMIENTO-AL-CELEBRAR-EL-20-ANIVERSARIO-DE-AMISTAD-ENTRE-CUERNAVACA-Y-MINO\u0304-3-1536x828.jpg 1536w, https:\/\/cuernavaca.gob.mx\/wp-content\/uploads\/2023\/10\/LOS-ALCALDES-JOSE\u0301-LUIS-URIO\u0301STEGUI-Y-KAZUHIKO-UESHIMA-REFRENDAN-HERMANAMIENTO-AL-CELEBRAR-EL-20-ANIVERSARIO-DE-AMISTAD-ENTRE-CUERNAVACA-Y-MINO\u0304-3-600x323.jpg 600w, https:\/\/cuernavaca.gob.mx\/wp-content\/uploads\/2023\/10\/LOS-ALCALDES-JOSE\u0301-LUIS-URIO\u0301STEGUI-Y-KAZUHIKO-UESHIMA-REFRENDAN-HERMANAMIENTO-AL-CELEBRAR-EL-20-ANIVERSARIO-DE-AMISTAD-ENTRE-CUERNAVACA-Y-MINO\u0304-3-560x302.jpg 560w, https:\/\/cuernavaca.gob.mx\/wp-content\/uploads\/2023\/10\/LOS-ALCALDES-JOSE\u0301-LUIS-URIO\u0301STEGUI-Y-KAZUHIKO-UESHIMA-REFRENDAN-HERMANAMIENTO-AL-CELEBRAR-EL-20-ANIVERSARIO-DE-AMISTAD-ENTRE-CUERNAVACA-Y-MINO\u0304-3.jpg 1600w\" sizes=\"(max-width: 300px) 100vw, 300px\" \/> <img loading=\"lazy\" class=\"alignnone size-medium wp-image-33762\" src=\"https:\/\/cuernavaca.gob.mx\/wp-content\/uploads\/2023\/10\/LOS-ALCALDES-JOSE\u0301-LUIS-URIO\u0301STEGUI-Y-KAZUHIKO-UESHIMA-REFRENDAN-HERMANAMIENTO-AL-CELEBRAR-EL-20-ANIVERSARIO-DE-AMISTAD-ENTRE-CUERNAVACA-Y-MINO\u0304-4-300x225.jpg\" alt=\"\" width=\"300\" height=\"225\" srcset=\"https:\/\/cuernavaca.gob.mx\/wp-content\/uploads\/2023\/10\/LOS-ALCALDES-JOSE\u0301-LUIS-URIO\u0301STEGUI-Y-KAZUHIKO-UESHIMA-REFRENDAN-HERMANAMIENTO-AL-CELEBRAR-EL-20-ANIVERSARIO-DE-AMISTAD-ENTRE-CUERNAVACA-Y-MINO\u0304-4-300x225.jpg 300w, https:\/\/cuernavaca.gob.mx\/wp-content\/uploads\/2023\/10\/LOS-ALCALDES-JOSE\u0301-LUIS-URIO\u0301STEGUI-Y-KAZUHIKO-UESHIMA-REFRENDAN-HERMANAMIENTO-AL-CELEBRAR-EL-20-ANIVERSARIO-DE-AMISTAD-ENTRE-CUERNAVACA-Y-MINO\u0304-4-1024x768.jpg 1024w, https:\/\/cuernavaca.gob.mx\/wp-content\/uploads\/2023\/10\/LOS-ALCALDES-JOSE\u0301-LUIS-URIO\u0301STEGUI-Y-KAZUHIKO-UESHIMA-REFRENDAN-HERMANAMIENTO-AL-CELEBRAR-EL-20-ANIVERSARIO-DE-AMISTAD-ENTRE-CUERNAVACA-Y-MINO\u0304-4-768x576.jpg 768w, https:\/\/cuernavaca.gob.mx\/wp-content\/uploads\/2023\/10\/LOS-ALCALDES-JOSE\u0301-LUIS-URIO\u0301STEGUI-Y-KAZUHIKO-UESHIMA-REFRENDAN-HERMANAMIENTO-AL-CELEBRAR-EL-20-ANIVERSARIO-DE-AMISTAD-ENTRE-CUERNAVACA-Y-MINO\u0304-4-600x450.jpg 600w, https:\/\/cuernavaca.gob.mx\/wp-content\/uploads\/2023\/10\/LOS-ALCALDES-JOSE\u0301-LUIS-URIO\u0301STEGUI-Y-KAZUHIKO-UESHIMA-REFRENDAN-HERMANAMIENTO-AL-CELEBRAR-EL-20-ANIVERSARIO-DE-AMISTAD-ENTRE-CUERNAVACA-Y-MINO\u0304-4-560x420.jpg 560w, https:\/\/cuernavaca.gob.mx\/wp-content\/uploads\/2023\/10\/LOS-ALCALDES-JOSE\u0301-LUIS-URIO\u0301STEGUI-Y-KAZUHIKO-UESHIMA-REFRENDAN-HERMANAMIENTO-AL-CELEBRAR-EL-20-ANIVERSARIO-DE-AMISTAD-ENTRE-CUERNAVACA-Y-MINO\u0304-4.jpg 1477w\" sizes=\"(max-width: 300px) 100vw, 300px\" \/> <img loading=\"lazy\" class=\"alignnone size-medium wp-image-33763\" src=\"https:\/\/cuernavaca.gob.mx\/wp-content\/uploads\/2023\/10\/LOS-ALCALDES-JOSE\u0301-LUIS-URIO\u0301STEGUI-Y-KAZUHIKO-UESHIMA-REFRENDAN-HERMANAMIENTO-AL-CELEBRAR-EL-20-ANIVERSARIO-DE-AMISTAD-ENTRE-CUERNAVACA-Y-MINO\u0304-5-225x300.jpg\" alt=\"\" width=\"225\" height=\"300\" srcset=\"https:\/\/cuernavaca.gob.mx\/wp-content\/uploads\/2023\/10\/LOS-ALCALDES-JOSE\u0301-LUIS-URIO\u0301STEGUI-Y-KAZUHIKO-UESHIMA-REFRENDAN-HERMANAMIENTO-AL-CELEBRAR-EL-20-ANIVERSARIO-DE-AMISTAD-ENTRE-CUERNAVACA-Y-MINO\u0304-5-225x300.jpg 225w, https:\/\/cuernavaca.gob.mx\/wp-content\/uploads\/2023\/10\/LOS-ALCALDES-JOSE\u0301-LUIS-URIO\u0301STEGUI-Y-KAZUHIKO-UESHIMA-REFRENDAN-HERMANAMIENTO-AL-CELEBRAR-EL-20-ANIVERSARIO-DE-AMISTAD-ENTRE-CUERNAVACA-Y-MINO\u0304-5-768x1024.jpg 768w, https:\/\/cuernavaca.gob.mx\/wp-content\/uploads\/2023\/10\/LOS-ALCALDES-JOSE\u0301-LUIS-URIO\u0301STEGUI-Y-KAZUHIKO-UESHIMA-REFRENDAN-HERMANAMIENTO-AL-CELEBRAR-EL-20-ANIVERSARIO-DE-AMISTAD-ENTRE-CUERNAVACA-Y-MINO\u0304-5-450x600.jpg 450w, https:\/\/cuernavaca.gob.mx\/wp-content\/uploads\/2023\/10\/LOS-ALCALDES-JOSE\u0301-LUIS-URIO\u0301STEGUI-Y-KAZUHIKO-UESHIMA-REFRENDAN-HERMANAMIENTO-AL-CELEBRAR-EL-20-ANIVERSARIO-DE-AMISTAD-ENTRE-CUERNAVACA-Y-MINO\u0304-5-420x560.jpg 420w, https:\/\/cuernavaca.gob.mx\/wp-content\/uploads\/2023\/10\/LOS-ALCALDES-JOSE\u0301-LUIS-URIO\u0301STEGUI-Y-KAZUHIKO-UESHIMA-REFRENDAN-HERMANAMIENTO-AL-CELEBRAR-EL-20-ANIVERSARIO-DE-AMISTAD-ENTRE-CUERNAVACA-Y-MINO\u0304-5.jpg 1108w\" sizes=\"(max-width: 225px) 100vw, 225px\" \/><\/p>\n","protected":false},"excerpt":{"rendered":"<p>\u2022 Con una gran fiesta mexicana realizada en Jap\u00f3n fue recibido el presidente municipal y la comitiva de la sociedad civil que acompa\u00f1\u00f3 la visita \u2022 El presidente municipal de Cuernavaca agradeci\u00f3 el apoyo de la Embajada de M\u00e9xico en Jap\u00f3n, a cargo de Melba Pria durante su estancia en este pa\u00eds Con una gran [&hellip;]<\/p>\n","protected":false},"author":1,"featured_media":33763,"comment_status":"closed","ping_status":"open","sticky":false,"template":"","format":"standard","meta":[],"categories":[20],"tags":[1708,121,190,1929,1479,120,3329,206],"aioseo_notices":[],"_links":{"self":[{"href":"https:\/\/cuernavaca.gob.mx\/index.php?rest_route=\/wp\/v2\/posts\/33758"}],"collection":[{"href":"https:\/\/cuernavaca.gob.mx\/index.php?rest_route=\/wp\/v2\/posts"}],"about":[{"href":"https:\/\/cuernavaca.gob.mx\/index.php?rest_route=\/wp\/v2\/types\/post"}],"author":[{"embeddable":true,"href":"https:\/\/cuernavaca.gob.mx\/index.php?rest_route=\/wp\/v2\/users\/1"}],"replies":[{"embeddable":true,"href":"https:\/\/cuernavaca.gob.mx\/index.php?rest_route=%2Fwp%2Fv2%2Fcomments&post=33758"}],"version-history":[{"count":1,"href":"https:\/\/cuernavaca.gob.mx\/index.php?rest_route=\/wp\/v2\/posts\/33758\/revisions"}],"predecessor-version":[{"id":33764,"href":"https:\/\/cuernavaca.gob.mx\/index.php?rest_route=\/wp\/v2\/posts\/33758\/revisions\/33764"}],"wp:featuredmedia":[{"embeddable":true,"href":"https:\/\/cuernavaca.gob.mx\/index.php?rest_route=\/wp\/v2\/media\/33763"}],"wp:attachment":[{"href":"https:\/\/cuernavaca.gob.mx\/index.php?rest_route=%2Fwp%2Fv2%2Fmedia&parent=33758"}],"wp:term":[{"taxonomy":"category","embeddable":true,"href":"https:\/\/cuernavaca.gob.mx\/index.php?rest_route=%2Fwp%2Fv2%2Fcategories&post=33758"},{"taxonomy":"post_tag","embeddable":true,"href":"https:\/\/cuernavaca.gob.mx\/index.php?rest_route=%2Fwp%2Fv2%2Ftags&post=33758"}],"curies":[{"name":"wp","href":"https:\/\/api.w.org\/{rel}","templated":true}]}}