{"id":33765,"date":"2023-10-16T14:15:06","date_gmt":"2023-10-16T20:15:06","guid":{"rendered":"https:\/\/cuernavaca.gob.mx\/?p=33765"},"modified":"2025-05-06T14:12:31","modified_gmt":"2025-05-06T20:12:31","slug":"b1338-16-10-23-comite-de-contingencias-de-cuernavaca-presenta-acciones-de-trabajo-para-mitigar-zona-de-riesgo-en-la-colonia-los-pilares","status":"publish","type":"post","link":"https:\/\/cuernavaca.gob.mx\/?p=33765","title":{"rendered":"B1338 16\/10\/23 COMIT\u00c9 DE CONTINGENCIAS DE CUERNAVACA PRESENTA ACCIONES DE TRABAJO PARA MITIGAR ZONA DE RIESGO EN LA COLONIA LOS PILARES"},"content":{"rendered":"<p><strong>\u2022 En sesi\u00f3n ordinaria del Comit\u00e9 diversas \u00e1reas municipales presentaron propuestas que se integran al Programa Espec\u00edfico de Protecci\u00f3n Civil para atender la inestabilidad del pared\u00f3n del pante\u00f3n Jardines de la Paz<\/strong><\/p>\n<p><strong>\u2022 El Ayuntamiento de Cuernavaca contempla la notificaci\u00f3n de los titulares de 500 fosas que deben ser reubicadas, ya que ocupan la franja de 10 metros para implementar los trabajos de atenci\u00f3n al pared\u00f3n<\/strong><\/p>\n<p>El Ayuntamiento de Cuernavaca avanza en las propuestas que se contemplan en las estrategias de remediaci\u00f3n y en el proyecto integral para atender la contingencia en la zona cero del pante\u00f3n Jardines de La Paz, definiendo un trabajo en conjunto con la Coordinaci\u00f3n Estatal de Protecci\u00f3n Civil para gestionar fondos federales que ayuden a mitigar los riesgos por la inestabilidad del pared\u00f3n que colinda con la colonia Los Pilares.<\/p>\n<p>En la sesi\u00f3n ordinaria del Comit\u00e9 de Contingencias del Municipio de Cuernavaca, este lunes se hizo la presentaci\u00f3n del Programa Espec\u00edfico de Protecci\u00f3n Civil, donde diversas \u00e1reas rindieron un informe respecto del avance que tienen en las acciones de mitigaci\u00f3n de manera individual y colectiva para corregir la inestabilidad del pared\u00f3n en el pante\u00f3n Jardines de la Paz que desde el a\u00f1o 2004 ha registrado diversos eventos, como la ca\u00edda de piedra y arena, aunque fue el a\u00f1o pasado cuando se registr\u00f3 su deslave.<\/p>\n<p>En este programa participan la Consejer\u00eda Jur\u00eddica, las Secretar\u00edas del Ayuntamiento, de Desarrollo Urbano y Obras P\u00fablicas, de Protecci\u00f3n Civil y Auxilio Ciudadano, de Administraci\u00f3n, de Desarrollo Humano y Participaci\u00f3n Social, as\u00ed como de Desarrollo Sustentable y Servicios P\u00fablicos; adem\u00e1s del Sistema de Agua Potable y Alcantarillado de Cuernavaca y las direcciones del pante\u00f3n Jardines de La Paz, del Heroico Cuerpo de Bomberos y de Comunicaci\u00f3n Social.<\/p>\n<p>Al respecto, el secretario del Ayuntamiento y presidente del comit\u00e9, Carlos de la Rosa Segura, refiri\u00f3 que, por instrucciones del presidente municipal, Jos\u00e9 Luis Uri\u00f3stegui Salgado, definieron como primer punto las actividades a ejecutar para remover los 500 fosas que ocupan la franja de 10 metros que solicita la Secretar\u00eda de Desarrollo Urbano y Obras P\u00fablicas para implementar los trabajos de atenci\u00f3n del pared\u00f3n, toda vez que pretenden que los restos puedan ser reubicados en columbarios que construir\u00e1n alrededor de la cancha de b\u00e1squetbol.<\/p>\n<p>Aclar\u00f3 que cualquier duda por parte de los titulares de los espacios ser\u00e1 aclarada por la Direcci\u00f3n del pante\u00f3n Jardines de La Paz, destacando que el Ayuntamiento de Cuernavaca estar\u00e1 otorgando el cambio de fosa por nicho sin ning\u00fan costo, cubriendo todos los gastos que se necesiten para ello; concluyendo con esta etapa continuar\u00e1n con la remediaci\u00f3n del pared\u00f3n.<\/p>\n<p>En el marco de la sesi\u00f3n, la representaci\u00f3n de la Coordinaci\u00f3n Estatal de Protecci\u00f3n Civil manifest\u00f3 la disposici\u00f3n de la dependencia por apoyar al municipio de Cuernavaca, ayud\u00e1ndoles a llenar los formularios correspondientes al proyecto, a fin de que la Federaci\u00f3n pueda considerarlo dentro del Fondo para la Prevenci\u00f3n de Desastres Naturales.<\/p>\n<p><img loading=\"lazy\" class=\"alignnone size-medium wp-image-33766\" src=\"https:\/\/cuernavaca.gob.mx\/wp-content\/uploads\/2023\/10\/COMITE\u0301-DE-CONTINGENCIAS-DE-CUERNAVACA-PRESENTA-ACCIONES-DE-TRABAJO-PARA-MITIGAR-ZONA-DE-RIESGO-EN-LA-COLONIA-LOS-PILARES-1-300x200.jpg\" alt=\"\" width=\"300\" height=\"200\" srcset=\"https:\/\/cuernavaca.gob.mx\/wp-content\/uploads\/2023\/10\/COMITE\u0301-DE-CONTINGENCIAS-DE-CUERNAVACA-PRESENTA-ACCIONES-DE-TRABAJO-PARA-MITIGAR-ZONA-DE-RIESGO-EN-LA-COLONIA-LOS-PILARES-1-300x200.jpg 300w, https:\/\/cuernavaca.gob.mx\/wp-content\/uploads\/2023\/10\/COMITE\u0301-DE-CONTINGENCIAS-DE-CUERNAVACA-PRESENTA-ACCIONES-DE-TRABAJO-PARA-MITIGAR-ZONA-DE-RIESGO-EN-LA-COLONIA-LOS-PILARES-1-1024x682.jpg 1024w, https:\/\/cuernavaca.gob.mx\/wp-content\/uploads\/2023\/10\/COMITE\u0301-DE-CONTINGENCIAS-DE-CUERNAVACA-PRESENTA-ACCIONES-DE-TRABAJO-PARA-MITIGAR-ZONA-DE-RIESGO-EN-LA-COLONIA-LOS-PILARES-1-768x512.jpg 768w, https:\/\/cuernavaca.gob.mx\/wp-content\/uploads\/2023\/10\/COMITE\u0301-DE-CONTINGENCIAS-DE-CUERNAVACA-PRESENTA-ACCIONES-DE-TRABAJO-PARA-MITIGAR-ZONA-DE-RIESGO-EN-LA-COLONIA-LOS-PILARES-1-600x400.jpg 600w, https:\/\/cuernavaca.gob.mx\/wp-content\/uploads\/2023\/10\/COMITE\u0301-DE-CONTINGENCIAS-DE-CUERNAVACA-PRESENTA-ACCIONES-DE-TRABAJO-PARA-MITIGAR-ZONA-DE-RIESGO-EN-LA-COLONIA-LOS-PILARES-1-560x373.jpg 560w, https:\/\/cuernavaca.gob.mx\/wp-content\/uploads\/2023\/10\/COMITE\u0301-DE-CONTINGENCIAS-DE-CUERNAVACA-PRESENTA-ACCIONES-DE-TRABAJO-PARA-MITIGAR-ZONA-DE-RIESGO-EN-LA-COLONIA-LOS-PILARES-1.jpg 1280w\" sizes=\"(max-width: 300px) 100vw, 300px\" \/> <img loading=\"lazy\" class=\"alignnone size-medium wp-image-33767\" src=\"https:\/\/cuernavaca.gob.mx\/wp-content\/uploads\/2023\/10\/COMITE\u0301-DE-CONTINGENCIAS-DE-CUERNAVACA-PRESENTA-ACCIONES-DE-TRABAJO-PARA-MITIGAR-ZONA-DE-RIESGO-EN-LA-COLONIA-LOS-PILARES-2-300x200.jpg\" alt=\"\" width=\"300\" height=\"200\" srcset=\"https:\/\/cuernavaca.gob.mx\/wp-content\/uploads\/2023\/10\/COMITE\u0301-DE-CONTINGENCIAS-DE-CUERNAVACA-PRESENTA-ACCIONES-DE-TRABAJO-PARA-MITIGAR-ZONA-DE-RIESGO-EN-LA-COLONIA-LOS-PILARES-2-300x200.jpg 300w, https:\/\/cuernavaca.gob.mx\/wp-content\/uploads\/2023\/10\/COMITE\u0301-DE-CONTINGENCIAS-DE-CUERNAVACA-PRESENTA-ACCIONES-DE-TRABAJO-PARA-MITIGAR-ZONA-DE-RIESGO-EN-LA-COLONIA-LOS-PILARES-2-1024x682.jpg 1024w, https:\/\/cuernavaca.gob.mx\/wp-content\/uploads\/2023\/10\/COMITE\u0301-DE-CONTINGENCIAS-DE-CUERNAVACA-PRESENTA-ACCIONES-DE-TRABAJO-PARA-MITIGAR-ZONA-DE-RIESGO-EN-LA-COLONIA-LOS-PILARES-2-768x512.jpg 768w, https:\/\/cuernavaca.gob.mx\/wp-content\/uploads\/2023\/10\/COMITE\u0301-DE-CONTINGENCIAS-DE-CUERNAVACA-PRESENTA-ACCIONES-DE-TRABAJO-PARA-MITIGAR-ZONA-DE-RIESGO-EN-LA-COLONIA-LOS-PILARES-2-600x400.jpg 600w, https:\/\/cuernavaca.gob.mx\/wp-content\/uploads\/2023\/10\/COMITE\u0301-DE-CONTINGENCIAS-DE-CUERNAVACA-PRESENTA-ACCIONES-DE-TRABAJO-PARA-MITIGAR-ZONA-DE-RIESGO-EN-LA-COLONIA-LOS-PILARES-2-560x373.jpg 560w, https:\/\/cuernavaca.gob.mx\/wp-content\/uploads\/2023\/10\/COMITE\u0301-DE-CONTINGENCIAS-DE-CUERNAVACA-PRESENTA-ACCIONES-DE-TRABAJO-PARA-MITIGAR-ZONA-DE-RIESGO-EN-LA-COLONIA-LOS-PILARES-2.jpg 1280w\" sizes=\"(max-width: 300px) 100vw, 300px\" \/> <img loading=\"lazy\" class=\"alignnone size-medium wp-image-33768\" src=\"https:\/\/cuernavaca.gob.mx\/wp-content\/uploads\/2023\/10\/COMITE\u0301-DE-CONTINGENCIAS-DE-CUERNAVACA-PRESENTA-ACCIONES-DE-TRABAJO-PARA-MITIGAR-ZONA-DE-RIESGO-EN-LA-COLONIA-LOS-PILARES-3-300x200.jpg\" alt=\"\" width=\"300\" height=\"200\" srcset=\"https:\/\/cuernavaca.gob.mx\/wp-content\/uploads\/2023\/10\/COMITE\u0301-DE-CONTINGENCIAS-DE-CUERNAVACA-PRESENTA-ACCIONES-DE-TRABAJO-PARA-MITIGAR-ZONA-DE-RIESGO-EN-LA-COLONIA-LOS-PILARES-3-300x200.jpg 300w, https:\/\/cuernavaca.gob.mx\/wp-content\/uploads\/2023\/10\/COMITE\u0301-DE-CONTINGENCIAS-DE-CUERNAVACA-PRESENTA-ACCIONES-DE-TRABAJO-PARA-MITIGAR-ZONA-DE-RIESGO-EN-LA-COLONIA-LOS-PILARES-3-1024x682.jpg 1024w, https:\/\/cuernavaca.gob.mx\/wp-content\/uploads\/2023\/10\/COMITE\u0301-DE-CONTINGENCIAS-DE-CUERNAVACA-PRESENTA-ACCIONES-DE-TRABAJO-PARA-MITIGAR-ZONA-DE-RIESGO-EN-LA-COLONIA-LOS-PILARES-3-768x512.jpg 768w, https:\/\/cuernavaca.gob.mx\/wp-content\/uploads\/2023\/10\/COMITE\u0301-DE-CONTINGENCIAS-DE-CUERNAVACA-PRESENTA-ACCIONES-DE-TRABAJO-PARA-MITIGAR-ZONA-DE-RIESGO-EN-LA-COLONIA-LOS-PILARES-3-1536x1023.jpg 1536w, https:\/\/cuernavaca.gob.mx\/wp-content\/uploads\/2023\/10\/COMITE\u0301-DE-CONTINGENCIAS-DE-CUERNAVACA-PRESENTA-ACCIONES-DE-TRABAJO-PARA-MITIGAR-ZONA-DE-RIESGO-EN-LA-COLONIA-LOS-PILARES-3-600x400.jpg 600w, https:\/\/cuernavaca.gob.mx\/wp-content\/uploads\/2023\/10\/COMITE\u0301-DE-CONTINGENCIAS-DE-CUERNAVACA-PRESENTA-ACCIONES-DE-TRABAJO-PARA-MITIGAR-ZONA-DE-RIESGO-EN-LA-COLONIA-LOS-PILARES-3-560x373.jpg 560w, https:\/\/cuernavaca.gob.mx\/wp-content\/uploads\/2023\/10\/COMITE\u0301-DE-CONTINGENCIAS-DE-CUERNAVACA-PRESENTA-ACCIONES-DE-TRABAJO-PARA-MITIGAR-ZONA-DE-RIESGO-EN-LA-COLONIA-LOS-PILARES-3.jpg 1600w\" sizes=\"(max-width: 300px) 100vw, 300px\" \/> <img loading=\"lazy\" class=\"alignnone size-medium wp-image-33769\" src=\"https:\/\/cuernavaca.gob.mx\/wp-content\/uploads\/2023\/10\/COMITE\u0301-DE-CONTINGENCIAS-DE-CUERNAVACA-PRESENTA-ACCIONES-DE-TRABAJO-PARA-MITIGAR-ZONA-DE-RIESGO-EN-LA-COLONIA-LOS-PILARES-4-300x200.jpg\" alt=\"\" width=\"300\" height=\"200\" srcset=\"https:\/\/cuernavaca.gob.mx\/wp-content\/uploads\/2023\/10\/COMITE\u0301-DE-CONTINGENCIAS-DE-CUERNAVACA-PRESENTA-ACCIONES-DE-TRABAJO-PARA-MITIGAR-ZONA-DE-RIESGO-EN-LA-COLONIA-LOS-PILARES-4-300x200.jpg 300w, https:\/\/cuernavaca.gob.mx\/wp-content\/uploads\/2023\/10\/COMITE\u0301-DE-CONTINGENCIAS-DE-CUERNAVACA-PRESENTA-ACCIONES-DE-TRABAJO-PARA-MITIGAR-ZONA-DE-RIESGO-EN-LA-COLONIA-LOS-PILARES-4-1024x682.jpg 1024w, https:\/\/cuernavaca.gob.mx\/wp-content\/uploads\/2023\/10\/COMITE\u0301-DE-CONTINGENCIAS-DE-CUERNAVACA-PRESENTA-ACCIONES-DE-TRABAJO-PARA-MITIGAR-ZONA-DE-RIESGO-EN-LA-COLONIA-LOS-PILARES-4-768x512.jpg 768w, https:\/\/cuernavaca.gob.mx\/wp-content\/uploads\/2023\/10\/COMITE\u0301-DE-CONTINGENCIAS-DE-CUERNAVACA-PRESENTA-ACCIONES-DE-TRABAJO-PARA-MITIGAR-ZONA-DE-RIESGO-EN-LA-COLONIA-LOS-PILARES-4-1536x1023.jpg 1536w, https:\/\/cuernavaca.gob.mx\/wp-content\/uploads\/2023\/10\/COMITE\u0301-DE-CONTINGENCIAS-DE-CUERNAVACA-PRESENTA-ACCIONES-DE-TRABAJO-PARA-MITIGAR-ZONA-DE-RIESGO-EN-LA-COLONIA-LOS-PILARES-4-600x400.jpg 600w, https:\/\/cuernavaca.gob.mx\/wp-content\/uploads\/2023\/10\/COMITE\u0301-DE-CONTINGENCIAS-DE-CUERNAVACA-PRESENTA-ACCIONES-DE-TRABAJO-PARA-MITIGAR-ZONA-DE-RIESGO-EN-LA-COLONIA-LOS-PILARES-4-560x373.jpg 560w, https:\/\/cuernavaca.gob.mx\/wp-content\/uploads\/2023\/10\/COMITE\u0301-DE-CONTINGENCIAS-DE-CUERNAVACA-PRESENTA-ACCIONES-DE-TRABAJO-PARA-MITIGAR-ZONA-DE-RIESGO-EN-LA-COLONIA-LOS-PILARES-4.jpg 1600w\" sizes=\"(max-width: 300px) 100vw, 300px\" \/> <img loading=\"lazy\" class=\"alignnone size-medium wp-image-33770\" src=\"https:\/\/cuernavaca.gob.mx\/wp-content\/uploads\/2023\/10\/COMITE\u0301-DE-CONTINGENCIAS-DE-CUERNAVACA-PRESENTA-ACCIONES-DE-TRABAJO-PARA-MITIGAR-ZONA-DE-RIESGO-EN-LA-COLONIA-LOS-PILARES-5-300x200.jpg\" alt=\"\" width=\"300\" height=\"200\" srcset=\"https:\/\/cuernavaca.gob.mx\/wp-content\/uploads\/2023\/10\/COMITE\u0301-DE-CONTINGENCIAS-DE-CUERNAVACA-PRESENTA-ACCIONES-DE-TRABAJO-PARA-MITIGAR-ZONA-DE-RIESGO-EN-LA-COLONIA-LOS-PILARES-5-300x200.jpg 300w, https:\/\/cuernavaca.gob.mx\/wp-content\/uploads\/2023\/10\/COMITE\u0301-DE-CONTINGENCIAS-DE-CUERNAVACA-PRESENTA-ACCIONES-DE-TRABAJO-PARA-MITIGAR-ZONA-DE-RIESGO-EN-LA-COLONIA-LOS-PILARES-5-1024x682.jpg 1024w, https:\/\/cuernavaca.gob.mx\/wp-content\/uploads\/2023\/10\/COMITE\u0301-DE-CONTINGENCIAS-DE-CUERNAVACA-PRESENTA-ACCIONES-DE-TRABAJO-PARA-MITIGAR-ZONA-DE-RIESGO-EN-LA-COLONIA-LOS-PILARES-5-768x512.jpg 768w, https:\/\/cuernavaca.gob.mx\/wp-content\/uploads\/2023\/10\/COMITE\u0301-DE-CONTINGENCIAS-DE-CUERNAVACA-PRESENTA-ACCIONES-DE-TRABAJO-PARA-MITIGAR-ZONA-DE-RIESGO-EN-LA-COLONIA-LOS-PILARES-5-1536x1023.jpg 1536w, https:\/\/cuernavaca.gob.mx\/wp-content\/uploads\/2023\/10\/COMITE\u0301-DE-CONTINGENCIAS-DE-CUERNAVACA-PRESENTA-ACCIONES-DE-TRABAJO-PARA-MITIGAR-ZONA-DE-RIESGO-EN-LA-COLONIA-LOS-PILARES-5-600x400.jpg 600w, https:\/\/cuernavaca.gob.mx\/wp-content\/uploads\/2023\/10\/COMITE\u0301-DE-CONTINGENCIAS-DE-CUERNAVACA-PRESENTA-ACCIONES-DE-TRABAJO-PARA-MITIGAR-ZONA-DE-RIESGO-EN-LA-COLONIA-LOS-PILARES-5-560x373.jpg 560w, https:\/\/cuernavaca.gob.mx\/wp-content\/uploads\/2023\/10\/COMITE\u0301-DE-CONTINGENCIAS-DE-CUERNAVACA-PRESENTA-ACCIONES-DE-TRABAJO-PARA-MITIGAR-ZONA-DE-RIESGO-EN-LA-COLONIA-LOS-PILARES-5.jpg 1600w\" sizes=\"(max-width: 300px) 100vw, 300px\" \/> <img loading=\"lazy\" class=\"alignnone size-medium wp-image-33771\" src=\"https:\/\/cuernavaca.gob.mx\/wp-content\/uploads\/2023\/10\/COMITE\u0301-DE-CONTINGENCIAS-DE-CUERNAVACA-PRESENTA-ACCIONES-DE-TRABAJO-PARA-MITIGAR-ZONA-DE-RIESGO-EN-LA-COLONIA-LOS-PILARES-6-300x200.jpg\" alt=\"\" width=\"300\" height=\"200\" srcset=\"https:\/\/cuernavaca.gob.mx\/wp-content\/uploads\/2023\/10\/COMITE\u0301-DE-CONTINGENCIAS-DE-CUERNAVACA-PRESENTA-ACCIONES-DE-TRABAJO-PARA-MITIGAR-ZONA-DE-RIESGO-EN-LA-COLONIA-LOS-PILARES-6-300x200.jpg 300w, https:\/\/cuernavaca.gob.mx\/wp-content\/uploads\/2023\/10\/COMITE\u0301-DE-CONTINGENCIAS-DE-CUERNAVACA-PRESENTA-ACCIONES-DE-TRABAJO-PARA-MITIGAR-ZONA-DE-RIESGO-EN-LA-COLONIA-LOS-PILARES-6-1024x682.jpg 1024w, https:\/\/cuernavaca.gob.mx\/wp-content\/uploads\/2023\/10\/COMITE\u0301-DE-CONTINGENCIAS-DE-CUERNAVACA-PRESENTA-ACCIONES-DE-TRABAJO-PARA-MITIGAR-ZONA-DE-RIESGO-EN-LA-COLONIA-LOS-PILARES-6-768x512.jpg 768w, https:\/\/cuernavaca.gob.mx\/wp-content\/uploads\/2023\/10\/COMITE\u0301-DE-CONTINGENCIAS-DE-CUERNAVACA-PRESENTA-ACCIONES-DE-TRABAJO-PARA-MITIGAR-ZONA-DE-RIESGO-EN-LA-COLONIA-LOS-PILARES-6-1536x1023.jpg 1536w, https:\/\/cuernavaca.gob.mx\/wp-content\/uploads\/2023\/10\/COMITE\u0301-DE-CONTINGENCIAS-DE-CUERNAVACA-PRESENTA-ACCIONES-DE-TRABAJO-PARA-MITIGAR-ZONA-DE-RIESGO-EN-LA-COLONIA-LOS-PILARES-6-600x400.jpg 600w, https:\/\/cuernavaca.gob.mx\/wp-content\/uploads\/2023\/10\/COMITE\u0301-DE-CONTINGENCIAS-DE-CUERNAVACA-PRESENTA-ACCIONES-DE-TRABAJO-PARA-MITIGAR-ZONA-DE-RIESGO-EN-LA-COLONIA-LOS-PILARES-6-560x373.jpg 560w, https:\/\/cuernavaca.gob.mx\/wp-content\/uploads\/2023\/10\/COMITE\u0301-DE-CONTINGENCIAS-DE-CUERNAVACA-PRESENTA-ACCIONES-DE-TRABAJO-PARA-MITIGAR-ZONA-DE-RIESGO-EN-LA-COLONIA-LOS-PILARES-6.jpg 1600w\" sizes=\"(max-width: 300px) 100vw, 300px\" \/> <img loading=\"lazy\" class=\"alignnone size-medium wp-image-33772\" src=\"https:\/\/cuernavaca.gob.mx\/wp-content\/uploads\/2023\/10\/COMITE\u0301-DE-CONTINGENCIAS-DE-CUERNAVACA-PRESENTA-ACCIONES-DE-TRABAJO-PARA-MITIGAR-ZONA-DE-RIESGO-EN-LA-COLONIA-LOS-PILARES-7-300x200.jpg\" alt=\"\" width=\"300\" height=\"200\" srcset=\"https:\/\/cuernavaca.gob.mx\/wp-content\/uploads\/2023\/10\/COMITE\u0301-DE-CONTINGENCIAS-DE-CUERNAVACA-PRESENTA-ACCIONES-DE-TRABAJO-PARA-MITIGAR-ZONA-DE-RIESGO-EN-LA-COLONIA-LOS-PILARES-7-300x200.jpg 300w, https:\/\/cuernavaca.gob.mx\/wp-content\/uploads\/2023\/10\/COMITE\u0301-DE-CONTINGENCIAS-DE-CUERNAVACA-PRESENTA-ACCIONES-DE-TRABAJO-PARA-MITIGAR-ZONA-DE-RIESGO-EN-LA-COLONIA-LOS-PILARES-7-1024x682.jpg 1024w, https:\/\/cuernavaca.gob.mx\/wp-content\/uploads\/2023\/10\/COMITE\u0301-DE-CONTINGENCIAS-DE-CUERNAVACA-PRESENTA-ACCIONES-DE-TRABAJO-PARA-MITIGAR-ZONA-DE-RIESGO-EN-LA-COLONIA-LOS-PILARES-7-768x512.jpg 768w, https:\/\/cuernavaca.gob.mx\/wp-content\/uploads\/2023\/10\/COMITE\u0301-DE-CONTINGENCIAS-DE-CUERNAVACA-PRESENTA-ACCIONES-DE-TRABAJO-PARA-MITIGAR-ZONA-DE-RIESGO-EN-LA-COLONIA-LOS-PILARES-7-1536x1023.jpg 1536w, https:\/\/cuernavaca.gob.mx\/wp-content\/uploads\/2023\/10\/COMITE\u0301-DE-CONTINGENCIAS-DE-CUERNAVACA-PRESENTA-ACCIONES-DE-TRABAJO-PARA-MITIGAR-ZONA-DE-RIESGO-EN-LA-COLONIA-LOS-PILARES-7-600x400.jpg 600w, https:\/\/cuernavaca.gob.mx\/wp-content\/uploads\/2023\/10\/COMITE\u0301-DE-CONTINGENCIAS-DE-CUERNAVACA-PRESENTA-ACCIONES-DE-TRABAJO-PARA-MITIGAR-ZONA-DE-RIESGO-EN-LA-COLONIA-LOS-PILARES-7-560x373.jpg 560w, https:\/\/cuernavaca.gob.mx\/wp-content\/uploads\/2023\/10\/COMITE\u0301-DE-CONTINGENCIAS-DE-CUERNAVACA-PRESENTA-ACCIONES-DE-TRABAJO-PARA-MITIGAR-ZONA-DE-RIESGO-EN-LA-COLONIA-LOS-PILARES-7.jpg 1600w\" sizes=\"(max-width: 300px) 100vw, 300px\" \/> <img loading=\"lazy\" class=\"alignnone size-medium wp-image-33773\" src=\"https:\/\/cuernavaca.gob.mx\/wp-content\/uploads\/2023\/10\/COMITE\u0301-DE-CONTINGENCIAS-DE-CUERNAVACA-PRESENTA-ACCIONES-DE-TRABAJO-PARA-MITIGAR-ZONA-DE-RIESGO-EN-LA-COLONIA-LOS-PILARES-8-300x200.jpg\" alt=\"\" width=\"300\" height=\"200\" srcset=\"https:\/\/cuernavaca.gob.mx\/wp-content\/uploads\/2023\/10\/COMITE\u0301-DE-CONTINGENCIAS-DE-CUERNAVACA-PRESENTA-ACCIONES-DE-TRABAJO-PARA-MITIGAR-ZONA-DE-RIESGO-EN-LA-COLONIA-LOS-PILARES-8-300x200.jpg 300w, https:\/\/cuernavaca.gob.mx\/wp-content\/uploads\/2023\/10\/COMITE\u0301-DE-CONTINGENCIAS-DE-CUERNAVACA-PRESENTA-ACCIONES-DE-TRABAJO-PARA-MITIGAR-ZONA-DE-RIESGO-EN-LA-COLONIA-LOS-PILARES-8-1024x682.jpg 1024w, https:\/\/cuernavaca.gob.mx\/wp-content\/uploads\/2023\/10\/COMITE\u0301-DE-CONTINGENCIAS-DE-CUERNAVACA-PRESENTA-ACCIONES-DE-TRABAJO-PARA-MITIGAR-ZONA-DE-RIESGO-EN-LA-COLONIA-LOS-PILARES-8-768x512.jpg 768w, https:\/\/cuernavaca.gob.mx\/wp-content\/uploads\/2023\/10\/COMITE\u0301-DE-CONTINGENCIAS-DE-CUERNAVACA-PRESENTA-ACCIONES-DE-TRABAJO-PARA-MITIGAR-ZONA-DE-RIESGO-EN-LA-COLONIA-LOS-PILARES-8-1536x1023.jpg 1536w, https:\/\/cuernavaca.gob.mx\/wp-content\/uploads\/2023\/10\/COMITE\u0301-DE-CONTINGENCIAS-DE-CUERNAVACA-PRESENTA-ACCIONES-DE-TRABAJO-PARA-MITIGAR-ZONA-DE-RIESGO-EN-LA-COLONIA-LOS-PILARES-8-600x400.jpg 600w, https:\/\/cuernavaca.gob.mx\/wp-content\/uploads\/2023\/10\/COMITE\u0301-DE-CONTINGENCIAS-DE-CUERNAVACA-PRESENTA-ACCIONES-DE-TRABAJO-PARA-MITIGAR-ZONA-DE-RIESGO-EN-LA-COLONIA-LOS-PILARES-8-560x373.jpg 560w, https:\/\/cuernavaca.gob.mx\/wp-content\/uploads\/2023\/10\/COMITE\u0301-DE-CONTINGENCIAS-DE-CUERNAVACA-PRESENTA-ACCIONES-DE-TRABAJO-PARA-MITIGAR-ZONA-DE-RIESGO-EN-LA-COLONIA-LOS-PILARES-8.jpg 1600w\" sizes=\"(max-width: 300px) 100vw, 300px\" \/> <img loading=\"lazy\" class=\"alignnone size-medium wp-image-33774\" src=\"https:\/\/cuernavaca.gob.mx\/wp-content\/uploads\/2023\/10\/COMITE\u0301-DE-CONTINGENCIAS-DE-CUERNAVACA-PRESENTA-ACCIONES-DE-TRABAJO-PARA-MITIGAR-ZONA-DE-RIESGO-EN-LA-COLONIA-LOS-PILARES-9-300x200.jpg\" alt=\"\" width=\"300\" height=\"200\" srcset=\"https:\/\/cuernavaca.gob.mx\/wp-content\/uploads\/2023\/10\/COMITE\u0301-DE-CONTINGENCIAS-DE-CUERNAVACA-PRESENTA-ACCIONES-DE-TRABAJO-PARA-MITIGAR-ZONA-DE-RIESGO-EN-LA-COLONIA-LOS-PILARES-9-300x200.jpg 300w, https:\/\/cuernavaca.gob.mx\/wp-content\/uploads\/2023\/10\/COMITE\u0301-DE-CONTINGENCIAS-DE-CUERNAVACA-PRESENTA-ACCIONES-DE-TRABAJO-PARA-MITIGAR-ZONA-DE-RIESGO-EN-LA-COLONIA-LOS-PILARES-9-1024x682.jpg 1024w, https:\/\/cuernavaca.gob.mx\/wp-content\/uploads\/2023\/10\/COMITE\u0301-DE-CONTINGENCIAS-DE-CUERNAVACA-PRESENTA-ACCIONES-DE-TRABAJO-PARA-MITIGAR-ZONA-DE-RIESGO-EN-LA-COLONIA-LOS-PILARES-9-768x512.jpg 768w, https:\/\/cuernavaca.gob.mx\/wp-content\/uploads\/2023\/10\/COMITE\u0301-DE-CONTINGENCIAS-DE-CUERNAVACA-PRESENTA-ACCIONES-DE-TRABAJO-PARA-MITIGAR-ZONA-DE-RIESGO-EN-LA-COLONIA-LOS-PILARES-9-1536x1023.jpg 1536w, https:\/\/cuernavaca.gob.mx\/wp-content\/uploads\/2023\/10\/COMITE\u0301-DE-CONTINGENCIAS-DE-CUERNAVACA-PRESENTA-ACCIONES-DE-TRABAJO-PARA-MITIGAR-ZONA-DE-RIESGO-EN-LA-COLONIA-LOS-PILARES-9-600x400.jpg 600w, https:\/\/cuernavaca.gob.mx\/wp-content\/uploads\/2023\/10\/COMITE\u0301-DE-CONTINGENCIAS-DE-CUERNAVACA-PRESENTA-ACCIONES-DE-TRABAJO-PARA-MITIGAR-ZONA-DE-RIESGO-EN-LA-COLONIA-LOS-PILARES-9-560x373.jpg 560w, https:\/\/cuernavaca.gob.mx\/wp-content\/uploads\/2023\/10\/COMITE\u0301-DE-CONTINGENCIAS-DE-CUERNAVACA-PRESENTA-ACCIONES-DE-TRABAJO-PARA-MITIGAR-ZONA-DE-RIESGO-EN-LA-COLONIA-LOS-PILARES-9.jpg 1600w\" sizes=\"(max-width: 300px) 100vw, 300px\" \/> <img loading=\"lazy\" class=\"alignnone size-medium wp-image-33775\" src=\"https:\/\/cuernavaca.gob.mx\/wp-content\/uploads\/2023\/10\/COMITE\u0301-DE-CONTINGENCIAS-DE-CUERNAVACA-PRESENTA-ACCIONES-DE-TRABAJO-PARA-MITIGAR-ZONA-DE-RIESGO-EN-LA-COLONIA-LOS-PILARES-10-300x200.jpg\" alt=\"\" width=\"300\" height=\"200\" srcset=\"https:\/\/cuernavaca.gob.mx\/wp-content\/uploads\/2023\/10\/COMITE\u0301-DE-CONTINGENCIAS-DE-CUERNAVACA-PRESENTA-ACCIONES-DE-TRABAJO-PARA-MITIGAR-ZONA-DE-RIESGO-EN-LA-COLONIA-LOS-PILARES-10-300x200.jpg 300w, https:\/\/cuernavaca.gob.mx\/wp-content\/uploads\/2023\/10\/COMITE\u0301-DE-CONTINGENCIAS-DE-CUERNAVACA-PRESENTA-ACCIONES-DE-TRABAJO-PARA-MITIGAR-ZONA-DE-RIESGO-EN-LA-COLONIA-LOS-PILARES-10-1024x682.jpg 1024w, https:\/\/cuernavaca.gob.mx\/wp-content\/uploads\/2023\/10\/COMITE\u0301-DE-CONTINGENCIAS-DE-CUERNAVACA-PRESENTA-ACCIONES-DE-TRABAJO-PARA-MITIGAR-ZONA-DE-RIESGO-EN-LA-COLONIA-LOS-PILARES-10-768x512.jpg 768w, https:\/\/cuernavaca.gob.mx\/wp-content\/uploads\/2023\/10\/COMITE\u0301-DE-CONTINGENCIAS-DE-CUERNAVACA-PRESENTA-ACCIONES-DE-TRABAJO-PARA-MITIGAR-ZONA-DE-RIESGO-EN-LA-COLONIA-LOS-PILARES-10-1536x1023.jpg 1536w, https:\/\/cuernavaca.gob.mx\/wp-content\/uploads\/2023\/10\/COMITE\u0301-DE-CONTINGENCIAS-DE-CUERNAVACA-PRESENTA-ACCIONES-DE-TRABAJO-PARA-MITIGAR-ZONA-DE-RIESGO-EN-LA-COLONIA-LOS-PILARES-10-600x400.jpg 600w, https:\/\/cuernavaca.gob.mx\/wp-content\/uploads\/2023\/10\/COMITE\u0301-DE-CONTINGENCIAS-DE-CUERNAVACA-PRESENTA-ACCIONES-DE-TRABAJO-PARA-MITIGAR-ZONA-DE-RIESGO-EN-LA-COLONIA-LOS-PILARES-10-560x373.jpg 560w, https:\/\/cuernavaca.gob.mx\/wp-content\/uploads\/2023\/10\/COMITE\u0301-DE-CONTINGENCIAS-DE-CUERNAVACA-PRESENTA-ACCIONES-DE-TRABAJO-PARA-MITIGAR-ZONA-DE-RIESGO-EN-LA-COLONIA-LOS-PILARES-10.jpg 1600w\" sizes=\"(max-width: 300px) 100vw, 300px\" \/><\/p>\n","protected":false},"excerpt":{"rendered":"<p>\u2022 En sesi\u00f3n ordinaria del Comit\u00e9 diversas \u00e1reas municipales presentaron propuestas que se integran al Programa Espec\u00edfico de Protecci\u00f3n Civil para atender la inestabilidad del pared\u00f3n del pante\u00f3n Jardines de la Paz \u2022 El Ayuntamiento de Cuernavaca contempla la notificaci\u00f3n de los titulares de 500 fosas que deben ser reubicadas, ya que ocupan la franja [&hellip;]<\/p>\n","protected":false},"author":1,"featured_media":33768,"comment_status":"closed","ping_status":"open","sticky":false,"template":"","format":"standard","meta":[],"categories":[20],"tags":[121,120,3033,206,172],"aioseo_notices":[],"_links":{"self":[{"href":"https:\/\/cuernavaca.gob.mx\/index.php?rest_route=\/wp\/v2\/posts\/33765"}],"collection":[{"href":"https:\/\/cuernavaca.gob.mx\/index.php?rest_route=\/wp\/v2\/posts"}],"about":[{"href":"https:\/\/cuernavaca.gob.mx\/index.php?rest_route=\/wp\/v2\/types\/post"}],"author":[{"embeddable":true,"href":"https:\/\/cuernavaca.gob.mx\/index.php?rest_route=\/wp\/v2\/users\/1"}],"replies":[{"embeddable":true,"href":"https:\/\/cuernavaca.gob.mx\/index.php?rest_route=%2Fwp%2Fv2%2Fcomments&post=33765"}],"version-history":[{"count":1,"href":"https:\/\/cuernavaca.gob.mx\/index.php?rest_route=\/wp\/v2\/posts\/33765\/revisions"}],"predecessor-version":[{"id":33776,"href":"https:\/\/cuernavaca.gob.mx\/index.php?rest_route=\/wp\/v2\/posts\/33765\/revisions\/33776"}],"wp:featuredmedia":[{"embeddable":true,"href":"https:\/\/cuernavaca.gob.mx\/index.php?rest_route=\/wp\/v2\/media\/33768"}],"wp:attachment":[{"href":"https:\/\/cuernavaca.gob.mx\/index.php?rest_route=%2Fwp%2Fv2%2Fmedia&parent=33765"}],"wp:term":[{"taxonomy":"category","embeddable":true,"href":"https:\/\/cuernavaca.gob.mx\/index.php?rest_route=%2Fwp%2Fv2%2Fcategories&post=33765"},{"taxonomy":"post_tag","embeddable":true,"href":"https:\/\/cuernavaca.gob.mx\/index.php?rest_route=%2Fwp%2Fv2%2Ftags&post=33765"}],"curies":[{"name":"wp","href":"https:\/\/api.w.org\/{rel}","templated":true}]}}