{"id":33799,"date":"2023-10-17T15:33:15","date_gmt":"2023-10-17T21:33:15","guid":{"rendered":"https:\/\/cuernavaca.gob.mx\/?p=33799"},"modified":"2025-05-06T14:33:49","modified_gmt":"2025-05-06T20:33:49","slug":"b1340-17-10-23-presenta-cuernavaca-amplia-cartelera-para-la-celebracion-del-festival-de-dia-de-muertos-mictlan-2023","status":"publish","type":"post","link":"https:\/\/cuernavaca.gob.mx\/?p=33799","title":{"rendered":"B1340 17\/10\/23 PRESENTA CUERNAVACA AMPLIA CARTELERA PARA LA CELEBRACI\u00d3N DEL FESTIVAL DE D\u00cdA DE MUERTOS MICTL\u00c1N 2023"},"content":{"rendered":"<p><strong>\u00b0 En la segunda edici\u00f3n se contar\u00e1 con m\u00e1s de 20 actividades gratuitas en 8 sedes distintas, donde tambi\u00e9n habr\u00e1 venta de productos artesanales alusivos a esta festividad<\/strong><\/p>\n<p><strong>\u00b0 Para conocer la cartelera completa pueden acceder a las redes sociales y p\u00e1gina oficial del Municipio de Cuernavaca<\/strong><\/p>\n<p>Con m\u00e1s de 20 actividades gratuitas para toda la familia y ocho sedes distintas de la ciudad, el Ayuntamiento de Cuernavaca anunci\u00f3 este martes la realizaci\u00f3n de la segunda edici\u00f3n del Festival de D\u00eda de Muertos Mictl\u00e1n, donde del 20 de octubre al 01 de noviembre se conjugar\u00e1n las tradiciones mexicanas alusivas a esta importante festividad con expresiones art\u00edsticas y culturales locales, fomentando la apropiaci\u00f3n de espacios p\u00fablicos.<\/p>\n<p>En representaci\u00f3n del presidente municipal, Jos\u00e9 Luis Uri\u00f3stegui Salgado, la secretaria de Desarrollo Humano y Participaci\u00f3n Social, Laura Hern\u00e1ndez Cruz, puntualiz\u00f3 que con este magno evento se pretende consolidar uno de los principales objetivos de la presente administraci\u00f3n, que Cuernavaca renazca acercando la cultura, la historia y las tradiciones a la poblaci\u00f3n y visitantes.<\/p>\n<p>En el Museo de la Ciudad de Cuernavaca (MuCIC) que ser\u00e1 una de las sedes oficiales del Festival Mictl\u00e1n, invit\u00f3 a la ciudadan\u00eda a sumarse a este amplio programa que busca fortalecer el desarrollo econ\u00f3mico y, sobre todo, la integraci\u00f3n familiar, el cual podr\u00e1n consultar en las redes sociales oficiales y el portal web del Municipio de Cuernavaca.<\/p>\n<p>Entre las m\u00e1s de 20 actividades que ofrecer\u00e1 el Festival de D\u00eda de Muertos Mictl\u00e1n se destaca la Expo D\u00eda de Muertos, donde productores de pan artesanal formar\u00e1n una catrina gigante con m\u00e1s de mil panes, plantas ornamentales particularmente flor de cempas\u00fachil y apicultores de Cuernavaca vender\u00e1n sus productos desde el 20 al 25 de octubre frente a las escalinatas de Plaza de Armas; la Mega Ofrenda dise\u00f1ada y realizada por Pure Earth, organizaci\u00f3n internacional sin fines de lucro que se dedica a dar soluci\u00f3n a los problemas de contaminaci\u00f3n toxica que tendr\u00e1 como escenario el MuCIC.<\/p>\n<p>Adem\u00e1s, por segunda ocasi\u00f3n habr\u00e1 un recorrido de leyendas por las calles del Centro Hist\u00f3rico, la Expo Empresarial de D\u00eda de Muertos que se llevar\u00e1 a cabo en el centro comercial Forum Cuernavaca, un concurso de ofrendas en la sede Papagayo del Gobierno Municipal, distintas puestas en escena, como \u201cLa leyenda de la Conchita\u201d del Colectivo Casa Jayim, \u201cLa Leyenda de la catrina\u201d y \u201cCoco\u201d de la compa\u00f1\u00eda de teatro de la Escuela de Ciencias y Artes, por primera ocasi\u00f3n la Expo de Carro Antiguos, as\u00ed como la instalaci\u00f3n de ofrendas y presentaciones art\u00edsticas en el pante\u00f3n Jardines de La Paz, entre otros.<\/p>\n<p>En cuanto a cierre de calles, el director de la Polic\u00eda Vial de Cuernavaca, Javier Tencle Santiago, pidi\u00f3 a la ciudadan\u00eda y visitantes estar al pendiente de las redes sociales oficiales de la Secretar\u00eda de Protecci\u00f3n y Auxilio Ciudadano y del Municipio de Cuernavaca para verificar las vialidades del Centro Hist\u00f3rico que estar\u00e1n cerradas por esta festividad, siendo necesario tomar v\u00edas alternas y cuidar los tiempos de salida para evitar accidentes.<\/p>\n<p>A la rueda de prensa asistieron el secretario de Desarrollo Econ\u00f3mico y Turismo, Humberto Paladino Valdovinos; el secretario de Desarrollo Sustentable y Servicios P\u00fablicos, Israel Albavera V\u00e1zquez; el director general del Instituto de Cultura, Juan Contreras de Oteyza; el director general de Turismo, Luis Cagide R\u00edos; el director de Fomento Agropecuario, Daniel Monta\u00f1o Mondrag\u00f3n.<\/p>\n<p>De igual forma, el director de Fomento Empresarial y al Empleo, Eduardo S\u00e1nchez Mart\u00ednez; el director de Festejos y Ferias Tradicionales, Orlando Osorio Alvarado; el representante de la rama productiva de ornamental, Juan Gabriel P\u00e9rez Reynoso y el representante del Comit\u00e9 de Ciudades Hermanas de Denver en Cuernavaca, Guillermo Jester Medina.<\/p>\n<p><img loading=\"lazy\" class=\"alignnone size-medium wp-image-33800\" src=\"https:\/\/cuernavaca.gob.mx\/wp-content\/uploads\/2023\/10\/PRESENTA-CUERNAVACA-AMPLIA-CARTELERA-PARA-LA-CELEBRACIO\u0301N-DEL-FESTIVAL-DE-DI\u0301A-DE-MUERTOS-MICTLA\u0301N-2023-1-194x300.jpg\" alt=\"\" width=\"194\" height=\"300\" srcset=\"https:\/\/cuernavaca.gob.mx\/wp-content\/uploads\/2023\/10\/PRESENTA-CUERNAVACA-AMPLIA-CARTELERA-PARA-LA-CELEBRACIO\u0301N-DEL-FESTIVAL-DE-DI\u0301A-DE-MUERTOS-MICTLA\u0301N-2023-1-194x300.jpg 194w, https:\/\/cuernavaca.gob.mx\/wp-content\/uploads\/2023\/10\/PRESENTA-CUERNAVACA-AMPLIA-CARTELERA-PARA-LA-CELEBRACIO\u0301N-DEL-FESTIVAL-DE-DI\u0301A-DE-MUERTOS-MICTLA\u0301N-2023-1-662x1024.jpg 662w, https:\/\/cuernavaca.gob.mx\/wp-content\/uploads\/2023\/10\/PRESENTA-CUERNAVACA-AMPLIA-CARTELERA-PARA-LA-CELEBRACIO\u0301N-DEL-FESTIVAL-DE-DI\u0301A-DE-MUERTOS-MICTLA\u0301N-2023-1-768x1187.jpg 768w, https:\/\/cuernavaca.gob.mx\/wp-content\/uploads\/2023\/10\/PRESENTA-CUERNAVACA-AMPLIA-CARTELERA-PARA-LA-CELEBRACIO\u0301N-DEL-FESTIVAL-DE-DI\u0301A-DE-MUERTOS-MICTLA\u0301N-2023-1-994x1536.jpg 994w, https:\/\/cuernavaca.gob.mx\/wp-content\/uploads\/2023\/10\/PRESENTA-CUERNAVACA-AMPLIA-CARTELERA-PARA-LA-CELEBRACIO\u0301N-DEL-FESTIVAL-DE-DI\u0301A-DE-MUERTOS-MICTLA\u0301N-2023-1-388x600.jpg 388w, https:\/\/cuernavaca.gob.mx\/wp-content\/uploads\/2023\/10\/PRESENTA-CUERNAVACA-AMPLIA-CARTELERA-PARA-LA-CELEBRACIO\u0301N-DEL-FESTIVAL-DE-DI\u0301A-DE-MUERTOS-MICTLA\u0301N-2023-1-362x560.jpg 362w, https:\/\/cuernavaca.gob.mx\/wp-content\/uploads\/2023\/10\/PRESENTA-CUERNAVACA-AMPLIA-CARTELERA-PARA-LA-CELEBRACIO\u0301N-DEL-FESTIVAL-DE-DI\u0301A-DE-MUERTOS-MICTLA\u0301N-2023-1.jpg 1035w\" sizes=\"(max-width: 194px) 100vw, 194px\" \/> <img loading=\"lazy\" class=\"alignnone size-medium wp-image-33801\" src=\"https:\/\/cuernavaca.gob.mx\/wp-content\/uploads\/2023\/10\/PRESENTA-CUERNAVACA-AMPLIA-CARTELERA-PARA-LA-CELEBRACIO\u0301N-DEL-FESTIVAL-DE-DI\u0301A-DE-MUERTOS-MICTLA\u0301N-2023-2-300x200.jpg\" alt=\"\" width=\"300\" height=\"200\" srcset=\"https:\/\/cuernavaca.gob.mx\/wp-content\/uploads\/2023\/10\/PRESENTA-CUERNAVACA-AMPLIA-CARTELERA-PARA-LA-CELEBRACIO\u0301N-DEL-FESTIVAL-DE-DI\u0301A-DE-MUERTOS-MICTLA\u0301N-2023-2-300x200.jpg 300w, https:\/\/cuernavaca.gob.mx\/wp-content\/uploads\/2023\/10\/PRESENTA-CUERNAVACA-AMPLIA-CARTELERA-PARA-LA-CELEBRACIO\u0301N-DEL-FESTIVAL-DE-DI\u0301A-DE-MUERTOS-MICTLA\u0301N-2023-2-1024x683.jpg 1024w, https:\/\/cuernavaca.gob.mx\/wp-content\/uploads\/2023\/10\/PRESENTA-CUERNAVACA-AMPLIA-CARTELERA-PARA-LA-CELEBRACIO\u0301N-DEL-FESTIVAL-DE-DI\u0301A-DE-MUERTOS-MICTLA\u0301N-2023-2-768x512.jpg 768w, https:\/\/cuernavaca.gob.mx\/wp-content\/uploads\/2023\/10\/PRESENTA-CUERNAVACA-AMPLIA-CARTELERA-PARA-LA-CELEBRACIO\u0301N-DEL-FESTIVAL-DE-DI\u0301A-DE-MUERTOS-MICTLA\u0301N-2023-2-1536x1024.jpg 1536w, https:\/\/cuernavaca.gob.mx\/wp-content\/uploads\/2023\/10\/PRESENTA-CUERNAVACA-AMPLIA-CARTELERA-PARA-LA-CELEBRACIO\u0301N-DEL-FESTIVAL-DE-DI\u0301A-DE-MUERTOS-MICTLA\u0301N-2023-2-600x400.jpg 600w, https:\/\/cuernavaca.gob.mx\/wp-content\/uploads\/2023\/10\/PRESENTA-CUERNAVACA-AMPLIA-CARTELERA-PARA-LA-CELEBRACIO\u0301N-DEL-FESTIVAL-DE-DI\u0301A-DE-MUERTOS-MICTLA\u0301N-2023-2-560x373.jpg 560w, https:\/\/cuernavaca.gob.mx\/wp-content\/uploads\/2023\/10\/PRESENTA-CUERNAVACA-AMPLIA-CARTELERA-PARA-LA-CELEBRACIO\u0301N-DEL-FESTIVAL-DE-DI\u0301A-DE-MUERTOS-MICTLA\u0301N-2023-2.jpg 1599w\" sizes=\"(max-width: 300px) 100vw, 300px\" \/> <img loading=\"lazy\" class=\"alignnone size-medium wp-image-33802\" src=\"https:\/\/cuernavaca.gob.mx\/wp-content\/uploads\/2023\/10\/PRESENTA-CUERNAVACA-AMPLIA-CARTELERA-PARA-LA-CELEBRACIO\u0301N-DEL-FESTIVAL-DE-DI\u0301A-DE-MUERTOS-MICTLA\u0301N-2023-3-300x200.jpg\" alt=\"\" width=\"300\" height=\"200\" srcset=\"https:\/\/cuernavaca.gob.mx\/wp-content\/uploads\/2023\/10\/PRESENTA-CUERNAVACA-AMPLIA-CARTELERA-PARA-LA-CELEBRACIO\u0301N-DEL-FESTIVAL-DE-DI\u0301A-DE-MUERTOS-MICTLA\u0301N-2023-3-300x200.jpg 300w, https:\/\/cuernavaca.gob.mx\/wp-content\/uploads\/2023\/10\/PRESENTA-CUERNAVACA-AMPLIA-CARTELERA-PARA-LA-CELEBRACIO\u0301N-DEL-FESTIVAL-DE-DI\u0301A-DE-MUERTOS-MICTLA\u0301N-2023-3-1024x683.jpg 1024w, https:\/\/cuernavaca.gob.mx\/wp-content\/uploads\/2023\/10\/PRESENTA-CUERNAVACA-AMPLIA-CARTELERA-PARA-LA-CELEBRACIO\u0301N-DEL-FESTIVAL-DE-DI\u0301A-DE-MUERTOS-MICTLA\u0301N-2023-3-768x512.jpg 768w, https:\/\/cuernavaca.gob.mx\/wp-content\/uploads\/2023\/10\/PRESENTA-CUERNAVACA-AMPLIA-CARTELERA-PARA-LA-CELEBRACIO\u0301N-DEL-FESTIVAL-DE-DI\u0301A-DE-MUERTOS-MICTLA\u0301N-2023-3-1536x1024.jpg 1536w, https:\/\/cuernavaca.gob.mx\/wp-content\/uploads\/2023\/10\/PRESENTA-CUERNAVACA-AMPLIA-CARTELERA-PARA-LA-CELEBRACIO\u0301N-DEL-FESTIVAL-DE-DI\u0301A-DE-MUERTOS-MICTLA\u0301N-2023-3-600x400.jpg 600w, https:\/\/cuernavaca.gob.mx\/wp-content\/uploads\/2023\/10\/PRESENTA-CUERNAVACA-AMPLIA-CARTELERA-PARA-LA-CELEBRACIO\u0301N-DEL-FESTIVAL-DE-DI\u0301A-DE-MUERTOS-MICTLA\u0301N-2023-3-560x373.jpg 560w, https:\/\/cuernavaca.gob.mx\/wp-content\/uploads\/2023\/10\/PRESENTA-CUERNAVACA-AMPLIA-CARTELERA-PARA-LA-CELEBRACIO\u0301N-DEL-FESTIVAL-DE-DI\u0301A-DE-MUERTOS-MICTLA\u0301N-2023-3.jpg 1599w\" sizes=\"(max-width: 300px) 100vw, 300px\" \/> <img loading=\"lazy\" class=\"alignnone size-medium wp-image-33803\" src=\"https:\/\/cuernavaca.gob.mx\/wp-content\/uploads\/2023\/10\/PRESENTA-CUERNAVACA-AMPLIA-CARTELERA-PARA-LA-CELEBRACIO\u0301N-DEL-FESTIVAL-DE-DI\u0301A-DE-MUERTOS-MICTLA\u0301N-2023-4-300x200.jpg\" alt=\"\" width=\"300\" height=\"200\" srcset=\"https:\/\/cuernavaca.gob.mx\/wp-content\/uploads\/2023\/10\/PRESENTA-CUERNAVACA-AMPLIA-CARTELERA-PARA-LA-CELEBRACIO\u0301N-DEL-FESTIVAL-DE-DI\u0301A-DE-MUERTOS-MICTLA\u0301N-2023-4-300x200.jpg 300w, https:\/\/cuernavaca.gob.mx\/wp-content\/uploads\/2023\/10\/PRESENTA-CUERNAVACA-AMPLIA-CARTELERA-PARA-LA-CELEBRACIO\u0301N-DEL-FESTIVAL-DE-DI\u0301A-DE-MUERTOS-MICTLA\u0301N-2023-4-1024x683.jpg 1024w, https:\/\/cuernavaca.gob.mx\/wp-content\/uploads\/2023\/10\/PRESENTA-CUERNAVACA-AMPLIA-CARTELERA-PARA-LA-CELEBRACIO\u0301N-DEL-FESTIVAL-DE-DI\u0301A-DE-MUERTOS-MICTLA\u0301N-2023-4-768x512.jpg 768w, https:\/\/cuernavaca.gob.mx\/wp-content\/uploads\/2023\/10\/PRESENTA-CUERNAVACA-AMPLIA-CARTELERA-PARA-LA-CELEBRACIO\u0301N-DEL-FESTIVAL-DE-DI\u0301A-DE-MUERTOS-MICTLA\u0301N-2023-4-1536x1024.jpg 1536w, https:\/\/cuernavaca.gob.mx\/wp-content\/uploads\/2023\/10\/PRESENTA-CUERNAVACA-AMPLIA-CARTELERA-PARA-LA-CELEBRACIO\u0301N-DEL-FESTIVAL-DE-DI\u0301A-DE-MUERTOS-MICTLA\u0301N-2023-4-600x400.jpg 600w, https:\/\/cuernavaca.gob.mx\/wp-content\/uploads\/2023\/10\/PRESENTA-CUERNAVACA-AMPLIA-CARTELERA-PARA-LA-CELEBRACIO\u0301N-DEL-FESTIVAL-DE-DI\u0301A-DE-MUERTOS-MICTLA\u0301N-2023-4-560x373.jpg 560w, https:\/\/cuernavaca.gob.mx\/wp-content\/uploads\/2023\/10\/PRESENTA-CUERNAVACA-AMPLIA-CARTELERA-PARA-LA-CELEBRACIO\u0301N-DEL-FESTIVAL-DE-DI\u0301A-DE-MUERTOS-MICTLA\u0301N-2023-4.jpg 1599w\" sizes=\"(max-width: 300px) 100vw, 300px\" \/> <img loading=\"lazy\" class=\"alignnone size-medium wp-image-33804\" src=\"https:\/\/cuernavaca.gob.mx\/wp-content\/uploads\/2023\/10\/PRESENTA-CUERNAVACA-AMPLIA-CARTELERA-PARA-LA-CELEBRACIO\u0301N-DEL-FESTIVAL-DE-DI\u0301A-DE-MUERTOS-MICTLA\u0301N-2023-5-300x200.jpg\" alt=\"\" width=\"300\" height=\"200\" srcset=\"https:\/\/cuernavaca.gob.mx\/wp-content\/uploads\/2023\/10\/PRESENTA-CUERNAVACA-AMPLIA-CARTELERA-PARA-LA-CELEBRACIO\u0301N-DEL-FESTIVAL-DE-DI\u0301A-DE-MUERTOS-MICTLA\u0301N-2023-5-300x200.jpg 300w, https:\/\/cuernavaca.gob.mx\/wp-content\/uploads\/2023\/10\/PRESENTA-CUERNAVACA-AMPLIA-CARTELERA-PARA-LA-CELEBRACIO\u0301N-DEL-FESTIVAL-DE-DI\u0301A-DE-MUERTOS-MICTLA\u0301N-2023-5-1024x683.jpg 1024w, https:\/\/cuernavaca.gob.mx\/wp-content\/uploads\/2023\/10\/PRESENTA-CUERNAVACA-AMPLIA-CARTELERA-PARA-LA-CELEBRACIO\u0301N-DEL-FESTIVAL-DE-DI\u0301A-DE-MUERTOS-MICTLA\u0301N-2023-5-768x512.jpg 768w, https:\/\/cuernavaca.gob.mx\/wp-content\/uploads\/2023\/10\/PRESENTA-CUERNAVACA-AMPLIA-CARTELERA-PARA-LA-CELEBRACIO\u0301N-DEL-FESTIVAL-DE-DI\u0301A-DE-MUERTOS-MICTLA\u0301N-2023-5-1536x1024.jpg 1536w, https:\/\/cuernavaca.gob.mx\/wp-content\/uploads\/2023\/10\/PRESENTA-CUERNAVACA-AMPLIA-CARTELERA-PARA-LA-CELEBRACIO\u0301N-DEL-FESTIVAL-DE-DI\u0301A-DE-MUERTOS-MICTLA\u0301N-2023-5-600x400.jpg 600w, https:\/\/cuernavaca.gob.mx\/wp-content\/uploads\/2023\/10\/PRESENTA-CUERNAVACA-AMPLIA-CARTELERA-PARA-LA-CELEBRACIO\u0301N-DEL-FESTIVAL-DE-DI\u0301A-DE-MUERTOS-MICTLA\u0301N-2023-5-560x373.jpg 560w, https:\/\/cuernavaca.gob.mx\/wp-content\/uploads\/2023\/10\/PRESENTA-CUERNAVACA-AMPLIA-CARTELERA-PARA-LA-CELEBRACIO\u0301N-DEL-FESTIVAL-DE-DI\u0301A-DE-MUERTOS-MICTLA\u0301N-2023-5.jpg 1599w\" sizes=\"(max-width: 300px) 100vw, 300px\" \/> <img loading=\"lazy\" class=\"alignnone size-medium wp-image-33805\" src=\"https:\/\/cuernavaca.gob.mx\/wp-content\/uploads\/2023\/10\/PRESENTA-CUERNAVACA-AMPLIA-CARTELERA-PARA-LA-CELEBRACIO\u0301N-DEL-FESTIVAL-DE-DI\u0301A-DE-MUERTOS-MICTLA\u0301N-2023-6-300x200.jpg\" alt=\"\" width=\"300\" height=\"200\" srcset=\"https:\/\/cuernavaca.gob.mx\/wp-content\/uploads\/2023\/10\/PRESENTA-CUERNAVACA-AMPLIA-CARTELERA-PARA-LA-CELEBRACIO\u0301N-DEL-FESTIVAL-DE-DI\u0301A-DE-MUERTOS-MICTLA\u0301N-2023-6-300x200.jpg 300w, https:\/\/cuernavaca.gob.mx\/wp-content\/uploads\/2023\/10\/PRESENTA-CUERNAVACA-AMPLIA-CARTELERA-PARA-LA-CELEBRACIO\u0301N-DEL-FESTIVAL-DE-DI\u0301A-DE-MUERTOS-MICTLA\u0301N-2023-6-1024x683.jpg 1024w, https:\/\/cuernavaca.gob.mx\/wp-content\/uploads\/2023\/10\/PRESENTA-CUERNAVACA-AMPLIA-CARTELERA-PARA-LA-CELEBRACIO\u0301N-DEL-FESTIVAL-DE-DI\u0301A-DE-MUERTOS-MICTLA\u0301N-2023-6-768x512.jpg 768w, https:\/\/cuernavaca.gob.mx\/wp-content\/uploads\/2023\/10\/PRESENTA-CUERNAVACA-AMPLIA-CARTELERA-PARA-LA-CELEBRACIO\u0301N-DEL-FESTIVAL-DE-DI\u0301A-DE-MUERTOS-MICTLA\u0301N-2023-6-1536x1024.jpg 1536w, https:\/\/cuernavaca.gob.mx\/wp-content\/uploads\/2023\/10\/PRESENTA-CUERNAVACA-AMPLIA-CARTELERA-PARA-LA-CELEBRACIO\u0301N-DEL-FESTIVAL-DE-DI\u0301A-DE-MUERTOS-MICTLA\u0301N-2023-6-600x400.jpg 600w, https:\/\/cuernavaca.gob.mx\/wp-content\/uploads\/2023\/10\/PRESENTA-CUERNAVACA-AMPLIA-CARTELERA-PARA-LA-CELEBRACIO\u0301N-DEL-FESTIVAL-DE-DI\u0301A-DE-MUERTOS-MICTLA\u0301N-2023-6-560x373.jpg 560w, https:\/\/cuernavaca.gob.mx\/wp-content\/uploads\/2023\/10\/PRESENTA-CUERNAVACA-AMPLIA-CARTELERA-PARA-LA-CELEBRACIO\u0301N-DEL-FESTIVAL-DE-DI\u0301A-DE-MUERTOS-MICTLA\u0301N-2023-6.jpg 1599w\" sizes=\"(max-width: 300px) 100vw, 300px\" \/> <img loading=\"lazy\" class=\"alignnone size-medium wp-image-33806\" src=\"https:\/\/cuernavaca.gob.mx\/wp-content\/uploads\/2023\/10\/PRESENTA-CUERNAVACA-AMPLIA-CARTELERA-PARA-LA-CELEBRACIO\u0301N-DEL-FESTIVAL-DE-DI\u0301A-DE-MUERTOS-MICTLA\u0301N-2023-7-300x200.jpg\" alt=\"\" width=\"300\" height=\"200\" srcset=\"https:\/\/cuernavaca.gob.mx\/wp-content\/uploads\/2023\/10\/PRESENTA-CUERNAVACA-AMPLIA-CARTELERA-PARA-LA-CELEBRACIO\u0301N-DEL-FESTIVAL-DE-DI\u0301A-DE-MUERTOS-MICTLA\u0301N-2023-7-300x200.jpg 300w, https:\/\/cuernavaca.gob.mx\/wp-content\/uploads\/2023\/10\/PRESENTA-CUERNAVACA-AMPLIA-CARTELERA-PARA-LA-CELEBRACIO\u0301N-DEL-FESTIVAL-DE-DI\u0301A-DE-MUERTOS-MICTLA\u0301N-2023-7-1024x683.jpg 1024w, https:\/\/cuernavaca.gob.mx\/wp-content\/uploads\/2023\/10\/PRESENTA-CUERNAVACA-AMPLIA-CARTELERA-PARA-LA-CELEBRACIO\u0301N-DEL-FESTIVAL-DE-DI\u0301A-DE-MUERTOS-MICTLA\u0301N-2023-7-768x512.jpg 768w, https:\/\/cuernavaca.gob.mx\/wp-content\/uploads\/2023\/10\/PRESENTA-CUERNAVACA-AMPLIA-CARTELERA-PARA-LA-CELEBRACIO\u0301N-DEL-FESTIVAL-DE-DI\u0301A-DE-MUERTOS-MICTLA\u0301N-2023-7-1536x1024.jpg 1536w, https:\/\/cuernavaca.gob.mx\/wp-content\/uploads\/2023\/10\/PRESENTA-CUERNAVACA-AMPLIA-CARTELERA-PARA-LA-CELEBRACIO\u0301N-DEL-FESTIVAL-DE-DI\u0301A-DE-MUERTOS-MICTLA\u0301N-2023-7-600x400.jpg 600w, https:\/\/cuernavaca.gob.mx\/wp-content\/uploads\/2023\/10\/PRESENTA-CUERNAVACA-AMPLIA-CARTELERA-PARA-LA-CELEBRACIO\u0301N-DEL-FESTIVAL-DE-DI\u0301A-DE-MUERTOS-MICTLA\u0301N-2023-7-560x373.jpg 560w, https:\/\/cuernavaca.gob.mx\/wp-content\/uploads\/2023\/10\/PRESENTA-CUERNAVACA-AMPLIA-CARTELERA-PARA-LA-CELEBRACIO\u0301N-DEL-FESTIVAL-DE-DI\u0301A-DE-MUERTOS-MICTLA\u0301N-2023-7.jpg 1599w\" sizes=\"(max-width: 300px) 100vw, 300px\" \/> <img loading=\"lazy\" class=\"alignnone size-medium wp-image-33807\" src=\"https:\/\/cuernavaca.gob.mx\/wp-content\/uploads\/2023\/10\/PRESENTA-CUERNAVACA-AMPLIA-CARTELERA-PARA-LA-CELEBRACIO\u0301N-DEL-FESTIVAL-DE-DI\u0301A-DE-MUERTOS-MICTLA\u0301N-2023-8-300x200.jpg\" alt=\"\" width=\"300\" height=\"200\" srcset=\"https:\/\/cuernavaca.gob.mx\/wp-content\/uploads\/2023\/10\/PRESENTA-CUERNAVACA-AMPLIA-CARTELERA-PARA-LA-CELEBRACIO\u0301N-DEL-FESTIVAL-DE-DI\u0301A-DE-MUERTOS-MICTLA\u0301N-2023-8-300x200.jpg 300w, https:\/\/cuernavaca.gob.mx\/wp-content\/uploads\/2023\/10\/PRESENTA-CUERNAVACA-AMPLIA-CARTELERA-PARA-LA-CELEBRACIO\u0301N-DEL-FESTIVAL-DE-DI\u0301A-DE-MUERTOS-MICTLA\u0301N-2023-8-1024x683.jpg 1024w, https:\/\/cuernavaca.gob.mx\/wp-content\/uploads\/2023\/10\/PRESENTA-CUERNAVACA-AMPLIA-CARTELERA-PARA-LA-CELEBRACIO\u0301N-DEL-FESTIVAL-DE-DI\u0301A-DE-MUERTOS-MICTLA\u0301N-2023-8-768x512.jpg 768w, https:\/\/cuernavaca.gob.mx\/wp-content\/uploads\/2023\/10\/PRESENTA-CUERNAVACA-AMPLIA-CARTELERA-PARA-LA-CELEBRACIO\u0301N-DEL-FESTIVAL-DE-DI\u0301A-DE-MUERTOS-MICTLA\u0301N-2023-8-1536x1024.jpg 1536w, https:\/\/cuernavaca.gob.mx\/wp-content\/uploads\/2023\/10\/PRESENTA-CUERNAVACA-AMPLIA-CARTELERA-PARA-LA-CELEBRACIO\u0301N-DEL-FESTIVAL-DE-DI\u0301A-DE-MUERTOS-MICTLA\u0301N-2023-8-600x400.jpg 600w, https:\/\/cuernavaca.gob.mx\/wp-content\/uploads\/2023\/10\/PRESENTA-CUERNAVACA-AMPLIA-CARTELERA-PARA-LA-CELEBRACIO\u0301N-DEL-FESTIVAL-DE-DI\u0301A-DE-MUERTOS-MICTLA\u0301N-2023-8-560x373.jpg 560w, https:\/\/cuernavaca.gob.mx\/wp-content\/uploads\/2023\/10\/PRESENTA-CUERNAVACA-AMPLIA-CARTELERA-PARA-LA-CELEBRACIO\u0301N-DEL-FESTIVAL-DE-DI\u0301A-DE-MUERTOS-MICTLA\u0301N-2023-8.jpg 1599w\" sizes=\"(max-width: 300px) 100vw, 300px\" \/> <img loading=\"lazy\" class=\"alignnone size-medium wp-image-33808\" src=\"https:\/\/cuernavaca.gob.mx\/wp-content\/uploads\/2023\/10\/PRESENTA-CUERNAVACA-AMPLIA-CARTELERA-PARA-LA-CELEBRACIO\u0301N-DEL-FESTIVAL-DE-DI\u0301A-DE-MUERTOS-MICTLA\u0301N-2023-9-300x200.jpg\" alt=\"\" width=\"300\" height=\"200\" srcset=\"https:\/\/cuernavaca.gob.mx\/wp-content\/uploads\/2023\/10\/PRESENTA-CUERNAVACA-AMPLIA-CARTELERA-PARA-LA-CELEBRACIO\u0301N-DEL-FESTIVAL-DE-DI\u0301A-DE-MUERTOS-MICTLA\u0301N-2023-9-300x200.jpg 300w, https:\/\/cuernavaca.gob.mx\/wp-content\/uploads\/2023\/10\/PRESENTA-CUERNAVACA-AMPLIA-CARTELERA-PARA-LA-CELEBRACIO\u0301N-DEL-FESTIVAL-DE-DI\u0301A-DE-MUERTOS-MICTLA\u0301N-2023-9-1024x683.jpg 1024w, https:\/\/cuernavaca.gob.mx\/wp-content\/uploads\/2023\/10\/PRESENTA-CUERNAVACA-AMPLIA-CARTELERA-PARA-LA-CELEBRACIO\u0301N-DEL-FESTIVAL-DE-DI\u0301A-DE-MUERTOS-MICTLA\u0301N-2023-9-768x512.jpg 768w, https:\/\/cuernavaca.gob.mx\/wp-content\/uploads\/2023\/10\/PRESENTA-CUERNAVACA-AMPLIA-CARTELERA-PARA-LA-CELEBRACIO\u0301N-DEL-FESTIVAL-DE-DI\u0301A-DE-MUERTOS-MICTLA\u0301N-2023-9-1536x1024.jpg 1536w, https:\/\/cuernavaca.gob.mx\/wp-content\/uploads\/2023\/10\/PRESENTA-CUERNAVACA-AMPLIA-CARTELERA-PARA-LA-CELEBRACIO\u0301N-DEL-FESTIVAL-DE-DI\u0301A-DE-MUERTOS-MICTLA\u0301N-2023-9-600x400.jpg 600w, https:\/\/cuernavaca.gob.mx\/wp-content\/uploads\/2023\/10\/PRESENTA-CUERNAVACA-AMPLIA-CARTELERA-PARA-LA-CELEBRACIO\u0301N-DEL-FESTIVAL-DE-DI\u0301A-DE-MUERTOS-MICTLA\u0301N-2023-9-560x373.jpg 560w, https:\/\/cuernavaca.gob.mx\/wp-content\/uploads\/2023\/10\/PRESENTA-CUERNAVACA-AMPLIA-CARTELERA-PARA-LA-CELEBRACIO\u0301N-DEL-FESTIVAL-DE-DI\u0301A-DE-MUERTOS-MICTLA\u0301N-2023-9.jpg 1599w\" sizes=\"(max-width: 300px) 100vw, 300px\" \/><\/p>\n","protected":false},"excerpt":{"rendered":"<p>\u00b0 En la segunda edici\u00f3n se contar\u00e1 con m\u00e1s de 20 actividades gratuitas en 8 sedes distintas, donde tambi\u00e9n habr\u00e1 venta de productos artesanales alusivos a esta festividad \u00b0 Para conocer la cartelera completa pueden acceder a las redes sociales y p\u00e1gina oficial del Municipio de Cuernavaca Con m\u00e1s de 20 actividades gratuitas para toda [&hellip;]<\/p>\n","protected":false},"author":1,"featured_media":33801,"comment_status":"closed","ping_status":"open","sticky":false,"template":"","format":"standard","meta":[],"categories":[2292],"tags":[2263,121,2490,586,3367,206,3368,2225],"aioseo_notices":[],"_links":{"self":[{"href":"https:\/\/cuernavaca.gob.mx\/index.php?rest_route=\/wp\/v2\/posts\/33799"}],"collection":[{"href":"https:\/\/cuernavaca.gob.mx\/index.php?rest_route=\/wp\/v2\/posts"}],"about":[{"href":"https:\/\/cuernavaca.gob.mx\/index.php?rest_route=\/wp\/v2\/types\/post"}],"author":[{"embeddable":true,"href":"https:\/\/cuernavaca.gob.mx\/index.php?rest_route=\/wp\/v2\/users\/1"}],"replies":[{"embeddable":true,"href":"https:\/\/cuernavaca.gob.mx\/index.php?rest_route=%2Fwp%2Fv2%2Fcomments&post=33799"}],"version-history":[{"count":1,"href":"https:\/\/cuernavaca.gob.mx\/index.php?rest_route=\/wp\/v2\/posts\/33799\/revisions"}],"predecessor-version":[{"id":33809,"href":"https:\/\/cuernavaca.gob.mx\/index.php?rest_route=\/wp\/v2\/posts\/33799\/revisions\/33809"}],"wp:featuredmedia":[{"embeddable":true,"href":"https:\/\/cuernavaca.gob.mx\/index.php?rest_route=\/wp\/v2\/media\/33801"}],"wp:attachment":[{"href":"https:\/\/cuernavaca.gob.mx\/index.php?rest_route=%2Fwp%2Fv2%2Fmedia&parent=33799"}],"wp:term":[{"taxonomy":"category","embeddable":true,"href":"https:\/\/cuernavaca.gob.mx\/index.php?rest_route=%2Fwp%2Fv2%2Fcategories&post=33799"},{"taxonomy":"post_tag","embeddable":true,"href":"https:\/\/cuernavaca.gob.mx\/index.php?rest_route=%2Fwp%2Fv2%2Ftags&post=33799"}],"curies":[{"name":"wp","href":"https:\/\/api.w.org\/{rel}","templated":true}]}}