{"id":33815,"date":"2023-10-17T17:00:20","date_gmt":"2023-10-17T23:00:20","guid":{"rendered":"https:\/\/cuernavaca.gob.mx\/?p=33815"},"modified":"2025-05-06T14:33:49","modified_gmt":"2025-05-06T20:33:49","slug":"b1341-17-10-23-se-veran-beneficios-para-cuernavaca-tras-la-visita-oficial-de-jose-luis-uriostegui-a-japon","status":"publish","type":"post","link":"https:\/\/cuernavaca.gob.mx\/?p=33815","title":{"rendered":"B1341 17\/10\/23 SE VER\u00c1N BENEFICIOS PARA CUERNAVACA TRAS LA VISITA OFICIAL DE JOS\u00c9 LUIS URI\u00d3STEGUI A JAP\u00d3N"},"content":{"rendered":"<p><strong>\u00b0 El presidente municipal relanz\u00f3 la hermandad que mantiene la capital de Morelos con las ciudades japonesas de Min\u014d y \u014ctaki desde hace 20 y 45 a\u00f1os<\/strong><\/p>\n<p><strong>\u00b0 Adem\u00e1s de reforzar los lazos de amistad, Jos\u00e9 Luis Uri\u00f3stegui sostuvo un encuentro con el gobernador de la Prefectura de Chiba, Jap\u00f3n, Toshihito Kumagai<\/strong><\/p>\n<p>Para el efecto de fortalecer las relaciones afectivas vivas, el presidente municipal de Cuernavaca, Jos\u00e9 Luis Uri\u00f3stegui Salgado, relanz\u00f3 la hermandad que mantiene Cuernavaca con las ciudades japonesas de Min\u014d y \u014ctaki desde hace 20 y 45 a\u00f1os, respectivamente, lo cual resulta un \u00e9xito para la poblaci\u00f3n y la ciudad, ya que se podr\u00e1n consolidar cuestiones culturales, comerciales, sociales y econ\u00f3micas en un futuro.<\/p>\n<p>Tras la visita oficial que efectu\u00f3 hace unos d\u00edas, Jos\u00e9 Luis Uri\u00f3stegui refiri\u00f3 que tal y como lo se\u00f1al\u00f3 el Excelent\u00edsimo se\u00f1or Embajador de Jap\u00f3n en M\u00e9xico, Noriteru Fukushima, para sus hom\u00f3logos de Min\u014d y \u014ctaki es de suma importancia la presencia de Cuernavaca en las celebraciones de aniversario de estos hermanamientos, ya que para ellos no es meramente un acto de transcurso de tiempo, sino de relaciones afectivas vivas que lograron posicionar a Cuernavaca nuevamente dentro de la comunidad japonesa.<\/p>\n<p>Detall\u00f3 que el aniversario con la ciudad de Min\u014d que se ubica en la prefectura de Osaka, se celebr\u00f3 con una Fiesta Mexicana donde fue recibido por su homologo Kazuhiko Ueshima, aqu\u00ed se refrendaron los lazos de amistad que han dado como resultado intercambios permanentes de actividades, entre ellas han dado la oportunidad a j\u00f3venes y familias cuernavaquenses de conocer su cultura y hasta estudiar el idioma japon\u00e9s en su propia ciudad.<\/p>\n<p>En el caso de la ciudad de \u014ctaki, Jos\u00e9 Luis Uri\u00f3stegui particip\u00f3 en una ceremonia diplom\u00e1tica y en el Festival del Castillo, una de las escenificaciones m\u00e1s importantes de esta ciudad, acompa\u00f1ado de la Embajadora de M\u00e9xico en Jap\u00f3n, Melba Pria Olavarrieta y la anfitrion\u00eda del Sr. Noboru Hirabayashi, alcalde de \u014ctaki Chiba.<\/p>\n<p>No obstante, el mandatario municipal sostuvo tambi\u00e9n un encuentro con el gobernador de la Prefectura de Chiba, Jap\u00f3n, Toshihito Kumagai, quien le expres\u00f3 el inter\u00e9s de Jap\u00f3n por invertir en M\u00e9xico, abriendo nuevos lazos para la capital del estado de Morelos.<\/p>\n<p>Jos\u00e9 Luis Uri\u00f3stegui se\u00f1al\u00f3 que a sus pares de Min\u014d y \u014ctaki les entreg\u00f3 una USB para que conozcan lo que es Cuernavaca, desde su arquitectura, historia y espacios naturales, invit\u00e1ndolos a visitar de manera rec\u00edproca la Eterna Primavera lo que ha sido considerado por su Cabildo y estar presentes el pr\u00f3ximo a\u00f1o, pactando adem\u00e1s tener un espacio dentro de la Feria de la Flor para que haya una representaci\u00f3n de Jap\u00f3n en los eventos del municipio.<\/p>\n<p><img loading=\"lazy\" class=\"alignnone size-medium wp-image-33816\" src=\"https:\/\/cuernavaca.gob.mx\/wp-content\/uploads\/2023\/10\/SE-VERA\u0301N-BENEFICIOS-PARA-CUERNAVACA-TRAS-LA-VISITA-OFICIAL-DE-JOSE\u0301-LUIS-URIO\u0301STEGUI-A-JAPO\u0301N-1-225x300.jpg\" alt=\"\" width=\"225\" height=\"300\" srcset=\"https:\/\/cuernavaca.gob.mx\/wp-content\/uploads\/2023\/10\/SE-VERA\u0301N-BENEFICIOS-PARA-CUERNAVACA-TRAS-LA-VISITA-OFICIAL-DE-JOSE\u0301-LUIS-URIO\u0301STEGUI-A-JAPO\u0301N-1-225x300.jpg 225w, https:\/\/cuernavaca.gob.mx\/wp-content\/uploads\/2023\/10\/SE-VERA\u0301N-BENEFICIOS-PARA-CUERNAVACA-TRAS-LA-VISITA-OFICIAL-DE-JOSE\u0301-LUIS-URIO\u0301STEGUI-A-JAPO\u0301N-1-768x1024.jpg 768w, https:\/\/cuernavaca.gob.mx\/wp-content\/uploads\/2023\/10\/SE-VERA\u0301N-BENEFICIOS-PARA-CUERNAVACA-TRAS-LA-VISITA-OFICIAL-DE-JOSE\u0301-LUIS-URIO\u0301STEGUI-A-JAPO\u0301N-1-450x600.jpg 450w, https:\/\/cuernavaca.gob.mx\/wp-content\/uploads\/2023\/10\/SE-VERA\u0301N-BENEFICIOS-PARA-CUERNAVACA-TRAS-LA-VISITA-OFICIAL-DE-JOSE\u0301-LUIS-URIO\u0301STEGUI-A-JAPO\u0301N-1-420x560.jpg 420w, https:\/\/cuernavaca.gob.mx\/wp-content\/uploads\/2023\/10\/SE-VERA\u0301N-BENEFICIOS-PARA-CUERNAVACA-TRAS-LA-VISITA-OFICIAL-DE-JOSE\u0301-LUIS-URIO\u0301STEGUI-A-JAPO\u0301N-1.jpg 1108w\" sizes=\"(max-width: 225px) 100vw, 225px\" \/> <img loading=\"lazy\" class=\"alignnone size-medium wp-image-33817\" src=\"https:\/\/cuernavaca.gob.mx\/wp-content\/uploads\/2023\/10\/SE-VERA\u0301N-BENEFICIOS-PARA-CUERNAVACA-TRAS-LA-VISITA-OFICIAL-DE-JOSE\u0301-LUIS-URIO\u0301STEGUI-A-JAPO\u0301N-2-300x225.jpg\" alt=\"\" width=\"300\" height=\"225\" srcset=\"https:\/\/cuernavaca.gob.mx\/wp-content\/uploads\/2023\/10\/SE-VERA\u0301N-BENEFICIOS-PARA-CUERNAVACA-TRAS-LA-VISITA-OFICIAL-DE-JOSE\u0301-LUIS-URIO\u0301STEGUI-A-JAPO\u0301N-2-300x225.jpg 300w, https:\/\/cuernavaca.gob.mx\/wp-content\/uploads\/2023\/10\/SE-VERA\u0301N-BENEFICIOS-PARA-CUERNAVACA-TRAS-LA-VISITA-OFICIAL-DE-JOSE\u0301-LUIS-URIO\u0301STEGUI-A-JAPO\u0301N-2-1024x768.jpg 1024w, https:\/\/cuernavaca.gob.mx\/wp-content\/uploads\/2023\/10\/SE-VERA\u0301N-BENEFICIOS-PARA-CUERNAVACA-TRAS-LA-VISITA-OFICIAL-DE-JOSE\u0301-LUIS-URIO\u0301STEGUI-A-JAPO\u0301N-2-768x576.jpg 768w, https:\/\/cuernavaca.gob.mx\/wp-content\/uploads\/2023\/10\/SE-VERA\u0301N-BENEFICIOS-PARA-CUERNAVACA-TRAS-LA-VISITA-OFICIAL-DE-JOSE\u0301-LUIS-URIO\u0301STEGUI-A-JAPO\u0301N-2-600x450.jpg 600w, https:\/\/cuernavaca.gob.mx\/wp-content\/uploads\/2023\/10\/SE-VERA\u0301N-BENEFICIOS-PARA-CUERNAVACA-TRAS-LA-VISITA-OFICIAL-DE-JOSE\u0301-LUIS-URIO\u0301STEGUI-A-JAPO\u0301N-2-560x420.jpg 560w, https:\/\/cuernavaca.gob.mx\/wp-content\/uploads\/2023\/10\/SE-VERA\u0301N-BENEFICIOS-PARA-CUERNAVACA-TRAS-LA-VISITA-OFICIAL-DE-JOSE\u0301-LUIS-URIO\u0301STEGUI-A-JAPO\u0301N-2.jpg 1477w\" sizes=\"(max-width: 300px) 100vw, 300px\" \/> <img loading=\"lazy\" class=\"alignnone size-medium wp-image-33818\" src=\"https:\/\/cuernavaca.gob.mx\/wp-content\/uploads\/2023\/10\/SE-VERA\u0301N-BENEFICIOS-PARA-CUERNAVACA-TRAS-LA-VISITA-OFICIAL-DE-JOSE\u0301-LUIS-URIO\u0301STEGUI-A-JAPO\u0301N-3-300x200.jpg\" alt=\"\" width=\"300\" height=\"200\" srcset=\"https:\/\/cuernavaca.gob.mx\/wp-content\/uploads\/2023\/10\/SE-VERA\u0301N-BENEFICIOS-PARA-CUERNAVACA-TRAS-LA-VISITA-OFICIAL-DE-JOSE\u0301-LUIS-URIO\u0301STEGUI-A-JAPO\u0301N-3-300x200.jpg 300w, https:\/\/cuernavaca.gob.mx\/wp-content\/uploads\/2023\/10\/SE-VERA\u0301N-BENEFICIOS-PARA-CUERNAVACA-TRAS-LA-VISITA-OFICIAL-DE-JOSE\u0301-LUIS-URIO\u0301STEGUI-A-JAPO\u0301N-3-1024x683.jpg 1024w, https:\/\/cuernavaca.gob.mx\/wp-content\/uploads\/2023\/10\/SE-VERA\u0301N-BENEFICIOS-PARA-CUERNAVACA-TRAS-LA-VISITA-OFICIAL-DE-JOSE\u0301-LUIS-URIO\u0301STEGUI-A-JAPO\u0301N-3-768x512.jpg 768w, https:\/\/cuernavaca.gob.mx\/wp-content\/uploads\/2023\/10\/SE-VERA\u0301N-BENEFICIOS-PARA-CUERNAVACA-TRAS-LA-VISITA-OFICIAL-DE-JOSE\u0301-LUIS-URIO\u0301STEGUI-A-JAPO\u0301N-3-1536x1024.jpg 1536w, https:\/\/cuernavaca.gob.mx\/wp-content\/uploads\/2023\/10\/SE-VERA\u0301N-BENEFICIOS-PARA-CUERNAVACA-TRAS-LA-VISITA-OFICIAL-DE-JOSE\u0301-LUIS-URIO\u0301STEGUI-A-JAPO\u0301N-3-600x400.jpg 600w, https:\/\/cuernavaca.gob.mx\/wp-content\/uploads\/2023\/10\/SE-VERA\u0301N-BENEFICIOS-PARA-CUERNAVACA-TRAS-LA-VISITA-OFICIAL-DE-JOSE\u0301-LUIS-URIO\u0301STEGUI-A-JAPO\u0301N-3-560x373.jpg 560w, https:\/\/cuernavaca.gob.mx\/wp-content\/uploads\/2023\/10\/SE-VERA\u0301N-BENEFICIOS-PARA-CUERNAVACA-TRAS-LA-VISITA-OFICIAL-DE-JOSE\u0301-LUIS-URIO\u0301STEGUI-A-JAPO\u0301N-3.jpg 1600w\" sizes=\"(max-width: 300px) 100vw, 300px\" \/> <img loading=\"lazy\" class=\"alignnone size-medium wp-image-33819\" src=\"https:\/\/cuernavaca.gob.mx\/wp-content\/uploads\/2023\/10\/SE-VERA\u0301N-BENEFICIOS-PARA-CUERNAVACA-TRAS-LA-VISITA-OFICIAL-DE-JOSE\u0301-LUIS-URIO\u0301STEGUI-A-JAPO\u0301N-4-300x169.jpg\" alt=\"\" width=\"300\" height=\"169\" srcset=\"https:\/\/cuernavaca.gob.mx\/wp-content\/uploads\/2023\/10\/SE-VERA\u0301N-BENEFICIOS-PARA-CUERNAVACA-TRAS-LA-VISITA-OFICIAL-DE-JOSE\u0301-LUIS-URIO\u0301STEGUI-A-JAPO\u0301N-4-300x169.jpg 300w, https:\/\/cuernavaca.gob.mx\/wp-content\/uploads\/2023\/10\/SE-VERA\u0301N-BENEFICIOS-PARA-CUERNAVACA-TRAS-LA-VISITA-OFICIAL-DE-JOSE\u0301-LUIS-URIO\u0301STEGUI-A-JAPO\u0301N-4-768x432.jpg 768w, https:\/\/cuernavaca.gob.mx\/wp-content\/uploads\/2023\/10\/SE-VERA\u0301N-BENEFICIOS-PARA-CUERNAVACA-TRAS-LA-VISITA-OFICIAL-DE-JOSE\u0301-LUIS-URIO\u0301STEGUI-A-JAPO\u0301N-4-600x338.jpg 600w, https:\/\/cuernavaca.gob.mx\/wp-content\/uploads\/2023\/10\/SE-VERA\u0301N-BENEFICIOS-PARA-CUERNAVACA-TRAS-LA-VISITA-OFICIAL-DE-JOSE\u0301-LUIS-URIO\u0301STEGUI-A-JAPO\u0301N-4-560x315.jpg 560w, https:\/\/cuernavaca.gob.mx\/wp-content\/uploads\/2023\/10\/SE-VERA\u0301N-BENEFICIOS-PARA-CUERNAVACA-TRAS-LA-VISITA-OFICIAL-DE-JOSE\u0301-LUIS-URIO\u0301STEGUI-A-JAPO\u0301N-4.jpg 1024w\" sizes=\"(max-width: 300px) 100vw, 300px\" \/> <img loading=\"lazy\" class=\"alignnone size-medium wp-image-33820\" src=\"https:\/\/cuernavaca.gob.mx\/wp-content\/uploads\/2023\/10\/SE-VERA\u0301N-BENEFICIOS-PARA-CUERNAVACA-TRAS-LA-VISITA-OFICIAL-DE-JOSE\u0301-LUIS-URIO\u0301STEGUI-A-JAPO\u0301N-5-300x225.jpg\" alt=\"\" width=\"300\" height=\"225\" srcset=\"https:\/\/cuernavaca.gob.mx\/wp-content\/uploads\/2023\/10\/SE-VERA\u0301N-BENEFICIOS-PARA-CUERNAVACA-TRAS-LA-VISITA-OFICIAL-DE-JOSE\u0301-LUIS-URIO\u0301STEGUI-A-JAPO\u0301N-5-300x225.jpg 300w, https:\/\/cuernavaca.gob.mx\/wp-content\/uploads\/2023\/10\/SE-VERA\u0301N-BENEFICIOS-PARA-CUERNAVACA-TRAS-LA-VISITA-OFICIAL-DE-JOSE\u0301-LUIS-URIO\u0301STEGUI-A-JAPO\u0301N-5-1024x768.jpg 1024w, https:\/\/cuernavaca.gob.mx\/wp-content\/uploads\/2023\/10\/SE-VERA\u0301N-BENEFICIOS-PARA-CUERNAVACA-TRAS-LA-VISITA-OFICIAL-DE-JOSE\u0301-LUIS-URIO\u0301STEGUI-A-JAPO\u0301N-5-768x576.jpg 768w, https:\/\/cuernavaca.gob.mx\/wp-content\/uploads\/2023\/10\/SE-VERA\u0301N-BENEFICIOS-PARA-CUERNAVACA-TRAS-LA-VISITA-OFICIAL-DE-JOSE\u0301-LUIS-URIO\u0301STEGUI-A-JAPO\u0301N-5-600x450.jpg 600w, https:\/\/cuernavaca.gob.mx\/wp-content\/uploads\/2023\/10\/SE-VERA\u0301N-BENEFICIOS-PARA-CUERNAVACA-TRAS-LA-VISITA-OFICIAL-DE-JOSE\u0301-LUIS-URIO\u0301STEGUI-A-JAPO\u0301N-5-560x420.jpg 560w, https:\/\/cuernavaca.gob.mx\/wp-content\/uploads\/2023\/10\/SE-VERA\u0301N-BENEFICIOS-PARA-CUERNAVACA-TRAS-LA-VISITA-OFICIAL-DE-JOSE\u0301-LUIS-URIO\u0301STEGUI-A-JAPO\u0301N-5.jpg 1479w\" sizes=\"(max-width: 300px) 100vw, 300px\" \/> <img loading=\"lazy\" class=\"alignnone size-medium wp-image-33821\" src=\"https:\/\/cuernavaca.gob.mx\/wp-content\/uploads\/2023\/10\/SE-VERA\u0301N-BENEFICIOS-PARA-CUERNAVACA-TRAS-LA-VISITA-OFICIAL-DE-JOSE\u0301-LUIS-URIO\u0301STEGUI-A-JAPO\u0301N-6-300x199.jpg\" alt=\"\" width=\"300\" height=\"199\" srcset=\"https:\/\/cuernavaca.gob.mx\/wp-content\/uploads\/2023\/10\/SE-VERA\u0301N-BENEFICIOS-PARA-CUERNAVACA-TRAS-LA-VISITA-OFICIAL-DE-JOSE\u0301-LUIS-URIO\u0301STEGUI-A-JAPO\u0301N-6-300x199.jpg 300w, https:\/\/cuernavaca.gob.mx\/wp-content\/uploads\/2023\/10\/SE-VERA\u0301N-BENEFICIOS-PARA-CUERNAVACA-TRAS-LA-VISITA-OFICIAL-DE-JOSE\u0301-LUIS-URIO\u0301STEGUI-A-JAPO\u0301N-6-1024x679.jpg 1024w, https:\/\/cuernavaca.gob.mx\/wp-content\/uploads\/2023\/10\/SE-VERA\u0301N-BENEFICIOS-PARA-CUERNAVACA-TRAS-LA-VISITA-OFICIAL-DE-JOSE\u0301-LUIS-URIO\u0301STEGUI-A-JAPO\u0301N-6-768x509.jpg 768w, https:\/\/cuernavaca.gob.mx\/wp-content\/uploads\/2023\/10\/SE-VERA\u0301N-BENEFICIOS-PARA-CUERNAVACA-TRAS-LA-VISITA-OFICIAL-DE-JOSE\u0301-LUIS-URIO\u0301STEGUI-A-JAPO\u0301N-6-600x398.jpg 600w, https:\/\/cuernavaca.gob.mx\/wp-content\/uploads\/2023\/10\/SE-VERA\u0301N-BENEFICIOS-PARA-CUERNAVACA-TRAS-LA-VISITA-OFICIAL-DE-JOSE\u0301-LUIS-URIO\u0301STEGUI-A-JAPO\u0301N-6-560x371.jpg 560w, https:\/\/cuernavaca.gob.mx\/wp-content\/uploads\/2023\/10\/SE-VERA\u0301N-BENEFICIOS-PARA-CUERNAVACA-TRAS-LA-VISITA-OFICIAL-DE-JOSE\u0301-LUIS-URIO\u0301STEGUI-A-JAPO\u0301N-6.jpg 1367w\" sizes=\"(max-width: 300px) 100vw, 300px\" \/><\/p>\n","protected":false},"excerpt":{"rendered":"<p>\u00b0 El presidente municipal relanz\u00f3 la hermandad que mantiene la capital de Morelos con las ciudades japonesas de Min\u014d y \u014ctaki desde hace 20 y 45 a\u00f1os \u00b0 Adem\u00e1s de reforzar los lazos de amistad, Jos\u00e9 Luis Uri\u00f3stegui sostuvo un encuentro con el gobernador de la Prefectura de Chiba, Jap\u00f3n, Toshihito Kumagai Para el efecto [&hellip;]<\/p>\n","protected":false},"author":1,"featured_media":33819,"comment_status":"closed","ping_status":"open","sticky":false,"template":"","format":"standard","meta":[],"categories":[20],"tags":[1708,121,190,3372,1479,120,2267,206,194],"aioseo_notices":[],"_links":{"self":[{"href":"https:\/\/cuernavaca.gob.mx\/index.php?rest_route=\/wp\/v2\/posts\/33815"}],"collection":[{"href":"https:\/\/cuernavaca.gob.mx\/index.php?rest_route=\/wp\/v2\/posts"}],"about":[{"href":"https:\/\/cuernavaca.gob.mx\/index.php?rest_route=\/wp\/v2\/types\/post"}],"author":[{"embeddable":true,"href":"https:\/\/cuernavaca.gob.mx\/index.php?rest_route=\/wp\/v2\/users\/1"}],"replies":[{"embeddable":true,"href":"https:\/\/cuernavaca.gob.mx\/index.php?rest_route=%2Fwp%2Fv2%2Fcomments&post=33815"}],"version-history":[{"count":1,"href":"https:\/\/cuernavaca.gob.mx\/index.php?rest_route=\/wp\/v2\/posts\/33815\/revisions"}],"predecessor-version":[{"id":33822,"href":"https:\/\/cuernavaca.gob.mx\/index.php?rest_route=\/wp\/v2\/posts\/33815\/revisions\/33822"}],"wp:featuredmedia":[{"embeddable":true,"href":"https:\/\/cuernavaca.gob.mx\/index.php?rest_route=\/wp\/v2\/media\/33819"}],"wp:attachment":[{"href":"https:\/\/cuernavaca.gob.mx\/index.php?rest_route=%2Fwp%2Fv2%2Fmedia&parent=33815"}],"wp:term":[{"taxonomy":"category","embeddable":true,"href":"https:\/\/cuernavaca.gob.mx\/index.php?rest_route=%2Fwp%2Fv2%2Fcategories&post=33815"},{"taxonomy":"post_tag","embeddable":true,"href":"https:\/\/cuernavaca.gob.mx\/index.php?rest_route=%2Fwp%2Fv2%2Ftags&post=33815"}],"curies":[{"name":"wp","href":"https:\/\/api.w.org\/{rel}","templated":true}]}}