{"id":33823,"date":"2023-10-17T17:40:05","date_gmt":"2023-10-17T23:40:05","guid":{"rendered":"https:\/\/cuernavaca.gob.mx\/?p=33823"},"modified":"2025-05-06T14:33:49","modified_gmt":"2025-05-06T20:33:49","slug":"b1342-17-10-23-se-preparan-a-los-panteones-municipales-de-cuernavaca-para-recibir-a-visitantes-para-el-dia-de-muertos","status":"publish","type":"post","link":"https:\/\/cuernavaca.gob.mx\/?p=33823","title":{"rendered":"B1342 17\/10\/23 SE PREPARAN A LOS PANTEONES MUNICIPALES DE CUERNAVACA PARA RECIBIR A VISITANTES PARA EL D\u00cdA DE MUERTOS"},"content":{"rendered":"<p>\u2022 La Secretar\u00eda de Desarrollo Sustentable y Servicios P\u00fablicos ha mantenido labores de limpieza, desmalezado, barrido, lavado de piletas y la limpieza de contenedores<\/p>\n<p>\u2022 Se pide a los visitantes acatar las medidas preventivas para evitar contagios de dengue y la recomendaci\u00f3n es no colocar recipientes con agua y si van a llevar flores sea en macetas para sembrarlas<\/p>\n<p>En el marco de las celebraciones por el D\u00eda de Muertos, los siete panteones municipales a cargo del Ayuntamiento de Cuernavaca est\u00e1n listos y en \u00f3ptimas condiciones para recibir a quienes en estas fechas visitan a sus difuntos, pidiendo a la ciudadan\u00eda el cuidado de estos espacios y acatar las medidas preventivas para evitar contagios de dengue, en especial al encontrarse la capital morelense con altos \u00edndices de casos confirmados.<\/p>\n<p>El secretario de Desarrollo Sustentable y Servicios P\u00fablicos, Israel Albavera V\u00e1zquez, indic\u00f3 que para evitar que se sigan propagando enfermedades por vectores, la recomendaci\u00f3n a la poblaci\u00f3n es no colocar recipientes con agua y si van a llevar flores colocarlas sin agua o llevarlas en macetas para que puedan ser sembradas, usar ropa de manga larga y repelente, as\u00ed como evitar ingresar con bebidas alcoh\u00f3licas.<\/p>\n<p>Destac\u00f3 que, para salvaguardar la salud de los visitantes y trabajadores, las jornadas de termonebulizaci\u00f3n que se han llevado a cabo en diversos puntos de la ciudad encabezados por la Secretar\u00eda de Desarrollo Humano y Participaci\u00f3n Social, tendr\u00e1n presencia en los panteones municipales.<\/p>\n<p>Dentro de las actividades que se han realizado para estos festejos, adem\u00e1s del mantenimiento constante que han dado a estos espacios, indic\u00f3 que han hecho labores de limpieza retirando 50 metros c\u00fabicos de escombro, desmalezado en 30 mil 900 metros cuadrados, el barrido de calles en los diferentes panteones en 55 mil 700 metros cuadrados, el lavado de piletas y la limpieza de contenedores, recogiendo 44 mil 100 metros c\u00fabicos de basura, por lo cual hizo un en\u00e9rgico llamado a la ciudadan\u00eda para ser conscientes y evitar ser generadores de residuos.<\/p>\n<p>Albavera V\u00e1zquez refiri\u00f3 que los panteones municipales estar\u00e1n abiertos en un horario de 08:00 a 18:00 horas y las cajas de recaudaci\u00f3n de 8:00 a 15:00 horas, recordando que en el caso del pante\u00f3n Jardines de La Paz estar\u00e1 restringido el acceso a la zona de derrumbe del pared\u00f3n.<\/p>\n<p><img loading=\"lazy\" class=\"alignnone size-medium wp-image-33824\" src=\"https:\/\/cuernavaca.gob.mx\/wp-content\/uploads\/2023\/10\/SE-PREPARAN-A-LOS-PANTEONES-MUNICIPALES-DE-CUERNAVACA-PARA-RECIBIR-A-VISITANTES-PARA-EL-DI\u0301A-DE-MUERTOS-1-300x261.jpg\" alt=\"\" width=\"300\" height=\"261\" srcset=\"https:\/\/cuernavaca.gob.mx\/wp-content\/uploads\/2023\/10\/SE-PREPARAN-A-LOS-PANTEONES-MUNICIPALES-DE-CUERNAVACA-PARA-RECIBIR-A-VISITANTES-PARA-EL-DI\u0301A-DE-MUERTOS-1-300x261.jpg 300w, https:\/\/cuernavaca.gob.mx\/wp-content\/uploads\/2023\/10\/SE-PREPARAN-A-LOS-PANTEONES-MUNICIPALES-DE-CUERNAVACA-PARA-RECIBIR-A-VISITANTES-PARA-EL-DI\u0301A-DE-MUERTOS-1-768x669.jpg 768w, https:\/\/cuernavaca.gob.mx\/wp-content\/uploads\/2023\/10\/SE-PREPARAN-A-LOS-PANTEONES-MUNICIPALES-DE-CUERNAVACA-PARA-RECIBIR-A-VISITANTES-PARA-EL-DI\u0301A-DE-MUERTOS-1-600x523.jpg 600w, https:\/\/cuernavaca.gob.mx\/wp-content\/uploads\/2023\/10\/SE-PREPARAN-A-LOS-PANTEONES-MUNICIPALES-DE-CUERNAVACA-PARA-RECIBIR-A-VISITANTES-PARA-EL-DI\u0301A-DE-MUERTOS-1-560x488.jpg 560w, https:\/\/cuernavaca.gob.mx\/wp-content\/uploads\/2023\/10\/SE-PREPARAN-A-LOS-PANTEONES-MUNICIPALES-DE-CUERNAVACA-PARA-RECIBIR-A-VISITANTES-PARA-EL-DI\u0301A-DE-MUERTOS-1.jpg 857w\" sizes=\"(max-width: 300px) 100vw, 300px\" \/> <img loading=\"lazy\" class=\"alignnone size-medium wp-image-33825\" src=\"https:\/\/cuernavaca.gob.mx\/wp-content\/uploads\/2023\/10\/SE-PREPARAN-A-LOS-PANTEONES-MUNICIPALES-DE-CUERNAVACA-PARA-RECIBIR-A-VISITANTES-PARA-EL-DI\u0301A-DE-MUERTOS-2-300x225.jpg\" alt=\"\" width=\"300\" height=\"225\" srcset=\"https:\/\/cuernavaca.gob.mx\/wp-content\/uploads\/2023\/10\/SE-PREPARAN-A-LOS-PANTEONES-MUNICIPALES-DE-CUERNAVACA-PARA-RECIBIR-A-VISITANTES-PARA-EL-DI\u0301A-DE-MUERTOS-2-300x225.jpg 300w, https:\/\/cuernavaca.gob.mx\/wp-content\/uploads\/2023\/10\/SE-PREPARAN-A-LOS-PANTEONES-MUNICIPALES-DE-CUERNAVACA-PARA-RECIBIR-A-VISITANTES-PARA-EL-DI\u0301A-DE-MUERTOS-2-1024x769.jpg 1024w, https:\/\/cuernavaca.gob.mx\/wp-content\/uploads\/2023\/10\/SE-PREPARAN-A-LOS-PANTEONES-MUNICIPALES-DE-CUERNAVACA-PARA-RECIBIR-A-VISITANTES-PARA-EL-DI\u0301A-DE-MUERTOS-2-768x577.jpg 768w, https:\/\/cuernavaca.gob.mx\/wp-content\/uploads\/2023\/10\/SE-PREPARAN-A-LOS-PANTEONES-MUNICIPALES-DE-CUERNAVACA-PARA-RECIBIR-A-VISITANTES-PARA-EL-DI\u0301A-DE-MUERTOS-2-600x451.jpg 600w, https:\/\/cuernavaca.gob.mx\/wp-content\/uploads\/2023\/10\/SE-PREPARAN-A-LOS-PANTEONES-MUNICIPALES-DE-CUERNAVACA-PARA-RECIBIR-A-VISITANTES-PARA-EL-DI\u0301A-DE-MUERTOS-2-560x421.jpg 560w, https:\/\/cuernavaca.gob.mx\/wp-content\/uploads\/2023\/10\/SE-PREPARAN-A-LOS-PANTEONES-MUNICIPALES-DE-CUERNAVACA-PARA-RECIBIR-A-VISITANTES-PARA-EL-DI\u0301A-DE-MUERTOS-2.jpg 1440w\" sizes=\"(max-width: 300px) 100vw, 300px\" \/> <img loading=\"lazy\" class=\"alignnone size-medium wp-image-33826\" src=\"https:\/\/cuernavaca.gob.mx\/wp-content\/uploads\/2023\/10\/SE-PREPARAN-A-LOS-PANTEONES-MUNICIPALES-DE-CUERNAVACA-PARA-RECIBIR-A-VISITANTES-PARA-EL-DI\u0301A-DE-MUERTOS-3-300x225.jpg\" alt=\"\" width=\"300\" height=\"225\" srcset=\"https:\/\/cuernavaca.gob.mx\/wp-content\/uploads\/2023\/10\/SE-PREPARAN-A-LOS-PANTEONES-MUNICIPALES-DE-CUERNAVACA-PARA-RECIBIR-A-VISITANTES-PARA-EL-DI\u0301A-DE-MUERTOS-3-300x225.jpg 300w, https:\/\/cuernavaca.gob.mx\/wp-content\/uploads\/2023\/10\/SE-PREPARAN-A-LOS-PANTEONES-MUNICIPALES-DE-CUERNAVACA-PARA-RECIBIR-A-VISITANTES-PARA-EL-DI\u0301A-DE-MUERTOS-3-1024x769.jpg 1024w, https:\/\/cuernavaca.gob.mx\/wp-content\/uploads\/2023\/10\/SE-PREPARAN-A-LOS-PANTEONES-MUNICIPALES-DE-CUERNAVACA-PARA-RECIBIR-A-VISITANTES-PARA-EL-DI\u0301A-DE-MUERTOS-3-768x577.jpg 768w, https:\/\/cuernavaca.gob.mx\/wp-content\/uploads\/2023\/10\/SE-PREPARAN-A-LOS-PANTEONES-MUNICIPALES-DE-CUERNAVACA-PARA-RECIBIR-A-VISITANTES-PARA-EL-DI\u0301A-DE-MUERTOS-3-600x451.jpg 600w, https:\/\/cuernavaca.gob.mx\/wp-content\/uploads\/2023\/10\/SE-PREPARAN-A-LOS-PANTEONES-MUNICIPALES-DE-CUERNAVACA-PARA-RECIBIR-A-VISITANTES-PARA-EL-DI\u0301A-DE-MUERTOS-3-560x421.jpg 560w, https:\/\/cuernavaca.gob.mx\/wp-content\/uploads\/2023\/10\/SE-PREPARAN-A-LOS-PANTEONES-MUNICIPALES-DE-CUERNAVACA-PARA-RECIBIR-A-VISITANTES-PARA-EL-DI\u0301A-DE-MUERTOS-3.jpg 1440w\" sizes=\"(max-width: 300px) 100vw, 300px\" \/> <img loading=\"lazy\" class=\"alignnone size-medium wp-image-33827\" src=\"https:\/\/cuernavaca.gob.mx\/wp-content\/uploads\/2023\/10\/SE-PREPARAN-A-LOS-PANTEONES-MUNICIPALES-DE-CUERNAVACA-PARA-RECIBIR-A-VISITANTES-PARA-EL-DI\u0301A-DE-MUERTOS-4-300x225.jpg\" alt=\"\" width=\"300\" height=\"225\" srcset=\"https:\/\/cuernavaca.gob.mx\/wp-content\/uploads\/2023\/10\/SE-PREPARAN-A-LOS-PANTEONES-MUNICIPALES-DE-CUERNAVACA-PARA-RECIBIR-A-VISITANTES-PARA-EL-DI\u0301A-DE-MUERTOS-4-300x225.jpg 300w, https:\/\/cuernavaca.gob.mx\/wp-content\/uploads\/2023\/10\/SE-PREPARAN-A-LOS-PANTEONES-MUNICIPALES-DE-CUERNAVACA-PARA-RECIBIR-A-VISITANTES-PARA-EL-DI\u0301A-DE-MUERTOS-4-1024x769.jpg 1024w, https:\/\/cuernavaca.gob.mx\/wp-content\/uploads\/2023\/10\/SE-PREPARAN-A-LOS-PANTEONES-MUNICIPALES-DE-CUERNAVACA-PARA-RECIBIR-A-VISITANTES-PARA-EL-DI\u0301A-DE-MUERTOS-4-768x577.jpg 768w, https:\/\/cuernavaca.gob.mx\/wp-content\/uploads\/2023\/10\/SE-PREPARAN-A-LOS-PANTEONES-MUNICIPALES-DE-CUERNAVACA-PARA-RECIBIR-A-VISITANTES-PARA-EL-DI\u0301A-DE-MUERTOS-4-600x451.jpg 600w, https:\/\/cuernavaca.gob.mx\/wp-content\/uploads\/2023\/10\/SE-PREPARAN-A-LOS-PANTEONES-MUNICIPALES-DE-CUERNAVACA-PARA-RECIBIR-A-VISITANTES-PARA-EL-DI\u0301A-DE-MUERTOS-4-560x421.jpg 560w, https:\/\/cuernavaca.gob.mx\/wp-content\/uploads\/2023\/10\/SE-PREPARAN-A-LOS-PANTEONES-MUNICIPALES-DE-CUERNAVACA-PARA-RECIBIR-A-VISITANTES-PARA-EL-DI\u0301A-DE-MUERTOS-4.jpg 1440w\" sizes=\"(max-width: 300px) 100vw, 300px\" \/> <img loading=\"lazy\" class=\"alignnone size-medium wp-image-33828\" src=\"https:\/\/cuernavaca.gob.mx\/wp-content\/uploads\/2023\/10\/SE-PREPARAN-A-LOS-PANTEONES-MUNICIPALES-DE-CUERNAVACA-PARA-RECIBIR-A-VISITANTES-PARA-EL-DI\u0301A-DE-MUERTOS-5-300x224.jpg\" alt=\"\" width=\"300\" height=\"224\" srcset=\"https:\/\/cuernavaca.gob.mx\/wp-content\/uploads\/2023\/10\/SE-PREPARAN-A-LOS-PANTEONES-MUNICIPALES-DE-CUERNAVACA-PARA-RECIBIR-A-VISITANTES-PARA-EL-DI\u0301A-DE-MUERTOS-5-300x224.jpg 300w, https:\/\/cuernavaca.gob.mx\/wp-content\/uploads\/2023\/10\/SE-PREPARAN-A-LOS-PANTEONES-MUNICIPALES-DE-CUERNAVACA-PARA-RECIBIR-A-VISITANTES-PARA-EL-DI\u0301A-DE-MUERTOS-5-1024x765.jpg 1024w, https:\/\/cuernavaca.gob.mx\/wp-content\/uploads\/2023\/10\/SE-PREPARAN-A-LOS-PANTEONES-MUNICIPALES-DE-CUERNAVACA-PARA-RECIBIR-A-VISITANTES-PARA-EL-DI\u0301A-DE-MUERTOS-5-768x574.jpg 768w, https:\/\/cuernavaca.gob.mx\/wp-content\/uploads\/2023\/10\/SE-PREPARAN-A-LOS-PANTEONES-MUNICIPALES-DE-CUERNAVACA-PARA-RECIBIR-A-VISITANTES-PARA-EL-DI\u0301A-DE-MUERTOS-5-600x448.jpg 600w, https:\/\/cuernavaca.gob.mx\/wp-content\/uploads\/2023\/10\/SE-PREPARAN-A-LOS-PANTEONES-MUNICIPALES-DE-CUERNAVACA-PARA-RECIBIR-A-VISITANTES-PARA-EL-DI\u0301A-DE-MUERTOS-5-560x418.jpg 560w, https:\/\/cuernavaca.gob.mx\/wp-content\/uploads\/2023\/10\/SE-PREPARAN-A-LOS-PANTEONES-MUNICIPALES-DE-CUERNAVACA-PARA-RECIBIR-A-VISITANTES-PARA-EL-DI\u0301A-DE-MUERTOS-5.jpg 1440w\" sizes=\"(max-width: 300px) 100vw, 300px\" \/><\/p>\n","protected":false},"excerpt":{"rendered":"<p>\u2022 La Secretar\u00eda de Desarrollo Sustentable y Servicios P\u00fablicos ha mantenido labores de limpieza, desmalezado, barrido, lavado de piletas y la limpieza de contenedores \u2022 Se pide a los visitantes acatar las medidas preventivas para evitar contagios de dengue y la recomendaci\u00f3n es no colocar recipientes con agua y si van a llevar flores sea [&hellip;]<\/p>\n","protected":false},"author":1,"featured_media":33826,"comment_status":"closed","ping_status":"open","sticky":false,"template":"","format":"standard","meta":[],"categories":[2271],"tags":[121,2490,120,206,552,138],"aioseo_notices":[],"_links":{"self":[{"href":"https:\/\/cuernavaca.gob.mx\/index.php?rest_route=\/wp\/v2\/posts\/33823"}],"collection":[{"href":"https:\/\/cuernavaca.gob.mx\/index.php?rest_route=\/wp\/v2\/posts"}],"about":[{"href":"https:\/\/cuernavaca.gob.mx\/index.php?rest_route=\/wp\/v2\/types\/post"}],"author":[{"embeddable":true,"href":"https:\/\/cuernavaca.gob.mx\/index.php?rest_route=\/wp\/v2\/users\/1"}],"replies":[{"embeddable":true,"href":"https:\/\/cuernavaca.gob.mx\/index.php?rest_route=%2Fwp%2Fv2%2Fcomments&post=33823"}],"version-history":[{"count":1,"href":"https:\/\/cuernavaca.gob.mx\/index.php?rest_route=\/wp\/v2\/posts\/33823\/revisions"}],"predecessor-version":[{"id":33829,"href":"https:\/\/cuernavaca.gob.mx\/index.php?rest_route=\/wp\/v2\/posts\/33823\/revisions\/33829"}],"wp:featuredmedia":[{"embeddable":true,"href":"https:\/\/cuernavaca.gob.mx\/index.php?rest_route=\/wp\/v2\/media\/33826"}],"wp:attachment":[{"href":"https:\/\/cuernavaca.gob.mx\/index.php?rest_route=%2Fwp%2Fv2%2Fmedia&parent=33823"}],"wp:term":[{"taxonomy":"category","embeddable":true,"href":"https:\/\/cuernavaca.gob.mx\/index.php?rest_route=%2Fwp%2Fv2%2Fcategories&post=33823"},{"taxonomy":"post_tag","embeddable":true,"href":"https:\/\/cuernavaca.gob.mx\/index.php?rest_route=%2Fwp%2Fv2%2Ftags&post=33823"}],"curies":[{"name":"wp","href":"https:\/\/api.w.org\/{rel}","templated":true}]}}