{"id":33830,"date":"2023-10-17T18:35:21","date_gmt":"2023-10-18T00:35:21","guid":{"rendered":"https:\/\/cuernavaca.gob.mx\/?p=33830"},"modified":"2025-05-06T14:33:48","modified_gmt":"2025-05-06T20:33:48","slug":"b1343-17-10-23-inaugura-jose-luis-uriostegui-la-exposicion-imss-80-fotografias-80-historias-a-cargo-del-imss-en-el-museo-de-la-ciudad-de-cuernavaca","status":"publish","type":"post","link":"https:\/\/cuernavaca.gob.mx\/?p=33830","title":{"rendered":"B1343 17\/10\/23 INAUGURA JOS\u00c9 LUIS URI\u00d3STEGUI LA EXPOSICI\u00d3N \u201cIMSS, 80 FOTOGRAF\u00cdAS, 80 HISTORIAS\u201d A CARGO DEL IMSS EN EL MUSEO DE LA CIUDAD DE CUERNAVACA"},"content":{"rendered":"<p><strong>\u2022 El presidente municipal dio la bienvenida a esta cr\u00f3nica visual que muestra 80 a\u00f1os de actividades del Seguro Social en M\u00e9xico que no solo atiende aspectos m\u00e9dicos, sino tambi\u00e9n de prestaci\u00f3n de seguridad social<\/strong><\/p>\n<p>Al externar la trascendencia que ha tenido el Instituto Mexicano del Seguro Social (IMSS) para la sociedad mexicana y particularmente la sociedad de Cuernavaca, el presidente municipal, Jos\u00e9 Luis Uri\u00f3stegui Salgado, dio la bienvenida a la exposici\u00f3n fotogr\u00e1fica \u201cIMSS, 80 Fotograf\u00edas, 80 Historias\u201d que estar\u00e1 presente en el Museo de la Ciudad de Cuernavaca en conmemoraci\u00f3n de su 80 aniversario.<\/p>\n<p>Como anfitri\u00f3n del evento, manifest\u00f3 su benepl\u00e1cito de que esta exposici\u00f3n itinerante que ha recorrido diferentes ciudades del pa\u00eds, este hoy en la capital del estado de Morelos y principalmente en este edificio emblem\u00e1tico mostrando un acervo hist\u00f3rico de 80 a\u00f1os de actividades de lo que es el IMSS, que no solo atiende aspectos m\u00e9dicos, sino de prestaciones de seguridad social que quiz\u00e1 son a\u00fan m\u00e1s relevantes para quienes no padecen alguna enfermedad o accidente, al estar relacionados con el cuidado despu\u00e9s de que la vida laboral ha llegado a una conclusi\u00f3n, garantizando que puedan seguir teniendo una atenci\u00f3n y recibir una pensi\u00f3n que es vital y debe fortalecerse.<\/p>\n<p>Por su lado, la titular del \u00d3rgano de Operaci\u00f3n Administrativa Desconcentrada Morelos, Ang\u00e9lica Mariel Mart\u00ednez L\u00f3pez, explic\u00f3 que la exposici\u00f3n \u201cIMSS, 80 Fotograf\u00edas, 80 Historias\u201d es una cr\u00f3nica visual de algunos de los momentos m\u00e1s emblem\u00e1ticos que han marcado la historia de la instituci\u00f3n, desde el surgimiento del Seguro Social en 1943 bajo la presidencia de Manuel \u00c1vila Camacho hasta las acciones trascendentales de su personal y su incidencia en la vida de la poblaci\u00f3n asegurada.<\/p>\n<p>El titular del Archivo Hist\u00f3rico del IMSS, Jaime Troche Almanza, detall\u00f3 que para crear esta muestra se llev\u00f3 a cabo una selecci\u00f3n de 80 im\u00e1genes de 50 mil que tienen en el acervo documental, mismo que puede ser consultado al interior del Centro M\u00e9dico Nacional Siglo XXI en un horario de 08:00 a 17:00 horas, resaltando que este evento en Cuernavaca quedar\u00e1 en la historia del Seguro Social.<\/p>\n<p>En el evento se cont\u00f3 con la presencia del director general del Instituto de Cultura de Cuernavaca, Juan Contreras de Oteyza; del secretario general de la secci\u00f3n XIX del SNTSS en Morelos, Daniel Mu\u00f1oz Mart\u00ednez; la representaci\u00f3n del secretario de Salud del Estado, Marco Cant\u00fa Cuevas, as\u00ed como el Consejo Consultivo y cuerpo colegiado del \u00d3rgano de Operaci\u00f3n Administrativa Desconcentrada (OOAD) del IMSS Morelos y personal del instituto.<\/p>\n<p>Esta muestra permanecer\u00e1 abierta al p\u00fablico en general hasta el 26 de octubre de martes a viernes de 10:00 a 17:00 horas y fines de semana de 10:00 a 15:00 horas.<\/p>\n<p>&nbsp;<\/p>\n<p><img loading=\"lazy\" class=\"alignnone size-medium wp-image-33831\" src=\"https:\/\/cuernavaca.gob.mx\/wp-content\/uploads\/2023\/10\/INAUGURA-JOSE\u0301-LUIS-URIO\u0301STEGUI-LA-EXPOSICIO\u0301N-IMSS-80-FOTOGRAFI\u0301AS-80-HISTORIAS-A-CARGO-DEL-IMSS-EN-EL-MUSEO-DE-LA-CIUDAD-DE-CUERNAVACA-1-300x200.jpg\" alt=\"\" width=\"300\" height=\"200\" srcset=\"https:\/\/cuernavaca.gob.mx\/wp-content\/uploads\/2023\/10\/INAUGURA-JOSE\u0301-LUIS-URIO\u0301STEGUI-LA-EXPOSICIO\u0301N-IMSS-80-FOTOGRAFI\u0301AS-80-HISTORIAS-A-CARGO-DEL-IMSS-EN-EL-MUSEO-DE-LA-CIUDAD-DE-CUERNAVACA-1-300x200.jpg 300w, https:\/\/cuernavaca.gob.mx\/wp-content\/uploads\/2023\/10\/INAUGURA-JOSE\u0301-LUIS-URIO\u0301STEGUI-LA-EXPOSICIO\u0301N-IMSS-80-FOTOGRAFI\u0301AS-80-HISTORIAS-A-CARGO-DEL-IMSS-EN-EL-MUSEO-DE-LA-CIUDAD-DE-CUERNAVACA-1-1024x682.jpg 1024w, https:\/\/cuernavaca.gob.mx\/wp-content\/uploads\/2023\/10\/INAUGURA-JOSE\u0301-LUIS-URIO\u0301STEGUI-LA-EXPOSICIO\u0301N-IMSS-80-FOTOGRAFI\u0301AS-80-HISTORIAS-A-CARGO-DEL-IMSS-EN-EL-MUSEO-DE-LA-CIUDAD-DE-CUERNAVACA-1-768x512.jpg 768w, https:\/\/cuernavaca.gob.mx\/wp-content\/uploads\/2023\/10\/INAUGURA-JOSE\u0301-LUIS-URIO\u0301STEGUI-LA-EXPOSICIO\u0301N-IMSS-80-FOTOGRAFI\u0301AS-80-HISTORIAS-A-CARGO-DEL-IMSS-EN-EL-MUSEO-DE-LA-CIUDAD-DE-CUERNAVACA-1-1536x1023.jpg 1536w, https:\/\/cuernavaca.gob.mx\/wp-content\/uploads\/2023\/10\/INAUGURA-JOSE\u0301-LUIS-URIO\u0301STEGUI-LA-EXPOSICIO\u0301N-IMSS-80-FOTOGRAFI\u0301AS-80-HISTORIAS-A-CARGO-DEL-IMSS-EN-EL-MUSEO-DE-LA-CIUDAD-DE-CUERNAVACA-1-600x400.jpg 600w, https:\/\/cuernavaca.gob.mx\/wp-content\/uploads\/2023\/10\/INAUGURA-JOSE\u0301-LUIS-URIO\u0301STEGUI-LA-EXPOSICIO\u0301N-IMSS-80-FOTOGRAFI\u0301AS-80-HISTORIAS-A-CARGO-DEL-IMSS-EN-EL-MUSEO-DE-LA-CIUDAD-DE-CUERNAVACA-1-560x373.jpg 560w, https:\/\/cuernavaca.gob.mx\/wp-content\/uploads\/2023\/10\/INAUGURA-JOSE\u0301-LUIS-URIO\u0301STEGUI-LA-EXPOSICIO\u0301N-IMSS-80-FOTOGRAFI\u0301AS-80-HISTORIAS-A-CARGO-DEL-IMSS-EN-EL-MUSEO-DE-LA-CIUDAD-DE-CUERNAVACA-1.jpg 1600w\" sizes=\"(max-width: 300px) 100vw, 300px\" \/> <img loading=\"lazy\" class=\"alignnone size-medium wp-image-33832\" src=\"https:\/\/cuernavaca.gob.mx\/wp-content\/uploads\/2023\/10\/INAUGURA-JOSE\u0301-LUIS-URIO\u0301STEGUI-LA-EXPOSICIO\u0301N-IMSS-80-FOTOGRAFI\u0301AS-80-HISTORIAS-A-CARGO-DEL-IMSS-EN-EL-MUSEO-DE-LA-CIUDAD-DE-CUERNAVACA-2-300x200.jpg\" alt=\"\" width=\"300\" height=\"200\" srcset=\"https:\/\/cuernavaca.gob.mx\/wp-content\/uploads\/2023\/10\/INAUGURA-JOSE\u0301-LUIS-URIO\u0301STEGUI-LA-EXPOSICIO\u0301N-IMSS-80-FOTOGRAFI\u0301AS-80-HISTORIAS-A-CARGO-DEL-IMSS-EN-EL-MUSEO-DE-LA-CIUDAD-DE-CUERNAVACA-2-300x200.jpg 300w, https:\/\/cuernavaca.gob.mx\/wp-content\/uploads\/2023\/10\/INAUGURA-JOSE\u0301-LUIS-URIO\u0301STEGUI-LA-EXPOSICIO\u0301N-IMSS-80-FOTOGRAFI\u0301AS-80-HISTORIAS-A-CARGO-DEL-IMSS-EN-EL-MUSEO-DE-LA-CIUDAD-DE-CUERNAVACA-2-1024x682.jpg 1024w, https:\/\/cuernavaca.gob.mx\/wp-content\/uploads\/2023\/10\/INAUGURA-JOSE\u0301-LUIS-URIO\u0301STEGUI-LA-EXPOSICIO\u0301N-IMSS-80-FOTOGRAFI\u0301AS-80-HISTORIAS-A-CARGO-DEL-IMSS-EN-EL-MUSEO-DE-LA-CIUDAD-DE-CUERNAVACA-2-768x512.jpg 768w, https:\/\/cuernavaca.gob.mx\/wp-content\/uploads\/2023\/10\/INAUGURA-JOSE\u0301-LUIS-URIO\u0301STEGUI-LA-EXPOSICIO\u0301N-IMSS-80-FOTOGRAFI\u0301AS-80-HISTORIAS-A-CARGO-DEL-IMSS-EN-EL-MUSEO-DE-LA-CIUDAD-DE-CUERNAVACA-2-1536x1023.jpg 1536w, https:\/\/cuernavaca.gob.mx\/wp-content\/uploads\/2023\/10\/INAUGURA-JOSE\u0301-LUIS-URIO\u0301STEGUI-LA-EXPOSICIO\u0301N-IMSS-80-FOTOGRAFI\u0301AS-80-HISTORIAS-A-CARGO-DEL-IMSS-EN-EL-MUSEO-DE-LA-CIUDAD-DE-CUERNAVACA-2-600x400.jpg 600w, https:\/\/cuernavaca.gob.mx\/wp-content\/uploads\/2023\/10\/INAUGURA-JOSE\u0301-LUIS-URIO\u0301STEGUI-LA-EXPOSICIO\u0301N-IMSS-80-FOTOGRAFI\u0301AS-80-HISTORIAS-A-CARGO-DEL-IMSS-EN-EL-MUSEO-DE-LA-CIUDAD-DE-CUERNAVACA-2-560x373.jpg 560w, https:\/\/cuernavaca.gob.mx\/wp-content\/uploads\/2023\/10\/INAUGURA-JOSE\u0301-LUIS-URIO\u0301STEGUI-LA-EXPOSICIO\u0301N-IMSS-80-FOTOGRAFI\u0301AS-80-HISTORIAS-A-CARGO-DEL-IMSS-EN-EL-MUSEO-DE-LA-CIUDAD-DE-CUERNAVACA-2.jpg 1600w\" sizes=\"(max-width: 300px) 100vw, 300px\" \/> <img loading=\"lazy\" class=\"alignnone size-medium wp-image-33833\" src=\"https:\/\/cuernavaca.gob.mx\/wp-content\/uploads\/2023\/10\/INAUGURA-JOSE\u0301-LUIS-URIO\u0301STEGUI-LA-EXPOSICIO\u0301N-IMSS-80-FOTOGRAFI\u0301AS-80-HISTORIAS-A-CARGO-DEL-IMSS-EN-EL-MUSEO-DE-LA-CIUDAD-DE-CUERNAVACA-3-300x200.jpg\" alt=\"\" width=\"300\" height=\"200\" srcset=\"https:\/\/cuernavaca.gob.mx\/wp-content\/uploads\/2023\/10\/INAUGURA-JOSE\u0301-LUIS-URIO\u0301STEGUI-LA-EXPOSICIO\u0301N-IMSS-80-FOTOGRAFI\u0301AS-80-HISTORIAS-A-CARGO-DEL-IMSS-EN-EL-MUSEO-DE-LA-CIUDAD-DE-CUERNAVACA-3-300x200.jpg 300w, https:\/\/cuernavaca.gob.mx\/wp-content\/uploads\/2023\/10\/INAUGURA-JOSE\u0301-LUIS-URIO\u0301STEGUI-LA-EXPOSICIO\u0301N-IMSS-80-FOTOGRAFI\u0301AS-80-HISTORIAS-A-CARGO-DEL-IMSS-EN-EL-MUSEO-DE-LA-CIUDAD-DE-CUERNAVACA-3-1024x682.jpg 1024w, https:\/\/cuernavaca.gob.mx\/wp-content\/uploads\/2023\/10\/INAUGURA-JOSE\u0301-LUIS-URIO\u0301STEGUI-LA-EXPOSICIO\u0301N-IMSS-80-FOTOGRAFI\u0301AS-80-HISTORIAS-A-CARGO-DEL-IMSS-EN-EL-MUSEO-DE-LA-CIUDAD-DE-CUERNAVACA-3-768x512.jpg 768w, https:\/\/cuernavaca.gob.mx\/wp-content\/uploads\/2023\/10\/INAUGURA-JOSE\u0301-LUIS-URIO\u0301STEGUI-LA-EXPOSICIO\u0301N-IMSS-80-FOTOGRAFI\u0301AS-80-HISTORIAS-A-CARGO-DEL-IMSS-EN-EL-MUSEO-DE-LA-CIUDAD-DE-CUERNAVACA-3-1536x1023.jpg 1536w, https:\/\/cuernavaca.gob.mx\/wp-content\/uploads\/2023\/10\/INAUGURA-JOSE\u0301-LUIS-URIO\u0301STEGUI-LA-EXPOSICIO\u0301N-IMSS-80-FOTOGRAFI\u0301AS-80-HISTORIAS-A-CARGO-DEL-IMSS-EN-EL-MUSEO-DE-LA-CIUDAD-DE-CUERNAVACA-3-600x400.jpg 600w, https:\/\/cuernavaca.gob.mx\/wp-content\/uploads\/2023\/10\/INAUGURA-JOSE\u0301-LUIS-URIO\u0301STEGUI-LA-EXPOSICIO\u0301N-IMSS-80-FOTOGRAFI\u0301AS-80-HISTORIAS-A-CARGO-DEL-IMSS-EN-EL-MUSEO-DE-LA-CIUDAD-DE-CUERNAVACA-3-560x373.jpg 560w, https:\/\/cuernavaca.gob.mx\/wp-content\/uploads\/2023\/10\/INAUGURA-JOSE\u0301-LUIS-URIO\u0301STEGUI-LA-EXPOSICIO\u0301N-IMSS-80-FOTOGRAFI\u0301AS-80-HISTORIAS-A-CARGO-DEL-IMSS-EN-EL-MUSEO-DE-LA-CIUDAD-DE-CUERNAVACA-3.jpg 1600w\" sizes=\"(max-width: 300px) 100vw, 300px\" \/> <img loading=\"lazy\" class=\"alignnone size-medium wp-image-33834\" src=\"https:\/\/cuernavaca.gob.mx\/wp-content\/uploads\/2023\/10\/INAUGURA-JOSE\u0301-LUIS-URIO\u0301STEGUI-LA-EXPOSICIO\u0301N-IMSS-80-FOTOGRAFI\u0301AS-80-HISTORIAS-A-CARGO-DEL-IMSS-EN-EL-MUSEO-DE-LA-CIUDAD-DE-CUERNAVACA-4-300x200.jpg\" alt=\"\" width=\"300\" height=\"200\" srcset=\"https:\/\/cuernavaca.gob.mx\/wp-content\/uploads\/2023\/10\/INAUGURA-JOSE\u0301-LUIS-URIO\u0301STEGUI-LA-EXPOSICIO\u0301N-IMSS-80-FOTOGRAFI\u0301AS-80-HISTORIAS-A-CARGO-DEL-IMSS-EN-EL-MUSEO-DE-LA-CIUDAD-DE-CUERNAVACA-4-300x200.jpg 300w, https:\/\/cuernavaca.gob.mx\/wp-content\/uploads\/2023\/10\/INAUGURA-JOSE\u0301-LUIS-URIO\u0301STEGUI-LA-EXPOSICIO\u0301N-IMSS-80-FOTOGRAFI\u0301AS-80-HISTORIAS-A-CARGO-DEL-IMSS-EN-EL-MUSEO-DE-LA-CIUDAD-DE-CUERNAVACA-4-1024x682.jpg 1024w, https:\/\/cuernavaca.gob.mx\/wp-content\/uploads\/2023\/10\/INAUGURA-JOSE\u0301-LUIS-URIO\u0301STEGUI-LA-EXPOSICIO\u0301N-IMSS-80-FOTOGRAFI\u0301AS-80-HISTORIAS-A-CARGO-DEL-IMSS-EN-EL-MUSEO-DE-LA-CIUDAD-DE-CUERNAVACA-4-768x512.jpg 768w, https:\/\/cuernavaca.gob.mx\/wp-content\/uploads\/2023\/10\/INAUGURA-JOSE\u0301-LUIS-URIO\u0301STEGUI-LA-EXPOSICIO\u0301N-IMSS-80-FOTOGRAFI\u0301AS-80-HISTORIAS-A-CARGO-DEL-IMSS-EN-EL-MUSEO-DE-LA-CIUDAD-DE-CUERNAVACA-4-1536x1023.jpg 1536w, https:\/\/cuernavaca.gob.mx\/wp-content\/uploads\/2023\/10\/INAUGURA-JOSE\u0301-LUIS-URIO\u0301STEGUI-LA-EXPOSICIO\u0301N-IMSS-80-FOTOGRAFI\u0301AS-80-HISTORIAS-A-CARGO-DEL-IMSS-EN-EL-MUSEO-DE-LA-CIUDAD-DE-CUERNAVACA-4-600x400.jpg 600w, https:\/\/cuernavaca.gob.mx\/wp-content\/uploads\/2023\/10\/INAUGURA-JOSE\u0301-LUIS-URIO\u0301STEGUI-LA-EXPOSICIO\u0301N-IMSS-80-FOTOGRAFI\u0301AS-80-HISTORIAS-A-CARGO-DEL-IMSS-EN-EL-MUSEO-DE-LA-CIUDAD-DE-CUERNAVACA-4-560x373.jpg 560w, https:\/\/cuernavaca.gob.mx\/wp-content\/uploads\/2023\/10\/INAUGURA-JOSE\u0301-LUIS-URIO\u0301STEGUI-LA-EXPOSICIO\u0301N-IMSS-80-FOTOGRAFI\u0301AS-80-HISTORIAS-A-CARGO-DEL-IMSS-EN-EL-MUSEO-DE-LA-CIUDAD-DE-CUERNAVACA-4.jpg 1600w\" sizes=\"(max-width: 300px) 100vw, 300px\" \/> <img loading=\"lazy\" class=\"alignnone size-medium wp-image-33835\" src=\"https:\/\/cuernavaca.gob.mx\/wp-content\/uploads\/2023\/10\/INAUGURA-JOSE\u0301-LUIS-URIO\u0301STEGUI-LA-EXPOSICIO\u0301N-IMSS-80-FOTOGRAFI\u0301AS-80-HISTORIAS-A-CARGO-DEL-IMSS-EN-EL-MUSEO-DE-LA-CIUDAD-DE-CUERNAVACA-5-300x200.jpg\" alt=\"\" width=\"300\" height=\"200\" srcset=\"https:\/\/cuernavaca.gob.mx\/wp-content\/uploads\/2023\/10\/INAUGURA-JOSE\u0301-LUIS-URIO\u0301STEGUI-LA-EXPOSICIO\u0301N-IMSS-80-FOTOGRAFI\u0301AS-80-HISTORIAS-A-CARGO-DEL-IMSS-EN-EL-MUSEO-DE-LA-CIUDAD-DE-CUERNAVACA-5-300x200.jpg 300w, https:\/\/cuernavaca.gob.mx\/wp-content\/uploads\/2023\/10\/INAUGURA-JOSE\u0301-LUIS-URIO\u0301STEGUI-LA-EXPOSICIO\u0301N-IMSS-80-FOTOGRAFI\u0301AS-80-HISTORIAS-A-CARGO-DEL-IMSS-EN-EL-MUSEO-DE-LA-CIUDAD-DE-CUERNAVACA-5-1024x682.jpg 1024w, https:\/\/cuernavaca.gob.mx\/wp-content\/uploads\/2023\/10\/INAUGURA-JOSE\u0301-LUIS-URIO\u0301STEGUI-LA-EXPOSICIO\u0301N-IMSS-80-FOTOGRAFI\u0301AS-80-HISTORIAS-A-CARGO-DEL-IMSS-EN-EL-MUSEO-DE-LA-CIUDAD-DE-CUERNAVACA-5-768x512.jpg 768w, https:\/\/cuernavaca.gob.mx\/wp-content\/uploads\/2023\/10\/INAUGURA-JOSE\u0301-LUIS-URIO\u0301STEGUI-LA-EXPOSICIO\u0301N-IMSS-80-FOTOGRAFI\u0301AS-80-HISTORIAS-A-CARGO-DEL-IMSS-EN-EL-MUSEO-DE-LA-CIUDAD-DE-CUERNAVACA-5-1536x1023.jpg 1536w, https:\/\/cuernavaca.gob.mx\/wp-content\/uploads\/2023\/10\/INAUGURA-JOSE\u0301-LUIS-URIO\u0301STEGUI-LA-EXPOSICIO\u0301N-IMSS-80-FOTOGRAFI\u0301AS-80-HISTORIAS-A-CARGO-DEL-IMSS-EN-EL-MUSEO-DE-LA-CIUDAD-DE-CUERNAVACA-5-600x400.jpg 600w, https:\/\/cuernavaca.gob.mx\/wp-content\/uploads\/2023\/10\/INAUGURA-JOSE\u0301-LUIS-URIO\u0301STEGUI-LA-EXPOSICIO\u0301N-IMSS-80-FOTOGRAFI\u0301AS-80-HISTORIAS-A-CARGO-DEL-IMSS-EN-EL-MUSEO-DE-LA-CIUDAD-DE-CUERNAVACA-5-560x373.jpg 560w, https:\/\/cuernavaca.gob.mx\/wp-content\/uploads\/2023\/10\/INAUGURA-JOSE\u0301-LUIS-URIO\u0301STEGUI-LA-EXPOSICIO\u0301N-IMSS-80-FOTOGRAFI\u0301AS-80-HISTORIAS-A-CARGO-DEL-IMSS-EN-EL-MUSEO-DE-LA-CIUDAD-DE-CUERNAVACA-5.jpg 1600w\" sizes=\"(max-width: 300px) 100vw, 300px\" \/> <img loading=\"lazy\" class=\"alignnone size-medium wp-image-33836\" src=\"https:\/\/cuernavaca.gob.mx\/wp-content\/uploads\/2023\/10\/INAUGURA-JOSE\u0301-LUIS-URIO\u0301STEGUI-LA-EXPOSICIO\u0301N-IMSS-80-FOTOGRAFI\u0301AS-80-HISTORIAS-A-CARGO-DEL-IMSS-EN-EL-MUSEO-DE-LA-CIUDAD-DE-CUERNAVACA-6-300x200.jpg\" alt=\"\" width=\"300\" height=\"200\" srcset=\"https:\/\/cuernavaca.gob.mx\/wp-content\/uploads\/2023\/10\/INAUGURA-JOSE\u0301-LUIS-URIO\u0301STEGUI-LA-EXPOSICIO\u0301N-IMSS-80-FOTOGRAFI\u0301AS-80-HISTORIAS-A-CARGO-DEL-IMSS-EN-EL-MUSEO-DE-LA-CIUDAD-DE-CUERNAVACA-6-300x200.jpg 300w, https:\/\/cuernavaca.gob.mx\/wp-content\/uploads\/2023\/10\/INAUGURA-JOSE\u0301-LUIS-URIO\u0301STEGUI-LA-EXPOSICIO\u0301N-IMSS-80-FOTOGRAFI\u0301AS-80-HISTORIAS-A-CARGO-DEL-IMSS-EN-EL-MUSEO-DE-LA-CIUDAD-DE-CUERNAVACA-6-1024x682.jpg 1024w, https:\/\/cuernavaca.gob.mx\/wp-content\/uploads\/2023\/10\/INAUGURA-JOSE\u0301-LUIS-URIO\u0301STEGUI-LA-EXPOSICIO\u0301N-IMSS-80-FOTOGRAFI\u0301AS-80-HISTORIAS-A-CARGO-DEL-IMSS-EN-EL-MUSEO-DE-LA-CIUDAD-DE-CUERNAVACA-6-768x512.jpg 768w, https:\/\/cuernavaca.gob.mx\/wp-content\/uploads\/2023\/10\/INAUGURA-JOSE\u0301-LUIS-URIO\u0301STEGUI-LA-EXPOSICIO\u0301N-IMSS-80-FOTOGRAFI\u0301AS-80-HISTORIAS-A-CARGO-DEL-IMSS-EN-EL-MUSEO-DE-LA-CIUDAD-DE-CUERNAVACA-6-1536x1023.jpg 1536w, https:\/\/cuernavaca.gob.mx\/wp-content\/uploads\/2023\/10\/INAUGURA-JOSE\u0301-LUIS-URIO\u0301STEGUI-LA-EXPOSICIO\u0301N-IMSS-80-FOTOGRAFI\u0301AS-80-HISTORIAS-A-CARGO-DEL-IMSS-EN-EL-MUSEO-DE-LA-CIUDAD-DE-CUERNAVACA-6-600x400.jpg 600w, https:\/\/cuernavaca.gob.mx\/wp-content\/uploads\/2023\/10\/INAUGURA-JOSE\u0301-LUIS-URIO\u0301STEGUI-LA-EXPOSICIO\u0301N-IMSS-80-FOTOGRAFI\u0301AS-80-HISTORIAS-A-CARGO-DEL-IMSS-EN-EL-MUSEO-DE-LA-CIUDAD-DE-CUERNAVACA-6-560x373.jpg 560w, https:\/\/cuernavaca.gob.mx\/wp-content\/uploads\/2023\/10\/INAUGURA-JOSE\u0301-LUIS-URIO\u0301STEGUI-LA-EXPOSICIO\u0301N-IMSS-80-FOTOGRAFI\u0301AS-80-HISTORIAS-A-CARGO-DEL-IMSS-EN-EL-MUSEO-DE-LA-CIUDAD-DE-CUERNAVACA-6.jpg 1600w\" sizes=\"(max-width: 300px) 100vw, 300px\" \/> <img loading=\"lazy\" class=\"alignnone size-medium wp-image-33837\" src=\"https:\/\/cuernavaca.gob.mx\/wp-content\/uploads\/2023\/10\/INAUGURA-JOSE\u0301-LUIS-URIO\u0301STEGUI-LA-EXPOSICIO\u0301N-IMSS-80-FOTOGRAFI\u0301AS-80-HISTORIAS-A-CARGO-DEL-IMSS-EN-EL-MUSEO-DE-LA-CIUDAD-DE-CUERNAVACA-7-300x200.jpg\" alt=\"\" width=\"300\" height=\"200\" srcset=\"https:\/\/cuernavaca.gob.mx\/wp-content\/uploads\/2023\/10\/INAUGURA-JOSE\u0301-LUIS-URIO\u0301STEGUI-LA-EXPOSICIO\u0301N-IMSS-80-FOTOGRAFI\u0301AS-80-HISTORIAS-A-CARGO-DEL-IMSS-EN-EL-MUSEO-DE-LA-CIUDAD-DE-CUERNAVACA-7-300x200.jpg 300w, https:\/\/cuernavaca.gob.mx\/wp-content\/uploads\/2023\/10\/INAUGURA-JOSE\u0301-LUIS-URIO\u0301STEGUI-LA-EXPOSICIO\u0301N-IMSS-80-FOTOGRAFI\u0301AS-80-HISTORIAS-A-CARGO-DEL-IMSS-EN-EL-MUSEO-DE-LA-CIUDAD-DE-CUERNAVACA-7-1024x682.jpg 1024w, https:\/\/cuernavaca.gob.mx\/wp-content\/uploads\/2023\/10\/INAUGURA-JOSE\u0301-LUIS-URIO\u0301STEGUI-LA-EXPOSICIO\u0301N-IMSS-80-FOTOGRAFI\u0301AS-80-HISTORIAS-A-CARGO-DEL-IMSS-EN-EL-MUSEO-DE-LA-CIUDAD-DE-CUERNAVACA-7-768x512.jpg 768w, https:\/\/cuernavaca.gob.mx\/wp-content\/uploads\/2023\/10\/INAUGURA-JOSE\u0301-LUIS-URIO\u0301STEGUI-LA-EXPOSICIO\u0301N-IMSS-80-FOTOGRAFI\u0301AS-80-HISTORIAS-A-CARGO-DEL-IMSS-EN-EL-MUSEO-DE-LA-CIUDAD-DE-CUERNAVACA-7-1536x1023.jpg 1536w, https:\/\/cuernavaca.gob.mx\/wp-content\/uploads\/2023\/10\/INAUGURA-JOSE\u0301-LUIS-URIO\u0301STEGUI-LA-EXPOSICIO\u0301N-IMSS-80-FOTOGRAFI\u0301AS-80-HISTORIAS-A-CARGO-DEL-IMSS-EN-EL-MUSEO-DE-LA-CIUDAD-DE-CUERNAVACA-7-600x400.jpg 600w, https:\/\/cuernavaca.gob.mx\/wp-content\/uploads\/2023\/10\/INAUGURA-JOSE\u0301-LUIS-URIO\u0301STEGUI-LA-EXPOSICIO\u0301N-IMSS-80-FOTOGRAFI\u0301AS-80-HISTORIAS-A-CARGO-DEL-IMSS-EN-EL-MUSEO-DE-LA-CIUDAD-DE-CUERNAVACA-7-560x373.jpg 560w, https:\/\/cuernavaca.gob.mx\/wp-content\/uploads\/2023\/10\/INAUGURA-JOSE\u0301-LUIS-URIO\u0301STEGUI-LA-EXPOSICIO\u0301N-IMSS-80-FOTOGRAFI\u0301AS-80-HISTORIAS-A-CARGO-DEL-IMSS-EN-EL-MUSEO-DE-LA-CIUDAD-DE-CUERNAVACA-7.jpg 1600w\" sizes=\"(max-width: 300px) 100vw, 300px\" \/> <img loading=\"lazy\" class=\"alignnone size-medium wp-image-33838\" src=\"https:\/\/cuernavaca.gob.mx\/wp-content\/uploads\/2023\/10\/INAUGURA-JOSE\u0301-LUIS-URIO\u0301STEGUI-LA-EXPOSICIO\u0301N-IMSS-80-FOTOGRAFI\u0301AS-80-HISTORIAS-A-CARGO-DEL-IMSS-EN-EL-MUSEO-DE-LA-CIUDAD-DE-CUERNAVACA-8-300x200.jpg\" alt=\"\" width=\"300\" height=\"200\" srcset=\"https:\/\/cuernavaca.gob.mx\/wp-content\/uploads\/2023\/10\/INAUGURA-JOSE\u0301-LUIS-URIO\u0301STEGUI-LA-EXPOSICIO\u0301N-IMSS-80-FOTOGRAFI\u0301AS-80-HISTORIAS-A-CARGO-DEL-IMSS-EN-EL-MUSEO-DE-LA-CIUDAD-DE-CUERNAVACA-8-300x200.jpg 300w, https:\/\/cuernavaca.gob.mx\/wp-content\/uploads\/2023\/10\/INAUGURA-JOSE\u0301-LUIS-URIO\u0301STEGUI-LA-EXPOSICIO\u0301N-IMSS-80-FOTOGRAFI\u0301AS-80-HISTORIAS-A-CARGO-DEL-IMSS-EN-EL-MUSEO-DE-LA-CIUDAD-DE-CUERNAVACA-8-1024x683.jpg 1024w, https:\/\/cuernavaca.gob.mx\/wp-content\/uploads\/2023\/10\/INAUGURA-JOSE\u0301-LUIS-URIO\u0301STEGUI-LA-EXPOSICIO\u0301N-IMSS-80-FOTOGRAFI\u0301AS-80-HISTORIAS-A-CARGO-DEL-IMSS-EN-EL-MUSEO-DE-LA-CIUDAD-DE-CUERNAVACA-8-768x512.jpg 768w, https:\/\/cuernavaca.gob.mx\/wp-content\/uploads\/2023\/10\/INAUGURA-JOSE\u0301-LUIS-URIO\u0301STEGUI-LA-EXPOSICIO\u0301N-IMSS-80-FOTOGRAFI\u0301AS-80-HISTORIAS-A-CARGO-DEL-IMSS-EN-EL-MUSEO-DE-LA-CIUDAD-DE-CUERNAVACA-8-1536x1024.jpg 1536w, https:\/\/cuernavaca.gob.mx\/wp-content\/uploads\/2023\/10\/INAUGURA-JOSE\u0301-LUIS-URIO\u0301STEGUI-LA-EXPOSICIO\u0301N-IMSS-80-FOTOGRAFI\u0301AS-80-HISTORIAS-A-CARGO-DEL-IMSS-EN-EL-MUSEO-DE-LA-CIUDAD-DE-CUERNAVACA-8-600x400.jpg 600w, https:\/\/cuernavaca.gob.mx\/wp-content\/uploads\/2023\/10\/INAUGURA-JOSE\u0301-LUIS-URIO\u0301STEGUI-LA-EXPOSICIO\u0301N-IMSS-80-FOTOGRAFI\u0301AS-80-HISTORIAS-A-CARGO-DEL-IMSS-EN-EL-MUSEO-DE-LA-CIUDAD-DE-CUERNAVACA-8-560x373.jpg 560w, https:\/\/cuernavaca.gob.mx\/wp-content\/uploads\/2023\/10\/INAUGURA-JOSE\u0301-LUIS-URIO\u0301STEGUI-LA-EXPOSICIO\u0301N-IMSS-80-FOTOGRAFI\u0301AS-80-HISTORIAS-A-CARGO-DEL-IMSS-EN-EL-MUSEO-DE-LA-CIUDAD-DE-CUERNAVACA-8.jpg 1599w\" sizes=\"(max-width: 300px) 100vw, 300px\" \/> <img loading=\"lazy\" class=\"alignnone size-medium wp-image-33839\" src=\"https:\/\/cuernavaca.gob.mx\/wp-content\/uploads\/2023\/10\/INAUGURA-JOSE\u0301-LUIS-URIO\u0301STEGUI-LA-EXPOSICIO\u0301N-IMSS-80-FOTOGRAFI\u0301AS-80-HISTORIAS-A-CARGO-DEL-IMSS-EN-EL-MUSEO-DE-LA-CIUDAD-DE-CUERNAVACA-9-300x200.jpg\" alt=\"\" width=\"300\" height=\"200\" srcset=\"https:\/\/cuernavaca.gob.mx\/wp-content\/uploads\/2023\/10\/INAUGURA-JOSE\u0301-LUIS-URIO\u0301STEGUI-LA-EXPOSICIO\u0301N-IMSS-80-FOTOGRAFI\u0301AS-80-HISTORIAS-A-CARGO-DEL-IMSS-EN-EL-MUSEO-DE-LA-CIUDAD-DE-CUERNAVACA-9-300x200.jpg 300w, https:\/\/cuernavaca.gob.mx\/wp-content\/uploads\/2023\/10\/INAUGURA-JOSE\u0301-LUIS-URIO\u0301STEGUI-LA-EXPOSICIO\u0301N-IMSS-80-FOTOGRAFI\u0301AS-80-HISTORIAS-A-CARGO-DEL-IMSS-EN-EL-MUSEO-DE-LA-CIUDAD-DE-CUERNAVACA-9-1024x683.jpg 1024w, https:\/\/cuernavaca.gob.mx\/wp-content\/uploads\/2023\/10\/INAUGURA-JOSE\u0301-LUIS-URIO\u0301STEGUI-LA-EXPOSICIO\u0301N-IMSS-80-FOTOGRAFI\u0301AS-80-HISTORIAS-A-CARGO-DEL-IMSS-EN-EL-MUSEO-DE-LA-CIUDAD-DE-CUERNAVACA-9-768x512.jpg 768w, https:\/\/cuernavaca.gob.mx\/wp-content\/uploads\/2023\/10\/INAUGURA-JOSE\u0301-LUIS-URIO\u0301STEGUI-LA-EXPOSICIO\u0301N-IMSS-80-FOTOGRAFI\u0301AS-80-HISTORIAS-A-CARGO-DEL-IMSS-EN-EL-MUSEO-DE-LA-CIUDAD-DE-CUERNAVACA-9-1536x1024.jpg 1536w, https:\/\/cuernavaca.gob.mx\/wp-content\/uploads\/2023\/10\/INAUGURA-JOSE\u0301-LUIS-URIO\u0301STEGUI-LA-EXPOSICIO\u0301N-IMSS-80-FOTOGRAFI\u0301AS-80-HISTORIAS-A-CARGO-DEL-IMSS-EN-EL-MUSEO-DE-LA-CIUDAD-DE-CUERNAVACA-9-600x400.jpg 600w, https:\/\/cuernavaca.gob.mx\/wp-content\/uploads\/2023\/10\/INAUGURA-JOSE\u0301-LUIS-URIO\u0301STEGUI-LA-EXPOSICIO\u0301N-IMSS-80-FOTOGRAFI\u0301AS-80-HISTORIAS-A-CARGO-DEL-IMSS-EN-EL-MUSEO-DE-LA-CIUDAD-DE-CUERNAVACA-9-560x373.jpg 560w, https:\/\/cuernavaca.gob.mx\/wp-content\/uploads\/2023\/10\/INAUGURA-JOSE\u0301-LUIS-URIO\u0301STEGUI-LA-EXPOSICIO\u0301N-IMSS-80-FOTOGRAFI\u0301AS-80-HISTORIAS-A-CARGO-DEL-IMSS-EN-EL-MUSEO-DE-LA-CIUDAD-DE-CUERNAVACA-9.jpg 1599w\" sizes=\"(max-width: 300px) 100vw, 300px\" \/> <img loading=\"lazy\" class=\"alignnone size-medium wp-image-33840\" src=\"https:\/\/cuernavaca.gob.mx\/wp-content\/uploads\/2023\/10\/INAUGURA-JOSE\u0301-LUIS-URIO\u0301STEGUI-LA-EXPOSICIO\u0301N-IMSS-80-FOTOGRAFI\u0301AS-80-HISTORIAS-A-CARGO-DEL-IMSS-EN-EL-MUSEO-DE-LA-CIUDAD-DE-CUERNAVACA-10-300x200.jpg\" alt=\"\" width=\"300\" height=\"200\" srcset=\"https:\/\/cuernavaca.gob.mx\/wp-content\/uploads\/2023\/10\/INAUGURA-JOSE\u0301-LUIS-URIO\u0301STEGUI-LA-EXPOSICIO\u0301N-IMSS-80-FOTOGRAFI\u0301AS-80-HISTORIAS-A-CARGO-DEL-IMSS-EN-EL-MUSEO-DE-LA-CIUDAD-DE-CUERNAVACA-10-300x200.jpg 300w, https:\/\/cuernavaca.gob.mx\/wp-content\/uploads\/2023\/10\/INAUGURA-JOSE\u0301-LUIS-URIO\u0301STEGUI-LA-EXPOSICIO\u0301N-IMSS-80-FOTOGRAFI\u0301AS-80-HISTORIAS-A-CARGO-DEL-IMSS-EN-EL-MUSEO-DE-LA-CIUDAD-DE-CUERNAVACA-10-1024x683.jpg 1024w, https:\/\/cuernavaca.gob.mx\/wp-content\/uploads\/2023\/10\/INAUGURA-JOSE\u0301-LUIS-URIO\u0301STEGUI-LA-EXPOSICIO\u0301N-IMSS-80-FOTOGRAFI\u0301AS-80-HISTORIAS-A-CARGO-DEL-IMSS-EN-EL-MUSEO-DE-LA-CIUDAD-DE-CUERNAVACA-10-768x512.jpg 768w, https:\/\/cuernavaca.gob.mx\/wp-content\/uploads\/2023\/10\/INAUGURA-JOSE\u0301-LUIS-URIO\u0301STEGUI-LA-EXPOSICIO\u0301N-IMSS-80-FOTOGRAFI\u0301AS-80-HISTORIAS-A-CARGO-DEL-IMSS-EN-EL-MUSEO-DE-LA-CIUDAD-DE-CUERNAVACA-10-1536x1024.jpg 1536w, https:\/\/cuernavaca.gob.mx\/wp-content\/uploads\/2023\/10\/INAUGURA-JOSE\u0301-LUIS-URIO\u0301STEGUI-LA-EXPOSICIO\u0301N-IMSS-80-FOTOGRAFI\u0301AS-80-HISTORIAS-A-CARGO-DEL-IMSS-EN-EL-MUSEO-DE-LA-CIUDAD-DE-CUERNAVACA-10-600x400.jpg 600w, https:\/\/cuernavaca.gob.mx\/wp-content\/uploads\/2023\/10\/INAUGURA-JOSE\u0301-LUIS-URIO\u0301STEGUI-LA-EXPOSICIO\u0301N-IMSS-80-FOTOGRAFI\u0301AS-80-HISTORIAS-A-CARGO-DEL-IMSS-EN-EL-MUSEO-DE-LA-CIUDAD-DE-CUERNAVACA-10-560x373.jpg 560w, https:\/\/cuernavaca.gob.mx\/wp-content\/uploads\/2023\/10\/INAUGURA-JOSE\u0301-LUIS-URIO\u0301STEGUI-LA-EXPOSICIO\u0301N-IMSS-80-FOTOGRAFI\u0301AS-80-HISTORIAS-A-CARGO-DEL-IMSS-EN-EL-MUSEO-DE-LA-CIUDAD-DE-CUERNAVACA-10.jpg 1599w\" sizes=\"(max-width: 300px) 100vw, 300px\" \/><\/p>\n","protected":false},"excerpt":{"rendered":"<p>\u2022 El presidente municipal dio la bienvenida a esta cr\u00f3nica visual que muestra 80 a\u00f1os de actividades del Seguro Social en M\u00e9xico que no solo atiende aspectos m\u00e9dicos, sino tambi\u00e9n de prestaci\u00f3n de seguridad social Al externar la trascendencia que ha tenido el Instituto Mexicano del Seguro Social (IMSS) para la sociedad mexicana y particularmente [&hellip;]<\/p>\n","protected":false},"author":1,"featured_media":33836,"comment_status":"closed","ping_status":"open","sticky":false,"template":"","format":"standard","meta":[],"categories":[2292],"tags":[121,190,1426,3373,1205,1071,169,120,206,844],"aioseo_notices":[],"_links":{"self":[{"href":"https:\/\/cuernavaca.gob.mx\/index.php?rest_route=\/wp\/v2\/posts\/33830"}],"collection":[{"href":"https:\/\/cuernavaca.gob.mx\/index.php?rest_route=\/wp\/v2\/posts"}],"about":[{"href":"https:\/\/cuernavaca.gob.mx\/index.php?rest_route=\/wp\/v2\/types\/post"}],"author":[{"embeddable":true,"href":"https:\/\/cuernavaca.gob.mx\/index.php?rest_route=\/wp\/v2\/users\/1"}],"replies":[{"embeddable":true,"href":"https:\/\/cuernavaca.gob.mx\/index.php?rest_route=%2Fwp%2Fv2%2Fcomments&post=33830"}],"version-history":[{"count":1,"href":"https:\/\/cuernavaca.gob.mx\/index.php?rest_route=\/wp\/v2\/posts\/33830\/revisions"}],"predecessor-version":[{"id":33841,"href":"https:\/\/cuernavaca.gob.mx\/index.php?rest_route=\/wp\/v2\/posts\/33830\/revisions\/33841"}],"wp:featuredmedia":[{"embeddable":true,"href":"https:\/\/cuernavaca.gob.mx\/index.php?rest_route=\/wp\/v2\/media\/33836"}],"wp:attachment":[{"href":"https:\/\/cuernavaca.gob.mx\/index.php?rest_route=%2Fwp%2Fv2%2Fmedia&parent=33830"}],"wp:term":[{"taxonomy":"category","embeddable":true,"href":"https:\/\/cuernavaca.gob.mx\/index.php?rest_route=%2Fwp%2Fv2%2Fcategories&post=33830"},{"taxonomy":"post_tag","embeddable":true,"href":"https:\/\/cuernavaca.gob.mx\/index.php?rest_route=%2Fwp%2Fv2%2Ftags&post=33830"}],"curies":[{"name":"wp","href":"https:\/\/api.w.org\/{rel}","templated":true}]}}