{"id":33972,"date":"2023-10-21T15:40:27","date_gmt":"2023-10-21T21:40:27","guid":{"rendered":"https:\/\/cuernavaca.gob.mx\/?p=33972"},"modified":"2025-05-06T14:33:46","modified_gmt":"2025-05-06T20:33:46","slug":"b1353-21-10-23-revisa-cabildo-de-cuernavaca-propuesta-para-otorgar-estimulos-fiscales-a-la-iniciativa-privada-que-participe-en-adopcion-de-espacios-verdes","status":"publish","type":"post","link":"https:\/\/cuernavaca.gob.mx\/?p=33972","title":{"rendered":"B1353 21\/10\/23 REVISA CABILDO DE CUERNAVACA PROPUESTA PARA OTORGAR ESTIMULOS FISCALES A LA INICIATIVA PRIVADA QUE P\u00c1RTICIPE EN ADOPCI\u00d3N DE ESPACIOS VERDES"},"content":{"rendered":"<p><strong>\u2022 El proyecto tiene como objeto que se sumen esfuerzos a favor de la conservaci\u00f3n y mantenimiento de las \u00e1reas verdes y generen un sentido de pertenencia y orgullo<\/strong><\/p>\n<p><strong>\u2022 Se trabajar\u00eda de manera coordinada con la Secretar\u00eda de Desarrollo Sustentable y Servicios P\u00fablicos y la Tesorer\u00eda Municipal, que ya ha sumado esfuerzos con empresarios<\/strong><\/p>\n<p>Como parte del compromiso adoptado por el Ayuntamiento de Cuernavaca para implementar estrategias integrales de desarrollo sostenible, la Secretar\u00eda de Desarrollo Sustentable y Servicios P\u00fablicos y la Tesorer\u00eda Municipal analizan o la viabilidad de ejecutar un programa de colaboraci\u00f3n con la sociedad civil y\/o la iniciativa privada para adoptar un espacio verde dentro del municipio y contar con est\u00edmulos fiscales para el a\u00f1o 2024.<\/p>\n<p>El proyecto es impulsado por la regidora presidenta de la Comisi\u00f3n de Protecci\u00f3n Ambiental y Desarrollo Sustentable, Wendi Salinas Ruiz, quien manifest\u00f3 que contar con espacios verdes en buen estado y dignos generan grandes beneficios, no solo a la imagen de la ciudad, sino tambi\u00e9n entre la misma poblaci\u00f3n, ya que promueven el sentido de pertenencia y orgullo, la unidad entre la comunidad, as\u00ed como la seguridad y una mejor calidad de vida en general.<\/p>\n<p>Aunado a ello, resalt\u00f3 que, al contar con la participaci\u00f3n de empresarios, comercios y organizaciones civiles en la rehabilitaci\u00f3n de atractivos naturales de la ciudad capital, se podr\u00e1 atraer mayores inversiones, lo que a su vez generar\u00e1 un crecimiento econ\u00f3mico sostenible y nuevas oportunidades de empleo para los cuernavaquenses.<\/p>\n<p>En ese contexto, el presidente municipal de Cuernavaca, Jos\u00e9 Luis Uri\u00f3stegui Salgado, externo su respaldo a la iniciativa que aprovechar\u00e1 el trabajo coordinado que se ha logrado concretar con la ciudadan\u00eda para el renacer de la ciudad, siendo de gran ayuda en este caso, ya que Cuernavaca cuenta con m\u00e1s de 50 mil metros cuadrados de \u00e1reas verdes que hacen pr\u00e1cticamente imposible darles un mantenimiento regular.<\/p>\n<p>Si bien desde el a\u00f1o pasado el Ayuntamiento de Cuernavaca cuenta con un programa similar de adopci\u00f3n de espacios p\u00fablicos, con esta nueva iniciativa se pretende fortalecerlo promoviendo que sin importar la cercan\u00eda o lejan\u00eda del espacio verde la sociedad civil y\/o la iniciativa privada puede abonar a seguir restaurando la imagen de la Eterna Primavera, otorg\u00e1ndoles adem\u00e1s un est\u00edmulo a trav\u00e9s de los diversos programas que genera el municipio.<\/p>\n<p>La propuesta se turn\u00f3 a la Secretar\u00eda de Desarrollo Sustentable y Servicios P\u00fablicos para que la valoraci\u00f3n de cu\u00e1les son los espacios susceptibles de participaci\u00f3n ciudadan\u00eda y a la Tesorer\u00eda Municipal para que explique cu\u00e1l ser\u00eda el impacto econ\u00f3mico que podr\u00eda tener la aplicaci\u00f3n de los est\u00edmulos.<\/p>\n<p><img loading=\"lazy\" class=\"alignnone size-medium wp-image-33973\" src=\"https:\/\/cuernavaca.gob.mx\/wp-content\/uploads\/2023\/10\/REVISA-CABILDO-DE-CUERNAVACA-PROPUESTA-PARA-OTORGAR-ESTIMULOS-FISCALES-A-LA-INICIATIVA-PRIVADA-QUE-PA\u0301RTICIPE-EN-ADOPCIO\u0301N-DE-ESPACIOS-VERDES-1-225x300.jpg\" alt=\"\" width=\"225\" height=\"300\" srcset=\"https:\/\/cuernavaca.gob.mx\/wp-content\/uploads\/2023\/10\/REVISA-CABILDO-DE-CUERNAVACA-PROPUESTA-PARA-OTORGAR-ESTIMULOS-FISCALES-A-LA-INICIATIVA-PRIVADA-QUE-PA\u0301RTICIPE-EN-ADOPCIO\u0301N-DE-ESPACIOS-VERDES-1-225x300.jpg 225w, https:\/\/cuernavaca.gob.mx\/wp-content\/uploads\/2023\/10\/REVISA-CABILDO-DE-CUERNAVACA-PROPUESTA-PARA-OTORGAR-ESTIMULOS-FISCALES-A-LA-INICIATIVA-PRIVADA-QUE-PA\u0301RTICIPE-EN-ADOPCIO\u0301N-DE-ESPACIOS-VERDES-1-768x1024.jpg 768w, https:\/\/cuernavaca.gob.mx\/wp-content\/uploads\/2023\/10\/REVISA-CABILDO-DE-CUERNAVACA-PROPUESTA-PARA-OTORGAR-ESTIMULOS-FISCALES-A-LA-INICIATIVA-PRIVADA-QUE-PA\u0301RTICIPE-EN-ADOPCIO\u0301N-DE-ESPACIOS-VERDES-1-450x600.jpg 450w, https:\/\/cuernavaca.gob.mx\/wp-content\/uploads\/2023\/10\/REVISA-CABILDO-DE-CUERNAVACA-PROPUESTA-PARA-OTORGAR-ESTIMULOS-FISCALES-A-LA-INICIATIVA-PRIVADA-QUE-PA\u0301RTICIPE-EN-ADOPCIO\u0301N-DE-ESPACIOS-VERDES-1-420x560.jpg 420w, https:\/\/cuernavaca.gob.mx\/wp-content\/uploads\/2023\/10\/REVISA-CABILDO-DE-CUERNAVACA-PROPUESTA-PARA-OTORGAR-ESTIMULOS-FISCALES-A-LA-INICIATIVA-PRIVADA-QUE-PA\u0301RTICIPE-EN-ADOPCIO\u0301N-DE-ESPACIOS-VERDES-1.jpg 960w\" sizes=\"(max-width: 225px) 100vw, 225px\" \/> <img loading=\"lazy\" class=\"alignnone size-medium wp-image-33974\" src=\"https:\/\/cuernavaca.gob.mx\/wp-content\/uploads\/2023\/10\/REVISA-CABILDO-DE-CUERNAVACA-PROPUESTA-PARA-OTORGAR-ESTIMULOS-FISCALES-A-LA-INICIATIVA-PRIVADA-QUE-PA\u0301RTICIPE-EN-ADOPCIO\u0301N-DE-ESPACIOS-VERDES-2-225x300.jpg\" alt=\"\" width=\"225\" height=\"300\" srcset=\"https:\/\/cuernavaca.gob.mx\/wp-content\/uploads\/2023\/10\/REVISA-CABILDO-DE-CUERNAVACA-PROPUESTA-PARA-OTORGAR-ESTIMULOS-FISCALES-A-LA-INICIATIVA-PRIVADA-QUE-PA\u0301RTICIPE-EN-ADOPCIO\u0301N-DE-ESPACIOS-VERDES-2-225x300.jpg 225w, https:\/\/cuernavaca.gob.mx\/wp-content\/uploads\/2023\/10\/REVISA-CABILDO-DE-CUERNAVACA-PROPUESTA-PARA-OTORGAR-ESTIMULOS-FISCALES-A-LA-INICIATIVA-PRIVADA-QUE-PA\u0301RTICIPE-EN-ADOPCIO\u0301N-DE-ESPACIOS-VERDES-2-768x1024.jpg 768w, https:\/\/cuernavaca.gob.mx\/wp-content\/uploads\/2023\/10\/REVISA-CABILDO-DE-CUERNAVACA-PROPUESTA-PARA-OTORGAR-ESTIMULOS-FISCALES-A-LA-INICIATIVA-PRIVADA-QUE-PA\u0301RTICIPE-EN-ADOPCIO\u0301N-DE-ESPACIOS-VERDES-2-450x600.jpg 450w, https:\/\/cuernavaca.gob.mx\/wp-content\/uploads\/2023\/10\/REVISA-CABILDO-DE-CUERNAVACA-PROPUESTA-PARA-OTORGAR-ESTIMULOS-FISCALES-A-LA-INICIATIVA-PRIVADA-QUE-PA\u0301RTICIPE-EN-ADOPCIO\u0301N-DE-ESPACIOS-VERDES-2-420x560.jpg 420w, https:\/\/cuernavaca.gob.mx\/wp-content\/uploads\/2023\/10\/REVISA-CABILDO-DE-CUERNAVACA-PROPUESTA-PARA-OTORGAR-ESTIMULOS-FISCALES-A-LA-INICIATIVA-PRIVADA-QUE-PA\u0301RTICIPE-EN-ADOPCIO\u0301N-DE-ESPACIOS-VERDES-2.jpg 899w\" sizes=\"(max-width: 225px) 100vw, 225px\" \/> <img loading=\"lazy\" class=\"alignnone size-medium wp-image-33975\" src=\"https:\/\/cuernavaca.gob.mx\/wp-content\/uploads\/2023\/10\/REVISA-CABILDO-DE-CUERNAVACA-PROPUESTA-PARA-OTORGAR-ESTIMULOS-FISCALES-A-LA-INICIATIVA-PRIVADA-QUE-PA\u0301RTICIPE-EN-ADOPCIO\u0301N-DE-ESPACIOS-VERDES-3-300x200.jpg\" alt=\"\" width=\"300\" height=\"200\" srcset=\"https:\/\/cuernavaca.gob.mx\/wp-content\/uploads\/2023\/10\/REVISA-CABILDO-DE-CUERNAVACA-PROPUESTA-PARA-OTORGAR-ESTIMULOS-FISCALES-A-LA-INICIATIVA-PRIVADA-QUE-PA\u0301RTICIPE-EN-ADOPCIO\u0301N-DE-ESPACIOS-VERDES-3-300x200.jpg 300w, https:\/\/cuernavaca.gob.mx\/wp-content\/uploads\/2023\/10\/REVISA-CABILDO-DE-CUERNAVACA-PROPUESTA-PARA-OTORGAR-ESTIMULOS-FISCALES-A-LA-INICIATIVA-PRIVADA-QUE-PA\u0301RTICIPE-EN-ADOPCIO\u0301N-DE-ESPACIOS-VERDES-3-1024x682.jpg 1024w, https:\/\/cuernavaca.gob.mx\/wp-content\/uploads\/2023\/10\/REVISA-CABILDO-DE-CUERNAVACA-PROPUESTA-PARA-OTORGAR-ESTIMULOS-FISCALES-A-LA-INICIATIVA-PRIVADA-QUE-PA\u0301RTICIPE-EN-ADOPCIO\u0301N-DE-ESPACIOS-VERDES-3-768x512.jpg 768w, https:\/\/cuernavaca.gob.mx\/wp-content\/uploads\/2023\/10\/REVISA-CABILDO-DE-CUERNAVACA-PROPUESTA-PARA-OTORGAR-ESTIMULOS-FISCALES-A-LA-INICIATIVA-PRIVADA-QUE-PA\u0301RTICIPE-EN-ADOPCIO\u0301N-DE-ESPACIOS-VERDES-3-1536x1023.jpg 1536w, https:\/\/cuernavaca.gob.mx\/wp-content\/uploads\/2023\/10\/REVISA-CABILDO-DE-CUERNAVACA-PROPUESTA-PARA-OTORGAR-ESTIMULOS-FISCALES-A-LA-INICIATIVA-PRIVADA-QUE-PA\u0301RTICIPE-EN-ADOPCIO\u0301N-DE-ESPACIOS-VERDES-3-600x400.jpg 600w, https:\/\/cuernavaca.gob.mx\/wp-content\/uploads\/2023\/10\/REVISA-CABILDO-DE-CUERNAVACA-PROPUESTA-PARA-OTORGAR-ESTIMULOS-FISCALES-A-LA-INICIATIVA-PRIVADA-QUE-PA\u0301RTICIPE-EN-ADOPCIO\u0301N-DE-ESPACIOS-VERDES-3-560x373.jpg 560w, https:\/\/cuernavaca.gob.mx\/wp-content\/uploads\/2023\/10\/REVISA-CABILDO-DE-CUERNAVACA-PROPUESTA-PARA-OTORGAR-ESTIMULOS-FISCALES-A-LA-INICIATIVA-PRIVADA-QUE-PA\u0301RTICIPE-EN-ADOPCIO\u0301N-DE-ESPACIOS-VERDES-3.jpg 1600w\" sizes=\"(max-width: 300px) 100vw, 300px\" \/> <img loading=\"lazy\" class=\"alignnone size-medium wp-image-33976\" src=\"https:\/\/cuernavaca.gob.mx\/wp-content\/uploads\/2023\/10\/REVISA-CABILDO-DE-CUERNAVACA-PROPUESTA-PARA-OTORGAR-ESTIMULOS-FISCALES-A-LA-INICIATIVA-PRIVADA-QUE-PA\u0301RTICIPE-EN-ADOPCIO\u0301N-DE-ESPACIOS-VERDES-4-225x300.jpg\" alt=\"\" width=\"225\" height=\"300\" srcset=\"https:\/\/cuernavaca.gob.mx\/wp-content\/uploads\/2023\/10\/REVISA-CABILDO-DE-CUERNAVACA-PROPUESTA-PARA-OTORGAR-ESTIMULOS-FISCALES-A-LA-INICIATIVA-PRIVADA-QUE-PA\u0301RTICIPE-EN-ADOPCIO\u0301N-DE-ESPACIOS-VERDES-4-225x300.jpg 225w, https:\/\/cuernavaca.gob.mx\/wp-content\/uploads\/2023\/10\/REVISA-CABILDO-DE-CUERNAVACA-PROPUESTA-PARA-OTORGAR-ESTIMULOS-FISCALES-A-LA-INICIATIVA-PRIVADA-QUE-PA\u0301RTICIPE-EN-ADOPCIO\u0301N-DE-ESPACIOS-VERDES-4-768x1024.jpg 768w, https:\/\/cuernavaca.gob.mx\/wp-content\/uploads\/2023\/10\/REVISA-CABILDO-DE-CUERNAVACA-PROPUESTA-PARA-OTORGAR-ESTIMULOS-FISCALES-A-LA-INICIATIVA-PRIVADA-QUE-PA\u0301RTICIPE-EN-ADOPCIO\u0301N-DE-ESPACIOS-VERDES-4-450x600.jpg 450w, https:\/\/cuernavaca.gob.mx\/wp-content\/uploads\/2023\/10\/REVISA-CABILDO-DE-CUERNAVACA-PROPUESTA-PARA-OTORGAR-ESTIMULOS-FISCALES-A-LA-INICIATIVA-PRIVADA-QUE-PA\u0301RTICIPE-EN-ADOPCIO\u0301N-DE-ESPACIOS-VERDES-4-420x560.jpg 420w, https:\/\/cuernavaca.gob.mx\/wp-content\/uploads\/2023\/10\/REVISA-CABILDO-DE-CUERNAVACA-PROPUESTA-PARA-OTORGAR-ESTIMULOS-FISCALES-A-LA-INICIATIVA-PRIVADA-QUE-PA\u0301RTICIPE-EN-ADOPCIO\u0301N-DE-ESPACIOS-VERDES-4.jpg 960w\" sizes=\"(max-width: 225px) 100vw, 225px\" \/> <img loading=\"lazy\" class=\"alignnone size-medium wp-image-33977\" src=\"https:\/\/cuernavaca.gob.mx\/wp-content\/uploads\/2023\/10\/REVISA-CABILDO-DE-CUERNAVACA-PROPUESTA-PARA-OTORGAR-ESTIMULOS-FISCALES-A-LA-INICIATIVA-PRIVADA-QUE-PA\u0301RTICIPE-EN-ADOPCIO\u0301N-DE-ESPACIOS-VERDES-5-300x200.jpg\" alt=\"\" width=\"300\" height=\"200\" srcset=\"https:\/\/cuernavaca.gob.mx\/wp-content\/uploads\/2023\/10\/REVISA-CABILDO-DE-CUERNAVACA-PROPUESTA-PARA-OTORGAR-ESTIMULOS-FISCALES-A-LA-INICIATIVA-PRIVADA-QUE-PA\u0301RTICIPE-EN-ADOPCIO\u0301N-DE-ESPACIOS-VERDES-5-300x200.jpg 300w, https:\/\/cuernavaca.gob.mx\/wp-content\/uploads\/2023\/10\/REVISA-CABILDO-DE-CUERNAVACA-PROPUESTA-PARA-OTORGAR-ESTIMULOS-FISCALES-A-LA-INICIATIVA-PRIVADA-QUE-PA\u0301RTICIPE-EN-ADOPCIO\u0301N-DE-ESPACIOS-VERDES-5-1024x682.jpg 1024w, https:\/\/cuernavaca.gob.mx\/wp-content\/uploads\/2023\/10\/REVISA-CABILDO-DE-CUERNAVACA-PROPUESTA-PARA-OTORGAR-ESTIMULOS-FISCALES-A-LA-INICIATIVA-PRIVADA-QUE-PA\u0301RTICIPE-EN-ADOPCIO\u0301N-DE-ESPACIOS-VERDES-5-768x512.jpg 768w, https:\/\/cuernavaca.gob.mx\/wp-content\/uploads\/2023\/10\/REVISA-CABILDO-DE-CUERNAVACA-PROPUESTA-PARA-OTORGAR-ESTIMULOS-FISCALES-A-LA-INICIATIVA-PRIVADA-QUE-PA\u0301RTICIPE-EN-ADOPCIO\u0301N-DE-ESPACIOS-VERDES-5-1536x1023.jpg 1536w, https:\/\/cuernavaca.gob.mx\/wp-content\/uploads\/2023\/10\/REVISA-CABILDO-DE-CUERNAVACA-PROPUESTA-PARA-OTORGAR-ESTIMULOS-FISCALES-A-LA-INICIATIVA-PRIVADA-QUE-PA\u0301RTICIPE-EN-ADOPCIO\u0301N-DE-ESPACIOS-VERDES-5-600x400.jpg 600w, https:\/\/cuernavaca.gob.mx\/wp-content\/uploads\/2023\/10\/REVISA-CABILDO-DE-CUERNAVACA-PROPUESTA-PARA-OTORGAR-ESTIMULOS-FISCALES-A-LA-INICIATIVA-PRIVADA-QUE-PA\u0301RTICIPE-EN-ADOPCIO\u0301N-DE-ESPACIOS-VERDES-5-560x373.jpg 560w, https:\/\/cuernavaca.gob.mx\/wp-content\/uploads\/2023\/10\/REVISA-CABILDO-DE-CUERNAVACA-PROPUESTA-PARA-OTORGAR-ESTIMULOS-FISCALES-A-LA-INICIATIVA-PRIVADA-QUE-PA\u0301RTICIPE-EN-ADOPCIO\u0301N-DE-ESPACIOS-VERDES-5.jpg 1600w\" sizes=\"(max-width: 300px) 100vw, 300px\" \/> <img loading=\"lazy\" class=\"alignnone size-medium wp-image-33978\" src=\"https:\/\/cuernavaca.gob.mx\/wp-content\/uploads\/2023\/10\/REVISA-CABILDO-DE-CUERNAVACA-PROPUESTA-PARA-OTORGAR-ESTIMULOS-FISCALES-A-LA-INICIATIVA-PRIVADA-QUE-PA\u0301RTICIPE-EN-ADOPCIO\u0301N-DE-ESPACIOS-VERDES-6-225x300.jpg\" alt=\"\" width=\"225\" height=\"300\" srcset=\"https:\/\/cuernavaca.gob.mx\/wp-content\/uploads\/2023\/10\/REVISA-CABILDO-DE-CUERNAVACA-PROPUESTA-PARA-OTORGAR-ESTIMULOS-FISCALES-A-LA-INICIATIVA-PRIVADA-QUE-PA\u0301RTICIPE-EN-ADOPCIO\u0301N-DE-ESPACIOS-VERDES-6-225x300.jpg 225w, https:\/\/cuernavaca.gob.mx\/wp-content\/uploads\/2023\/10\/REVISA-CABILDO-DE-CUERNAVACA-PROPUESTA-PARA-OTORGAR-ESTIMULOS-FISCALES-A-LA-INICIATIVA-PRIVADA-QUE-PA\u0301RTICIPE-EN-ADOPCIO\u0301N-DE-ESPACIOS-VERDES-6-768x1024.jpg 768w, https:\/\/cuernavaca.gob.mx\/wp-content\/uploads\/2023\/10\/REVISA-CABILDO-DE-CUERNAVACA-PROPUESTA-PARA-OTORGAR-ESTIMULOS-FISCALES-A-LA-INICIATIVA-PRIVADA-QUE-PA\u0301RTICIPE-EN-ADOPCIO\u0301N-DE-ESPACIOS-VERDES-6-450x600.jpg 450w, https:\/\/cuernavaca.gob.mx\/wp-content\/uploads\/2023\/10\/REVISA-CABILDO-DE-CUERNAVACA-PROPUESTA-PARA-OTORGAR-ESTIMULOS-FISCALES-A-LA-INICIATIVA-PRIVADA-QUE-PA\u0301RTICIPE-EN-ADOPCIO\u0301N-DE-ESPACIOS-VERDES-6-420x560.jpg 420w, https:\/\/cuernavaca.gob.mx\/wp-content\/uploads\/2023\/10\/REVISA-CABILDO-DE-CUERNAVACA-PROPUESTA-PARA-OTORGAR-ESTIMULOS-FISCALES-A-LA-INICIATIVA-PRIVADA-QUE-PA\u0301RTICIPE-EN-ADOPCIO\u0301N-DE-ESPACIOS-VERDES-6.jpg 960w\" sizes=\"(max-width: 225px) 100vw, 225px\" \/> <img loading=\"lazy\" class=\"alignnone size-medium wp-image-33979\" src=\"https:\/\/cuernavaca.gob.mx\/wp-content\/uploads\/2023\/10\/REVISA-CABILDO-DE-CUERNAVACA-PROPUESTA-PARA-OTORGAR-ESTIMULOS-FISCALES-A-LA-INICIATIVA-PRIVADA-QUE-PA\u0301RTICIPE-EN-ADOPCIO\u0301N-DE-ESPACIOS-VERDES-7-225x300.jpg\" alt=\"\" width=\"225\" height=\"300\" srcset=\"https:\/\/cuernavaca.gob.mx\/wp-content\/uploads\/2023\/10\/REVISA-CABILDO-DE-CUERNAVACA-PROPUESTA-PARA-OTORGAR-ESTIMULOS-FISCALES-A-LA-INICIATIVA-PRIVADA-QUE-PA\u0301RTICIPE-EN-ADOPCIO\u0301N-DE-ESPACIOS-VERDES-7-225x300.jpg 225w, https:\/\/cuernavaca.gob.mx\/wp-content\/uploads\/2023\/10\/REVISA-CABILDO-DE-CUERNAVACA-PROPUESTA-PARA-OTORGAR-ESTIMULOS-FISCALES-A-LA-INICIATIVA-PRIVADA-QUE-PA\u0301RTICIPE-EN-ADOPCIO\u0301N-DE-ESPACIOS-VERDES-7-768x1024.jpg 768w, https:\/\/cuernavaca.gob.mx\/wp-content\/uploads\/2023\/10\/REVISA-CABILDO-DE-CUERNAVACA-PROPUESTA-PARA-OTORGAR-ESTIMULOS-FISCALES-A-LA-INICIATIVA-PRIVADA-QUE-PA\u0301RTICIPE-EN-ADOPCIO\u0301N-DE-ESPACIOS-VERDES-7-450x600.jpg 450w, https:\/\/cuernavaca.gob.mx\/wp-content\/uploads\/2023\/10\/REVISA-CABILDO-DE-CUERNAVACA-PROPUESTA-PARA-OTORGAR-ESTIMULOS-FISCALES-A-LA-INICIATIVA-PRIVADA-QUE-PA\u0301RTICIPE-EN-ADOPCIO\u0301N-DE-ESPACIOS-VERDES-7-420x560.jpg 420w, https:\/\/cuernavaca.gob.mx\/wp-content\/uploads\/2023\/10\/REVISA-CABILDO-DE-CUERNAVACA-PROPUESTA-PARA-OTORGAR-ESTIMULOS-FISCALES-A-LA-INICIATIVA-PRIVADA-QUE-PA\u0301RTICIPE-EN-ADOPCIO\u0301N-DE-ESPACIOS-VERDES-7.jpg 960w\" sizes=\"(max-width: 225px) 100vw, 225px\" \/><\/p>\n","protected":false},"excerpt":{"rendered":"<p>\u2022 El proyecto tiene como objeto que se sumen esfuerzos a favor de la conservaci\u00f3n y mantenimiento de las \u00e1reas verdes y generen un sentido de pertenencia y orgullo \u2022 Se trabajar\u00eda de manera coordinada con la Secretar\u00eda de Desarrollo Sustentable y Servicios P\u00fablicos y la Tesorer\u00eda Municipal, que ya ha sumado esfuerzos con empresarios [&hellip;]<\/p>\n","protected":false},"author":1,"featured_media":33979,"comment_status":"closed","ping_status":"open","sticky":false,"template":"","format":"standard","meta":[],"categories":[2271],"tags":[121,302,220,2376,120,206],"aioseo_notices":[],"_links":{"self":[{"href":"https:\/\/cuernavaca.gob.mx\/index.php?rest_route=\/wp\/v2\/posts\/33972"}],"collection":[{"href":"https:\/\/cuernavaca.gob.mx\/index.php?rest_route=\/wp\/v2\/posts"}],"about":[{"href":"https:\/\/cuernavaca.gob.mx\/index.php?rest_route=\/wp\/v2\/types\/post"}],"author":[{"embeddable":true,"href":"https:\/\/cuernavaca.gob.mx\/index.php?rest_route=\/wp\/v2\/users\/1"}],"replies":[{"embeddable":true,"href":"https:\/\/cuernavaca.gob.mx\/index.php?rest_route=%2Fwp%2Fv2%2Fcomments&post=33972"}],"version-history":[{"count":1,"href":"https:\/\/cuernavaca.gob.mx\/index.php?rest_route=\/wp\/v2\/posts\/33972\/revisions"}],"predecessor-version":[{"id":33980,"href":"https:\/\/cuernavaca.gob.mx\/index.php?rest_route=\/wp\/v2\/posts\/33972\/revisions\/33980"}],"wp:featuredmedia":[{"embeddable":true,"href":"https:\/\/cuernavaca.gob.mx\/index.php?rest_route=\/wp\/v2\/media\/33979"}],"wp:attachment":[{"href":"https:\/\/cuernavaca.gob.mx\/index.php?rest_route=%2Fwp%2Fv2%2Fmedia&parent=33972"}],"wp:term":[{"taxonomy":"category","embeddable":true,"href":"https:\/\/cuernavaca.gob.mx\/index.php?rest_route=%2Fwp%2Fv2%2Fcategories&post=33972"},{"taxonomy":"post_tag","embeddable":true,"href":"https:\/\/cuernavaca.gob.mx\/index.php?rest_route=%2Fwp%2Fv2%2Ftags&post=33972"}],"curies":[{"name":"wp","href":"https:\/\/api.w.org\/{rel}","templated":true}]}}