{"id":33981,"date":"2023-10-21T15:45:07","date_gmt":"2023-10-21T21:45:07","guid":{"rendered":"https:\/\/cuernavaca.gob.mx\/?p=33981"},"modified":"2025-05-06T14:33:46","modified_gmt":"2025-05-06T20:33:46","slug":"f549-21-10-23-sigue-cumpliendo-objetivos-ayuntamiento-de-cuernavaca-en-el-proceso-de-la-implementacion-de-la-justicia-civica-en-cuernavaca","status":"publish","type":"post","link":"https:\/\/cuernavaca.gob.mx\/?p=33981","title":{"rendered":"F549 21\/10\/23 SIGUE CUMPLIENDO OBJETIVOS AYUNTAMIENTO DE CUERNAVACA EN EL PROCESO DE LA IMPLEMENTACI\u00d3N DE LA JUSTICIA C\u00cdVICA EN CUERNAVACA"},"content":{"rendered":"<p>El Ayuntamiento de Cuernavaca sigue avanzando en el proceso para la implementaci\u00f3n de actividades sustantivas contempladas en el Modelo Nacional de Polic\u00eda y Justicia C\u00edvica, por lo cual las \u00e1reas corresponsables del proyecto mantienen reuniones de trabajo permanentes, acordando en una \u00faltima sesi\u00f3n la revisi\u00f3n del marco normativo para garantizar su correcto funcionamiento.<\/p>\n<p>En la mesa de trabajo convocada por el Secretar\u00eda Ejecutiva del Consejo Municipal de Seguridad P\u00fablica, a cargo de Marco Olvera Benedicto, representantes de la Sindicatura Municipal y de la Secretar\u00eda de Protecci\u00f3n y Auxilio Ciudadano (SEPRAC), se determin\u00f3 revisar el marco normativo, desde el Reglamento de Justicia C\u00edvica hasta el Reglamento Interno de la SEPRAC, realizar el an\u00e1lisis del cuerpo normativo para incluir el fundamento de captura y almacenaje de datos biom\u00e9tricos en el Juzgado C\u00edvico, as\u00ed como la adecuaci\u00f3n de los manuales de pol\u00edticas y procedimientos.<\/p>\n<p>Cabe recordar que, de acuerdo con datos del Secretariado Ejecutivo del Sistema Nacional de Seguridad P\u00fablica, Cuernavaca se ha convertido en el primer municipio a nivel estatal en registrar mayores avances en la implementaci\u00f3n del Modelo Nacional de Polic\u00eda y Justicia C\u00edvica.<\/p>\n<p><img loading=\"lazy\" class=\"alignnone size-medium wp-image-33982\" src=\"https:\/\/cuernavaca.gob.mx\/wp-content\/uploads\/2023\/10\/SIGUE-CUMPLIENDO-OBJETIVOS-AYUNTAMIENTO-DE-CUERNAVACA-EN-EL-PROCESO-DE-LA-IMPLEMENTACIO\u0301N-DE-LA-JUSTICIA-CI\u0301VICA-EN-CUERNAVACA-1-300x200.jpg\" alt=\"\" width=\"300\" height=\"200\" srcset=\"https:\/\/cuernavaca.gob.mx\/wp-content\/uploads\/2023\/10\/SIGUE-CUMPLIENDO-OBJETIVOS-AYUNTAMIENTO-DE-CUERNAVACA-EN-EL-PROCESO-DE-LA-IMPLEMENTACIO\u0301N-DE-LA-JUSTICIA-CI\u0301VICA-EN-CUERNAVACA-1-300x200.jpg 300w, https:\/\/cuernavaca.gob.mx\/wp-content\/uploads\/2023\/10\/SIGUE-CUMPLIENDO-OBJETIVOS-AYUNTAMIENTO-DE-CUERNAVACA-EN-EL-PROCESO-DE-LA-IMPLEMENTACIO\u0301N-DE-LA-JUSTICIA-CI\u0301VICA-EN-CUERNAVACA-1-1024x683.jpg 1024w, https:\/\/cuernavaca.gob.mx\/wp-content\/uploads\/2023\/10\/SIGUE-CUMPLIENDO-OBJETIVOS-AYUNTAMIENTO-DE-CUERNAVACA-EN-EL-PROCESO-DE-LA-IMPLEMENTACIO\u0301N-DE-LA-JUSTICIA-CI\u0301VICA-EN-CUERNAVACA-1-768x512.jpg 768w, https:\/\/cuernavaca.gob.mx\/wp-content\/uploads\/2023\/10\/SIGUE-CUMPLIENDO-OBJETIVOS-AYUNTAMIENTO-DE-CUERNAVACA-EN-EL-PROCESO-DE-LA-IMPLEMENTACIO\u0301N-DE-LA-JUSTICIA-CI\u0301VICA-EN-CUERNAVACA-1-1536x1024.jpg 1536w, https:\/\/cuernavaca.gob.mx\/wp-content\/uploads\/2023\/10\/SIGUE-CUMPLIENDO-OBJETIVOS-AYUNTAMIENTO-DE-CUERNAVACA-EN-EL-PROCESO-DE-LA-IMPLEMENTACIO\u0301N-DE-LA-JUSTICIA-CI\u0301VICA-EN-CUERNAVACA-1-600x400.jpg 600w, https:\/\/cuernavaca.gob.mx\/wp-content\/uploads\/2023\/10\/SIGUE-CUMPLIENDO-OBJETIVOS-AYUNTAMIENTO-DE-CUERNAVACA-EN-EL-PROCESO-DE-LA-IMPLEMENTACIO\u0301N-DE-LA-JUSTICIA-CI\u0301VICA-EN-CUERNAVACA-1-560x373.jpg 560w, https:\/\/cuernavaca.gob.mx\/wp-content\/uploads\/2023\/10\/SIGUE-CUMPLIENDO-OBJETIVOS-AYUNTAMIENTO-DE-CUERNAVACA-EN-EL-PROCESO-DE-LA-IMPLEMENTACIO\u0301N-DE-LA-JUSTICIA-CI\u0301VICA-EN-CUERNAVACA-1.jpg 1599w\" sizes=\"(max-width: 300px) 100vw, 300px\" \/> <img loading=\"lazy\" class=\"alignnone size-medium wp-image-33983\" src=\"https:\/\/cuernavaca.gob.mx\/wp-content\/uploads\/2023\/10\/SIGUE-CUMPLIENDO-OBJETIVOS-AYUNTAMIENTO-DE-CUERNAVACA-EN-EL-PROCESO-DE-LA-IMPLEMENTACIO\u0301N-DE-LA-JUSTICIA-CI\u0301VICA-EN-CUERNAVACA-2-300x200.jpg\" alt=\"\" width=\"300\" height=\"200\" srcset=\"https:\/\/cuernavaca.gob.mx\/wp-content\/uploads\/2023\/10\/SIGUE-CUMPLIENDO-OBJETIVOS-AYUNTAMIENTO-DE-CUERNAVACA-EN-EL-PROCESO-DE-LA-IMPLEMENTACIO\u0301N-DE-LA-JUSTICIA-CI\u0301VICA-EN-CUERNAVACA-2-300x200.jpg 300w, https:\/\/cuernavaca.gob.mx\/wp-content\/uploads\/2023\/10\/SIGUE-CUMPLIENDO-OBJETIVOS-AYUNTAMIENTO-DE-CUERNAVACA-EN-EL-PROCESO-DE-LA-IMPLEMENTACIO\u0301N-DE-LA-JUSTICIA-CI\u0301VICA-EN-CUERNAVACA-2-1024x683.jpg 1024w, https:\/\/cuernavaca.gob.mx\/wp-content\/uploads\/2023\/10\/SIGUE-CUMPLIENDO-OBJETIVOS-AYUNTAMIENTO-DE-CUERNAVACA-EN-EL-PROCESO-DE-LA-IMPLEMENTACIO\u0301N-DE-LA-JUSTICIA-CI\u0301VICA-EN-CUERNAVACA-2-768x512.jpg 768w, https:\/\/cuernavaca.gob.mx\/wp-content\/uploads\/2023\/10\/SIGUE-CUMPLIENDO-OBJETIVOS-AYUNTAMIENTO-DE-CUERNAVACA-EN-EL-PROCESO-DE-LA-IMPLEMENTACIO\u0301N-DE-LA-JUSTICIA-CI\u0301VICA-EN-CUERNAVACA-2-1536x1024.jpg 1536w, https:\/\/cuernavaca.gob.mx\/wp-content\/uploads\/2023\/10\/SIGUE-CUMPLIENDO-OBJETIVOS-AYUNTAMIENTO-DE-CUERNAVACA-EN-EL-PROCESO-DE-LA-IMPLEMENTACIO\u0301N-DE-LA-JUSTICIA-CI\u0301VICA-EN-CUERNAVACA-2-600x400.jpg 600w, https:\/\/cuernavaca.gob.mx\/wp-content\/uploads\/2023\/10\/SIGUE-CUMPLIENDO-OBJETIVOS-AYUNTAMIENTO-DE-CUERNAVACA-EN-EL-PROCESO-DE-LA-IMPLEMENTACIO\u0301N-DE-LA-JUSTICIA-CI\u0301VICA-EN-CUERNAVACA-2-560x373.jpg 560w, https:\/\/cuernavaca.gob.mx\/wp-content\/uploads\/2023\/10\/SIGUE-CUMPLIENDO-OBJETIVOS-AYUNTAMIENTO-DE-CUERNAVACA-EN-EL-PROCESO-DE-LA-IMPLEMENTACIO\u0301N-DE-LA-JUSTICIA-CI\u0301VICA-EN-CUERNAVACA-2.jpg 1599w\" sizes=\"(max-width: 300px) 100vw, 300px\" \/> <img loading=\"lazy\" class=\"alignnone size-medium wp-image-33984\" src=\"https:\/\/cuernavaca.gob.mx\/wp-content\/uploads\/2023\/10\/SIGUE-CUMPLIENDO-OBJETIVOS-AYUNTAMIENTO-DE-CUERNAVACA-EN-EL-PROCESO-DE-LA-IMPLEMENTACIO\u0301N-DE-LA-JUSTICIA-CI\u0301VICA-EN-CUERNAVACA-3-300x200.jpg\" alt=\"\" width=\"300\" height=\"200\" srcset=\"https:\/\/cuernavaca.gob.mx\/wp-content\/uploads\/2023\/10\/SIGUE-CUMPLIENDO-OBJETIVOS-AYUNTAMIENTO-DE-CUERNAVACA-EN-EL-PROCESO-DE-LA-IMPLEMENTACIO\u0301N-DE-LA-JUSTICIA-CI\u0301VICA-EN-CUERNAVACA-3-300x200.jpg 300w, https:\/\/cuernavaca.gob.mx\/wp-content\/uploads\/2023\/10\/SIGUE-CUMPLIENDO-OBJETIVOS-AYUNTAMIENTO-DE-CUERNAVACA-EN-EL-PROCESO-DE-LA-IMPLEMENTACIO\u0301N-DE-LA-JUSTICIA-CI\u0301VICA-EN-CUERNAVACA-3-1024x683.jpg 1024w, https:\/\/cuernavaca.gob.mx\/wp-content\/uploads\/2023\/10\/SIGUE-CUMPLIENDO-OBJETIVOS-AYUNTAMIENTO-DE-CUERNAVACA-EN-EL-PROCESO-DE-LA-IMPLEMENTACIO\u0301N-DE-LA-JUSTICIA-CI\u0301VICA-EN-CUERNAVACA-3-768x512.jpg 768w, https:\/\/cuernavaca.gob.mx\/wp-content\/uploads\/2023\/10\/SIGUE-CUMPLIENDO-OBJETIVOS-AYUNTAMIENTO-DE-CUERNAVACA-EN-EL-PROCESO-DE-LA-IMPLEMENTACIO\u0301N-DE-LA-JUSTICIA-CI\u0301VICA-EN-CUERNAVACA-3-1536x1024.jpg 1536w, https:\/\/cuernavaca.gob.mx\/wp-content\/uploads\/2023\/10\/SIGUE-CUMPLIENDO-OBJETIVOS-AYUNTAMIENTO-DE-CUERNAVACA-EN-EL-PROCESO-DE-LA-IMPLEMENTACIO\u0301N-DE-LA-JUSTICIA-CI\u0301VICA-EN-CUERNAVACA-3-600x400.jpg 600w, https:\/\/cuernavaca.gob.mx\/wp-content\/uploads\/2023\/10\/SIGUE-CUMPLIENDO-OBJETIVOS-AYUNTAMIENTO-DE-CUERNAVACA-EN-EL-PROCESO-DE-LA-IMPLEMENTACIO\u0301N-DE-LA-JUSTICIA-CI\u0301VICA-EN-CUERNAVACA-3-560x373.jpg 560w, https:\/\/cuernavaca.gob.mx\/wp-content\/uploads\/2023\/10\/SIGUE-CUMPLIENDO-OBJETIVOS-AYUNTAMIENTO-DE-CUERNAVACA-EN-EL-PROCESO-DE-LA-IMPLEMENTACIO\u0301N-DE-LA-JUSTICIA-CI\u0301VICA-EN-CUERNAVACA-3.jpg 1599w\" sizes=\"(max-width: 300px) 100vw, 300px\" \/> <img loading=\"lazy\" class=\"alignnone size-medium wp-image-33985\" src=\"https:\/\/cuernavaca.gob.mx\/wp-content\/uploads\/2023\/10\/SIGUE-CUMPLIENDO-OBJETIVOS-AYUNTAMIENTO-DE-CUERNAVACA-EN-EL-PROCESO-DE-LA-IMPLEMENTACIO\u0301N-DE-LA-JUSTICIA-CI\u0301VICA-EN-CUERNAVACA-4-300x200.jpg\" alt=\"\" width=\"300\" height=\"200\" srcset=\"https:\/\/cuernavaca.gob.mx\/wp-content\/uploads\/2023\/10\/SIGUE-CUMPLIENDO-OBJETIVOS-AYUNTAMIENTO-DE-CUERNAVACA-EN-EL-PROCESO-DE-LA-IMPLEMENTACIO\u0301N-DE-LA-JUSTICIA-CI\u0301VICA-EN-CUERNAVACA-4-300x200.jpg 300w, https:\/\/cuernavaca.gob.mx\/wp-content\/uploads\/2023\/10\/SIGUE-CUMPLIENDO-OBJETIVOS-AYUNTAMIENTO-DE-CUERNAVACA-EN-EL-PROCESO-DE-LA-IMPLEMENTACIO\u0301N-DE-LA-JUSTICIA-CI\u0301VICA-EN-CUERNAVACA-4-1024x683.jpg 1024w, https:\/\/cuernavaca.gob.mx\/wp-content\/uploads\/2023\/10\/SIGUE-CUMPLIENDO-OBJETIVOS-AYUNTAMIENTO-DE-CUERNAVACA-EN-EL-PROCESO-DE-LA-IMPLEMENTACIO\u0301N-DE-LA-JUSTICIA-CI\u0301VICA-EN-CUERNAVACA-4-768x512.jpg 768w, https:\/\/cuernavaca.gob.mx\/wp-content\/uploads\/2023\/10\/SIGUE-CUMPLIENDO-OBJETIVOS-AYUNTAMIENTO-DE-CUERNAVACA-EN-EL-PROCESO-DE-LA-IMPLEMENTACIO\u0301N-DE-LA-JUSTICIA-CI\u0301VICA-EN-CUERNAVACA-4-1536x1024.jpg 1536w, https:\/\/cuernavaca.gob.mx\/wp-content\/uploads\/2023\/10\/SIGUE-CUMPLIENDO-OBJETIVOS-AYUNTAMIENTO-DE-CUERNAVACA-EN-EL-PROCESO-DE-LA-IMPLEMENTACIO\u0301N-DE-LA-JUSTICIA-CI\u0301VICA-EN-CUERNAVACA-4-600x400.jpg 600w, https:\/\/cuernavaca.gob.mx\/wp-content\/uploads\/2023\/10\/SIGUE-CUMPLIENDO-OBJETIVOS-AYUNTAMIENTO-DE-CUERNAVACA-EN-EL-PROCESO-DE-LA-IMPLEMENTACIO\u0301N-DE-LA-JUSTICIA-CI\u0301VICA-EN-CUERNAVACA-4-560x373.jpg 560w, https:\/\/cuernavaca.gob.mx\/wp-content\/uploads\/2023\/10\/SIGUE-CUMPLIENDO-OBJETIVOS-AYUNTAMIENTO-DE-CUERNAVACA-EN-EL-PROCESO-DE-LA-IMPLEMENTACIO\u0301N-DE-LA-JUSTICIA-CI\u0301VICA-EN-CUERNAVACA-4.jpg 1599w\" sizes=\"(max-width: 300px) 100vw, 300px\" \/> <img loading=\"lazy\" class=\"alignnone size-medium wp-image-33986\" src=\"https:\/\/cuernavaca.gob.mx\/wp-content\/uploads\/2023\/10\/SIGUE-CUMPLIENDO-OBJETIVOS-AYUNTAMIENTO-DE-CUERNAVACA-EN-EL-PROCESO-DE-LA-IMPLEMENTACIO\u0301N-DE-LA-JUSTICIA-CI\u0301VICA-EN-CUERNAVACA-5-300x200.jpg\" alt=\"\" width=\"300\" height=\"200\" srcset=\"https:\/\/cuernavaca.gob.mx\/wp-content\/uploads\/2023\/10\/SIGUE-CUMPLIENDO-OBJETIVOS-AYUNTAMIENTO-DE-CUERNAVACA-EN-EL-PROCESO-DE-LA-IMPLEMENTACIO\u0301N-DE-LA-JUSTICIA-CI\u0301VICA-EN-CUERNAVACA-5-300x200.jpg 300w, https:\/\/cuernavaca.gob.mx\/wp-content\/uploads\/2023\/10\/SIGUE-CUMPLIENDO-OBJETIVOS-AYUNTAMIENTO-DE-CUERNAVACA-EN-EL-PROCESO-DE-LA-IMPLEMENTACIO\u0301N-DE-LA-JUSTICIA-CI\u0301VICA-EN-CUERNAVACA-5-1024x683.jpg 1024w, https:\/\/cuernavaca.gob.mx\/wp-content\/uploads\/2023\/10\/SIGUE-CUMPLIENDO-OBJETIVOS-AYUNTAMIENTO-DE-CUERNAVACA-EN-EL-PROCESO-DE-LA-IMPLEMENTACIO\u0301N-DE-LA-JUSTICIA-CI\u0301VICA-EN-CUERNAVACA-5-768x512.jpg 768w, https:\/\/cuernavaca.gob.mx\/wp-content\/uploads\/2023\/10\/SIGUE-CUMPLIENDO-OBJETIVOS-AYUNTAMIENTO-DE-CUERNAVACA-EN-EL-PROCESO-DE-LA-IMPLEMENTACIO\u0301N-DE-LA-JUSTICIA-CI\u0301VICA-EN-CUERNAVACA-5-1536x1024.jpg 1536w, https:\/\/cuernavaca.gob.mx\/wp-content\/uploads\/2023\/10\/SIGUE-CUMPLIENDO-OBJETIVOS-AYUNTAMIENTO-DE-CUERNAVACA-EN-EL-PROCESO-DE-LA-IMPLEMENTACIO\u0301N-DE-LA-JUSTICIA-CI\u0301VICA-EN-CUERNAVACA-5-600x400.jpg 600w, https:\/\/cuernavaca.gob.mx\/wp-content\/uploads\/2023\/10\/SIGUE-CUMPLIENDO-OBJETIVOS-AYUNTAMIENTO-DE-CUERNAVACA-EN-EL-PROCESO-DE-LA-IMPLEMENTACIO\u0301N-DE-LA-JUSTICIA-CI\u0301VICA-EN-CUERNAVACA-5-560x373.jpg 560w, https:\/\/cuernavaca.gob.mx\/wp-content\/uploads\/2023\/10\/SIGUE-CUMPLIENDO-OBJETIVOS-AYUNTAMIENTO-DE-CUERNAVACA-EN-EL-PROCESO-DE-LA-IMPLEMENTACIO\u0301N-DE-LA-JUSTICIA-CI\u0301VICA-EN-CUERNAVACA-5.jpg 1599w\" sizes=\"(max-width: 300px) 100vw, 300px\" \/><\/p>\n","protected":false},"excerpt":{"rendered":"<p>El Ayuntamiento de Cuernavaca sigue avanzando en el proceso para la implementaci\u00f3n de actividades sustantivas contempladas en el Modelo Nacional de Polic\u00eda y Justicia C\u00edvica, por lo cual las \u00e1reas corresponsables del proyecto mantienen reuniones de trabajo permanentes, acordando en una \u00faltima sesi\u00f3n la revisi\u00f3n del marco normativo para garantizar su correcto funcionamiento. En la [&hellip;]<\/p>\n","protected":false},"author":1,"featured_media":33986,"comment_status":"closed","ping_status":"open","sticky":false,"template":"","format":"standard","meta":[],"categories":[20],"tags":[121,120,2447,2452,206],"aioseo_notices":[],"_links":{"self":[{"href":"https:\/\/cuernavaca.gob.mx\/index.php?rest_route=\/wp\/v2\/posts\/33981"}],"collection":[{"href":"https:\/\/cuernavaca.gob.mx\/index.php?rest_route=\/wp\/v2\/posts"}],"about":[{"href":"https:\/\/cuernavaca.gob.mx\/index.php?rest_route=\/wp\/v2\/types\/post"}],"author":[{"embeddable":true,"href":"https:\/\/cuernavaca.gob.mx\/index.php?rest_route=\/wp\/v2\/users\/1"}],"replies":[{"embeddable":true,"href":"https:\/\/cuernavaca.gob.mx\/index.php?rest_route=%2Fwp%2Fv2%2Fcomments&post=33981"}],"version-history":[{"count":1,"href":"https:\/\/cuernavaca.gob.mx\/index.php?rest_route=\/wp\/v2\/posts\/33981\/revisions"}],"predecessor-version":[{"id":33987,"href":"https:\/\/cuernavaca.gob.mx\/index.php?rest_route=\/wp\/v2\/posts\/33981\/revisions\/33987"}],"wp:featuredmedia":[{"embeddable":true,"href":"https:\/\/cuernavaca.gob.mx\/index.php?rest_route=\/wp\/v2\/media\/33986"}],"wp:attachment":[{"href":"https:\/\/cuernavaca.gob.mx\/index.php?rest_route=%2Fwp%2Fv2%2Fmedia&parent=33981"}],"wp:term":[{"taxonomy":"category","embeddable":true,"href":"https:\/\/cuernavaca.gob.mx\/index.php?rest_route=%2Fwp%2Fv2%2Fcategories&post=33981"},{"taxonomy":"post_tag","embeddable":true,"href":"https:\/\/cuernavaca.gob.mx\/index.php?rest_route=%2Fwp%2Fv2%2Ftags&post=33981"}],"curies":[{"name":"wp","href":"https:\/\/api.w.org\/{rel}","templated":true}]}}