{"id":33988,"date":"2023-10-22T14:00:56","date_gmt":"2023-10-22T20:00:56","guid":{"rendered":"https:\/\/cuernavaca.gob.mx\/?p=33988"},"modified":"2025-05-06T14:33:45","modified_gmt":"2025-05-06T20:33:45","slug":"b1354-22-10-23-manifiesta-jose-luis-uriostegui-su-oposicion-a-la-propuesta-de-incremento-al-impuesto-a-la-nomina","status":"publish","type":"post","link":"https:\/\/cuernavaca.gob.mx\/?p=33988","title":{"rendered":"B1354 22\/10\/23 MANIFIESTA JOS\u00c9 LUIS URI\u00d3STEGUI SU OPOSICI\u00d3N A LA PROPUESTA DE INCREMENTO AL IMPUESTO A LA N\u00d3MINA"},"content":{"rendered":"<p><strong>\u00b0 El Alcalde de Cuernavaca invit\u00f3 a diputados a reflexionar sobre esta iniciativa que afectar\u00eda severamente a empresas, personas f\u00edsicas y municipios<\/strong><\/p>\n<p><strong>\u00b0 Se\u00f1al\u00f3 que adem\u00e1s se desvirt\u00faa la esencia de este arancel qu\u00e9 es incentivar la creaci\u00f3n de empleos y no para financiar \u00f3rganos aut\u00f3nomos<\/strong><\/p>\n<p>Al reconocer que es momento de valorar iniciativas que repercutan directamente en beneficio de la poblaci\u00f3n y no en el fortalecimiento de arcas de las entidades p\u00fablicas para incrementar salarios o financiar \u00e1reas burocr\u00e1ticas, el presidente municipal de Cuernavaca, Jos\u00e9 Luis Uri\u00f3stegui Salgado, manifest\u00f3 su oposici\u00f3n a la propuesta de incremento del dos al cuatro por ciento al impuesto sobre la n\u00f3mina que propone el Poder Ejecutivo del Gobierno del Estado en la iniciativa de Ley de Ingresos para el 2024.<\/p>\n<p>Precis\u00f3 que esta propuesta que se encuentra en an\u00e1lisis de diputados en el Congreso del Estado afectar\u00eda a las empresas, personas f\u00edsicas, empleados y a los mismos municipios, ya que implicar\u00eda hacer un esfuerzo adicional para cubrir los sueldos de su base trabajadora y tendr\u00eda una repercusi\u00f3n en el desarrollo econ\u00f3mico de la entidad, en el caso de Cuernavaca representar\u00eda un incremento de alrededor de 370 mil pesos mensuales.<\/p>\n<p>Jos\u00e9 Luis Uri\u00f3stegui resalt\u00f3 qu\u00e9 la propuesta es improcedente, puesto que no hay capacidad econ\u00f3mica ni de la iniciativa privada ni de alguna instituci\u00f3n p\u00fablica para hacerle frente, afectando tambi\u00e9n las inversiones que se pretendan realizar, debido a que pagar el arancel implicar\u00eda dejar de invertir en mejorar bienes o servicios a la poblaci\u00f3n de los municipios, en este caso de la capital morelense.<\/p>\n<p>En este sentido, el Alcalde de Cuernavaca invit\u00f3 a los diputados locales a reflexionar porque no es tiempo de incrementar impuestos y menos de uno que seg\u00fan los comentarios del secretario de Hacienda estatal, ser\u00eda para fortalecer \u00f3rganos aut\u00f3nomos cuando se supone que en esencia el impuesto es para fortalecer la creaci\u00f3n de empleos y la econom\u00eda del estado.<\/p>\n<p>Finalmente, Jos\u00e9 Luis Uri\u00f3stegui conmin\u00f3 a la poblaci\u00f3n a considerar que este es un momento de valoraci\u00f3n de iniciativas que repercutan directamente en beneficio de la poblaci\u00f3n y no en el fortalecimiento de arcas de las entidades p\u00fablicas para mejorar salarios o mejorar el bienestar de quienes laboran en \u00e1reas burocr\u00e1ticas.<\/p>\n<p><img loading=\"lazy\" class=\"alignnone size-medium wp-image-33989\" src=\"https:\/\/cuernavaca.gob.mx\/wp-content\/uploads\/2023\/10\/MANIFIESTA-JOSE-LUIS-URIOSTEGUI-SU-OPOSICION-A-LA-PROPUESTA-DE-INCREMENTO-AL-IMPUESTO-A-LA-NOMINA-300x175.jpeg\" alt=\"\" width=\"300\" height=\"175\" srcset=\"https:\/\/cuernavaca.gob.mx\/wp-content\/uploads\/2023\/10\/MANIFIESTA-JOSE-LUIS-URIOSTEGUI-SU-OPOSICION-A-LA-PROPUESTA-DE-INCREMENTO-AL-IMPUESTO-A-LA-NOMINA-300x175.jpeg 300w, https:\/\/cuernavaca.gob.mx\/wp-content\/uploads\/2023\/10\/MANIFIESTA-JOSE-LUIS-URIOSTEGUI-SU-OPOSICION-A-LA-PROPUESTA-DE-INCREMENTO-AL-IMPUESTO-A-LA-NOMINA-1024x598.jpeg 1024w, https:\/\/cuernavaca.gob.mx\/wp-content\/uploads\/2023\/10\/MANIFIESTA-JOSE-LUIS-URIOSTEGUI-SU-OPOSICION-A-LA-PROPUESTA-DE-INCREMENTO-AL-IMPUESTO-A-LA-NOMINA-768x449.jpeg 768w, https:\/\/cuernavaca.gob.mx\/wp-content\/uploads\/2023\/10\/MANIFIESTA-JOSE-LUIS-URIOSTEGUI-SU-OPOSICION-A-LA-PROPUESTA-DE-INCREMENTO-AL-IMPUESTO-A-LA-NOMINA-600x351.jpeg 600w, https:\/\/cuernavaca.gob.mx\/wp-content\/uploads\/2023\/10\/MANIFIESTA-JOSE-LUIS-URIOSTEGUI-SU-OPOSICION-A-LA-PROPUESTA-DE-INCREMENTO-AL-IMPUESTO-A-LA-NOMINA-560x327.jpeg 560w, https:\/\/cuernavaca.gob.mx\/wp-content\/uploads\/2023\/10\/MANIFIESTA-JOSE-LUIS-URIOSTEGUI-SU-OPOSICION-A-LA-PROPUESTA-DE-INCREMENTO-AL-IMPUESTO-A-LA-NOMINA.jpeg 1480w\" sizes=\"(max-width: 300px) 100vw, 300px\" \/><\/p>\n","protected":false},"excerpt":{"rendered":"<p>\u00b0 El Alcalde de Cuernavaca invit\u00f3 a diputados a reflexionar sobre esta iniciativa que afectar\u00eda severamente a empresas, personas f\u00edsicas y municipios \u00b0 Se\u00f1al\u00f3 que adem\u00e1s se desvirt\u00faa la esencia de este arancel qu\u00e9 es incentivar la creaci\u00f3n de empleos y no para financiar \u00f3rganos aut\u00f3nomos Al reconocer que es momento de valorar iniciativas que [&hellip;]<\/p>\n","protected":false},"author":1,"featured_media":33989,"comment_status":"closed","ping_status":"open","sticky":false,"template":"","format":"standard","meta":[],"categories":[20],"tags":[306,121,485,120,206,3381],"aioseo_notices":[],"_links":{"self":[{"href":"https:\/\/cuernavaca.gob.mx\/index.php?rest_route=\/wp\/v2\/posts\/33988"}],"collection":[{"href":"https:\/\/cuernavaca.gob.mx\/index.php?rest_route=\/wp\/v2\/posts"}],"about":[{"href":"https:\/\/cuernavaca.gob.mx\/index.php?rest_route=\/wp\/v2\/types\/post"}],"author":[{"embeddable":true,"href":"https:\/\/cuernavaca.gob.mx\/index.php?rest_route=\/wp\/v2\/users\/1"}],"replies":[{"embeddable":true,"href":"https:\/\/cuernavaca.gob.mx\/index.php?rest_route=%2Fwp%2Fv2%2Fcomments&post=33988"}],"version-history":[{"count":1,"href":"https:\/\/cuernavaca.gob.mx\/index.php?rest_route=\/wp\/v2\/posts\/33988\/revisions"}],"predecessor-version":[{"id":33990,"href":"https:\/\/cuernavaca.gob.mx\/index.php?rest_route=\/wp\/v2\/posts\/33988\/revisions\/33990"}],"wp:featuredmedia":[{"embeddable":true,"href":"https:\/\/cuernavaca.gob.mx\/index.php?rest_route=\/wp\/v2\/media\/33989"}],"wp:attachment":[{"href":"https:\/\/cuernavaca.gob.mx\/index.php?rest_route=%2Fwp%2Fv2%2Fmedia&parent=33988"}],"wp:term":[{"taxonomy":"category","embeddable":true,"href":"https:\/\/cuernavaca.gob.mx\/index.php?rest_route=%2Fwp%2Fv2%2Fcategories&post=33988"},{"taxonomy":"post_tag","embeddable":true,"href":"https:\/\/cuernavaca.gob.mx\/index.php?rest_route=%2Fwp%2Fv2%2Ftags&post=33988"}],"curies":[{"name":"wp","href":"https:\/\/api.w.org\/{rel}","templated":true}]}}