{"id":34069,"date":"2023-10-24T17:20:45","date_gmt":"2023-10-24T23:20:45","guid":{"rendered":"https:\/\/cuernavaca.gob.mx\/?p=34069"},"modified":"2025-05-06T14:33:43","modified_gmt":"2025-05-06T20:33:43","slug":"b1359-24-10-23-jose-luis-uriostegui-se-pronuncia-por-seguir-fortaleciendo-la-triple-helice-para-generar-empleos-formales-en-cuernavaca-y-en-morelos","status":"publish","type":"post","link":"https:\/\/cuernavaca.gob.mx\/?p=34069","title":{"rendered":"B1359 24\/10\/23 JOS\u00c9 LUIS URI\u00d3STEGUI SE PRONUNCIA POR SEGUIR FORTALECIENDO LA TRIPLE H\u00c9LICE PARA GENERAR EMPLEOS FORMALES EN CUERNAVACA Y EN MORELOS"},"content":{"rendered":"<p><strong>\u2022 El presidente municipal de Cuernavaca particip\u00f3 este martes en la inauguraci\u00f3n de la Feria Nacional del Empleo y la Inclusi\u00f3n Laboral que tuvo como sede el campus Chamilpa de la UAEM<\/strong><\/p>\n<p><strong>\u2022 Precis\u00f3 que desde el Gobierno Municipal est\u00e1n generando condiciones para fortalecer la productividad y el crecimiento econ\u00f3mico de la ciudad<\/strong><\/p>\n<p>El presidente municipal de Cuernavaca, Jos\u00e9 Luis Uri\u00f3stegui Salgado, particip\u00f3 este martes en la inauguraci\u00f3n de la Feria Nacional del Empleo y la Inclusi\u00f3n Laboral que tuvo como sede el campus Chamilpa de la Universidad Aut\u00f3noma del Estado de Morelos (UAEM), refrendando su compromiso por seguir coadyuvando en estrategias que promuevan la reactivaci\u00f3n econ\u00f3mica y mejoren la condici\u00f3n de vida de los cuernavaquenses.<\/p>\n<p>En esta edici\u00f3n del evento que es coordinado por el programa J\u00f3venes Construyendo el Futuro y el Servicio Nacional del Empleo Morelos, 60 empresas y 17 organismos, entre ellos la Secretar\u00eda de Protecci\u00f3n y Auxilio Ciudadano de Cuernavaca (SEPRAC) ofertaron m\u00e1s de mil vacantes en el marco del mes de la inclusi\u00f3n laboral para personas de 18 a\u00f1os en adelante.<\/p>\n<p>Bajo este contexto, el alcalde Jos\u00e9 Luis Uri\u00f3stegui, resalt\u00f3 que generar empleo y establecer las condiciones para que se emplee la gente es lo m\u00e1s dif\u00edcil que puede haber, en especial cuando circunstancias externas influyen para que muchas empresas decidan no invertir en determinado lugar y no abrir nuevos horizontes a quien necesita empleo, por lo cual este tipo de actividades son fundamentales, de ah\u00ed la importancia de seguir fortaleciendo la triple h\u00e9lice en la que participan las instituciones educativas como la UAEM, gobierno y la iniciativa privada para generar empleos de largo alcance y calificados.<\/p>\n<p>Precis\u00f3 que desde el Gobierno Municipal est\u00e1n generando condiciones para fortalecer la productividad y el crecimiento econ\u00f3mico de la ciudad a trav\u00e9s del mejoramiento en materia de servicios p\u00fablicos, infraestructura urbana y la simplificaci\u00f3n de tr\u00e1mites, manifestando su disposici\u00f3n para seguir respaldando este tipo de actividades, como son las Ferias Nacionales del Empleo y la Inclusi\u00f3n Laboral.<\/p>\n<p>Al uso de la palabra, la directora estatal del Programa J\u00f3venes Construyendo el Futuro en Morelos, Denisse Molina Romero y el director general del Servicio Nacional del Empleo Morelos, Jorge Garc\u00eda \u00c1vila, agradecieron el apoyo recibido de manera permanente por el Alcalde de Cuernavaca, que ha dado como resultado un gran trabajo entre federaci\u00f3n, estado y municipio para la generaci\u00f3n de empleos.<\/p>\n<p>En el acto inaugural se cont\u00f3 con la presencia del rector de la UAEM, Gustavo Urquiza Beltr\u00e1n; de la secretaria de Desarrollo Econ\u00f3mico y del Trabajo del estado, Cecilia Rodr\u00edguez Gonz\u00e1lez; del coordinador de Estrategia y An\u00e1lisis para la Prevenci\u00f3n Social del Delito y la Reconstrucci\u00f3n del Tejido Social de la Secretar\u00eda de Gobernaci\u00f3n, Adriel Enrique Noriega L\u00f3pez, as\u00ed como de otras autoridades de la M\u00e1xima Casa de Estudios, de la Federaci\u00f3n y del Gobierno Estatal.<\/p>\n<p><img loading=\"lazy\" class=\"alignnone size-medium wp-image-34070\" src=\"https:\/\/cuernavaca.gob.mx\/wp-content\/uploads\/2023\/10\/JOSE\u0301-LUIS-URIO\u0301STEGUI-SE-PRONUNCIA-POR-SEGUIR-FORTALECIENDO-LA-TRIPLE-HE\u0301LICE-PARA-GENERAR-EMPLEOS-FORMALES-EN-CUERNAVACA-Y-EN-MORELOS-1-300x200.jpg\" alt=\"\" width=\"300\" height=\"200\" srcset=\"https:\/\/cuernavaca.gob.mx\/wp-content\/uploads\/2023\/10\/JOSE\u0301-LUIS-URIO\u0301STEGUI-SE-PRONUNCIA-POR-SEGUIR-FORTALECIENDO-LA-TRIPLE-HE\u0301LICE-PARA-GENERAR-EMPLEOS-FORMALES-EN-CUERNAVACA-Y-EN-MORELOS-1-300x200.jpg 300w, https:\/\/cuernavaca.gob.mx\/wp-content\/uploads\/2023\/10\/JOSE\u0301-LUIS-URIO\u0301STEGUI-SE-PRONUNCIA-POR-SEGUIR-FORTALECIENDO-LA-TRIPLE-HE\u0301LICE-PARA-GENERAR-EMPLEOS-FORMALES-EN-CUERNAVACA-Y-EN-MORELOS-1-1024x683.jpg 1024w, https:\/\/cuernavaca.gob.mx\/wp-content\/uploads\/2023\/10\/JOSE\u0301-LUIS-URIO\u0301STEGUI-SE-PRONUNCIA-POR-SEGUIR-FORTALECIENDO-LA-TRIPLE-HE\u0301LICE-PARA-GENERAR-EMPLEOS-FORMALES-EN-CUERNAVACA-Y-EN-MORELOS-1-768x512.jpg 768w, https:\/\/cuernavaca.gob.mx\/wp-content\/uploads\/2023\/10\/JOSE\u0301-LUIS-URIO\u0301STEGUI-SE-PRONUNCIA-POR-SEGUIR-FORTALECIENDO-LA-TRIPLE-HE\u0301LICE-PARA-GENERAR-EMPLEOS-FORMALES-EN-CUERNAVACA-Y-EN-MORELOS-1-1536x1024.jpg 1536w, https:\/\/cuernavaca.gob.mx\/wp-content\/uploads\/2023\/10\/JOSE\u0301-LUIS-URIO\u0301STEGUI-SE-PRONUNCIA-POR-SEGUIR-FORTALECIENDO-LA-TRIPLE-HE\u0301LICE-PARA-GENERAR-EMPLEOS-FORMALES-EN-CUERNAVACA-Y-EN-MORELOS-1-600x400.jpg 600w, https:\/\/cuernavaca.gob.mx\/wp-content\/uploads\/2023\/10\/JOSE\u0301-LUIS-URIO\u0301STEGUI-SE-PRONUNCIA-POR-SEGUIR-FORTALECIENDO-LA-TRIPLE-HE\u0301LICE-PARA-GENERAR-EMPLEOS-FORMALES-EN-CUERNAVACA-Y-EN-MORELOS-1-560x373.jpg 560w, https:\/\/cuernavaca.gob.mx\/wp-content\/uploads\/2023\/10\/JOSE\u0301-LUIS-URIO\u0301STEGUI-SE-PRONUNCIA-POR-SEGUIR-FORTALECIENDO-LA-TRIPLE-HE\u0301LICE-PARA-GENERAR-EMPLEOS-FORMALES-EN-CUERNAVACA-Y-EN-MORELOS-1.jpg 1599w\" sizes=\"(max-width: 300px) 100vw, 300px\" \/> <img loading=\"lazy\" class=\"alignnone size-medium wp-image-34071\" src=\"https:\/\/cuernavaca.gob.mx\/wp-content\/uploads\/2023\/10\/JOSE\u0301-LUIS-URIO\u0301STEGUI-SE-PRONUNCIA-POR-SEGUIR-FORTALECIENDO-LA-TRIPLE-HE\u0301LICE-PARA-GENERAR-EMPLEOS-FORMALES-EN-CUERNAVACA-Y-EN-MORELOS-2-300x200.jpg\" alt=\"\" width=\"300\" height=\"200\" srcset=\"https:\/\/cuernavaca.gob.mx\/wp-content\/uploads\/2023\/10\/JOSE\u0301-LUIS-URIO\u0301STEGUI-SE-PRONUNCIA-POR-SEGUIR-FORTALECIENDO-LA-TRIPLE-HE\u0301LICE-PARA-GENERAR-EMPLEOS-FORMALES-EN-CUERNAVACA-Y-EN-MORELOS-2-300x200.jpg 300w, https:\/\/cuernavaca.gob.mx\/wp-content\/uploads\/2023\/10\/JOSE\u0301-LUIS-URIO\u0301STEGUI-SE-PRONUNCIA-POR-SEGUIR-FORTALECIENDO-LA-TRIPLE-HE\u0301LICE-PARA-GENERAR-EMPLEOS-FORMALES-EN-CUERNAVACA-Y-EN-MORELOS-2-1024x683.jpg 1024w, https:\/\/cuernavaca.gob.mx\/wp-content\/uploads\/2023\/10\/JOSE\u0301-LUIS-URIO\u0301STEGUI-SE-PRONUNCIA-POR-SEGUIR-FORTALECIENDO-LA-TRIPLE-HE\u0301LICE-PARA-GENERAR-EMPLEOS-FORMALES-EN-CUERNAVACA-Y-EN-MORELOS-2-768x512.jpg 768w, https:\/\/cuernavaca.gob.mx\/wp-content\/uploads\/2023\/10\/JOSE\u0301-LUIS-URIO\u0301STEGUI-SE-PRONUNCIA-POR-SEGUIR-FORTALECIENDO-LA-TRIPLE-HE\u0301LICE-PARA-GENERAR-EMPLEOS-FORMALES-EN-CUERNAVACA-Y-EN-MORELOS-2-1536x1024.jpg 1536w, https:\/\/cuernavaca.gob.mx\/wp-content\/uploads\/2023\/10\/JOSE\u0301-LUIS-URIO\u0301STEGUI-SE-PRONUNCIA-POR-SEGUIR-FORTALECIENDO-LA-TRIPLE-HE\u0301LICE-PARA-GENERAR-EMPLEOS-FORMALES-EN-CUERNAVACA-Y-EN-MORELOS-2-600x400.jpg 600w, https:\/\/cuernavaca.gob.mx\/wp-content\/uploads\/2023\/10\/JOSE\u0301-LUIS-URIO\u0301STEGUI-SE-PRONUNCIA-POR-SEGUIR-FORTALECIENDO-LA-TRIPLE-HE\u0301LICE-PARA-GENERAR-EMPLEOS-FORMALES-EN-CUERNAVACA-Y-EN-MORELOS-2-560x373.jpg 560w, https:\/\/cuernavaca.gob.mx\/wp-content\/uploads\/2023\/10\/JOSE\u0301-LUIS-URIO\u0301STEGUI-SE-PRONUNCIA-POR-SEGUIR-FORTALECIENDO-LA-TRIPLE-HE\u0301LICE-PARA-GENERAR-EMPLEOS-FORMALES-EN-CUERNAVACA-Y-EN-MORELOS-2.jpg 1599w\" sizes=\"(max-width: 300px) 100vw, 300px\" \/> <img loading=\"lazy\" class=\"alignnone size-medium wp-image-34072\" src=\"https:\/\/cuernavaca.gob.mx\/wp-content\/uploads\/2023\/10\/JOSE\u0301-LUIS-URIO\u0301STEGUI-SE-PRONUNCIA-POR-SEGUIR-FORTALECIENDO-LA-TRIPLE-HE\u0301LICE-PARA-GENERAR-EMPLEOS-FORMALES-EN-CUERNAVACA-Y-EN-MORELOS-3-300x200.jpg\" alt=\"\" width=\"300\" height=\"200\" srcset=\"https:\/\/cuernavaca.gob.mx\/wp-content\/uploads\/2023\/10\/JOSE\u0301-LUIS-URIO\u0301STEGUI-SE-PRONUNCIA-POR-SEGUIR-FORTALECIENDO-LA-TRIPLE-HE\u0301LICE-PARA-GENERAR-EMPLEOS-FORMALES-EN-CUERNAVACA-Y-EN-MORELOS-3-300x200.jpg 300w, https:\/\/cuernavaca.gob.mx\/wp-content\/uploads\/2023\/10\/JOSE\u0301-LUIS-URIO\u0301STEGUI-SE-PRONUNCIA-POR-SEGUIR-FORTALECIENDO-LA-TRIPLE-HE\u0301LICE-PARA-GENERAR-EMPLEOS-FORMALES-EN-CUERNAVACA-Y-EN-MORELOS-3-1024x683.jpg 1024w, https:\/\/cuernavaca.gob.mx\/wp-content\/uploads\/2023\/10\/JOSE\u0301-LUIS-URIO\u0301STEGUI-SE-PRONUNCIA-POR-SEGUIR-FORTALECIENDO-LA-TRIPLE-HE\u0301LICE-PARA-GENERAR-EMPLEOS-FORMALES-EN-CUERNAVACA-Y-EN-MORELOS-3-768x512.jpg 768w, https:\/\/cuernavaca.gob.mx\/wp-content\/uploads\/2023\/10\/JOSE\u0301-LUIS-URIO\u0301STEGUI-SE-PRONUNCIA-POR-SEGUIR-FORTALECIENDO-LA-TRIPLE-HE\u0301LICE-PARA-GENERAR-EMPLEOS-FORMALES-EN-CUERNAVACA-Y-EN-MORELOS-3-1536x1024.jpg 1536w, https:\/\/cuernavaca.gob.mx\/wp-content\/uploads\/2023\/10\/JOSE\u0301-LUIS-URIO\u0301STEGUI-SE-PRONUNCIA-POR-SEGUIR-FORTALECIENDO-LA-TRIPLE-HE\u0301LICE-PARA-GENERAR-EMPLEOS-FORMALES-EN-CUERNAVACA-Y-EN-MORELOS-3-600x400.jpg 600w, https:\/\/cuernavaca.gob.mx\/wp-content\/uploads\/2023\/10\/JOSE\u0301-LUIS-URIO\u0301STEGUI-SE-PRONUNCIA-POR-SEGUIR-FORTALECIENDO-LA-TRIPLE-HE\u0301LICE-PARA-GENERAR-EMPLEOS-FORMALES-EN-CUERNAVACA-Y-EN-MORELOS-3-560x373.jpg 560w, https:\/\/cuernavaca.gob.mx\/wp-content\/uploads\/2023\/10\/JOSE\u0301-LUIS-URIO\u0301STEGUI-SE-PRONUNCIA-POR-SEGUIR-FORTALECIENDO-LA-TRIPLE-HE\u0301LICE-PARA-GENERAR-EMPLEOS-FORMALES-EN-CUERNAVACA-Y-EN-MORELOS-3.jpg 1599w\" sizes=\"(max-width: 300px) 100vw, 300px\" \/> <img loading=\"lazy\" class=\"alignnone size-medium wp-image-34073\" src=\"https:\/\/cuernavaca.gob.mx\/wp-content\/uploads\/2023\/10\/JOSE\u0301-LUIS-URIO\u0301STEGUI-SE-PRONUNCIA-POR-SEGUIR-FORTALECIENDO-LA-TRIPLE-HE\u0301LICE-PARA-GENERAR-EMPLEOS-FORMALES-EN-CUERNAVACA-Y-EN-MORELOS-4-300x200.jpg\" alt=\"\" width=\"300\" height=\"200\" srcset=\"https:\/\/cuernavaca.gob.mx\/wp-content\/uploads\/2023\/10\/JOSE\u0301-LUIS-URIO\u0301STEGUI-SE-PRONUNCIA-POR-SEGUIR-FORTALECIENDO-LA-TRIPLE-HE\u0301LICE-PARA-GENERAR-EMPLEOS-FORMALES-EN-CUERNAVACA-Y-EN-MORELOS-4-300x200.jpg 300w, https:\/\/cuernavaca.gob.mx\/wp-content\/uploads\/2023\/10\/JOSE\u0301-LUIS-URIO\u0301STEGUI-SE-PRONUNCIA-POR-SEGUIR-FORTALECIENDO-LA-TRIPLE-HE\u0301LICE-PARA-GENERAR-EMPLEOS-FORMALES-EN-CUERNAVACA-Y-EN-MORELOS-4-1024x683.jpg 1024w, https:\/\/cuernavaca.gob.mx\/wp-content\/uploads\/2023\/10\/JOSE\u0301-LUIS-URIO\u0301STEGUI-SE-PRONUNCIA-POR-SEGUIR-FORTALECIENDO-LA-TRIPLE-HE\u0301LICE-PARA-GENERAR-EMPLEOS-FORMALES-EN-CUERNAVACA-Y-EN-MORELOS-4-768x512.jpg 768w, https:\/\/cuernavaca.gob.mx\/wp-content\/uploads\/2023\/10\/JOSE\u0301-LUIS-URIO\u0301STEGUI-SE-PRONUNCIA-POR-SEGUIR-FORTALECIENDO-LA-TRIPLE-HE\u0301LICE-PARA-GENERAR-EMPLEOS-FORMALES-EN-CUERNAVACA-Y-EN-MORELOS-4-1536x1024.jpg 1536w, https:\/\/cuernavaca.gob.mx\/wp-content\/uploads\/2023\/10\/JOSE\u0301-LUIS-URIO\u0301STEGUI-SE-PRONUNCIA-POR-SEGUIR-FORTALECIENDO-LA-TRIPLE-HE\u0301LICE-PARA-GENERAR-EMPLEOS-FORMALES-EN-CUERNAVACA-Y-EN-MORELOS-4-600x400.jpg 600w, https:\/\/cuernavaca.gob.mx\/wp-content\/uploads\/2023\/10\/JOSE\u0301-LUIS-URIO\u0301STEGUI-SE-PRONUNCIA-POR-SEGUIR-FORTALECIENDO-LA-TRIPLE-HE\u0301LICE-PARA-GENERAR-EMPLEOS-FORMALES-EN-CUERNAVACA-Y-EN-MORELOS-4-560x373.jpg 560w, https:\/\/cuernavaca.gob.mx\/wp-content\/uploads\/2023\/10\/JOSE\u0301-LUIS-URIO\u0301STEGUI-SE-PRONUNCIA-POR-SEGUIR-FORTALECIENDO-LA-TRIPLE-HE\u0301LICE-PARA-GENERAR-EMPLEOS-FORMALES-EN-CUERNAVACA-Y-EN-MORELOS-4.jpg 1599w\" sizes=\"(max-width: 300px) 100vw, 300px\" \/> <img loading=\"lazy\" class=\"alignnone size-medium wp-image-34074\" src=\"https:\/\/cuernavaca.gob.mx\/wp-content\/uploads\/2023\/10\/JOSE\u0301-LUIS-URIO\u0301STEGUI-SE-PRONUNCIA-POR-SEGUIR-FORTALECIENDO-LA-TRIPLE-HE\u0301LICE-PARA-GENERAR-EMPLEOS-FORMALES-EN-CUERNAVACA-Y-EN-MORELOS-5-300x200.jpg\" alt=\"\" width=\"300\" height=\"200\" srcset=\"https:\/\/cuernavaca.gob.mx\/wp-content\/uploads\/2023\/10\/JOSE\u0301-LUIS-URIO\u0301STEGUI-SE-PRONUNCIA-POR-SEGUIR-FORTALECIENDO-LA-TRIPLE-HE\u0301LICE-PARA-GENERAR-EMPLEOS-FORMALES-EN-CUERNAVACA-Y-EN-MORELOS-5-300x200.jpg 300w, https:\/\/cuernavaca.gob.mx\/wp-content\/uploads\/2023\/10\/JOSE\u0301-LUIS-URIO\u0301STEGUI-SE-PRONUNCIA-POR-SEGUIR-FORTALECIENDO-LA-TRIPLE-HE\u0301LICE-PARA-GENERAR-EMPLEOS-FORMALES-EN-CUERNAVACA-Y-EN-MORELOS-5-1024x683.jpg 1024w, https:\/\/cuernavaca.gob.mx\/wp-content\/uploads\/2023\/10\/JOSE\u0301-LUIS-URIO\u0301STEGUI-SE-PRONUNCIA-POR-SEGUIR-FORTALECIENDO-LA-TRIPLE-HE\u0301LICE-PARA-GENERAR-EMPLEOS-FORMALES-EN-CUERNAVACA-Y-EN-MORELOS-5-768x512.jpg 768w, https:\/\/cuernavaca.gob.mx\/wp-content\/uploads\/2023\/10\/JOSE\u0301-LUIS-URIO\u0301STEGUI-SE-PRONUNCIA-POR-SEGUIR-FORTALECIENDO-LA-TRIPLE-HE\u0301LICE-PARA-GENERAR-EMPLEOS-FORMALES-EN-CUERNAVACA-Y-EN-MORELOS-5-1536x1024.jpg 1536w, https:\/\/cuernavaca.gob.mx\/wp-content\/uploads\/2023\/10\/JOSE\u0301-LUIS-URIO\u0301STEGUI-SE-PRONUNCIA-POR-SEGUIR-FORTALECIENDO-LA-TRIPLE-HE\u0301LICE-PARA-GENERAR-EMPLEOS-FORMALES-EN-CUERNAVACA-Y-EN-MORELOS-5-600x400.jpg 600w, https:\/\/cuernavaca.gob.mx\/wp-content\/uploads\/2023\/10\/JOSE\u0301-LUIS-URIO\u0301STEGUI-SE-PRONUNCIA-POR-SEGUIR-FORTALECIENDO-LA-TRIPLE-HE\u0301LICE-PARA-GENERAR-EMPLEOS-FORMALES-EN-CUERNAVACA-Y-EN-MORELOS-5-560x373.jpg 560w, https:\/\/cuernavaca.gob.mx\/wp-content\/uploads\/2023\/10\/JOSE\u0301-LUIS-URIO\u0301STEGUI-SE-PRONUNCIA-POR-SEGUIR-FORTALECIENDO-LA-TRIPLE-HE\u0301LICE-PARA-GENERAR-EMPLEOS-FORMALES-EN-CUERNAVACA-Y-EN-MORELOS-5.jpg 1599w\" sizes=\"(max-width: 300px) 100vw, 300px\" \/> <img loading=\"lazy\" class=\"alignnone size-medium wp-image-34075\" src=\"https:\/\/cuernavaca.gob.mx\/wp-content\/uploads\/2023\/10\/JOSE\u0301-LUIS-URIO\u0301STEGUI-SE-PRONUNCIA-POR-SEGUIR-FORTALECIENDO-LA-TRIPLE-HE\u0301LICE-PARA-GENERAR-EMPLEOS-FORMALES-EN-CUERNAVACA-Y-EN-MORELOS-6-300x200.jpg\" alt=\"\" width=\"300\" height=\"200\" srcset=\"https:\/\/cuernavaca.gob.mx\/wp-content\/uploads\/2023\/10\/JOSE\u0301-LUIS-URIO\u0301STEGUI-SE-PRONUNCIA-POR-SEGUIR-FORTALECIENDO-LA-TRIPLE-HE\u0301LICE-PARA-GENERAR-EMPLEOS-FORMALES-EN-CUERNAVACA-Y-EN-MORELOS-6-300x200.jpg 300w, https:\/\/cuernavaca.gob.mx\/wp-content\/uploads\/2023\/10\/JOSE\u0301-LUIS-URIO\u0301STEGUI-SE-PRONUNCIA-POR-SEGUIR-FORTALECIENDO-LA-TRIPLE-HE\u0301LICE-PARA-GENERAR-EMPLEOS-FORMALES-EN-CUERNAVACA-Y-EN-MORELOS-6-1024x683.jpg 1024w, https:\/\/cuernavaca.gob.mx\/wp-content\/uploads\/2023\/10\/JOSE\u0301-LUIS-URIO\u0301STEGUI-SE-PRONUNCIA-POR-SEGUIR-FORTALECIENDO-LA-TRIPLE-HE\u0301LICE-PARA-GENERAR-EMPLEOS-FORMALES-EN-CUERNAVACA-Y-EN-MORELOS-6-768x512.jpg 768w, https:\/\/cuernavaca.gob.mx\/wp-content\/uploads\/2023\/10\/JOSE\u0301-LUIS-URIO\u0301STEGUI-SE-PRONUNCIA-POR-SEGUIR-FORTALECIENDO-LA-TRIPLE-HE\u0301LICE-PARA-GENERAR-EMPLEOS-FORMALES-EN-CUERNAVACA-Y-EN-MORELOS-6-1536x1024.jpg 1536w, https:\/\/cuernavaca.gob.mx\/wp-content\/uploads\/2023\/10\/JOSE\u0301-LUIS-URIO\u0301STEGUI-SE-PRONUNCIA-POR-SEGUIR-FORTALECIENDO-LA-TRIPLE-HE\u0301LICE-PARA-GENERAR-EMPLEOS-FORMALES-EN-CUERNAVACA-Y-EN-MORELOS-6-600x400.jpg 600w, https:\/\/cuernavaca.gob.mx\/wp-content\/uploads\/2023\/10\/JOSE\u0301-LUIS-URIO\u0301STEGUI-SE-PRONUNCIA-POR-SEGUIR-FORTALECIENDO-LA-TRIPLE-HE\u0301LICE-PARA-GENERAR-EMPLEOS-FORMALES-EN-CUERNAVACA-Y-EN-MORELOS-6-560x373.jpg 560w, https:\/\/cuernavaca.gob.mx\/wp-content\/uploads\/2023\/10\/JOSE\u0301-LUIS-URIO\u0301STEGUI-SE-PRONUNCIA-POR-SEGUIR-FORTALECIENDO-LA-TRIPLE-HE\u0301LICE-PARA-GENERAR-EMPLEOS-FORMALES-EN-CUERNAVACA-Y-EN-MORELOS-6.jpg 1599w\" sizes=\"(max-width: 300px) 100vw, 300px\" \/> <img loading=\"lazy\" class=\"alignnone size-medium wp-image-34076\" src=\"https:\/\/cuernavaca.gob.mx\/wp-content\/uploads\/2023\/10\/JOSE\u0301-LUIS-URIO\u0301STEGUI-SE-PRONUNCIA-POR-SEGUIR-FORTALECIENDO-LA-TRIPLE-HE\u0301LICE-PARA-GENERAR-EMPLEOS-FORMALES-EN-CUERNAVACA-Y-EN-MORELOS-7-300x200.jpg\" alt=\"\" width=\"300\" height=\"200\" srcset=\"https:\/\/cuernavaca.gob.mx\/wp-content\/uploads\/2023\/10\/JOSE\u0301-LUIS-URIO\u0301STEGUI-SE-PRONUNCIA-POR-SEGUIR-FORTALECIENDO-LA-TRIPLE-HE\u0301LICE-PARA-GENERAR-EMPLEOS-FORMALES-EN-CUERNAVACA-Y-EN-MORELOS-7-300x200.jpg 300w, https:\/\/cuernavaca.gob.mx\/wp-content\/uploads\/2023\/10\/JOSE\u0301-LUIS-URIO\u0301STEGUI-SE-PRONUNCIA-POR-SEGUIR-FORTALECIENDO-LA-TRIPLE-HE\u0301LICE-PARA-GENERAR-EMPLEOS-FORMALES-EN-CUERNAVACA-Y-EN-MORELOS-7-1024x683.jpg 1024w, https:\/\/cuernavaca.gob.mx\/wp-content\/uploads\/2023\/10\/JOSE\u0301-LUIS-URIO\u0301STEGUI-SE-PRONUNCIA-POR-SEGUIR-FORTALECIENDO-LA-TRIPLE-HE\u0301LICE-PARA-GENERAR-EMPLEOS-FORMALES-EN-CUERNAVACA-Y-EN-MORELOS-7-768x512.jpg 768w, https:\/\/cuernavaca.gob.mx\/wp-content\/uploads\/2023\/10\/JOSE\u0301-LUIS-URIO\u0301STEGUI-SE-PRONUNCIA-POR-SEGUIR-FORTALECIENDO-LA-TRIPLE-HE\u0301LICE-PARA-GENERAR-EMPLEOS-FORMALES-EN-CUERNAVACA-Y-EN-MORELOS-7-1536x1024.jpg 1536w, https:\/\/cuernavaca.gob.mx\/wp-content\/uploads\/2023\/10\/JOSE\u0301-LUIS-URIO\u0301STEGUI-SE-PRONUNCIA-POR-SEGUIR-FORTALECIENDO-LA-TRIPLE-HE\u0301LICE-PARA-GENERAR-EMPLEOS-FORMALES-EN-CUERNAVACA-Y-EN-MORELOS-7-600x400.jpg 600w, https:\/\/cuernavaca.gob.mx\/wp-content\/uploads\/2023\/10\/JOSE\u0301-LUIS-URIO\u0301STEGUI-SE-PRONUNCIA-POR-SEGUIR-FORTALECIENDO-LA-TRIPLE-HE\u0301LICE-PARA-GENERAR-EMPLEOS-FORMALES-EN-CUERNAVACA-Y-EN-MORELOS-7-560x373.jpg 560w, https:\/\/cuernavaca.gob.mx\/wp-content\/uploads\/2023\/10\/JOSE\u0301-LUIS-URIO\u0301STEGUI-SE-PRONUNCIA-POR-SEGUIR-FORTALECIENDO-LA-TRIPLE-HE\u0301LICE-PARA-GENERAR-EMPLEOS-FORMALES-EN-CUERNAVACA-Y-EN-MORELOS-7.jpg 1599w\" sizes=\"(max-width: 300px) 100vw, 300px\" \/> <img loading=\"lazy\" class=\"alignnone size-medium wp-image-34077\" src=\"https:\/\/cuernavaca.gob.mx\/wp-content\/uploads\/2023\/10\/JOSE\u0301-LUIS-URIO\u0301STEGUI-SE-PRONUNCIA-POR-SEGUIR-FORTALECIENDO-LA-TRIPLE-HE\u0301LICE-PARA-GENERAR-EMPLEOS-FORMALES-EN-CUERNAVACA-Y-EN-MORELOS-8-300x200.jpg\" alt=\"\" width=\"300\" height=\"200\" srcset=\"https:\/\/cuernavaca.gob.mx\/wp-content\/uploads\/2023\/10\/JOSE\u0301-LUIS-URIO\u0301STEGUI-SE-PRONUNCIA-POR-SEGUIR-FORTALECIENDO-LA-TRIPLE-HE\u0301LICE-PARA-GENERAR-EMPLEOS-FORMALES-EN-CUERNAVACA-Y-EN-MORELOS-8-300x200.jpg 300w, https:\/\/cuernavaca.gob.mx\/wp-content\/uploads\/2023\/10\/JOSE\u0301-LUIS-URIO\u0301STEGUI-SE-PRONUNCIA-POR-SEGUIR-FORTALECIENDO-LA-TRIPLE-HE\u0301LICE-PARA-GENERAR-EMPLEOS-FORMALES-EN-CUERNAVACA-Y-EN-MORELOS-8-1024x683.jpg 1024w, https:\/\/cuernavaca.gob.mx\/wp-content\/uploads\/2023\/10\/JOSE\u0301-LUIS-URIO\u0301STEGUI-SE-PRONUNCIA-POR-SEGUIR-FORTALECIENDO-LA-TRIPLE-HE\u0301LICE-PARA-GENERAR-EMPLEOS-FORMALES-EN-CUERNAVACA-Y-EN-MORELOS-8-768x512.jpg 768w, https:\/\/cuernavaca.gob.mx\/wp-content\/uploads\/2023\/10\/JOSE\u0301-LUIS-URIO\u0301STEGUI-SE-PRONUNCIA-POR-SEGUIR-FORTALECIENDO-LA-TRIPLE-HE\u0301LICE-PARA-GENERAR-EMPLEOS-FORMALES-EN-CUERNAVACA-Y-EN-MORELOS-8-1536x1024.jpg 1536w, https:\/\/cuernavaca.gob.mx\/wp-content\/uploads\/2023\/10\/JOSE\u0301-LUIS-URIO\u0301STEGUI-SE-PRONUNCIA-POR-SEGUIR-FORTALECIENDO-LA-TRIPLE-HE\u0301LICE-PARA-GENERAR-EMPLEOS-FORMALES-EN-CUERNAVACA-Y-EN-MORELOS-8-600x400.jpg 600w, https:\/\/cuernavaca.gob.mx\/wp-content\/uploads\/2023\/10\/JOSE\u0301-LUIS-URIO\u0301STEGUI-SE-PRONUNCIA-POR-SEGUIR-FORTALECIENDO-LA-TRIPLE-HE\u0301LICE-PARA-GENERAR-EMPLEOS-FORMALES-EN-CUERNAVACA-Y-EN-MORELOS-8-560x373.jpg 560w, https:\/\/cuernavaca.gob.mx\/wp-content\/uploads\/2023\/10\/JOSE\u0301-LUIS-URIO\u0301STEGUI-SE-PRONUNCIA-POR-SEGUIR-FORTALECIENDO-LA-TRIPLE-HE\u0301LICE-PARA-GENERAR-EMPLEOS-FORMALES-EN-CUERNAVACA-Y-EN-MORELOS-8.jpg 1599w\" sizes=\"(max-width: 300px) 100vw, 300px\" \/> <img loading=\"lazy\" class=\"alignnone size-medium wp-image-34078\" src=\"https:\/\/cuernavaca.gob.mx\/wp-content\/uploads\/2023\/10\/JOSE\u0301-LUIS-URIO\u0301STEGUI-SE-PRONUNCIA-POR-SEGUIR-FORTALECIENDO-LA-TRIPLE-HE\u0301LICE-PARA-GENERAR-EMPLEOS-FORMALES-EN-CUERNAVACA-Y-EN-MORELOS-9-300x200.jpg\" alt=\"\" width=\"300\" height=\"200\" srcset=\"https:\/\/cuernavaca.gob.mx\/wp-content\/uploads\/2023\/10\/JOSE\u0301-LUIS-URIO\u0301STEGUI-SE-PRONUNCIA-POR-SEGUIR-FORTALECIENDO-LA-TRIPLE-HE\u0301LICE-PARA-GENERAR-EMPLEOS-FORMALES-EN-CUERNAVACA-Y-EN-MORELOS-9-300x200.jpg 300w, https:\/\/cuernavaca.gob.mx\/wp-content\/uploads\/2023\/10\/JOSE\u0301-LUIS-URIO\u0301STEGUI-SE-PRONUNCIA-POR-SEGUIR-FORTALECIENDO-LA-TRIPLE-HE\u0301LICE-PARA-GENERAR-EMPLEOS-FORMALES-EN-CUERNAVACA-Y-EN-MORELOS-9-1024x683.jpg 1024w, https:\/\/cuernavaca.gob.mx\/wp-content\/uploads\/2023\/10\/JOSE\u0301-LUIS-URIO\u0301STEGUI-SE-PRONUNCIA-POR-SEGUIR-FORTALECIENDO-LA-TRIPLE-HE\u0301LICE-PARA-GENERAR-EMPLEOS-FORMALES-EN-CUERNAVACA-Y-EN-MORELOS-9-768x512.jpg 768w, https:\/\/cuernavaca.gob.mx\/wp-content\/uploads\/2023\/10\/JOSE\u0301-LUIS-URIO\u0301STEGUI-SE-PRONUNCIA-POR-SEGUIR-FORTALECIENDO-LA-TRIPLE-HE\u0301LICE-PARA-GENERAR-EMPLEOS-FORMALES-EN-CUERNAVACA-Y-EN-MORELOS-9-1536x1024.jpg 1536w, https:\/\/cuernavaca.gob.mx\/wp-content\/uploads\/2023\/10\/JOSE\u0301-LUIS-URIO\u0301STEGUI-SE-PRONUNCIA-POR-SEGUIR-FORTALECIENDO-LA-TRIPLE-HE\u0301LICE-PARA-GENERAR-EMPLEOS-FORMALES-EN-CUERNAVACA-Y-EN-MORELOS-9-600x400.jpg 600w, https:\/\/cuernavaca.gob.mx\/wp-content\/uploads\/2023\/10\/JOSE\u0301-LUIS-URIO\u0301STEGUI-SE-PRONUNCIA-POR-SEGUIR-FORTALECIENDO-LA-TRIPLE-HE\u0301LICE-PARA-GENERAR-EMPLEOS-FORMALES-EN-CUERNAVACA-Y-EN-MORELOS-9-560x373.jpg 560w, https:\/\/cuernavaca.gob.mx\/wp-content\/uploads\/2023\/10\/JOSE\u0301-LUIS-URIO\u0301STEGUI-SE-PRONUNCIA-POR-SEGUIR-FORTALECIENDO-LA-TRIPLE-HE\u0301LICE-PARA-GENERAR-EMPLEOS-FORMALES-EN-CUERNAVACA-Y-EN-MORELOS-9.jpg 1599w\" sizes=\"(max-width: 300px) 100vw, 300px\" \/><\/p>\n","protected":false},"excerpt":{"rendered":"<p>\u2022 El presidente municipal de Cuernavaca particip\u00f3 este martes en la inauguraci\u00f3n de la Feria Nacional del Empleo y la Inclusi\u00f3n Laboral que tuvo como sede el campus Chamilpa de la UAEM \u2022 Precis\u00f3 que desde el Gobierno Municipal est\u00e1n generando condiciones para fortalecer la productividad y el crecimiento econ\u00f3mico de la ciudad El presidente [&hellip;]<\/p>\n","protected":false},"author":1,"featured_media":34072,"comment_status":"closed","ping_status":"open","sticky":false,"template":"","format":"standard","meta":[],"categories":[2294],"tags":[121,375,330,1737,120,206,372],"aioseo_notices":[],"_links":{"self":[{"href":"https:\/\/cuernavaca.gob.mx\/index.php?rest_route=\/wp\/v2\/posts\/34069"}],"collection":[{"href":"https:\/\/cuernavaca.gob.mx\/index.php?rest_route=\/wp\/v2\/posts"}],"about":[{"href":"https:\/\/cuernavaca.gob.mx\/index.php?rest_route=\/wp\/v2\/types\/post"}],"author":[{"embeddable":true,"href":"https:\/\/cuernavaca.gob.mx\/index.php?rest_route=\/wp\/v2\/users\/1"}],"replies":[{"embeddable":true,"href":"https:\/\/cuernavaca.gob.mx\/index.php?rest_route=%2Fwp%2Fv2%2Fcomments&post=34069"}],"version-history":[{"count":1,"href":"https:\/\/cuernavaca.gob.mx\/index.php?rest_route=\/wp\/v2\/posts\/34069\/revisions"}],"predecessor-version":[{"id":34079,"href":"https:\/\/cuernavaca.gob.mx\/index.php?rest_route=\/wp\/v2\/posts\/34069\/revisions\/34079"}],"wp:featuredmedia":[{"embeddable":true,"href":"https:\/\/cuernavaca.gob.mx\/index.php?rest_route=\/wp\/v2\/media\/34072"}],"wp:attachment":[{"href":"https:\/\/cuernavaca.gob.mx\/index.php?rest_route=%2Fwp%2Fv2%2Fmedia&parent=34069"}],"wp:term":[{"taxonomy":"category","embeddable":true,"href":"https:\/\/cuernavaca.gob.mx\/index.php?rest_route=%2Fwp%2Fv2%2Fcategories&post=34069"},{"taxonomy":"post_tag","embeddable":true,"href":"https:\/\/cuernavaca.gob.mx\/index.php?rest_route=%2Fwp%2Fv2%2Ftags&post=34069"}],"curies":[{"name":"wp","href":"https:\/\/api.w.org\/{rel}","templated":true}]}}