{"id":34164,"date":"2023-10-27T15:18:05","date_gmt":"2023-10-27T21:18:05","guid":{"rendered":"https:\/\/cuernavaca.gob.mx\/?p=34164"},"modified":"2023-10-27T15:18:05","modified_gmt":"2023-10-27T21:18:05","slug":"f559-27710-23-festival-mictlan-cuernavaca-2023-ofrecera-un-fin-de-semana-lleno-de-actividades-para-todas-las-familias","status":"publish","type":"post","link":"https:\/\/cuernavaca.gob.mx\/?p=34164","title":{"rendered":"F559 27710\/23 FESTIVAL MICTL\u00c1N CUERNAVACA 2023 OFRECER\u00c1 UN FIN DE SEMANA LLENO DE ACTIVIDADES PARA TODAS LAS FAMILIAS"},"content":{"rendered":"<p>\u00b0 Cuernavaca albergar\u00e1 el domingo 29 de octubre en punto de las 10:00 horas un Desfile y Exhibici\u00f3n de vochos y autos antiguos<\/p>\n<p>\u00b0 Adem\u00e1s, el s\u00e1bado 28 de octubre en el centro de la ciudad se realizar\u00e1 una callejoneada y un desfile de catrinas; en tanto el lunes 30 de octubre habr\u00e1 una exhibici\u00f3n de ofrendas en la sede Papagayo<\/p>\n<p>Como parte de la variedad de actividades que ofrece el Festival de D\u00eda de Muertos Mictl\u00e1n 2023, la Secretar\u00eda de Desarrollo Econ\u00f3mico y Turismo del Ayuntamiento de Cuernavaca, invita este pr\u00f3ximo domingo 29 de octubre al desfile y exhibici\u00f3n de vochos y autos antiguos, que por primera ocasi\u00f3n estar\u00e1n presentes en la capital morelense para el deleite de cientos de personas, evento que es un atractivo m\u00e1s para visitantes nacionales y extranjeros.<\/p>\n<p>El desfile iniciar\u00e1 a partir de las 10:00 horas de las escalinatas de Plaza de Armas en el Centro Hist\u00f3rico, pasando por calles Guerrero y Carlos Cuaglia, avenida R\u00edo Balsas y calle Reforma hasta incorporarse a avenida San Diego para llegar a la ciclopista donde ser\u00e1 la exhibici\u00f3n de los veh\u00edculos cl\u00e1sicos, espec\u00edficamente en calle Juan Pablo II frente a City Market.<\/p>\n<p>Aqu\u00ed se contar\u00e1 con stands de artesanos que exhibir\u00e1n y ofertar\u00e1n sus productos, as\u00ed como habr\u00e1 m\u00fasica en vivo armonizando una tarde llena de convivencia familiar, con la finalidad de que aficionados y coleccionistas compartan la admiraci\u00f3n por los autos antiguos, pero tambi\u00e9n buscando atraer a nuevas generaciones, fomentando la apropiaci\u00f3n de espacios p\u00fablicos en comunidad.<\/p>\n<p>Con el prop\u00f3sito de promover y preservar las tradiciones mexicanas, el s\u00e1bado 28 de octubre en punto de las 18:00 horas las principales calles del Centro Hist\u00f3rico se llenar\u00e1n de algarab\u00eda con una callejoneada, que partir\u00e1 de la Iglesia del Calvario al pante\u00f3n de la Leona, contando con la participaci\u00f3n de tunas, estudiantinas y rondallas.<\/p>\n<p>A esta misma hora el Ayuntamiento de Cuernavaca, a trav\u00e9s del regidor Adri\u00e1n Mart\u00ednez Terrazas, llevar\u00e1 a cabo un desfile de Catrinas, el cual iniciar\u00e1 en calle Motolin\u00eda, esquina con avenida Morelos Sur a la Iglesia del Calvario para bajar por calle Matamoros y concluir en calle Hidalgo a la altura de las Escalinatas de Cuernavaca.<\/p>\n<p>Continuando con las costumbres mexicanas, la sede Papagayo del Gobierno Municipal abrir\u00e1 sus puertas este pr\u00f3ximo lunes 30 de octubre a las 11:00 horas para que la poblaci\u00f3n en general disfrute del 2do. Concurso Intersecretarial de Ofrendas, donde adem\u00e1s de observar la originalidad y creatividad de todas las Secretar\u00edas, Sindicatura y Regidur\u00edas, ni\u00f1as y ni\u00f1os podr\u00e1n pedir calaverita en cada una de las ofrendas.<\/p>\n<p><img loading=\"lazy\" class=\"alignnone size-medium wp-image-34165\" src=\"https:\/\/cuernavaca.gob.mx\/wp-content\/uploads\/2023\/10\/FESTIVAL-MICTLA\u0301N-CUERNAVACA-2023-OFRECERA\u0301-UN-FIN-DE-SEMANA-LLENO-DE-ACTIVIDADES-PARA-TODAS-LAS-FAMILIAS-1-300x300.jpg\" alt=\"\" width=\"300\" height=\"300\" srcset=\"https:\/\/cuernavaca.gob.mx\/wp-content\/uploads\/2023\/10\/FESTIVAL-MICTLA\u0301N-CUERNAVACA-2023-OFRECERA\u0301-UN-FIN-DE-SEMANA-LLENO-DE-ACTIVIDADES-PARA-TODAS-LAS-FAMILIAS-1-300x300.jpg 300w, https:\/\/cuernavaca.gob.mx\/wp-content\/uploads\/2023\/10\/FESTIVAL-MICTLA\u0301N-CUERNAVACA-2023-OFRECERA\u0301-UN-FIN-DE-SEMANA-LLENO-DE-ACTIVIDADES-PARA-TODAS-LAS-FAMILIAS-1-1024x1024.jpg 1024w, https:\/\/cuernavaca.gob.mx\/wp-content\/uploads\/2023\/10\/FESTIVAL-MICTLA\u0301N-CUERNAVACA-2023-OFRECERA\u0301-UN-FIN-DE-SEMANA-LLENO-DE-ACTIVIDADES-PARA-TODAS-LAS-FAMILIAS-1-150x150.jpg 150w, https:\/\/cuernavaca.gob.mx\/wp-content\/uploads\/2023\/10\/FESTIVAL-MICTLA\u0301N-CUERNAVACA-2023-OFRECERA\u0301-UN-FIN-DE-SEMANA-LLENO-DE-ACTIVIDADES-PARA-TODAS-LAS-FAMILIAS-1-768x768.jpg 768w, https:\/\/cuernavaca.gob.mx\/wp-content\/uploads\/2023\/10\/FESTIVAL-MICTLA\u0301N-CUERNAVACA-2023-OFRECERA\u0301-UN-FIN-DE-SEMANA-LLENO-DE-ACTIVIDADES-PARA-TODAS-LAS-FAMILIAS-1-600x600.jpg 600w, https:\/\/cuernavaca.gob.mx\/wp-content\/uploads\/2023\/10\/FESTIVAL-MICTLA\u0301N-CUERNAVACA-2023-OFRECERA\u0301-UN-FIN-DE-SEMANA-LLENO-DE-ACTIVIDADES-PARA-TODAS-LAS-FAMILIAS-1-560x560.jpg 560w, https:\/\/cuernavaca.gob.mx\/wp-content\/uploads\/2023\/10\/FESTIVAL-MICTLA\u0301N-CUERNAVACA-2023-OFRECERA\u0301-UN-FIN-DE-SEMANA-LLENO-DE-ACTIVIDADES-PARA-TODAS-LAS-FAMILIAS-1.jpg 1080w\" sizes=\"(max-width: 300px) 100vw, 300px\" \/> <img loading=\"lazy\" class=\"alignnone size-medium wp-image-34166\" src=\"https:\/\/cuernavaca.gob.mx\/wp-content\/uploads\/2023\/10\/FESTIVAL-MICTLA\u0301N-CUERNAVACA-2023-OFRECERA\u0301-UN-FIN-DE-SEMANA-LLENO-DE-ACTIVIDADES-PARA-TODAS-LAS-FAMILIAS-2-300x231.jpg\" alt=\"\" width=\"300\" height=\"231\" srcset=\"https:\/\/cuernavaca.gob.mx\/wp-content\/uploads\/2023\/10\/FESTIVAL-MICTLA\u0301N-CUERNAVACA-2023-OFRECERA\u0301-UN-FIN-DE-SEMANA-LLENO-DE-ACTIVIDADES-PARA-TODAS-LAS-FAMILIAS-2-300x231.jpg 300w, https:\/\/cuernavaca.gob.mx\/wp-content\/uploads\/2023\/10\/FESTIVAL-MICTLA\u0301N-CUERNAVACA-2023-OFRECERA\u0301-UN-FIN-DE-SEMANA-LLENO-DE-ACTIVIDADES-PARA-TODAS-LAS-FAMILIAS-2-1024x788.jpg 1024w, https:\/\/cuernavaca.gob.mx\/wp-content\/uploads\/2023\/10\/FESTIVAL-MICTLA\u0301N-CUERNAVACA-2023-OFRECERA\u0301-UN-FIN-DE-SEMANA-LLENO-DE-ACTIVIDADES-PARA-TODAS-LAS-FAMILIAS-2-768x591.jpg 768w, https:\/\/cuernavaca.gob.mx\/wp-content\/uploads\/2023\/10\/FESTIVAL-MICTLA\u0301N-CUERNAVACA-2023-OFRECERA\u0301-UN-FIN-DE-SEMANA-LLENO-DE-ACTIVIDADES-PARA-TODAS-LAS-FAMILIAS-2-600x462.jpg 600w, https:\/\/cuernavaca.gob.mx\/wp-content\/uploads\/2023\/10\/FESTIVAL-MICTLA\u0301N-CUERNAVACA-2023-OFRECERA\u0301-UN-FIN-DE-SEMANA-LLENO-DE-ACTIVIDADES-PARA-TODAS-LAS-FAMILIAS-2-560x431.jpg 560w, https:\/\/cuernavaca.gob.mx\/wp-content\/uploads\/2023\/10\/FESTIVAL-MICTLA\u0301N-CUERNAVACA-2023-OFRECERA\u0301-UN-FIN-DE-SEMANA-LLENO-DE-ACTIVIDADES-PARA-TODAS-LAS-FAMILIAS-2.jpg 1080w\" sizes=\"(max-width: 300px) 100vw, 300px\" \/> <img loading=\"lazy\" class=\"alignnone size-medium wp-image-34167\" src=\"https:\/\/cuernavaca.gob.mx\/wp-content\/uploads\/2023\/10\/FESTIVAL-MICTLA\u0301N-CUERNAVACA-2023-OFRECERA\u0301-UN-FIN-DE-SEMANA-LLENO-DE-ACTIVIDADES-PARA-TODAS-LAS-FAMILIAS-3-230x300.jpg\" alt=\"\" width=\"230\" height=\"300\" srcset=\"https:\/\/cuernavaca.gob.mx\/wp-content\/uploads\/2023\/10\/FESTIVAL-MICTLA\u0301N-CUERNAVACA-2023-OFRECERA\u0301-UN-FIN-DE-SEMANA-LLENO-DE-ACTIVIDADES-PARA-TODAS-LAS-FAMILIAS-3-230x300.jpg 230w, https:\/\/cuernavaca.gob.mx\/wp-content\/uploads\/2023\/10\/FESTIVAL-MICTLA\u0301N-CUERNAVACA-2023-OFRECERA\u0301-UN-FIN-DE-SEMANA-LLENO-DE-ACTIVIDADES-PARA-TODAS-LAS-FAMILIAS-3-786x1024.jpg 786w, https:\/\/cuernavaca.gob.mx\/wp-content\/uploads\/2023\/10\/FESTIVAL-MICTLA\u0301N-CUERNAVACA-2023-OFRECERA\u0301-UN-FIN-DE-SEMANA-LLENO-DE-ACTIVIDADES-PARA-TODAS-LAS-FAMILIAS-3-768x1001.jpg 768w, https:\/\/cuernavaca.gob.mx\/wp-content\/uploads\/2023\/10\/FESTIVAL-MICTLA\u0301N-CUERNAVACA-2023-OFRECERA\u0301-UN-FIN-DE-SEMANA-LLENO-DE-ACTIVIDADES-PARA-TODAS-LAS-FAMILIAS-3-461x600.jpg 461w, https:\/\/cuernavaca.gob.mx\/wp-content\/uploads\/2023\/10\/FESTIVAL-MICTLA\u0301N-CUERNAVACA-2023-OFRECERA\u0301-UN-FIN-DE-SEMANA-LLENO-DE-ACTIVIDADES-PARA-TODAS-LAS-FAMILIAS-3-430x560.jpg 430w, https:\/\/cuernavaca.gob.mx\/wp-content\/uploads\/2023\/10\/FESTIVAL-MICTLA\u0301N-CUERNAVACA-2023-OFRECERA\u0301-UN-FIN-DE-SEMANA-LLENO-DE-ACTIVIDADES-PARA-TODAS-LAS-FAMILIAS-3.jpg 1080w\" sizes=\"(max-width: 230px) 100vw, 230px\" \/> <img loading=\"lazy\" class=\"alignnone size-medium wp-image-34168\" src=\"https:\/\/cuernavaca.gob.mx\/wp-content\/uploads\/2023\/10\/FESTIVAL-MICTLA\u0301N-CUERNAVACA-2023-OFRECERA\u0301-UN-FIN-DE-SEMANA-LLENO-DE-ACTIVIDADES-PARA-TODAS-LAS-FAMILIAS-4-300x300.jpg\" alt=\"\" width=\"300\" height=\"300\" srcset=\"https:\/\/cuernavaca.gob.mx\/wp-content\/uploads\/2023\/10\/FESTIVAL-MICTLA\u0301N-CUERNAVACA-2023-OFRECERA\u0301-UN-FIN-DE-SEMANA-LLENO-DE-ACTIVIDADES-PARA-TODAS-LAS-FAMILIAS-4-300x300.jpg 300w, https:\/\/cuernavaca.gob.mx\/wp-content\/uploads\/2023\/10\/FESTIVAL-MICTLA\u0301N-CUERNAVACA-2023-OFRECERA\u0301-UN-FIN-DE-SEMANA-LLENO-DE-ACTIVIDADES-PARA-TODAS-LAS-FAMILIAS-4-1024x1024.jpg 1024w, https:\/\/cuernavaca.gob.mx\/wp-content\/uploads\/2023\/10\/FESTIVAL-MICTLA\u0301N-CUERNAVACA-2023-OFRECERA\u0301-UN-FIN-DE-SEMANA-LLENO-DE-ACTIVIDADES-PARA-TODAS-LAS-FAMILIAS-4-150x150.jpg 150w, https:\/\/cuernavaca.gob.mx\/wp-content\/uploads\/2023\/10\/FESTIVAL-MICTLA\u0301N-CUERNAVACA-2023-OFRECERA\u0301-UN-FIN-DE-SEMANA-LLENO-DE-ACTIVIDADES-PARA-TODAS-LAS-FAMILIAS-4-768x768.jpg 768w, https:\/\/cuernavaca.gob.mx\/wp-content\/uploads\/2023\/10\/FESTIVAL-MICTLA\u0301N-CUERNAVACA-2023-OFRECERA\u0301-UN-FIN-DE-SEMANA-LLENO-DE-ACTIVIDADES-PARA-TODAS-LAS-FAMILIAS-4-600x600.jpg 600w, https:\/\/cuernavaca.gob.mx\/wp-content\/uploads\/2023\/10\/FESTIVAL-MICTLA\u0301N-CUERNAVACA-2023-OFRECERA\u0301-UN-FIN-DE-SEMANA-LLENO-DE-ACTIVIDADES-PARA-TODAS-LAS-FAMILIAS-4-560x560.jpg 560w, https:\/\/cuernavaca.gob.mx\/wp-content\/uploads\/2023\/10\/FESTIVAL-MICTLA\u0301N-CUERNAVACA-2023-OFRECERA\u0301-UN-FIN-DE-SEMANA-LLENO-DE-ACTIVIDADES-PARA-TODAS-LAS-FAMILIAS-4.jpg 1080w\" sizes=\"(max-width: 300px) 100vw, 300px\" \/> <img loading=\"lazy\" class=\"alignnone size-medium wp-image-34169\" src=\"https:\/\/cuernavaca.gob.mx\/wp-content\/uploads\/2023\/10\/FESTIVAL-MICTLA\u0301N-CUERNAVACA-2023-OFRECERA\u0301-UN-FIN-DE-SEMANA-LLENO-DE-ACTIVIDADES-PARA-TODAS-LAS-FAMILIAS-5-300x300.jpg\" alt=\"\" width=\"300\" height=\"300\" srcset=\"https:\/\/cuernavaca.gob.mx\/wp-content\/uploads\/2023\/10\/FESTIVAL-MICTLA\u0301N-CUERNAVACA-2023-OFRECERA\u0301-UN-FIN-DE-SEMANA-LLENO-DE-ACTIVIDADES-PARA-TODAS-LAS-FAMILIAS-5-300x300.jpg 300w, https:\/\/cuernavaca.gob.mx\/wp-content\/uploads\/2023\/10\/FESTIVAL-MICTLA\u0301N-CUERNAVACA-2023-OFRECERA\u0301-UN-FIN-DE-SEMANA-LLENO-DE-ACTIVIDADES-PARA-TODAS-LAS-FAMILIAS-5-1024x1024.jpg 1024w, https:\/\/cuernavaca.gob.mx\/wp-content\/uploads\/2023\/10\/FESTIVAL-MICTLA\u0301N-CUERNAVACA-2023-OFRECERA\u0301-UN-FIN-DE-SEMANA-LLENO-DE-ACTIVIDADES-PARA-TODAS-LAS-FAMILIAS-5-150x150.jpg 150w, https:\/\/cuernavaca.gob.mx\/wp-content\/uploads\/2023\/10\/FESTIVAL-MICTLA\u0301N-CUERNAVACA-2023-OFRECERA\u0301-UN-FIN-DE-SEMANA-LLENO-DE-ACTIVIDADES-PARA-TODAS-LAS-FAMILIAS-5-768x768.jpg 768w, https:\/\/cuernavaca.gob.mx\/wp-content\/uploads\/2023\/10\/FESTIVAL-MICTLA\u0301N-CUERNAVACA-2023-OFRECERA\u0301-UN-FIN-DE-SEMANA-LLENO-DE-ACTIVIDADES-PARA-TODAS-LAS-FAMILIAS-5-600x600.jpg 600w, https:\/\/cuernavaca.gob.mx\/wp-content\/uploads\/2023\/10\/FESTIVAL-MICTLA\u0301N-CUERNAVACA-2023-OFRECERA\u0301-UN-FIN-DE-SEMANA-LLENO-DE-ACTIVIDADES-PARA-TODAS-LAS-FAMILIAS-5-560x560.jpg 560w, https:\/\/cuernavaca.gob.mx\/wp-content\/uploads\/2023\/10\/FESTIVAL-MICTLA\u0301N-CUERNAVACA-2023-OFRECERA\u0301-UN-FIN-DE-SEMANA-LLENO-DE-ACTIVIDADES-PARA-TODAS-LAS-FAMILIAS-5.jpg 1080w\" sizes=\"(max-width: 300px) 100vw, 300px\" \/> <img loading=\"lazy\" class=\"alignnone size-medium wp-image-34170\" src=\"https:\/\/cuernavaca.gob.mx\/wp-content\/uploads\/2023\/10\/FESTIVAL-MICTLA\u0301N-CUERNAVACA-2023-OFRECERA\u0301-UN-FIN-DE-SEMANA-LLENO-DE-ACTIVIDADES-PARA-TODAS-LAS-FAMILIAS-6-300x231.jpg\" alt=\"\" width=\"300\" height=\"231\" srcset=\"https:\/\/cuernavaca.gob.mx\/wp-content\/uploads\/2023\/10\/FESTIVAL-MICTLA\u0301N-CUERNAVACA-2023-OFRECERA\u0301-UN-FIN-DE-SEMANA-LLENO-DE-ACTIVIDADES-PARA-TODAS-LAS-FAMILIAS-6-300x231.jpg 300w, https:\/\/cuernavaca.gob.mx\/wp-content\/uploads\/2023\/10\/FESTIVAL-MICTLA\u0301N-CUERNAVACA-2023-OFRECERA\u0301-UN-FIN-DE-SEMANA-LLENO-DE-ACTIVIDADES-PARA-TODAS-LAS-FAMILIAS-6-1024x788.jpg 1024w, https:\/\/cuernavaca.gob.mx\/wp-content\/uploads\/2023\/10\/FESTIVAL-MICTLA\u0301N-CUERNAVACA-2023-OFRECERA\u0301-UN-FIN-DE-SEMANA-LLENO-DE-ACTIVIDADES-PARA-TODAS-LAS-FAMILIAS-6-768x591.jpg 768w, https:\/\/cuernavaca.gob.mx\/wp-content\/uploads\/2023\/10\/FESTIVAL-MICTLA\u0301N-CUERNAVACA-2023-OFRECERA\u0301-UN-FIN-DE-SEMANA-LLENO-DE-ACTIVIDADES-PARA-TODAS-LAS-FAMILIAS-6-600x462.jpg 600w, https:\/\/cuernavaca.gob.mx\/wp-content\/uploads\/2023\/10\/FESTIVAL-MICTLA\u0301N-CUERNAVACA-2023-OFRECERA\u0301-UN-FIN-DE-SEMANA-LLENO-DE-ACTIVIDADES-PARA-TODAS-LAS-FAMILIAS-6-560x431.jpg 560w, https:\/\/cuernavaca.gob.mx\/wp-content\/uploads\/2023\/10\/FESTIVAL-MICTLA\u0301N-CUERNAVACA-2023-OFRECERA\u0301-UN-FIN-DE-SEMANA-LLENO-DE-ACTIVIDADES-PARA-TODAS-LAS-FAMILIAS-6.jpg 1080w\" sizes=\"(max-width: 300px) 100vw, 300px\" \/> <img loading=\"lazy\" class=\"alignnone size-medium wp-image-34171\" src=\"https:\/\/cuernavaca.gob.mx\/wp-content\/uploads\/2023\/10\/FESTIVAL-MICTLA\u0301N-CUERNAVACA-2023-OFRECERA\u0301-UN-FIN-DE-SEMANA-LLENO-DE-ACTIVIDADES-PARA-TODAS-LAS-FAMILIAS-7-194x300.jpg\" alt=\"\" width=\"194\" height=\"300\" srcset=\"https:\/\/cuernavaca.gob.mx\/wp-content\/uploads\/2023\/10\/FESTIVAL-MICTLA\u0301N-CUERNAVACA-2023-OFRECERA\u0301-UN-FIN-DE-SEMANA-LLENO-DE-ACTIVIDADES-PARA-TODAS-LAS-FAMILIAS-7-194x300.jpg 194w, https:\/\/cuernavaca.gob.mx\/wp-content\/uploads\/2023\/10\/FESTIVAL-MICTLA\u0301N-CUERNAVACA-2023-OFRECERA\u0301-UN-FIN-DE-SEMANA-LLENO-DE-ACTIVIDADES-PARA-TODAS-LAS-FAMILIAS-7-663x1024.jpg 663w, https:\/\/cuernavaca.gob.mx\/wp-content\/uploads\/2023\/10\/FESTIVAL-MICTLA\u0301N-CUERNAVACA-2023-OFRECERA\u0301-UN-FIN-DE-SEMANA-LLENO-DE-ACTIVIDADES-PARA-TODAS-LAS-FAMILIAS-7-768x1187.jpg 768w, https:\/\/cuernavaca.gob.mx\/wp-content\/uploads\/2023\/10\/FESTIVAL-MICTLA\u0301N-CUERNAVACA-2023-OFRECERA\u0301-UN-FIN-DE-SEMANA-LLENO-DE-ACTIVIDADES-PARA-TODAS-LAS-FAMILIAS-7-994x1536.jpg 994w, https:\/\/cuernavaca.gob.mx\/wp-content\/uploads\/2023\/10\/FESTIVAL-MICTLA\u0301N-CUERNAVACA-2023-OFRECERA\u0301-UN-FIN-DE-SEMANA-LLENO-DE-ACTIVIDADES-PARA-TODAS-LAS-FAMILIAS-7-388x600.jpg 388w, https:\/\/cuernavaca.gob.mx\/wp-content\/uploads\/2023\/10\/FESTIVAL-MICTLA\u0301N-CUERNAVACA-2023-OFRECERA\u0301-UN-FIN-DE-SEMANA-LLENO-DE-ACTIVIDADES-PARA-TODAS-LAS-FAMILIAS-7-362x560.jpg 362w, https:\/\/cuernavaca.gob.mx\/wp-content\/uploads\/2023\/10\/FESTIVAL-MICTLA\u0301N-CUERNAVACA-2023-OFRECERA\u0301-UN-FIN-DE-SEMANA-LLENO-DE-ACTIVIDADES-PARA-TODAS-LAS-FAMILIAS-7.jpg 1080w\" sizes=\"(max-width: 194px) 100vw, 194px\" \/> <img loading=\"lazy\" class=\"alignnone size-medium wp-image-34172\" src=\"https:\/\/cuernavaca.gob.mx\/wp-content\/uploads\/2023\/10\/FESTIVAL-MICTLA\u0301N-CUERNAVACA-2023-OFRECERA\u0301-UN-FIN-DE-SEMANA-LLENO-DE-ACTIVIDADES-PARA-TODAS-LAS-FAMILIAS-8-194x300.jpg\" alt=\"\" width=\"194\" height=\"300\" srcset=\"https:\/\/cuernavaca.gob.mx\/wp-content\/uploads\/2023\/10\/FESTIVAL-MICTLA\u0301N-CUERNAVACA-2023-OFRECERA\u0301-UN-FIN-DE-SEMANA-LLENO-DE-ACTIVIDADES-PARA-TODAS-LAS-FAMILIAS-8-194x300.jpg 194w, https:\/\/cuernavaca.gob.mx\/wp-content\/uploads\/2023\/10\/FESTIVAL-MICTLA\u0301N-CUERNAVACA-2023-OFRECERA\u0301-UN-FIN-DE-SEMANA-LLENO-DE-ACTIVIDADES-PARA-TODAS-LAS-FAMILIAS-8-662x1024.jpg 662w, https:\/\/cuernavaca.gob.mx\/wp-content\/uploads\/2023\/10\/FESTIVAL-MICTLA\u0301N-CUERNAVACA-2023-OFRECERA\u0301-UN-FIN-DE-SEMANA-LLENO-DE-ACTIVIDADES-PARA-TODAS-LAS-FAMILIAS-8-768x1189.jpg 768w, https:\/\/cuernavaca.gob.mx\/wp-content\/uploads\/2023\/10\/FESTIVAL-MICTLA\u0301N-CUERNAVACA-2023-OFRECERA\u0301-UN-FIN-DE-SEMANA-LLENO-DE-ACTIVIDADES-PARA-TODAS-LAS-FAMILIAS-8-388x600.jpg 388w, https:\/\/cuernavaca.gob.mx\/wp-content\/uploads\/2023\/10\/FESTIVAL-MICTLA\u0301N-CUERNAVACA-2023-OFRECERA\u0301-UN-FIN-DE-SEMANA-LLENO-DE-ACTIVIDADES-PARA-TODAS-LAS-FAMILIAS-8-362x560.jpg 362w, https:\/\/cuernavaca.gob.mx\/wp-content\/uploads\/2023\/10\/FESTIVAL-MICTLA\u0301N-CUERNAVACA-2023-OFRECERA\u0301-UN-FIN-DE-SEMANA-LLENO-DE-ACTIVIDADES-PARA-TODAS-LAS-FAMILIAS-8.jpg 827w\" sizes=\"(max-width: 194px) 100vw, 194px\" \/> <img loading=\"lazy\" class=\"alignnone size-medium wp-image-34173\" src=\"https:\/\/cuernavaca.gob.mx\/wp-content\/uploads\/2023\/10\/FESTIVAL-MICTLA\u0301N-CUERNAVACA-2023-OFRECERA\u0301-UN-FIN-DE-SEMANA-LLENO-DE-ACTIVIDADES-PARA-TODAS-LAS-FAMILIAS-9-300x231.jpg\" alt=\"\" width=\"300\" height=\"231\" srcset=\"https:\/\/cuernavaca.gob.mx\/wp-content\/uploads\/2023\/10\/FESTIVAL-MICTLA\u0301N-CUERNAVACA-2023-OFRECERA\u0301-UN-FIN-DE-SEMANA-LLENO-DE-ACTIVIDADES-PARA-TODAS-LAS-FAMILIAS-9-300x231.jpg 300w, https:\/\/cuernavaca.gob.mx\/wp-content\/uploads\/2023\/10\/FESTIVAL-MICTLA\u0301N-CUERNAVACA-2023-OFRECERA\u0301-UN-FIN-DE-SEMANA-LLENO-DE-ACTIVIDADES-PARA-TODAS-LAS-FAMILIAS-9-1024x788.jpg 1024w, https:\/\/cuernavaca.gob.mx\/wp-content\/uploads\/2023\/10\/FESTIVAL-MICTLA\u0301N-CUERNAVACA-2023-OFRECERA\u0301-UN-FIN-DE-SEMANA-LLENO-DE-ACTIVIDADES-PARA-TODAS-LAS-FAMILIAS-9-768x591.jpg 768w, https:\/\/cuernavaca.gob.mx\/wp-content\/uploads\/2023\/10\/FESTIVAL-MICTLA\u0301N-CUERNAVACA-2023-OFRECERA\u0301-UN-FIN-DE-SEMANA-LLENO-DE-ACTIVIDADES-PARA-TODAS-LAS-FAMILIAS-9-600x462.jpg 600w, https:\/\/cuernavaca.gob.mx\/wp-content\/uploads\/2023\/10\/FESTIVAL-MICTLA\u0301N-CUERNAVACA-2023-OFRECERA\u0301-UN-FIN-DE-SEMANA-LLENO-DE-ACTIVIDADES-PARA-TODAS-LAS-FAMILIAS-9-560x431.jpg 560w, https:\/\/cuernavaca.gob.mx\/wp-content\/uploads\/2023\/10\/FESTIVAL-MICTLA\u0301N-CUERNAVACA-2023-OFRECERA\u0301-UN-FIN-DE-SEMANA-LLENO-DE-ACTIVIDADES-PARA-TODAS-LAS-FAMILIAS-9.jpg 1080w\" sizes=\"(max-width: 300px) 100vw, 300px\" \/> <img loading=\"lazy\" class=\"alignnone size-medium wp-image-34174\" src=\"https:\/\/cuernavaca.gob.mx\/wp-content\/uploads\/2023\/10\/FESTIVAL-MICTLA\u0301N-CUERNAVACA-2023-OFRECERA\u0301-UN-FIN-DE-SEMANA-LLENO-DE-ACTIVIDADES-PARA-TODAS-LAS-FAMILIAS-10-232x300.jpg\" alt=\"\" width=\"232\" height=\"300\" srcset=\"https:\/\/cuernavaca.gob.mx\/wp-content\/uploads\/2023\/10\/FESTIVAL-MICTLA\u0301N-CUERNAVACA-2023-OFRECERA\u0301-UN-FIN-DE-SEMANA-LLENO-DE-ACTIVIDADES-PARA-TODAS-LAS-FAMILIAS-10-232x300.jpg 232w, https:\/\/cuernavaca.gob.mx\/wp-content\/uploads\/2023\/10\/FESTIVAL-MICTLA\u0301N-CUERNAVACA-2023-OFRECERA\u0301-UN-FIN-DE-SEMANA-LLENO-DE-ACTIVIDADES-PARA-TODAS-LAS-FAMILIAS-10-791x1024.jpg 791w, https:\/\/cuernavaca.gob.mx\/wp-content\/uploads\/2023\/10\/FESTIVAL-MICTLA\u0301N-CUERNAVACA-2023-OFRECERA\u0301-UN-FIN-DE-SEMANA-LLENO-DE-ACTIVIDADES-PARA-TODAS-LAS-FAMILIAS-10-768x994.jpg 768w, https:\/\/cuernavaca.gob.mx\/wp-content\/uploads\/2023\/10\/FESTIVAL-MICTLA\u0301N-CUERNAVACA-2023-OFRECERA\u0301-UN-FIN-DE-SEMANA-LLENO-DE-ACTIVIDADES-PARA-TODAS-LAS-FAMILIAS-10-464x600.jpg 464w, https:\/\/cuernavaca.gob.mx\/wp-content\/uploads\/2023\/10\/FESTIVAL-MICTLA\u0301N-CUERNAVACA-2023-OFRECERA\u0301-UN-FIN-DE-SEMANA-LLENO-DE-ACTIVIDADES-PARA-TODAS-LAS-FAMILIAS-10-433x560.jpg 433w, https:\/\/cuernavaca.gob.mx\/wp-content\/uploads\/2023\/10\/FESTIVAL-MICTLA\u0301N-CUERNAVACA-2023-OFRECERA\u0301-UN-FIN-DE-SEMANA-LLENO-DE-ACTIVIDADES-PARA-TODAS-LAS-FAMILIAS-10.jpg 1080w\" sizes=\"(max-width: 232px) 100vw, 232px\" \/><\/p>\n","protected":false},"excerpt":{"rendered":"<p>\u00b0 Cuernavaca albergar\u00e1 el domingo 29 de octubre en punto de las 10:00 horas un Desfile y Exhibici\u00f3n de vochos y autos antiguos \u00b0 Adem\u00e1s, el s\u00e1bado 28 de octubre en el centro de la ciudad se realizar\u00e1 una callejoneada y un desfile de catrinas; en tanto el lunes 30 de octubre habr\u00e1 una exhibici\u00f3n [&hellip;]<\/p>\n","protected":false},"author":1,"featured_media":34174,"comment_status":"closed","ping_status":"open","sticky":false,"template":"","format":"standard","meta":[],"categories":[2292],"tags":[121,2490,120,2267,206,127,2225],"aioseo_notices":[],"_links":{"self":[{"href":"https:\/\/cuernavaca.gob.mx\/index.php?rest_route=\/wp\/v2\/posts\/34164"}],"collection":[{"href":"https:\/\/cuernavaca.gob.mx\/index.php?rest_route=\/wp\/v2\/posts"}],"about":[{"href":"https:\/\/cuernavaca.gob.mx\/index.php?rest_route=\/wp\/v2\/types\/post"}],"author":[{"embeddable":true,"href":"https:\/\/cuernavaca.gob.mx\/index.php?rest_route=\/wp\/v2\/users\/1"}],"replies":[{"embeddable":true,"href":"https:\/\/cuernavaca.gob.mx\/index.php?rest_route=%2Fwp%2Fv2%2Fcomments&post=34164"}],"version-history":[{"count":1,"href":"https:\/\/cuernavaca.gob.mx\/index.php?rest_route=\/wp\/v2\/posts\/34164\/revisions"}],"predecessor-version":[{"id":34175,"href":"https:\/\/cuernavaca.gob.mx\/index.php?rest_route=\/wp\/v2\/posts\/34164\/revisions\/34175"}],"wp:featuredmedia":[{"embeddable":true,"href":"https:\/\/cuernavaca.gob.mx\/index.php?rest_route=\/wp\/v2\/media\/34174"}],"wp:attachment":[{"href":"https:\/\/cuernavaca.gob.mx\/index.php?rest_route=%2Fwp%2Fv2%2Fmedia&parent=34164"}],"wp:term":[{"taxonomy":"category","embeddable":true,"href":"https:\/\/cuernavaca.gob.mx\/index.php?rest_route=%2Fwp%2Fv2%2Fcategories&post=34164"},{"taxonomy":"post_tag","embeddable":true,"href":"https:\/\/cuernavaca.gob.mx\/index.php?rest_route=%2Fwp%2Fv2%2Ftags&post=34164"}],"curies":[{"name":"wp","href":"https:\/\/api.w.org\/{rel}","templated":true}]}}