{"id":34176,"date":"2023-10-27T16:00:22","date_gmt":"2023-10-27T22:00:22","guid":{"rendered":"https:\/\/cuernavaca.gob.mx\/?p=34176"},"modified":"2023-10-27T16:51:34","modified_gmt":"2023-10-27T22:51:34","slug":"b1363-27-10-23-avanza-secretaria-de-desarrollo-urbano-y-obras-publicas-de-cuernavaca-en-trabajos-de-rehabilitacion-de-avenida-universidad","status":"publish","type":"post","link":"https:\/\/cuernavaca.gob.mx\/?p=34176","title":{"rendered":"B1363 27\/10\/23 AVANZA SECRETAR\u00cdA DE DESARROLLO URBANO Y OBRAS P\u00daBLICAS DE CUERNAVACA EN TRABAJOS DE REHABILITACI\u00d3N DE AVENIDA UNIVERSIDAD"},"content":{"rendered":"<p><strong>* Los trabajos de fresado y tendido de carpeta asf\u00e1ltica continuar\u00e1n este fin de semana en un horario de las 22:00 horas hasta las 04:00 horas, a fin de evitar mayores afectaciones<\/strong><\/p>\n<p><strong>* Posteriormente, dar\u00e1n inicio a la rehabilitaci\u00f3n con concreto hidr\u00e1ulico del tramo frente a la Unidad Deportiva Centenario, que es la zona m\u00e1s da\u00f1ada<\/strong><\/p>\n<p>Con el objetivo de facilitar la movilidad y favorecer al comercio y habitantes en la zona, la madrugada de este viernes la Secretar\u00eda de Desarrollo Urbano y Obras P\u00fablicas del Ayuntamiento de Cuernavaca arranc\u00f3 con los trabajos de fresado y tendido de carpeta asf\u00e1ltica en avenida Universidad, partiendo en esta primera etapa con el tramo de la rejilla a la altura del Instituto Nacional de Salud P\u00fablica (INSP) a la panificadora de El Sol.<\/p>\n<p>Los trabajos ser\u00e1n nocturnos e iniciar\u00e1n a partir de las 22:00 horas hasta las 04:00 horas, a fin de evitar mayores afectaciones a la poblaci\u00f3n; el secretario de Desarrollo Urbano y Obras P\u00fablicas del municipio de Cuernavaca, Demetrio Chavira de la Torre, inform\u00f3 que durante este fin de semana los trabajos de asfaltado continuar\u00e1n en los tramos ya establecidos.<\/p>\n<p>Detall\u00f3 que la rehabilitaci\u00f3n de avenida Universidad tendr\u00e1 distintos trabajos, ya que existen algunos tramos m\u00e1s afectados y que necesitan de concreto hidr\u00e1ulico con una resistencia superior, como es la zona frente a la Unidad Deportiva Centenario, misma que depender\u00e1 de pruebas de compactaci\u00f3n y que iniciar\u00e1n una vez que concluyan el asfaltado.<\/p>\n<p>Demetrio Chavira se\u00f1al\u00f3 que calculan que en una semana se termina el proceso de asfaltado que ser\u00e1 colocado tambi\u00e9n en el acceso a avenida Universidad a la altura del Oxxo antes de llegar al Centenario para dar paso a solucionar la parte m\u00e1s da\u00f1ada de esta importante vialidad.<\/p>\n<p>Cabe recordar que esta obra cuenta con una inversi\u00f3n hist\u00f3rica de m\u00e1s de 11 millones de pesos provenientes del Fondo de Aportaciones para la Infraestructura Social Municipal (FAISMUN), atendiendo una de las arterias principales de la capital morelense que pese a su naturaleza e importancia no hab\u00eda sido rehabilitada desde hace varias d\u00e9cadas.<\/p>\n<p><img loading=\"lazy\" class=\"alignnone size-medium wp-image-34177\" src=\"https:\/\/cuernavaca.gob.mx\/wp-content\/uploads\/2023\/10\/AVANZA-SECRETARI\u0301A-DE-DESARROLLO-URBANO-Y-OBRAS-PU\u0301BLICAS-DE-CUERNAVACA-EN-TRABAJOS-DE-REHABILITACIO\u0301N-DE-AVENIDA-UNIVERSIDAD-1-300x225.jpg\" alt=\"\" width=\"300\" height=\"225\" srcset=\"https:\/\/cuernavaca.gob.mx\/wp-content\/uploads\/2023\/10\/AVANZA-SECRETARI\u0301A-DE-DESARROLLO-URBANO-Y-OBRAS-PU\u0301BLICAS-DE-CUERNAVACA-EN-TRABAJOS-DE-REHABILITACIO\u0301N-DE-AVENIDA-UNIVERSIDAD-1-300x225.jpg 300w, https:\/\/cuernavaca.gob.mx\/wp-content\/uploads\/2023\/10\/AVANZA-SECRETARI\u0301A-DE-DESARROLLO-URBANO-Y-OBRAS-PU\u0301BLICAS-DE-CUERNAVACA-EN-TRABAJOS-DE-REHABILITACIO\u0301N-DE-AVENIDA-UNIVERSIDAD-1-1024x768.jpg 1024w, https:\/\/cuernavaca.gob.mx\/wp-content\/uploads\/2023\/10\/AVANZA-SECRETARI\u0301A-DE-DESARROLLO-URBANO-Y-OBRAS-PU\u0301BLICAS-DE-CUERNAVACA-EN-TRABAJOS-DE-REHABILITACIO\u0301N-DE-AVENIDA-UNIVERSIDAD-1-768x576.jpg 768w, https:\/\/cuernavaca.gob.mx\/wp-content\/uploads\/2023\/10\/AVANZA-SECRETARI\u0301A-DE-DESARROLLO-URBANO-Y-OBRAS-PU\u0301BLICAS-DE-CUERNAVACA-EN-TRABAJOS-DE-REHABILITACIO\u0301N-DE-AVENIDA-UNIVERSIDAD-1-600x450.jpg 600w, https:\/\/cuernavaca.gob.mx\/wp-content\/uploads\/2023\/10\/AVANZA-SECRETARI\u0301A-DE-DESARROLLO-URBANO-Y-OBRAS-PU\u0301BLICAS-DE-CUERNAVACA-EN-TRABAJOS-DE-REHABILITACIO\u0301N-DE-AVENIDA-UNIVERSIDAD-1-560x420.jpg 560w, https:\/\/cuernavaca.gob.mx\/wp-content\/uploads\/2023\/10\/AVANZA-SECRETARI\u0301A-DE-DESARROLLO-URBANO-Y-OBRAS-PU\u0301BLICAS-DE-CUERNAVACA-EN-TRABAJOS-DE-REHABILITACIO\u0301N-DE-AVENIDA-UNIVERSIDAD-1.jpg 1280w\" sizes=\"(max-width: 300px) 100vw, 300px\" \/> <img loading=\"lazy\" class=\"alignnone size-medium wp-image-34178\" src=\"https:\/\/cuernavaca.gob.mx\/wp-content\/uploads\/2023\/10\/AVANZA-SECRETARI\u0301A-DE-DESARROLLO-URBANO-Y-OBRAS-PU\u0301BLICAS-DE-CUERNAVACA-EN-TRABAJOS-DE-REHABILITACIO\u0301N-DE-AVENIDA-UNIVERSIDAD-2-300x225.jpg\" alt=\"\" width=\"300\" height=\"225\" srcset=\"https:\/\/cuernavaca.gob.mx\/wp-content\/uploads\/2023\/10\/AVANZA-SECRETARI\u0301A-DE-DESARROLLO-URBANO-Y-OBRAS-PU\u0301BLICAS-DE-CUERNAVACA-EN-TRABAJOS-DE-REHABILITACIO\u0301N-DE-AVENIDA-UNIVERSIDAD-2-300x225.jpg 300w, https:\/\/cuernavaca.gob.mx\/wp-content\/uploads\/2023\/10\/AVANZA-SECRETARI\u0301A-DE-DESARROLLO-URBANO-Y-OBRAS-PU\u0301BLICAS-DE-CUERNAVACA-EN-TRABAJOS-DE-REHABILITACIO\u0301N-DE-AVENIDA-UNIVERSIDAD-2-1024x768.jpg 1024w, https:\/\/cuernavaca.gob.mx\/wp-content\/uploads\/2023\/10\/AVANZA-SECRETARI\u0301A-DE-DESARROLLO-URBANO-Y-OBRAS-PU\u0301BLICAS-DE-CUERNAVACA-EN-TRABAJOS-DE-REHABILITACIO\u0301N-DE-AVENIDA-UNIVERSIDAD-2-768x576.jpg 768w, https:\/\/cuernavaca.gob.mx\/wp-content\/uploads\/2023\/10\/AVANZA-SECRETARI\u0301A-DE-DESARROLLO-URBANO-Y-OBRAS-PU\u0301BLICAS-DE-CUERNAVACA-EN-TRABAJOS-DE-REHABILITACIO\u0301N-DE-AVENIDA-UNIVERSIDAD-2-600x450.jpg 600w, https:\/\/cuernavaca.gob.mx\/wp-content\/uploads\/2023\/10\/AVANZA-SECRETARI\u0301A-DE-DESARROLLO-URBANO-Y-OBRAS-PU\u0301BLICAS-DE-CUERNAVACA-EN-TRABAJOS-DE-REHABILITACIO\u0301N-DE-AVENIDA-UNIVERSIDAD-2-560x420.jpg 560w, https:\/\/cuernavaca.gob.mx\/wp-content\/uploads\/2023\/10\/AVANZA-SECRETARI\u0301A-DE-DESARROLLO-URBANO-Y-OBRAS-PU\u0301BLICAS-DE-CUERNAVACA-EN-TRABAJOS-DE-REHABILITACIO\u0301N-DE-AVENIDA-UNIVERSIDAD-2.jpg 1280w\" sizes=\"(max-width: 300px) 100vw, 300px\" \/> <img loading=\"lazy\" class=\"alignnone size-medium wp-image-34179\" src=\"https:\/\/cuernavaca.gob.mx\/wp-content\/uploads\/2023\/10\/AVANZA-SECRETARI\u0301A-DE-DESARROLLO-URBANO-Y-OBRAS-PU\u0301BLICAS-DE-CUERNAVACA-EN-TRABAJOS-DE-REHABILITACIO\u0301N-DE-AVENIDA-UNIVERSIDAD-3-300x225.jpg\" alt=\"\" width=\"300\" height=\"225\" srcset=\"https:\/\/cuernavaca.gob.mx\/wp-content\/uploads\/2023\/10\/AVANZA-SECRETARI\u0301A-DE-DESARROLLO-URBANO-Y-OBRAS-PU\u0301BLICAS-DE-CUERNAVACA-EN-TRABAJOS-DE-REHABILITACIO\u0301N-DE-AVENIDA-UNIVERSIDAD-3-300x225.jpg 300w, https:\/\/cuernavaca.gob.mx\/wp-content\/uploads\/2023\/10\/AVANZA-SECRETARI\u0301A-DE-DESARROLLO-URBANO-Y-OBRAS-PU\u0301BLICAS-DE-CUERNAVACA-EN-TRABAJOS-DE-REHABILITACIO\u0301N-DE-AVENIDA-UNIVERSIDAD-3-1024x768.jpg 1024w, https:\/\/cuernavaca.gob.mx\/wp-content\/uploads\/2023\/10\/AVANZA-SECRETARI\u0301A-DE-DESARROLLO-URBANO-Y-OBRAS-PU\u0301BLICAS-DE-CUERNAVACA-EN-TRABAJOS-DE-REHABILITACIO\u0301N-DE-AVENIDA-UNIVERSIDAD-3-768x576.jpg 768w, https:\/\/cuernavaca.gob.mx\/wp-content\/uploads\/2023\/10\/AVANZA-SECRETARI\u0301A-DE-DESARROLLO-URBANO-Y-OBRAS-PU\u0301BLICAS-DE-CUERNAVACA-EN-TRABAJOS-DE-REHABILITACIO\u0301N-DE-AVENIDA-UNIVERSIDAD-3-600x450.jpg 600w, https:\/\/cuernavaca.gob.mx\/wp-content\/uploads\/2023\/10\/AVANZA-SECRETARI\u0301A-DE-DESARROLLO-URBANO-Y-OBRAS-PU\u0301BLICAS-DE-CUERNAVACA-EN-TRABAJOS-DE-REHABILITACIO\u0301N-DE-AVENIDA-UNIVERSIDAD-3-560x420.jpg 560w, https:\/\/cuernavaca.gob.mx\/wp-content\/uploads\/2023\/10\/AVANZA-SECRETARI\u0301A-DE-DESARROLLO-URBANO-Y-OBRAS-PU\u0301BLICAS-DE-CUERNAVACA-EN-TRABAJOS-DE-REHABILITACIO\u0301N-DE-AVENIDA-UNIVERSIDAD-3.jpg 1280w\" sizes=\"(max-width: 300px) 100vw, 300px\" \/> <img loading=\"lazy\" class=\"alignnone size-medium wp-image-34180\" src=\"https:\/\/cuernavaca.gob.mx\/wp-content\/uploads\/2023\/10\/AVANZA-SECRETARI\u0301A-DE-DESARROLLO-URBANO-Y-OBRAS-PU\u0301BLICAS-DE-CUERNAVACA-EN-TRABAJOS-DE-REHABILITACIO\u0301N-DE-AVENIDA-UNIVERSIDAD-4-300x225.jpg\" alt=\"\" width=\"300\" height=\"225\" srcset=\"https:\/\/cuernavaca.gob.mx\/wp-content\/uploads\/2023\/10\/AVANZA-SECRETARI\u0301A-DE-DESARROLLO-URBANO-Y-OBRAS-PU\u0301BLICAS-DE-CUERNAVACA-EN-TRABAJOS-DE-REHABILITACIO\u0301N-DE-AVENIDA-UNIVERSIDAD-4-300x225.jpg 300w, https:\/\/cuernavaca.gob.mx\/wp-content\/uploads\/2023\/10\/AVANZA-SECRETARI\u0301A-DE-DESARROLLO-URBANO-Y-OBRAS-PU\u0301BLICAS-DE-CUERNAVACA-EN-TRABAJOS-DE-REHABILITACIO\u0301N-DE-AVENIDA-UNIVERSIDAD-4-1024x769.jpg 1024w, https:\/\/cuernavaca.gob.mx\/wp-content\/uploads\/2023\/10\/AVANZA-SECRETARI\u0301A-DE-DESARROLLO-URBANO-Y-OBRAS-PU\u0301BLICAS-DE-CUERNAVACA-EN-TRABAJOS-DE-REHABILITACIO\u0301N-DE-AVENIDA-UNIVERSIDAD-4-768x577.jpg 768w, https:\/\/cuernavaca.gob.mx\/wp-content\/uploads\/2023\/10\/AVANZA-SECRETARI\u0301A-DE-DESARROLLO-URBANO-Y-OBRAS-PU\u0301BLICAS-DE-CUERNAVACA-EN-TRABAJOS-DE-REHABILITACIO\u0301N-DE-AVENIDA-UNIVERSIDAD-4-600x451.jpg 600w, https:\/\/cuernavaca.gob.mx\/wp-content\/uploads\/2023\/10\/AVANZA-SECRETARI\u0301A-DE-DESARROLLO-URBANO-Y-OBRAS-PU\u0301BLICAS-DE-CUERNAVACA-EN-TRABAJOS-DE-REHABILITACIO\u0301N-DE-AVENIDA-UNIVERSIDAD-4-560x421.jpg 560w, https:\/\/cuernavaca.gob.mx\/wp-content\/uploads\/2023\/10\/AVANZA-SECRETARI\u0301A-DE-DESARROLLO-URBANO-Y-OBRAS-PU\u0301BLICAS-DE-CUERNAVACA-EN-TRABAJOS-DE-REHABILITACIO\u0301N-DE-AVENIDA-UNIVERSIDAD-4.jpg 1080w\" sizes=\"(max-width: 300px) 100vw, 300px\" \/> <img loading=\"lazy\" class=\"alignnone size-medium wp-image-34181\" src=\"https:\/\/cuernavaca.gob.mx\/wp-content\/uploads\/2023\/10\/AVANZA-SECRETARI\u0301A-DE-DESARROLLO-URBANO-Y-OBRAS-PU\u0301BLICAS-DE-CUERNAVACA-EN-TRABAJOS-DE-REHABILITACIO\u0301N-DE-AVENIDA-UNIVERSIDAD-5-300x225.jpg\" alt=\"\" width=\"300\" height=\"225\" srcset=\"https:\/\/cuernavaca.gob.mx\/wp-content\/uploads\/2023\/10\/AVANZA-SECRETARI\u0301A-DE-DESARROLLO-URBANO-Y-OBRAS-PU\u0301BLICAS-DE-CUERNAVACA-EN-TRABAJOS-DE-REHABILITACIO\u0301N-DE-AVENIDA-UNIVERSIDAD-5-300x225.jpg 300w, https:\/\/cuernavaca.gob.mx\/wp-content\/uploads\/2023\/10\/AVANZA-SECRETARI\u0301A-DE-DESARROLLO-URBANO-Y-OBRAS-PU\u0301BLICAS-DE-CUERNAVACA-EN-TRABAJOS-DE-REHABILITACIO\u0301N-DE-AVENIDA-UNIVERSIDAD-5-1024x768.jpg 1024w, https:\/\/cuernavaca.gob.mx\/wp-content\/uploads\/2023\/10\/AVANZA-SECRETARI\u0301A-DE-DESARROLLO-URBANO-Y-OBRAS-PU\u0301BLICAS-DE-CUERNAVACA-EN-TRABAJOS-DE-REHABILITACIO\u0301N-DE-AVENIDA-UNIVERSIDAD-5-768x576.jpg 768w, https:\/\/cuernavaca.gob.mx\/wp-content\/uploads\/2023\/10\/AVANZA-SECRETARI\u0301A-DE-DESARROLLO-URBANO-Y-OBRAS-PU\u0301BLICAS-DE-CUERNAVACA-EN-TRABAJOS-DE-REHABILITACIO\u0301N-DE-AVENIDA-UNIVERSIDAD-5-600x450.jpg 600w, https:\/\/cuernavaca.gob.mx\/wp-content\/uploads\/2023\/10\/AVANZA-SECRETARI\u0301A-DE-DESARROLLO-URBANO-Y-OBRAS-PU\u0301BLICAS-DE-CUERNAVACA-EN-TRABAJOS-DE-REHABILITACIO\u0301N-DE-AVENIDA-UNIVERSIDAD-5-560x420.jpg 560w, https:\/\/cuernavaca.gob.mx\/wp-content\/uploads\/2023\/10\/AVANZA-SECRETARI\u0301A-DE-DESARROLLO-URBANO-Y-OBRAS-PU\u0301BLICAS-DE-CUERNAVACA-EN-TRABAJOS-DE-REHABILITACIO\u0301N-DE-AVENIDA-UNIVERSIDAD-5.jpg 1280w\" sizes=\"(max-width: 300px) 100vw, 300px\" \/><\/p>\n","protected":false},"excerpt":{"rendered":"<p>* Los trabajos de fresado y tendido de carpeta asf\u00e1ltica continuar\u00e1n este fin de semana en un horario de las 22:00 horas hasta las 04:00 horas, a fin de evitar mayores afectaciones * Posteriormente, dar\u00e1n inicio a la rehabilitaci\u00f3n con concreto hidr\u00e1ulico del tramo frente a la Unidad Deportiva Centenario, que es la zona m\u00e1s [&hellip;]<\/p>\n","protected":false},"author":1,"featured_media":34178,"comment_status":"closed","ping_status":"open","sticky":false,"template":"","format":"standard","meta":[],"categories":[1],"tags":[3394,121,515,120,206,232,358,127],"aioseo_notices":[],"_links":{"self":[{"href":"https:\/\/cuernavaca.gob.mx\/index.php?rest_route=\/wp\/v2\/posts\/34176"}],"collection":[{"href":"https:\/\/cuernavaca.gob.mx\/index.php?rest_route=\/wp\/v2\/posts"}],"about":[{"href":"https:\/\/cuernavaca.gob.mx\/index.php?rest_route=\/wp\/v2\/types\/post"}],"author":[{"embeddable":true,"href":"https:\/\/cuernavaca.gob.mx\/index.php?rest_route=\/wp\/v2\/users\/1"}],"replies":[{"embeddable":true,"href":"https:\/\/cuernavaca.gob.mx\/index.php?rest_route=%2Fwp%2Fv2%2Fcomments&post=34176"}],"version-history":[{"count":1,"href":"https:\/\/cuernavaca.gob.mx\/index.php?rest_route=\/wp\/v2\/posts\/34176\/revisions"}],"predecessor-version":[{"id":34182,"href":"https:\/\/cuernavaca.gob.mx\/index.php?rest_route=\/wp\/v2\/posts\/34176\/revisions\/34182"}],"wp:featuredmedia":[{"embeddable":true,"href":"https:\/\/cuernavaca.gob.mx\/index.php?rest_route=\/wp\/v2\/media\/34178"}],"wp:attachment":[{"href":"https:\/\/cuernavaca.gob.mx\/index.php?rest_route=%2Fwp%2Fv2%2Fmedia&parent=34176"}],"wp:term":[{"taxonomy":"category","embeddable":true,"href":"https:\/\/cuernavaca.gob.mx\/index.php?rest_route=%2Fwp%2Fv2%2Fcategories&post=34176"},{"taxonomy":"post_tag","embeddable":true,"href":"https:\/\/cuernavaca.gob.mx\/index.php?rest_route=%2Fwp%2Fv2%2Ftags&post=34176"}],"curies":[{"name":"wp","href":"https:\/\/api.w.org\/{rel}","templated":true}]}}