{"id":34202,"date":"2023-10-27T15:15:23","date_gmt":"2023-10-27T21:15:23","guid":{"rendered":"https:\/\/cuernavaca.gob.mx\/?p=34202"},"modified":"2023-10-27T17:50:06","modified_gmt":"2023-10-27T23:50:06","slug":"b1362-27-10-23-la-celebracion-del-hermanamiento-de-cuernavaca-con-las-ciudades-japonesas-de-otaki-y-mino-tambien-se-viven-en-escuelas-de-la-capital","status":"publish","type":"post","link":"https:\/\/cuernavaca.gob.mx\/?p=34202","title":{"rendered":"B1362 27\/10\/23 LA CELEBRACI\u00d3N DEL HERMANAMIENTO DE CUERNAVACA CON LAS CIUDADES JAPONESAS DE \u014cTAKI Y MIN\u014c TAMBIEN SE VIVEN EN ESCUELAS DE LA CAPITAL"},"content":{"rendered":"<p><strong>\u2022 Estudiantes de sexto grado de la escuela primaria &#8220;Enrique Peztallozi&#8221; participaron en talleres de origami y dibujo estilo magna coordinado por el Instituto de Cultura de Cuernavaca<\/strong><\/p>\n<p><strong>\u2022 Este viernes 27 de octubre en el MuCIC se realizar\u00e1 la presentaci\u00f3n musical japonesa a cargo Alexandre Taketa, Enrique Aguilar, Ant\u00f3n Balam y el pianista Russell Dom\u00ednguez y la exposici\u00f3n &#8220;Taiji Harada: Las cuatro estaciones de Jap\u00f3n<\/strong><\/p>\n<p>El Ayuntamiento de Cuernavaca, a trav\u00e9s del Instituto de Cultura de la Secretar\u00eda de Desarrollo Humano y Participaci\u00f3n Social, inici\u00f3 las actividades gratuitas para celebrar los lazos de hermanamiento con las ciudades japonesas de \u014ctaki y Min\u014d, trasladando parte de su cultura a las escuelas p\u00fablicas de la ciudad, como fue la emblem\u00e1tica primaria &#8220;Enrique Peztallozi&#8221;.<\/p>\n<p>Aqu\u00ed ni\u00f1as y ni\u00f1os de sexto grado tuvieron la oportunidad de participar en dos talleres, uno de origami y otro de dibujo estilo magna, donde fueron guiados por integrantes de la Asociaci\u00f3n de Becarios a Jap\u00f3n del Club Min\u014d presidido por Israel S\u00e1nchez Rogel, quienes adem\u00e1s de brindarles un poco de la historia de estas t\u00e9cnicas y llevarlas a la pr\u00e1ctica, les explicaron la importancia que tienen estos hermanamientos, no solo para la ciudad, sino para sus propios habitantes, al darles la oportunidad de generar distintos intercambios, aprender el idioma y seguir conociendo de sus tradiciones.<\/p>\n<p>A esta explicaci\u00f3n se sum\u00f3 la secretaria de Desarrollo Humano y Participaci\u00f3n Social, Laura Hern\u00e1ndez Cruz quien, acompa\u00f1ada del director general del Instituto de Cultura, Juan Contreras de Oteyza, invitaron a las y los peque\u00f1os, as\u00ed como a sus docentes a sumarse a las dem\u00e1s actividades que se tienen planeadas para este fin de semana, celebrando a lo grande el 45 aniversario del hermanamiento con la ciudad de \u014ctaki y el 20 aniversario con Min\u014d.<\/p>\n<p>Para el viernes 27 de octubre las actividades en el Museo de la Ciudad de Cuernavaca (MuCIC) tendr\u00e1n verificativo en punto de las 16:30 horas con la presentaci\u00f3n musical japonesa a cargo Alexandre Taketa, Enrique Aguilar, Ant\u00f3n Balam y el pianista Russell Dom\u00ednguez, a las 17:00 horas ser\u00e1 la gran inauguraci\u00f3n de la exposici\u00f3n &#8220;Taiji Harada: Las cuatro estaciones de Jap\u00f3n&#8221;, que por primera ocasi\u00f3n estar\u00e1 presente en el estado de Morelos y a las 18:00 horas concluir\u00e1 este segundo d\u00eda de fiesta con el Ballet Folcl\u00f3rico Sol Naciente.<\/p>\n<p>Finalmente, el s\u00e1bado 28 de octubre en el MuCIC se realizar\u00e1n los talleres de origami intermedio y de Furoshiki a las 10:30 horas, donde el p\u00fablico en general podr\u00e1 asistir y aprender m\u00e1s sobre este arte tan tradicional en Jap\u00f3n. Todas las actividades son totalmente gratuitas.<\/p>\n<p><img loading=\"lazy\" class=\"alignnone size-medium wp-image-34203\" src=\"https:\/\/cuernavaca.gob.mx\/wp-content\/uploads\/2023\/10\/LA-CELEBRACIO\u0301N-DEL-HERMANAMIENTO-DE-CUERNAVACA-CON-LAS-CIUDADES-JAPONESAS-DE-O\u0304TAKI-Y-MINO\u0304-TAMBIEN-SE-VIVEN-EN-ESCUELAS-DE-LA-CAPITAL-1-300x200.jpg\" alt=\"\" width=\"300\" height=\"200\" srcset=\"https:\/\/cuernavaca.gob.mx\/wp-content\/uploads\/2023\/10\/LA-CELEBRACIO\u0301N-DEL-HERMANAMIENTO-DE-CUERNAVACA-CON-LAS-CIUDADES-JAPONESAS-DE-O\u0304TAKI-Y-MINO\u0304-TAMBIEN-SE-VIVEN-EN-ESCUELAS-DE-LA-CAPITAL-1-300x200.jpg 300w, https:\/\/cuernavaca.gob.mx\/wp-content\/uploads\/2023\/10\/LA-CELEBRACIO\u0301N-DEL-HERMANAMIENTO-DE-CUERNAVACA-CON-LAS-CIUDADES-JAPONESAS-DE-O\u0304TAKI-Y-MINO\u0304-TAMBIEN-SE-VIVEN-EN-ESCUELAS-DE-LA-CAPITAL-1-1024x683.jpg 1024w, https:\/\/cuernavaca.gob.mx\/wp-content\/uploads\/2023\/10\/LA-CELEBRACIO\u0301N-DEL-HERMANAMIENTO-DE-CUERNAVACA-CON-LAS-CIUDADES-JAPONESAS-DE-O\u0304TAKI-Y-MINO\u0304-TAMBIEN-SE-VIVEN-EN-ESCUELAS-DE-LA-CAPITAL-1-768x512.jpg 768w, https:\/\/cuernavaca.gob.mx\/wp-content\/uploads\/2023\/10\/LA-CELEBRACIO\u0301N-DEL-HERMANAMIENTO-DE-CUERNAVACA-CON-LAS-CIUDADES-JAPONESAS-DE-O\u0304TAKI-Y-MINO\u0304-TAMBIEN-SE-VIVEN-EN-ESCUELAS-DE-LA-CAPITAL-1-1536x1024.jpg 1536w, https:\/\/cuernavaca.gob.mx\/wp-content\/uploads\/2023\/10\/LA-CELEBRACIO\u0301N-DEL-HERMANAMIENTO-DE-CUERNAVACA-CON-LAS-CIUDADES-JAPONESAS-DE-O\u0304TAKI-Y-MINO\u0304-TAMBIEN-SE-VIVEN-EN-ESCUELAS-DE-LA-CAPITAL-1-600x400.jpg 600w, https:\/\/cuernavaca.gob.mx\/wp-content\/uploads\/2023\/10\/LA-CELEBRACIO\u0301N-DEL-HERMANAMIENTO-DE-CUERNAVACA-CON-LAS-CIUDADES-JAPONESAS-DE-O\u0304TAKI-Y-MINO\u0304-TAMBIEN-SE-VIVEN-EN-ESCUELAS-DE-LA-CAPITAL-1-560x373.jpg 560w, https:\/\/cuernavaca.gob.mx\/wp-content\/uploads\/2023\/10\/LA-CELEBRACIO\u0301N-DEL-HERMANAMIENTO-DE-CUERNAVACA-CON-LAS-CIUDADES-JAPONESAS-DE-O\u0304TAKI-Y-MINO\u0304-TAMBIEN-SE-VIVEN-EN-ESCUELAS-DE-LA-CAPITAL-1.jpg 1599w\" sizes=\"(max-width: 300px) 100vw, 300px\" \/> <img loading=\"lazy\" class=\"alignnone size-medium wp-image-34204\" src=\"https:\/\/cuernavaca.gob.mx\/wp-content\/uploads\/2023\/10\/LA-CELEBRACIO\u0301N-DEL-HERMANAMIENTO-DE-CUERNAVACA-CON-LAS-CIUDADES-JAPONESAS-DE-O\u0304TAKI-Y-MINO\u0304-TAMBIEN-SE-VIVEN-EN-ESCUELAS-DE-LA-CAPITAL-2-300x225.jpg\" alt=\"\" width=\"300\" height=\"225\" srcset=\"https:\/\/cuernavaca.gob.mx\/wp-content\/uploads\/2023\/10\/LA-CELEBRACIO\u0301N-DEL-HERMANAMIENTO-DE-CUERNAVACA-CON-LAS-CIUDADES-JAPONESAS-DE-O\u0304TAKI-Y-MINO\u0304-TAMBIEN-SE-VIVEN-EN-ESCUELAS-DE-LA-CAPITAL-2-300x225.jpg 300w, https:\/\/cuernavaca.gob.mx\/wp-content\/uploads\/2023\/10\/LA-CELEBRACIO\u0301N-DEL-HERMANAMIENTO-DE-CUERNAVACA-CON-LAS-CIUDADES-JAPONESAS-DE-O\u0304TAKI-Y-MINO\u0304-TAMBIEN-SE-VIVEN-EN-ESCUELAS-DE-LA-CAPITAL-2-768x576.jpg 768w, https:\/\/cuernavaca.gob.mx\/wp-content\/uploads\/2023\/10\/LA-CELEBRACIO\u0301N-DEL-HERMANAMIENTO-DE-CUERNAVACA-CON-LAS-CIUDADES-JAPONESAS-DE-O\u0304TAKI-Y-MINO\u0304-TAMBIEN-SE-VIVEN-EN-ESCUELAS-DE-LA-CAPITAL-2-600x450.jpg 600w, https:\/\/cuernavaca.gob.mx\/wp-content\/uploads\/2023\/10\/LA-CELEBRACIO\u0301N-DEL-HERMANAMIENTO-DE-CUERNAVACA-CON-LAS-CIUDADES-JAPONESAS-DE-O\u0304TAKI-Y-MINO\u0304-TAMBIEN-SE-VIVEN-EN-ESCUELAS-DE-LA-CAPITAL-2-560x420.jpg 560w, https:\/\/cuernavaca.gob.mx\/wp-content\/uploads\/2023\/10\/LA-CELEBRACIO\u0301N-DEL-HERMANAMIENTO-DE-CUERNAVACA-CON-LAS-CIUDADES-JAPONESAS-DE-O\u0304TAKI-Y-MINO\u0304-TAMBIEN-SE-VIVEN-EN-ESCUELAS-DE-LA-CAPITAL-2.jpg 1024w\" sizes=\"(max-width: 300px) 100vw, 300px\" \/> <img loading=\"lazy\" class=\"alignnone size-medium wp-image-34205\" src=\"https:\/\/cuernavaca.gob.mx\/wp-content\/uploads\/2023\/10\/LA-CELEBRACIO\u0301N-DEL-HERMANAMIENTO-DE-CUERNAVACA-CON-LAS-CIUDADES-JAPONESAS-DE-O\u0304TAKI-Y-MINO\u0304-TAMBIEN-SE-VIVEN-EN-ESCUELAS-DE-LA-CAPITAL-3-300x200.jpg\" alt=\"\" width=\"300\" height=\"200\" srcset=\"https:\/\/cuernavaca.gob.mx\/wp-content\/uploads\/2023\/10\/LA-CELEBRACIO\u0301N-DEL-HERMANAMIENTO-DE-CUERNAVACA-CON-LAS-CIUDADES-JAPONESAS-DE-O\u0304TAKI-Y-MINO\u0304-TAMBIEN-SE-VIVEN-EN-ESCUELAS-DE-LA-CAPITAL-3-300x200.jpg 300w, https:\/\/cuernavaca.gob.mx\/wp-content\/uploads\/2023\/10\/LA-CELEBRACIO\u0301N-DEL-HERMANAMIENTO-DE-CUERNAVACA-CON-LAS-CIUDADES-JAPONESAS-DE-O\u0304TAKI-Y-MINO\u0304-TAMBIEN-SE-VIVEN-EN-ESCUELAS-DE-LA-CAPITAL-3-1024x683.jpg 1024w, https:\/\/cuernavaca.gob.mx\/wp-content\/uploads\/2023\/10\/LA-CELEBRACIO\u0301N-DEL-HERMANAMIENTO-DE-CUERNAVACA-CON-LAS-CIUDADES-JAPONESAS-DE-O\u0304TAKI-Y-MINO\u0304-TAMBIEN-SE-VIVEN-EN-ESCUELAS-DE-LA-CAPITAL-3-768x512.jpg 768w, https:\/\/cuernavaca.gob.mx\/wp-content\/uploads\/2023\/10\/LA-CELEBRACIO\u0301N-DEL-HERMANAMIENTO-DE-CUERNAVACA-CON-LAS-CIUDADES-JAPONESAS-DE-O\u0304TAKI-Y-MINO\u0304-TAMBIEN-SE-VIVEN-EN-ESCUELAS-DE-LA-CAPITAL-3-1536x1024.jpg 1536w, https:\/\/cuernavaca.gob.mx\/wp-content\/uploads\/2023\/10\/LA-CELEBRACIO\u0301N-DEL-HERMANAMIENTO-DE-CUERNAVACA-CON-LAS-CIUDADES-JAPONESAS-DE-O\u0304TAKI-Y-MINO\u0304-TAMBIEN-SE-VIVEN-EN-ESCUELAS-DE-LA-CAPITAL-3-600x400.jpg 600w, https:\/\/cuernavaca.gob.mx\/wp-content\/uploads\/2023\/10\/LA-CELEBRACIO\u0301N-DEL-HERMANAMIENTO-DE-CUERNAVACA-CON-LAS-CIUDADES-JAPONESAS-DE-O\u0304TAKI-Y-MINO\u0304-TAMBIEN-SE-VIVEN-EN-ESCUELAS-DE-LA-CAPITAL-3-560x373.jpg 560w, https:\/\/cuernavaca.gob.mx\/wp-content\/uploads\/2023\/10\/LA-CELEBRACIO\u0301N-DEL-HERMANAMIENTO-DE-CUERNAVACA-CON-LAS-CIUDADES-JAPONESAS-DE-O\u0304TAKI-Y-MINO\u0304-TAMBIEN-SE-VIVEN-EN-ESCUELAS-DE-LA-CAPITAL-3.jpg 1599w\" sizes=\"(max-width: 300px) 100vw, 300px\" \/> <img loading=\"lazy\" class=\"alignnone size-medium wp-image-34206\" src=\"https:\/\/cuernavaca.gob.mx\/wp-content\/uploads\/2023\/10\/LA-CELEBRACIO\u0301N-DEL-HERMANAMIENTO-DE-CUERNAVACA-CON-LAS-CIUDADES-JAPONESAS-DE-O\u0304TAKI-Y-MINO\u0304-TAMBIEN-SE-VIVEN-EN-ESCUELAS-DE-LA-CAPITAL-4-300x200.jpg\" alt=\"\" width=\"300\" height=\"200\" srcset=\"https:\/\/cuernavaca.gob.mx\/wp-content\/uploads\/2023\/10\/LA-CELEBRACIO\u0301N-DEL-HERMANAMIENTO-DE-CUERNAVACA-CON-LAS-CIUDADES-JAPONESAS-DE-O\u0304TAKI-Y-MINO\u0304-TAMBIEN-SE-VIVEN-EN-ESCUELAS-DE-LA-CAPITAL-4-300x200.jpg 300w, https:\/\/cuernavaca.gob.mx\/wp-content\/uploads\/2023\/10\/LA-CELEBRACIO\u0301N-DEL-HERMANAMIENTO-DE-CUERNAVACA-CON-LAS-CIUDADES-JAPONESAS-DE-O\u0304TAKI-Y-MINO\u0304-TAMBIEN-SE-VIVEN-EN-ESCUELAS-DE-LA-CAPITAL-4-1024x683.jpg 1024w, https:\/\/cuernavaca.gob.mx\/wp-content\/uploads\/2023\/10\/LA-CELEBRACIO\u0301N-DEL-HERMANAMIENTO-DE-CUERNAVACA-CON-LAS-CIUDADES-JAPONESAS-DE-O\u0304TAKI-Y-MINO\u0304-TAMBIEN-SE-VIVEN-EN-ESCUELAS-DE-LA-CAPITAL-4-768x512.jpg 768w, https:\/\/cuernavaca.gob.mx\/wp-content\/uploads\/2023\/10\/LA-CELEBRACIO\u0301N-DEL-HERMANAMIENTO-DE-CUERNAVACA-CON-LAS-CIUDADES-JAPONESAS-DE-O\u0304TAKI-Y-MINO\u0304-TAMBIEN-SE-VIVEN-EN-ESCUELAS-DE-LA-CAPITAL-4-1536x1024.jpg 1536w, https:\/\/cuernavaca.gob.mx\/wp-content\/uploads\/2023\/10\/LA-CELEBRACIO\u0301N-DEL-HERMANAMIENTO-DE-CUERNAVACA-CON-LAS-CIUDADES-JAPONESAS-DE-O\u0304TAKI-Y-MINO\u0304-TAMBIEN-SE-VIVEN-EN-ESCUELAS-DE-LA-CAPITAL-4-600x400.jpg 600w, https:\/\/cuernavaca.gob.mx\/wp-content\/uploads\/2023\/10\/LA-CELEBRACIO\u0301N-DEL-HERMANAMIENTO-DE-CUERNAVACA-CON-LAS-CIUDADES-JAPONESAS-DE-O\u0304TAKI-Y-MINO\u0304-TAMBIEN-SE-VIVEN-EN-ESCUELAS-DE-LA-CAPITAL-4-560x373.jpg 560w, https:\/\/cuernavaca.gob.mx\/wp-content\/uploads\/2023\/10\/LA-CELEBRACIO\u0301N-DEL-HERMANAMIENTO-DE-CUERNAVACA-CON-LAS-CIUDADES-JAPONESAS-DE-O\u0304TAKI-Y-MINO\u0304-TAMBIEN-SE-VIVEN-EN-ESCUELAS-DE-LA-CAPITAL-4.jpg 1599w\" sizes=\"(max-width: 300px) 100vw, 300px\" \/> <img loading=\"lazy\" class=\"alignnone size-medium wp-image-34207\" src=\"https:\/\/cuernavaca.gob.mx\/wp-content\/uploads\/2023\/10\/LA-CELEBRACIO\u0301N-DEL-HERMANAMIENTO-DE-CUERNAVACA-CON-LAS-CIUDADES-JAPONESAS-DE-O\u0304TAKI-Y-MINO\u0304-TAMBIEN-SE-VIVEN-EN-ESCUELAS-DE-LA-CAPITAL-5-300x200.jpg\" alt=\"\" width=\"300\" height=\"200\" srcset=\"https:\/\/cuernavaca.gob.mx\/wp-content\/uploads\/2023\/10\/LA-CELEBRACIO\u0301N-DEL-HERMANAMIENTO-DE-CUERNAVACA-CON-LAS-CIUDADES-JAPONESAS-DE-O\u0304TAKI-Y-MINO\u0304-TAMBIEN-SE-VIVEN-EN-ESCUELAS-DE-LA-CAPITAL-5-300x200.jpg 300w, https:\/\/cuernavaca.gob.mx\/wp-content\/uploads\/2023\/10\/LA-CELEBRACIO\u0301N-DEL-HERMANAMIENTO-DE-CUERNAVACA-CON-LAS-CIUDADES-JAPONESAS-DE-O\u0304TAKI-Y-MINO\u0304-TAMBIEN-SE-VIVEN-EN-ESCUELAS-DE-LA-CAPITAL-5-1024x683.jpg 1024w, https:\/\/cuernavaca.gob.mx\/wp-content\/uploads\/2023\/10\/LA-CELEBRACIO\u0301N-DEL-HERMANAMIENTO-DE-CUERNAVACA-CON-LAS-CIUDADES-JAPONESAS-DE-O\u0304TAKI-Y-MINO\u0304-TAMBIEN-SE-VIVEN-EN-ESCUELAS-DE-LA-CAPITAL-5-768x512.jpg 768w, https:\/\/cuernavaca.gob.mx\/wp-content\/uploads\/2023\/10\/LA-CELEBRACIO\u0301N-DEL-HERMANAMIENTO-DE-CUERNAVACA-CON-LAS-CIUDADES-JAPONESAS-DE-O\u0304TAKI-Y-MINO\u0304-TAMBIEN-SE-VIVEN-EN-ESCUELAS-DE-LA-CAPITAL-5-1536x1024.jpg 1536w, https:\/\/cuernavaca.gob.mx\/wp-content\/uploads\/2023\/10\/LA-CELEBRACIO\u0301N-DEL-HERMANAMIENTO-DE-CUERNAVACA-CON-LAS-CIUDADES-JAPONESAS-DE-O\u0304TAKI-Y-MINO\u0304-TAMBIEN-SE-VIVEN-EN-ESCUELAS-DE-LA-CAPITAL-5-600x400.jpg 600w, https:\/\/cuernavaca.gob.mx\/wp-content\/uploads\/2023\/10\/LA-CELEBRACIO\u0301N-DEL-HERMANAMIENTO-DE-CUERNAVACA-CON-LAS-CIUDADES-JAPONESAS-DE-O\u0304TAKI-Y-MINO\u0304-TAMBIEN-SE-VIVEN-EN-ESCUELAS-DE-LA-CAPITAL-5-560x373.jpg 560w, https:\/\/cuernavaca.gob.mx\/wp-content\/uploads\/2023\/10\/LA-CELEBRACIO\u0301N-DEL-HERMANAMIENTO-DE-CUERNAVACA-CON-LAS-CIUDADES-JAPONESAS-DE-O\u0304TAKI-Y-MINO\u0304-TAMBIEN-SE-VIVEN-EN-ESCUELAS-DE-LA-CAPITAL-5.jpg 1599w\" sizes=\"(max-width: 300px) 100vw, 300px\" \/> <img loading=\"lazy\" class=\"alignnone size-medium wp-image-34208\" src=\"https:\/\/cuernavaca.gob.mx\/wp-content\/uploads\/2023\/10\/LA-CELEBRACIO\u0301N-DEL-HERMANAMIENTO-DE-CUERNAVACA-CON-LAS-CIUDADES-JAPONESAS-DE-O\u0304TAKI-Y-MINO\u0304-TAMBIEN-SE-VIVEN-EN-ESCUELAS-DE-LA-CAPITAL-6-300x200.jpg\" alt=\"\" width=\"300\" height=\"200\" srcset=\"https:\/\/cuernavaca.gob.mx\/wp-content\/uploads\/2023\/10\/LA-CELEBRACIO\u0301N-DEL-HERMANAMIENTO-DE-CUERNAVACA-CON-LAS-CIUDADES-JAPONESAS-DE-O\u0304TAKI-Y-MINO\u0304-TAMBIEN-SE-VIVEN-EN-ESCUELAS-DE-LA-CAPITAL-6-300x200.jpg 300w, https:\/\/cuernavaca.gob.mx\/wp-content\/uploads\/2023\/10\/LA-CELEBRACIO\u0301N-DEL-HERMANAMIENTO-DE-CUERNAVACA-CON-LAS-CIUDADES-JAPONESAS-DE-O\u0304TAKI-Y-MINO\u0304-TAMBIEN-SE-VIVEN-EN-ESCUELAS-DE-LA-CAPITAL-6-1024x683.jpg 1024w, https:\/\/cuernavaca.gob.mx\/wp-content\/uploads\/2023\/10\/LA-CELEBRACIO\u0301N-DEL-HERMANAMIENTO-DE-CUERNAVACA-CON-LAS-CIUDADES-JAPONESAS-DE-O\u0304TAKI-Y-MINO\u0304-TAMBIEN-SE-VIVEN-EN-ESCUELAS-DE-LA-CAPITAL-6-768x512.jpg 768w, https:\/\/cuernavaca.gob.mx\/wp-content\/uploads\/2023\/10\/LA-CELEBRACIO\u0301N-DEL-HERMANAMIENTO-DE-CUERNAVACA-CON-LAS-CIUDADES-JAPONESAS-DE-O\u0304TAKI-Y-MINO\u0304-TAMBIEN-SE-VIVEN-EN-ESCUELAS-DE-LA-CAPITAL-6-1536x1024.jpg 1536w, https:\/\/cuernavaca.gob.mx\/wp-content\/uploads\/2023\/10\/LA-CELEBRACIO\u0301N-DEL-HERMANAMIENTO-DE-CUERNAVACA-CON-LAS-CIUDADES-JAPONESAS-DE-O\u0304TAKI-Y-MINO\u0304-TAMBIEN-SE-VIVEN-EN-ESCUELAS-DE-LA-CAPITAL-6-600x400.jpg 600w, https:\/\/cuernavaca.gob.mx\/wp-content\/uploads\/2023\/10\/LA-CELEBRACIO\u0301N-DEL-HERMANAMIENTO-DE-CUERNAVACA-CON-LAS-CIUDADES-JAPONESAS-DE-O\u0304TAKI-Y-MINO\u0304-TAMBIEN-SE-VIVEN-EN-ESCUELAS-DE-LA-CAPITAL-6-560x373.jpg 560w, https:\/\/cuernavaca.gob.mx\/wp-content\/uploads\/2023\/10\/LA-CELEBRACIO\u0301N-DEL-HERMANAMIENTO-DE-CUERNAVACA-CON-LAS-CIUDADES-JAPONESAS-DE-O\u0304TAKI-Y-MINO\u0304-TAMBIEN-SE-VIVEN-EN-ESCUELAS-DE-LA-CAPITAL-6.jpg 1599w\" sizes=\"(max-width: 300px) 100vw, 300px\" \/><\/p>\n","protected":false},"excerpt":{"rendered":"<p>\u2022 Estudiantes de sexto grado de la escuela primaria &#8220;Enrique Peztallozi&#8221; participaron en talleres de origami y dibujo estilo magna coordinado por el Instituto de Cultura de Cuernavaca \u2022 Este viernes 27 de octubre en el MuCIC se realizar\u00e1 la presentaci\u00f3n musical japonesa a cargo Alexandre Taketa, Enrique Aguilar, Ant\u00f3n Balam y el pianista Russell [&hellip;]<\/p>\n","protected":false},"author":1,"featured_media":34205,"comment_status":"closed","ping_status":"open","sticky":false,"template":"","format":"standard","meta":[],"categories":[2292],"tags":[2263,1708,121,190,586,3396,120,206,127],"aioseo_notices":[],"_links":{"self":[{"href":"https:\/\/cuernavaca.gob.mx\/index.php?rest_route=\/wp\/v2\/posts\/34202"}],"collection":[{"href":"https:\/\/cuernavaca.gob.mx\/index.php?rest_route=\/wp\/v2\/posts"}],"about":[{"href":"https:\/\/cuernavaca.gob.mx\/index.php?rest_route=\/wp\/v2\/types\/post"}],"author":[{"embeddable":true,"href":"https:\/\/cuernavaca.gob.mx\/index.php?rest_route=\/wp\/v2\/users\/1"}],"replies":[{"embeddable":true,"href":"https:\/\/cuernavaca.gob.mx\/index.php?rest_route=%2Fwp%2Fv2%2Fcomments&post=34202"}],"version-history":[{"count":1,"href":"https:\/\/cuernavaca.gob.mx\/index.php?rest_route=\/wp\/v2\/posts\/34202\/revisions"}],"predecessor-version":[{"id":34209,"href":"https:\/\/cuernavaca.gob.mx\/index.php?rest_route=\/wp\/v2\/posts\/34202\/revisions\/34209"}],"wp:featuredmedia":[{"embeddable":true,"href":"https:\/\/cuernavaca.gob.mx\/index.php?rest_route=\/wp\/v2\/media\/34205"}],"wp:attachment":[{"href":"https:\/\/cuernavaca.gob.mx\/index.php?rest_route=%2Fwp%2Fv2%2Fmedia&parent=34202"}],"wp:term":[{"taxonomy":"category","embeddable":true,"href":"https:\/\/cuernavaca.gob.mx\/index.php?rest_route=%2Fwp%2Fv2%2Fcategories&post=34202"},{"taxonomy":"post_tag","embeddable":true,"href":"https:\/\/cuernavaca.gob.mx\/index.php?rest_route=%2Fwp%2Fv2%2Ftags&post=34202"}],"curies":[{"name":"wp","href":"https:\/\/api.w.org\/{rel}","templated":true}]}}