{"id":34264,"date":"2023-10-29T17:00:22","date_gmt":"2023-10-29T23:00:22","guid":{"rendered":"https:\/\/cuernavaca.gob.mx\/?p=34264"},"modified":"2023-10-29T18:26:49","modified_gmt":"2023-10-30T00:26:49","slug":"b1369-29-10-23-en-cuernavaca-con-el-festival-de-dia-de-muertos-mictlan-2023-se-logra-la-apropiacion-de-los-espacios-publicos","status":"publish","type":"post","link":"https:\/\/cuernavaca.gob.mx\/?p=34264","title":{"rendered":"B1369 29\/10\/23 EN CUERNAVACA CON EL FESTIVAL DE D\u00cdA DE MUERTOS MICTL\u00c1N 2023 SE LOGRA LA APROPIACI\u00d3N DE LOS ESPACIOS P\u00daBLICOS"},"content":{"rendered":"<p>\u00b0 Este s\u00e1bado las calles del centro de la ciudad se llenaron de fiesta, m\u00fasica y tradici\u00f3n con catrinas y rondallas<\/p>\n<p>\u00b0 El Museo de la Ciudad de Cuernavaca tambien recibi\u00f3 a cientos de visitantes que disfrutaron de la inauguraci\u00f3n de la Mega Ofrenda de Pure Earth<\/p>\n<p>En un ambiente de fiesta y de sana convivencia, donde las tradiciones se afianzaron con la participaci\u00f3n ciudadana y el talento de artistas locales, se realiz\u00f3 este s\u00e1bado con gran \u00e9xito el Festival de D\u00eda de Muertos Mictl\u00e1n 2023 organizado por el Ayuntamiento de Cuernavaca en el Centro Hist\u00f3rico, logrando que los asistentes se apropiaran de los espacios p\u00fablicos en comunidad.<\/p>\n<p>Las principales calles del primer cuadro de Cuernavaca se llenaron de magia con una Calenda de Catrinas y Catrines organizada por el regidor Adri\u00e1n Mart\u00ednez Terrazas y el Ballet Xochiquetzalli de Morelos, a la cual se sumaron a iniciativa de la Secretar\u00eda de Desarrollo Econ\u00f3mico y Turismo, tunas, estudiantinas y rondallas que armonizaron este magno evento con una tradicional callejoneada.<\/p>\n<p>Entre coloridos trajes y caracterizaciones que plasmaron la creatividad de los participantes, la Calenda recorri\u00f3 avenida Morelos Sur a la Iglesia del Calvario donde junto con la Callejoneada bajo por calle Matamoros para concluir en calle Hidalgo a la altura de las letras de Cuernavaca, donde el Ballet Xochiquetzalli de Morelos hizo una presentaci\u00f3n de danza folcl\u00f3rico.<\/p>\n<p>En este mismo contexto, a iniciativa del Instituto de Cultura de la Secretar\u00eda de Desarrollo Humano y Participaci\u00f3n Social, el Museo de la Ciudad de Cuernavaca (MuCIC), como sede oficial del festival, abri\u00f3 sus puertas para recibir a cientos de visitantes que disfrutaron de diversas actividades gratuitas, como la puesta en escena de &#8220;La Leyenda de Conchita&#8221; del colectivo Kasa Jayim y un concierto del colectivo Circe, que con danza y m\u00fasica deleitaron a los presentes.<\/p>\n<p>De igual forma, se llev\u00f3 a cabo la inauguraci\u00f3n de la Mega Ofrenda a cargo de Pure Earth, una organizaci\u00f3n internacional sin fines de lucro que se dedica a dar soluci\u00f3n a los problemas de contaminaci\u00f3n t\u00f3xica, misma que fue instalada en el marco de su proyecto &#8220;Barro Aprobado&#8221; y que exhibe piezas de alfarer\u00eda tradicional de Tlayacapan, Morelos, as\u00ed como de los estados de Tlaxcala, Estado de M\u00e9xico y Guerrero, libre de plomo.<\/p>\n<p>Con este altar se busca promover la producci\u00f3n y consumo de alfarer\u00eda libre de plomo, el cual esta acompa\u00f1ado de un mural de Krystel Sake y un tapete de semillas que ha dejado sorprendidos y enamorados a quienes tienen la oportunidad \u00fanica de conocerla.<\/p>\n<p>A lo largo de una semana podr\u00e1n visitar la Mega Ofrenda y conocer el trabajo que realiza Pure Earth en pro de la salud de los artesanos y los consumidores.<\/p>\n<p>Las actividades del Festival de D\u00eda de Muertos Mictl\u00e1n 2023 continuar\u00e1n hasta el 01 de noviembre; para conocer la cartelera completa deben visitar las redes sociales oficiales del Municipio de Cuernavaca.<\/p>\n<p><img loading=\"lazy\" class=\"alignnone size-medium wp-image-34265\" src=\"https:\/\/cuernavaca.gob.mx\/wp-content\/uploads\/2023\/10\/EN-CUERNAVACA-CON-EL-FESTIVAL-DE-DIA-DE-MUERTOS-MICTLAN-2023-SE-LOGRA-LA-APROPIACION-DE-LOS-ESPACIOS-PUBLICOS-1-300x200.jpeg\" alt=\"\" width=\"300\" height=\"200\" srcset=\"https:\/\/cuernavaca.gob.mx\/wp-content\/uploads\/2023\/10\/EN-CUERNAVACA-CON-EL-FESTIVAL-DE-DIA-DE-MUERTOS-MICTLAN-2023-SE-LOGRA-LA-APROPIACION-DE-LOS-ESPACIOS-PUBLICOS-1-300x200.jpeg 300w, https:\/\/cuernavaca.gob.mx\/wp-content\/uploads\/2023\/10\/EN-CUERNAVACA-CON-EL-FESTIVAL-DE-DIA-DE-MUERTOS-MICTLAN-2023-SE-LOGRA-LA-APROPIACION-DE-LOS-ESPACIOS-PUBLICOS-1-1024x682.jpeg 1024w, https:\/\/cuernavaca.gob.mx\/wp-content\/uploads\/2023\/10\/EN-CUERNAVACA-CON-EL-FESTIVAL-DE-DIA-DE-MUERTOS-MICTLAN-2023-SE-LOGRA-LA-APROPIACION-DE-LOS-ESPACIOS-PUBLICOS-1-768x512.jpeg 768w, https:\/\/cuernavaca.gob.mx\/wp-content\/uploads\/2023\/10\/EN-CUERNAVACA-CON-EL-FESTIVAL-DE-DIA-DE-MUERTOS-MICTLAN-2023-SE-LOGRA-LA-APROPIACION-DE-LOS-ESPACIOS-PUBLICOS-1-1536x1023.jpeg 1536w, https:\/\/cuernavaca.gob.mx\/wp-content\/uploads\/2023\/10\/EN-CUERNAVACA-CON-EL-FESTIVAL-DE-DIA-DE-MUERTOS-MICTLAN-2023-SE-LOGRA-LA-APROPIACION-DE-LOS-ESPACIOS-PUBLICOS-1-600x400.jpeg 600w, https:\/\/cuernavaca.gob.mx\/wp-content\/uploads\/2023\/10\/EN-CUERNAVACA-CON-EL-FESTIVAL-DE-DIA-DE-MUERTOS-MICTLAN-2023-SE-LOGRA-LA-APROPIACION-DE-LOS-ESPACIOS-PUBLICOS-1-560x373.jpeg 560w, https:\/\/cuernavaca.gob.mx\/wp-content\/uploads\/2023\/10\/EN-CUERNAVACA-CON-EL-FESTIVAL-DE-DIA-DE-MUERTOS-MICTLAN-2023-SE-LOGRA-LA-APROPIACION-DE-LOS-ESPACIOS-PUBLICOS-1.jpeg 1600w\" sizes=\"(max-width: 300px) 100vw, 300px\" \/> <img loading=\"lazy\" class=\"alignnone size-medium wp-image-34266\" src=\"https:\/\/cuernavaca.gob.mx\/wp-content\/uploads\/2023\/10\/EN-CUERNAVACA-CON-EL-FESTIVAL-DE-DIA-DE-MUERTOS-MICTLAN-2023-SE-LOGRA-LA-APROPIACION-DE-LOS-ESPACIOS-PUBLICOS-2-300x237.jpeg\" alt=\"\" width=\"300\" height=\"237\" srcset=\"https:\/\/cuernavaca.gob.mx\/wp-content\/uploads\/2023\/10\/EN-CUERNAVACA-CON-EL-FESTIVAL-DE-DIA-DE-MUERTOS-MICTLAN-2023-SE-LOGRA-LA-APROPIACION-DE-LOS-ESPACIOS-PUBLICOS-2-300x237.jpeg 300w, https:\/\/cuernavaca.gob.mx\/wp-content\/uploads\/2023\/10\/EN-CUERNAVACA-CON-EL-FESTIVAL-DE-DIA-DE-MUERTOS-MICTLAN-2023-SE-LOGRA-LA-APROPIACION-DE-LOS-ESPACIOS-PUBLICOS-2-1024x810.jpeg 1024w, https:\/\/cuernavaca.gob.mx\/wp-content\/uploads\/2023\/10\/EN-CUERNAVACA-CON-EL-FESTIVAL-DE-DIA-DE-MUERTOS-MICTLAN-2023-SE-LOGRA-LA-APROPIACION-DE-LOS-ESPACIOS-PUBLICOS-2-768x608.jpeg 768w, https:\/\/cuernavaca.gob.mx\/wp-content\/uploads\/2023\/10\/EN-CUERNAVACA-CON-EL-FESTIVAL-DE-DIA-DE-MUERTOS-MICTLAN-2023-SE-LOGRA-LA-APROPIACION-DE-LOS-ESPACIOS-PUBLICOS-2-1536x1215.jpeg 1536w, https:\/\/cuernavaca.gob.mx\/wp-content\/uploads\/2023\/10\/EN-CUERNAVACA-CON-EL-FESTIVAL-DE-DIA-DE-MUERTOS-MICTLAN-2023-SE-LOGRA-LA-APROPIACION-DE-LOS-ESPACIOS-PUBLICOS-2-600x475.jpeg 600w, https:\/\/cuernavaca.gob.mx\/wp-content\/uploads\/2023\/10\/EN-CUERNAVACA-CON-EL-FESTIVAL-DE-DIA-DE-MUERTOS-MICTLAN-2023-SE-LOGRA-LA-APROPIACION-DE-LOS-ESPACIOS-PUBLICOS-2-560x443.jpeg 560w, https:\/\/cuernavaca.gob.mx\/wp-content\/uploads\/2023\/10\/EN-CUERNAVACA-CON-EL-FESTIVAL-DE-DIA-DE-MUERTOS-MICTLAN-2023-SE-LOGRA-LA-APROPIACION-DE-LOS-ESPACIOS-PUBLICOS-2.jpeg 1600w\" sizes=\"(max-width: 300px) 100vw, 300px\" \/> <img loading=\"lazy\" class=\"alignnone size-medium wp-image-34267\" src=\"https:\/\/cuernavaca.gob.mx\/wp-content\/uploads\/2023\/10\/EN-CUERNAVACA-CON-EL-FESTIVAL-DE-DIA-DE-MUERTOS-MICTLAN-2023-SE-LOGRA-LA-APROPIACION-DE-LOS-ESPACIOS-PUBLICOS-3-300x200.jpeg\" alt=\"\" width=\"300\" height=\"200\" srcset=\"https:\/\/cuernavaca.gob.mx\/wp-content\/uploads\/2023\/10\/EN-CUERNAVACA-CON-EL-FESTIVAL-DE-DIA-DE-MUERTOS-MICTLAN-2023-SE-LOGRA-LA-APROPIACION-DE-LOS-ESPACIOS-PUBLICOS-3-300x200.jpeg 300w, https:\/\/cuernavaca.gob.mx\/wp-content\/uploads\/2023\/10\/EN-CUERNAVACA-CON-EL-FESTIVAL-DE-DIA-DE-MUERTOS-MICTLAN-2023-SE-LOGRA-LA-APROPIACION-DE-LOS-ESPACIOS-PUBLICOS-3-1024x682.jpeg 1024w, https:\/\/cuernavaca.gob.mx\/wp-content\/uploads\/2023\/10\/EN-CUERNAVACA-CON-EL-FESTIVAL-DE-DIA-DE-MUERTOS-MICTLAN-2023-SE-LOGRA-LA-APROPIACION-DE-LOS-ESPACIOS-PUBLICOS-3-768x512.jpeg 768w, https:\/\/cuernavaca.gob.mx\/wp-content\/uploads\/2023\/10\/EN-CUERNAVACA-CON-EL-FESTIVAL-DE-DIA-DE-MUERTOS-MICTLAN-2023-SE-LOGRA-LA-APROPIACION-DE-LOS-ESPACIOS-PUBLICOS-3-1536x1023.jpeg 1536w, https:\/\/cuernavaca.gob.mx\/wp-content\/uploads\/2023\/10\/EN-CUERNAVACA-CON-EL-FESTIVAL-DE-DIA-DE-MUERTOS-MICTLAN-2023-SE-LOGRA-LA-APROPIACION-DE-LOS-ESPACIOS-PUBLICOS-3-600x400.jpeg 600w, https:\/\/cuernavaca.gob.mx\/wp-content\/uploads\/2023\/10\/EN-CUERNAVACA-CON-EL-FESTIVAL-DE-DIA-DE-MUERTOS-MICTLAN-2023-SE-LOGRA-LA-APROPIACION-DE-LOS-ESPACIOS-PUBLICOS-3-560x373.jpeg 560w, https:\/\/cuernavaca.gob.mx\/wp-content\/uploads\/2023\/10\/EN-CUERNAVACA-CON-EL-FESTIVAL-DE-DIA-DE-MUERTOS-MICTLAN-2023-SE-LOGRA-LA-APROPIACION-DE-LOS-ESPACIOS-PUBLICOS-3.jpeg 1600w\" sizes=\"(max-width: 300px) 100vw, 300px\" \/> <img loading=\"lazy\" class=\"alignnone size-medium wp-image-34268\" src=\"https:\/\/cuernavaca.gob.mx\/wp-content\/uploads\/2023\/10\/EN-CUERNAVACA-CON-EL-FESTIVAL-DE-DIA-DE-MUERTOS-MICTLAN-2023-SE-LOGRA-LA-APROPIACION-DE-LOS-ESPACIOS-PUBLICOS-4-300x200.jpeg\" alt=\"\" width=\"300\" height=\"200\" srcset=\"https:\/\/cuernavaca.gob.mx\/wp-content\/uploads\/2023\/10\/EN-CUERNAVACA-CON-EL-FESTIVAL-DE-DIA-DE-MUERTOS-MICTLAN-2023-SE-LOGRA-LA-APROPIACION-DE-LOS-ESPACIOS-PUBLICOS-4-300x200.jpeg 300w, https:\/\/cuernavaca.gob.mx\/wp-content\/uploads\/2023\/10\/EN-CUERNAVACA-CON-EL-FESTIVAL-DE-DIA-DE-MUERTOS-MICTLAN-2023-SE-LOGRA-LA-APROPIACION-DE-LOS-ESPACIOS-PUBLICOS-4-1024x682.jpeg 1024w, https:\/\/cuernavaca.gob.mx\/wp-content\/uploads\/2023\/10\/EN-CUERNAVACA-CON-EL-FESTIVAL-DE-DIA-DE-MUERTOS-MICTLAN-2023-SE-LOGRA-LA-APROPIACION-DE-LOS-ESPACIOS-PUBLICOS-4-768x512.jpeg 768w, https:\/\/cuernavaca.gob.mx\/wp-content\/uploads\/2023\/10\/EN-CUERNAVACA-CON-EL-FESTIVAL-DE-DIA-DE-MUERTOS-MICTLAN-2023-SE-LOGRA-LA-APROPIACION-DE-LOS-ESPACIOS-PUBLICOS-4-1536x1023.jpeg 1536w, https:\/\/cuernavaca.gob.mx\/wp-content\/uploads\/2023\/10\/EN-CUERNAVACA-CON-EL-FESTIVAL-DE-DIA-DE-MUERTOS-MICTLAN-2023-SE-LOGRA-LA-APROPIACION-DE-LOS-ESPACIOS-PUBLICOS-4-600x400.jpeg 600w, https:\/\/cuernavaca.gob.mx\/wp-content\/uploads\/2023\/10\/EN-CUERNAVACA-CON-EL-FESTIVAL-DE-DIA-DE-MUERTOS-MICTLAN-2023-SE-LOGRA-LA-APROPIACION-DE-LOS-ESPACIOS-PUBLICOS-4-560x373.jpeg 560w, https:\/\/cuernavaca.gob.mx\/wp-content\/uploads\/2023\/10\/EN-CUERNAVACA-CON-EL-FESTIVAL-DE-DIA-DE-MUERTOS-MICTLAN-2023-SE-LOGRA-LA-APROPIACION-DE-LOS-ESPACIOS-PUBLICOS-4.jpeg 1600w\" sizes=\"(max-width: 300px) 100vw, 300px\" \/> <img loading=\"lazy\" class=\"alignnone size-medium wp-image-34269\" src=\"https:\/\/cuernavaca.gob.mx\/wp-content\/uploads\/2023\/10\/EN-CUERNAVACA-CON-EL-FESTIVAL-DE-DIA-DE-MUERTOS-MICTLAN-2023-SE-LOGRA-LA-APROPIACION-DE-LOS-ESPACIOS-PUBLICOS-5-300x200.jpeg\" alt=\"\" width=\"300\" height=\"200\" srcset=\"https:\/\/cuernavaca.gob.mx\/wp-content\/uploads\/2023\/10\/EN-CUERNAVACA-CON-EL-FESTIVAL-DE-DIA-DE-MUERTOS-MICTLAN-2023-SE-LOGRA-LA-APROPIACION-DE-LOS-ESPACIOS-PUBLICOS-5-300x200.jpeg 300w, https:\/\/cuernavaca.gob.mx\/wp-content\/uploads\/2023\/10\/EN-CUERNAVACA-CON-EL-FESTIVAL-DE-DIA-DE-MUERTOS-MICTLAN-2023-SE-LOGRA-LA-APROPIACION-DE-LOS-ESPACIOS-PUBLICOS-5-1024x682.jpeg 1024w, https:\/\/cuernavaca.gob.mx\/wp-content\/uploads\/2023\/10\/EN-CUERNAVACA-CON-EL-FESTIVAL-DE-DIA-DE-MUERTOS-MICTLAN-2023-SE-LOGRA-LA-APROPIACION-DE-LOS-ESPACIOS-PUBLICOS-5-768x512.jpeg 768w, https:\/\/cuernavaca.gob.mx\/wp-content\/uploads\/2023\/10\/EN-CUERNAVACA-CON-EL-FESTIVAL-DE-DIA-DE-MUERTOS-MICTLAN-2023-SE-LOGRA-LA-APROPIACION-DE-LOS-ESPACIOS-PUBLICOS-5-1536x1023.jpeg 1536w, https:\/\/cuernavaca.gob.mx\/wp-content\/uploads\/2023\/10\/EN-CUERNAVACA-CON-EL-FESTIVAL-DE-DIA-DE-MUERTOS-MICTLAN-2023-SE-LOGRA-LA-APROPIACION-DE-LOS-ESPACIOS-PUBLICOS-5-600x400.jpeg 600w, https:\/\/cuernavaca.gob.mx\/wp-content\/uploads\/2023\/10\/EN-CUERNAVACA-CON-EL-FESTIVAL-DE-DIA-DE-MUERTOS-MICTLAN-2023-SE-LOGRA-LA-APROPIACION-DE-LOS-ESPACIOS-PUBLICOS-5-560x373.jpeg 560w, https:\/\/cuernavaca.gob.mx\/wp-content\/uploads\/2023\/10\/EN-CUERNAVACA-CON-EL-FESTIVAL-DE-DIA-DE-MUERTOS-MICTLAN-2023-SE-LOGRA-LA-APROPIACION-DE-LOS-ESPACIOS-PUBLICOS-5.jpeg 1600w\" sizes=\"(max-width: 300px) 100vw, 300px\" \/> <img loading=\"lazy\" class=\"alignnone size-medium wp-image-34270\" src=\"https:\/\/cuernavaca.gob.mx\/wp-content\/uploads\/2023\/10\/EN-CUERNAVACA-CON-EL-FESTIVAL-DE-DIA-DE-MUERTOS-MICTLAN-2023-SE-LOGRA-LA-APROPIACION-DE-LOS-ESPACIOS-PUBLICOS-6-300x200.jpeg\" alt=\"\" width=\"300\" height=\"200\" srcset=\"https:\/\/cuernavaca.gob.mx\/wp-content\/uploads\/2023\/10\/EN-CUERNAVACA-CON-EL-FESTIVAL-DE-DIA-DE-MUERTOS-MICTLAN-2023-SE-LOGRA-LA-APROPIACION-DE-LOS-ESPACIOS-PUBLICOS-6-300x200.jpeg 300w, https:\/\/cuernavaca.gob.mx\/wp-content\/uploads\/2023\/10\/EN-CUERNAVACA-CON-EL-FESTIVAL-DE-DIA-DE-MUERTOS-MICTLAN-2023-SE-LOGRA-LA-APROPIACION-DE-LOS-ESPACIOS-PUBLICOS-6-1024x682.jpeg 1024w, https:\/\/cuernavaca.gob.mx\/wp-content\/uploads\/2023\/10\/EN-CUERNAVACA-CON-EL-FESTIVAL-DE-DIA-DE-MUERTOS-MICTLAN-2023-SE-LOGRA-LA-APROPIACION-DE-LOS-ESPACIOS-PUBLICOS-6-768x512.jpeg 768w, https:\/\/cuernavaca.gob.mx\/wp-content\/uploads\/2023\/10\/EN-CUERNAVACA-CON-EL-FESTIVAL-DE-DIA-DE-MUERTOS-MICTLAN-2023-SE-LOGRA-LA-APROPIACION-DE-LOS-ESPACIOS-PUBLICOS-6-1536x1023.jpeg 1536w, https:\/\/cuernavaca.gob.mx\/wp-content\/uploads\/2023\/10\/EN-CUERNAVACA-CON-EL-FESTIVAL-DE-DIA-DE-MUERTOS-MICTLAN-2023-SE-LOGRA-LA-APROPIACION-DE-LOS-ESPACIOS-PUBLICOS-6-600x400.jpeg 600w, https:\/\/cuernavaca.gob.mx\/wp-content\/uploads\/2023\/10\/EN-CUERNAVACA-CON-EL-FESTIVAL-DE-DIA-DE-MUERTOS-MICTLAN-2023-SE-LOGRA-LA-APROPIACION-DE-LOS-ESPACIOS-PUBLICOS-6-560x373.jpeg 560w, https:\/\/cuernavaca.gob.mx\/wp-content\/uploads\/2023\/10\/EN-CUERNAVACA-CON-EL-FESTIVAL-DE-DIA-DE-MUERTOS-MICTLAN-2023-SE-LOGRA-LA-APROPIACION-DE-LOS-ESPACIOS-PUBLICOS-6.jpeg 1600w\" sizes=\"(max-width: 300px) 100vw, 300px\" \/> <img loading=\"lazy\" class=\"alignnone size-medium wp-image-34271\" src=\"https:\/\/cuernavaca.gob.mx\/wp-content\/uploads\/2023\/10\/EN-CUERNAVACA-CON-EL-FESTIVAL-DE-DIA-DE-MUERTOS-MICTLAN-2023-SE-LOGRA-LA-APROPIACION-DE-LOS-ESPACIOS-PUBLICOS-7-300x200.jpeg\" alt=\"\" width=\"300\" height=\"200\" srcset=\"https:\/\/cuernavaca.gob.mx\/wp-content\/uploads\/2023\/10\/EN-CUERNAVACA-CON-EL-FESTIVAL-DE-DIA-DE-MUERTOS-MICTLAN-2023-SE-LOGRA-LA-APROPIACION-DE-LOS-ESPACIOS-PUBLICOS-7-300x200.jpeg 300w, https:\/\/cuernavaca.gob.mx\/wp-content\/uploads\/2023\/10\/EN-CUERNAVACA-CON-EL-FESTIVAL-DE-DIA-DE-MUERTOS-MICTLAN-2023-SE-LOGRA-LA-APROPIACION-DE-LOS-ESPACIOS-PUBLICOS-7-1024x682.jpeg 1024w, https:\/\/cuernavaca.gob.mx\/wp-content\/uploads\/2023\/10\/EN-CUERNAVACA-CON-EL-FESTIVAL-DE-DIA-DE-MUERTOS-MICTLAN-2023-SE-LOGRA-LA-APROPIACION-DE-LOS-ESPACIOS-PUBLICOS-7-768x512.jpeg 768w, https:\/\/cuernavaca.gob.mx\/wp-content\/uploads\/2023\/10\/EN-CUERNAVACA-CON-EL-FESTIVAL-DE-DIA-DE-MUERTOS-MICTLAN-2023-SE-LOGRA-LA-APROPIACION-DE-LOS-ESPACIOS-PUBLICOS-7-1536x1023.jpeg 1536w, https:\/\/cuernavaca.gob.mx\/wp-content\/uploads\/2023\/10\/EN-CUERNAVACA-CON-EL-FESTIVAL-DE-DIA-DE-MUERTOS-MICTLAN-2023-SE-LOGRA-LA-APROPIACION-DE-LOS-ESPACIOS-PUBLICOS-7-600x400.jpeg 600w, https:\/\/cuernavaca.gob.mx\/wp-content\/uploads\/2023\/10\/EN-CUERNAVACA-CON-EL-FESTIVAL-DE-DIA-DE-MUERTOS-MICTLAN-2023-SE-LOGRA-LA-APROPIACION-DE-LOS-ESPACIOS-PUBLICOS-7-560x373.jpeg 560w, https:\/\/cuernavaca.gob.mx\/wp-content\/uploads\/2023\/10\/EN-CUERNAVACA-CON-EL-FESTIVAL-DE-DIA-DE-MUERTOS-MICTLAN-2023-SE-LOGRA-LA-APROPIACION-DE-LOS-ESPACIOS-PUBLICOS-7.jpeg 1600w\" sizes=\"(max-width: 300px) 100vw, 300px\" \/> <img loading=\"lazy\" class=\"alignnone size-medium wp-image-34272\" src=\"https:\/\/cuernavaca.gob.mx\/wp-content\/uploads\/2023\/10\/EN-CUERNAVACA-CON-EL-FESTIVAL-DE-DIA-DE-MUERTOS-MICTLAN-2023-SE-LOGRA-LA-APROPIACION-DE-LOS-ESPACIOS-PUBLICOS-8-300x200.jpeg\" alt=\"\" width=\"300\" height=\"200\" srcset=\"https:\/\/cuernavaca.gob.mx\/wp-content\/uploads\/2023\/10\/EN-CUERNAVACA-CON-EL-FESTIVAL-DE-DIA-DE-MUERTOS-MICTLAN-2023-SE-LOGRA-LA-APROPIACION-DE-LOS-ESPACIOS-PUBLICOS-8-300x200.jpeg 300w, https:\/\/cuernavaca.gob.mx\/wp-content\/uploads\/2023\/10\/EN-CUERNAVACA-CON-EL-FESTIVAL-DE-DIA-DE-MUERTOS-MICTLAN-2023-SE-LOGRA-LA-APROPIACION-DE-LOS-ESPACIOS-PUBLICOS-8-1024x682.jpeg 1024w, https:\/\/cuernavaca.gob.mx\/wp-content\/uploads\/2023\/10\/EN-CUERNAVACA-CON-EL-FESTIVAL-DE-DIA-DE-MUERTOS-MICTLAN-2023-SE-LOGRA-LA-APROPIACION-DE-LOS-ESPACIOS-PUBLICOS-8-768x512.jpeg 768w, https:\/\/cuernavaca.gob.mx\/wp-content\/uploads\/2023\/10\/EN-CUERNAVACA-CON-EL-FESTIVAL-DE-DIA-DE-MUERTOS-MICTLAN-2023-SE-LOGRA-LA-APROPIACION-DE-LOS-ESPACIOS-PUBLICOS-8-1536x1023.jpeg 1536w, https:\/\/cuernavaca.gob.mx\/wp-content\/uploads\/2023\/10\/EN-CUERNAVACA-CON-EL-FESTIVAL-DE-DIA-DE-MUERTOS-MICTLAN-2023-SE-LOGRA-LA-APROPIACION-DE-LOS-ESPACIOS-PUBLICOS-8-600x400.jpeg 600w, https:\/\/cuernavaca.gob.mx\/wp-content\/uploads\/2023\/10\/EN-CUERNAVACA-CON-EL-FESTIVAL-DE-DIA-DE-MUERTOS-MICTLAN-2023-SE-LOGRA-LA-APROPIACION-DE-LOS-ESPACIOS-PUBLICOS-8-560x373.jpeg 560w, https:\/\/cuernavaca.gob.mx\/wp-content\/uploads\/2023\/10\/EN-CUERNAVACA-CON-EL-FESTIVAL-DE-DIA-DE-MUERTOS-MICTLAN-2023-SE-LOGRA-LA-APROPIACION-DE-LOS-ESPACIOS-PUBLICOS-8.jpeg 1600w\" sizes=\"(max-width: 300px) 100vw, 300px\" \/> <img loading=\"lazy\" class=\"alignnone size-medium wp-image-34273\" src=\"https:\/\/cuernavaca.gob.mx\/wp-content\/uploads\/2023\/10\/EN-CUERNAVACA-CON-EL-FESTIVAL-DE-DIA-DE-MUERTOS-MICTLAN-2023-SE-LOGRA-LA-APROPIACION-DE-LOS-ESPACIOS-PUBLICOS-9-300x200.jpeg\" alt=\"\" width=\"300\" height=\"200\" srcset=\"https:\/\/cuernavaca.gob.mx\/wp-content\/uploads\/2023\/10\/EN-CUERNAVACA-CON-EL-FESTIVAL-DE-DIA-DE-MUERTOS-MICTLAN-2023-SE-LOGRA-LA-APROPIACION-DE-LOS-ESPACIOS-PUBLICOS-9-300x200.jpeg 300w, https:\/\/cuernavaca.gob.mx\/wp-content\/uploads\/2023\/10\/EN-CUERNAVACA-CON-EL-FESTIVAL-DE-DIA-DE-MUERTOS-MICTLAN-2023-SE-LOGRA-LA-APROPIACION-DE-LOS-ESPACIOS-PUBLICOS-9-1024x682.jpeg 1024w, https:\/\/cuernavaca.gob.mx\/wp-content\/uploads\/2023\/10\/EN-CUERNAVACA-CON-EL-FESTIVAL-DE-DIA-DE-MUERTOS-MICTLAN-2023-SE-LOGRA-LA-APROPIACION-DE-LOS-ESPACIOS-PUBLICOS-9-768x512.jpeg 768w, https:\/\/cuernavaca.gob.mx\/wp-content\/uploads\/2023\/10\/EN-CUERNAVACA-CON-EL-FESTIVAL-DE-DIA-DE-MUERTOS-MICTLAN-2023-SE-LOGRA-LA-APROPIACION-DE-LOS-ESPACIOS-PUBLICOS-9-1536x1023.jpeg 1536w, https:\/\/cuernavaca.gob.mx\/wp-content\/uploads\/2023\/10\/EN-CUERNAVACA-CON-EL-FESTIVAL-DE-DIA-DE-MUERTOS-MICTLAN-2023-SE-LOGRA-LA-APROPIACION-DE-LOS-ESPACIOS-PUBLICOS-9-600x400.jpeg 600w, https:\/\/cuernavaca.gob.mx\/wp-content\/uploads\/2023\/10\/EN-CUERNAVACA-CON-EL-FESTIVAL-DE-DIA-DE-MUERTOS-MICTLAN-2023-SE-LOGRA-LA-APROPIACION-DE-LOS-ESPACIOS-PUBLICOS-9-560x373.jpeg 560w, https:\/\/cuernavaca.gob.mx\/wp-content\/uploads\/2023\/10\/EN-CUERNAVACA-CON-EL-FESTIVAL-DE-DIA-DE-MUERTOS-MICTLAN-2023-SE-LOGRA-LA-APROPIACION-DE-LOS-ESPACIOS-PUBLICOS-9.jpeg 1600w\" sizes=\"(max-width: 300px) 100vw, 300px\" \/> <img loading=\"lazy\" class=\"alignnone size-medium wp-image-34274\" src=\"https:\/\/cuernavaca.gob.mx\/wp-content\/uploads\/2023\/10\/EN-CUERNAVACA-CON-EL-FESTIVAL-DE-DIA-DE-MUERTOS-MICTLAN-2023-SE-LOGRA-LA-APROPIACION-DE-LOS-ESPACIOS-PUBLICOS-10-300x200.jpeg\" alt=\"\" width=\"300\" height=\"200\" srcset=\"https:\/\/cuernavaca.gob.mx\/wp-content\/uploads\/2023\/10\/EN-CUERNAVACA-CON-EL-FESTIVAL-DE-DIA-DE-MUERTOS-MICTLAN-2023-SE-LOGRA-LA-APROPIACION-DE-LOS-ESPACIOS-PUBLICOS-10-300x200.jpeg 300w, https:\/\/cuernavaca.gob.mx\/wp-content\/uploads\/2023\/10\/EN-CUERNAVACA-CON-EL-FESTIVAL-DE-DIA-DE-MUERTOS-MICTLAN-2023-SE-LOGRA-LA-APROPIACION-DE-LOS-ESPACIOS-PUBLICOS-10-1024x682.jpeg 1024w, https:\/\/cuernavaca.gob.mx\/wp-content\/uploads\/2023\/10\/EN-CUERNAVACA-CON-EL-FESTIVAL-DE-DIA-DE-MUERTOS-MICTLAN-2023-SE-LOGRA-LA-APROPIACION-DE-LOS-ESPACIOS-PUBLICOS-10-768x512.jpeg 768w, https:\/\/cuernavaca.gob.mx\/wp-content\/uploads\/2023\/10\/EN-CUERNAVACA-CON-EL-FESTIVAL-DE-DIA-DE-MUERTOS-MICTLAN-2023-SE-LOGRA-LA-APROPIACION-DE-LOS-ESPACIOS-PUBLICOS-10-1536x1023.jpeg 1536w, https:\/\/cuernavaca.gob.mx\/wp-content\/uploads\/2023\/10\/EN-CUERNAVACA-CON-EL-FESTIVAL-DE-DIA-DE-MUERTOS-MICTLAN-2023-SE-LOGRA-LA-APROPIACION-DE-LOS-ESPACIOS-PUBLICOS-10-600x400.jpeg 600w, https:\/\/cuernavaca.gob.mx\/wp-content\/uploads\/2023\/10\/EN-CUERNAVACA-CON-EL-FESTIVAL-DE-DIA-DE-MUERTOS-MICTLAN-2023-SE-LOGRA-LA-APROPIACION-DE-LOS-ESPACIOS-PUBLICOS-10-560x373.jpeg 560w, https:\/\/cuernavaca.gob.mx\/wp-content\/uploads\/2023\/10\/EN-CUERNAVACA-CON-EL-FESTIVAL-DE-DIA-DE-MUERTOS-MICTLAN-2023-SE-LOGRA-LA-APROPIACION-DE-LOS-ESPACIOS-PUBLICOS-10.jpeg 1600w\" sizes=\"(max-width: 300px) 100vw, 300px\" \/> <img loading=\"lazy\" class=\"alignnone size-medium wp-image-34275\" src=\"https:\/\/cuernavaca.gob.mx\/wp-content\/uploads\/2023\/10\/EN-CUERNAVACA-CON-EL-FESTIVAL-DE-DIA-DE-MUERTOS-MICTLAN-2023-SE-LOGRA-LA-APROPIACION-DE-LOS-ESPACIOS-PUBLICOS-11-300x200.jpeg\" alt=\"\" width=\"300\" height=\"200\" srcset=\"https:\/\/cuernavaca.gob.mx\/wp-content\/uploads\/2023\/10\/EN-CUERNAVACA-CON-EL-FESTIVAL-DE-DIA-DE-MUERTOS-MICTLAN-2023-SE-LOGRA-LA-APROPIACION-DE-LOS-ESPACIOS-PUBLICOS-11-300x200.jpeg 300w, https:\/\/cuernavaca.gob.mx\/wp-content\/uploads\/2023\/10\/EN-CUERNAVACA-CON-EL-FESTIVAL-DE-DIA-DE-MUERTOS-MICTLAN-2023-SE-LOGRA-LA-APROPIACION-DE-LOS-ESPACIOS-PUBLICOS-11-1024x682.jpeg 1024w, https:\/\/cuernavaca.gob.mx\/wp-content\/uploads\/2023\/10\/EN-CUERNAVACA-CON-EL-FESTIVAL-DE-DIA-DE-MUERTOS-MICTLAN-2023-SE-LOGRA-LA-APROPIACION-DE-LOS-ESPACIOS-PUBLICOS-11-768x512.jpeg 768w, https:\/\/cuernavaca.gob.mx\/wp-content\/uploads\/2023\/10\/EN-CUERNAVACA-CON-EL-FESTIVAL-DE-DIA-DE-MUERTOS-MICTLAN-2023-SE-LOGRA-LA-APROPIACION-DE-LOS-ESPACIOS-PUBLICOS-11-1536x1023.jpeg 1536w, https:\/\/cuernavaca.gob.mx\/wp-content\/uploads\/2023\/10\/EN-CUERNAVACA-CON-EL-FESTIVAL-DE-DIA-DE-MUERTOS-MICTLAN-2023-SE-LOGRA-LA-APROPIACION-DE-LOS-ESPACIOS-PUBLICOS-11-600x400.jpeg 600w, https:\/\/cuernavaca.gob.mx\/wp-content\/uploads\/2023\/10\/EN-CUERNAVACA-CON-EL-FESTIVAL-DE-DIA-DE-MUERTOS-MICTLAN-2023-SE-LOGRA-LA-APROPIACION-DE-LOS-ESPACIOS-PUBLICOS-11-560x373.jpeg 560w, https:\/\/cuernavaca.gob.mx\/wp-content\/uploads\/2023\/10\/EN-CUERNAVACA-CON-EL-FESTIVAL-DE-DIA-DE-MUERTOS-MICTLAN-2023-SE-LOGRA-LA-APROPIACION-DE-LOS-ESPACIOS-PUBLICOS-11.jpeg 1600w\" sizes=\"(max-width: 300px) 100vw, 300px\" \/> <img loading=\"lazy\" class=\"alignnone size-medium wp-image-34276\" src=\"https:\/\/cuernavaca.gob.mx\/wp-content\/uploads\/2023\/10\/EN-CUERNAVACA-CON-EL-FESTIVAL-DE-DIA-DE-MUERTOS-MICTLAN-2023-SE-LOGRA-LA-APROPIACION-DE-LOS-ESPACIOS-PUBLICOS-12-300x200.jpeg\" alt=\"\" width=\"300\" height=\"200\" srcset=\"https:\/\/cuernavaca.gob.mx\/wp-content\/uploads\/2023\/10\/EN-CUERNAVACA-CON-EL-FESTIVAL-DE-DIA-DE-MUERTOS-MICTLAN-2023-SE-LOGRA-LA-APROPIACION-DE-LOS-ESPACIOS-PUBLICOS-12-300x200.jpeg 300w, https:\/\/cuernavaca.gob.mx\/wp-content\/uploads\/2023\/10\/EN-CUERNAVACA-CON-EL-FESTIVAL-DE-DIA-DE-MUERTOS-MICTLAN-2023-SE-LOGRA-LA-APROPIACION-DE-LOS-ESPACIOS-PUBLICOS-12-1024x682.jpeg 1024w, https:\/\/cuernavaca.gob.mx\/wp-content\/uploads\/2023\/10\/EN-CUERNAVACA-CON-EL-FESTIVAL-DE-DIA-DE-MUERTOS-MICTLAN-2023-SE-LOGRA-LA-APROPIACION-DE-LOS-ESPACIOS-PUBLICOS-12-768x512.jpeg 768w, https:\/\/cuernavaca.gob.mx\/wp-content\/uploads\/2023\/10\/EN-CUERNAVACA-CON-EL-FESTIVAL-DE-DIA-DE-MUERTOS-MICTLAN-2023-SE-LOGRA-LA-APROPIACION-DE-LOS-ESPACIOS-PUBLICOS-12-1536x1023.jpeg 1536w, https:\/\/cuernavaca.gob.mx\/wp-content\/uploads\/2023\/10\/EN-CUERNAVACA-CON-EL-FESTIVAL-DE-DIA-DE-MUERTOS-MICTLAN-2023-SE-LOGRA-LA-APROPIACION-DE-LOS-ESPACIOS-PUBLICOS-12-600x400.jpeg 600w, https:\/\/cuernavaca.gob.mx\/wp-content\/uploads\/2023\/10\/EN-CUERNAVACA-CON-EL-FESTIVAL-DE-DIA-DE-MUERTOS-MICTLAN-2023-SE-LOGRA-LA-APROPIACION-DE-LOS-ESPACIOS-PUBLICOS-12-560x373.jpeg 560w, https:\/\/cuernavaca.gob.mx\/wp-content\/uploads\/2023\/10\/EN-CUERNAVACA-CON-EL-FESTIVAL-DE-DIA-DE-MUERTOS-MICTLAN-2023-SE-LOGRA-LA-APROPIACION-DE-LOS-ESPACIOS-PUBLICOS-12.jpeg 1600w\" sizes=\"(max-width: 300px) 100vw, 300px\" \/> <img loading=\"lazy\" class=\"alignnone size-medium wp-image-34277\" src=\"https:\/\/cuernavaca.gob.mx\/wp-content\/uploads\/2023\/10\/EN-CUERNAVACA-CON-EL-FESTIVAL-DE-DIA-DE-MUERTOS-MICTLAN-2023-SE-LOGRA-LA-APROPIACION-DE-LOS-ESPACIOS-PUBLICOS-13-300x200.jpeg\" alt=\"\" width=\"300\" height=\"200\" srcset=\"https:\/\/cuernavaca.gob.mx\/wp-content\/uploads\/2023\/10\/EN-CUERNAVACA-CON-EL-FESTIVAL-DE-DIA-DE-MUERTOS-MICTLAN-2023-SE-LOGRA-LA-APROPIACION-DE-LOS-ESPACIOS-PUBLICOS-13-300x200.jpeg 300w, https:\/\/cuernavaca.gob.mx\/wp-content\/uploads\/2023\/10\/EN-CUERNAVACA-CON-EL-FESTIVAL-DE-DIA-DE-MUERTOS-MICTLAN-2023-SE-LOGRA-LA-APROPIACION-DE-LOS-ESPACIOS-PUBLICOS-13-1024x682.jpeg 1024w, https:\/\/cuernavaca.gob.mx\/wp-content\/uploads\/2023\/10\/EN-CUERNAVACA-CON-EL-FESTIVAL-DE-DIA-DE-MUERTOS-MICTLAN-2023-SE-LOGRA-LA-APROPIACION-DE-LOS-ESPACIOS-PUBLICOS-13-768x512.jpeg 768w, https:\/\/cuernavaca.gob.mx\/wp-content\/uploads\/2023\/10\/EN-CUERNAVACA-CON-EL-FESTIVAL-DE-DIA-DE-MUERTOS-MICTLAN-2023-SE-LOGRA-LA-APROPIACION-DE-LOS-ESPACIOS-PUBLICOS-13-1536x1023.jpeg 1536w, https:\/\/cuernavaca.gob.mx\/wp-content\/uploads\/2023\/10\/EN-CUERNAVACA-CON-EL-FESTIVAL-DE-DIA-DE-MUERTOS-MICTLAN-2023-SE-LOGRA-LA-APROPIACION-DE-LOS-ESPACIOS-PUBLICOS-13-600x400.jpeg 600w, https:\/\/cuernavaca.gob.mx\/wp-content\/uploads\/2023\/10\/EN-CUERNAVACA-CON-EL-FESTIVAL-DE-DIA-DE-MUERTOS-MICTLAN-2023-SE-LOGRA-LA-APROPIACION-DE-LOS-ESPACIOS-PUBLICOS-13-560x373.jpeg 560w, https:\/\/cuernavaca.gob.mx\/wp-content\/uploads\/2023\/10\/EN-CUERNAVACA-CON-EL-FESTIVAL-DE-DIA-DE-MUERTOS-MICTLAN-2023-SE-LOGRA-LA-APROPIACION-DE-LOS-ESPACIOS-PUBLICOS-13.jpeg 1600w\" sizes=\"(max-width: 300px) 100vw, 300px\" \/> <img loading=\"lazy\" class=\"alignnone size-medium wp-image-34278\" src=\"https:\/\/cuernavaca.gob.mx\/wp-content\/uploads\/2023\/10\/EN-CUERNAVACA-CON-EL-FESTIVAL-DE-DIA-DE-MUERTOS-MICTLAN-2023-SE-LOGRA-LA-APROPIACION-DE-LOS-ESPACIOS-PUBLICOS-14-300x200.jpeg\" alt=\"\" width=\"300\" height=\"200\" srcset=\"https:\/\/cuernavaca.gob.mx\/wp-content\/uploads\/2023\/10\/EN-CUERNAVACA-CON-EL-FESTIVAL-DE-DIA-DE-MUERTOS-MICTLAN-2023-SE-LOGRA-LA-APROPIACION-DE-LOS-ESPACIOS-PUBLICOS-14-300x200.jpeg 300w, https:\/\/cuernavaca.gob.mx\/wp-content\/uploads\/2023\/10\/EN-CUERNAVACA-CON-EL-FESTIVAL-DE-DIA-DE-MUERTOS-MICTLAN-2023-SE-LOGRA-LA-APROPIACION-DE-LOS-ESPACIOS-PUBLICOS-14-1024x682.jpeg 1024w, https:\/\/cuernavaca.gob.mx\/wp-content\/uploads\/2023\/10\/EN-CUERNAVACA-CON-EL-FESTIVAL-DE-DIA-DE-MUERTOS-MICTLAN-2023-SE-LOGRA-LA-APROPIACION-DE-LOS-ESPACIOS-PUBLICOS-14-768x512.jpeg 768w, https:\/\/cuernavaca.gob.mx\/wp-content\/uploads\/2023\/10\/EN-CUERNAVACA-CON-EL-FESTIVAL-DE-DIA-DE-MUERTOS-MICTLAN-2023-SE-LOGRA-LA-APROPIACION-DE-LOS-ESPACIOS-PUBLICOS-14-1536x1023.jpeg 1536w, https:\/\/cuernavaca.gob.mx\/wp-content\/uploads\/2023\/10\/EN-CUERNAVACA-CON-EL-FESTIVAL-DE-DIA-DE-MUERTOS-MICTLAN-2023-SE-LOGRA-LA-APROPIACION-DE-LOS-ESPACIOS-PUBLICOS-14-600x400.jpeg 600w, https:\/\/cuernavaca.gob.mx\/wp-content\/uploads\/2023\/10\/EN-CUERNAVACA-CON-EL-FESTIVAL-DE-DIA-DE-MUERTOS-MICTLAN-2023-SE-LOGRA-LA-APROPIACION-DE-LOS-ESPACIOS-PUBLICOS-14-560x373.jpeg 560w, https:\/\/cuernavaca.gob.mx\/wp-content\/uploads\/2023\/10\/EN-CUERNAVACA-CON-EL-FESTIVAL-DE-DIA-DE-MUERTOS-MICTLAN-2023-SE-LOGRA-LA-APROPIACION-DE-LOS-ESPACIOS-PUBLICOS-14.jpeg 1600w\" sizes=\"(max-width: 300px) 100vw, 300px\" \/><\/p>\n","protected":false},"excerpt":{"rendered":"<p>\u00b0 Este s\u00e1bado las calles del centro de la ciudad se llenaron de fiesta, m\u00fasica y tradici\u00f3n con catrinas y rondallas \u00b0 El Museo de la Ciudad de Cuernavaca tambien recibi\u00f3 a cientos de visitantes que disfrutaron de la inauguraci\u00f3n de la Mega Ofrenda de Pure Earth En un ambiente de fiesta y de sana [&hellip;]<\/p>\n","protected":false},"author":1,"featured_media":34269,"comment_status":"closed","ping_status":"open","sticky":false,"template":"","format":"standard","meta":[],"categories":[2292],"tags":[121,2490,2337,586,1882,120,2267,206,127,2225,194],"aioseo_notices":[],"_links":{"self":[{"href":"https:\/\/cuernavaca.gob.mx\/index.php?rest_route=\/wp\/v2\/posts\/34264"}],"collection":[{"href":"https:\/\/cuernavaca.gob.mx\/index.php?rest_route=\/wp\/v2\/posts"}],"about":[{"href":"https:\/\/cuernavaca.gob.mx\/index.php?rest_route=\/wp\/v2\/types\/post"}],"author":[{"embeddable":true,"href":"https:\/\/cuernavaca.gob.mx\/index.php?rest_route=\/wp\/v2\/users\/1"}],"replies":[{"embeddable":true,"href":"https:\/\/cuernavaca.gob.mx\/index.php?rest_route=%2Fwp%2Fv2%2Fcomments&post=34264"}],"version-history":[{"count":1,"href":"https:\/\/cuernavaca.gob.mx\/index.php?rest_route=\/wp\/v2\/posts\/34264\/revisions"}],"predecessor-version":[{"id":34279,"href":"https:\/\/cuernavaca.gob.mx\/index.php?rest_route=\/wp\/v2\/posts\/34264\/revisions\/34279"}],"wp:featuredmedia":[{"embeddable":true,"href":"https:\/\/cuernavaca.gob.mx\/index.php?rest_route=\/wp\/v2\/media\/34269"}],"wp:attachment":[{"href":"https:\/\/cuernavaca.gob.mx\/index.php?rest_route=%2Fwp%2Fv2%2Fmedia&parent=34264"}],"wp:term":[{"taxonomy":"category","embeddable":true,"href":"https:\/\/cuernavaca.gob.mx\/index.php?rest_route=%2Fwp%2Fv2%2Fcategories&post=34264"},{"taxonomy":"post_tag","embeddable":true,"href":"https:\/\/cuernavaca.gob.mx\/index.php?rest_route=%2Fwp%2Fv2%2Ftags&post=34264"}],"curies":[{"name":"wp","href":"https:\/\/api.w.org\/{rel}","templated":true}]}}