{"id":34607,"date":"2023-11-09T14:00:17","date_gmt":"2023-11-09T20:00:17","guid":{"rendered":"https:\/\/cuernavaca.gob.mx\/?p=34607"},"modified":"2023-11-09T14:35:49","modified_gmt":"2023-11-09T20:35:49","slug":"b1392-09-11-23-rehabilita-ayuntamiento-de-cuernavaca-la-iluminacion-del-entorno-de-la-glorieta-de-la-paloma-de-la-paz","status":"publish","type":"post","link":"https:\/\/cuernavaca.gob.mx\/?p=34607","title":{"rendered":"B1392 09\/11\/23 REHABILITA AYUNTAMIENTO DE CUERNAVACA LA ILUMINACI\u00d3N DEL ENTORNO DE LA GLORIETA DE LA PALOMA DE LA PAZ"},"content":{"rendered":"<p><strong>\u2022 La Secretar\u00eda de Desarrollo Urbano y Obras P\u00fablicas, en coordinaci\u00f3n con la Secretar\u00eda de Desarrollo Sustentable y Servicios P\u00fablicos, llevaron a cabo el mantenimiento y sustituci\u00f3n de luminarias de la torre frente a la glorieta<\/strong><\/p>\n<p><strong>\u2022 Adem\u00e1s de sustituir un total de 26 luminarias, bajo la direcci\u00f3n de la organizaci\u00f3n Mel\u00edfera conservaci\u00f3n procuraron el cuidado de un panal de abejas que se sit\u00faa dentro del poste que sostiene las luminarias<\/strong><\/p>\n<p>Como parte del Programa de Alumbrado P\u00fablico 2023 puesto en marcha por el presidente municipal de Cuernavaca, Jos\u00e9 Luis Uri\u00f3stegui Salgado, la Secretar\u00eda de Desarrollo Urbano y Obras P\u00fablicas, en coordinaci\u00f3n con la Secretar\u00eda de Desarrollo Sustentable y Servicios P\u00fablicos, llevaron a cabo trabajos integrales de mantenimiento y sustituci\u00f3n de luminarias de la torre frente a la glorieta de la Paloma de la Paz, con el objeto de iluminar el entorno de este que es, el principal acceso y salida en la capital morelense.<\/p>\n<p>Tal y como se hab\u00eda informado previamente, las maniobras iniciaron alrededor de las 20:00 horas contando con el apoyo del personal del Departamento de Alumbrado P\u00fablico de la Direcci\u00f3n de Servicios Urbanos, quienes se encargaron de sustituir un total de 26 luminarias, haciendo el cambio de focos, limpiando el cristal de algunos otros y cambiando el balastro donde se requiri\u00f3, para dar a la ciudadan\u00eda una estructura renovada y que funcione al cien por ciento.<\/p>\n<p>El secretario de Desarrollo Urbano y Obras P\u00fablicas de Cuernavaca, Demetrio Chavira de la Torre, puntualiz\u00f3 que en este trabajo se cont\u00f3 con el respaldo de la Secretar\u00eda de Protecci\u00f3n y Auxilio Ciudadano (SEPRAC), a trav\u00e9s del Heroico Cuerpo de Bomberos, de Protecci\u00f3n Civil y de Polic\u00eda Vial; adem\u00e1s de recibir el apoyo de la organizaci\u00f3n Mel\u00edfera conservaci\u00f3n, toda vez que dentro del poste que sostiene a las luminarias se encuentra un panal de abejas que cuidaron en todo momento.<\/p>\n<p>Bajo la direcci\u00f3n de esta organizaci\u00f3n, se procur\u00f3 generar las condiciones id\u00f3neas para cuidar a las abejas, evitando molestarlas lo menos posible mientras realizaban el movimiento de rehabilitaci\u00f3n de las l\u00e1mparas, con la finalidad de que puedan seguir coexistiendo en el ecosistema, siendo un trabajo que se desarroll\u00f3 de manera integral, cuidando al medio ambiente.<\/p>\n<p>Al formar parte del rescate integral de la glorieta de la Paloma de la Paz, Demetrio Chavira se\u00f1al\u00f3 que el viernes concluir\u00e1n con la limpieza de la escultura de la Paloma de la Paz para continuar trabajando el fin de semana en la fuente, a fin de entregar esta importante obra a la brevedad.<\/p>\n<p>Se cont\u00f3 con la presencia del secretario de Desarrollo Sustentable y Servicios P\u00fablicos, Israel Albavera V\u00e1zquez; del director general de Servicios P\u00fablicos, Gerardo Abarca Pe\u00f1a, as\u00ed como de directores y jefes de \u00e1rea que participaron en los trabajos.<\/p>\n<p><img loading=\"lazy\" class=\"alignnone size-medium wp-image-34608\" src=\"https:\/\/cuernavaca.gob.mx\/wp-content\/uploads\/2023\/11\/REHABILITA-AYUNTAMIENTO-DE-CUERNAVACA-LA-ILUMINACIO\u0301N-DEL-ENTORNO-DE-LA-GLORIETA-DE-LA-PALOMA-DE-LA-PAZ-1-300x200.jpg\" alt=\"\" width=\"300\" height=\"200\" srcset=\"https:\/\/cuernavaca.gob.mx\/wp-content\/uploads\/2023\/11\/REHABILITA-AYUNTAMIENTO-DE-CUERNAVACA-LA-ILUMINACIO\u0301N-DEL-ENTORNO-DE-LA-GLORIETA-DE-LA-PALOMA-DE-LA-PAZ-1-300x200.jpg 300w, https:\/\/cuernavaca.gob.mx\/wp-content\/uploads\/2023\/11\/REHABILITA-AYUNTAMIENTO-DE-CUERNAVACA-LA-ILUMINACIO\u0301N-DEL-ENTORNO-DE-LA-GLORIETA-DE-LA-PALOMA-DE-LA-PAZ-1-1024x682.jpg 1024w, https:\/\/cuernavaca.gob.mx\/wp-content\/uploads\/2023\/11\/REHABILITA-AYUNTAMIENTO-DE-CUERNAVACA-LA-ILUMINACIO\u0301N-DEL-ENTORNO-DE-LA-GLORIETA-DE-LA-PALOMA-DE-LA-PAZ-1-768x512.jpg 768w, https:\/\/cuernavaca.gob.mx\/wp-content\/uploads\/2023\/11\/REHABILITA-AYUNTAMIENTO-DE-CUERNAVACA-LA-ILUMINACIO\u0301N-DEL-ENTORNO-DE-LA-GLORIETA-DE-LA-PALOMA-DE-LA-PAZ-1-1536x1023.jpg 1536w, https:\/\/cuernavaca.gob.mx\/wp-content\/uploads\/2023\/11\/REHABILITA-AYUNTAMIENTO-DE-CUERNAVACA-LA-ILUMINACIO\u0301N-DEL-ENTORNO-DE-LA-GLORIETA-DE-LA-PALOMA-DE-LA-PAZ-1-600x400.jpg 600w, https:\/\/cuernavaca.gob.mx\/wp-content\/uploads\/2023\/11\/REHABILITA-AYUNTAMIENTO-DE-CUERNAVACA-LA-ILUMINACIO\u0301N-DEL-ENTORNO-DE-LA-GLORIETA-DE-LA-PALOMA-DE-LA-PAZ-1-560x373.jpg 560w, https:\/\/cuernavaca.gob.mx\/wp-content\/uploads\/2023\/11\/REHABILITA-AYUNTAMIENTO-DE-CUERNAVACA-LA-ILUMINACIO\u0301N-DEL-ENTORNO-DE-LA-GLORIETA-DE-LA-PALOMA-DE-LA-PAZ-1.jpg 1600w\" sizes=\"(max-width: 300px) 100vw, 300px\" \/> <img loading=\"lazy\" class=\"alignnone size-medium wp-image-34609\" src=\"https:\/\/cuernavaca.gob.mx\/wp-content\/uploads\/2023\/11\/REHABILITA-AYUNTAMIENTO-DE-CUERNAVACA-LA-ILUMINACIO\u0301N-DEL-ENTORNO-DE-LA-GLORIETA-DE-LA-PALOMA-DE-LA-PAZ-2-300x200.jpg\" alt=\"\" width=\"300\" height=\"200\" srcset=\"https:\/\/cuernavaca.gob.mx\/wp-content\/uploads\/2023\/11\/REHABILITA-AYUNTAMIENTO-DE-CUERNAVACA-LA-ILUMINACIO\u0301N-DEL-ENTORNO-DE-LA-GLORIETA-DE-LA-PALOMA-DE-LA-PAZ-2-300x200.jpg 300w, https:\/\/cuernavaca.gob.mx\/wp-content\/uploads\/2023\/11\/REHABILITA-AYUNTAMIENTO-DE-CUERNAVACA-LA-ILUMINACIO\u0301N-DEL-ENTORNO-DE-LA-GLORIETA-DE-LA-PALOMA-DE-LA-PAZ-2-1024x682.jpg 1024w, https:\/\/cuernavaca.gob.mx\/wp-content\/uploads\/2023\/11\/REHABILITA-AYUNTAMIENTO-DE-CUERNAVACA-LA-ILUMINACIO\u0301N-DEL-ENTORNO-DE-LA-GLORIETA-DE-LA-PALOMA-DE-LA-PAZ-2-768x512.jpg 768w, https:\/\/cuernavaca.gob.mx\/wp-content\/uploads\/2023\/11\/REHABILITA-AYUNTAMIENTO-DE-CUERNAVACA-LA-ILUMINACIO\u0301N-DEL-ENTORNO-DE-LA-GLORIETA-DE-LA-PALOMA-DE-LA-PAZ-2-1536x1023.jpg 1536w, https:\/\/cuernavaca.gob.mx\/wp-content\/uploads\/2023\/11\/REHABILITA-AYUNTAMIENTO-DE-CUERNAVACA-LA-ILUMINACIO\u0301N-DEL-ENTORNO-DE-LA-GLORIETA-DE-LA-PALOMA-DE-LA-PAZ-2-600x400.jpg 600w, https:\/\/cuernavaca.gob.mx\/wp-content\/uploads\/2023\/11\/REHABILITA-AYUNTAMIENTO-DE-CUERNAVACA-LA-ILUMINACIO\u0301N-DEL-ENTORNO-DE-LA-GLORIETA-DE-LA-PALOMA-DE-LA-PAZ-2-560x373.jpg 560w, https:\/\/cuernavaca.gob.mx\/wp-content\/uploads\/2023\/11\/REHABILITA-AYUNTAMIENTO-DE-CUERNAVACA-LA-ILUMINACIO\u0301N-DEL-ENTORNO-DE-LA-GLORIETA-DE-LA-PALOMA-DE-LA-PAZ-2.jpg 1600w\" sizes=\"(max-width: 300px) 100vw, 300px\" \/> <img loading=\"lazy\" class=\"alignnone size-medium wp-image-34610\" src=\"https:\/\/cuernavaca.gob.mx\/wp-content\/uploads\/2023\/11\/REHABILITA-AYUNTAMIENTO-DE-CUERNAVACA-LA-ILUMINACIO\u0301N-DEL-ENTORNO-DE-LA-GLORIETA-DE-LA-PALOMA-DE-LA-PAZ-3-300x200.jpg\" alt=\"\" width=\"300\" height=\"200\" srcset=\"https:\/\/cuernavaca.gob.mx\/wp-content\/uploads\/2023\/11\/REHABILITA-AYUNTAMIENTO-DE-CUERNAVACA-LA-ILUMINACIO\u0301N-DEL-ENTORNO-DE-LA-GLORIETA-DE-LA-PALOMA-DE-LA-PAZ-3-300x200.jpg 300w, https:\/\/cuernavaca.gob.mx\/wp-content\/uploads\/2023\/11\/REHABILITA-AYUNTAMIENTO-DE-CUERNAVACA-LA-ILUMINACIO\u0301N-DEL-ENTORNO-DE-LA-GLORIETA-DE-LA-PALOMA-DE-LA-PAZ-3-1024x682.jpg 1024w, https:\/\/cuernavaca.gob.mx\/wp-content\/uploads\/2023\/11\/REHABILITA-AYUNTAMIENTO-DE-CUERNAVACA-LA-ILUMINACIO\u0301N-DEL-ENTORNO-DE-LA-GLORIETA-DE-LA-PALOMA-DE-LA-PAZ-3-768x512.jpg 768w, https:\/\/cuernavaca.gob.mx\/wp-content\/uploads\/2023\/11\/REHABILITA-AYUNTAMIENTO-DE-CUERNAVACA-LA-ILUMINACIO\u0301N-DEL-ENTORNO-DE-LA-GLORIETA-DE-LA-PALOMA-DE-LA-PAZ-3-1536x1023.jpg 1536w, https:\/\/cuernavaca.gob.mx\/wp-content\/uploads\/2023\/11\/REHABILITA-AYUNTAMIENTO-DE-CUERNAVACA-LA-ILUMINACIO\u0301N-DEL-ENTORNO-DE-LA-GLORIETA-DE-LA-PALOMA-DE-LA-PAZ-3-600x400.jpg 600w, https:\/\/cuernavaca.gob.mx\/wp-content\/uploads\/2023\/11\/REHABILITA-AYUNTAMIENTO-DE-CUERNAVACA-LA-ILUMINACIO\u0301N-DEL-ENTORNO-DE-LA-GLORIETA-DE-LA-PALOMA-DE-LA-PAZ-3-560x373.jpg 560w, https:\/\/cuernavaca.gob.mx\/wp-content\/uploads\/2023\/11\/REHABILITA-AYUNTAMIENTO-DE-CUERNAVACA-LA-ILUMINACIO\u0301N-DEL-ENTORNO-DE-LA-GLORIETA-DE-LA-PALOMA-DE-LA-PAZ-3.jpg 1600w\" sizes=\"(max-width: 300px) 100vw, 300px\" \/> <img loading=\"lazy\" class=\"alignnone size-medium wp-image-34611\" src=\"https:\/\/cuernavaca.gob.mx\/wp-content\/uploads\/2023\/11\/REHABILITA-AYUNTAMIENTO-DE-CUERNAVACA-LA-ILUMINACIO\u0301N-DEL-ENTORNO-DE-LA-GLORIETA-DE-LA-PALOMA-DE-LA-PAZ-4-300x200.jpg\" alt=\"\" width=\"300\" height=\"200\" srcset=\"https:\/\/cuernavaca.gob.mx\/wp-content\/uploads\/2023\/11\/REHABILITA-AYUNTAMIENTO-DE-CUERNAVACA-LA-ILUMINACIO\u0301N-DEL-ENTORNO-DE-LA-GLORIETA-DE-LA-PALOMA-DE-LA-PAZ-4-300x200.jpg 300w, https:\/\/cuernavaca.gob.mx\/wp-content\/uploads\/2023\/11\/REHABILITA-AYUNTAMIENTO-DE-CUERNAVACA-LA-ILUMINACIO\u0301N-DEL-ENTORNO-DE-LA-GLORIETA-DE-LA-PALOMA-DE-LA-PAZ-4-1024x682.jpg 1024w, https:\/\/cuernavaca.gob.mx\/wp-content\/uploads\/2023\/11\/REHABILITA-AYUNTAMIENTO-DE-CUERNAVACA-LA-ILUMINACIO\u0301N-DEL-ENTORNO-DE-LA-GLORIETA-DE-LA-PALOMA-DE-LA-PAZ-4-768x512.jpg 768w, https:\/\/cuernavaca.gob.mx\/wp-content\/uploads\/2023\/11\/REHABILITA-AYUNTAMIENTO-DE-CUERNAVACA-LA-ILUMINACIO\u0301N-DEL-ENTORNO-DE-LA-GLORIETA-DE-LA-PALOMA-DE-LA-PAZ-4-1536x1023.jpg 1536w, https:\/\/cuernavaca.gob.mx\/wp-content\/uploads\/2023\/11\/REHABILITA-AYUNTAMIENTO-DE-CUERNAVACA-LA-ILUMINACIO\u0301N-DEL-ENTORNO-DE-LA-GLORIETA-DE-LA-PALOMA-DE-LA-PAZ-4-600x400.jpg 600w, https:\/\/cuernavaca.gob.mx\/wp-content\/uploads\/2023\/11\/REHABILITA-AYUNTAMIENTO-DE-CUERNAVACA-LA-ILUMINACIO\u0301N-DEL-ENTORNO-DE-LA-GLORIETA-DE-LA-PALOMA-DE-LA-PAZ-4-560x373.jpg 560w, https:\/\/cuernavaca.gob.mx\/wp-content\/uploads\/2023\/11\/REHABILITA-AYUNTAMIENTO-DE-CUERNAVACA-LA-ILUMINACIO\u0301N-DEL-ENTORNO-DE-LA-GLORIETA-DE-LA-PALOMA-DE-LA-PAZ-4.jpg 1600w\" sizes=\"(max-width: 300px) 100vw, 300px\" \/> <img loading=\"lazy\" class=\"alignnone size-medium wp-image-34612\" src=\"https:\/\/cuernavaca.gob.mx\/wp-content\/uploads\/2023\/11\/REHABILITA-AYUNTAMIENTO-DE-CUERNAVACA-LA-ILUMINACIO\u0301N-DEL-ENTORNO-DE-LA-GLORIETA-DE-LA-PALOMA-DE-LA-PAZ-5-300x200.jpg\" alt=\"\" width=\"300\" height=\"200\" srcset=\"https:\/\/cuernavaca.gob.mx\/wp-content\/uploads\/2023\/11\/REHABILITA-AYUNTAMIENTO-DE-CUERNAVACA-LA-ILUMINACIO\u0301N-DEL-ENTORNO-DE-LA-GLORIETA-DE-LA-PALOMA-DE-LA-PAZ-5-300x200.jpg 300w, https:\/\/cuernavaca.gob.mx\/wp-content\/uploads\/2023\/11\/REHABILITA-AYUNTAMIENTO-DE-CUERNAVACA-LA-ILUMINACIO\u0301N-DEL-ENTORNO-DE-LA-GLORIETA-DE-LA-PALOMA-DE-LA-PAZ-5-1024x682.jpg 1024w, https:\/\/cuernavaca.gob.mx\/wp-content\/uploads\/2023\/11\/REHABILITA-AYUNTAMIENTO-DE-CUERNAVACA-LA-ILUMINACIO\u0301N-DEL-ENTORNO-DE-LA-GLORIETA-DE-LA-PALOMA-DE-LA-PAZ-5-768x512.jpg 768w, https:\/\/cuernavaca.gob.mx\/wp-content\/uploads\/2023\/11\/REHABILITA-AYUNTAMIENTO-DE-CUERNAVACA-LA-ILUMINACIO\u0301N-DEL-ENTORNO-DE-LA-GLORIETA-DE-LA-PALOMA-DE-LA-PAZ-5-1536x1023.jpg 1536w, https:\/\/cuernavaca.gob.mx\/wp-content\/uploads\/2023\/11\/REHABILITA-AYUNTAMIENTO-DE-CUERNAVACA-LA-ILUMINACIO\u0301N-DEL-ENTORNO-DE-LA-GLORIETA-DE-LA-PALOMA-DE-LA-PAZ-5-600x400.jpg 600w, https:\/\/cuernavaca.gob.mx\/wp-content\/uploads\/2023\/11\/REHABILITA-AYUNTAMIENTO-DE-CUERNAVACA-LA-ILUMINACIO\u0301N-DEL-ENTORNO-DE-LA-GLORIETA-DE-LA-PALOMA-DE-LA-PAZ-5-560x373.jpg 560w, https:\/\/cuernavaca.gob.mx\/wp-content\/uploads\/2023\/11\/REHABILITA-AYUNTAMIENTO-DE-CUERNAVACA-LA-ILUMINACIO\u0301N-DEL-ENTORNO-DE-LA-GLORIETA-DE-LA-PALOMA-DE-LA-PAZ-5.jpg 1600w\" sizes=\"(max-width: 300px) 100vw, 300px\" \/> <img loading=\"lazy\" class=\"alignnone size-medium wp-image-34613\" src=\"https:\/\/cuernavaca.gob.mx\/wp-content\/uploads\/2023\/11\/REHABILITA-AYUNTAMIENTO-DE-CUERNAVACA-LA-ILUMINACIO\u0301N-DEL-ENTORNO-DE-LA-GLORIETA-DE-LA-PALOMA-DE-LA-PAZ-6-200x300.jpg\" alt=\"\" width=\"200\" height=\"300\" srcset=\"https:\/\/cuernavaca.gob.mx\/wp-content\/uploads\/2023\/11\/REHABILITA-AYUNTAMIENTO-DE-CUERNAVACA-LA-ILUMINACIO\u0301N-DEL-ENTORNO-DE-LA-GLORIETA-DE-LA-PALOMA-DE-LA-PAZ-6-200x300.jpg 200w, https:\/\/cuernavaca.gob.mx\/wp-content\/uploads\/2023\/11\/REHABILITA-AYUNTAMIENTO-DE-CUERNAVACA-LA-ILUMINACIO\u0301N-DEL-ENTORNO-DE-LA-GLORIETA-DE-LA-PALOMA-DE-LA-PAZ-6-682x1024.jpg 682w, https:\/\/cuernavaca.gob.mx\/wp-content\/uploads\/2023\/11\/REHABILITA-AYUNTAMIENTO-DE-CUERNAVACA-LA-ILUMINACIO\u0301N-DEL-ENTORNO-DE-LA-GLORIETA-DE-LA-PALOMA-DE-LA-PAZ-6-768x1153.jpg 768w, https:\/\/cuernavaca.gob.mx\/wp-content\/uploads\/2023\/11\/REHABILITA-AYUNTAMIENTO-DE-CUERNAVACA-LA-ILUMINACIO\u0301N-DEL-ENTORNO-DE-LA-GLORIETA-DE-LA-PALOMA-DE-LA-PAZ-6-1023x1536.jpg 1023w, https:\/\/cuernavaca.gob.mx\/wp-content\/uploads\/2023\/11\/REHABILITA-AYUNTAMIENTO-DE-CUERNAVACA-LA-ILUMINACIO\u0301N-DEL-ENTORNO-DE-LA-GLORIETA-DE-LA-PALOMA-DE-LA-PAZ-6-400x600.jpg 400w, https:\/\/cuernavaca.gob.mx\/wp-content\/uploads\/2023\/11\/REHABILITA-AYUNTAMIENTO-DE-CUERNAVACA-LA-ILUMINACIO\u0301N-DEL-ENTORNO-DE-LA-GLORIETA-DE-LA-PALOMA-DE-LA-PAZ-6-373x560.jpg 373w, https:\/\/cuernavaca.gob.mx\/wp-content\/uploads\/2023\/11\/REHABILITA-AYUNTAMIENTO-DE-CUERNAVACA-LA-ILUMINACIO\u0301N-DEL-ENTORNO-DE-LA-GLORIETA-DE-LA-PALOMA-DE-LA-PAZ-6.jpg 1066w\" sizes=\"(max-width: 200px) 100vw, 200px\" \/> <img loading=\"lazy\" class=\"alignnone size-medium wp-image-34614\" src=\"https:\/\/cuernavaca.gob.mx\/wp-content\/uploads\/2023\/11\/REHABILITA-AYUNTAMIENTO-DE-CUERNAVACA-LA-ILUMINACIO\u0301N-DEL-ENTORNO-DE-LA-GLORIETA-DE-LA-PALOMA-DE-LA-PAZ-7-300x200.jpg\" alt=\"\" width=\"300\" height=\"200\" srcset=\"https:\/\/cuernavaca.gob.mx\/wp-content\/uploads\/2023\/11\/REHABILITA-AYUNTAMIENTO-DE-CUERNAVACA-LA-ILUMINACIO\u0301N-DEL-ENTORNO-DE-LA-GLORIETA-DE-LA-PALOMA-DE-LA-PAZ-7-300x200.jpg 300w, https:\/\/cuernavaca.gob.mx\/wp-content\/uploads\/2023\/11\/REHABILITA-AYUNTAMIENTO-DE-CUERNAVACA-LA-ILUMINACIO\u0301N-DEL-ENTORNO-DE-LA-GLORIETA-DE-LA-PALOMA-DE-LA-PAZ-7-1024x682.jpg 1024w, https:\/\/cuernavaca.gob.mx\/wp-content\/uploads\/2023\/11\/REHABILITA-AYUNTAMIENTO-DE-CUERNAVACA-LA-ILUMINACIO\u0301N-DEL-ENTORNO-DE-LA-GLORIETA-DE-LA-PALOMA-DE-LA-PAZ-7-768x512.jpg 768w, https:\/\/cuernavaca.gob.mx\/wp-content\/uploads\/2023\/11\/REHABILITA-AYUNTAMIENTO-DE-CUERNAVACA-LA-ILUMINACIO\u0301N-DEL-ENTORNO-DE-LA-GLORIETA-DE-LA-PALOMA-DE-LA-PAZ-7-1536x1023.jpg 1536w, https:\/\/cuernavaca.gob.mx\/wp-content\/uploads\/2023\/11\/REHABILITA-AYUNTAMIENTO-DE-CUERNAVACA-LA-ILUMINACIO\u0301N-DEL-ENTORNO-DE-LA-GLORIETA-DE-LA-PALOMA-DE-LA-PAZ-7-600x400.jpg 600w, https:\/\/cuernavaca.gob.mx\/wp-content\/uploads\/2023\/11\/REHABILITA-AYUNTAMIENTO-DE-CUERNAVACA-LA-ILUMINACIO\u0301N-DEL-ENTORNO-DE-LA-GLORIETA-DE-LA-PALOMA-DE-LA-PAZ-7-560x373.jpg 560w, https:\/\/cuernavaca.gob.mx\/wp-content\/uploads\/2023\/11\/REHABILITA-AYUNTAMIENTO-DE-CUERNAVACA-LA-ILUMINACIO\u0301N-DEL-ENTORNO-DE-LA-GLORIETA-DE-LA-PALOMA-DE-LA-PAZ-7.jpg 1600w\" sizes=\"(max-width: 300px) 100vw, 300px\" \/><\/p>\n","protected":false},"excerpt":{"rendered":"<p>\u2022 La Secretar\u00eda de Desarrollo Urbano y Obras P\u00fablicas, en coordinaci\u00f3n con la Secretar\u00eda de Desarrollo Sustentable y Servicios P\u00fablicos, llevaron a cabo el mantenimiento y sustituci\u00f3n de luminarias de la torre frente a la glorieta \u2022 Adem\u00e1s de sustituir un total de 26 luminarias, bajo la direcci\u00f3n de la organizaci\u00f3n Mel\u00edfera conservaci\u00f3n procuraron el [&hellip;]<\/p>\n","protected":false},"author":1,"featured_media":34608,"comment_status":"closed","ping_status":"open","sticky":false,"template":"","format":"standard","meta":[],"categories":[208],"tags":[2311,121,2862,2737,120,206,644,125],"aioseo_notices":[],"_links":{"self":[{"href":"https:\/\/cuernavaca.gob.mx\/index.php?rest_route=\/wp\/v2\/posts\/34607"}],"collection":[{"href":"https:\/\/cuernavaca.gob.mx\/index.php?rest_route=\/wp\/v2\/posts"}],"about":[{"href":"https:\/\/cuernavaca.gob.mx\/index.php?rest_route=\/wp\/v2\/types\/post"}],"author":[{"embeddable":true,"href":"https:\/\/cuernavaca.gob.mx\/index.php?rest_route=\/wp\/v2\/users\/1"}],"replies":[{"embeddable":true,"href":"https:\/\/cuernavaca.gob.mx\/index.php?rest_route=%2Fwp%2Fv2%2Fcomments&post=34607"}],"version-history":[{"count":1,"href":"https:\/\/cuernavaca.gob.mx\/index.php?rest_route=\/wp\/v2\/posts\/34607\/revisions"}],"predecessor-version":[{"id":34615,"href":"https:\/\/cuernavaca.gob.mx\/index.php?rest_route=\/wp\/v2\/posts\/34607\/revisions\/34615"}],"wp:featuredmedia":[{"embeddable":true,"href":"https:\/\/cuernavaca.gob.mx\/index.php?rest_route=\/wp\/v2\/media\/34608"}],"wp:attachment":[{"href":"https:\/\/cuernavaca.gob.mx\/index.php?rest_route=%2Fwp%2Fv2%2Fmedia&parent=34607"}],"wp:term":[{"taxonomy":"category","embeddable":true,"href":"https:\/\/cuernavaca.gob.mx\/index.php?rest_route=%2Fwp%2Fv2%2Fcategories&post=34607"},{"taxonomy":"post_tag","embeddable":true,"href":"https:\/\/cuernavaca.gob.mx\/index.php?rest_route=%2Fwp%2Fv2%2Ftags&post=34607"}],"curies":[{"name":"wp","href":"https:\/\/api.w.org\/{rel}","templated":true}]}}