{"id":34694,"date":"2023-11-13T15:30:29","date_gmt":"2023-11-13T21:30:29","guid":{"rendered":"https:\/\/cuernavaca.gob.mx\/?p=34694"},"modified":"2023-11-13T16:00:37","modified_gmt":"2023-11-13T22:00:37","slug":"b1400-12-11-23-cumple-jose-luis-uriostegui-con-la-pavimentacion-hidraulica-de-la-calle-lerdo-de-tejada-entrada-principal-a-la-colonia-alta-vista","status":"publish","type":"post","link":"https:\/\/cuernavaca.gob.mx\/?p=34694","title":{"rendered":"B1400 12\/11\/23 CUMPLE JOS\u00c9 LUIS URI\u00d3STEGUI CON LA PAVIMENTACI\u00d3N HIDR\u00c1ULICA DE LA CALLE LERDO DE TEJADA, ENTRADA PRINCIPAL A LA COLONIA ALTA VISTA"},"content":{"rendered":"<p><strong>\u2022 El presidente municipal de Cuernavaca resalt\u00f3 la consolidaci\u00f3n del circuito vial para la zona poniente de la ciudad capital<\/strong><\/p>\n<p><strong>\u2022 Esta obra tuvo un periodo de ejecuci\u00f3n de 60 d\u00edas, incluyendo la sustituci\u00f3n de luminarias, la construcci\u00f3n de banquetas, la nivelaci\u00f3n de pozos de visita de drenaje, el balizamiento y la poda de \u00e1rboles<\/strong><\/p>\n<p>Con una inversi\u00f3n de cinco millones 495 mil 369.49 pesos del Fondo de Apoyo para la Infraestructura Social Municipal (FAISMUN), el presidente municipal de Cuernavaca, Jos\u00e9 Luis Uri\u00f3stegui Salgado, encabez\u00f3 este lunes la inauguraci\u00f3n de la obra de revestimiento de pavimento hidr\u00e1ulico y asf\u00e1ltico de la calle Miguel Lerdo de Tejada, que por m\u00e1s de 20 a\u00f1os estuvo abandonada, pese a ser la principal v\u00eda de acceso a la colonia Altavista y a la zona poniente de la capital morelense.<\/p>\n<p>Acompa\u00f1ado de la s\u00edndica municipal, Ver\u00f3nica Atenco P\u00e9rez, de los regidores Paz Hern\u00e1ndez Pardo, Mireya Delgado Romero y Fernando Carrillo Alvarado, as\u00ed como del diputado local, \u00c1ngel Adame Jim\u00e9nez, el alcalde aplaudi\u00f3 la rapidez con la que se efectuaron los trabajos, entregando a los vecinos una obra, no solo con la calidad que merecen, sino tambi\u00e9n que de manera integral contemplo la sustituci\u00f3n de luminarias, la construcci\u00f3n de banquetas, la nivelaci\u00f3n de pozos de visita de drenaje, el balizamiento y la poda de \u00e1rboles.<\/p>\n<p>Precis\u00f3 que con esta obra constituyen un circuito vial que permite unir a los vecinos de las calles Otilio Monta\u00f1o y Subida a Chalma, que el a\u00f1o pasado fueron intervenidas por el Ayuntamiento de Cuernavaca y que se suma tambi\u00e9n a la calle Cerezos a cargo del Gobierno del Estado y que por m\u00e1s de un a\u00f1o estuvo suspendida.<\/p>\n<p>En su explicaci\u00f3n, el secretario de Desarrollo Urbano y Obras P\u00fablicas, Demetrio Chavira de la Torre, detall\u00f3 que tal y como se hab\u00edan comprometido, los trabajos tuvieron un periodo de ejecuci\u00f3n de 60 d\u00edas, en el que se logr\u00f3 la aplicaci\u00f3n de la carpeta asf\u00e1ltica de cinco cent\u00edmetros de espesor en cinco mil 352.90 metros cuadrados, las guarniciones en 12.50 metros lineales, el suministro y aplicaci\u00f3n de la pintura termopl\u00e1stica en dos mil 175 metros lineales y la rehabilitaci\u00f3n de banquetas de 10 cent\u00edmetros que beneficiar\u00e1n a 700 habitantes directos y m\u00e1s de 25 mil indirectos.<\/p>\n<p>En sus intervenciones, la s\u00edndica municipal, Ver\u00f3nica Atenco P\u00e9rez y el regidor Fernando Carrillo Alvarado, coincidieron al mencionar que a pesar de los problemas financieros con que recibieron la administraci\u00f3n, se han atendido las necesidades m\u00e1s apremiantes y antiguas de la poblaci\u00f3n, logrando, gracias al buen manejo de los recursos p\u00fablicos, invertir desde el a\u00f1o pasado una importante cantidad en el mejoramiento de la infraestructura urbana que ha concretado el renacer de Cuernavaca.<\/p>\n<p>Finalmente, el presidente del Comit\u00e9 de Obra, Julio C\u00e9sar L\u00f3pez, agradeci\u00f3 al presidente municipal, Jos\u00e9 Luis Uri\u00f3stegui Salgado, a su Cabildo y Gabinete por todo el apoyo mostrado para llevar a cabo esta obra que transforma una petici\u00f3n desde hace m\u00e1s de 20 a\u00f1os en realidad, lo cual ser\u00e1 de gran beneficio para miles de personas que transitan diariamente la avenida.<\/p>\n<p>A este arranque de obra acudieron tambi\u00e9n el secretario de Desarrollo Sustentable y Servicios P\u00fablicos, Israel Alvabera V\u00e1zquez; el coordinador del COPLADEMUN, Luis Enrique Mart\u00ednez Catal\u00e1n; as\u00ed como representantes vecinales.<\/p>\n<p><img loading=\"lazy\" class=\"alignnone size-medium wp-image-34695\" src=\"https:\/\/cuernavaca.gob.mx\/wp-content\/uploads\/2023\/11\/CUMPLE-JOSE\u0301-LUIS-URIO\u0301STEGUI-CON-LA-PAVIMENTACIO\u0301N-HIDRA\u0301ULICA-DE-LA-CALLE-LERDO-DE-TEJADA-ENTRADA-PRINCIPAL-A-LA-COLONIA-ALTA-VISTA-1-300x200.jpg\" alt=\"\" width=\"300\" height=\"200\" srcset=\"https:\/\/cuernavaca.gob.mx\/wp-content\/uploads\/2023\/11\/CUMPLE-JOSE\u0301-LUIS-URIO\u0301STEGUI-CON-LA-PAVIMENTACIO\u0301N-HIDRA\u0301ULICA-DE-LA-CALLE-LERDO-DE-TEJADA-ENTRADA-PRINCIPAL-A-LA-COLONIA-ALTA-VISTA-1-300x200.jpg 300w, https:\/\/cuernavaca.gob.mx\/wp-content\/uploads\/2023\/11\/CUMPLE-JOSE\u0301-LUIS-URIO\u0301STEGUI-CON-LA-PAVIMENTACIO\u0301N-HIDRA\u0301ULICA-DE-LA-CALLE-LERDO-DE-TEJADA-ENTRADA-PRINCIPAL-A-LA-COLONIA-ALTA-VISTA-1-1024x682.jpg 1024w, https:\/\/cuernavaca.gob.mx\/wp-content\/uploads\/2023\/11\/CUMPLE-JOSE\u0301-LUIS-URIO\u0301STEGUI-CON-LA-PAVIMENTACIO\u0301N-HIDRA\u0301ULICA-DE-LA-CALLE-LERDO-DE-TEJADA-ENTRADA-PRINCIPAL-A-LA-COLONIA-ALTA-VISTA-1-768x512.jpg 768w, https:\/\/cuernavaca.gob.mx\/wp-content\/uploads\/2023\/11\/CUMPLE-JOSE\u0301-LUIS-URIO\u0301STEGUI-CON-LA-PAVIMENTACIO\u0301N-HIDRA\u0301ULICA-DE-LA-CALLE-LERDO-DE-TEJADA-ENTRADA-PRINCIPAL-A-LA-COLONIA-ALTA-VISTA-1-1536x1023.jpg 1536w, https:\/\/cuernavaca.gob.mx\/wp-content\/uploads\/2023\/11\/CUMPLE-JOSE\u0301-LUIS-URIO\u0301STEGUI-CON-LA-PAVIMENTACIO\u0301N-HIDRA\u0301ULICA-DE-LA-CALLE-LERDO-DE-TEJADA-ENTRADA-PRINCIPAL-A-LA-COLONIA-ALTA-VISTA-1-600x400.jpg 600w, https:\/\/cuernavaca.gob.mx\/wp-content\/uploads\/2023\/11\/CUMPLE-JOSE\u0301-LUIS-URIO\u0301STEGUI-CON-LA-PAVIMENTACIO\u0301N-HIDRA\u0301ULICA-DE-LA-CALLE-LERDO-DE-TEJADA-ENTRADA-PRINCIPAL-A-LA-COLONIA-ALTA-VISTA-1-560x373.jpg 560w, https:\/\/cuernavaca.gob.mx\/wp-content\/uploads\/2023\/11\/CUMPLE-JOSE\u0301-LUIS-URIO\u0301STEGUI-CON-LA-PAVIMENTACIO\u0301N-HIDRA\u0301ULICA-DE-LA-CALLE-LERDO-DE-TEJADA-ENTRADA-PRINCIPAL-A-LA-COLONIA-ALTA-VISTA-1.jpg 1600w\" sizes=\"(max-width: 300px) 100vw, 300px\" \/> <img loading=\"lazy\" class=\"alignnone size-medium wp-image-34696\" src=\"https:\/\/cuernavaca.gob.mx\/wp-content\/uploads\/2023\/11\/CUMPLE-JOSE\u0301-LUIS-URIO\u0301STEGUI-CON-LA-PAVIMENTACIO\u0301N-HIDRA\u0301ULICA-DE-LA-CALLE-LERDO-DE-TEJADA-ENTRADA-PRINCIPAL-A-LA-COLONIA-ALTA-VISTA-2-300x200.jpg\" alt=\"\" width=\"300\" height=\"200\" srcset=\"https:\/\/cuernavaca.gob.mx\/wp-content\/uploads\/2023\/11\/CUMPLE-JOSE\u0301-LUIS-URIO\u0301STEGUI-CON-LA-PAVIMENTACIO\u0301N-HIDRA\u0301ULICA-DE-LA-CALLE-LERDO-DE-TEJADA-ENTRADA-PRINCIPAL-A-LA-COLONIA-ALTA-VISTA-2-300x200.jpg 300w, https:\/\/cuernavaca.gob.mx\/wp-content\/uploads\/2023\/11\/CUMPLE-JOSE\u0301-LUIS-URIO\u0301STEGUI-CON-LA-PAVIMENTACIO\u0301N-HIDRA\u0301ULICA-DE-LA-CALLE-LERDO-DE-TEJADA-ENTRADA-PRINCIPAL-A-LA-COLONIA-ALTA-VISTA-2-1024x682.jpg 1024w, https:\/\/cuernavaca.gob.mx\/wp-content\/uploads\/2023\/11\/CUMPLE-JOSE\u0301-LUIS-URIO\u0301STEGUI-CON-LA-PAVIMENTACIO\u0301N-HIDRA\u0301ULICA-DE-LA-CALLE-LERDO-DE-TEJADA-ENTRADA-PRINCIPAL-A-LA-COLONIA-ALTA-VISTA-2-768x512.jpg 768w, https:\/\/cuernavaca.gob.mx\/wp-content\/uploads\/2023\/11\/CUMPLE-JOSE\u0301-LUIS-URIO\u0301STEGUI-CON-LA-PAVIMENTACIO\u0301N-HIDRA\u0301ULICA-DE-LA-CALLE-LERDO-DE-TEJADA-ENTRADA-PRINCIPAL-A-LA-COLONIA-ALTA-VISTA-2-1536x1023.jpg 1536w, https:\/\/cuernavaca.gob.mx\/wp-content\/uploads\/2023\/11\/CUMPLE-JOSE\u0301-LUIS-URIO\u0301STEGUI-CON-LA-PAVIMENTACIO\u0301N-HIDRA\u0301ULICA-DE-LA-CALLE-LERDO-DE-TEJADA-ENTRADA-PRINCIPAL-A-LA-COLONIA-ALTA-VISTA-2-600x400.jpg 600w, https:\/\/cuernavaca.gob.mx\/wp-content\/uploads\/2023\/11\/CUMPLE-JOSE\u0301-LUIS-URIO\u0301STEGUI-CON-LA-PAVIMENTACIO\u0301N-HIDRA\u0301ULICA-DE-LA-CALLE-LERDO-DE-TEJADA-ENTRADA-PRINCIPAL-A-LA-COLONIA-ALTA-VISTA-2-560x373.jpg 560w, https:\/\/cuernavaca.gob.mx\/wp-content\/uploads\/2023\/11\/CUMPLE-JOSE\u0301-LUIS-URIO\u0301STEGUI-CON-LA-PAVIMENTACIO\u0301N-HIDRA\u0301ULICA-DE-LA-CALLE-LERDO-DE-TEJADA-ENTRADA-PRINCIPAL-A-LA-COLONIA-ALTA-VISTA-2.jpg 1600w\" sizes=\"(max-width: 300px) 100vw, 300px\" \/> <img loading=\"lazy\" class=\"alignnone size-medium wp-image-34697\" src=\"https:\/\/cuernavaca.gob.mx\/wp-content\/uploads\/2023\/11\/CUMPLE-JOSE\u0301-LUIS-URIO\u0301STEGUI-CON-LA-PAVIMENTACIO\u0301N-HIDRA\u0301ULICA-DE-LA-CALLE-LERDO-DE-TEJADA-ENTRADA-PRINCIPAL-A-LA-COLONIA-ALTA-VISTA-3-300x169.jpg\" alt=\"\" width=\"300\" height=\"169\" srcset=\"https:\/\/cuernavaca.gob.mx\/wp-content\/uploads\/2023\/11\/CUMPLE-JOSE\u0301-LUIS-URIO\u0301STEGUI-CON-LA-PAVIMENTACIO\u0301N-HIDRA\u0301ULICA-DE-LA-CALLE-LERDO-DE-TEJADA-ENTRADA-PRINCIPAL-A-LA-COLONIA-ALTA-VISTA-3-300x169.jpg 300w, https:\/\/cuernavaca.gob.mx\/wp-content\/uploads\/2023\/11\/CUMPLE-JOSE\u0301-LUIS-URIO\u0301STEGUI-CON-LA-PAVIMENTACIO\u0301N-HIDRA\u0301ULICA-DE-LA-CALLE-LERDO-DE-TEJADA-ENTRADA-PRINCIPAL-A-LA-COLONIA-ALTA-VISTA-3-1024x575.jpg 1024w, https:\/\/cuernavaca.gob.mx\/wp-content\/uploads\/2023\/11\/CUMPLE-JOSE\u0301-LUIS-URIO\u0301STEGUI-CON-LA-PAVIMENTACIO\u0301N-HIDRA\u0301ULICA-DE-LA-CALLE-LERDO-DE-TEJADA-ENTRADA-PRINCIPAL-A-LA-COLONIA-ALTA-VISTA-3-768x432.jpg 768w, https:\/\/cuernavaca.gob.mx\/wp-content\/uploads\/2023\/11\/CUMPLE-JOSE\u0301-LUIS-URIO\u0301STEGUI-CON-LA-PAVIMENTACIO\u0301N-HIDRA\u0301ULICA-DE-LA-CALLE-LERDO-DE-TEJADA-ENTRADA-PRINCIPAL-A-LA-COLONIA-ALTA-VISTA-3-1536x863.jpg 1536w, https:\/\/cuernavaca.gob.mx\/wp-content\/uploads\/2023\/11\/CUMPLE-JOSE\u0301-LUIS-URIO\u0301STEGUI-CON-LA-PAVIMENTACIO\u0301N-HIDRA\u0301ULICA-DE-LA-CALLE-LERDO-DE-TEJADA-ENTRADA-PRINCIPAL-A-LA-COLONIA-ALTA-VISTA-3-600x337.jpg 600w, https:\/\/cuernavaca.gob.mx\/wp-content\/uploads\/2023\/11\/CUMPLE-JOSE\u0301-LUIS-URIO\u0301STEGUI-CON-LA-PAVIMENTACIO\u0301N-HIDRA\u0301ULICA-DE-LA-CALLE-LERDO-DE-TEJADA-ENTRADA-PRINCIPAL-A-LA-COLONIA-ALTA-VISTA-3-560x315.jpg 560w, https:\/\/cuernavaca.gob.mx\/wp-content\/uploads\/2023\/11\/CUMPLE-JOSE\u0301-LUIS-URIO\u0301STEGUI-CON-LA-PAVIMENTACIO\u0301N-HIDRA\u0301ULICA-DE-LA-CALLE-LERDO-DE-TEJADA-ENTRADA-PRINCIPAL-A-LA-COLONIA-ALTA-VISTA-3.jpg 1600w\" sizes=\"(max-width: 300px) 100vw, 300px\" \/> <img loading=\"lazy\" class=\"alignnone size-medium wp-image-34698\" src=\"https:\/\/cuernavaca.gob.mx\/wp-content\/uploads\/2023\/11\/CUMPLE-JOSE\u0301-LUIS-URIO\u0301STEGUI-CON-LA-PAVIMENTACIO\u0301N-HIDRA\u0301ULICA-DE-LA-CALLE-LERDO-DE-TEJADA-ENTRADA-PRINCIPAL-A-LA-COLONIA-ALTA-VISTA-4-300x200.jpg\" alt=\"\" width=\"300\" height=\"200\" srcset=\"https:\/\/cuernavaca.gob.mx\/wp-content\/uploads\/2023\/11\/CUMPLE-JOSE\u0301-LUIS-URIO\u0301STEGUI-CON-LA-PAVIMENTACIO\u0301N-HIDRA\u0301ULICA-DE-LA-CALLE-LERDO-DE-TEJADA-ENTRADA-PRINCIPAL-A-LA-COLONIA-ALTA-VISTA-4-300x200.jpg 300w, https:\/\/cuernavaca.gob.mx\/wp-content\/uploads\/2023\/11\/CUMPLE-JOSE\u0301-LUIS-URIO\u0301STEGUI-CON-LA-PAVIMENTACIO\u0301N-HIDRA\u0301ULICA-DE-LA-CALLE-LERDO-DE-TEJADA-ENTRADA-PRINCIPAL-A-LA-COLONIA-ALTA-VISTA-4-1024x682.jpg 1024w, https:\/\/cuernavaca.gob.mx\/wp-content\/uploads\/2023\/11\/CUMPLE-JOSE\u0301-LUIS-URIO\u0301STEGUI-CON-LA-PAVIMENTACIO\u0301N-HIDRA\u0301ULICA-DE-LA-CALLE-LERDO-DE-TEJADA-ENTRADA-PRINCIPAL-A-LA-COLONIA-ALTA-VISTA-4-768x512.jpg 768w, https:\/\/cuernavaca.gob.mx\/wp-content\/uploads\/2023\/11\/CUMPLE-JOSE\u0301-LUIS-URIO\u0301STEGUI-CON-LA-PAVIMENTACIO\u0301N-HIDRA\u0301ULICA-DE-LA-CALLE-LERDO-DE-TEJADA-ENTRADA-PRINCIPAL-A-LA-COLONIA-ALTA-VISTA-4-600x400.jpg 600w, https:\/\/cuernavaca.gob.mx\/wp-content\/uploads\/2023\/11\/CUMPLE-JOSE\u0301-LUIS-URIO\u0301STEGUI-CON-LA-PAVIMENTACIO\u0301N-HIDRA\u0301ULICA-DE-LA-CALLE-LERDO-DE-TEJADA-ENTRADA-PRINCIPAL-A-LA-COLONIA-ALTA-VISTA-4-560x373.jpg 560w, https:\/\/cuernavaca.gob.mx\/wp-content\/uploads\/2023\/11\/CUMPLE-JOSE\u0301-LUIS-URIO\u0301STEGUI-CON-LA-PAVIMENTACIO\u0301N-HIDRA\u0301ULICA-DE-LA-CALLE-LERDO-DE-TEJADA-ENTRADA-PRINCIPAL-A-LA-COLONIA-ALTA-VISTA-4.jpg 1280w\" sizes=\"(max-width: 300px) 100vw, 300px\" \/> <img loading=\"lazy\" class=\"alignnone size-medium wp-image-34699\" src=\"https:\/\/cuernavaca.gob.mx\/wp-content\/uploads\/2023\/11\/CUMPLE-JOSE\u0301-LUIS-URIO\u0301STEGUI-CON-LA-PAVIMENTACIO\u0301N-HIDRA\u0301ULICA-DE-LA-CALLE-LERDO-DE-TEJADA-ENTRADA-PRINCIPAL-A-LA-COLONIA-ALTA-VISTA-5-300x200.jpg\" alt=\"\" width=\"300\" height=\"200\" srcset=\"https:\/\/cuernavaca.gob.mx\/wp-content\/uploads\/2023\/11\/CUMPLE-JOSE\u0301-LUIS-URIO\u0301STEGUI-CON-LA-PAVIMENTACIO\u0301N-HIDRA\u0301ULICA-DE-LA-CALLE-LERDO-DE-TEJADA-ENTRADA-PRINCIPAL-A-LA-COLONIA-ALTA-VISTA-5-300x200.jpg 300w, https:\/\/cuernavaca.gob.mx\/wp-content\/uploads\/2023\/11\/CUMPLE-JOSE\u0301-LUIS-URIO\u0301STEGUI-CON-LA-PAVIMENTACIO\u0301N-HIDRA\u0301ULICA-DE-LA-CALLE-LERDO-DE-TEJADA-ENTRADA-PRINCIPAL-A-LA-COLONIA-ALTA-VISTA-5-1024x682.jpg 1024w, https:\/\/cuernavaca.gob.mx\/wp-content\/uploads\/2023\/11\/CUMPLE-JOSE\u0301-LUIS-URIO\u0301STEGUI-CON-LA-PAVIMENTACIO\u0301N-HIDRA\u0301ULICA-DE-LA-CALLE-LERDO-DE-TEJADA-ENTRADA-PRINCIPAL-A-LA-COLONIA-ALTA-VISTA-5-768x512.jpg 768w, https:\/\/cuernavaca.gob.mx\/wp-content\/uploads\/2023\/11\/CUMPLE-JOSE\u0301-LUIS-URIO\u0301STEGUI-CON-LA-PAVIMENTACIO\u0301N-HIDRA\u0301ULICA-DE-LA-CALLE-LERDO-DE-TEJADA-ENTRADA-PRINCIPAL-A-LA-COLONIA-ALTA-VISTA-5-1536x1023.jpg 1536w, https:\/\/cuernavaca.gob.mx\/wp-content\/uploads\/2023\/11\/CUMPLE-JOSE\u0301-LUIS-URIO\u0301STEGUI-CON-LA-PAVIMENTACIO\u0301N-HIDRA\u0301ULICA-DE-LA-CALLE-LERDO-DE-TEJADA-ENTRADA-PRINCIPAL-A-LA-COLONIA-ALTA-VISTA-5-600x400.jpg 600w, https:\/\/cuernavaca.gob.mx\/wp-content\/uploads\/2023\/11\/CUMPLE-JOSE\u0301-LUIS-URIO\u0301STEGUI-CON-LA-PAVIMENTACIO\u0301N-HIDRA\u0301ULICA-DE-LA-CALLE-LERDO-DE-TEJADA-ENTRADA-PRINCIPAL-A-LA-COLONIA-ALTA-VISTA-5-560x373.jpg 560w, https:\/\/cuernavaca.gob.mx\/wp-content\/uploads\/2023\/11\/CUMPLE-JOSE\u0301-LUIS-URIO\u0301STEGUI-CON-LA-PAVIMENTACIO\u0301N-HIDRA\u0301ULICA-DE-LA-CALLE-LERDO-DE-TEJADA-ENTRADA-PRINCIPAL-A-LA-COLONIA-ALTA-VISTA-5.jpg 1600w\" sizes=\"(max-width: 300px) 100vw, 300px\" \/> <img loading=\"lazy\" class=\"alignnone size-medium wp-image-34700\" src=\"https:\/\/cuernavaca.gob.mx\/wp-content\/uploads\/2023\/11\/CUMPLE-JOSE\u0301-LUIS-URIO\u0301STEGUI-CON-LA-PAVIMENTACIO\u0301N-HIDRA\u0301ULICA-DE-LA-CALLE-LERDO-DE-TEJADA-ENTRADA-PRINCIPAL-A-LA-COLONIA-ALTA-VISTA-6-300x200.jpg\" alt=\"\" width=\"300\" height=\"200\" srcset=\"https:\/\/cuernavaca.gob.mx\/wp-content\/uploads\/2023\/11\/CUMPLE-JOSE\u0301-LUIS-URIO\u0301STEGUI-CON-LA-PAVIMENTACIO\u0301N-HIDRA\u0301ULICA-DE-LA-CALLE-LERDO-DE-TEJADA-ENTRADA-PRINCIPAL-A-LA-COLONIA-ALTA-VISTA-6-300x200.jpg 300w, https:\/\/cuernavaca.gob.mx\/wp-content\/uploads\/2023\/11\/CUMPLE-JOSE\u0301-LUIS-URIO\u0301STEGUI-CON-LA-PAVIMENTACIO\u0301N-HIDRA\u0301ULICA-DE-LA-CALLE-LERDO-DE-TEJADA-ENTRADA-PRINCIPAL-A-LA-COLONIA-ALTA-VISTA-6-1024x682.jpg 1024w, https:\/\/cuernavaca.gob.mx\/wp-content\/uploads\/2023\/11\/CUMPLE-JOSE\u0301-LUIS-URIO\u0301STEGUI-CON-LA-PAVIMENTACIO\u0301N-HIDRA\u0301ULICA-DE-LA-CALLE-LERDO-DE-TEJADA-ENTRADA-PRINCIPAL-A-LA-COLONIA-ALTA-VISTA-6-768x512.jpg 768w, https:\/\/cuernavaca.gob.mx\/wp-content\/uploads\/2023\/11\/CUMPLE-JOSE\u0301-LUIS-URIO\u0301STEGUI-CON-LA-PAVIMENTACIO\u0301N-HIDRA\u0301ULICA-DE-LA-CALLE-LERDO-DE-TEJADA-ENTRADA-PRINCIPAL-A-LA-COLONIA-ALTA-VISTA-6-1536x1023.jpg 1536w, https:\/\/cuernavaca.gob.mx\/wp-content\/uploads\/2023\/11\/CUMPLE-JOSE\u0301-LUIS-URIO\u0301STEGUI-CON-LA-PAVIMENTACIO\u0301N-HIDRA\u0301ULICA-DE-LA-CALLE-LERDO-DE-TEJADA-ENTRADA-PRINCIPAL-A-LA-COLONIA-ALTA-VISTA-6-600x400.jpg 600w, https:\/\/cuernavaca.gob.mx\/wp-content\/uploads\/2023\/11\/CUMPLE-JOSE\u0301-LUIS-URIO\u0301STEGUI-CON-LA-PAVIMENTACIO\u0301N-HIDRA\u0301ULICA-DE-LA-CALLE-LERDO-DE-TEJADA-ENTRADA-PRINCIPAL-A-LA-COLONIA-ALTA-VISTA-6-560x373.jpg 560w, https:\/\/cuernavaca.gob.mx\/wp-content\/uploads\/2023\/11\/CUMPLE-JOSE\u0301-LUIS-URIO\u0301STEGUI-CON-LA-PAVIMENTACIO\u0301N-HIDRA\u0301ULICA-DE-LA-CALLE-LERDO-DE-TEJADA-ENTRADA-PRINCIPAL-A-LA-COLONIA-ALTA-VISTA-6.jpg 1600w\" sizes=\"(max-width: 300px) 100vw, 300px\" \/> <img loading=\"lazy\" class=\"alignnone size-medium wp-image-34701\" src=\"https:\/\/cuernavaca.gob.mx\/wp-content\/uploads\/2023\/11\/CUMPLE-JOSE\u0301-LUIS-URIO\u0301STEGUI-CON-LA-PAVIMENTACIO\u0301N-HIDRA\u0301ULICA-DE-LA-CALLE-LERDO-DE-TEJADA-ENTRADA-PRINCIPAL-A-LA-COLONIA-ALTA-VISTA-7-300x200.jpg\" alt=\"\" width=\"300\" height=\"200\" srcset=\"https:\/\/cuernavaca.gob.mx\/wp-content\/uploads\/2023\/11\/CUMPLE-JOSE\u0301-LUIS-URIO\u0301STEGUI-CON-LA-PAVIMENTACIO\u0301N-HIDRA\u0301ULICA-DE-LA-CALLE-LERDO-DE-TEJADA-ENTRADA-PRINCIPAL-A-LA-COLONIA-ALTA-VISTA-7-300x200.jpg 300w, https:\/\/cuernavaca.gob.mx\/wp-content\/uploads\/2023\/11\/CUMPLE-JOSE\u0301-LUIS-URIO\u0301STEGUI-CON-LA-PAVIMENTACIO\u0301N-HIDRA\u0301ULICA-DE-LA-CALLE-LERDO-DE-TEJADA-ENTRADA-PRINCIPAL-A-LA-COLONIA-ALTA-VISTA-7-1024x682.jpg 1024w, https:\/\/cuernavaca.gob.mx\/wp-content\/uploads\/2023\/11\/CUMPLE-JOSE\u0301-LUIS-URIO\u0301STEGUI-CON-LA-PAVIMENTACIO\u0301N-HIDRA\u0301ULICA-DE-LA-CALLE-LERDO-DE-TEJADA-ENTRADA-PRINCIPAL-A-LA-COLONIA-ALTA-VISTA-7-768x512.jpg 768w, https:\/\/cuernavaca.gob.mx\/wp-content\/uploads\/2023\/11\/CUMPLE-JOSE\u0301-LUIS-URIO\u0301STEGUI-CON-LA-PAVIMENTACIO\u0301N-HIDRA\u0301ULICA-DE-LA-CALLE-LERDO-DE-TEJADA-ENTRADA-PRINCIPAL-A-LA-COLONIA-ALTA-VISTA-7-1536x1023.jpg 1536w, https:\/\/cuernavaca.gob.mx\/wp-content\/uploads\/2023\/11\/CUMPLE-JOSE\u0301-LUIS-URIO\u0301STEGUI-CON-LA-PAVIMENTACIO\u0301N-HIDRA\u0301ULICA-DE-LA-CALLE-LERDO-DE-TEJADA-ENTRADA-PRINCIPAL-A-LA-COLONIA-ALTA-VISTA-7-600x400.jpg 600w, https:\/\/cuernavaca.gob.mx\/wp-content\/uploads\/2023\/11\/CUMPLE-JOSE\u0301-LUIS-URIO\u0301STEGUI-CON-LA-PAVIMENTACIO\u0301N-HIDRA\u0301ULICA-DE-LA-CALLE-LERDO-DE-TEJADA-ENTRADA-PRINCIPAL-A-LA-COLONIA-ALTA-VISTA-7-560x373.jpg 560w, https:\/\/cuernavaca.gob.mx\/wp-content\/uploads\/2023\/11\/CUMPLE-JOSE\u0301-LUIS-URIO\u0301STEGUI-CON-LA-PAVIMENTACIO\u0301N-HIDRA\u0301ULICA-DE-LA-CALLE-LERDO-DE-TEJADA-ENTRADA-PRINCIPAL-A-LA-COLONIA-ALTA-VISTA-7.jpg 1600w\" sizes=\"(max-width: 300px) 100vw, 300px\" \/> <img loading=\"lazy\" class=\"alignnone size-medium wp-image-34702\" src=\"https:\/\/cuernavaca.gob.mx\/wp-content\/uploads\/2023\/11\/CUMPLE-JOSE\u0301-LUIS-URIO\u0301STEGUI-CON-LA-PAVIMENTACIO\u0301N-HIDRA\u0301ULICA-DE-LA-CALLE-LERDO-DE-TEJADA-ENTRADA-PRINCIPAL-A-LA-COLONIA-ALTA-VISTA-8-300x200.jpg\" alt=\"\" width=\"300\" height=\"200\" srcset=\"https:\/\/cuernavaca.gob.mx\/wp-content\/uploads\/2023\/11\/CUMPLE-JOSE\u0301-LUIS-URIO\u0301STEGUI-CON-LA-PAVIMENTACIO\u0301N-HIDRA\u0301ULICA-DE-LA-CALLE-LERDO-DE-TEJADA-ENTRADA-PRINCIPAL-A-LA-COLONIA-ALTA-VISTA-8-300x200.jpg 300w, https:\/\/cuernavaca.gob.mx\/wp-content\/uploads\/2023\/11\/CUMPLE-JOSE\u0301-LUIS-URIO\u0301STEGUI-CON-LA-PAVIMENTACIO\u0301N-HIDRA\u0301ULICA-DE-LA-CALLE-LERDO-DE-TEJADA-ENTRADA-PRINCIPAL-A-LA-COLONIA-ALTA-VISTA-8-1024x682.jpg 1024w, https:\/\/cuernavaca.gob.mx\/wp-content\/uploads\/2023\/11\/CUMPLE-JOSE\u0301-LUIS-URIO\u0301STEGUI-CON-LA-PAVIMENTACIO\u0301N-HIDRA\u0301ULICA-DE-LA-CALLE-LERDO-DE-TEJADA-ENTRADA-PRINCIPAL-A-LA-COLONIA-ALTA-VISTA-8-768x512.jpg 768w, https:\/\/cuernavaca.gob.mx\/wp-content\/uploads\/2023\/11\/CUMPLE-JOSE\u0301-LUIS-URIO\u0301STEGUI-CON-LA-PAVIMENTACIO\u0301N-HIDRA\u0301ULICA-DE-LA-CALLE-LERDO-DE-TEJADA-ENTRADA-PRINCIPAL-A-LA-COLONIA-ALTA-VISTA-8-1536x1023.jpg 1536w, https:\/\/cuernavaca.gob.mx\/wp-content\/uploads\/2023\/11\/CUMPLE-JOSE\u0301-LUIS-URIO\u0301STEGUI-CON-LA-PAVIMENTACIO\u0301N-HIDRA\u0301ULICA-DE-LA-CALLE-LERDO-DE-TEJADA-ENTRADA-PRINCIPAL-A-LA-COLONIA-ALTA-VISTA-8-600x400.jpg 600w, https:\/\/cuernavaca.gob.mx\/wp-content\/uploads\/2023\/11\/CUMPLE-JOSE\u0301-LUIS-URIO\u0301STEGUI-CON-LA-PAVIMENTACIO\u0301N-HIDRA\u0301ULICA-DE-LA-CALLE-LERDO-DE-TEJADA-ENTRADA-PRINCIPAL-A-LA-COLONIA-ALTA-VISTA-8-560x373.jpg 560w, https:\/\/cuernavaca.gob.mx\/wp-content\/uploads\/2023\/11\/CUMPLE-JOSE\u0301-LUIS-URIO\u0301STEGUI-CON-LA-PAVIMENTACIO\u0301N-HIDRA\u0301ULICA-DE-LA-CALLE-LERDO-DE-TEJADA-ENTRADA-PRINCIPAL-A-LA-COLONIA-ALTA-VISTA-8.jpg 1600w\" sizes=\"(max-width: 300px) 100vw, 300px\" \/><\/p>\n","protected":false},"excerpt":{"rendered":"<p>\u2022 El presidente municipal de Cuernavaca resalt\u00f3 la consolidaci\u00f3n del circuito vial para la zona poniente de la ciudad capital \u2022 Esta obra tuvo un periodo de ejecuci\u00f3n de 60 d\u00edas, incluyendo la sustituci\u00f3n de luminarias, la construcci\u00f3n de banquetas, la nivelaci\u00f3n de pozos de visita de drenaje, el balizamiento y la poda de \u00e1rboles [&hellip;]<\/p>\n","protected":false},"author":1,"featured_media":34702,"comment_status":"closed","ping_status":"open","sticky":false,"template":"","format":"standard","meta":[],"categories":[18],"tags":[357,121,515,120,206,232,358,127],"aioseo_notices":[],"_links":{"self":[{"href":"https:\/\/cuernavaca.gob.mx\/index.php?rest_route=\/wp\/v2\/posts\/34694"}],"collection":[{"href":"https:\/\/cuernavaca.gob.mx\/index.php?rest_route=\/wp\/v2\/posts"}],"about":[{"href":"https:\/\/cuernavaca.gob.mx\/index.php?rest_route=\/wp\/v2\/types\/post"}],"author":[{"embeddable":true,"href":"https:\/\/cuernavaca.gob.mx\/index.php?rest_route=\/wp\/v2\/users\/1"}],"replies":[{"embeddable":true,"href":"https:\/\/cuernavaca.gob.mx\/index.php?rest_route=%2Fwp%2Fv2%2Fcomments&post=34694"}],"version-history":[{"count":1,"href":"https:\/\/cuernavaca.gob.mx\/index.php?rest_route=\/wp\/v2\/posts\/34694\/revisions"}],"predecessor-version":[{"id":34703,"href":"https:\/\/cuernavaca.gob.mx\/index.php?rest_route=\/wp\/v2\/posts\/34694\/revisions\/34703"}],"wp:featuredmedia":[{"embeddable":true,"href":"https:\/\/cuernavaca.gob.mx\/index.php?rest_route=\/wp\/v2\/media\/34702"}],"wp:attachment":[{"href":"https:\/\/cuernavaca.gob.mx\/index.php?rest_route=%2Fwp%2Fv2%2Fmedia&parent=34694"}],"wp:term":[{"taxonomy":"category","embeddable":true,"href":"https:\/\/cuernavaca.gob.mx\/index.php?rest_route=%2Fwp%2Fv2%2Fcategories&post=34694"},{"taxonomy":"post_tag","embeddable":true,"href":"https:\/\/cuernavaca.gob.mx\/index.php?rest_route=%2Fwp%2Fv2%2Ftags&post=34694"}],"curies":[{"name":"wp","href":"https:\/\/api.w.org\/{rel}","templated":true}]}}