{"id":34704,"date":"2023-11-13T16:30:32","date_gmt":"2023-11-13T22:30:32","guid":{"rendered":"https:\/\/cuernavaca.gob.mx\/?p=34704"},"modified":"2023-11-13T16:45:17","modified_gmt":"2023-11-13T22:45:17","slug":"b1401-13-11-23-inaugura-jose-luis-uriostegui-y-vecinos-la-obra-de-nuevo-pavimento-asfaltico-en-avenida-via-lactea-en-la-colonia-rancho-tetela","status":"publish","type":"post","link":"https:\/\/cuernavaca.gob.mx\/?p=34704","title":{"rendered":"B1401 13\/11\/23 INAUGURA JOS\u00c9 LUIS URI\u00d3STEGUI Y VECINOS LA OBRA DE NUEVO PAVIMENTO ASF\u00c1LTICO EN AVENIDA V\u00cdA L\u00c1CTEA EN LA COLONIA RANCHO TETELA"},"content":{"rendered":"<p><strong>\u2022 Se invirtieron dos millones 492 mil 506.63 pesos del Fondo de Apoyo para la Infraestructura Social Municipal (FAISMUN)<\/strong><\/p>\n<p><strong>\u2022 Con estos trabajos ser\u00e1n beneficiados 10 mil 500 habitantes directos y m\u00e1s de dos mil 500 indirectos<\/strong><\/p>\n<p>En gira de trabajo, el Ayuntamiento de Cuernavaca entreg\u00f3 este lunes la obra de revestimiento de pavimento asf\u00e1ltico en avenida V\u00eda L\u00e1ctea en la colonia Rancho Tetela que con un monto de inversi\u00f3n de dos millones 492 mil 506.63 pesos provenientes del Fondo de Apoyo para la Infraestructura Social Municipal (FAISMUN) beneficiar\u00e1 a 10 mil 500 habitantes directos y m\u00e1s de dos mil 500 indirectos.<\/p>\n<p>Ante vecinas y vecinos, as\u00ed como representantes del Fraccionamiento Rancho Tetela y de Lomas de Tzompantle, el presidente municipal de Cuernavaca, Jos\u00e9 Luis Uri\u00f3stegui Salgado, reconoci\u00f3 la calidad con la que fue hecha la obra, haciendo suyas las peticiones de la poblaci\u00f3n para colocar reductores de velocidad, garantizando la seguridad de la propia poblaci\u00f3n, ya que como ha ocurrido en otras avenidas que han intervenido, la vialidad queda tan bien que los automovilistas aceleran y generan accidentes.<\/p>\n<p>Al uso de la palabra, el secretario de Desarrollo Urbano y Obras P\u00fablicas, Demetrio Chavira de la Torre, explic\u00f3 que si bien se contemplaba una meta inicial de cuatro mil 804.42 metros cuadrados de asfalto, la empresa que estuvo a cargo de la obra aterriz\u00f3 los espacios faltantes para llegar a un total de cinco mil 334 metros cuadrados.<\/p>\n<p>Adem\u00e1s, como parte de la obra incluyeron trabajos de bacheo para uniformar la superficie existente deteriorada en 154 metros cuadrados, el riego de liga a base de emulsi\u00f3n asf\u00e1ltica en cuatro mil 804 metros cuadrados, el suministro y aplicaci\u00f3n de pintura termopl\u00e1stica en m\u00e1s de dos mil metros lineales, el suministro y colocaci\u00f3n de vialetas reflejantes, as\u00ed como la renivelaci\u00f3n de cuatro piezas de registros telef\u00f3nicos.<\/p>\n<p>Por su lado, la regidora Paz Hern\u00e1ndez Pardo, se\u00f1al\u00f3 que la presente administraci\u00f3n ha dado un manejo transparente y honesto a todos los recursos que han llegado al municipio, los cuales de manera responsable est\u00e1n ejerciendo para beneficiar a todas las familias de la ciudad, siendo la familia un eje transversal en el Gobierno Municipal.<\/p>\n<p>En representaci\u00f3n del Poder Legislativo, el diputado local, \u00c1ngel Adame Jim\u00e9nez, reconoci\u00f3 que las decisiones certeras y el esfuerzo que ha tenido la administraci\u00f3n municipal han logrado terminar con el rezago en materia de obra p\u00fablica que manten\u00eda desde hace varios a\u00f1os la capital morelense, lo que mejora la calidad de vida de la poblaci\u00f3n.<\/p>\n<p>A nombre de los beneficiarios, Elisa Garc\u00eda, secretaria del Comit\u00e9 de Obra, agradeci\u00f3 la pronta respuesta a las necesidades de su colonia, siendo de suma importancia la rehabilitaci\u00f3n de esta vialidad que conecta a diversas colonias de la capital morelense.<\/p>\n<p>A este arranque de obra acudieron tambi\u00e9n la s\u00edndica municipal, Ver\u00f3nica Atenco P\u00e9rez; los regidores Mireya Delgado Romero y Fernando Carrillo Alvarado; el secretario de Desarrollo Sustentable y Servicios P\u00fablicos, Israel Albavera V\u00e1zquez; y el coordinador del COPLADEMUN, Luis Enrique Mart\u00ednez Catal\u00e1n.<\/p>\n<p><img loading=\"lazy\" class=\"alignnone size-medium wp-image-34705\" src=\"https:\/\/cuernavaca.gob.mx\/wp-content\/uploads\/2023\/11\/INAUGURA-JOSE\u0301-LUIS-URIO\u0301STEGUI-Y-VECINOS-LA-OBRA-DE-NUEVO-PAVIMENTO-ASFA\u0301LTICO-EN-AVENIDA-VI\u0301A-LA\u0301CTEA-EN-LA-COLONIA-RANCHO-TETELA-2-300x200.jpg\" alt=\"\" width=\"300\" height=\"200\" srcset=\"https:\/\/cuernavaca.gob.mx\/wp-content\/uploads\/2023\/11\/INAUGURA-JOSE\u0301-LUIS-URIO\u0301STEGUI-Y-VECINOS-LA-OBRA-DE-NUEVO-PAVIMENTO-ASFA\u0301LTICO-EN-AVENIDA-VI\u0301A-LA\u0301CTEA-EN-LA-COLONIA-RANCHO-TETELA-2-300x200.jpg 300w, https:\/\/cuernavaca.gob.mx\/wp-content\/uploads\/2023\/11\/INAUGURA-JOSE\u0301-LUIS-URIO\u0301STEGUI-Y-VECINOS-LA-OBRA-DE-NUEVO-PAVIMENTO-ASFA\u0301LTICO-EN-AVENIDA-VI\u0301A-LA\u0301CTEA-EN-LA-COLONIA-RANCHO-TETELA-2-1024x682.jpg 1024w, https:\/\/cuernavaca.gob.mx\/wp-content\/uploads\/2023\/11\/INAUGURA-JOSE\u0301-LUIS-URIO\u0301STEGUI-Y-VECINOS-LA-OBRA-DE-NUEVO-PAVIMENTO-ASFA\u0301LTICO-EN-AVENIDA-VI\u0301A-LA\u0301CTEA-EN-LA-COLONIA-RANCHO-TETELA-2-768x512.jpg 768w, https:\/\/cuernavaca.gob.mx\/wp-content\/uploads\/2023\/11\/INAUGURA-JOSE\u0301-LUIS-URIO\u0301STEGUI-Y-VECINOS-LA-OBRA-DE-NUEVO-PAVIMENTO-ASFA\u0301LTICO-EN-AVENIDA-VI\u0301A-LA\u0301CTEA-EN-LA-COLONIA-RANCHO-TETELA-2-1536x1023.jpg 1536w, https:\/\/cuernavaca.gob.mx\/wp-content\/uploads\/2023\/11\/INAUGURA-JOSE\u0301-LUIS-URIO\u0301STEGUI-Y-VECINOS-LA-OBRA-DE-NUEVO-PAVIMENTO-ASFA\u0301LTICO-EN-AVENIDA-VI\u0301A-LA\u0301CTEA-EN-LA-COLONIA-RANCHO-TETELA-2-600x400.jpg 600w, https:\/\/cuernavaca.gob.mx\/wp-content\/uploads\/2023\/11\/INAUGURA-JOSE\u0301-LUIS-URIO\u0301STEGUI-Y-VECINOS-LA-OBRA-DE-NUEVO-PAVIMENTO-ASFA\u0301LTICO-EN-AVENIDA-VI\u0301A-LA\u0301CTEA-EN-LA-COLONIA-RANCHO-TETELA-2-560x373.jpg 560w, https:\/\/cuernavaca.gob.mx\/wp-content\/uploads\/2023\/11\/INAUGURA-JOSE\u0301-LUIS-URIO\u0301STEGUI-Y-VECINOS-LA-OBRA-DE-NUEVO-PAVIMENTO-ASFA\u0301LTICO-EN-AVENIDA-VI\u0301A-LA\u0301CTEA-EN-LA-COLONIA-RANCHO-TETELA-2.jpg 1600w\" sizes=\"(max-width: 300px) 100vw, 300px\" \/> <img loading=\"lazy\" class=\"alignnone size-medium wp-image-34706\" src=\"https:\/\/cuernavaca.gob.mx\/wp-content\/uploads\/2023\/11\/INAUGURA-JOSE\u0301-LUIS-URIO\u0301STEGUI-Y-VECINOS-LA-OBRA-DE-NUEVO-PAVIMENTO-ASFA\u0301LTICO-EN-AVENIDA-VI\u0301A-LA\u0301CTEA-EN-LA-COLONIA-RANCHO-TETELA-3-300x200.jpg\" alt=\"\" width=\"300\" height=\"200\" srcset=\"https:\/\/cuernavaca.gob.mx\/wp-content\/uploads\/2023\/11\/INAUGURA-JOSE\u0301-LUIS-URIO\u0301STEGUI-Y-VECINOS-LA-OBRA-DE-NUEVO-PAVIMENTO-ASFA\u0301LTICO-EN-AVENIDA-VI\u0301A-LA\u0301CTEA-EN-LA-COLONIA-RANCHO-TETELA-3-300x200.jpg 300w, https:\/\/cuernavaca.gob.mx\/wp-content\/uploads\/2023\/11\/INAUGURA-JOSE\u0301-LUIS-URIO\u0301STEGUI-Y-VECINOS-LA-OBRA-DE-NUEVO-PAVIMENTO-ASFA\u0301LTICO-EN-AVENIDA-VI\u0301A-LA\u0301CTEA-EN-LA-COLONIA-RANCHO-TETELA-3-1024x682.jpg 1024w, https:\/\/cuernavaca.gob.mx\/wp-content\/uploads\/2023\/11\/INAUGURA-JOSE\u0301-LUIS-URIO\u0301STEGUI-Y-VECINOS-LA-OBRA-DE-NUEVO-PAVIMENTO-ASFA\u0301LTICO-EN-AVENIDA-VI\u0301A-LA\u0301CTEA-EN-LA-COLONIA-RANCHO-TETELA-3-768x512.jpg 768w, https:\/\/cuernavaca.gob.mx\/wp-content\/uploads\/2023\/11\/INAUGURA-JOSE\u0301-LUIS-URIO\u0301STEGUI-Y-VECINOS-LA-OBRA-DE-NUEVO-PAVIMENTO-ASFA\u0301LTICO-EN-AVENIDA-VI\u0301A-LA\u0301CTEA-EN-LA-COLONIA-RANCHO-TETELA-3-1536x1023.jpg 1536w, https:\/\/cuernavaca.gob.mx\/wp-content\/uploads\/2023\/11\/INAUGURA-JOSE\u0301-LUIS-URIO\u0301STEGUI-Y-VECINOS-LA-OBRA-DE-NUEVO-PAVIMENTO-ASFA\u0301LTICO-EN-AVENIDA-VI\u0301A-LA\u0301CTEA-EN-LA-COLONIA-RANCHO-TETELA-3-600x400.jpg 600w, https:\/\/cuernavaca.gob.mx\/wp-content\/uploads\/2023\/11\/INAUGURA-JOSE\u0301-LUIS-URIO\u0301STEGUI-Y-VECINOS-LA-OBRA-DE-NUEVO-PAVIMENTO-ASFA\u0301LTICO-EN-AVENIDA-VI\u0301A-LA\u0301CTEA-EN-LA-COLONIA-RANCHO-TETELA-3-560x373.jpg 560w, https:\/\/cuernavaca.gob.mx\/wp-content\/uploads\/2023\/11\/INAUGURA-JOSE\u0301-LUIS-URIO\u0301STEGUI-Y-VECINOS-LA-OBRA-DE-NUEVO-PAVIMENTO-ASFA\u0301LTICO-EN-AVENIDA-VI\u0301A-LA\u0301CTEA-EN-LA-COLONIA-RANCHO-TETELA-3.jpg 1600w\" sizes=\"(max-width: 300px) 100vw, 300px\" \/> <img loading=\"lazy\" class=\"alignnone size-medium wp-image-34707\" src=\"https:\/\/cuernavaca.gob.mx\/wp-content\/uploads\/2023\/11\/INAUGURA-JOSE\u0301-LUIS-URIO\u0301STEGUI-Y-VECINOS-LA-OBRA-DE-NUEVO-PAVIMENTO-ASFA\u0301LTICO-EN-AVENIDA-VI\u0301A-LA\u0301CTEA-EN-LA-COLONIA-RANCHO-TETELA-4-300x200.jpg\" alt=\"\" width=\"300\" height=\"200\" srcset=\"https:\/\/cuernavaca.gob.mx\/wp-content\/uploads\/2023\/11\/INAUGURA-JOSE\u0301-LUIS-URIO\u0301STEGUI-Y-VECINOS-LA-OBRA-DE-NUEVO-PAVIMENTO-ASFA\u0301LTICO-EN-AVENIDA-VI\u0301A-LA\u0301CTEA-EN-LA-COLONIA-RANCHO-TETELA-4-300x200.jpg 300w, https:\/\/cuernavaca.gob.mx\/wp-content\/uploads\/2023\/11\/INAUGURA-JOSE\u0301-LUIS-URIO\u0301STEGUI-Y-VECINOS-LA-OBRA-DE-NUEVO-PAVIMENTO-ASFA\u0301LTICO-EN-AVENIDA-VI\u0301A-LA\u0301CTEA-EN-LA-COLONIA-RANCHO-TETELA-4-1024x682.jpg 1024w, https:\/\/cuernavaca.gob.mx\/wp-content\/uploads\/2023\/11\/INAUGURA-JOSE\u0301-LUIS-URIO\u0301STEGUI-Y-VECINOS-LA-OBRA-DE-NUEVO-PAVIMENTO-ASFA\u0301LTICO-EN-AVENIDA-VI\u0301A-LA\u0301CTEA-EN-LA-COLONIA-RANCHO-TETELA-4-768x512.jpg 768w, https:\/\/cuernavaca.gob.mx\/wp-content\/uploads\/2023\/11\/INAUGURA-JOSE\u0301-LUIS-URIO\u0301STEGUI-Y-VECINOS-LA-OBRA-DE-NUEVO-PAVIMENTO-ASFA\u0301LTICO-EN-AVENIDA-VI\u0301A-LA\u0301CTEA-EN-LA-COLONIA-RANCHO-TETELA-4-600x400.jpg 600w, https:\/\/cuernavaca.gob.mx\/wp-content\/uploads\/2023\/11\/INAUGURA-JOSE\u0301-LUIS-URIO\u0301STEGUI-Y-VECINOS-LA-OBRA-DE-NUEVO-PAVIMENTO-ASFA\u0301LTICO-EN-AVENIDA-VI\u0301A-LA\u0301CTEA-EN-LA-COLONIA-RANCHO-TETELA-4-560x373.jpg 560w, https:\/\/cuernavaca.gob.mx\/wp-content\/uploads\/2023\/11\/INAUGURA-JOSE\u0301-LUIS-URIO\u0301STEGUI-Y-VECINOS-LA-OBRA-DE-NUEVO-PAVIMENTO-ASFA\u0301LTICO-EN-AVENIDA-VI\u0301A-LA\u0301CTEA-EN-LA-COLONIA-RANCHO-TETELA-4.jpg 1280w\" sizes=\"(max-width: 300px) 100vw, 300px\" \/> <img loading=\"lazy\" class=\"alignnone size-medium wp-image-34708\" src=\"https:\/\/cuernavaca.gob.mx\/wp-content\/uploads\/2023\/11\/INAUGURA-JOSE\u0301-LUIS-URIO\u0301STEGUI-Y-VECINOS-LA-OBRA-DE-NUEVO-PAVIMENTO-ASFA\u0301LTICO-EN-AVENIDA-VI\u0301A-LA\u0301CTEA-EN-LA-COLONIA-RANCHO-TETELA-5-300x200.jpg\" alt=\"\" width=\"300\" height=\"200\" srcset=\"https:\/\/cuernavaca.gob.mx\/wp-content\/uploads\/2023\/11\/INAUGURA-JOSE\u0301-LUIS-URIO\u0301STEGUI-Y-VECINOS-LA-OBRA-DE-NUEVO-PAVIMENTO-ASFA\u0301LTICO-EN-AVENIDA-VI\u0301A-LA\u0301CTEA-EN-LA-COLONIA-RANCHO-TETELA-5-300x200.jpg 300w, https:\/\/cuernavaca.gob.mx\/wp-content\/uploads\/2023\/11\/INAUGURA-JOSE\u0301-LUIS-URIO\u0301STEGUI-Y-VECINOS-LA-OBRA-DE-NUEVO-PAVIMENTO-ASFA\u0301LTICO-EN-AVENIDA-VI\u0301A-LA\u0301CTEA-EN-LA-COLONIA-RANCHO-TETELA-5-1024x682.jpg 1024w, https:\/\/cuernavaca.gob.mx\/wp-content\/uploads\/2023\/11\/INAUGURA-JOSE\u0301-LUIS-URIO\u0301STEGUI-Y-VECINOS-LA-OBRA-DE-NUEVO-PAVIMENTO-ASFA\u0301LTICO-EN-AVENIDA-VI\u0301A-LA\u0301CTEA-EN-LA-COLONIA-RANCHO-TETELA-5-768x512.jpg 768w, https:\/\/cuernavaca.gob.mx\/wp-content\/uploads\/2023\/11\/INAUGURA-JOSE\u0301-LUIS-URIO\u0301STEGUI-Y-VECINOS-LA-OBRA-DE-NUEVO-PAVIMENTO-ASFA\u0301LTICO-EN-AVENIDA-VI\u0301A-LA\u0301CTEA-EN-LA-COLONIA-RANCHO-TETELA-5-1536x1023.jpg 1536w, https:\/\/cuernavaca.gob.mx\/wp-content\/uploads\/2023\/11\/INAUGURA-JOSE\u0301-LUIS-URIO\u0301STEGUI-Y-VECINOS-LA-OBRA-DE-NUEVO-PAVIMENTO-ASFA\u0301LTICO-EN-AVENIDA-VI\u0301A-LA\u0301CTEA-EN-LA-COLONIA-RANCHO-TETELA-5-600x400.jpg 600w, https:\/\/cuernavaca.gob.mx\/wp-content\/uploads\/2023\/11\/INAUGURA-JOSE\u0301-LUIS-URIO\u0301STEGUI-Y-VECINOS-LA-OBRA-DE-NUEVO-PAVIMENTO-ASFA\u0301LTICO-EN-AVENIDA-VI\u0301A-LA\u0301CTEA-EN-LA-COLONIA-RANCHO-TETELA-5-560x373.jpg 560w, https:\/\/cuernavaca.gob.mx\/wp-content\/uploads\/2023\/11\/INAUGURA-JOSE\u0301-LUIS-URIO\u0301STEGUI-Y-VECINOS-LA-OBRA-DE-NUEVO-PAVIMENTO-ASFA\u0301LTICO-EN-AVENIDA-VI\u0301A-LA\u0301CTEA-EN-LA-COLONIA-RANCHO-TETELA-5.jpg 1600w\" sizes=\"(max-width: 300px) 100vw, 300px\" \/> <img loading=\"lazy\" class=\"alignnone size-medium wp-image-34709\" src=\"https:\/\/cuernavaca.gob.mx\/wp-content\/uploads\/2023\/11\/INAUGURA-JOSE\u0301-LUIS-URIO\u0301STEGUI-Y-VECINOS-LA-OBRA-DE-NUEVO-PAVIMENTO-ASFA\u0301LTICO-EN-AVENIDA-VI\u0301A-LA\u0301CTEA-EN-LA-COLONIA-RANCHO-TETELA-6-300x200.jpg\" alt=\"\" width=\"300\" height=\"200\" srcset=\"https:\/\/cuernavaca.gob.mx\/wp-content\/uploads\/2023\/11\/INAUGURA-JOSE\u0301-LUIS-URIO\u0301STEGUI-Y-VECINOS-LA-OBRA-DE-NUEVO-PAVIMENTO-ASFA\u0301LTICO-EN-AVENIDA-VI\u0301A-LA\u0301CTEA-EN-LA-COLONIA-RANCHO-TETELA-6-300x200.jpg 300w, https:\/\/cuernavaca.gob.mx\/wp-content\/uploads\/2023\/11\/INAUGURA-JOSE\u0301-LUIS-URIO\u0301STEGUI-Y-VECINOS-LA-OBRA-DE-NUEVO-PAVIMENTO-ASFA\u0301LTICO-EN-AVENIDA-VI\u0301A-LA\u0301CTEA-EN-LA-COLONIA-RANCHO-TETELA-6-1024x682.jpg 1024w, https:\/\/cuernavaca.gob.mx\/wp-content\/uploads\/2023\/11\/INAUGURA-JOSE\u0301-LUIS-URIO\u0301STEGUI-Y-VECINOS-LA-OBRA-DE-NUEVO-PAVIMENTO-ASFA\u0301LTICO-EN-AVENIDA-VI\u0301A-LA\u0301CTEA-EN-LA-COLONIA-RANCHO-TETELA-6-768x512.jpg 768w, https:\/\/cuernavaca.gob.mx\/wp-content\/uploads\/2023\/11\/INAUGURA-JOSE\u0301-LUIS-URIO\u0301STEGUI-Y-VECINOS-LA-OBRA-DE-NUEVO-PAVIMENTO-ASFA\u0301LTICO-EN-AVENIDA-VI\u0301A-LA\u0301CTEA-EN-LA-COLONIA-RANCHO-TETELA-6-1536x1023.jpg 1536w, https:\/\/cuernavaca.gob.mx\/wp-content\/uploads\/2023\/11\/INAUGURA-JOSE\u0301-LUIS-URIO\u0301STEGUI-Y-VECINOS-LA-OBRA-DE-NUEVO-PAVIMENTO-ASFA\u0301LTICO-EN-AVENIDA-VI\u0301A-LA\u0301CTEA-EN-LA-COLONIA-RANCHO-TETELA-6-600x400.jpg 600w, https:\/\/cuernavaca.gob.mx\/wp-content\/uploads\/2023\/11\/INAUGURA-JOSE\u0301-LUIS-URIO\u0301STEGUI-Y-VECINOS-LA-OBRA-DE-NUEVO-PAVIMENTO-ASFA\u0301LTICO-EN-AVENIDA-VI\u0301A-LA\u0301CTEA-EN-LA-COLONIA-RANCHO-TETELA-6-560x373.jpg 560w, https:\/\/cuernavaca.gob.mx\/wp-content\/uploads\/2023\/11\/INAUGURA-JOSE\u0301-LUIS-URIO\u0301STEGUI-Y-VECINOS-LA-OBRA-DE-NUEVO-PAVIMENTO-ASFA\u0301LTICO-EN-AVENIDA-VI\u0301A-LA\u0301CTEA-EN-LA-COLONIA-RANCHO-TETELA-6.jpg 1600w\" sizes=\"(max-width: 300px) 100vw, 300px\" \/> <img loading=\"lazy\" class=\"alignnone size-medium wp-image-34710\" src=\"https:\/\/cuernavaca.gob.mx\/wp-content\/uploads\/2023\/11\/INAUGURA-JOSE\u0301-LUIS-URIO\u0301STEGUI-Y-VECINOS-LA-OBRA-DE-NUEVO-PAVIMENTO-ASFA\u0301LTICO-EN-AVENIDA-VI\u0301A-LA\u0301CTEA-EN-LA-COLONIA-RANCHO-TETELA-7-300x200.jpg\" alt=\"\" width=\"300\" height=\"200\" srcset=\"https:\/\/cuernavaca.gob.mx\/wp-content\/uploads\/2023\/11\/INAUGURA-JOSE\u0301-LUIS-URIO\u0301STEGUI-Y-VECINOS-LA-OBRA-DE-NUEVO-PAVIMENTO-ASFA\u0301LTICO-EN-AVENIDA-VI\u0301A-LA\u0301CTEA-EN-LA-COLONIA-RANCHO-TETELA-7-300x200.jpg 300w, https:\/\/cuernavaca.gob.mx\/wp-content\/uploads\/2023\/11\/INAUGURA-JOSE\u0301-LUIS-URIO\u0301STEGUI-Y-VECINOS-LA-OBRA-DE-NUEVO-PAVIMENTO-ASFA\u0301LTICO-EN-AVENIDA-VI\u0301A-LA\u0301CTEA-EN-LA-COLONIA-RANCHO-TETELA-7-1024x682.jpg 1024w, https:\/\/cuernavaca.gob.mx\/wp-content\/uploads\/2023\/11\/INAUGURA-JOSE\u0301-LUIS-URIO\u0301STEGUI-Y-VECINOS-LA-OBRA-DE-NUEVO-PAVIMENTO-ASFA\u0301LTICO-EN-AVENIDA-VI\u0301A-LA\u0301CTEA-EN-LA-COLONIA-RANCHO-TETELA-7-768x512.jpg 768w, https:\/\/cuernavaca.gob.mx\/wp-content\/uploads\/2023\/11\/INAUGURA-JOSE\u0301-LUIS-URIO\u0301STEGUI-Y-VECINOS-LA-OBRA-DE-NUEVO-PAVIMENTO-ASFA\u0301LTICO-EN-AVENIDA-VI\u0301A-LA\u0301CTEA-EN-LA-COLONIA-RANCHO-TETELA-7-1536x1023.jpg 1536w, https:\/\/cuernavaca.gob.mx\/wp-content\/uploads\/2023\/11\/INAUGURA-JOSE\u0301-LUIS-URIO\u0301STEGUI-Y-VECINOS-LA-OBRA-DE-NUEVO-PAVIMENTO-ASFA\u0301LTICO-EN-AVENIDA-VI\u0301A-LA\u0301CTEA-EN-LA-COLONIA-RANCHO-TETELA-7-600x400.jpg 600w, https:\/\/cuernavaca.gob.mx\/wp-content\/uploads\/2023\/11\/INAUGURA-JOSE\u0301-LUIS-URIO\u0301STEGUI-Y-VECINOS-LA-OBRA-DE-NUEVO-PAVIMENTO-ASFA\u0301LTICO-EN-AVENIDA-VI\u0301A-LA\u0301CTEA-EN-LA-COLONIA-RANCHO-TETELA-7-560x373.jpg 560w, https:\/\/cuernavaca.gob.mx\/wp-content\/uploads\/2023\/11\/INAUGURA-JOSE\u0301-LUIS-URIO\u0301STEGUI-Y-VECINOS-LA-OBRA-DE-NUEVO-PAVIMENTO-ASFA\u0301LTICO-EN-AVENIDA-VI\u0301A-LA\u0301CTEA-EN-LA-COLONIA-RANCHO-TETELA-7.jpg 1600w\" sizes=\"(max-width: 300px) 100vw, 300px\" \/> <img loading=\"lazy\" class=\"alignnone size-medium wp-image-34711\" src=\"https:\/\/cuernavaca.gob.mx\/wp-content\/uploads\/2023\/11\/INAUGURA-JOSE\u0301-LUIS-URIO\u0301STEGUI-Y-VECINOS-LA-OBRA-DE-NUEVO-PAVIMENTO-ASFA\u0301LTICO-EN-AVENIDA-VI\u0301A-LA\u0301CTEA-EN-LA-COLONIA-RANCHO-TETELA-1-300x200.jpg\" alt=\"\" width=\"300\" height=\"200\" srcset=\"https:\/\/cuernavaca.gob.mx\/wp-content\/uploads\/2023\/11\/INAUGURA-JOSE\u0301-LUIS-URIO\u0301STEGUI-Y-VECINOS-LA-OBRA-DE-NUEVO-PAVIMENTO-ASFA\u0301LTICO-EN-AVENIDA-VI\u0301A-LA\u0301CTEA-EN-LA-COLONIA-RANCHO-TETELA-1-300x200.jpg 300w, https:\/\/cuernavaca.gob.mx\/wp-content\/uploads\/2023\/11\/INAUGURA-JOSE\u0301-LUIS-URIO\u0301STEGUI-Y-VECINOS-LA-OBRA-DE-NUEVO-PAVIMENTO-ASFA\u0301LTICO-EN-AVENIDA-VI\u0301A-LA\u0301CTEA-EN-LA-COLONIA-RANCHO-TETELA-1-1024x682.jpg 1024w, https:\/\/cuernavaca.gob.mx\/wp-content\/uploads\/2023\/11\/INAUGURA-JOSE\u0301-LUIS-URIO\u0301STEGUI-Y-VECINOS-LA-OBRA-DE-NUEVO-PAVIMENTO-ASFA\u0301LTICO-EN-AVENIDA-VI\u0301A-LA\u0301CTEA-EN-LA-COLONIA-RANCHO-TETELA-1-768x512.jpg 768w, https:\/\/cuernavaca.gob.mx\/wp-content\/uploads\/2023\/11\/INAUGURA-JOSE\u0301-LUIS-URIO\u0301STEGUI-Y-VECINOS-LA-OBRA-DE-NUEVO-PAVIMENTO-ASFA\u0301LTICO-EN-AVENIDA-VI\u0301A-LA\u0301CTEA-EN-LA-COLONIA-RANCHO-TETELA-1-600x400.jpg 600w, https:\/\/cuernavaca.gob.mx\/wp-content\/uploads\/2023\/11\/INAUGURA-JOSE\u0301-LUIS-URIO\u0301STEGUI-Y-VECINOS-LA-OBRA-DE-NUEVO-PAVIMENTO-ASFA\u0301LTICO-EN-AVENIDA-VI\u0301A-LA\u0301CTEA-EN-LA-COLONIA-RANCHO-TETELA-1-560x373.jpg 560w, https:\/\/cuernavaca.gob.mx\/wp-content\/uploads\/2023\/11\/INAUGURA-JOSE\u0301-LUIS-URIO\u0301STEGUI-Y-VECINOS-LA-OBRA-DE-NUEVO-PAVIMENTO-ASFA\u0301LTICO-EN-AVENIDA-VI\u0301A-LA\u0301CTEA-EN-LA-COLONIA-RANCHO-TETELA-1.jpg 1280w\" sizes=\"(max-width: 300px) 100vw, 300px\" \/><\/p>\n","protected":false},"excerpt":{"rendered":"<p>\u2022 Se invirtieron dos millones 492 mil 506.63 pesos del Fondo de Apoyo para la Infraestructura Social Municipal (FAISMUN) \u2022 Con estos trabajos ser\u00e1n beneficiados 10 mil 500 habitantes directos y m\u00e1s de dos mil 500 indirectos En gira de trabajo, el Ayuntamiento de Cuernavaca entreg\u00f3 este lunes la obra de revestimiento de pavimento asf\u00e1ltico [&hellip;]<\/p>\n","protected":false},"author":1,"featured_media":34709,"comment_status":"closed","ping_status":"open","sticky":false,"template":"","format":"standard","meta":[],"categories":[18],"tags":[1610,121,515,120,206,1075,2478,358,127,342],"aioseo_notices":[],"_links":{"self":[{"href":"https:\/\/cuernavaca.gob.mx\/index.php?rest_route=\/wp\/v2\/posts\/34704"}],"collection":[{"href":"https:\/\/cuernavaca.gob.mx\/index.php?rest_route=\/wp\/v2\/posts"}],"about":[{"href":"https:\/\/cuernavaca.gob.mx\/index.php?rest_route=\/wp\/v2\/types\/post"}],"author":[{"embeddable":true,"href":"https:\/\/cuernavaca.gob.mx\/index.php?rest_route=\/wp\/v2\/users\/1"}],"replies":[{"embeddable":true,"href":"https:\/\/cuernavaca.gob.mx\/index.php?rest_route=%2Fwp%2Fv2%2Fcomments&post=34704"}],"version-history":[{"count":1,"href":"https:\/\/cuernavaca.gob.mx\/index.php?rest_route=\/wp\/v2\/posts\/34704\/revisions"}],"predecessor-version":[{"id":34712,"href":"https:\/\/cuernavaca.gob.mx\/index.php?rest_route=\/wp\/v2\/posts\/34704\/revisions\/34712"}],"wp:featuredmedia":[{"embeddable":true,"href":"https:\/\/cuernavaca.gob.mx\/index.php?rest_route=\/wp\/v2\/media\/34709"}],"wp:attachment":[{"href":"https:\/\/cuernavaca.gob.mx\/index.php?rest_route=%2Fwp%2Fv2%2Fmedia&parent=34704"}],"wp:term":[{"taxonomy":"category","embeddable":true,"href":"https:\/\/cuernavaca.gob.mx\/index.php?rest_route=%2Fwp%2Fv2%2Fcategories&post=34704"},{"taxonomy":"post_tag","embeddable":true,"href":"https:\/\/cuernavaca.gob.mx\/index.php?rest_route=%2Fwp%2Fv2%2Ftags&post=34704"}],"curies":[{"name":"wp","href":"https:\/\/api.w.org\/{rel}","templated":true}]}}