{"id":35069,"date":"2023-11-19T13:00:43","date_gmt":"2023-11-19T19:00:43","guid":{"rendered":"https:\/\/cuernavaca.gob.mx\/?p=35069"},"modified":"2023-11-19T19:54:50","modified_gmt":"2023-11-20T01:54:50","slug":"b1414-19-11-23-por-segundo-ano-consecutivo-jose-luis-uriostegui-encabeza-ceremonia-del-sorteo-del-servicio-militar-en-cuernavaca","status":"publish","type":"post","link":"https:\/\/cuernavaca.gob.mx\/?p=35069","title":{"rendered":"B1414 19\/11\/23 POR SEGUNDO A\u00d1O CONSECUTIVO JOS\u00c9 LUIS URI\u00d3STEGUI ENCABEZA CEREMONIA DEL SORTEO DEL SERVICIO MILITAR EN CUERNAVACA"},"content":{"rendered":"<p><strong>* El presidente municipal destac\u00f3 la voluntad de los 939 participantes de la Clase 2005 y Remisos que acudieron para cumplir con esta disposici\u00f3n constitucional<\/strong><\/p>\n<p>El presidente municipal de Cuernavaca, Jos\u00e9 Luis Uri\u00f3stegui Salgado, encabez\u00f3 este domingo el Sorteo del Servicio Militar Nacional Clase 2005 y Remisos, en el que 470 conscriptos fueron elegidos con bola blanca de un total de 939 j\u00f3venes que acudieron para cumplir con esta disposici\u00f3n c\u00edvica constitucional.<\/p>\n<p>En el evento celebrado en la explanada de la sede Papagayo del Ayuntamiento de Cuernavaca, los asistentes fueron sorteados mediante la selecci\u00f3n de bola blanca y bola negra para realizar el servicio militar durante un a\u00f1o y as\u00ed estar preparados para salvaguardar la soberan\u00eda nacional.<\/p>\n<p>En su mensaje, Jos\u00e9 Luis Uri\u00f3stegui acompa\u00f1ado de la regidora Lucero Cuenca Noria y el secretario del Ayuntamiento, Carlos de la Rosa Segura, extern\u00f3 su reconocimiento hacia los j\u00f3venes que estar\u00e1n cumpliendo este compromiso, donde aprender\u00e1n y podr\u00e1n fortalecer sus conocimientos y valores c\u00edvicos para servir mejor a la patria, sabiendo que cada aprendizaje, gu\u00eda y hora empleados ser\u00e1 por el bien de M\u00e9xico, as\u00ed como para su aprendizaje y convivencia.<\/p>\n<p>A partir del 28 de noviembre y durante todo el mes de diciembre en un horario de 08:00 a 15:00 horas, los j\u00f3venes deber\u00e1n dirigirse a la Junta Municipal de Reclutamiento en la sede Papagayo del Gobierno Municipal para recibir el sello en su cartilla.<\/p>\n<p>Cabe destacar que durante el mes de noviembre de acuerdo a la organizaci\u00f3n de cada municipio en el pa\u00eds se lleva a cabo este sorteo que maneja tres formas de cumplimiento: los j\u00f3venes designados con bola negra a quienes se les considera como soldados a disponibilidad, la segunda es el servicio militar encuadrado con bola blanca, que se lleva a cabo en los centros de adiestramiento que se determinan en estado; todos los s\u00e1bados de 08:00 a 13:00 horas.<\/p>\n<p>Adem\u00e1s, el servicio militar encuadrado que se realiza en los centros de adiestramiento nacional, se desarrolla durante tres meses en las unidades del ej\u00e9rcito efectuando el servicio tal cual como un soldado en sus actividades cotidianas.<\/p>\n<p>En la ceremonia se cont\u00f3 con la presencia del Sargento Segundo de Infanter\u00eda, Carlos Alberto Ib\u00e1\u00f1ez Cuevas, en representaci\u00f3n del Mayor de Infanter\u00eda, Gilberto Jim\u00e9nez Salazar, Inspector Militar; vecinos caracterizados, del Licenciado Santiago Ayala Delgado y del Licenciado Mario Arturo Santana Delgado.<\/p>\n<p><img loading=\"lazy\" class=\"alignnone size-medium wp-image-35070\" src=\"https:\/\/cuernavaca.gob.mx\/wp-content\/uploads\/2023\/11\/POR-SEGUNDO-ANO-CONSECUTIVO-JOSE-LUIS-URIOSTEGUI-ENCABEZA-CEREMONIA-DEL-SORTEO-DEL-SERVICIO-MILITAR-EN-CUERNAVACA-1-300x200.jpeg\" alt=\"\" width=\"300\" height=\"200\" srcset=\"https:\/\/cuernavaca.gob.mx\/wp-content\/uploads\/2023\/11\/POR-SEGUNDO-ANO-CONSECUTIVO-JOSE-LUIS-URIOSTEGUI-ENCABEZA-CEREMONIA-DEL-SORTEO-DEL-SERVICIO-MILITAR-EN-CUERNAVACA-1-300x200.jpeg 300w, https:\/\/cuernavaca.gob.mx\/wp-content\/uploads\/2023\/11\/POR-SEGUNDO-ANO-CONSECUTIVO-JOSE-LUIS-URIOSTEGUI-ENCABEZA-CEREMONIA-DEL-SORTEO-DEL-SERVICIO-MILITAR-EN-CUERNAVACA-1-1024x682.jpeg 1024w, https:\/\/cuernavaca.gob.mx\/wp-content\/uploads\/2023\/11\/POR-SEGUNDO-ANO-CONSECUTIVO-JOSE-LUIS-URIOSTEGUI-ENCABEZA-CEREMONIA-DEL-SORTEO-DEL-SERVICIO-MILITAR-EN-CUERNAVACA-1-768x512.jpeg 768w, https:\/\/cuernavaca.gob.mx\/wp-content\/uploads\/2023\/11\/POR-SEGUNDO-ANO-CONSECUTIVO-JOSE-LUIS-URIOSTEGUI-ENCABEZA-CEREMONIA-DEL-SORTEO-DEL-SERVICIO-MILITAR-EN-CUERNAVACA-1-1536x1023.jpeg 1536w, https:\/\/cuernavaca.gob.mx\/wp-content\/uploads\/2023\/11\/POR-SEGUNDO-ANO-CONSECUTIVO-JOSE-LUIS-URIOSTEGUI-ENCABEZA-CEREMONIA-DEL-SORTEO-DEL-SERVICIO-MILITAR-EN-CUERNAVACA-1-600x400.jpeg 600w, https:\/\/cuernavaca.gob.mx\/wp-content\/uploads\/2023\/11\/POR-SEGUNDO-ANO-CONSECUTIVO-JOSE-LUIS-URIOSTEGUI-ENCABEZA-CEREMONIA-DEL-SORTEO-DEL-SERVICIO-MILITAR-EN-CUERNAVACA-1-560x373.jpeg 560w, https:\/\/cuernavaca.gob.mx\/wp-content\/uploads\/2023\/11\/POR-SEGUNDO-ANO-CONSECUTIVO-JOSE-LUIS-URIOSTEGUI-ENCABEZA-CEREMONIA-DEL-SORTEO-DEL-SERVICIO-MILITAR-EN-CUERNAVACA-1.jpeg 1600w\" sizes=\"(max-width: 300px) 100vw, 300px\" \/> <img loading=\"lazy\" class=\"alignnone size-medium wp-image-35071\" src=\"https:\/\/cuernavaca.gob.mx\/wp-content\/uploads\/2023\/11\/POR-SEGUNDO-ANO-CONSECUTIVO-JOSE-LUIS-URIOSTEGUI-ENCABEZA-CEREMONIA-DEL-SORTEO-DEL-SERVICIO-MILITAR-EN-CUERNAVACA-2-300x200.jpeg\" alt=\"\" width=\"300\" height=\"200\" srcset=\"https:\/\/cuernavaca.gob.mx\/wp-content\/uploads\/2023\/11\/POR-SEGUNDO-ANO-CONSECUTIVO-JOSE-LUIS-URIOSTEGUI-ENCABEZA-CEREMONIA-DEL-SORTEO-DEL-SERVICIO-MILITAR-EN-CUERNAVACA-2-300x200.jpeg 300w, https:\/\/cuernavaca.gob.mx\/wp-content\/uploads\/2023\/11\/POR-SEGUNDO-ANO-CONSECUTIVO-JOSE-LUIS-URIOSTEGUI-ENCABEZA-CEREMONIA-DEL-SORTEO-DEL-SERVICIO-MILITAR-EN-CUERNAVACA-2-1024x682.jpeg 1024w, https:\/\/cuernavaca.gob.mx\/wp-content\/uploads\/2023\/11\/POR-SEGUNDO-ANO-CONSECUTIVO-JOSE-LUIS-URIOSTEGUI-ENCABEZA-CEREMONIA-DEL-SORTEO-DEL-SERVICIO-MILITAR-EN-CUERNAVACA-2-768x512.jpeg 768w, https:\/\/cuernavaca.gob.mx\/wp-content\/uploads\/2023\/11\/POR-SEGUNDO-ANO-CONSECUTIVO-JOSE-LUIS-URIOSTEGUI-ENCABEZA-CEREMONIA-DEL-SORTEO-DEL-SERVICIO-MILITAR-EN-CUERNAVACA-2-1536x1023.jpeg 1536w, https:\/\/cuernavaca.gob.mx\/wp-content\/uploads\/2023\/11\/POR-SEGUNDO-ANO-CONSECUTIVO-JOSE-LUIS-URIOSTEGUI-ENCABEZA-CEREMONIA-DEL-SORTEO-DEL-SERVICIO-MILITAR-EN-CUERNAVACA-2-600x400.jpeg 600w, https:\/\/cuernavaca.gob.mx\/wp-content\/uploads\/2023\/11\/POR-SEGUNDO-ANO-CONSECUTIVO-JOSE-LUIS-URIOSTEGUI-ENCABEZA-CEREMONIA-DEL-SORTEO-DEL-SERVICIO-MILITAR-EN-CUERNAVACA-2-560x373.jpeg 560w, https:\/\/cuernavaca.gob.mx\/wp-content\/uploads\/2023\/11\/POR-SEGUNDO-ANO-CONSECUTIVO-JOSE-LUIS-URIOSTEGUI-ENCABEZA-CEREMONIA-DEL-SORTEO-DEL-SERVICIO-MILITAR-EN-CUERNAVACA-2.jpeg 1600w\" sizes=\"(max-width: 300px) 100vw, 300px\" \/> <img loading=\"lazy\" class=\"alignnone size-medium wp-image-35072\" src=\"https:\/\/cuernavaca.gob.mx\/wp-content\/uploads\/2023\/11\/POR-SEGUNDO-ANO-CONSECUTIVO-JOSE-LUIS-URIOSTEGUI-ENCABEZA-CEREMONIA-DEL-SORTEO-DEL-SERVICIO-MILITAR-EN-CUERNAVACA-3-300x200.jpeg\" alt=\"\" width=\"300\" height=\"200\" srcset=\"https:\/\/cuernavaca.gob.mx\/wp-content\/uploads\/2023\/11\/POR-SEGUNDO-ANO-CONSECUTIVO-JOSE-LUIS-URIOSTEGUI-ENCABEZA-CEREMONIA-DEL-SORTEO-DEL-SERVICIO-MILITAR-EN-CUERNAVACA-3-300x200.jpeg 300w, https:\/\/cuernavaca.gob.mx\/wp-content\/uploads\/2023\/11\/POR-SEGUNDO-ANO-CONSECUTIVO-JOSE-LUIS-URIOSTEGUI-ENCABEZA-CEREMONIA-DEL-SORTEO-DEL-SERVICIO-MILITAR-EN-CUERNAVACA-3-1024x682.jpeg 1024w, https:\/\/cuernavaca.gob.mx\/wp-content\/uploads\/2023\/11\/POR-SEGUNDO-ANO-CONSECUTIVO-JOSE-LUIS-URIOSTEGUI-ENCABEZA-CEREMONIA-DEL-SORTEO-DEL-SERVICIO-MILITAR-EN-CUERNAVACA-3-768x512.jpeg 768w, https:\/\/cuernavaca.gob.mx\/wp-content\/uploads\/2023\/11\/POR-SEGUNDO-ANO-CONSECUTIVO-JOSE-LUIS-URIOSTEGUI-ENCABEZA-CEREMONIA-DEL-SORTEO-DEL-SERVICIO-MILITAR-EN-CUERNAVACA-3-1536x1023.jpeg 1536w, https:\/\/cuernavaca.gob.mx\/wp-content\/uploads\/2023\/11\/POR-SEGUNDO-ANO-CONSECUTIVO-JOSE-LUIS-URIOSTEGUI-ENCABEZA-CEREMONIA-DEL-SORTEO-DEL-SERVICIO-MILITAR-EN-CUERNAVACA-3-600x400.jpeg 600w, https:\/\/cuernavaca.gob.mx\/wp-content\/uploads\/2023\/11\/POR-SEGUNDO-ANO-CONSECUTIVO-JOSE-LUIS-URIOSTEGUI-ENCABEZA-CEREMONIA-DEL-SORTEO-DEL-SERVICIO-MILITAR-EN-CUERNAVACA-3-560x373.jpeg 560w, https:\/\/cuernavaca.gob.mx\/wp-content\/uploads\/2023\/11\/POR-SEGUNDO-ANO-CONSECUTIVO-JOSE-LUIS-URIOSTEGUI-ENCABEZA-CEREMONIA-DEL-SORTEO-DEL-SERVICIO-MILITAR-EN-CUERNAVACA-3.jpeg 1600w\" sizes=\"(max-width: 300px) 100vw, 300px\" \/> <img loading=\"lazy\" class=\"alignnone size-medium wp-image-35073\" src=\"https:\/\/cuernavaca.gob.mx\/wp-content\/uploads\/2023\/11\/POR-SEGUNDO-ANO-CONSECUTIVO-JOSE-LUIS-URIOSTEGUI-ENCABEZA-CEREMONIA-DEL-SORTEO-DEL-SERVICIO-MILITAR-EN-CUERNAVACA-4-300x200.jpeg\" alt=\"\" width=\"300\" height=\"200\" srcset=\"https:\/\/cuernavaca.gob.mx\/wp-content\/uploads\/2023\/11\/POR-SEGUNDO-ANO-CONSECUTIVO-JOSE-LUIS-URIOSTEGUI-ENCABEZA-CEREMONIA-DEL-SORTEO-DEL-SERVICIO-MILITAR-EN-CUERNAVACA-4-300x200.jpeg 300w, https:\/\/cuernavaca.gob.mx\/wp-content\/uploads\/2023\/11\/POR-SEGUNDO-ANO-CONSECUTIVO-JOSE-LUIS-URIOSTEGUI-ENCABEZA-CEREMONIA-DEL-SORTEO-DEL-SERVICIO-MILITAR-EN-CUERNAVACA-4-1024x682.jpeg 1024w, https:\/\/cuernavaca.gob.mx\/wp-content\/uploads\/2023\/11\/POR-SEGUNDO-ANO-CONSECUTIVO-JOSE-LUIS-URIOSTEGUI-ENCABEZA-CEREMONIA-DEL-SORTEO-DEL-SERVICIO-MILITAR-EN-CUERNAVACA-4-768x512.jpeg 768w, https:\/\/cuernavaca.gob.mx\/wp-content\/uploads\/2023\/11\/POR-SEGUNDO-ANO-CONSECUTIVO-JOSE-LUIS-URIOSTEGUI-ENCABEZA-CEREMONIA-DEL-SORTEO-DEL-SERVICIO-MILITAR-EN-CUERNAVACA-4-1536x1023.jpeg 1536w, https:\/\/cuernavaca.gob.mx\/wp-content\/uploads\/2023\/11\/POR-SEGUNDO-ANO-CONSECUTIVO-JOSE-LUIS-URIOSTEGUI-ENCABEZA-CEREMONIA-DEL-SORTEO-DEL-SERVICIO-MILITAR-EN-CUERNAVACA-4-600x400.jpeg 600w, https:\/\/cuernavaca.gob.mx\/wp-content\/uploads\/2023\/11\/POR-SEGUNDO-ANO-CONSECUTIVO-JOSE-LUIS-URIOSTEGUI-ENCABEZA-CEREMONIA-DEL-SORTEO-DEL-SERVICIO-MILITAR-EN-CUERNAVACA-4-560x373.jpeg 560w, https:\/\/cuernavaca.gob.mx\/wp-content\/uploads\/2023\/11\/POR-SEGUNDO-ANO-CONSECUTIVO-JOSE-LUIS-URIOSTEGUI-ENCABEZA-CEREMONIA-DEL-SORTEO-DEL-SERVICIO-MILITAR-EN-CUERNAVACA-4.jpeg 1600w\" sizes=\"(max-width: 300px) 100vw, 300px\" \/> <img loading=\"lazy\" class=\"alignnone size-medium wp-image-35074\" src=\"https:\/\/cuernavaca.gob.mx\/wp-content\/uploads\/2023\/11\/POR-SEGUNDO-ANO-CONSECUTIVO-JOSE-LUIS-URIOSTEGUI-ENCABEZA-CEREMONIA-DEL-SORTEO-DEL-SERVICIO-MILITAR-EN-CUERNAVACA-5-300x200.jpeg\" alt=\"\" width=\"300\" height=\"200\" srcset=\"https:\/\/cuernavaca.gob.mx\/wp-content\/uploads\/2023\/11\/POR-SEGUNDO-ANO-CONSECUTIVO-JOSE-LUIS-URIOSTEGUI-ENCABEZA-CEREMONIA-DEL-SORTEO-DEL-SERVICIO-MILITAR-EN-CUERNAVACA-5-300x200.jpeg 300w, https:\/\/cuernavaca.gob.mx\/wp-content\/uploads\/2023\/11\/POR-SEGUNDO-ANO-CONSECUTIVO-JOSE-LUIS-URIOSTEGUI-ENCABEZA-CEREMONIA-DEL-SORTEO-DEL-SERVICIO-MILITAR-EN-CUERNAVACA-5-1024x682.jpeg 1024w, https:\/\/cuernavaca.gob.mx\/wp-content\/uploads\/2023\/11\/POR-SEGUNDO-ANO-CONSECUTIVO-JOSE-LUIS-URIOSTEGUI-ENCABEZA-CEREMONIA-DEL-SORTEO-DEL-SERVICIO-MILITAR-EN-CUERNAVACA-5-768x512.jpeg 768w, https:\/\/cuernavaca.gob.mx\/wp-content\/uploads\/2023\/11\/POR-SEGUNDO-ANO-CONSECUTIVO-JOSE-LUIS-URIOSTEGUI-ENCABEZA-CEREMONIA-DEL-SORTEO-DEL-SERVICIO-MILITAR-EN-CUERNAVACA-5-1536x1023.jpeg 1536w, https:\/\/cuernavaca.gob.mx\/wp-content\/uploads\/2023\/11\/POR-SEGUNDO-ANO-CONSECUTIVO-JOSE-LUIS-URIOSTEGUI-ENCABEZA-CEREMONIA-DEL-SORTEO-DEL-SERVICIO-MILITAR-EN-CUERNAVACA-5-600x400.jpeg 600w, https:\/\/cuernavaca.gob.mx\/wp-content\/uploads\/2023\/11\/POR-SEGUNDO-ANO-CONSECUTIVO-JOSE-LUIS-URIOSTEGUI-ENCABEZA-CEREMONIA-DEL-SORTEO-DEL-SERVICIO-MILITAR-EN-CUERNAVACA-5-560x373.jpeg 560w, https:\/\/cuernavaca.gob.mx\/wp-content\/uploads\/2023\/11\/POR-SEGUNDO-ANO-CONSECUTIVO-JOSE-LUIS-URIOSTEGUI-ENCABEZA-CEREMONIA-DEL-SORTEO-DEL-SERVICIO-MILITAR-EN-CUERNAVACA-5.jpeg 1600w\" sizes=\"(max-width: 300px) 100vw, 300px\" \/> <img loading=\"lazy\" class=\"alignnone size-medium wp-image-35075\" src=\"https:\/\/cuernavaca.gob.mx\/wp-content\/uploads\/2023\/11\/POR-SEGUNDO-ANO-CONSECUTIVO-JOSE-LUIS-URIOSTEGUI-ENCABEZA-CEREMONIA-DEL-SORTEO-DEL-SERVICIO-MILITAR-EN-CUERNAVACA-6-300x200.jpeg\" alt=\"\" width=\"300\" height=\"200\" srcset=\"https:\/\/cuernavaca.gob.mx\/wp-content\/uploads\/2023\/11\/POR-SEGUNDO-ANO-CONSECUTIVO-JOSE-LUIS-URIOSTEGUI-ENCABEZA-CEREMONIA-DEL-SORTEO-DEL-SERVICIO-MILITAR-EN-CUERNAVACA-6-300x200.jpeg 300w, https:\/\/cuernavaca.gob.mx\/wp-content\/uploads\/2023\/11\/POR-SEGUNDO-ANO-CONSECUTIVO-JOSE-LUIS-URIOSTEGUI-ENCABEZA-CEREMONIA-DEL-SORTEO-DEL-SERVICIO-MILITAR-EN-CUERNAVACA-6-1024x682.jpeg 1024w, https:\/\/cuernavaca.gob.mx\/wp-content\/uploads\/2023\/11\/POR-SEGUNDO-ANO-CONSECUTIVO-JOSE-LUIS-URIOSTEGUI-ENCABEZA-CEREMONIA-DEL-SORTEO-DEL-SERVICIO-MILITAR-EN-CUERNAVACA-6-768x512.jpeg 768w, https:\/\/cuernavaca.gob.mx\/wp-content\/uploads\/2023\/11\/POR-SEGUNDO-ANO-CONSECUTIVO-JOSE-LUIS-URIOSTEGUI-ENCABEZA-CEREMONIA-DEL-SORTEO-DEL-SERVICIO-MILITAR-EN-CUERNAVACA-6-1536x1023.jpeg 1536w, https:\/\/cuernavaca.gob.mx\/wp-content\/uploads\/2023\/11\/POR-SEGUNDO-ANO-CONSECUTIVO-JOSE-LUIS-URIOSTEGUI-ENCABEZA-CEREMONIA-DEL-SORTEO-DEL-SERVICIO-MILITAR-EN-CUERNAVACA-6-600x400.jpeg 600w, https:\/\/cuernavaca.gob.mx\/wp-content\/uploads\/2023\/11\/POR-SEGUNDO-ANO-CONSECUTIVO-JOSE-LUIS-URIOSTEGUI-ENCABEZA-CEREMONIA-DEL-SORTEO-DEL-SERVICIO-MILITAR-EN-CUERNAVACA-6-560x373.jpeg 560w, https:\/\/cuernavaca.gob.mx\/wp-content\/uploads\/2023\/11\/POR-SEGUNDO-ANO-CONSECUTIVO-JOSE-LUIS-URIOSTEGUI-ENCABEZA-CEREMONIA-DEL-SORTEO-DEL-SERVICIO-MILITAR-EN-CUERNAVACA-6.jpeg 1600w\" sizes=\"(max-width: 300px) 100vw, 300px\" \/> <img loading=\"lazy\" class=\"alignnone size-medium wp-image-35076\" src=\"https:\/\/cuernavaca.gob.mx\/wp-content\/uploads\/2023\/11\/POR-SEGUNDO-ANO-CONSECUTIVO-JOSE-LUIS-URIOSTEGUI-ENCABEZA-CEREMONIA-DEL-SORTEO-DEL-SERVICIO-MILITAR-EN-CUERNAVACA-7-300x200.jpeg\" alt=\"\" width=\"300\" height=\"200\" srcset=\"https:\/\/cuernavaca.gob.mx\/wp-content\/uploads\/2023\/11\/POR-SEGUNDO-ANO-CONSECUTIVO-JOSE-LUIS-URIOSTEGUI-ENCABEZA-CEREMONIA-DEL-SORTEO-DEL-SERVICIO-MILITAR-EN-CUERNAVACA-7-300x200.jpeg 300w, https:\/\/cuernavaca.gob.mx\/wp-content\/uploads\/2023\/11\/POR-SEGUNDO-ANO-CONSECUTIVO-JOSE-LUIS-URIOSTEGUI-ENCABEZA-CEREMONIA-DEL-SORTEO-DEL-SERVICIO-MILITAR-EN-CUERNAVACA-7-1024x682.jpeg 1024w, https:\/\/cuernavaca.gob.mx\/wp-content\/uploads\/2023\/11\/POR-SEGUNDO-ANO-CONSECUTIVO-JOSE-LUIS-URIOSTEGUI-ENCABEZA-CEREMONIA-DEL-SORTEO-DEL-SERVICIO-MILITAR-EN-CUERNAVACA-7-768x512.jpeg 768w, https:\/\/cuernavaca.gob.mx\/wp-content\/uploads\/2023\/11\/POR-SEGUNDO-ANO-CONSECUTIVO-JOSE-LUIS-URIOSTEGUI-ENCABEZA-CEREMONIA-DEL-SORTEO-DEL-SERVICIO-MILITAR-EN-CUERNAVACA-7-1536x1023.jpeg 1536w, https:\/\/cuernavaca.gob.mx\/wp-content\/uploads\/2023\/11\/POR-SEGUNDO-ANO-CONSECUTIVO-JOSE-LUIS-URIOSTEGUI-ENCABEZA-CEREMONIA-DEL-SORTEO-DEL-SERVICIO-MILITAR-EN-CUERNAVACA-7-600x400.jpeg 600w, https:\/\/cuernavaca.gob.mx\/wp-content\/uploads\/2023\/11\/POR-SEGUNDO-ANO-CONSECUTIVO-JOSE-LUIS-URIOSTEGUI-ENCABEZA-CEREMONIA-DEL-SORTEO-DEL-SERVICIO-MILITAR-EN-CUERNAVACA-7-560x373.jpeg 560w, https:\/\/cuernavaca.gob.mx\/wp-content\/uploads\/2023\/11\/POR-SEGUNDO-ANO-CONSECUTIVO-JOSE-LUIS-URIOSTEGUI-ENCABEZA-CEREMONIA-DEL-SORTEO-DEL-SERVICIO-MILITAR-EN-CUERNAVACA-7.jpeg 1600w\" sizes=\"(max-width: 300px) 100vw, 300px\" \/> <img loading=\"lazy\" class=\"alignnone size-medium wp-image-35077\" src=\"https:\/\/cuernavaca.gob.mx\/wp-content\/uploads\/2023\/11\/POR-SEGUNDO-ANO-CONSECUTIVO-JOSE-LUIS-URIOSTEGUI-ENCABEZA-CEREMONIA-DEL-SORTEO-DEL-SERVICIO-MILITAR-EN-CUERNAVACA-8-300x200.jpeg\" alt=\"\" width=\"300\" height=\"200\" srcset=\"https:\/\/cuernavaca.gob.mx\/wp-content\/uploads\/2023\/11\/POR-SEGUNDO-ANO-CONSECUTIVO-JOSE-LUIS-URIOSTEGUI-ENCABEZA-CEREMONIA-DEL-SORTEO-DEL-SERVICIO-MILITAR-EN-CUERNAVACA-8-300x200.jpeg 300w, https:\/\/cuernavaca.gob.mx\/wp-content\/uploads\/2023\/11\/POR-SEGUNDO-ANO-CONSECUTIVO-JOSE-LUIS-URIOSTEGUI-ENCABEZA-CEREMONIA-DEL-SORTEO-DEL-SERVICIO-MILITAR-EN-CUERNAVACA-8-1024x682.jpeg 1024w, https:\/\/cuernavaca.gob.mx\/wp-content\/uploads\/2023\/11\/POR-SEGUNDO-ANO-CONSECUTIVO-JOSE-LUIS-URIOSTEGUI-ENCABEZA-CEREMONIA-DEL-SORTEO-DEL-SERVICIO-MILITAR-EN-CUERNAVACA-8-768x512.jpeg 768w, https:\/\/cuernavaca.gob.mx\/wp-content\/uploads\/2023\/11\/POR-SEGUNDO-ANO-CONSECUTIVO-JOSE-LUIS-URIOSTEGUI-ENCABEZA-CEREMONIA-DEL-SORTEO-DEL-SERVICIO-MILITAR-EN-CUERNAVACA-8-1536x1023.jpeg 1536w, https:\/\/cuernavaca.gob.mx\/wp-content\/uploads\/2023\/11\/POR-SEGUNDO-ANO-CONSECUTIVO-JOSE-LUIS-URIOSTEGUI-ENCABEZA-CEREMONIA-DEL-SORTEO-DEL-SERVICIO-MILITAR-EN-CUERNAVACA-8-600x400.jpeg 600w, https:\/\/cuernavaca.gob.mx\/wp-content\/uploads\/2023\/11\/POR-SEGUNDO-ANO-CONSECUTIVO-JOSE-LUIS-URIOSTEGUI-ENCABEZA-CEREMONIA-DEL-SORTEO-DEL-SERVICIO-MILITAR-EN-CUERNAVACA-8-560x373.jpeg 560w, https:\/\/cuernavaca.gob.mx\/wp-content\/uploads\/2023\/11\/POR-SEGUNDO-ANO-CONSECUTIVO-JOSE-LUIS-URIOSTEGUI-ENCABEZA-CEREMONIA-DEL-SORTEO-DEL-SERVICIO-MILITAR-EN-CUERNAVACA-8.jpeg 1600w\" sizes=\"(max-width: 300px) 100vw, 300px\" \/> <img loading=\"lazy\" class=\"alignnone size-medium wp-image-35078\" src=\"https:\/\/cuernavaca.gob.mx\/wp-content\/uploads\/2023\/11\/POR-SEGUNDO-ANO-CONSECUTIVO-JOSE-LUIS-URIOSTEGUI-ENCABEZA-CEREMONIA-DEL-SORTEO-DEL-SERVICIO-MILITAR-EN-CUERNAVACA-9-300x200.jpeg\" alt=\"\" width=\"300\" height=\"200\" srcset=\"https:\/\/cuernavaca.gob.mx\/wp-content\/uploads\/2023\/11\/POR-SEGUNDO-ANO-CONSECUTIVO-JOSE-LUIS-URIOSTEGUI-ENCABEZA-CEREMONIA-DEL-SORTEO-DEL-SERVICIO-MILITAR-EN-CUERNAVACA-9-300x200.jpeg 300w, https:\/\/cuernavaca.gob.mx\/wp-content\/uploads\/2023\/11\/POR-SEGUNDO-ANO-CONSECUTIVO-JOSE-LUIS-URIOSTEGUI-ENCABEZA-CEREMONIA-DEL-SORTEO-DEL-SERVICIO-MILITAR-EN-CUERNAVACA-9-1024x682.jpeg 1024w, https:\/\/cuernavaca.gob.mx\/wp-content\/uploads\/2023\/11\/POR-SEGUNDO-ANO-CONSECUTIVO-JOSE-LUIS-URIOSTEGUI-ENCABEZA-CEREMONIA-DEL-SORTEO-DEL-SERVICIO-MILITAR-EN-CUERNAVACA-9-768x512.jpeg 768w, https:\/\/cuernavaca.gob.mx\/wp-content\/uploads\/2023\/11\/POR-SEGUNDO-ANO-CONSECUTIVO-JOSE-LUIS-URIOSTEGUI-ENCABEZA-CEREMONIA-DEL-SORTEO-DEL-SERVICIO-MILITAR-EN-CUERNAVACA-9-1536x1023.jpeg 1536w, https:\/\/cuernavaca.gob.mx\/wp-content\/uploads\/2023\/11\/POR-SEGUNDO-ANO-CONSECUTIVO-JOSE-LUIS-URIOSTEGUI-ENCABEZA-CEREMONIA-DEL-SORTEO-DEL-SERVICIO-MILITAR-EN-CUERNAVACA-9-600x400.jpeg 600w, https:\/\/cuernavaca.gob.mx\/wp-content\/uploads\/2023\/11\/POR-SEGUNDO-ANO-CONSECUTIVO-JOSE-LUIS-URIOSTEGUI-ENCABEZA-CEREMONIA-DEL-SORTEO-DEL-SERVICIO-MILITAR-EN-CUERNAVACA-9-560x373.jpeg 560w, https:\/\/cuernavaca.gob.mx\/wp-content\/uploads\/2023\/11\/POR-SEGUNDO-ANO-CONSECUTIVO-JOSE-LUIS-URIOSTEGUI-ENCABEZA-CEREMONIA-DEL-SORTEO-DEL-SERVICIO-MILITAR-EN-CUERNAVACA-9.jpeg 1600w\" sizes=\"(max-width: 300px) 100vw, 300px\" \/> <img loading=\"lazy\" class=\"alignnone size-medium wp-image-35079\" src=\"https:\/\/cuernavaca.gob.mx\/wp-content\/uploads\/2023\/11\/POR-SEGUNDO-ANO-CONSECUTIVO-JOSE-LUIS-URIOSTEGUI-ENCABEZA-CEREMONIA-DEL-SORTEO-DEL-SERVICIO-MILITAR-EN-CUERNAVACA-10-300x200.jpeg\" alt=\"\" width=\"300\" height=\"200\" srcset=\"https:\/\/cuernavaca.gob.mx\/wp-content\/uploads\/2023\/11\/POR-SEGUNDO-ANO-CONSECUTIVO-JOSE-LUIS-URIOSTEGUI-ENCABEZA-CEREMONIA-DEL-SORTEO-DEL-SERVICIO-MILITAR-EN-CUERNAVACA-10-300x200.jpeg 300w, https:\/\/cuernavaca.gob.mx\/wp-content\/uploads\/2023\/11\/POR-SEGUNDO-ANO-CONSECUTIVO-JOSE-LUIS-URIOSTEGUI-ENCABEZA-CEREMONIA-DEL-SORTEO-DEL-SERVICIO-MILITAR-EN-CUERNAVACA-10-1024x682.jpeg 1024w, https:\/\/cuernavaca.gob.mx\/wp-content\/uploads\/2023\/11\/POR-SEGUNDO-ANO-CONSECUTIVO-JOSE-LUIS-URIOSTEGUI-ENCABEZA-CEREMONIA-DEL-SORTEO-DEL-SERVICIO-MILITAR-EN-CUERNAVACA-10-768x512.jpeg 768w, https:\/\/cuernavaca.gob.mx\/wp-content\/uploads\/2023\/11\/POR-SEGUNDO-ANO-CONSECUTIVO-JOSE-LUIS-URIOSTEGUI-ENCABEZA-CEREMONIA-DEL-SORTEO-DEL-SERVICIO-MILITAR-EN-CUERNAVACA-10-1536x1023.jpeg 1536w, https:\/\/cuernavaca.gob.mx\/wp-content\/uploads\/2023\/11\/POR-SEGUNDO-ANO-CONSECUTIVO-JOSE-LUIS-URIOSTEGUI-ENCABEZA-CEREMONIA-DEL-SORTEO-DEL-SERVICIO-MILITAR-EN-CUERNAVACA-10-600x400.jpeg 600w, https:\/\/cuernavaca.gob.mx\/wp-content\/uploads\/2023\/11\/POR-SEGUNDO-ANO-CONSECUTIVO-JOSE-LUIS-URIOSTEGUI-ENCABEZA-CEREMONIA-DEL-SORTEO-DEL-SERVICIO-MILITAR-EN-CUERNAVACA-10-560x373.jpeg 560w, https:\/\/cuernavaca.gob.mx\/wp-content\/uploads\/2023\/11\/POR-SEGUNDO-ANO-CONSECUTIVO-JOSE-LUIS-URIOSTEGUI-ENCABEZA-CEREMONIA-DEL-SORTEO-DEL-SERVICIO-MILITAR-EN-CUERNAVACA-10.jpeg 1600w\" sizes=\"(max-width: 300px) 100vw, 300px\" \/> <img loading=\"lazy\" class=\"alignnone size-medium wp-image-35080\" src=\"https:\/\/cuernavaca.gob.mx\/wp-content\/uploads\/2023\/11\/POR-SEGUNDO-ANO-CONSECUTIVO-JOSE-LUIS-URIOSTEGUI-ENCABEZA-CEREMONIA-DEL-SORTEO-DEL-SERVICIO-MILITAR-EN-CUERNAVACA-11-300x206.jpeg\" alt=\"\" width=\"300\" height=\"206\" srcset=\"https:\/\/cuernavaca.gob.mx\/wp-content\/uploads\/2023\/11\/POR-SEGUNDO-ANO-CONSECUTIVO-JOSE-LUIS-URIOSTEGUI-ENCABEZA-CEREMONIA-DEL-SORTEO-DEL-SERVICIO-MILITAR-EN-CUERNAVACA-11-300x206.jpeg 300w, https:\/\/cuernavaca.gob.mx\/wp-content\/uploads\/2023\/11\/POR-SEGUNDO-ANO-CONSECUTIVO-JOSE-LUIS-URIOSTEGUI-ENCABEZA-CEREMONIA-DEL-SORTEO-DEL-SERVICIO-MILITAR-EN-CUERNAVACA-11-1024x703.jpeg 1024w, https:\/\/cuernavaca.gob.mx\/wp-content\/uploads\/2023\/11\/POR-SEGUNDO-ANO-CONSECUTIVO-JOSE-LUIS-URIOSTEGUI-ENCABEZA-CEREMONIA-DEL-SORTEO-DEL-SERVICIO-MILITAR-EN-CUERNAVACA-11-768x528.jpeg 768w, https:\/\/cuernavaca.gob.mx\/wp-content\/uploads\/2023\/11\/POR-SEGUNDO-ANO-CONSECUTIVO-JOSE-LUIS-URIOSTEGUI-ENCABEZA-CEREMONIA-DEL-SORTEO-DEL-SERVICIO-MILITAR-EN-CUERNAVACA-11-1536x1055.jpeg 1536w, https:\/\/cuernavaca.gob.mx\/wp-content\/uploads\/2023\/11\/POR-SEGUNDO-ANO-CONSECUTIVO-JOSE-LUIS-URIOSTEGUI-ENCABEZA-CEREMONIA-DEL-SORTEO-DEL-SERVICIO-MILITAR-EN-CUERNAVACA-11-600x412.jpeg 600w, https:\/\/cuernavaca.gob.mx\/wp-content\/uploads\/2023\/11\/POR-SEGUNDO-ANO-CONSECUTIVO-JOSE-LUIS-URIOSTEGUI-ENCABEZA-CEREMONIA-DEL-SORTEO-DEL-SERVICIO-MILITAR-EN-CUERNAVACA-11-560x385.jpeg 560w, https:\/\/cuernavaca.gob.mx\/wp-content\/uploads\/2023\/11\/POR-SEGUNDO-ANO-CONSECUTIVO-JOSE-LUIS-URIOSTEGUI-ENCABEZA-CEREMONIA-DEL-SORTEO-DEL-SERVICIO-MILITAR-EN-CUERNAVACA-11.jpeg 1600w\" sizes=\"(max-width: 300px) 100vw, 300px\" \/><\/p>\n","protected":false},"excerpt":{"rendered":"<p>* El presidente municipal destac\u00f3 la voluntad de los 939 participantes de la Clase 2005 y Remisos que acudieron para cumplir con esta disposici\u00f3n constitucional El presidente municipal de Cuernavaca, Jos\u00e9 Luis Uri\u00f3stegui Salgado, encabez\u00f3 este domingo el Sorteo del Servicio Militar Nacional Clase 2005 y Remisos, en el que 470 conscriptos fueron elegidos con [&hellip;]<\/p>\n","protected":false},"author":1,"featured_media":35073,"comment_status":"closed","ping_status":"open","sticky":false,"template":"","format":"standard","meta":[],"categories":[20],"tags":[1849,121,1284,120,2267,206,3422,2871],"aioseo_notices":[],"_links":{"self":[{"href":"https:\/\/cuernavaca.gob.mx\/index.php?rest_route=\/wp\/v2\/posts\/35069"}],"collection":[{"href":"https:\/\/cuernavaca.gob.mx\/index.php?rest_route=\/wp\/v2\/posts"}],"about":[{"href":"https:\/\/cuernavaca.gob.mx\/index.php?rest_route=\/wp\/v2\/types\/post"}],"author":[{"embeddable":true,"href":"https:\/\/cuernavaca.gob.mx\/index.php?rest_route=\/wp\/v2\/users\/1"}],"replies":[{"embeddable":true,"href":"https:\/\/cuernavaca.gob.mx\/index.php?rest_route=%2Fwp%2Fv2%2Fcomments&post=35069"}],"version-history":[{"count":1,"href":"https:\/\/cuernavaca.gob.mx\/index.php?rest_route=\/wp\/v2\/posts\/35069\/revisions"}],"predecessor-version":[{"id":35081,"href":"https:\/\/cuernavaca.gob.mx\/index.php?rest_route=\/wp\/v2\/posts\/35069\/revisions\/35081"}],"wp:featuredmedia":[{"embeddable":true,"href":"https:\/\/cuernavaca.gob.mx\/index.php?rest_route=\/wp\/v2\/media\/35073"}],"wp:attachment":[{"href":"https:\/\/cuernavaca.gob.mx\/index.php?rest_route=%2Fwp%2Fv2%2Fmedia&parent=35069"}],"wp:term":[{"taxonomy":"category","embeddable":true,"href":"https:\/\/cuernavaca.gob.mx\/index.php?rest_route=%2Fwp%2Fv2%2Fcategories&post=35069"},{"taxonomy":"post_tag","embeddable":true,"href":"https:\/\/cuernavaca.gob.mx\/index.php?rest_route=%2Fwp%2Fv2%2Ftags&post=35069"}],"curies":[{"name":"wp","href":"https:\/\/api.w.org\/{rel}","templated":true}]}}