{"id":35085,"date":"2023-11-20T15:00:46","date_gmt":"2023-11-20T21:00:46","guid":{"rendered":"https:\/\/cuernavaca.gob.mx\/?p=35085"},"modified":"2023-11-20T15:00:46","modified_gmt":"2023-11-20T21:00:46","slug":"b1415-20-11-23-reitera-jose-luis-uriostegui-y-alicia-vazquez-luna-respaldo-a-la-corporacion-policial-de-cuernavaca","status":"publish","type":"post","link":"https:\/\/cuernavaca.gob.mx\/?p=35085","title":{"rendered":"B1415 20\/11\/23 REITERA JOS\u00c9 LUIS URI\u00d3STEGUI Y ALICIA V\u00c1ZQUEZ LUNA RESPALDO A LA CORPORACI\u00d3N POLICIAL DE CUERNAVACA"},"content":{"rendered":"<p><strong>REITERA JOS\u00c9 LUIS URI\u00d3STEGUI Y ALICIA V\u00c1ZQUEZ LUNA RESPALDO A LA CORPORACI\u00d3N POLICIAL DE CUERNAVACA<\/strong><\/p>\n<p><strong>\u2022 El presidente municipal puntualiz\u00f3 que los hechos registrados dan una muestra clara del compromiso del personal de la SEPRAC, quienes a pesar de las desventajas que enfrentaron no se replegaron y lograron abatir sin miedo a sus agresores<\/strong><\/p>\n<p>\u2022 Se inform\u00f3 que las familias de los dos polic\u00edas que perdieron la vida en cumplimiento de su deber y de los lesionados est\u00e1n recibiendo el acompa\u00f1amiento del Gobierno Municipal para que tengan las condiciones adecuadas para salir adelante<\/p>\n<p>Todo el respaldo y acompa\u00f1amiento del presidente municipal de Cuernavaca, Jos\u00e9 Luis Uri\u00f3stegui Salgado y de la secretaria de Protecci\u00f3n y Auxilio Ciudadano (SEPRAC), Alicia V\u00e1zquez Luna, con toda la corporaci\u00f3n policial y las familias de los dos polic\u00edas que perdieron la vida en el cumplimiento de su deber, quienes a pesar de las desventajas que enfrentaron no se replegaron y lograron abatir sin miedo y con convicci\u00f3n a sus agresores.<\/p>\n<p>En conferencia de prensa, Jos\u00e9 Luis Uri\u00f3stegui puntualiz\u00f3 que los hechos registrados las primeras horas de este lunes 20 de noviembre dan una muestra clara de la entrega del personal de la SEPRAC hacia el servicio que presta a Cuernavaca, destacando como ejemplo que una patrulla con tres elementos enfrento a por lo menos 10 personas en la colonia Carolina dejando heridos a dos polic\u00edas que no tuvieron miedo y lograron repeler la agresi\u00f3n, recibiendo el respaldo de sus compa\u00f1eros que acudieron al llamado de auxilio.<\/p>\n<p>En este sentido, el Alcalde de Cuernavaca refrend\u00f3 el compromiso de la administraci\u00f3n que encabeza y de manera personal para no dejarlos solos en ning\u00fan momento y acompa\u00f1arles en este proceso doloroso para que los deudos tengan las condiciones adecuadas para salir adelante, informando que mantienen comunicaci\u00f3n con la familia de los polic\u00edas, a quienes les manifestaron su respaldo permanente en todos los tr\u00e1mites administrativos y en las gestiones que sean necesarias hasta que les otorguen, no solo el pago del seguro de vida, sino tambi\u00e9n las pensiones por viudez y orfandad, entre otras prestaciones que se reservan a quienes pierden la vida en hechos como estos.<\/p>\n<p>A pregunta expresa de que, si se cont\u00f3 con el apoyo de otras instituciones de seguridad, Jos\u00e9 Luis Uri\u00f3stegui refiri\u00f3 que como en cada acci\u00f3n se espera el respaldo a las corporaciones disponibles dejando en claro que todo aquel que se llegara a sumar era bienvenido, puesto que en estos hechos no hubo ni habr\u00e1 ning\u00fan tipo de diferencia, reiterando el llamado a establecer una estrecha colaboraci\u00f3n con la Guardia Nacional y el Ejercito Mexicano para mejorar la seguridad en Cuernavaca, pero tambi\u00e9n en todo Morelos.<\/p>\n<p>Por su lado, la titular de SEPRAC, Alicia V\u00e1zquez Luna, lament\u00f3 la muerte de los elementos de la polic\u00eda preventiva Juan Carlos Salgado Flores y Francisco Calder\u00f3n Armenta, quienes durante m\u00e1s de dos d\u00e9cadas dieron su vida y entrega a esta instituci\u00f3n en beneficio de la poblaci\u00f3n de Cuernavaca.<\/p>\n<p>Se\u00f1al\u00f3 que derivado de estos hechos violentos dos oficiales fueron heridos y cuentan con seis unidades de la polic\u00eda con diversos impactos de arma de fuego, el aseguramiento de dos veh\u00edculos de particulares con placas del Estado de M\u00e9xico y una moto, as\u00ed como la detenci\u00f3n de dos personas, una de ellas que fue lesionada y la otra que conduc\u00eda dicha motocicleta y que se presume formaba parte de este convoy.<\/p>\n<p>&nbsp;<\/p>\n<p><img loading=\"lazy\" class=\"alignnone size-medium wp-image-35086\" src=\"https:\/\/cuernavaca.gob.mx\/wp-content\/uploads\/2023\/11\/REITERA-JOSE\u0301-LUIS-URIO\u0301STEGUI-Y-ALICIA-VA\u0301ZQUEZ-LUNA-RESPALDO-A-LA-CORPORACIO\u0301N-POLICIAL-DE-CUERNAVACA-1-269x300.jpg\" alt=\"\" width=\"269\" height=\"300\" srcset=\"https:\/\/cuernavaca.gob.mx\/wp-content\/uploads\/2023\/11\/REITERA-JOSE\u0301-LUIS-URIO\u0301STEGUI-Y-ALICIA-VA\u0301ZQUEZ-LUNA-RESPALDO-A-LA-CORPORACIO\u0301N-POLICIAL-DE-CUERNAVACA-1-269x300.jpg 269w, https:\/\/cuernavaca.gob.mx\/wp-content\/uploads\/2023\/11\/REITERA-JOSE\u0301-LUIS-URIO\u0301STEGUI-Y-ALICIA-VA\u0301ZQUEZ-LUNA-RESPALDO-A-LA-CORPORACIO\u0301N-POLICIAL-DE-CUERNAVACA-1-918x1024.jpg 918w, https:\/\/cuernavaca.gob.mx\/wp-content\/uploads\/2023\/11\/REITERA-JOSE\u0301-LUIS-URIO\u0301STEGUI-Y-ALICIA-VA\u0301ZQUEZ-LUNA-RESPALDO-A-LA-CORPORACIO\u0301N-POLICIAL-DE-CUERNAVACA-1-768x856.jpg 768w, https:\/\/cuernavaca.gob.mx\/wp-content\/uploads\/2023\/11\/REITERA-JOSE\u0301-LUIS-URIO\u0301STEGUI-Y-ALICIA-VA\u0301ZQUEZ-LUNA-RESPALDO-A-LA-CORPORACIO\u0301N-POLICIAL-DE-CUERNAVACA-1-1378x1536.jpg 1378w, https:\/\/cuernavaca.gob.mx\/wp-content\/uploads\/2023\/11\/REITERA-JOSE\u0301-LUIS-URIO\u0301STEGUI-Y-ALICIA-VA\u0301ZQUEZ-LUNA-RESPALDO-A-LA-CORPORACIO\u0301N-POLICIAL-DE-CUERNAVACA-1-538x600.jpg 538w, https:\/\/cuernavaca.gob.mx\/wp-content\/uploads\/2023\/11\/REITERA-JOSE\u0301-LUIS-URIO\u0301STEGUI-Y-ALICIA-VA\u0301ZQUEZ-LUNA-RESPALDO-A-LA-CORPORACIO\u0301N-POLICIAL-DE-CUERNAVACA-1-502x560.jpg 502w, https:\/\/cuernavaca.gob.mx\/wp-content\/uploads\/2023\/11\/REITERA-JOSE\u0301-LUIS-URIO\u0301STEGUI-Y-ALICIA-VA\u0301ZQUEZ-LUNA-RESPALDO-A-LA-CORPORACIO\u0301N-POLICIAL-DE-CUERNAVACA-1.jpg 1435w\" sizes=\"(max-width: 269px) 100vw, 269px\" \/> <img loading=\"lazy\" class=\"alignnone size-medium wp-image-35087\" src=\"https:\/\/cuernavaca.gob.mx\/wp-content\/uploads\/2023\/11\/REITERA-JOSE\u0301-LUIS-URIO\u0301STEGUI-Y-ALICIA-VA\u0301ZQUEZ-LUNA-RESPALDO-A-LA-CORPORACIO\u0301N-POLICIAL-DE-CUERNAVACA-2-300x225.jpg\" alt=\"\" width=\"300\" height=\"225\" srcset=\"https:\/\/cuernavaca.gob.mx\/wp-content\/uploads\/2023\/11\/REITERA-JOSE\u0301-LUIS-URIO\u0301STEGUI-Y-ALICIA-VA\u0301ZQUEZ-LUNA-RESPALDO-A-LA-CORPORACIO\u0301N-POLICIAL-DE-CUERNAVACA-2-300x225.jpg 300w, https:\/\/cuernavaca.gob.mx\/wp-content\/uploads\/2023\/11\/REITERA-JOSE\u0301-LUIS-URIO\u0301STEGUI-Y-ALICIA-VA\u0301ZQUEZ-LUNA-RESPALDO-A-LA-CORPORACIO\u0301N-POLICIAL-DE-CUERNAVACA-2-1024x768.jpg 1024w, https:\/\/cuernavaca.gob.mx\/wp-content\/uploads\/2023\/11\/REITERA-JOSE\u0301-LUIS-URIO\u0301STEGUI-Y-ALICIA-VA\u0301ZQUEZ-LUNA-RESPALDO-A-LA-CORPORACIO\u0301N-POLICIAL-DE-CUERNAVACA-2-768x576.jpg 768w, https:\/\/cuernavaca.gob.mx\/wp-content\/uploads\/2023\/11\/REITERA-JOSE\u0301-LUIS-URIO\u0301STEGUI-Y-ALICIA-VA\u0301ZQUEZ-LUNA-RESPALDO-A-LA-CORPORACIO\u0301N-POLICIAL-DE-CUERNAVACA-2-1536x1152.jpg 1536w, https:\/\/cuernavaca.gob.mx\/wp-content\/uploads\/2023\/11\/REITERA-JOSE\u0301-LUIS-URIO\u0301STEGUI-Y-ALICIA-VA\u0301ZQUEZ-LUNA-RESPALDO-A-LA-CORPORACIO\u0301N-POLICIAL-DE-CUERNAVACA-2-600x450.jpg 600w, https:\/\/cuernavaca.gob.mx\/wp-content\/uploads\/2023\/11\/REITERA-JOSE\u0301-LUIS-URIO\u0301STEGUI-Y-ALICIA-VA\u0301ZQUEZ-LUNA-RESPALDO-A-LA-CORPORACIO\u0301N-POLICIAL-DE-CUERNAVACA-2-560x420.jpg 560w, https:\/\/cuernavaca.gob.mx\/wp-content\/uploads\/2023\/11\/REITERA-JOSE\u0301-LUIS-URIO\u0301STEGUI-Y-ALICIA-VA\u0301ZQUEZ-LUNA-RESPALDO-A-LA-CORPORACIO\u0301N-POLICIAL-DE-CUERNAVACA-2.jpg 1600w\" sizes=\"(max-width: 300px) 100vw, 300px\" \/> <img loading=\"lazy\" class=\"alignnone size-medium wp-image-35088\" src=\"https:\/\/cuernavaca.gob.mx\/wp-content\/uploads\/2023\/11\/REITERA-JOSE\u0301-LUIS-URIO\u0301STEGUI-Y-ALICIA-VA\u0301ZQUEZ-LUNA-RESPALDO-A-LA-CORPORACIO\u0301N-POLICIAL-DE-CUERNAVACA-3-300x169.jpg\" alt=\"\" width=\"300\" height=\"169\" srcset=\"https:\/\/cuernavaca.gob.mx\/wp-content\/uploads\/2023\/11\/REITERA-JOSE\u0301-LUIS-URIO\u0301STEGUI-Y-ALICIA-VA\u0301ZQUEZ-LUNA-RESPALDO-A-LA-CORPORACIO\u0301N-POLICIAL-DE-CUERNAVACA-3-300x169.jpg 300w, https:\/\/cuernavaca.gob.mx\/wp-content\/uploads\/2023\/11\/REITERA-JOSE\u0301-LUIS-URIO\u0301STEGUI-Y-ALICIA-VA\u0301ZQUEZ-LUNA-RESPALDO-A-LA-CORPORACIO\u0301N-POLICIAL-DE-CUERNAVACA-3-1024x576.jpg 1024w, https:\/\/cuernavaca.gob.mx\/wp-content\/uploads\/2023\/11\/REITERA-JOSE\u0301-LUIS-URIO\u0301STEGUI-Y-ALICIA-VA\u0301ZQUEZ-LUNA-RESPALDO-A-LA-CORPORACIO\u0301N-POLICIAL-DE-CUERNAVACA-3-768x432.jpg 768w, https:\/\/cuernavaca.gob.mx\/wp-content\/uploads\/2023\/11\/REITERA-JOSE\u0301-LUIS-URIO\u0301STEGUI-Y-ALICIA-VA\u0301ZQUEZ-LUNA-RESPALDO-A-LA-CORPORACIO\u0301N-POLICIAL-DE-CUERNAVACA-3-1536x864.jpg 1536w, https:\/\/cuernavaca.gob.mx\/wp-content\/uploads\/2023\/11\/REITERA-JOSE\u0301-LUIS-URIO\u0301STEGUI-Y-ALICIA-VA\u0301ZQUEZ-LUNA-RESPALDO-A-LA-CORPORACIO\u0301N-POLICIAL-DE-CUERNAVACA-3-600x338.jpg 600w, https:\/\/cuernavaca.gob.mx\/wp-content\/uploads\/2023\/11\/REITERA-JOSE\u0301-LUIS-URIO\u0301STEGUI-Y-ALICIA-VA\u0301ZQUEZ-LUNA-RESPALDO-A-LA-CORPORACIO\u0301N-POLICIAL-DE-CUERNAVACA-3-560x315.jpg 560w, https:\/\/cuernavaca.gob.mx\/wp-content\/uploads\/2023\/11\/REITERA-JOSE\u0301-LUIS-URIO\u0301STEGUI-Y-ALICIA-VA\u0301ZQUEZ-LUNA-RESPALDO-A-LA-CORPORACIO\u0301N-POLICIAL-DE-CUERNAVACA-3.jpg 1600w\" sizes=\"(max-width: 300px) 100vw, 300px\" \/> <img loading=\"lazy\" class=\"alignnone size-medium wp-image-35089\" src=\"https:\/\/cuernavaca.gob.mx\/wp-content\/uploads\/2023\/11\/REITERA-JOSE\u0301-LUIS-URIO\u0301STEGUI-Y-ALICIA-VA\u0301ZQUEZ-LUNA-RESPALDO-A-LA-CORPORACIO\u0301N-POLICIAL-DE-CUERNAVACA-4-169x300.jpg\" alt=\"\" width=\"169\" height=\"300\" srcset=\"https:\/\/cuernavaca.gob.mx\/wp-content\/uploads\/2023\/11\/REITERA-JOSE\u0301-LUIS-URIO\u0301STEGUI-Y-ALICIA-VA\u0301ZQUEZ-LUNA-RESPALDO-A-LA-CORPORACIO\u0301N-POLICIAL-DE-CUERNAVACA-4-169x300.jpg 169w, https:\/\/cuernavaca.gob.mx\/wp-content\/uploads\/2023\/11\/REITERA-JOSE\u0301-LUIS-URIO\u0301STEGUI-Y-ALICIA-VA\u0301ZQUEZ-LUNA-RESPALDO-A-LA-CORPORACIO\u0301N-POLICIAL-DE-CUERNAVACA-4-576x1024.jpg 576w, https:\/\/cuernavaca.gob.mx\/wp-content\/uploads\/2023\/11\/REITERA-JOSE\u0301-LUIS-URIO\u0301STEGUI-Y-ALICIA-VA\u0301ZQUEZ-LUNA-RESPALDO-A-LA-CORPORACIO\u0301N-POLICIAL-DE-CUERNAVACA-4-768x1365.jpg 768w, https:\/\/cuernavaca.gob.mx\/wp-content\/uploads\/2023\/11\/REITERA-JOSE\u0301-LUIS-URIO\u0301STEGUI-Y-ALICIA-VA\u0301ZQUEZ-LUNA-RESPALDO-A-LA-CORPORACIO\u0301N-POLICIAL-DE-CUERNAVACA-4-864x1536.jpg 864w, https:\/\/cuernavaca.gob.mx\/wp-content\/uploads\/2023\/11\/REITERA-JOSE\u0301-LUIS-URIO\u0301STEGUI-Y-ALICIA-VA\u0301ZQUEZ-LUNA-RESPALDO-A-LA-CORPORACIO\u0301N-POLICIAL-DE-CUERNAVACA-4-338x600.jpg 338w, https:\/\/cuernavaca.gob.mx\/wp-content\/uploads\/2023\/11\/REITERA-JOSE\u0301-LUIS-URIO\u0301STEGUI-Y-ALICIA-VA\u0301ZQUEZ-LUNA-RESPALDO-A-LA-CORPORACIO\u0301N-POLICIAL-DE-CUERNAVACA-4-315x560.jpg 315w, https:\/\/cuernavaca.gob.mx\/wp-content\/uploads\/2023\/11\/REITERA-JOSE\u0301-LUIS-URIO\u0301STEGUI-Y-ALICIA-VA\u0301ZQUEZ-LUNA-RESPALDO-A-LA-CORPORACIO\u0301N-POLICIAL-DE-CUERNAVACA-4.jpg 900w\" sizes=\"(max-width: 169px) 100vw, 169px\" \/> <img loading=\"lazy\" class=\"alignnone size-medium wp-image-35090\" src=\"https:\/\/cuernavaca.gob.mx\/wp-content\/uploads\/2023\/11\/REITERA-JOSE\u0301-LUIS-URIO\u0301STEGUI-Y-ALICIA-VA\u0301ZQUEZ-LUNA-RESPALDO-A-LA-CORPORACIO\u0301N-POLICIAL-DE-CUERNAVACA-5-169x300.jpg\" alt=\"\" width=\"169\" height=\"300\" srcset=\"https:\/\/cuernavaca.gob.mx\/wp-content\/uploads\/2023\/11\/REITERA-JOSE\u0301-LUIS-URIO\u0301STEGUI-Y-ALICIA-VA\u0301ZQUEZ-LUNA-RESPALDO-A-LA-CORPORACIO\u0301N-POLICIAL-DE-CUERNAVACA-5-169x300.jpg 169w, https:\/\/cuernavaca.gob.mx\/wp-content\/uploads\/2023\/11\/REITERA-JOSE\u0301-LUIS-URIO\u0301STEGUI-Y-ALICIA-VA\u0301ZQUEZ-LUNA-RESPALDO-A-LA-CORPORACIO\u0301N-POLICIAL-DE-CUERNAVACA-5-576x1024.jpg 576w, https:\/\/cuernavaca.gob.mx\/wp-content\/uploads\/2023\/11\/REITERA-JOSE\u0301-LUIS-URIO\u0301STEGUI-Y-ALICIA-VA\u0301ZQUEZ-LUNA-RESPALDO-A-LA-CORPORACIO\u0301N-POLICIAL-DE-CUERNAVACA-5-768x1365.jpg 768w, https:\/\/cuernavaca.gob.mx\/wp-content\/uploads\/2023\/11\/REITERA-JOSE\u0301-LUIS-URIO\u0301STEGUI-Y-ALICIA-VA\u0301ZQUEZ-LUNA-RESPALDO-A-LA-CORPORACIO\u0301N-POLICIAL-DE-CUERNAVACA-5-864x1536.jpg 864w, https:\/\/cuernavaca.gob.mx\/wp-content\/uploads\/2023\/11\/REITERA-JOSE\u0301-LUIS-URIO\u0301STEGUI-Y-ALICIA-VA\u0301ZQUEZ-LUNA-RESPALDO-A-LA-CORPORACIO\u0301N-POLICIAL-DE-CUERNAVACA-5-338x600.jpg 338w, https:\/\/cuernavaca.gob.mx\/wp-content\/uploads\/2023\/11\/REITERA-JOSE\u0301-LUIS-URIO\u0301STEGUI-Y-ALICIA-VA\u0301ZQUEZ-LUNA-RESPALDO-A-LA-CORPORACIO\u0301N-POLICIAL-DE-CUERNAVACA-5-315x560.jpg 315w, https:\/\/cuernavaca.gob.mx\/wp-content\/uploads\/2023\/11\/REITERA-JOSE\u0301-LUIS-URIO\u0301STEGUI-Y-ALICIA-VA\u0301ZQUEZ-LUNA-RESPALDO-A-LA-CORPORACIO\u0301N-POLICIAL-DE-CUERNAVACA-5.jpg 900w\" sizes=\"(max-width: 169px) 100vw, 169px\" \/> <img loading=\"lazy\" class=\"alignnone size-medium wp-image-35091\" src=\"https:\/\/cuernavaca.gob.mx\/wp-content\/uploads\/2023\/11\/REITERA-JOSE\u0301-LUIS-URIO\u0301STEGUI-Y-ALICIA-VA\u0301ZQUEZ-LUNA-RESPALDO-A-LA-CORPORACIO\u0301N-POLICIAL-DE-CUERNAVACA-6-300x200.jpg\" alt=\"\" width=\"300\" height=\"200\" srcset=\"https:\/\/cuernavaca.gob.mx\/wp-content\/uploads\/2023\/11\/REITERA-JOSE\u0301-LUIS-URIO\u0301STEGUI-Y-ALICIA-VA\u0301ZQUEZ-LUNA-RESPALDO-A-LA-CORPORACIO\u0301N-POLICIAL-DE-CUERNAVACA-6-300x200.jpg 300w, https:\/\/cuernavaca.gob.mx\/wp-content\/uploads\/2023\/11\/REITERA-JOSE\u0301-LUIS-URIO\u0301STEGUI-Y-ALICIA-VA\u0301ZQUEZ-LUNA-RESPALDO-A-LA-CORPORACIO\u0301N-POLICIAL-DE-CUERNAVACA-6-1024x682.jpg 1024w, https:\/\/cuernavaca.gob.mx\/wp-content\/uploads\/2023\/11\/REITERA-JOSE\u0301-LUIS-URIO\u0301STEGUI-Y-ALICIA-VA\u0301ZQUEZ-LUNA-RESPALDO-A-LA-CORPORACIO\u0301N-POLICIAL-DE-CUERNAVACA-6-768x512.jpg 768w, https:\/\/cuernavaca.gob.mx\/wp-content\/uploads\/2023\/11\/REITERA-JOSE\u0301-LUIS-URIO\u0301STEGUI-Y-ALICIA-VA\u0301ZQUEZ-LUNA-RESPALDO-A-LA-CORPORACIO\u0301N-POLICIAL-DE-CUERNAVACA-6-1536x1023.jpg 1536w, https:\/\/cuernavaca.gob.mx\/wp-content\/uploads\/2023\/11\/REITERA-JOSE\u0301-LUIS-URIO\u0301STEGUI-Y-ALICIA-VA\u0301ZQUEZ-LUNA-RESPALDO-A-LA-CORPORACIO\u0301N-POLICIAL-DE-CUERNAVACA-6-600x400.jpg 600w, https:\/\/cuernavaca.gob.mx\/wp-content\/uploads\/2023\/11\/REITERA-JOSE\u0301-LUIS-URIO\u0301STEGUI-Y-ALICIA-VA\u0301ZQUEZ-LUNA-RESPALDO-A-LA-CORPORACIO\u0301N-POLICIAL-DE-CUERNAVACA-6-560x373.jpg 560w, https:\/\/cuernavaca.gob.mx\/wp-content\/uploads\/2023\/11\/REITERA-JOSE\u0301-LUIS-URIO\u0301STEGUI-Y-ALICIA-VA\u0301ZQUEZ-LUNA-RESPALDO-A-LA-CORPORACIO\u0301N-POLICIAL-DE-CUERNAVACA-6.jpg 1600w\" sizes=\"(max-width: 300px) 100vw, 300px\" \/> <img loading=\"lazy\" class=\"alignnone size-medium wp-image-35092\" src=\"https:\/\/cuernavaca.gob.mx\/wp-content\/uploads\/2023\/11\/REITERA-JOSE\u0301-LUIS-URIO\u0301STEGUI-Y-ALICIA-VA\u0301ZQUEZ-LUNA-RESPALDO-A-LA-CORPORACIO\u0301N-POLICIAL-DE-CUERNAVACA-7-300x200.jpg\" alt=\"\" width=\"300\" height=\"200\" srcset=\"https:\/\/cuernavaca.gob.mx\/wp-content\/uploads\/2023\/11\/REITERA-JOSE\u0301-LUIS-URIO\u0301STEGUI-Y-ALICIA-VA\u0301ZQUEZ-LUNA-RESPALDO-A-LA-CORPORACIO\u0301N-POLICIAL-DE-CUERNAVACA-7-300x200.jpg 300w, https:\/\/cuernavaca.gob.mx\/wp-content\/uploads\/2023\/11\/REITERA-JOSE\u0301-LUIS-URIO\u0301STEGUI-Y-ALICIA-VA\u0301ZQUEZ-LUNA-RESPALDO-A-LA-CORPORACIO\u0301N-POLICIAL-DE-CUERNAVACA-7-1024x682.jpg 1024w, https:\/\/cuernavaca.gob.mx\/wp-content\/uploads\/2023\/11\/REITERA-JOSE\u0301-LUIS-URIO\u0301STEGUI-Y-ALICIA-VA\u0301ZQUEZ-LUNA-RESPALDO-A-LA-CORPORACIO\u0301N-POLICIAL-DE-CUERNAVACA-7-768x512.jpg 768w, https:\/\/cuernavaca.gob.mx\/wp-content\/uploads\/2023\/11\/REITERA-JOSE\u0301-LUIS-URIO\u0301STEGUI-Y-ALICIA-VA\u0301ZQUEZ-LUNA-RESPALDO-A-LA-CORPORACIO\u0301N-POLICIAL-DE-CUERNAVACA-7-1536x1023.jpg 1536w, https:\/\/cuernavaca.gob.mx\/wp-content\/uploads\/2023\/11\/REITERA-JOSE\u0301-LUIS-URIO\u0301STEGUI-Y-ALICIA-VA\u0301ZQUEZ-LUNA-RESPALDO-A-LA-CORPORACIO\u0301N-POLICIAL-DE-CUERNAVACA-7-600x400.jpg 600w, https:\/\/cuernavaca.gob.mx\/wp-content\/uploads\/2023\/11\/REITERA-JOSE\u0301-LUIS-URIO\u0301STEGUI-Y-ALICIA-VA\u0301ZQUEZ-LUNA-RESPALDO-A-LA-CORPORACIO\u0301N-POLICIAL-DE-CUERNAVACA-7-560x373.jpg 560w, https:\/\/cuernavaca.gob.mx\/wp-content\/uploads\/2023\/11\/REITERA-JOSE\u0301-LUIS-URIO\u0301STEGUI-Y-ALICIA-VA\u0301ZQUEZ-LUNA-RESPALDO-A-LA-CORPORACIO\u0301N-POLICIAL-DE-CUERNAVACA-7.jpg 1600w\" sizes=\"(max-width: 300px) 100vw, 300px\" \/> <img loading=\"lazy\" class=\"alignnone size-medium wp-image-35093\" src=\"https:\/\/cuernavaca.gob.mx\/wp-content\/uploads\/2023\/11\/REITERA-JOSE\u0301-LUIS-URIO\u0301STEGUI-Y-ALICIA-VA\u0301ZQUEZ-LUNA-RESPALDO-A-LA-CORPORACIO\u0301N-POLICIAL-DE-CUERNAVACA-8-300x200.jpg\" alt=\"\" width=\"300\" height=\"200\" srcset=\"https:\/\/cuernavaca.gob.mx\/wp-content\/uploads\/2023\/11\/REITERA-JOSE\u0301-LUIS-URIO\u0301STEGUI-Y-ALICIA-VA\u0301ZQUEZ-LUNA-RESPALDO-A-LA-CORPORACIO\u0301N-POLICIAL-DE-CUERNAVACA-8-300x200.jpg 300w, https:\/\/cuernavaca.gob.mx\/wp-content\/uploads\/2023\/11\/REITERA-JOSE\u0301-LUIS-URIO\u0301STEGUI-Y-ALICIA-VA\u0301ZQUEZ-LUNA-RESPALDO-A-LA-CORPORACIO\u0301N-POLICIAL-DE-CUERNAVACA-8-1024x682.jpg 1024w, https:\/\/cuernavaca.gob.mx\/wp-content\/uploads\/2023\/11\/REITERA-JOSE\u0301-LUIS-URIO\u0301STEGUI-Y-ALICIA-VA\u0301ZQUEZ-LUNA-RESPALDO-A-LA-CORPORACIO\u0301N-POLICIAL-DE-CUERNAVACA-8-768x512.jpg 768w, https:\/\/cuernavaca.gob.mx\/wp-content\/uploads\/2023\/11\/REITERA-JOSE\u0301-LUIS-URIO\u0301STEGUI-Y-ALICIA-VA\u0301ZQUEZ-LUNA-RESPALDO-A-LA-CORPORACIO\u0301N-POLICIAL-DE-CUERNAVACA-8-1536x1023.jpg 1536w, https:\/\/cuernavaca.gob.mx\/wp-content\/uploads\/2023\/11\/REITERA-JOSE\u0301-LUIS-URIO\u0301STEGUI-Y-ALICIA-VA\u0301ZQUEZ-LUNA-RESPALDO-A-LA-CORPORACIO\u0301N-POLICIAL-DE-CUERNAVACA-8-600x400.jpg 600w, https:\/\/cuernavaca.gob.mx\/wp-content\/uploads\/2023\/11\/REITERA-JOSE\u0301-LUIS-URIO\u0301STEGUI-Y-ALICIA-VA\u0301ZQUEZ-LUNA-RESPALDO-A-LA-CORPORACIO\u0301N-POLICIAL-DE-CUERNAVACA-8-560x373.jpg 560w, https:\/\/cuernavaca.gob.mx\/wp-content\/uploads\/2023\/11\/REITERA-JOSE\u0301-LUIS-URIO\u0301STEGUI-Y-ALICIA-VA\u0301ZQUEZ-LUNA-RESPALDO-A-LA-CORPORACIO\u0301N-POLICIAL-DE-CUERNAVACA-8.jpg 1600w\" sizes=\"(max-width: 300px) 100vw, 300px\" \/> <img loading=\"lazy\" class=\"alignnone size-medium wp-image-35094\" src=\"https:\/\/cuernavaca.gob.mx\/wp-content\/uploads\/2023\/11\/REITERA-JOSE\u0301-LUIS-URIO\u0301STEGUI-Y-ALICIA-VA\u0301ZQUEZ-LUNA-RESPALDO-A-LA-CORPORACIO\u0301N-POLICIAL-DE-CUERNAVACA-9-300x200.jpg\" alt=\"\" width=\"300\" height=\"200\" srcset=\"https:\/\/cuernavaca.gob.mx\/wp-content\/uploads\/2023\/11\/REITERA-JOSE\u0301-LUIS-URIO\u0301STEGUI-Y-ALICIA-VA\u0301ZQUEZ-LUNA-RESPALDO-A-LA-CORPORACIO\u0301N-POLICIAL-DE-CUERNAVACA-9-300x200.jpg 300w, https:\/\/cuernavaca.gob.mx\/wp-content\/uploads\/2023\/11\/REITERA-JOSE\u0301-LUIS-URIO\u0301STEGUI-Y-ALICIA-VA\u0301ZQUEZ-LUNA-RESPALDO-A-LA-CORPORACIO\u0301N-POLICIAL-DE-CUERNAVACA-9-1024x682.jpg 1024w, https:\/\/cuernavaca.gob.mx\/wp-content\/uploads\/2023\/11\/REITERA-JOSE\u0301-LUIS-URIO\u0301STEGUI-Y-ALICIA-VA\u0301ZQUEZ-LUNA-RESPALDO-A-LA-CORPORACIO\u0301N-POLICIAL-DE-CUERNAVACA-9-768x512.jpg 768w, https:\/\/cuernavaca.gob.mx\/wp-content\/uploads\/2023\/11\/REITERA-JOSE\u0301-LUIS-URIO\u0301STEGUI-Y-ALICIA-VA\u0301ZQUEZ-LUNA-RESPALDO-A-LA-CORPORACIO\u0301N-POLICIAL-DE-CUERNAVACA-9-1536x1023.jpg 1536w, https:\/\/cuernavaca.gob.mx\/wp-content\/uploads\/2023\/11\/REITERA-JOSE\u0301-LUIS-URIO\u0301STEGUI-Y-ALICIA-VA\u0301ZQUEZ-LUNA-RESPALDO-A-LA-CORPORACIO\u0301N-POLICIAL-DE-CUERNAVACA-9-600x400.jpg 600w, https:\/\/cuernavaca.gob.mx\/wp-content\/uploads\/2023\/11\/REITERA-JOSE\u0301-LUIS-URIO\u0301STEGUI-Y-ALICIA-VA\u0301ZQUEZ-LUNA-RESPALDO-A-LA-CORPORACIO\u0301N-POLICIAL-DE-CUERNAVACA-9-560x373.jpg 560w, https:\/\/cuernavaca.gob.mx\/wp-content\/uploads\/2023\/11\/REITERA-JOSE\u0301-LUIS-URIO\u0301STEGUI-Y-ALICIA-VA\u0301ZQUEZ-LUNA-RESPALDO-A-LA-CORPORACIO\u0301N-POLICIAL-DE-CUERNAVACA-9.jpg 1600w\" sizes=\"(max-width: 300px) 100vw, 300px\" \/> <img loading=\"lazy\" class=\"alignnone size-medium wp-image-35095\" src=\"https:\/\/cuernavaca.gob.mx\/wp-content\/uploads\/2023\/11\/REITERA-JOSE\u0301-LUIS-URIO\u0301STEGUI-Y-ALICIA-VA\u0301ZQUEZ-LUNA-RESPALDO-A-LA-CORPORACIO\u0301N-POLICIAL-DE-CUERNAVACA-10-300x200.jpg\" alt=\"\" width=\"300\" height=\"200\" srcset=\"https:\/\/cuernavaca.gob.mx\/wp-content\/uploads\/2023\/11\/REITERA-JOSE\u0301-LUIS-URIO\u0301STEGUI-Y-ALICIA-VA\u0301ZQUEZ-LUNA-RESPALDO-A-LA-CORPORACIO\u0301N-POLICIAL-DE-CUERNAVACA-10-300x200.jpg 300w, https:\/\/cuernavaca.gob.mx\/wp-content\/uploads\/2023\/11\/REITERA-JOSE\u0301-LUIS-URIO\u0301STEGUI-Y-ALICIA-VA\u0301ZQUEZ-LUNA-RESPALDO-A-LA-CORPORACIO\u0301N-POLICIAL-DE-CUERNAVACA-10-1024x682.jpg 1024w, https:\/\/cuernavaca.gob.mx\/wp-content\/uploads\/2023\/11\/REITERA-JOSE\u0301-LUIS-URIO\u0301STEGUI-Y-ALICIA-VA\u0301ZQUEZ-LUNA-RESPALDO-A-LA-CORPORACIO\u0301N-POLICIAL-DE-CUERNAVACA-10-768x512.jpg 768w, https:\/\/cuernavaca.gob.mx\/wp-content\/uploads\/2023\/11\/REITERA-JOSE\u0301-LUIS-URIO\u0301STEGUI-Y-ALICIA-VA\u0301ZQUEZ-LUNA-RESPALDO-A-LA-CORPORACIO\u0301N-POLICIAL-DE-CUERNAVACA-10-1536x1023.jpg 1536w, https:\/\/cuernavaca.gob.mx\/wp-content\/uploads\/2023\/11\/REITERA-JOSE\u0301-LUIS-URIO\u0301STEGUI-Y-ALICIA-VA\u0301ZQUEZ-LUNA-RESPALDO-A-LA-CORPORACIO\u0301N-POLICIAL-DE-CUERNAVACA-10-600x400.jpg 600w, https:\/\/cuernavaca.gob.mx\/wp-content\/uploads\/2023\/11\/REITERA-JOSE\u0301-LUIS-URIO\u0301STEGUI-Y-ALICIA-VA\u0301ZQUEZ-LUNA-RESPALDO-A-LA-CORPORACIO\u0301N-POLICIAL-DE-CUERNAVACA-10-560x373.jpg 560w, https:\/\/cuernavaca.gob.mx\/wp-content\/uploads\/2023\/11\/REITERA-JOSE\u0301-LUIS-URIO\u0301STEGUI-Y-ALICIA-VA\u0301ZQUEZ-LUNA-RESPALDO-A-LA-CORPORACIO\u0301N-POLICIAL-DE-CUERNAVACA-10.jpg 1600w\" sizes=\"(max-width: 300px) 100vw, 300px\" \/><\/p>\n","protected":false},"excerpt":{"rendered":"<p>REITERA JOS\u00c9 LUIS URI\u00d3STEGUI Y ALICIA V\u00c1ZQUEZ LUNA RESPALDO A LA CORPORACI\u00d3N POLICIAL DE CUERNAVACA \u2022 El presidente municipal puntualiz\u00f3 que los hechos registrados dan una muestra clara del compromiso del personal de la SEPRAC, quienes a pesar de las desventajas que enfrentaron no se replegaron y lograron abatir sin miedo a sus agresores \u2022 [&hellip;]<\/p>\n","protected":false},"author":1,"featured_media":35095,"comment_status":"closed","ping_status":"open","sticky":false,"template":"","format":"standard","meta":[],"categories":[17],"tags":[3423,2582,121,2898,120,141,3235,127,125],"aioseo_notices":[],"_links":{"self":[{"href":"https:\/\/cuernavaca.gob.mx\/index.php?rest_route=\/wp\/v2\/posts\/35085"}],"collection":[{"href":"https:\/\/cuernavaca.gob.mx\/index.php?rest_route=\/wp\/v2\/posts"}],"about":[{"href":"https:\/\/cuernavaca.gob.mx\/index.php?rest_route=\/wp\/v2\/types\/post"}],"author":[{"embeddable":true,"href":"https:\/\/cuernavaca.gob.mx\/index.php?rest_route=\/wp\/v2\/users\/1"}],"replies":[{"embeddable":true,"href":"https:\/\/cuernavaca.gob.mx\/index.php?rest_route=%2Fwp%2Fv2%2Fcomments&post=35085"}],"version-history":[{"count":1,"href":"https:\/\/cuernavaca.gob.mx\/index.php?rest_route=\/wp\/v2\/posts\/35085\/revisions"}],"predecessor-version":[{"id":35096,"href":"https:\/\/cuernavaca.gob.mx\/index.php?rest_route=\/wp\/v2\/posts\/35085\/revisions\/35096"}],"wp:featuredmedia":[{"embeddable":true,"href":"https:\/\/cuernavaca.gob.mx\/index.php?rest_route=\/wp\/v2\/media\/35095"}],"wp:attachment":[{"href":"https:\/\/cuernavaca.gob.mx\/index.php?rest_route=%2Fwp%2Fv2%2Fmedia&parent=35085"}],"wp:term":[{"taxonomy":"category","embeddable":true,"href":"https:\/\/cuernavaca.gob.mx\/index.php?rest_route=%2Fwp%2Fv2%2Fcategories&post=35085"},{"taxonomy":"post_tag","embeddable":true,"href":"https:\/\/cuernavaca.gob.mx\/index.php?rest_route=%2Fwp%2Fv2%2Ftags&post=35085"}],"curies":[{"name":"wp","href":"https:\/\/api.w.org\/{rel}","templated":true}]}}