{"id":35097,"date":"2023-11-20T15:25:11","date_gmt":"2023-11-20T21:25:11","guid":{"rendered":"https:\/\/cuernavaca.gob.mx\/?p=35097"},"modified":"2023-11-20T17:38:37","modified_gmt":"2023-11-20T23:38:37","slug":"f575-20-11-23-expresa-jose-luis-uriostegui-su-reconocimiento-a-galardonados-con-el-premio-estatal-del-deporte-2023","status":"publish","type":"post","link":"https:\/\/cuernavaca.gob.mx\/?p=35097","title":{"rendered":"F576 20\/11\/23 EXPRESA JOS\u00c9 LUIS URI\u00d3STEGUI SU RECONOCIMIENTO A GALARDONADOS CON EL PREMIO ESTATAL DEL DEPORTE 2023"},"content":{"rendered":"<p>El presidente municipal de Cuernavaca, Jos\u00e9 Luis Uri\u00f3stegui Salgado, particip\u00f3 este lunes en la ceremonia c\u00edvica por el CXIII Aniversario del inicio de la Revoluci\u00f3n Mexicana, donde se hizo entrega del Premio Estatal del Deporte 2023 a atletas y entrenadores que han puesto en alto el nombre del estado y la capital morelense a nivel nacional e internacional.<\/p>\n<p>Teniendo como escenario la explanada de Plaza de Armas Gral. Emiliano Zapata Salazar y en presencia del gobernador Cuauht\u00e9moc Blanco Bravo, del magistrado presidente del Tribunal Superior de Justicia, Jorge Gamboa Olea y del General de Brigada Diplomado de Estado Mayor, Antonio Ram\u00edrez Escobedo, comandante de la 24\/a. Zona Militar, Jos\u00e9 Luis Uri\u00f3stegui felicit\u00f3 a los cinco galardonados y reconoci\u00f3 su perseverancia, esfuerzo y disciplina, siendo un ejemplo e inspiraci\u00f3n para ni\u00f1os y adolescentes.<\/p>\n<p>Destac\u00f3 la trayectoria y \u00e9xitos obtenidos por parte de los deportistas Paulina Alanis Hern\u00e1ndez en la disciplina de aguas abiertas; Regina Cuevas Ortiz en nataci\u00f3n y aguas abiertas; M\u00e1ximo M\u00e9ndez Ortiz en tiro con arco y de Armando Mercado Hern\u00e1ndez en artes marciales populares; adem\u00e1s del arduo trabajo y vocaci\u00f3n del entrenador de la selecci\u00f3n mexicana de B\u00e1squetbol 3&#215;3, Alberto Miranda Cuevas.<\/p>\n<p>Sostuvo que el apoyo familiar es fundamental, por lo cual externo su reconocimiento a sus familias, quienes pese a las adversidades han sido una red de apoyo para seguir cosechando \u00e9xitos y alcanzar cada una de sus metas; manifest\u00f3 el respaldo del Ayuntamiento que encabeza para seguir impuls\u00e1ndolos, recordando que este a\u00f1o el Cabildo destin\u00f3 recursos para el otorgamiento de becas a deportistas que residen en Cuernavaca y cuentan con invitaci\u00f3n a alg\u00fan evento nacional o internacional en el que representar\u00e1n a la capital morelense. Los montos son de 10 mil a 20 mil pesos.<\/p>\n<p><img loading=\"lazy\" class=\"alignnone size-medium wp-image-35098\" src=\"https:\/\/cuernavaca.gob.mx\/wp-content\/uploads\/2023\/11\/EXPRESA-JOSE\u0301-LUIS-URIO\u0301STEGUI-SU-RECONOCIMIENTO-A-GALARDONADOS-CON-EL-PREMIO-ESTATAL-DEL-DEPORTE-2023-1-300x200.jpg\" alt=\"\" width=\"300\" height=\"200\" srcset=\"https:\/\/cuernavaca.gob.mx\/wp-content\/uploads\/2023\/11\/EXPRESA-JOSE\u0301-LUIS-URIO\u0301STEGUI-SU-RECONOCIMIENTO-A-GALARDONADOS-CON-EL-PREMIO-ESTATAL-DEL-DEPORTE-2023-1-300x200.jpg 300w, https:\/\/cuernavaca.gob.mx\/wp-content\/uploads\/2023\/11\/EXPRESA-JOSE\u0301-LUIS-URIO\u0301STEGUI-SU-RECONOCIMIENTO-A-GALARDONADOS-CON-EL-PREMIO-ESTATAL-DEL-DEPORTE-2023-1-1024x682.jpg 1024w, https:\/\/cuernavaca.gob.mx\/wp-content\/uploads\/2023\/11\/EXPRESA-JOSE\u0301-LUIS-URIO\u0301STEGUI-SU-RECONOCIMIENTO-A-GALARDONADOS-CON-EL-PREMIO-ESTATAL-DEL-DEPORTE-2023-1-768x512.jpg 768w, https:\/\/cuernavaca.gob.mx\/wp-content\/uploads\/2023\/11\/EXPRESA-JOSE\u0301-LUIS-URIO\u0301STEGUI-SU-RECONOCIMIENTO-A-GALARDONADOS-CON-EL-PREMIO-ESTATAL-DEL-DEPORTE-2023-1-1536x1023.jpg 1536w, https:\/\/cuernavaca.gob.mx\/wp-content\/uploads\/2023\/11\/EXPRESA-JOSE\u0301-LUIS-URIO\u0301STEGUI-SU-RECONOCIMIENTO-A-GALARDONADOS-CON-EL-PREMIO-ESTATAL-DEL-DEPORTE-2023-1-600x400.jpg 600w, https:\/\/cuernavaca.gob.mx\/wp-content\/uploads\/2023\/11\/EXPRESA-JOSE\u0301-LUIS-URIO\u0301STEGUI-SU-RECONOCIMIENTO-A-GALARDONADOS-CON-EL-PREMIO-ESTATAL-DEL-DEPORTE-2023-1-560x373.jpg 560w, https:\/\/cuernavaca.gob.mx\/wp-content\/uploads\/2023\/11\/EXPRESA-JOSE\u0301-LUIS-URIO\u0301STEGUI-SU-RECONOCIMIENTO-A-GALARDONADOS-CON-EL-PREMIO-ESTATAL-DEL-DEPORTE-2023-1.jpg 1600w\" sizes=\"(max-width: 300px) 100vw, 300px\" \/> <img loading=\"lazy\" class=\"alignnone size-medium wp-image-35099\" src=\"https:\/\/cuernavaca.gob.mx\/wp-content\/uploads\/2023\/11\/EXPRESA-JOSE\u0301-LUIS-URIO\u0301STEGUI-SU-RECONOCIMIENTO-A-GALARDONADOS-CON-EL-PREMIO-ESTATAL-DEL-DEPORTE-2023-2-300x200.jpg\" alt=\"\" width=\"300\" height=\"200\" srcset=\"https:\/\/cuernavaca.gob.mx\/wp-content\/uploads\/2023\/11\/EXPRESA-JOSE\u0301-LUIS-URIO\u0301STEGUI-SU-RECONOCIMIENTO-A-GALARDONADOS-CON-EL-PREMIO-ESTATAL-DEL-DEPORTE-2023-2-300x200.jpg 300w, https:\/\/cuernavaca.gob.mx\/wp-content\/uploads\/2023\/11\/EXPRESA-JOSE\u0301-LUIS-URIO\u0301STEGUI-SU-RECONOCIMIENTO-A-GALARDONADOS-CON-EL-PREMIO-ESTATAL-DEL-DEPORTE-2023-2-1024x682.jpg 1024w, https:\/\/cuernavaca.gob.mx\/wp-content\/uploads\/2023\/11\/EXPRESA-JOSE\u0301-LUIS-URIO\u0301STEGUI-SU-RECONOCIMIENTO-A-GALARDONADOS-CON-EL-PREMIO-ESTATAL-DEL-DEPORTE-2023-2-768x512.jpg 768w, https:\/\/cuernavaca.gob.mx\/wp-content\/uploads\/2023\/11\/EXPRESA-JOSE\u0301-LUIS-URIO\u0301STEGUI-SU-RECONOCIMIENTO-A-GALARDONADOS-CON-EL-PREMIO-ESTATAL-DEL-DEPORTE-2023-2-1536x1023.jpg 1536w, https:\/\/cuernavaca.gob.mx\/wp-content\/uploads\/2023\/11\/EXPRESA-JOSE\u0301-LUIS-URIO\u0301STEGUI-SU-RECONOCIMIENTO-A-GALARDONADOS-CON-EL-PREMIO-ESTATAL-DEL-DEPORTE-2023-2-600x400.jpg 600w, https:\/\/cuernavaca.gob.mx\/wp-content\/uploads\/2023\/11\/EXPRESA-JOSE\u0301-LUIS-URIO\u0301STEGUI-SU-RECONOCIMIENTO-A-GALARDONADOS-CON-EL-PREMIO-ESTATAL-DEL-DEPORTE-2023-2-560x373.jpg 560w, https:\/\/cuernavaca.gob.mx\/wp-content\/uploads\/2023\/11\/EXPRESA-JOSE\u0301-LUIS-URIO\u0301STEGUI-SU-RECONOCIMIENTO-A-GALARDONADOS-CON-EL-PREMIO-ESTATAL-DEL-DEPORTE-2023-2.jpg 1600w\" sizes=\"(max-width: 300px) 100vw, 300px\" \/> <img loading=\"lazy\" class=\"alignnone size-medium wp-image-35100\" src=\"https:\/\/cuernavaca.gob.mx\/wp-content\/uploads\/2023\/11\/EXPRESA-JOSE\u0301-LUIS-URIO\u0301STEGUI-SU-RECONOCIMIENTO-A-GALARDONADOS-CON-EL-PREMIO-ESTATAL-DEL-DEPORTE-2023-3-300x200.jpg\" alt=\"\" width=\"300\" height=\"200\" srcset=\"https:\/\/cuernavaca.gob.mx\/wp-content\/uploads\/2023\/11\/EXPRESA-JOSE\u0301-LUIS-URIO\u0301STEGUI-SU-RECONOCIMIENTO-A-GALARDONADOS-CON-EL-PREMIO-ESTATAL-DEL-DEPORTE-2023-3-300x200.jpg 300w, https:\/\/cuernavaca.gob.mx\/wp-content\/uploads\/2023\/11\/EXPRESA-JOSE\u0301-LUIS-URIO\u0301STEGUI-SU-RECONOCIMIENTO-A-GALARDONADOS-CON-EL-PREMIO-ESTATAL-DEL-DEPORTE-2023-3-1024x682.jpg 1024w, https:\/\/cuernavaca.gob.mx\/wp-content\/uploads\/2023\/11\/EXPRESA-JOSE\u0301-LUIS-URIO\u0301STEGUI-SU-RECONOCIMIENTO-A-GALARDONADOS-CON-EL-PREMIO-ESTATAL-DEL-DEPORTE-2023-3-768x512.jpg 768w, https:\/\/cuernavaca.gob.mx\/wp-content\/uploads\/2023\/11\/EXPRESA-JOSE\u0301-LUIS-URIO\u0301STEGUI-SU-RECONOCIMIENTO-A-GALARDONADOS-CON-EL-PREMIO-ESTATAL-DEL-DEPORTE-2023-3-1536x1023.jpg 1536w, https:\/\/cuernavaca.gob.mx\/wp-content\/uploads\/2023\/11\/EXPRESA-JOSE\u0301-LUIS-URIO\u0301STEGUI-SU-RECONOCIMIENTO-A-GALARDONADOS-CON-EL-PREMIO-ESTATAL-DEL-DEPORTE-2023-3-600x400.jpg 600w, https:\/\/cuernavaca.gob.mx\/wp-content\/uploads\/2023\/11\/EXPRESA-JOSE\u0301-LUIS-URIO\u0301STEGUI-SU-RECONOCIMIENTO-A-GALARDONADOS-CON-EL-PREMIO-ESTATAL-DEL-DEPORTE-2023-3-560x373.jpg 560w, https:\/\/cuernavaca.gob.mx\/wp-content\/uploads\/2023\/11\/EXPRESA-JOSE\u0301-LUIS-URIO\u0301STEGUI-SU-RECONOCIMIENTO-A-GALARDONADOS-CON-EL-PREMIO-ESTATAL-DEL-DEPORTE-2023-3.jpg 1600w\" sizes=\"(max-width: 300px) 100vw, 300px\" \/> <img loading=\"lazy\" class=\"alignnone size-medium wp-image-35101\" src=\"https:\/\/cuernavaca.gob.mx\/wp-content\/uploads\/2023\/11\/EXPRESA-JOSE\u0301-LUIS-URIO\u0301STEGUI-SU-RECONOCIMIENTO-A-GALARDONADOS-CON-EL-PREMIO-ESTATAL-DEL-DEPORTE-2023-4-300x200.jpg\" alt=\"\" width=\"300\" height=\"200\" srcset=\"https:\/\/cuernavaca.gob.mx\/wp-content\/uploads\/2023\/11\/EXPRESA-JOSE\u0301-LUIS-URIO\u0301STEGUI-SU-RECONOCIMIENTO-A-GALARDONADOS-CON-EL-PREMIO-ESTATAL-DEL-DEPORTE-2023-4-300x200.jpg 300w, https:\/\/cuernavaca.gob.mx\/wp-content\/uploads\/2023\/11\/EXPRESA-JOSE\u0301-LUIS-URIO\u0301STEGUI-SU-RECONOCIMIENTO-A-GALARDONADOS-CON-EL-PREMIO-ESTATAL-DEL-DEPORTE-2023-4-1024x682.jpg 1024w, https:\/\/cuernavaca.gob.mx\/wp-content\/uploads\/2023\/11\/EXPRESA-JOSE\u0301-LUIS-URIO\u0301STEGUI-SU-RECONOCIMIENTO-A-GALARDONADOS-CON-EL-PREMIO-ESTATAL-DEL-DEPORTE-2023-4-768x512.jpg 768w, https:\/\/cuernavaca.gob.mx\/wp-content\/uploads\/2023\/11\/EXPRESA-JOSE\u0301-LUIS-URIO\u0301STEGUI-SU-RECONOCIMIENTO-A-GALARDONADOS-CON-EL-PREMIO-ESTATAL-DEL-DEPORTE-2023-4-1536x1023.jpg 1536w, https:\/\/cuernavaca.gob.mx\/wp-content\/uploads\/2023\/11\/EXPRESA-JOSE\u0301-LUIS-URIO\u0301STEGUI-SU-RECONOCIMIENTO-A-GALARDONADOS-CON-EL-PREMIO-ESTATAL-DEL-DEPORTE-2023-4-600x400.jpg 600w, https:\/\/cuernavaca.gob.mx\/wp-content\/uploads\/2023\/11\/EXPRESA-JOSE\u0301-LUIS-URIO\u0301STEGUI-SU-RECONOCIMIENTO-A-GALARDONADOS-CON-EL-PREMIO-ESTATAL-DEL-DEPORTE-2023-4-560x373.jpg 560w, https:\/\/cuernavaca.gob.mx\/wp-content\/uploads\/2023\/11\/EXPRESA-JOSE\u0301-LUIS-URIO\u0301STEGUI-SU-RECONOCIMIENTO-A-GALARDONADOS-CON-EL-PREMIO-ESTATAL-DEL-DEPORTE-2023-4.jpg 1600w\" sizes=\"(max-width: 300px) 100vw, 300px\" \/> <img loading=\"lazy\" class=\"alignnone size-medium wp-image-35102\" src=\"https:\/\/cuernavaca.gob.mx\/wp-content\/uploads\/2023\/11\/EXPRESA-JOSE\u0301-LUIS-URIO\u0301STEGUI-SU-RECONOCIMIENTO-A-GALARDONADOS-CON-EL-PREMIO-ESTATAL-DEL-DEPORTE-2023-5-300x200.jpg\" alt=\"\" width=\"300\" height=\"200\" srcset=\"https:\/\/cuernavaca.gob.mx\/wp-content\/uploads\/2023\/11\/EXPRESA-JOSE\u0301-LUIS-URIO\u0301STEGUI-SU-RECONOCIMIENTO-A-GALARDONADOS-CON-EL-PREMIO-ESTATAL-DEL-DEPORTE-2023-5-300x200.jpg 300w, https:\/\/cuernavaca.gob.mx\/wp-content\/uploads\/2023\/11\/EXPRESA-JOSE\u0301-LUIS-URIO\u0301STEGUI-SU-RECONOCIMIENTO-A-GALARDONADOS-CON-EL-PREMIO-ESTATAL-DEL-DEPORTE-2023-5-1024x682.jpg 1024w, https:\/\/cuernavaca.gob.mx\/wp-content\/uploads\/2023\/11\/EXPRESA-JOSE\u0301-LUIS-URIO\u0301STEGUI-SU-RECONOCIMIENTO-A-GALARDONADOS-CON-EL-PREMIO-ESTATAL-DEL-DEPORTE-2023-5-768x512.jpg 768w, https:\/\/cuernavaca.gob.mx\/wp-content\/uploads\/2023\/11\/EXPRESA-JOSE\u0301-LUIS-URIO\u0301STEGUI-SU-RECONOCIMIENTO-A-GALARDONADOS-CON-EL-PREMIO-ESTATAL-DEL-DEPORTE-2023-5-1536x1023.jpg 1536w, https:\/\/cuernavaca.gob.mx\/wp-content\/uploads\/2023\/11\/EXPRESA-JOSE\u0301-LUIS-URIO\u0301STEGUI-SU-RECONOCIMIENTO-A-GALARDONADOS-CON-EL-PREMIO-ESTATAL-DEL-DEPORTE-2023-5-600x400.jpg 600w, https:\/\/cuernavaca.gob.mx\/wp-content\/uploads\/2023\/11\/EXPRESA-JOSE\u0301-LUIS-URIO\u0301STEGUI-SU-RECONOCIMIENTO-A-GALARDONADOS-CON-EL-PREMIO-ESTATAL-DEL-DEPORTE-2023-5-560x373.jpg 560w, https:\/\/cuernavaca.gob.mx\/wp-content\/uploads\/2023\/11\/EXPRESA-JOSE\u0301-LUIS-URIO\u0301STEGUI-SU-RECONOCIMIENTO-A-GALARDONADOS-CON-EL-PREMIO-ESTATAL-DEL-DEPORTE-2023-5.jpg 1600w\" sizes=\"(max-width: 300px) 100vw, 300px\" \/><\/p>\n","protected":false},"excerpt":{"rendered":"<p>El presidente municipal de Cuernavaca, Jos\u00e9 Luis Uri\u00f3stegui Salgado, particip\u00f3 este lunes en la ceremonia c\u00edvica por el CXIII Aniversario del inicio de la Revoluci\u00f3n Mexicana, donde se hizo entrega del Premio Estatal del Deporte 2023 a atletas y entrenadores que han puesto en alto el nombre del estado y la capital morelense a nivel [&hellip;]<\/p>\n","protected":false},"author":1,"featured_media":35099,"comment_status":"closed","ping_status":"open","sticky":false,"template":"","format":"standard","meta":[],"categories":[20],"tags":[3424,121,313,120,206,2629,2652],"aioseo_notices":[],"_links":{"self":[{"href":"https:\/\/cuernavaca.gob.mx\/index.php?rest_route=\/wp\/v2\/posts\/35097"}],"collection":[{"href":"https:\/\/cuernavaca.gob.mx\/index.php?rest_route=\/wp\/v2\/posts"}],"about":[{"href":"https:\/\/cuernavaca.gob.mx\/index.php?rest_route=\/wp\/v2\/types\/post"}],"author":[{"embeddable":true,"href":"https:\/\/cuernavaca.gob.mx\/index.php?rest_route=\/wp\/v2\/users\/1"}],"replies":[{"embeddable":true,"href":"https:\/\/cuernavaca.gob.mx\/index.php?rest_route=%2Fwp%2Fv2%2Fcomments&post=35097"}],"version-history":[{"count":2,"href":"https:\/\/cuernavaca.gob.mx\/index.php?rest_route=\/wp\/v2\/posts\/35097\/revisions"}],"predecessor-version":[{"id":35126,"href":"https:\/\/cuernavaca.gob.mx\/index.php?rest_route=\/wp\/v2\/posts\/35097\/revisions\/35126"}],"wp:featuredmedia":[{"embeddable":true,"href":"https:\/\/cuernavaca.gob.mx\/index.php?rest_route=\/wp\/v2\/media\/35099"}],"wp:attachment":[{"href":"https:\/\/cuernavaca.gob.mx\/index.php?rest_route=%2Fwp%2Fv2%2Fmedia&parent=35097"}],"wp:term":[{"taxonomy":"category","embeddable":true,"href":"https:\/\/cuernavaca.gob.mx\/index.php?rest_route=%2Fwp%2Fv2%2Fcategories&post=35097"},{"taxonomy":"post_tag","embeddable":true,"href":"https:\/\/cuernavaca.gob.mx\/index.php?rest_route=%2Fwp%2Fv2%2Ftags&post=35097"}],"curies":[{"name":"wp","href":"https:\/\/api.w.org\/{rel}","templated":true}]}}