{"id":35184,"date":"2023-11-22T12:30:31","date_gmt":"2023-11-22T18:30:31","guid":{"rendered":"https:\/\/cuernavaca.gob.mx\/?p=35184"},"modified":"2023-11-22T13:21:55","modified_gmt":"2023-11-22T19:21:55","slug":"b1421-22-11-23-inicia-fiscalia-ambiental-procedimiento-administrativo-contra-empresa-por-la-afectacion-a-seis-arboles-en-avenida-morelos","status":"publish","type":"post","link":"https:\/\/cuernavaca.gob.mx\/?p=35184","title":{"rendered":"B1421 22\/11\/23 INICIA FISCAL\u00cdA AMBIENTAL PROCEDIMIENTO ADMINISTRATIVO CONTRA EMPRESA POR LA AFECTACI\u00d3N A SEIS \u00c1RBOLES EN AVENIDA MORELOS"},"content":{"rendered":"<p><strong>\u2022 Detectaron que a seis ejemplares de Ficus y Jacaranda les fueron cortadas las ramas principales y secundarias; adem\u00e1s de que fueron barrenados en su base<\/strong><\/p>\n<p>En atenci\u00f3n a una denuncia ciudadana, la Fiscal\u00eda Ambiental de la Secretar\u00eda de Desarrollo Sustentable y Servicios P\u00fablicos del Ayuntamiento de Cuernavaca inicio un procedimiento administrativo por la afectaci\u00f3n a seis \u00e1rboles ubicados a la altura del domicilio Avenida Morelos 41 en el Centro de Cuernavaca, frente a la negociaci\u00f3n denominada \u201cMall City\u201d (bazar).<\/p>\n<p>Se informa que el d\u00eda 12 de octubre del a\u00f1o en curso tras recibir la denuncia ciudadana se realiz\u00f3 una visita de investigaci\u00f3n correspondiente, obteniendo los datos necesarios para emitir la orden de inspecci\u00f3n ambiental que se efectu\u00f3 el 14 del presente mes y a\u00f1o resultando en la corroboraci\u00f3n de la poda de cuatro \u00e1rboles com\u00fanmente conocidos como Ficus y dos \u00e1rboles com\u00fanmente conocidos como Jacaranda.<\/p>\n<p>De acuerdo con el informe la poda se realiz\u00f3 al amparo de la autorizaci\u00f3n n\u00famero SDSySP\/DGDS\/1532\/XI\/2023 de fecha 06 de noviembre de 2023 expedida por la Direcci\u00f3n General de Desarrollo Sustentable de la Secretar\u00eda de Desarrollo Sustentable, que autoriz\u00f3 la poda de mantenimiento y fitosanitaria que contemplaba la reducci\u00f3n de la copa y fronda en un 25 por ciento del follaje total de los seis ejemplares se\u00f1alados.<\/p>\n<p>No obstante, durante la visita de inspecci\u00f3n se observ\u00f3 que a los seis ejemplares les fueron cortadas las ramas principales y secundarias, actividades distintas a las autorizadas, toda vez que no s\u00f3lo cortaron el follaje; adem\u00e1s de que los ejemplares fueron barrenados en su base.<\/p>\n<p>Por lo anterior, la Fiscal\u00eda Ambiental informa que ha iniciado el procedimiento administrativo correspondiente para, una vez agotado, dar lugar a las sanciones administrativas contempladas en el Reglamento de Ecolog\u00eda del Municipio y la Ley de Ingresos, destacando que presentar\u00e1n una denuncia penal ante el Ministerio P\u00fablico por los hechos descritos, al ser probablemente constitutivos de delito.<\/p>\n<p><img loading=\"lazy\" class=\"alignnone size-medium wp-image-35185\" src=\"https:\/\/cuernavaca.gob.mx\/wp-content\/uploads\/2023\/11\/INICIA-FISCALI\u0301A-AMBIENTAL-PROCEDIMIENTO-ADMINISTRATIVO-CONTRA-EMPRESA-POR-LA-AFECTACIO\u0301N-A-SEIS-A\u0301RBOLES-EN-AVENIDA-MORELOS-1-300x202.jpg\" alt=\"\" width=\"300\" height=\"202\" srcset=\"https:\/\/cuernavaca.gob.mx\/wp-content\/uploads\/2023\/11\/INICIA-FISCALI\u0301A-AMBIENTAL-PROCEDIMIENTO-ADMINISTRATIVO-CONTRA-EMPRESA-POR-LA-AFECTACIO\u0301N-A-SEIS-A\u0301RBOLES-EN-AVENIDA-MORELOS-1-300x202.jpg 300w, https:\/\/cuernavaca.gob.mx\/wp-content\/uploads\/2023\/11\/INICIA-FISCALI\u0301A-AMBIENTAL-PROCEDIMIENTO-ADMINISTRATIVO-CONTRA-EMPRESA-POR-LA-AFECTACIO\u0301N-A-SEIS-A\u0301RBOLES-EN-AVENIDA-MORELOS-1-1024x689.jpg 1024w, https:\/\/cuernavaca.gob.mx\/wp-content\/uploads\/2023\/11\/INICIA-FISCALI\u0301A-AMBIENTAL-PROCEDIMIENTO-ADMINISTRATIVO-CONTRA-EMPRESA-POR-LA-AFECTACIO\u0301N-A-SEIS-A\u0301RBOLES-EN-AVENIDA-MORELOS-1-768x517.jpg 768w, https:\/\/cuernavaca.gob.mx\/wp-content\/uploads\/2023\/11\/INICIA-FISCALI\u0301A-AMBIENTAL-PROCEDIMIENTO-ADMINISTRATIVO-CONTRA-EMPRESA-POR-LA-AFECTACIO\u0301N-A-SEIS-A\u0301RBOLES-EN-AVENIDA-MORELOS-1-600x404.jpg 600w, https:\/\/cuernavaca.gob.mx\/wp-content\/uploads\/2023\/11\/INICIA-FISCALI\u0301A-AMBIENTAL-PROCEDIMIENTO-ADMINISTRATIVO-CONTRA-EMPRESA-POR-LA-AFECTACIO\u0301N-A-SEIS-A\u0301RBOLES-EN-AVENIDA-MORELOS-1-560x377.jpg 560w, https:\/\/cuernavaca.gob.mx\/wp-content\/uploads\/2023\/11\/INICIA-FISCALI\u0301A-AMBIENTAL-PROCEDIMIENTO-ADMINISTRATIVO-CONTRA-EMPRESA-POR-LA-AFECTACIO\u0301N-A-SEIS-A\u0301RBOLES-EN-AVENIDA-MORELOS-1.jpg 1280w\" sizes=\"(max-width: 300px) 100vw, 300px\" \/> <img loading=\"lazy\" class=\"alignnone size-medium wp-image-35186\" src=\"https:\/\/cuernavaca.gob.mx\/wp-content\/uploads\/2023\/11\/INICIA-FISCALI\u0301A-AMBIENTAL-PROCEDIMIENTO-ADMINISTRATIVO-CONTRA-EMPRESA-POR-LA-AFECTACIO\u0301N-A-SEIS-A\u0301RBOLES-EN-AVENIDA-MORELOS-2-300x200.jpg\" alt=\"\" width=\"300\" height=\"200\" srcset=\"https:\/\/cuernavaca.gob.mx\/wp-content\/uploads\/2023\/11\/INICIA-FISCALI\u0301A-AMBIENTAL-PROCEDIMIENTO-ADMINISTRATIVO-CONTRA-EMPRESA-POR-LA-AFECTACIO\u0301N-A-SEIS-A\u0301RBOLES-EN-AVENIDA-MORELOS-2-300x200.jpg 300w, https:\/\/cuernavaca.gob.mx\/wp-content\/uploads\/2023\/11\/INICIA-FISCALI\u0301A-AMBIENTAL-PROCEDIMIENTO-ADMINISTRATIVO-CONTRA-EMPRESA-POR-LA-AFECTACIO\u0301N-A-SEIS-A\u0301RBOLES-EN-AVENIDA-MORELOS-2-1024x682.jpg 1024w, https:\/\/cuernavaca.gob.mx\/wp-content\/uploads\/2023\/11\/INICIA-FISCALI\u0301A-AMBIENTAL-PROCEDIMIENTO-ADMINISTRATIVO-CONTRA-EMPRESA-POR-LA-AFECTACIO\u0301N-A-SEIS-A\u0301RBOLES-EN-AVENIDA-MORELOS-2-768x512.jpg 768w, https:\/\/cuernavaca.gob.mx\/wp-content\/uploads\/2023\/11\/INICIA-FISCALI\u0301A-AMBIENTAL-PROCEDIMIENTO-ADMINISTRATIVO-CONTRA-EMPRESA-POR-LA-AFECTACIO\u0301N-A-SEIS-A\u0301RBOLES-EN-AVENIDA-MORELOS-2-600x400.jpg 600w, https:\/\/cuernavaca.gob.mx\/wp-content\/uploads\/2023\/11\/INICIA-FISCALI\u0301A-AMBIENTAL-PROCEDIMIENTO-ADMINISTRATIVO-CONTRA-EMPRESA-POR-LA-AFECTACIO\u0301N-A-SEIS-A\u0301RBOLES-EN-AVENIDA-MORELOS-2-560x373.jpg 560w, https:\/\/cuernavaca.gob.mx\/wp-content\/uploads\/2023\/11\/INICIA-FISCALI\u0301A-AMBIENTAL-PROCEDIMIENTO-ADMINISTRATIVO-CONTRA-EMPRESA-POR-LA-AFECTACIO\u0301N-A-SEIS-A\u0301RBOLES-EN-AVENIDA-MORELOS-2.jpg 1280w\" sizes=\"(max-width: 300px) 100vw, 300px\" \/> <img loading=\"lazy\" class=\"alignnone size-medium wp-image-35187\" src=\"https:\/\/cuernavaca.gob.mx\/wp-content\/uploads\/2023\/11\/INICIA-FISCALI\u0301A-AMBIENTAL-PROCEDIMIENTO-ADMINISTRATIVO-CONTRA-EMPRESA-POR-LA-AFECTACIO\u0301N-A-SEIS-A\u0301RBOLES-EN-AVENIDA-MORELOS-3-300x200.jpg\" alt=\"\" width=\"300\" height=\"200\" srcset=\"https:\/\/cuernavaca.gob.mx\/wp-content\/uploads\/2023\/11\/INICIA-FISCALI\u0301A-AMBIENTAL-PROCEDIMIENTO-ADMINISTRATIVO-CONTRA-EMPRESA-POR-LA-AFECTACIO\u0301N-A-SEIS-A\u0301RBOLES-EN-AVENIDA-MORELOS-3-300x200.jpg 300w, https:\/\/cuernavaca.gob.mx\/wp-content\/uploads\/2023\/11\/INICIA-FISCALI\u0301A-AMBIENTAL-PROCEDIMIENTO-ADMINISTRATIVO-CONTRA-EMPRESA-POR-LA-AFECTACIO\u0301N-A-SEIS-A\u0301RBOLES-EN-AVENIDA-MORELOS-3-1024x682.jpg 1024w, https:\/\/cuernavaca.gob.mx\/wp-content\/uploads\/2023\/11\/INICIA-FISCALI\u0301A-AMBIENTAL-PROCEDIMIENTO-ADMINISTRATIVO-CONTRA-EMPRESA-POR-LA-AFECTACIO\u0301N-A-SEIS-A\u0301RBOLES-EN-AVENIDA-MORELOS-3-768x512.jpg 768w, https:\/\/cuernavaca.gob.mx\/wp-content\/uploads\/2023\/11\/INICIA-FISCALI\u0301A-AMBIENTAL-PROCEDIMIENTO-ADMINISTRATIVO-CONTRA-EMPRESA-POR-LA-AFECTACIO\u0301N-A-SEIS-A\u0301RBOLES-EN-AVENIDA-MORELOS-3-600x400.jpg 600w, https:\/\/cuernavaca.gob.mx\/wp-content\/uploads\/2023\/11\/INICIA-FISCALI\u0301A-AMBIENTAL-PROCEDIMIENTO-ADMINISTRATIVO-CONTRA-EMPRESA-POR-LA-AFECTACIO\u0301N-A-SEIS-A\u0301RBOLES-EN-AVENIDA-MORELOS-3-560x373.jpg 560w, https:\/\/cuernavaca.gob.mx\/wp-content\/uploads\/2023\/11\/INICIA-FISCALI\u0301A-AMBIENTAL-PROCEDIMIENTO-ADMINISTRATIVO-CONTRA-EMPRESA-POR-LA-AFECTACIO\u0301N-A-SEIS-A\u0301RBOLES-EN-AVENIDA-MORELOS-3.jpg 1280w\" sizes=\"(max-width: 300px) 100vw, 300px\" \/> <img loading=\"lazy\" class=\"alignnone size-medium wp-image-35188\" src=\"https:\/\/cuernavaca.gob.mx\/wp-content\/uploads\/2023\/11\/INICIA-FISCALI\u0301A-AMBIENTAL-PROCEDIMIENTO-ADMINISTRATIVO-CONTRA-EMPRESA-POR-LA-AFECTACIO\u0301N-A-SEIS-A\u0301RBOLES-EN-AVENIDA-MORELOS-4-300x200.jpg\" alt=\"\" width=\"300\" height=\"200\" srcset=\"https:\/\/cuernavaca.gob.mx\/wp-content\/uploads\/2023\/11\/INICIA-FISCALI\u0301A-AMBIENTAL-PROCEDIMIENTO-ADMINISTRATIVO-CONTRA-EMPRESA-POR-LA-AFECTACIO\u0301N-A-SEIS-A\u0301RBOLES-EN-AVENIDA-MORELOS-4-300x200.jpg 300w, https:\/\/cuernavaca.gob.mx\/wp-content\/uploads\/2023\/11\/INICIA-FISCALI\u0301A-AMBIENTAL-PROCEDIMIENTO-ADMINISTRATIVO-CONTRA-EMPRESA-POR-LA-AFECTACIO\u0301N-A-SEIS-A\u0301RBOLES-EN-AVENIDA-MORELOS-4-1024x682.jpg 1024w, https:\/\/cuernavaca.gob.mx\/wp-content\/uploads\/2023\/11\/INICIA-FISCALI\u0301A-AMBIENTAL-PROCEDIMIENTO-ADMINISTRATIVO-CONTRA-EMPRESA-POR-LA-AFECTACIO\u0301N-A-SEIS-A\u0301RBOLES-EN-AVENIDA-MORELOS-4-768x512.jpg 768w, https:\/\/cuernavaca.gob.mx\/wp-content\/uploads\/2023\/11\/INICIA-FISCALI\u0301A-AMBIENTAL-PROCEDIMIENTO-ADMINISTRATIVO-CONTRA-EMPRESA-POR-LA-AFECTACIO\u0301N-A-SEIS-A\u0301RBOLES-EN-AVENIDA-MORELOS-4-600x400.jpg 600w, https:\/\/cuernavaca.gob.mx\/wp-content\/uploads\/2023\/11\/INICIA-FISCALI\u0301A-AMBIENTAL-PROCEDIMIENTO-ADMINISTRATIVO-CONTRA-EMPRESA-POR-LA-AFECTACIO\u0301N-A-SEIS-A\u0301RBOLES-EN-AVENIDA-MORELOS-4-560x373.jpg 560w, https:\/\/cuernavaca.gob.mx\/wp-content\/uploads\/2023\/11\/INICIA-FISCALI\u0301A-AMBIENTAL-PROCEDIMIENTO-ADMINISTRATIVO-CONTRA-EMPRESA-POR-LA-AFECTACIO\u0301N-A-SEIS-A\u0301RBOLES-EN-AVENIDA-MORELOS-4.jpg 1280w\" sizes=\"(max-width: 300px) 100vw, 300px\" \/> <img loading=\"lazy\" class=\"alignnone size-medium wp-image-35189\" src=\"https:\/\/cuernavaca.gob.mx\/wp-content\/uploads\/2023\/11\/INICIA-FISCALI\u0301A-AMBIENTAL-PROCEDIMIENTO-ADMINISTRATIVO-CONTRA-EMPRESA-POR-LA-AFECTACIO\u0301N-A-SEIS-A\u0301RBOLES-EN-AVENIDA-MORELOS-5-300x200.jpg\" alt=\"\" width=\"300\" height=\"200\" srcset=\"https:\/\/cuernavaca.gob.mx\/wp-content\/uploads\/2023\/11\/INICIA-FISCALI\u0301A-AMBIENTAL-PROCEDIMIENTO-ADMINISTRATIVO-CONTRA-EMPRESA-POR-LA-AFECTACIO\u0301N-A-SEIS-A\u0301RBOLES-EN-AVENIDA-MORELOS-5-300x200.jpg 300w, https:\/\/cuernavaca.gob.mx\/wp-content\/uploads\/2023\/11\/INICIA-FISCALI\u0301A-AMBIENTAL-PROCEDIMIENTO-ADMINISTRATIVO-CONTRA-EMPRESA-POR-LA-AFECTACIO\u0301N-A-SEIS-A\u0301RBOLES-EN-AVENIDA-MORELOS-5-1024x682.jpg 1024w, https:\/\/cuernavaca.gob.mx\/wp-content\/uploads\/2023\/11\/INICIA-FISCALI\u0301A-AMBIENTAL-PROCEDIMIENTO-ADMINISTRATIVO-CONTRA-EMPRESA-POR-LA-AFECTACIO\u0301N-A-SEIS-A\u0301RBOLES-EN-AVENIDA-MORELOS-5-768x512.jpg 768w, https:\/\/cuernavaca.gob.mx\/wp-content\/uploads\/2023\/11\/INICIA-FISCALI\u0301A-AMBIENTAL-PROCEDIMIENTO-ADMINISTRATIVO-CONTRA-EMPRESA-POR-LA-AFECTACIO\u0301N-A-SEIS-A\u0301RBOLES-EN-AVENIDA-MORELOS-5-600x400.jpg 600w, https:\/\/cuernavaca.gob.mx\/wp-content\/uploads\/2023\/11\/INICIA-FISCALI\u0301A-AMBIENTAL-PROCEDIMIENTO-ADMINISTRATIVO-CONTRA-EMPRESA-POR-LA-AFECTACIO\u0301N-A-SEIS-A\u0301RBOLES-EN-AVENIDA-MORELOS-5-560x373.jpg 560w, https:\/\/cuernavaca.gob.mx\/wp-content\/uploads\/2023\/11\/INICIA-FISCALI\u0301A-AMBIENTAL-PROCEDIMIENTO-ADMINISTRATIVO-CONTRA-EMPRESA-POR-LA-AFECTACIO\u0301N-A-SEIS-A\u0301RBOLES-EN-AVENIDA-MORELOS-5.jpg 1280w\" sizes=\"(max-width: 300px) 100vw, 300px\" \/> <img loading=\"lazy\" class=\"alignnone size-medium wp-image-35190\" src=\"https:\/\/cuernavaca.gob.mx\/wp-content\/uploads\/2023\/11\/INICIA-FISCALI\u0301A-AMBIENTAL-PROCEDIMIENTO-ADMINISTRATIVO-CONTRA-EMPRESA-POR-LA-AFECTACIO\u0301N-A-SEIS-A\u0301RBOLES-EN-AVENIDA-MORELOS-6-300x200.jpg\" alt=\"\" width=\"300\" height=\"200\" srcset=\"https:\/\/cuernavaca.gob.mx\/wp-content\/uploads\/2023\/11\/INICIA-FISCALI\u0301A-AMBIENTAL-PROCEDIMIENTO-ADMINISTRATIVO-CONTRA-EMPRESA-POR-LA-AFECTACIO\u0301N-A-SEIS-A\u0301RBOLES-EN-AVENIDA-MORELOS-6-300x200.jpg 300w, https:\/\/cuernavaca.gob.mx\/wp-content\/uploads\/2023\/11\/INICIA-FISCALI\u0301A-AMBIENTAL-PROCEDIMIENTO-ADMINISTRATIVO-CONTRA-EMPRESA-POR-LA-AFECTACIO\u0301N-A-SEIS-A\u0301RBOLES-EN-AVENIDA-MORELOS-6-1024x682.jpg 1024w, https:\/\/cuernavaca.gob.mx\/wp-content\/uploads\/2023\/11\/INICIA-FISCALI\u0301A-AMBIENTAL-PROCEDIMIENTO-ADMINISTRATIVO-CONTRA-EMPRESA-POR-LA-AFECTACIO\u0301N-A-SEIS-A\u0301RBOLES-EN-AVENIDA-MORELOS-6-768x512.jpg 768w, https:\/\/cuernavaca.gob.mx\/wp-content\/uploads\/2023\/11\/INICIA-FISCALI\u0301A-AMBIENTAL-PROCEDIMIENTO-ADMINISTRATIVO-CONTRA-EMPRESA-POR-LA-AFECTACIO\u0301N-A-SEIS-A\u0301RBOLES-EN-AVENIDA-MORELOS-6-600x400.jpg 600w, https:\/\/cuernavaca.gob.mx\/wp-content\/uploads\/2023\/11\/INICIA-FISCALI\u0301A-AMBIENTAL-PROCEDIMIENTO-ADMINISTRATIVO-CONTRA-EMPRESA-POR-LA-AFECTACIO\u0301N-A-SEIS-A\u0301RBOLES-EN-AVENIDA-MORELOS-6-560x373.jpg 560w, https:\/\/cuernavaca.gob.mx\/wp-content\/uploads\/2023\/11\/INICIA-FISCALI\u0301A-AMBIENTAL-PROCEDIMIENTO-ADMINISTRATIVO-CONTRA-EMPRESA-POR-LA-AFECTACIO\u0301N-A-SEIS-A\u0301RBOLES-EN-AVENIDA-MORELOS-6.jpg 1280w\" sizes=\"(max-width: 300px) 100vw, 300px\" \/> <img loading=\"lazy\" class=\"alignnone size-medium wp-image-35191\" src=\"https:\/\/cuernavaca.gob.mx\/wp-content\/uploads\/2023\/11\/INICIA-FISCALI\u0301A-AMBIENTAL-PROCEDIMIENTO-ADMINISTRATIVO-CONTRA-EMPRESA-POR-LA-AFECTACIO\u0301N-A-SEIS-A\u0301RBOLES-EN-AVENIDA-MORELOS-7-300x201.jpg\" alt=\"\" width=\"300\" height=\"201\" srcset=\"https:\/\/cuernavaca.gob.mx\/wp-content\/uploads\/2023\/11\/INICIA-FISCALI\u0301A-AMBIENTAL-PROCEDIMIENTO-ADMINISTRATIVO-CONTRA-EMPRESA-POR-LA-AFECTACIO\u0301N-A-SEIS-A\u0301RBOLES-EN-AVENIDA-MORELOS-7-300x201.jpg 300w, https:\/\/cuernavaca.gob.mx\/wp-content\/uploads\/2023\/11\/INICIA-FISCALI\u0301A-AMBIENTAL-PROCEDIMIENTO-ADMINISTRATIVO-CONTRA-EMPRESA-POR-LA-AFECTACIO\u0301N-A-SEIS-A\u0301RBOLES-EN-AVENIDA-MORELOS-7-1024x687.jpg 1024w, https:\/\/cuernavaca.gob.mx\/wp-content\/uploads\/2023\/11\/INICIA-FISCALI\u0301A-AMBIENTAL-PROCEDIMIENTO-ADMINISTRATIVO-CONTRA-EMPRESA-POR-LA-AFECTACIO\u0301N-A-SEIS-A\u0301RBOLES-EN-AVENIDA-MORELOS-7-768x515.jpg 768w, https:\/\/cuernavaca.gob.mx\/wp-content\/uploads\/2023\/11\/INICIA-FISCALI\u0301A-AMBIENTAL-PROCEDIMIENTO-ADMINISTRATIVO-CONTRA-EMPRESA-POR-LA-AFECTACIO\u0301N-A-SEIS-A\u0301RBOLES-EN-AVENIDA-MORELOS-7-600x403.jpg 600w, https:\/\/cuernavaca.gob.mx\/wp-content\/uploads\/2023\/11\/INICIA-FISCALI\u0301A-AMBIENTAL-PROCEDIMIENTO-ADMINISTRATIVO-CONTRA-EMPRESA-POR-LA-AFECTACIO\u0301N-A-SEIS-A\u0301RBOLES-EN-AVENIDA-MORELOS-7-560x376.jpg 560w, https:\/\/cuernavaca.gob.mx\/wp-content\/uploads\/2023\/11\/INICIA-FISCALI\u0301A-AMBIENTAL-PROCEDIMIENTO-ADMINISTRATIVO-CONTRA-EMPRESA-POR-LA-AFECTACIO\u0301N-A-SEIS-A\u0301RBOLES-EN-AVENIDA-MORELOS-7.jpg 1280w\" sizes=\"(max-width: 300px) 100vw, 300px\" \/><\/p>\n","protected":false},"excerpt":{"rendered":"<p>\u2022 Detectaron que a seis ejemplares de Ficus y Jacaranda les fueron cortadas las ramas principales y secundarias; adem\u00e1s de que fueron barrenados en su base En atenci\u00f3n a una denuncia ciudadana, la Fiscal\u00eda Ambiental de la Secretar\u00eda de Desarrollo Sustentable y Servicios P\u00fablicos del Ayuntamiento de Cuernavaca inicio un procedimiento administrativo por la afectaci\u00f3n [&hellip;]<\/p>\n","protected":false},"author":1,"featured_media":35187,"comment_status":"closed","ping_status":"open","sticky":false,"template":"","format":"standard","meta":[],"categories":[2271],"tags":[121,2379,499,120,422,206,1318],"aioseo_notices":[],"_links":{"self":[{"href":"https:\/\/cuernavaca.gob.mx\/index.php?rest_route=\/wp\/v2\/posts\/35184"}],"collection":[{"href":"https:\/\/cuernavaca.gob.mx\/index.php?rest_route=\/wp\/v2\/posts"}],"about":[{"href":"https:\/\/cuernavaca.gob.mx\/index.php?rest_route=\/wp\/v2\/types\/post"}],"author":[{"embeddable":true,"href":"https:\/\/cuernavaca.gob.mx\/index.php?rest_route=\/wp\/v2\/users\/1"}],"replies":[{"embeddable":true,"href":"https:\/\/cuernavaca.gob.mx\/index.php?rest_route=%2Fwp%2Fv2%2Fcomments&post=35184"}],"version-history":[{"count":1,"href":"https:\/\/cuernavaca.gob.mx\/index.php?rest_route=\/wp\/v2\/posts\/35184\/revisions"}],"predecessor-version":[{"id":35192,"href":"https:\/\/cuernavaca.gob.mx\/index.php?rest_route=\/wp\/v2\/posts\/35184\/revisions\/35192"}],"wp:featuredmedia":[{"embeddable":true,"href":"https:\/\/cuernavaca.gob.mx\/index.php?rest_route=\/wp\/v2\/media\/35187"}],"wp:attachment":[{"href":"https:\/\/cuernavaca.gob.mx\/index.php?rest_route=%2Fwp%2Fv2%2Fmedia&parent=35184"}],"wp:term":[{"taxonomy":"category","embeddable":true,"href":"https:\/\/cuernavaca.gob.mx\/index.php?rest_route=%2Fwp%2Fv2%2Fcategories&post=35184"},{"taxonomy":"post_tag","embeddable":true,"href":"https:\/\/cuernavaca.gob.mx\/index.php?rest_route=%2Fwp%2Fv2%2Ftags&post=35184"}],"curies":[{"name":"wp","href":"https:\/\/api.w.org\/{rel}","templated":true}]}}