{"id":35328,"date":"2023-11-26T14:30:39","date_gmt":"2023-11-26T20:30:39","guid":{"rendered":"https:\/\/cuernavaca.gob.mx\/?p=35328"},"modified":"2023-11-26T15:12:19","modified_gmt":"2023-11-26T21:12:19","slug":"b1430-26-11-23-cumple-jose-luis-uriostegui-con-tetela-del-monte-con-la-rehabilitacion-de-la-calle-popotla","status":"publish","type":"post","link":"https:\/\/cuernavaca.gob.mx\/?p=35328","title":{"rendered":"B1430 26\/11\/23 CUMPLE JOS\u00c9 LUIS URI\u00d3STEGUI CON TETELA DEL MONTE CON LA REHABILITACI\u00d3N DE LA CALLE POPOTLA"},"content":{"rendered":"<div><strong>\u2022 Con una inversi\u00f3n de un mill\u00f3n 795 mil 453.09 pesos provenientes del FAISMUN, el Gobierno Municipal concluy\u00f3 la segunda etapa de intervenci\u00f3n de esta importante vialidad del pueblo productor de ornamentales \u00a0<\/strong><\/div>\n<div><\/div>\n<div><strong>\u2022 Se realizaron trabajos de revestimiento de pavimento asf\u00e1ltico que beneficia a 380 habitantes directos y m\u00e1s de cinco mil 800 indirectos<\/strong><\/div>\n<div><\/div>\n<div>El Ayuntamiento de Cuernavaca sigue apoyando la profunda transformaci\u00f3n en la infraestructura urbana del poblado de Tetela del Monte, entregando en esta ocasi\u00f3n la obra de revestimiento de pavimento asf\u00e1ltico en calle Popotla, segunda etapa, que beneficia a 380 habitantes directos y m\u00e1s de cinco mil 800 indirectos, entre vecinos y clientes que visitan esta zona famosa por su gran variedad de viveros de plantas ornamentales y \u00e1rboles frutales.<\/div>\n<div><\/div>\n<div>Al encabezar el acto inaugural, el presidente municipal, Jos\u00e9 Luis Uri\u00f3stegui Salgado, precis\u00f3 que con los Programas Anuales de Obra P\u00fablica han fortalecido la econom\u00eda del municipio, ya que la mayor parte de los recursos se erogan a trav\u00e9s de obras contratadas con empresas locales y en poblados como este la inversi\u00f3n sirve para mejorar la econom\u00eda local.<\/div>\n<div><\/div>\n<div>Lo anterior, al recordar que el a\u00f1o pasado intervinieron el acceso principal a la comunidad, calle de la Cruz y la primera etapa de calle Popotla, pretendiendo que este circuito vial ayude a que todos los productores de plantas de ornato tengan mayores visitas en los periodos en que se han especializado en generar las plantas de temporada, como son las flores de cempas\u00fachil y nochebuena, aunque permanente tienen producci\u00f3n de diversas plantas de ornato y \u00e1rboles florales.<\/div>\n<div><\/div>\n<div>La explicaci\u00f3n t\u00e9cnica de la obra qued\u00f3 en manos del secretario de Desarrollo Urbano y Obras P\u00fablicas, Demetrio Chavira de la Torre, quien detall\u00f3 que con una inversi\u00f3n de un mill\u00f3n 795 mil 453.09 pesos del Fondo de Aportaciones para la Infraestructura Social Municipal (FAISMUN) y en un periodo de ejecuci\u00f3n de 40 d\u00edas tuvieron como metas el tendido de carpeta asf\u00e1ltica a cinco cent\u00edmetros de espesor en caliente despu\u00e9s de compactado a dos mil 820.92 metros cuadrados, la aplicaci\u00f3n de pintura termopl\u00e1stica en mil 314.34 metros lineales y la aplicaci\u00f3n de pintura en guarniciones en 514.35 metros lineales.<\/div>\n<div><\/div>\n<div>A nombre del Cabildo, la regidora Wendi Salinas Ruiz, asever\u00f3 que derivado de la administraci\u00f3n eficiente, eficaz y transparente de los recursos han dignificando a los pueblos originarios de Cuernavaca, visibilizando estas obras en atenci\u00f3n a las peticiones de la poblaci\u00f3n, pero tambi\u00e9n a partir de una perspectiva de movilidad activa que beneficie a la colectividad.<\/div>\n<div><\/div>\n<div>El ayudante municipal de Tetela del Monte, Roberto Rodr\u00edguez Quintero y el representante del Sistema Ornamental de Cuernavaca, Juan Gabriel P\u00e9rez Reynoso, coincidieron en el agradecimiento al Gobierno Municipal que se ha preocupado y ocupado de manera permanente por el desarrollo y atenci\u00f3n a las necesidades de las comunidades, recibiendo de sus clientes tambi\u00e9n el reconocimiento por estas obras que generan una mejor accesibilidad a sus unidades de producci\u00f3n, impulsando en mayor medida sus ventas.<\/div>\n<div><\/div>\n<div>En este arranque de obra participaron tambi\u00e9n la s\u00edndica municipal, Ver\u00f3nica Atenco P\u00e9rez; los regidores Paz Hern\u00e1ndez Pardo, Mireya Delgado Romero y Fernando Carrillo Alvarado; el diputado local, \u00c1ngel Adame Jim\u00e9nez; y el coordinador del COPLADEMUN, Luis Enrique Mart\u00ednez Catal\u00e1n.<\/div>\n<div><\/div>\n<div><img loading=\"lazy\" class=\"alignnone size-medium wp-image-35329\" src=\"https:\/\/cuernavaca.gob.mx\/wp-content\/uploads\/2023\/11\/CUMPLE-JOSE-LUIS-URIOSTEGUI-CON-TETELA-DEL-MONTE-CON-LA-REHABILITACION-DE-LA-CALLE-POPOTLA-1-300x200.jpeg\" alt=\"\" width=\"300\" height=\"200\" srcset=\"https:\/\/cuernavaca.gob.mx\/wp-content\/uploads\/2023\/11\/CUMPLE-JOSE-LUIS-URIOSTEGUI-CON-TETELA-DEL-MONTE-CON-LA-REHABILITACION-DE-LA-CALLE-POPOTLA-1-300x200.jpeg 300w, https:\/\/cuernavaca.gob.mx\/wp-content\/uploads\/2023\/11\/CUMPLE-JOSE-LUIS-URIOSTEGUI-CON-TETELA-DEL-MONTE-CON-LA-REHABILITACION-DE-LA-CALLE-POPOTLA-1-1024x682.jpeg 1024w, https:\/\/cuernavaca.gob.mx\/wp-content\/uploads\/2023\/11\/CUMPLE-JOSE-LUIS-URIOSTEGUI-CON-TETELA-DEL-MONTE-CON-LA-REHABILITACION-DE-LA-CALLE-POPOTLA-1-768x512.jpeg 768w, https:\/\/cuernavaca.gob.mx\/wp-content\/uploads\/2023\/11\/CUMPLE-JOSE-LUIS-URIOSTEGUI-CON-TETELA-DEL-MONTE-CON-LA-REHABILITACION-DE-LA-CALLE-POPOTLA-1-600x400.jpeg 600w, https:\/\/cuernavaca.gob.mx\/wp-content\/uploads\/2023\/11\/CUMPLE-JOSE-LUIS-URIOSTEGUI-CON-TETELA-DEL-MONTE-CON-LA-REHABILITACION-DE-LA-CALLE-POPOTLA-1-560x373.jpeg 560w, https:\/\/cuernavaca.gob.mx\/wp-content\/uploads\/2023\/11\/CUMPLE-JOSE-LUIS-URIOSTEGUI-CON-TETELA-DEL-MONTE-CON-LA-REHABILITACION-DE-LA-CALLE-POPOTLA-1.jpeg 1280w\" sizes=\"(max-width: 300px) 100vw, 300px\" \/> <img loading=\"lazy\" class=\"alignnone size-medium wp-image-35330\" src=\"https:\/\/cuernavaca.gob.mx\/wp-content\/uploads\/2023\/11\/CUMPLE-JOSE-LUIS-URIOSTEGUI-CON-TETELA-DEL-MONTE-CON-LA-REHABILITACION-DE-LA-CALLE-POPOTLA-2-300x200.jpeg\" alt=\"\" width=\"300\" height=\"200\" srcset=\"https:\/\/cuernavaca.gob.mx\/wp-content\/uploads\/2023\/11\/CUMPLE-JOSE-LUIS-URIOSTEGUI-CON-TETELA-DEL-MONTE-CON-LA-REHABILITACION-DE-LA-CALLE-POPOTLA-2-300x200.jpeg 300w, https:\/\/cuernavaca.gob.mx\/wp-content\/uploads\/2023\/11\/CUMPLE-JOSE-LUIS-URIOSTEGUI-CON-TETELA-DEL-MONTE-CON-LA-REHABILITACION-DE-LA-CALLE-POPOTLA-2-1024x682.jpeg 1024w, https:\/\/cuernavaca.gob.mx\/wp-content\/uploads\/2023\/11\/CUMPLE-JOSE-LUIS-URIOSTEGUI-CON-TETELA-DEL-MONTE-CON-LA-REHABILITACION-DE-LA-CALLE-POPOTLA-2-768x512.jpeg 768w, https:\/\/cuernavaca.gob.mx\/wp-content\/uploads\/2023\/11\/CUMPLE-JOSE-LUIS-URIOSTEGUI-CON-TETELA-DEL-MONTE-CON-LA-REHABILITACION-DE-LA-CALLE-POPOTLA-2-600x400.jpeg 600w, https:\/\/cuernavaca.gob.mx\/wp-content\/uploads\/2023\/11\/CUMPLE-JOSE-LUIS-URIOSTEGUI-CON-TETELA-DEL-MONTE-CON-LA-REHABILITACION-DE-LA-CALLE-POPOTLA-2-560x373.jpeg 560w, https:\/\/cuernavaca.gob.mx\/wp-content\/uploads\/2023\/11\/CUMPLE-JOSE-LUIS-URIOSTEGUI-CON-TETELA-DEL-MONTE-CON-LA-REHABILITACION-DE-LA-CALLE-POPOTLA-2.jpeg 1280w\" sizes=\"(max-width: 300px) 100vw, 300px\" \/> <img loading=\"lazy\" class=\"alignnone size-medium wp-image-35331\" src=\"https:\/\/cuernavaca.gob.mx\/wp-content\/uploads\/2023\/11\/CUMPLE-JOSE-LUIS-URIOSTEGUI-CON-TETELA-DEL-MONTE-CON-LA-REHABILITACION-DE-LA-CALLE-POPOTLA-3-300x200.jpeg\" alt=\"\" width=\"300\" height=\"200\" srcset=\"https:\/\/cuernavaca.gob.mx\/wp-content\/uploads\/2023\/11\/CUMPLE-JOSE-LUIS-URIOSTEGUI-CON-TETELA-DEL-MONTE-CON-LA-REHABILITACION-DE-LA-CALLE-POPOTLA-3-300x200.jpeg 300w, https:\/\/cuernavaca.gob.mx\/wp-content\/uploads\/2023\/11\/CUMPLE-JOSE-LUIS-URIOSTEGUI-CON-TETELA-DEL-MONTE-CON-LA-REHABILITACION-DE-LA-CALLE-POPOTLA-3-1024x682.jpeg 1024w, https:\/\/cuernavaca.gob.mx\/wp-content\/uploads\/2023\/11\/CUMPLE-JOSE-LUIS-URIOSTEGUI-CON-TETELA-DEL-MONTE-CON-LA-REHABILITACION-DE-LA-CALLE-POPOTLA-3-768x512.jpeg 768w, https:\/\/cuernavaca.gob.mx\/wp-content\/uploads\/2023\/11\/CUMPLE-JOSE-LUIS-URIOSTEGUI-CON-TETELA-DEL-MONTE-CON-LA-REHABILITACION-DE-LA-CALLE-POPOTLA-3-1536x1023.jpeg 1536w, https:\/\/cuernavaca.gob.mx\/wp-content\/uploads\/2023\/11\/CUMPLE-JOSE-LUIS-URIOSTEGUI-CON-TETELA-DEL-MONTE-CON-LA-REHABILITACION-DE-LA-CALLE-POPOTLA-3-600x400.jpeg 600w, https:\/\/cuernavaca.gob.mx\/wp-content\/uploads\/2023\/11\/CUMPLE-JOSE-LUIS-URIOSTEGUI-CON-TETELA-DEL-MONTE-CON-LA-REHABILITACION-DE-LA-CALLE-POPOTLA-3-560x373.jpeg 560w, https:\/\/cuernavaca.gob.mx\/wp-content\/uploads\/2023\/11\/CUMPLE-JOSE-LUIS-URIOSTEGUI-CON-TETELA-DEL-MONTE-CON-LA-REHABILITACION-DE-LA-CALLE-POPOTLA-3.jpeg 1600w\" sizes=\"(max-width: 300px) 100vw, 300px\" \/> <img loading=\"lazy\" class=\"alignnone size-medium wp-image-35332\" src=\"https:\/\/cuernavaca.gob.mx\/wp-content\/uploads\/2023\/11\/CUMPLE-JOSE-LUIS-URIOSTEGUI-CON-TETELA-DEL-MONTE-CON-LA-REHABILITACION-DE-LA-CALLE-POPOTLA-4-300x200.jpeg\" alt=\"\" width=\"300\" height=\"200\" srcset=\"https:\/\/cuernavaca.gob.mx\/wp-content\/uploads\/2023\/11\/CUMPLE-JOSE-LUIS-URIOSTEGUI-CON-TETELA-DEL-MONTE-CON-LA-REHABILITACION-DE-LA-CALLE-POPOTLA-4-300x200.jpeg 300w, https:\/\/cuernavaca.gob.mx\/wp-content\/uploads\/2023\/11\/CUMPLE-JOSE-LUIS-URIOSTEGUI-CON-TETELA-DEL-MONTE-CON-LA-REHABILITACION-DE-LA-CALLE-POPOTLA-4-1024x682.jpeg 1024w, https:\/\/cuernavaca.gob.mx\/wp-content\/uploads\/2023\/11\/CUMPLE-JOSE-LUIS-URIOSTEGUI-CON-TETELA-DEL-MONTE-CON-LA-REHABILITACION-DE-LA-CALLE-POPOTLA-4-768x512.jpeg 768w, https:\/\/cuernavaca.gob.mx\/wp-content\/uploads\/2023\/11\/CUMPLE-JOSE-LUIS-URIOSTEGUI-CON-TETELA-DEL-MONTE-CON-LA-REHABILITACION-DE-LA-CALLE-POPOTLA-4-1536x1023.jpeg 1536w, https:\/\/cuernavaca.gob.mx\/wp-content\/uploads\/2023\/11\/CUMPLE-JOSE-LUIS-URIOSTEGUI-CON-TETELA-DEL-MONTE-CON-LA-REHABILITACION-DE-LA-CALLE-POPOTLA-4-600x400.jpeg 600w, https:\/\/cuernavaca.gob.mx\/wp-content\/uploads\/2023\/11\/CUMPLE-JOSE-LUIS-URIOSTEGUI-CON-TETELA-DEL-MONTE-CON-LA-REHABILITACION-DE-LA-CALLE-POPOTLA-4-560x373.jpeg 560w, https:\/\/cuernavaca.gob.mx\/wp-content\/uploads\/2023\/11\/CUMPLE-JOSE-LUIS-URIOSTEGUI-CON-TETELA-DEL-MONTE-CON-LA-REHABILITACION-DE-LA-CALLE-POPOTLA-4.jpeg 1600w\" sizes=\"(max-width: 300px) 100vw, 300px\" \/> <img loading=\"lazy\" class=\"alignnone size-medium wp-image-35333\" src=\"https:\/\/cuernavaca.gob.mx\/wp-content\/uploads\/2023\/11\/CUMPLE-JOSE-LUIS-URIOSTEGUI-CON-TETELA-DEL-MONTE-CON-LA-REHABILITACION-DE-LA-CALLE-POPOTLA-5-300x200.jpeg\" alt=\"\" width=\"300\" height=\"200\" srcset=\"https:\/\/cuernavaca.gob.mx\/wp-content\/uploads\/2023\/11\/CUMPLE-JOSE-LUIS-URIOSTEGUI-CON-TETELA-DEL-MONTE-CON-LA-REHABILITACION-DE-LA-CALLE-POPOTLA-5-300x200.jpeg 300w, https:\/\/cuernavaca.gob.mx\/wp-content\/uploads\/2023\/11\/CUMPLE-JOSE-LUIS-URIOSTEGUI-CON-TETELA-DEL-MONTE-CON-LA-REHABILITACION-DE-LA-CALLE-POPOTLA-5-1024x682.jpeg 1024w, https:\/\/cuernavaca.gob.mx\/wp-content\/uploads\/2023\/11\/CUMPLE-JOSE-LUIS-URIOSTEGUI-CON-TETELA-DEL-MONTE-CON-LA-REHABILITACION-DE-LA-CALLE-POPOTLA-5-768x512.jpeg 768w, https:\/\/cuernavaca.gob.mx\/wp-content\/uploads\/2023\/11\/CUMPLE-JOSE-LUIS-URIOSTEGUI-CON-TETELA-DEL-MONTE-CON-LA-REHABILITACION-DE-LA-CALLE-POPOTLA-5-1536x1023.jpeg 1536w, https:\/\/cuernavaca.gob.mx\/wp-content\/uploads\/2023\/11\/CUMPLE-JOSE-LUIS-URIOSTEGUI-CON-TETELA-DEL-MONTE-CON-LA-REHABILITACION-DE-LA-CALLE-POPOTLA-5-600x400.jpeg 600w, https:\/\/cuernavaca.gob.mx\/wp-content\/uploads\/2023\/11\/CUMPLE-JOSE-LUIS-URIOSTEGUI-CON-TETELA-DEL-MONTE-CON-LA-REHABILITACION-DE-LA-CALLE-POPOTLA-5-560x373.jpeg 560w, https:\/\/cuernavaca.gob.mx\/wp-content\/uploads\/2023\/11\/CUMPLE-JOSE-LUIS-URIOSTEGUI-CON-TETELA-DEL-MONTE-CON-LA-REHABILITACION-DE-LA-CALLE-POPOTLA-5.jpeg 1600w\" sizes=\"(max-width: 300px) 100vw, 300px\" \/> <img loading=\"lazy\" class=\"alignnone size-medium wp-image-35334\" src=\"https:\/\/cuernavaca.gob.mx\/wp-content\/uploads\/2023\/11\/CUMPLE-JOSE-LUIS-URIOSTEGUI-CON-TETELA-DEL-MONTE-CON-LA-REHABILITACION-DE-LA-CALLE-POPOTLA-6-300x200.jpeg\" alt=\"\" width=\"300\" height=\"200\" srcset=\"https:\/\/cuernavaca.gob.mx\/wp-content\/uploads\/2023\/11\/CUMPLE-JOSE-LUIS-URIOSTEGUI-CON-TETELA-DEL-MONTE-CON-LA-REHABILITACION-DE-LA-CALLE-POPOTLA-6-300x200.jpeg 300w, https:\/\/cuernavaca.gob.mx\/wp-content\/uploads\/2023\/11\/CUMPLE-JOSE-LUIS-URIOSTEGUI-CON-TETELA-DEL-MONTE-CON-LA-REHABILITACION-DE-LA-CALLE-POPOTLA-6-1024x682.jpeg 1024w, https:\/\/cuernavaca.gob.mx\/wp-content\/uploads\/2023\/11\/CUMPLE-JOSE-LUIS-URIOSTEGUI-CON-TETELA-DEL-MONTE-CON-LA-REHABILITACION-DE-LA-CALLE-POPOTLA-6-768x512.jpeg 768w, https:\/\/cuernavaca.gob.mx\/wp-content\/uploads\/2023\/11\/CUMPLE-JOSE-LUIS-URIOSTEGUI-CON-TETELA-DEL-MONTE-CON-LA-REHABILITACION-DE-LA-CALLE-POPOTLA-6-1536x1023.jpeg 1536w, https:\/\/cuernavaca.gob.mx\/wp-content\/uploads\/2023\/11\/CUMPLE-JOSE-LUIS-URIOSTEGUI-CON-TETELA-DEL-MONTE-CON-LA-REHABILITACION-DE-LA-CALLE-POPOTLA-6-600x400.jpeg 600w, https:\/\/cuernavaca.gob.mx\/wp-content\/uploads\/2023\/11\/CUMPLE-JOSE-LUIS-URIOSTEGUI-CON-TETELA-DEL-MONTE-CON-LA-REHABILITACION-DE-LA-CALLE-POPOTLA-6-560x373.jpeg 560w, https:\/\/cuernavaca.gob.mx\/wp-content\/uploads\/2023\/11\/CUMPLE-JOSE-LUIS-URIOSTEGUI-CON-TETELA-DEL-MONTE-CON-LA-REHABILITACION-DE-LA-CALLE-POPOTLA-6.jpeg 1600w\" sizes=\"(max-width: 300px) 100vw, 300px\" \/> <img loading=\"lazy\" class=\"alignnone size-medium wp-image-35335\" src=\"https:\/\/cuernavaca.gob.mx\/wp-content\/uploads\/2023\/11\/CUMPLE-JOSE-LUIS-URIOSTEGUI-CON-TETELA-DEL-MONTE-CON-LA-REHABILITACION-DE-LA-CALLE-POPOTLA-7-300x200.jpeg\" alt=\"\" width=\"300\" height=\"200\" srcset=\"https:\/\/cuernavaca.gob.mx\/wp-content\/uploads\/2023\/11\/CUMPLE-JOSE-LUIS-URIOSTEGUI-CON-TETELA-DEL-MONTE-CON-LA-REHABILITACION-DE-LA-CALLE-POPOTLA-7-300x200.jpeg 300w, https:\/\/cuernavaca.gob.mx\/wp-content\/uploads\/2023\/11\/CUMPLE-JOSE-LUIS-URIOSTEGUI-CON-TETELA-DEL-MONTE-CON-LA-REHABILITACION-DE-LA-CALLE-POPOTLA-7-1024x682.jpeg 1024w, https:\/\/cuernavaca.gob.mx\/wp-content\/uploads\/2023\/11\/CUMPLE-JOSE-LUIS-URIOSTEGUI-CON-TETELA-DEL-MONTE-CON-LA-REHABILITACION-DE-LA-CALLE-POPOTLA-7-768x512.jpeg 768w, https:\/\/cuernavaca.gob.mx\/wp-content\/uploads\/2023\/11\/CUMPLE-JOSE-LUIS-URIOSTEGUI-CON-TETELA-DEL-MONTE-CON-LA-REHABILITACION-DE-LA-CALLE-POPOTLA-7-1536x1023.jpeg 1536w, https:\/\/cuernavaca.gob.mx\/wp-content\/uploads\/2023\/11\/CUMPLE-JOSE-LUIS-URIOSTEGUI-CON-TETELA-DEL-MONTE-CON-LA-REHABILITACION-DE-LA-CALLE-POPOTLA-7-600x400.jpeg 600w, https:\/\/cuernavaca.gob.mx\/wp-content\/uploads\/2023\/11\/CUMPLE-JOSE-LUIS-URIOSTEGUI-CON-TETELA-DEL-MONTE-CON-LA-REHABILITACION-DE-LA-CALLE-POPOTLA-7-560x373.jpeg 560w, https:\/\/cuernavaca.gob.mx\/wp-content\/uploads\/2023\/11\/CUMPLE-JOSE-LUIS-URIOSTEGUI-CON-TETELA-DEL-MONTE-CON-LA-REHABILITACION-DE-LA-CALLE-POPOTLA-7.jpeg 1600w\" sizes=\"(max-width: 300px) 100vw, 300px\" \/> <img loading=\"lazy\" class=\"alignnone size-medium wp-image-35336\" src=\"https:\/\/cuernavaca.gob.mx\/wp-content\/uploads\/2023\/11\/CUMPLE-JOSE-LUIS-URIOSTEGUI-CON-TETELA-DEL-MONTE-CON-LA-REHABILITACION-DE-LA-CALLE-POPOTLA-8-300x200.jpeg\" alt=\"\" width=\"300\" height=\"200\" srcset=\"https:\/\/cuernavaca.gob.mx\/wp-content\/uploads\/2023\/11\/CUMPLE-JOSE-LUIS-URIOSTEGUI-CON-TETELA-DEL-MONTE-CON-LA-REHABILITACION-DE-LA-CALLE-POPOTLA-8-300x200.jpeg 300w, https:\/\/cuernavaca.gob.mx\/wp-content\/uploads\/2023\/11\/CUMPLE-JOSE-LUIS-URIOSTEGUI-CON-TETELA-DEL-MONTE-CON-LA-REHABILITACION-DE-LA-CALLE-POPOTLA-8-1024x682.jpeg 1024w, https:\/\/cuernavaca.gob.mx\/wp-content\/uploads\/2023\/11\/CUMPLE-JOSE-LUIS-URIOSTEGUI-CON-TETELA-DEL-MONTE-CON-LA-REHABILITACION-DE-LA-CALLE-POPOTLA-8-768x512.jpeg 768w, https:\/\/cuernavaca.gob.mx\/wp-content\/uploads\/2023\/11\/CUMPLE-JOSE-LUIS-URIOSTEGUI-CON-TETELA-DEL-MONTE-CON-LA-REHABILITACION-DE-LA-CALLE-POPOTLA-8-1536x1023.jpeg 1536w, https:\/\/cuernavaca.gob.mx\/wp-content\/uploads\/2023\/11\/CUMPLE-JOSE-LUIS-URIOSTEGUI-CON-TETELA-DEL-MONTE-CON-LA-REHABILITACION-DE-LA-CALLE-POPOTLA-8-600x400.jpeg 600w, https:\/\/cuernavaca.gob.mx\/wp-content\/uploads\/2023\/11\/CUMPLE-JOSE-LUIS-URIOSTEGUI-CON-TETELA-DEL-MONTE-CON-LA-REHABILITACION-DE-LA-CALLE-POPOTLA-8-560x373.jpeg 560w, https:\/\/cuernavaca.gob.mx\/wp-content\/uploads\/2023\/11\/CUMPLE-JOSE-LUIS-URIOSTEGUI-CON-TETELA-DEL-MONTE-CON-LA-REHABILITACION-DE-LA-CALLE-POPOTLA-8.jpeg 1600w\" sizes=\"(max-width: 300px) 100vw, 300px\" \/><\/div>\n","protected":false},"excerpt":{"rendered":"<p>\u2022 Con una inversi\u00f3n de un mill\u00f3n 795 mil 453.09 pesos provenientes del FAISMUN, el Gobierno Municipal concluy\u00f3 la segunda etapa de intervenci\u00f3n de esta importante vialidad del pueblo productor de ornamentales \u00a0 \u2022 Se realizaron trabajos de revestimiento de pavimento asf\u00e1ltico que beneficia a 380 habitantes directos y m\u00e1s de cinco mil 800 indirectos [&hellip;]<\/p>\n","protected":false},"author":1,"featured_media":35333,"comment_status":"closed","ping_status":"open","sticky":false,"template":"","format":"standard","meta":[],"categories":[18],"tags":[1610,121,515,120,206,232,358,127,342],"aioseo_notices":[],"_links":{"self":[{"href":"https:\/\/cuernavaca.gob.mx\/index.php?rest_route=\/wp\/v2\/posts\/35328"}],"collection":[{"href":"https:\/\/cuernavaca.gob.mx\/index.php?rest_route=\/wp\/v2\/posts"}],"about":[{"href":"https:\/\/cuernavaca.gob.mx\/index.php?rest_route=\/wp\/v2\/types\/post"}],"author":[{"embeddable":true,"href":"https:\/\/cuernavaca.gob.mx\/index.php?rest_route=\/wp\/v2\/users\/1"}],"replies":[{"embeddable":true,"href":"https:\/\/cuernavaca.gob.mx\/index.php?rest_route=%2Fwp%2Fv2%2Fcomments&post=35328"}],"version-history":[{"count":1,"href":"https:\/\/cuernavaca.gob.mx\/index.php?rest_route=\/wp\/v2\/posts\/35328\/revisions"}],"predecessor-version":[{"id":35337,"href":"https:\/\/cuernavaca.gob.mx\/index.php?rest_route=\/wp\/v2\/posts\/35328\/revisions\/35337"}],"wp:featuredmedia":[{"embeddable":true,"href":"https:\/\/cuernavaca.gob.mx\/index.php?rest_route=\/wp\/v2\/media\/35333"}],"wp:attachment":[{"href":"https:\/\/cuernavaca.gob.mx\/index.php?rest_route=%2Fwp%2Fv2%2Fmedia&parent=35328"}],"wp:term":[{"taxonomy":"category","embeddable":true,"href":"https:\/\/cuernavaca.gob.mx\/index.php?rest_route=%2Fwp%2Fv2%2Fcategories&post=35328"},{"taxonomy":"post_tag","embeddable":true,"href":"https:\/\/cuernavaca.gob.mx\/index.php?rest_route=%2Fwp%2Fv2%2Ftags&post=35328"}],"curies":[{"name":"wp","href":"https:\/\/api.w.org\/{rel}","templated":true}]}}