{"id":35338,"date":"2023-11-26T14:45:31","date_gmt":"2023-11-26T20:45:31","guid":{"rendered":"https:\/\/cuernavaca.gob.mx\/?p=35338"},"modified":"2023-11-26T15:19:28","modified_gmt":"2023-11-26T21:19:28","slug":"b1431-26-11-26-potencializa-el-ayuntamiento-de-cuernavaca-redes-de-apoyo-para-jefas-de-familia","status":"publish","type":"post","link":"https:\/\/cuernavaca.gob.mx\/?p=35338","title":{"rendered":"B1431 26\/11\/26 POTENCIALIZA EL AYUNTAMIENTO DE CUERNAVACA REDES DE APOYO PARA JEFAS DE FAMILIA\u00a0"},"content":{"rendered":"<div><strong>\u2022 La Secretar\u00eda de Desarrollo Humano y Participaci\u00f3n Social coordina este programa que brinda herramientas para que mujeres cabeza de familia construir su propio plan de vida y sean un pilar fuerte en sus familias<\/strong><\/div>\n<div><\/div>\n<div><strong>\u2022 A la fecha el programa tiene presencia en ocho colonias a trav\u00e9s de los Centros de Desarrollo Comunitarios, contando con la participaci\u00f3n de 200 mujeres \u00a0<\/strong><\/div>\n<div><\/div>\n<div>Para construir ciudades y familias m\u00e1s fuertes, el Ayuntamiento de Cuernavaca, a trav\u00e9s de la Secretar\u00eda de Desarrollo Humano y Participaci\u00f3n Social, est\u00e1 generando acciones para que las mujeres jefas de familia salgan adelante, proporcionando herramientas y redes de apoyo necesarios para que puedan construir su propio plan de vida y sigan siendo un pilar fuerte en la reconstrucci\u00f3n del tejido social, tal y como lo instruy\u00f3 el presidente municipal Jos\u00e9 Luis Uri\u00f3stegui Salgado.<\/div>\n<div><\/div>\n<div>Esto se ha logrado a trav\u00e9s del programa Jefas de Familia que est\u00e1 activo en ocho colonias de la ciudad en los Centros de Desarrollo Comunitarios y donde se cuenta con la participaci\u00f3n de 200 mujeres, quienes no solo aprenden oficios para el autoempleo, sino tambi\u00e9n tienen la oportunidad de conocer m\u00e1s sobre educaci\u00f3n financiera, nutrici\u00f3n y pl\u00e1ticas relacionadas a la autoestima, inteligencia emocional, crianza positiva y apego seguro, lo cual les permite desarrollarse como personas, al reconocer que las mujeres jefas de familia son las cabezas de las familias.<\/div>\n<div><\/div>\n<div>La secretaria de Desarrollo Humano y Participaci\u00f3n Social, Laura Hern\u00e1ndez Cruz, puntualiz\u00f3 que adem\u00e1s de darles las herramientas para que puedan generar un ingreso propio se ocupan de crear redes de apoyo con sus propias vecinas y compa\u00f1eras, as\u00ed como con todas las instituciones que colaboran en el programa y con las mismas encargadas de los Centros de Desarrollo Comunitario que lo llevan a cabo.<\/div>\n<div><\/div>\n<div>Aunado a ello, la Secretar\u00eda de Desarrollo Humano y Participaci\u00f3n Social se ha encargado de establecer una coordinaci\u00f3n alrededor de la colonia donde se sit\u00faan estos centros para que las mujeres cuentan con espacios donde vender los productos que elaboran.<\/div>\n<div><\/div>\n<div>Laura Hern\u00e1ndez precis\u00f3 que este programa naci\u00f3 bajo los principios y ejes transversales del Plan Municipal de Desarrollo, como son la perspectiva de familia y la perspectiva de g\u00e9nero, contando con el apoyo de la Direcci\u00f3n de Salud y Educaci\u00f3n para los talleres de nutrici\u00f3n, de asociaciones de psic\u00f3logos que dan el acompa\u00f1amiento en salud mental, de la Condusef que brinda las pl\u00e1ticas de educaci\u00f3n financiera y de diversos talleristas que se encargan de los talleres de tecnolog\u00edas dom\u00e9sticas, entre otros.<\/div>\n<div><\/div>\n<div>El programa de Jefas de Familia continuar\u00e1 lo que resta del a\u00f1o y tendr\u00e1 su seguimiento el siguiente, haciendo una extensiva invitaci\u00f3n a las mujeres interesadas en participar.<\/div>\n<div><\/div>\n<div><img loading=\"lazy\" class=\"alignnone size-medium wp-image-35339\" src=\"https:\/\/cuernavaca.gob.mx\/wp-content\/uploads\/2023\/11\/POTENCIALIZA-EL-AYUNTAMIENTO-DE-CUERNAVACA-REDES-DE-APOYO-PARA-JEFAS-DE-FAMILIA-1-300x200.jpeg\" alt=\"\" width=\"300\" height=\"200\" srcset=\"https:\/\/cuernavaca.gob.mx\/wp-content\/uploads\/2023\/11\/POTENCIALIZA-EL-AYUNTAMIENTO-DE-CUERNAVACA-REDES-DE-APOYO-PARA-JEFAS-DE-FAMILIA-1-300x200.jpeg 300w, https:\/\/cuernavaca.gob.mx\/wp-content\/uploads\/2023\/11\/POTENCIALIZA-EL-AYUNTAMIENTO-DE-CUERNAVACA-REDES-DE-APOYO-PARA-JEFAS-DE-FAMILIA-1-1024x682.jpeg 1024w, https:\/\/cuernavaca.gob.mx\/wp-content\/uploads\/2023\/11\/POTENCIALIZA-EL-AYUNTAMIENTO-DE-CUERNAVACA-REDES-DE-APOYO-PARA-JEFAS-DE-FAMILIA-1-768x512.jpeg 768w, https:\/\/cuernavaca.gob.mx\/wp-content\/uploads\/2023\/11\/POTENCIALIZA-EL-AYUNTAMIENTO-DE-CUERNAVACA-REDES-DE-APOYO-PARA-JEFAS-DE-FAMILIA-1-1536x1023.jpeg 1536w, https:\/\/cuernavaca.gob.mx\/wp-content\/uploads\/2023\/11\/POTENCIALIZA-EL-AYUNTAMIENTO-DE-CUERNAVACA-REDES-DE-APOYO-PARA-JEFAS-DE-FAMILIA-1-600x400.jpeg 600w, https:\/\/cuernavaca.gob.mx\/wp-content\/uploads\/2023\/11\/POTENCIALIZA-EL-AYUNTAMIENTO-DE-CUERNAVACA-REDES-DE-APOYO-PARA-JEFAS-DE-FAMILIA-1-560x373.jpeg 560w, https:\/\/cuernavaca.gob.mx\/wp-content\/uploads\/2023\/11\/POTENCIALIZA-EL-AYUNTAMIENTO-DE-CUERNAVACA-REDES-DE-APOYO-PARA-JEFAS-DE-FAMILIA-1.jpeg 1600w\" sizes=\"(max-width: 300px) 100vw, 300px\" \/> <img loading=\"lazy\" class=\"alignnone size-medium wp-image-35340\" src=\"https:\/\/cuernavaca.gob.mx\/wp-content\/uploads\/2023\/11\/POTENCIALIZA-EL-AYUNTAMIENTO-DE-CUERNAVACA-REDES-DE-APOYO-PARA-JEFAS-DE-FAMILIA-2-300x200.jpeg\" alt=\"\" width=\"300\" height=\"200\" srcset=\"https:\/\/cuernavaca.gob.mx\/wp-content\/uploads\/2023\/11\/POTENCIALIZA-EL-AYUNTAMIENTO-DE-CUERNAVACA-REDES-DE-APOYO-PARA-JEFAS-DE-FAMILIA-2-300x200.jpeg 300w, https:\/\/cuernavaca.gob.mx\/wp-content\/uploads\/2023\/11\/POTENCIALIZA-EL-AYUNTAMIENTO-DE-CUERNAVACA-REDES-DE-APOYO-PARA-JEFAS-DE-FAMILIA-2-1024x682.jpeg 1024w, https:\/\/cuernavaca.gob.mx\/wp-content\/uploads\/2023\/11\/POTENCIALIZA-EL-AYUNTAMIENTO-DE-CUERNAVACA-REDES-DE-APOYO-PARA-JEFAS-DE-FAMILIA-2-768x512.jpeg 768w, https:\/\/cuernavaca.gob.mx\/wp-content\/uploads\/2023\/11\/POTENCIALIZA-EL-AYUNTAMIENTO-DE-CUERNAVACA-REDES-DE-APOYO-PARA-JEFAS-DE-FAMILIA-2-1536x1023.jpeg 1536w, https:\/\/cuernavaca.gob.mx\/wp-content\/uploads\/2023\/11\/POTENCIALIZA-EL-AYUNTAMIENTO-DE-CUERNAVACA-REDES-DE-APOYO-PARA-JEFAS-DE-FAMILIA-2-600x400.jpeg 600w, https:\/\/cuernavaca.gob.mx\/wp-content\/uploads\/2023\/11\/POTENCIALIZA-EL-AYUNTAMIENTO-DE-CUERNAVACA-REDES-DE-APOYO-PARA-JEFAS-DE-FAMILIA-2-560x373.jpeg 560w, https:\/\/cuernavaca.gob.mx\/wp-content\/uploads\/2023\/11\/POTENCIALIZA-EL-AYUNTAMIENTO-DE-CUERNAVACA-REDES-DE-APOYO-PARA-JEFAS-DE-FAMILIA-2.jpeg 1600w\" sizes=\"(max-width: 300px) 100vw, 300px\" \/> <img loading=\"lazy\" class=\"alignnone size-medium wp-image-35341\" src=\"https:\/\/cuernavaca.gob.mx\/wp-content\/uploads\/2023\/11\/POTENCIALIZA-EL-AYUNTAMIENTO-DE-CUERNAVACA-REDES-DE-APOYO-PARA-JEFAS-DE-FAMILIA-3-300x200.jpeg\" alt=\"\" width=\"300\" height=\"200\" srcset=\"https:\/\/cuernavaca.gob.mx\/wp-content\/uploads\/2023\/11\/POTENCIALIZA-EL-AYUNTAMIENTO-DE-CUERNAVACA-REDES-DE-APOYO-PARA-JEFAS-DE-FAMILIA-3-300x200.jpeg 300w, https:\/\/cuernavaca.gob.mx\/wp-content\/uploads\/2023\/11\/POTENCIALIZA-EL-AYUNTAMIENTO-DE-CUERNAVACA-REDES-DE-APOYO-PARA-JEFAS-DE-FAMILIA-3-1024x682.jpeg 1024w, https:\/\/cuernavaca.gob.mx\/wp-content\/uploads\/2023\/11\/POTENCIALIZA-EL-AYUNTAMIENTO-DE-CUERNAVACA-REDES-DE-APOYO-PARA-JEFAS-DE-FAMILIA-3-768x512.jpeg 768w, https:\/\/cuernavaca.gob.mx\/wp-content\/uploads\/2023\/11\/POTENCIALIZA-EL-AYUNTAMIENTO-DE-CUERNAVACA-REDES-DE-APOYO-PARA-JEFAS-DE-FAMILIA-3-1536x1023.jpeg 1536w, https:\/\/cuernavaca.gob.mx\/wp-content\/uploads\/2023\/11\/POTENCIALIZA-EL-AYUNTAMIENTO-DE-CUERNAVACA-REDES-DE-APOYO-PARA-JEFAS-DE-FAMILIA-3-600x400.jpeg 600w, https:\/\/cuernavaca.gob.mx\/wp-content\/uploads\/2023\/11\/POTENCIALIZA-EL-AYUNTAMIENTO-DE-CUERNAVACA-REDES-DE-APOYO-PARA-JEFAS-DE-FAMILIA-3-560x373.jpeg 560w, https:\/\/cuernavaca.gob.mx\/wp-content\/uploads\/2023\/11\/POTENCIALIZA-EL-AYUNTAMIENTO-DE-CUERNAVACA-REDES-DE-APOYO-PARA-JEFAS-DE-FAMILIA-3.jpeg 1600w\" sizes=\"(max-width: 300px) 100vw, 300px\" \/> <img loading=\"lazy\" class=\"alignnone size-medium wp-image-35342\" src=\"https:\/\/cuernavaca.gob.mx\/wp-content\/uploads\/2023\/11\/POTENCIALIZA-EL-AYUNTAMIENTO-DE-CUERNAVACA-REDES-DE-APOYO-PARA-JEFAS-DE-FAMILIA-4-300x200.jpeg\" alt=\"\" width=\"300\" height=\"200\" srcset=\"https:\/\/cuernavaca.gob.mx\/wp-content\/uploads\/2023\/11\/POTENCIALIZA-EL-AYUNTAMIENTO-DE-CUERNAVACA-REDES-DE-APOYO-PARA-JEFAS-DE-FAMILIA-4-300x200.jpeg 300w, https:\/\/cuernavaca.gob.mx\/wp-content\/uploads\/2023\/11\/POTENCIALIZA-EL-AYUNTAMIENTO-DE-CUERNAVACA-REDES-DE-APOYO-PARA-JEFAS-DE-FAMILIA-4-1024x682.jpeg 1024w, https:\/\/cuernavaca.gob.mx\/wp-content\/uploads\/2023\/11\/POTENCIALIZA-EL-AYUNTAMIENTO-DE-CUERNAVACA-REDES-DE-APOYO-PARA-JEFAS-DE-FAMILIA-4-768x512.jpeg 768w, https:\/\/cuernavaca.gob.mx\/wp-content\/uploads\/2023\/11\/POTENCIALIZA-EL-AYUNTAMIENTO-DE-CUERNAVACA-REDES-DE-APOYO-PARA-JEFAS-DE-FAMILIA-4-1536x1023.jpeg 1536w, https:\/\/cuernavaca.gob.mx\/wp-content\/uploads\/2023\/11\/POTENCIALIZA-EL-AYUNTAMIENTO-DE-CUERNAVACA-REDES-DE-APOYO-PARA-JEFAS-DE-FAMILIA-4-600x400.jpeg 600w, https:\/\/cuernavaca.gob.mx\/wp-content\/uploads\/2023\/11\/POTENCIALIZA-EL-AYUNTAMIENTO-DE-CUERNAVACA-REDES-DE-APOYO-PARA-JEFAS-DE-FAMILIA-4-560x373.jpeg 560w, https:\/\/cuernavaca.gob.mx\/wp-content\/uploads\/2023\/11\/POTENCIALIZA-EL-AYUNTAMIENTO-DE-CUERNAVACA-REDES-DE-APOYO-PARA-JEFAS-DE-FAMILIA-4.jpeg 1600w\" sizes=\"(max-width: 300px) 100vw, 300px\" \/> <img loading=\"lazy\" class=\"alignnone size-medium wp-image-35343\" src=\"https:\/\/cuernavaca.gob.mx\/wp-content\/uploads\/2023\/11\/POTENCIALIZA-EL-AYUNTAMIENTO-DE-CUERNAVACA-REDES-DE-APOYO-PARA-JEFAS-DE-FAMILIA-5-300x200.jpeg\" alt=\"\" width=\"300\" height=\"200\" srcset=\"https:\/\/cuernavaca.gob.mx\/wp-content\/uploads\/2023\/11\/POTENCIALIZA-EL-AYUNTAMIENTO-DE-CUERNAVACA-REDES-DE-APOYO-PARA-JEFAS-DE-FAMILIA-5-300x200.jpeg 300w, https:\/\/cuernavaca.gob.mx\/wp-content\/uploads\/2023\/11\/POTENCIALIZA-EL-AYUNTAMIENTO-DE-CUERNAVACA-REDES-DE-APOYO-PARA-JEFAS-DE-FAMILIA-5-1024x682.jpeg 1024w, https:\/\/cuernavaca.gob.mx\/wp-content\/uploads\/2023\/11\/POTENCIALIZA-EL-AYUNTAMIENTO-DE-CUERNAVACA-REDES-DE-APOYO-PARA-JEFAS-DE-FAMILIA-5-768x512.jpeg 768w, https:\/\/cuernavaca.gob.mx\/wp-content\/uploads\/2023\/11\/POTENCIALIZA-EL-AYUNTAMIENTO-DE-CUERNAVACA-REDES-DE-APOYO-PARA-JEFAS-DE-FAMILIA-5-1536x1023.jpeg 1536w, https:\/\/cuernavaca.gob.mx\/wp-content\/uploads\/2023\/11\/POTENCIALIZA-EL-AYUNTAMIENTO-DE-CUERNAVACA-REDES-DE-APOYO-PARA-JEFAS-DE-FAMILIA-5-600x400.jpeg 600w, https:\/\/cuernavaca.gob.mx\/wp-content\/uploads\/2023\/11\/POTENCIALIZA-EL-AYUNTAMIENTO-DE-CUERNAVACA-REDES-DE-APOYO-PARA-JEFAS-DE-FAMILIA-5-560x373.jpeg 560w, https:\/\/cuernavaca.gob.mx\/wp-content\/uploads\/2023\/11\/POTENCIALIZA-EL-AYUNTAMIENTO-DE-CUERNAVACA-REDES-DE-APOYO-PARA-JEFAS-DE-FAMILIA-5.jpeg 1600w\" sizes=\"(max-width: 300px) 100vw, 300px\" \/> <img loading=\"lazy\" class=\"alignnone size-medium wp-image-35344\" src=\"https:\/\/cuernavaca.gob.mx\/wp-content\/uploads\/2023\/11\/POTENCIALIZA-EL-AYUNTAMIENTO-DE-CUERNAVACA-REDES-DE-APOYO-PARA-JEFAS-DE-FAMILIA-6-300x200.jpeg\" alt=\"\" width=\"300\" height=\"200\" srcset=\"https:\/\/cuernavaca.gob.mx\/wp-content\/uploads\/2023\/11\/POTENCIALIZA-EL-AYUNTAMIENTO-DE-CUERNAVACA-REDES-DE-APOYO-PARA-JEFAS-DE-FAMILIA-6-300x200.jpeg 300w, https:\/\/cuernavaca.gob.mx\/wp-content\/uploads\/2023\/11\/POTENCIALIZA-EL-AYUNTAMIENTO-DE-CUERNAVACA-REDES-DE-APOYO-PARA-JEFAS-DE-FAMILIA-6-1024x682.jpeg 1024w, https:\/\/cuernavaca.gob.mx\/wp-content\/uploads\/2023\/11\/POTENCIALIZA-EL-AYUNTAMIENTO-DE-CUERNAVACA-REDES-DE-APOYO-PARA-JEFAS-DE-FAMILIA-6-768x512.jpeg 768w, https:\/\/cuernavaca.gob.mx\/wp-content\/uploads\/2023\/11\/POTENCIALIZA-EL-AYUNTAMIENTO-DE-CUERNAVACA-REDES-DE-APOYO-PARA-JEFAS-DE-FAMILIA-6-1536x1023.jpeg 1536w, https:\/\/cuernavaca.gob.mx\/wp-content\/uploads\/2023\/11\/POTENCIALIZA-EL-AYUNTAMIENTO-DE-CUERNAVACA-REDES-DE-APOYO-PARA-JEFAS-DE-FAMILIA-6-600x400.jpeg 600w, https:\/\/cuernavaca.gob.mx\/wp-content\/uploads\/2023\/11\/POTENCIALIZA-EL-AYUNTAMIENTO-DE-CUERNAVACA-REDES-DE-APOYO-PARA-JEFAS-DE-FAMILIA-6-560x373.jpeg 560w, https:\/\/cuernavaca.gob.mx\/wp-content\/uploads\/2023\/11\/POTENCIALIZA-EL-AYUNTAMIENTO-DE-CUERNAVACA-REDES-DE-APOYO-PARA-JEFAS-DE-FAMILIA-6.jpeg 1600w\" sizes=\"(max-width: 300px) 100vw, 300px\" \/> <img loading=\"lazy\" class=\"alignnone size-medium wp-image-35345\" src=\"https:\/\/cuernavaca.gob.mx\/wp-content\/uploads\/2023\/11\/POTENCIALIZA-EL-AYUNTAMIENTO-DE-CUERNAVACA-REDES-DE-APOYO-PARA-JEFAS-DE-FAMILIA-7-300x200.jpeg\" alt=\"\" width=\"300\" height=\"200\" srcset=\"https:\/\/cuernavaca.gob.mx\/wp-content\/uploads\/2023\/11\/POTENCIALIZA-EL-AYUNTAMIENTO-DE-CUERNAVACA-REDES-DE-APOYO-PARA-JEFAS-DE-FAMILIA-7-300x200.jpeg 300w, https:\/\/cuernavaca.gob.mx\/wp-content\/uploads\/2023\/11\/POTENCIALIZA-EL-AYUNTAMIENTO-DE-CUERNAVACA-REDES-DE-APOYO-PARA-JEFAS-DE-FAMILIA-7-1024x682.jpeg 1024w, https:\/\/cuernavaca.gob.mx\/wp-content\/uploads\/2023\/11\/POTENCIALIZA-EL-AYUNTAMIENTO-DE-CUERNAVACA-REDES-DE-APOYO-PARA-JEFAS-DE-FAMILIA-7-768x512.jpeg 768w, https:\/\/cuernavaca.gob.mx\/wp-content\/uploads\/2023\/11\/POTENCIALIZA-EL-AYUNTAMIENTO-DE-CUERNAVACA-REDES-DE-APOYO-PARA-JEFAS-DE-FAMILIA-7-1536x1023.jpeg 1536w, https:\/\/cuernavaca.gob.mx\/wp-content\/uploads\/2023\/11\/POTENCIALIZA-EL-AYUNTAMIENTO-DE-CUERNAVACA-REDES-DE-APOYO-PARA-JEFAS-DE-FAMILIA-7-600x400.jpeg 600w, https:\/\/cuernavaca.gob.mx\/wp-content\/uploads\/2023\/11\/POTENCIALIZA-EL-AYUNTAMIENTO-DE-CUERNAVACA-REDES-DE-APOYO-PARA-JEFAS-DE-FAMILIA-7-560x373.jpeg 560w, https:\/\/cuernavaca.gob.mx\/wp-content\/uploads\/2023\/11\/POTENCIALIZA-EL-AYUNTAMIENTO-DE-CUERNAVACA-REDES-DE-APOYO-PARA-JEFAS-DE-FAMILIA-7.jpeg 1600w\" sizes=\"(max-width: 300px) 100vw, 300px\" \/> <img loading=\"lazy\" class=\"alignnone size-medium wp-image-35346\" src=\"https:\/\/cuernavaca.gob.mx\/wp-content\/uploads\/2023\/11\/POTENCIALIZA-EL-AYUNTAMIENTO-DE-CUERNAVACA-REDES-DE-APOYO-PARA-JEFAS-DE-FAMILIA-8-300x200.jpeg\" alt=\"\" width=\"300\" height=\"200\" srcset=\"https:\/\/cuernavaca.gob.mx\/wp-content\/uploads\/2023\/11\/POTENCIALIZA-EL-AYUNTAMIENTO-DE-CUERNAVACA-REDES-DE-APOYO-PARA-JEFAS-DE-FAMILIA-8-300x200.jpeg 300w, https:\/\/cuernavaca.gob.mx\/wp-content\/uploads\/2023\/11\/POTENCIALIZA-EL-AYUNTAMIENTO-DE-CUERNAVACA-REDES-DE-APOYO-PARA-JEFAS-DE-FAMILIA-8-1024x682.jpeg 1024w, https:\/\/cuernavaca.gob.mx\/wp-content\/uploads\/2023\/11\/POTENCIALIZA-EL-AYUNTAMIENTO-DE-CUERNAVACA-REDES-DE-APOYO-PARA-JEFAS-DE-FAMILIA-8-768x512.jpeg 768w, https:\/\/cuernavaca.gob.mx\/wp-content\/uploads\/2023\/11\/POTENCIALIZA-EL-AYUNTAMIENTO-DE-CUERNAVACA-REDES-DE-APOYO-PARA-JEFAS-DE-FAMILIA-8-1536x1023.jpeg 1536w, https:\/\/cuernavaca.gob.mx\/wp-content\/uploads\/2023\/11\/POTENCIALIZA-EL-AYUNTAMIENTO-DE-CUERNAVACA-REDES-DE-APOYO-PARA-JEFAS-DE-FAMILIA-8-600x400.jpeg 600w, https:\/\/cuernavaca.gob.mx\/wp-content\/uploads\/2023\/11\/POTENCIALIZA-EL-AYUNTAMIENTO-DE-CUERNAVACA-REDES-DE-APOYO-PARA-JEFAS-DE-FAMILIA-8-560x373.jpeg 560w, https:\/\/cuernavaca.gob.mx\/wp-content\/uploads\/2023\/11\/POTENCIALIZA-EL-AYUNTAMIENTO-DE-CUERNAVACA-REDES-DE-APOYO-PARA-JEFAS-DE-FAMILIA-8.jpeg 1600w\" sizes=\"(max-width: 300px) 100vw, 300px\" \/> <img loading=\"lazy\" class=\"alignnone size-medium wp-image-35347\" src=\"https:\/\/cuernavaca.gob.mx\/wp-content\/uploads\/2023\/11\/POTENCIALIZA-EL-AYUNTAMIENTO-DE-CUERNAVACA-REDES-DE-APOYO-PARA-JEFAS-DE-FAMILIA-9-300x200.jpeg\" alt=\"\" width=\"300\" height=\"200\" srcset=\"https:\/\/cuernavaca.gob.mx\/wp-content\/uploads\/2023\/11\/POTENCIALIZA-EL-AYUNTAMIENTO-DE-CUERNAVACA-REDES-DE-APOYO-PARA-JEFAS-DE-FAMILIA-9-300x200.jpeg 300w, https:\/\/cuernavaca.gob.mx\/wp-content\/uploads\/2023\/11\/POTENCIALIZA-EL-AYUNTAMIENTO-DE-CUERNAVACA-REDES-DE-APOYO-PARA-JEFAS-DE-FAMILIA-9-1024x682.jpeg 1024w, https:\/\/cuernavaca.gob.mx\/wp-content\/uploads\/2023\/11\/POTENCIALIZA-EL-AYUNTAMIENTO-DE-CUERNAVACA-REDES-DE-APOYO-PARA-JEFAS-DE-FAMILIA-9-768x512.jpeg 768w, https:\/\/cuernavaca.gob.mx\/wp-content\/uploads\/2023\/11\/POTENCIALIZA-EL-AYUNTAMIENTO-DE-CUERNAVACA-REDES-DE-APOYO-PARA-JEFAS-DE-FAMILIA-9-1536x1023.jpeg 1536w, https:\/\/cuernavaca.gob.mx\/wp-content\/uploads\/2023\/11\/POTENCIALIZA-EL-AYUNTAMIENTO-DE-CUERNAVACA-REDES-DE-APOYO-PARA-JEFAS-DE-FAMILIA-9-600x400.jpeg 600w, https:\/\/cuernavaca.gob.mx\/wp-content\/uploads\/2023\/11\/POTENCIALIZA-EL-AYUNTAMIENTO-DE-CUERNAVACA-REDES-DE-APOYO-PARA-JEFAS-DE-FAMILIA-9-560x373.jpeg 560w, https:\/\/cuernavaca.gob.mx\/wp-content\/uploads\/2023\/11\/POTENCIALIZA-EL-AYUNTAMIENTO-DE-CUERNAVACA-REDES-DE-APOYO-PARA-JEFAS-DE-FAMILIA-9.jpeg 1600w\" sizes=\"(max-width: 300px) 100vw, 300px\" \/><\/div>\n","protected":false},"excerpt":{"rendered":"<p>\u2022 La Secretar\u00eda de Desarrollo Humano y Participaci\u00f3n Social coordina este programa que brinda herramientas para que mujeres cabeza de familia construir su propio plan de vida y sean un pilar fuerte en sus familias \u2022 A la fecha el programa tiene presencia en ocho colonias a trav\u00e9s de los Centros de Desarrollo Comunitarios, contando [&hellip;]<\/p>\n","protected":false},"author":1,"featured_media":35339,"comment_status":"closed","ping_status":"open","sticky":false,"template":"","format":"standard","meta":[],"categories":[862],"tags":[121,382,3435,120,206,202,127],"aioseo_notices":[],"_links":{"self":[{"href":"https:\/\/cuernavaca.gob.mx\/index.php?rest_route=\/wp\/v2\/posts\/35338"}],"collection":[{"href":"https:\/\/cuernavaca.gob.mx\/index.php?rest_route=\/wp\/v2\/posts"}],"about":[{"href":"https:\/\/cuernavaca.gob.mx\/index.php?rest_route=\/wp\/v2\/types\/post"}],"author":[{"embeddable":true,"href":"https:\/\/cuernavaca.gob.mx\/index.php?rest_route=\/wp\/v2\/users\/1"}],"replies":[{"embeddable":true,"href":"https:\/\/cuernavaca.gob.mx\/index.php?rest_route=%2Fwp%2Fv2%2Fcomments&post=35338"}],"version-history":[{"count":1,"href":"https:\/\/cuernavaca.gob.mx\/index.php?rest_route=\/wp\/v2\/posts\/35338\/revisions"}],"predecessor-version":[{"id":35348,"href":"https:\/\/cuernavaca.gob.mx\/index.php?rest_route=\/wp\/v2\/posts\/35338\/revisions\/35348"}],"wp:featuredmedia":[{"embeddable":true,"href":"https:\/\/cuernavaca.gob.mx\/index.php?rest_route=\/wp\/v2\/media\/35339"}],"wp:attachment":[{"href":"https:\/\/cuernavaca.gob.mx\/index.php?rest_route=%2Fwp%2Fv2%2Fmedia&parent=35338"}],"wp:term":[{"taxonomy":"category","embeddable":true,"href":"https:\/\/cuernavaca.gob.mx\/index.php?rest_route=%2Fwp%2Fv2%2Fcategories&post=35338"},{"taxonomy":"post_tag","embeddable":true,"href":"https:\/\/cuernavaca.gob.mx\/index.php?rest_route=%2Fwp%2Fv2%2Ftags&post=35338"}],"curies":[{"name":"wp","href":"https:\/\/api.w.org\/{rel}","templated":true}]}}