{"id":35402,"date":"2023-11-29T16:00:23","date_gmt":"2023-11-29T22:00:23","guid":{"rendered":"https:\/\/cuernavaca.gob.mx\/?p=35402"},"modified":"2023-11-29T16:37:32","modified_gmt":"2023-11-29T22:37:32","slug":"b1437-29-11-23-ayuntamiento-de-cuernavaca-rendira-homenaje-por-su-valor-a-los-policias-que-enfrentaron-a-grupo-delictivo","status":"publish","type":"post","link":"https:\/\/cuernavaca.gob.mx\/?p=35402","title":{"rendered":"B1437 29\/11\/23 AYUNTAMIENTO DE CUERNAVACA RENDIR\u00c1 HOMENAJE POR SU VALOR A LOS POLIC\u00cdAS QUE ENFRENTARON A GRUPO DELICTIVO"},"content":{"rendered":"<p><strong>\u2022 Integrantes del Cabildo guardaron este mi\u00e9rcoles un minuto de silencio en memoria de los polic\u00edas ca\u00eddos en cumplimiento de su deber, Francisco Calder\u00f3n Armenta y Juan Carlos Salgado Flores<\/strong><\/p>\n<p><strong>\u2022 El Alcalde Jos\u00e9 Luis Uri\u00f3stegui Inform\u00f3 que el lunes 11 de diciembre llevar\u00e1n a cabo un homenaje a los elementos que con valent\u00eda y convicci\u00f3n acudieron en respuesta al llamado de la ciudadan\u00eda<\/strong><\/p>\n<p>El Cabildo del Ayuntamiento de Cuernavaca encabezado por Jos\u00e9 Luis Uri\u00f3stegui Salgado, guard\u00f3 un minuto de silencio en memoria de los polic\u00edas preventivos adscritos a la Secretar\u00eda de Protecci\u00f3n y Auxilio Ciudadano (SEPRAC), Francisco Calder\u00f3n Armenta y Juan Carlos Salgado Flores, que perdieron la vida en cumplimiento de su deber al enfrentarse la semana pasada con determinaci\u00f3n a un grupo delictivo, impidiendo que se pusiera en riesgo la seguridad de la poblaci\u00f3n.<\/p>\n<p>En el marco de la sesi\u00f3n ordinaria de este mi\u00e9rcoles, Jos\u00e9 Luis Uri\u00f3stegui inform\u00f3 que han girado las instrucciones para que se cubra a las familias de estos elementos, el seguro de vida a que tienen derecho en un tr\u00e1mite m\u00e1s acelerado, adem\u00e1s de que los han acompa\u00f1ado a trav\u00e9s de las \u00e1reas jur\u00eddicas en todos los tr\u00e1mites administrativos necesarios.<\/p>\n<p>Resalt\u00f3 que la corporaci\u00f3n municipal debe tener claro que cuentan con el apoyo de la administraci\u00f3n y los integrantes del cuerpo edilicio en todo lo que suceda, aclarando que no solo se ocupan de que en vida tengan las condiciones propicias para la prestaci\u00f3n de los servicios, sino que, en su ausencia, como en el caso de los dos polic\u00edas ca\u00eddos y de los otros dos lesionados, estar\u00e1n atendiendo sus necesidades y las de sus familias que tuvieron esta p\u00e9rdida tan relevante.<\/p>\n<p>En este sentido, el Alcalde capitalino anunci\u00f3 que el pr\u00f3ximo lunes 11 de diciembre llevar\u00e1n a cabo un homenaje a los 20 polic\u00edas municipales que con valent\u00eda y convicci\u00f3n acudieron en respuesta al llamado de la ciudadan\u00eda en los acontecimientos registrados la madrugada del pasado 20 de noviembre, dando una muestra que la polic\u00eda de Cuernavaca no le dio la vuelta al enfrentamiento e hizo todo lo necesario conforme a su capacitaci\u00f3n y condiciones de respuesta para salir adelante, siendo su hero\u00edsmo un orgullo para la ciudad.<\/p>\n<p>A este reconocimiento se sum\u00f3 la regidora Wendi Salinas Ruiz, quien destac\u00f3 el papel desempe\u00f1ado de manera permanente por los elementos policiacos y la titular de SEPRAC, Alicia V\u00e1zquez Luna, que en el desfase y justificaci\u00f3n de a quien le corresponde o no la seguridad, han cumplido cabalmente con su funci\u00f3n de salvaguardar la vida de la ciudadan\u00eda, puntualizando que ante la imparable violencia que se vive a nivel nacional la presente administraci\u00f3n est\u00e1 siendo responsable en la prevenci\u00f3n del delito, aunque a quien le corresponde brindar ese apoyo en materia de seguridad es del Estado.<\/p>\n<p><img loading=\"lazy\" class=\"alignnone size-medium wp-image-35403\" src=\"https:\/\/cuernavaca.gob.mx\/wp-content\/uploads\/2023\/11\/AYUNTAMIENTO-DE-CUERNAVACA-RENDIRA\u0301-HOMENAJE-POR-SU-VALOR-A-LOS-POLICI\u0301AS-QUE-ENFRENTARON-A-GRUPO-DELICTIVO-1-300x200.jpg\" alt=\"\" width=\"300\" height=\"200\" srcset=\"https:\/\/cuernavaca.gob.mx\/wp-content\/uploads\/2023\/11\/AYUNTAMIENTO-DE-CUERNAVACA-RENDIRA\u0301-HOMENAJE-POR-SU-VALOR-A-LOS-POLICI\u0301AS-QUE-ENFRENTARON-A-GRUPO-DELICTIVO-1-300x200.jpg 300w, https:\/\/cuernavaca.gob.mx\/wp-content\/uploads\/2023\/11\/AYUNTAMIENTO-DE-CUERNAVACA-RENDIRA\u0301-HOMENAJE-POR-SU-VALOR-A-LOS-POLICI\u0301AS-QUE-ENFRENTARON-A-GRUPO-DELICTIVO-1-1024x682.jpg 1024w, https:\/\/cuernavaca.gob.mx\/wp-content\/uploads\/2023\/11\/AYUNTAMIENTO-DE-CUERNAVACA-RENDIRA\u0301-HOMENAJE-POR-SU-VALOR-A-LOS-POLICI\u0301AS-QUE-ENFRENTARON-A-GRUPO-DELICTIVO-1-768x512.jpg 768w, https:\/\/cuernavaca.gob.mx\/wp-content\/uploads\/2023\/11\/AYUNTAMIENTO-DE-CUERNAVACA-RENDIRA\u0301-HOMENAJE-POR-SU-VALOR-A-LOS-POLICI\u0301AS-QUE-ENFRENTARON-A-GRUPO-DELICTIVO-1-600x400.jpg 600w, https:\/\/cuernavaca.gob.mx\/wp-content\/uploads\/2023\/11\/AYUNTAMIENTO-DE-CUERNAVACA-RENDIRA\u0301-HOMENAJE-POR-SU-VALOR-A-LOS-POLICI\u0301AS-QUE-ENFRENTARON-A-GRUPO-DELICTIVO-1-560x373.jpg 560w, https:\/\/cuernavaca.gob.mx\/wp-content\/uploads\/2023\/11\/AYUNTAMIENTO-DE-CUERNAVACA-RENDIRA\u0301-HOMENAJE-POR-SU-VALOR-A-LOS-POLICI\u0301AS-QUE-ENFRENTARON-A-GRUPO-DELICTIVO-1.jpg 1280w\" sizes=\"(max-width: 300px) 100vw, 300px\" \/> <img loading=\"lazy\" class=\"alignnone size-medium wp-image-35404\" src=\"https:\/\/cuernavaca.gob.mx\/wp-content\/uploads\/2023\/11\/AYUNTAMIENTO-DE-CUERNAVACA-RENDIRA\u0301-HOMENAJE-POR-SU-VALOR-A-LOS-POLICI\u0301AS-QUE-ENFRENTARON-A-GRUPO-DELICTIVO-2-300x200.jpg\" alt=\"\" width=\"300\" height=\"200\" srcset=\"https:\/\/cuernavaca.gob.mx\/wp-content\/uploads\/2023\/11\/AYUNTAMIENTO-DE-CUERNAVACA-RENDIRA\u0301-HOMENAJE-POR-SU-VALOR-A-LOS-POLICI\u0301AS-QUE-ENFRENTARON-A-GRUPO-DELICTIVO-2-300x200.jpg 300w, https:\/\/cuernavaca.gob.mx\/wp-content\/uploads\/2023\/11\/AYUNTAMIENTO-DE-CUERNAVACA-RENDIRA\u0301-HOMENAJE-POR-SU-VALOR-A-LOS-POLICI\u0301AS-QUE-ENFRENTARON-A-GRUPO-DELICTIVO-2-1024x682.jpg 1024w, https:\/\/cuernavaca.gob.mx\/wp-content\/uploads\/2023\/11\/AYUNTAMIENTO-DE-CUERNAVACA-RENDIRA\u0301-HOMENAJE-POR-SU-VALOR-A-LOS-POLICI\u0301AS-QUE-ENFRENTARON-A-GRUPO-DELICTIVO-2-768x512.jpg 768w, https:\/\/cuernavaca.gob.mx\/wp-content\/uploads\/2023\/11\/AYUNTAMIENTO-DE-CUERNAVACA-RENDIRA\u0301-HOMENAJE-POR-SU-VALOR-A-LOS-POLICI\u0301AS-QUE-ENFRENTARON-A-GRUPO-DELICTIVO-2-1536x1023.jpg 1536w, https:\/\/cuernavaca.gob.mx\/wp-content\/uploads\/2023\/11\/AYUNTAMIENTO-DE-CUERNAVACA-RENDIRA\u0301-HOMENAJE-POR-SU-VALOR-A-LOS-POLICI\u0301AS-QUE-ENFRENTARON-A-GRUPO-DELICTIVO-2-600x400.jpg 600w, https:\/\/cuernavaca.gob.mx\/wp-content\/uploads\/2023\/11\/AYUNTAMIENTO-DE-CUERNAVACA-RENDIRA\u0301-HOMENAJE-POR-SU-VALOR-A-LOS-POLICI\u0301AS-QUE-ENFRENTARON-A-GRUPO-DELICTIVO-2-560x373.jpg 560w, https:\/\/cuernavaca.gob.mx\/wp-content\/uploads\/2023\/11\/AYUNTAMIENTO-DE-CUERNAVACA-RENDIRA\u0301-HOMENAJE-POR-SU-VALOR-A-LOS-POLICI\u0301AS-QUE-ENFRENTARON-A-GRUPO-DELICTIVO-2.jpg 1600w\" sizes=\"(max-width: 300px) 100vw, 300px\" \/> <img loading=\"lazy\" class=\"alignnone size-medium wp-image-35405\" src=\"https:\/\/cuernavaca.gob.mx\/wp-content\/uploads\/2023\/11\/AYUNTAMIENTO-DE-CUERNAVACA-RENDIRA\u0301-HOMENAJE-POR-SU-VALOR-A-LOS-POLICI\u0301AS-QUE-ENFRENTARON-A-GRUPO-DELICTIVO-3-300x225.jpg\" alt=\"\" width=\"300\" height=\"225\" srcset=\"https:\/\/cuernavaca.gob.mx\/wp-content\/uploads\/2023\/11\/AYUNTAMIENTO-DE-CUERNAVACA-RENDIRA\u0301-HOMENAJE-POR-SU-VALOR-A-LOS-POLICI\u0301AS-QUE-ENFRENTARON-A-GRUPO-DELICTIVO-3-300x225.jpg 300w, https:\/\/cuernavaca.gob.mx\/wp-content\/uploads\/2023\/11\/AYUNTAMIENTO-DE-CUERNAVACA-RENDIRA\u0301-HOMENAJE-POR-SU-VALOR-A-LOS-POLICI\u0301AS-QUE-ENFRENTARON-A-GRUPO-DELICTIVO-3-1024x768.jpg 1024w, https:\/\/cuernavaca.gob.mx\/wp-content\/uploads\/2023\/11\/AYUNTAMIENTO-DE-CUERNAVACA-RENDIRA\u0301-HOMENAJE-POR-SU-VALOR-A-LOS-POLICI\u0301AS-QUE-ENFRENTARON-A-GRUPO-DELICTIVO-3-768x576.jpg 768w, https:\/\/cuernavaca.gob.mx\/wp-content\/uploads\/2023\/11\/AYUNTAMIENTO-DE-CUERNAVACA-RENDIRA\u0301-HOMENAJE-POR-SU-VALOR-A-LOS-POLICI\u0301AS-QUE-ENFRENTARON-A-GRUPO-DELICTIVO-3-1536x1152.jpg 1536w, https:\/\/cuernavaca.gob.mx\/wp-content\/uploads\/2023\/11\/AYUNTAMIENTO-DE-CUERNAVACA-RENDIRA\u0301-HOMENAJE-POR-SU-VALOR-A-LOS-POLICI\u0301AS-QUE-ENFRENTARON-A-GRUPO-DELICTIVO-3-600x450.jpg 600w, https:\/\/cuernavaca.gob.mx\/wp-content\/uploads\/2023\/11\/AYUNTAMIENTO-DE-CUERNAVACA-RENDIRA\u0301-HOMENAJE-POR-SU-VALOR-A-LOS-POLICI\u0301AS-QUE-ENFRENTARON-A-GRUPO-DELICTIVO-3-560x420.jpg 560w, https:\/\/cuernavaca.gob.mx\/wp-content\/uploads\/2023\/11\/AYUNTAMIENTO-DE-CUERNAVACA-RENDIRA\u0301-HOMENAJE-POR-SU-VALOR-A-LOS-POLICI\u0301AS-QUE-ENFRENTARON-A-GRUPO-DELICTIVO-3.jpg 1600w\" sizes=\"(max-width: 300px) 100vw, 300px\" \/><\/p>\n","protected":false},"excerpt":{"rendered":"<p>\u2022 Integrantes del Cabildo guardaron este mi\u00e9rcoles un minuto de silencio en memoria de los polic\u00edas ca\u00eddos en cumplimiento de su deber, Francisco Calder\u00f3n Armenta y Juan Carlos Salgado Flores \u2022 El Alcalde Jos\u00e9 Luis Uri\u00f3stegui Inform\u00f3 que el lunes 11 de diciembre llevar\u00e1n a cabo un homenaje a los elementos que con valent\u00eda y [&hellip;]<\/p>\n","protected":false},"author":1,"featured_media":35405,"comment_status":"closed","ping_status":"open","sticky":false,"template":"","format":"standard","meta":[],"categories":[3047],"tags":[158,3439,121,1570,120,206,201,127,125],"aioseo_notices":[],"_links":{"self":[{"href":"https:\/\/cuernavaca.gob.mx\/index.php?rest_route=\/wp\/v2\/posts\/35402"}],"collection":[{"href":"https:\/\/cuernavaca.gob.mx\/index.php?rest_route=\/wp\/v2\/posts"}],"about":[{"href":"https:\/\/cuernavaca.gob.mx\/index.php?rest_route=\/wp\/v2\/types\/post"}],"author":[{"embeddable":true,"href":"https:\/\/cuernavaca.gob.mx\/index.php?rest_route=\/wp\/v2\/users\/1"}],"replies":[{"embeddable":true,"href":"https:\/\/cuernavaca.gob.mx\/index.php?rest_route=%2Fwp%2Fv2%2Fcomments&post=35402"}],"version-history":[{"count":1,"href":"https:\/\/cuernavaca.gob.mx\/index.php?rest_route=\/wp\/v2\/posts\/35402\/revisions"}],"predecessor-version":[{"id":35406,"href":"https:\/\/cuernavaca.gob.mx\/index.php?rest_route=\/wp\/v2\/posts\/35402\/revisions\/35406"}],"wp:featuredmedia":[{"embeddable":true,"href":"https:\/\/cuernavaca.gob.mx\/index.php?rest_route=\/wp\/v2\/media\/35405"}],"wp:attachment":[{"href":"https:\/\/cuernavaca.gob.mx\/index.php?rest_route=%2Fwp%2Fv2%2Fmedia&parent=35402"}],"wp:term":[{"taxonomy":"category","embeddable":true,"href":"https:\/\/cuernavaca.gob.mx\/index.php?rest_route=%2Fwp%2Fv2%2Fcategories&post=35402"},{"taxonomy":"post_tag","embeddable":true,"href":"https:\/\/cuernavaca.gob.mx\/index.php?rest_route=%2Fwp%2Fv2%2Ftags&post=35402"}],"curies":[{"name":"wp","href":"https:\/\/api.w.org\/{rel}","templated":true}]}}