{"id":35407,"date":"2023-11-29T13:00:45","date_gmt":"2023-11-29T19:00:45","guid":{"rendered":"https:\/\/cuernavaca.gob.mx\/?p=35407"},"modified":"2023-11-29T17:01:00","modified_gmt":"2023-11-29T23:01:00","slug":"b1436-29-11-23-embellece-ayuntamiento-de-cuernavaca-espacios-publicos-con-cerca-de-cinco-mil-flores-de-nochebuena-que-se-producen-tetela-del-monte","status":"publish","type":"post","link":"https:\/\/cuernavaca.gob.mx\/?p=35407","title":{"rendered":"B1436 29\/11\/23 EMBELLECE AYUNTAMIENTO DE CUERNAVACA ESPACIOS P\u00daBLICOS CON CERCA DE CINCO MIL FLORES DE NOCHEBUENA QUE SE PRODUCEN TETELA DEL MONTE"},"content":{"rendered":"<p><strong>\u2022 Las flores son resultado de restituciones y donaciones de diferentes sectores de la sociedad y la iniciativa privada, por lo que no representa un cargo al erario p\u00fablico municipal<\/strong><\/p>\n<p>Como parte del Programa de Embellecimiento de Espacios P\u00fablicos, el Ayuntamiento de Cuernavaca a trav\u00e9s del \u00e1rea de Parques y Jardines adscrito a la Secretar\u00eda de Desarrollo Sustentable y Servicios P\u00fablicos, inici\u00f3 la plantaci\u00f3n de alrededor de cinco mil nochebuenas que produce el poblado de Tetela del Monte, en glorietas, camellones y \u00e1reas verdes de las principales avenidas de la capital morelense para disfrute de la poblaci\u00f3n en esta temporada decembrina.<\/p>\n<p>El secretario de Desarrollo Sustentable y Servicios P\u00fablicos, Israel Albavera V\u00e1zquez, indic\u00f3 que la instrucci\u00f3n del presidente municipal, Jos\u00e9 Luis Uri\u00f3stegui Salgado, es efectuar trabajos integrales de jardiner\u00eda e incorporaci\u00f3n de esta flor nativa de Morelos y otras partes del pa\u00eds, coloc\u00e1ndolas en espacios que albergan obras de arte como la glorieta de la Diana Cazadora, en la Paloma de la Paz, la de escultura &#8220;El Carro del Sol&#8221; y el parque Vicente Guerrero, as\u00ed como tambi\u00e9n adornar\u00e1n distintos puntos de la ciudad en las pr\u00f3ximas semanas.<\/p>\n<p>Puntualiz\u00f3 que este trabajo no ha representado para el municipio un cargo en el erario p\u00fablico, ya que las plantas ornamentales que han colocado en estos espacios han sido adquiridas a trav\u00e9s de restituciones y donaciones de diferentes sectores de la sociedad y la iniciativa privada para embellecer a Cuernavaca, coloc\u00e1ndolas de acuerdo con la temporada para que los ciudadanos y visitantes cuenten con espacios en \u00f3ptimas condiciones.<\/p>\n<p>Albavera V\u00e1zquez asever\u00f3 que estos trabajos fortalecen la recuperaci\u00f3n de los espacios p\u00fablicos y \u00e1reas verdes que han intervenido a lo largo de la presente administraci\u00f3n y que por varios a\u00f1os padecieron el abandono de pasadas administraciones con el objetivo de rescatar la imagen urbana de la ciudad capital del Morelos y ofrecer a las y los cuernavaquenses as\u00ed como a sus visitantes, espacios donde apreciar el color y belleza de la flor de nochebuena, que es un referente internacional y una opci\u00f3n elegante y colorida para decorar los hogares en estas fechas.<\/p>\n<p><img loading=\"lazy\" class=\"alignnone size-medium wp-image-35408\" src=\"https:\/\/cuernavaca.gob.mx\/wp-content\/uploads\/2023\/11\/EMBELLECE-AYUNTAMIENTO-DE-CUERNAVACA-ESPACIOS-PU\u0301BLICOS-CON-CERCA-DE-CINCO-MIL-FLORES-DE-NOCHEBUENA-QUE-SE-PRODUCEN-TETELA-DEL-MONTE-1-225x300.jpg\" alt=\"\" width=\"225\" height=\"300\" srcset=\"https:\/\/cuernavaca.gob.mx\/wp-content\/uploads\/2023\/11\/EMBELLECE-AYUNTAMIENTO-DE-CUERNAVACA-ESPACIOS-PU\u0301BLICOS-CON-CERCA-DE-CINCO-MIL-FLORES-DE-NOCHEBUENA-QUE-SE-PRODUCEN-TETELA-DEL-MONTE-1-225x300.jpg 225w, https:\/\/cuernavaca.gob.mx\/wp-content\/uploads\/2023\/11\/EMBELLECE-AYUNTAMIENTO-DE-CUERNAVACA-ESPACIOS-PU\u0301BLICOS-CON-CERCA-DE-CINCO-MIL-FLORES-DE-NOCHEBUENA-QUE-SE-PRODUCEN-TETELA-DEL-MONTE-1-768x1024.jpg 768w, https:\/\/cuernavaca.gob.mx\/wp-content\/uploads\/2023\/11\/EMBELLECE-AYUNTAMIENTO-DE-CUERNAVACA-ESPACIOS-PU\u0301BLICOS-CON-CERCA-DE-CINCO-MIL-FLORES-DE-NOCHEBUENA-QUE-SE-PRODUCEN-TETELA-DEL-MONTE-1-450x600.jpg 450w, https:\/\/cuernavaca.gob.mx\/wp-content\/uploads\/2023\/11\/EMBELLECE-AYUNTAMIENTO-DE-CUERNAVACA-ESPACIOS-PU\u0301BLICOS-CON-CERCA-DE-CINCO-MIL-FLORES-DE-NOCHEBUENA-QUE-SE-PRODUCEN-TETELA-DEL-MONTE-1-420x560.jpg 420w, https:\/\/cuernavaca.gob.mx\/wp-content\/uploads\/2023\/11\/EMBELLECE-AYUNTAMIENTO-DE-CUERNAVACA-ESPACIOS-PU\u0301BLICOS-CON-CERCA-DE-CINCO-MIL-FLORES-DE-NOCHEBUENA-QUE-SE-PRODUCEN-TETELA-DEL-MONTE-1.jpg 1080w\" sizes=\"(max-width: 225px) 100vw, 225px\" \/> <img loading=\"lazy\" class=\"alignnone size-medium wp-image-35409\" src=\"https:\/\/cuernavaca.gob.mx\/wp-content\/uploads\/2023\/11\/EMBELLECE-AYUNTAMIENTO-DE-CUERNAVACA-ESPACIOS-PU\u0301BLICOS-CON-CERCA-DE-CINCO-MIL-FLORES-DE-NOCHEBUENA-QUE-SE-PRODUCEN-TETELA-DEL-MONTE-2-225x300.jpg\" alt=\"\" width=\"225\" height=\"300\" srcset=\"https:\/\/cuernavaca.gob.mx\/wp-content\/uploads\/2023\/11\/EMBELLECE-AYUNTAMIENTO-DE-CUERNAVACA-ESPACIOS-PU\u0301BLICOS-CON-CERCA-DE-CINCO-MIL-FLORES-DE-NOCHEBUENA-QUE-SE-PRODUCEN-TETELA-DEL-MONTE-2-225x300.jpg 225w, https:\/\/cuernavaca.gob.mx\/wp-content\/uploads\/2023\/11\/EMBELLECE-AYUNTAMIENTO-DE-CUERNAVACA-ESPACIOS-PU\u0301BLICOS-CON-CERCA-DE-CINCO-MIL-FLORES-DE-NOCHEBUENA-QUE-SE-PRODUCEN-TETELA-DEL-MONTE-2-768x1024.jpg 768w, https:\/\/cuernavaca.gob.mx\/wp-content\/uploads\/2023\/11\/EMBELLECE-AYUNTAMIENTO-DE-CUERNAVACA-ESPACIOS-PU\u0301BLICOS-CON-CERCA-DE-CINCO-MIL-FLORES-DE-NOCHEBUENA-QUE-SE-PRODUCEN-TETELA-DEL-MONTE-2-450x600.jpg 450w, https:\/\/cuernavaca.gob.mx\/wp-content\/uploads\/2023\/11\/EMBELLECE-AYUNTAMIENTO-DE-CUERNAVACA-ESPACIOS-PU\u0301BLICOS-CON-CERCA-DE-CINCO-MIL-FLORES-DE-NOCHEBUENA-QUE-SE-PRODUCEN-TETELA-DEL-MONTE-2-420x560.jpg 420w, https:\/\/cuernavaca.gob.mx\/wp-content\/uploads\/2023\/11\/EMBELLECE-AYUNTAMIENTO-DE-CUERNAVACA-ESPACIOS-PU\u0301BLICOS-CON-CERCA-DE-CINCO-MIL-FLORES-DE-NOCHEBUENA-QUE-SE-PRODUCEN-TETELA-DEL-MONTE-2.jpg 1080w\" sizes=\"(max-width: 225px) 100vw, 225px\" \/> <img loading=\"lazy\" class=\"alignnone size-medium wp-image-35410\" src=\"https:\/\/cuernavaca.gob.mx\/wp-content\/uploads\/2023\/11\/EMBELLECE-AYUNTAMIENTO-DE-CUERNAVACA-ESPACIOS-PU\u0301BLICOS-CON-CERCA-DE-CINCO-MIL-FLORES-DE-NOCHEBUENA-QUE-SE-PRODUCEN-TETELA-DEL-MONTE-3-281x300.jpg\" alt=\"\" width=\"281\" height=\"300\" srcset=\"https:\/\/cuernavaca.gob.mx\/wp-content\/uploads\/2023\/11\/EMBELLECE-AYUNTAMIENTO-DE-CUERNAVACA-ESPACIOS-PU\u0301BLICOS-CON-CERCA-DE-CINCO-MIL-FLORES-DE-NOCHEBUENA-QUE-SE-PRODUCEN-TETELA-DEL-MONTE-3-281x300.jpg 281w, https:\/\/cuernavaca.gob.mx\/wp-content\/uploads\/2023\/11\/EMBELLECE-AYUNTAMIENTO-DE-CUERNAVACA-ESPACIOS-PU\u0301BLICOS-CON-CERCA-DE-CINCO-MIL-FLORES-DE-NOCHEBUENA-QUE-SE-PRODUCEN-TETELA-DEL-MONTE-3-768x820.jpg 768w, https:\/\/cuernavaca.gob.mx\/wp-content\/uploads\/2023\/11\/EMBELLECE-AYUNTAMIENTO-DE-CUERNAVACA-ESPACIOS-PU\u0301BLICOS-CON-CERCA-DE-CINCO-MIL-FLORES-DE-NOCHEBUENA-QUE-SE-PRODUCEN-TETELA-DEL-MONTE-3-562x600.jpg 562w, https:\/\/cuernavaca.gob.mx\/wp-content\/uploads\/2023\/11\/EMBELLECE-AYUNTAMIENTO-DE-CUERNAVACA-ESPACIOS-PU\u0301BLICOS-CON-CERCA-DE-CINCO-MIL-FLORES-DE-NOCHEBUENA-QUE-SE-PRODUCEN-TETELA-DEL-MONTE-3-524x560.jpg 524w, https:\/\/cuernavaca.gob.mx\/wp-content\/uploads\/2023\/11\/EMBELLECE-AYUNTAMIENTO-DE-CUERNAVACA-ESPACIOS-PU\u0301BLICOS-CON-CERCA-DE-CINCO-MIL-FLORES-DE-NOCHEBUENA-QUE-SE-PRODUCEN-TETELA-DEL-MONTE-3.jpg 899w\" sizes=\"(max-width: 281px) 100vw, 281px\" \/> <img loading=\"lazy\" class=\"alignnone size-medium wp-image-35411\" src=\"https:\/\/cuernavaca.gob.mx\/wp-content\/uploads\/2023\/11\/EMBELLECE-AYUNTAMIENTO-DE-CUERNAVACA-ESPACIOS-PU\u0301BLICOS-CON-CERCA-DE-CINCO-MIL-FLORES-DE-NOCHEBUENA-QUE-SE-PRODUCEN-TETELA-DEL-MONTE-4-225x300.jpg\" alt=\"\" width=\"225\" height=\"300\" srcset=\"https:\/\/cuernavaca.gob.mx\/wp-content\/uploads\/2023\/11\/EMBELLECE-AYUNTAMIENTO-DE-CUERNAVACA-ESPACIOS-PU\u0301BLICOS-CON-CERCA-DE-CINCO-MIL-FLORES-DE-NOCHEBUENA-QUE-SE-PRODUCEN-TETELA-DEL-MONTE-4-225x300.jpg 225w, https:\/\/cuernavaca.gob.mx\/wp-content\/uploads\/2023\/11\/EMBELLECE-AYUNTAMIENTO-DE-CUERNAVACA-ESPACIOS-PU\u0301BLICOS-CON-CERCA-DE-CINCO-MIL-FLORES-DE-NOCHEBUENA-QUE-SE-PRODUCEN-TETELA-DEL-MONTE-4-768x1024.jpg 768w, https:\/\/cuernavaca.gob.mx\/wp-content\/uploads\/2023\/11\/EMBELLECE-AYUNTAMIENTO-DE-CUERNAVACA-ESPACIOS-PU\u0301BLICOS-CON-CERCA-DE-CINCO-MIL-FLORES-DE-NOCHEBUENA-QUE-SE-PRODUCEN-TETELA-DEL-MONTE-4-450x600.jpg 450w, https:\/\/cuernavaca.gob.mx\/wp-content\/uploads\/2023\/11\/EMBELLECE-AYUNTAMIENTO-DE-CUERNAVACA-ESPACIOS-PU\u0301BLICOS-CON-CERCA-DE-CINCO-MIL-FLORES-DE-NOCHEBUENA-QUE-SE-PRODUCEN-TETELA-DEL-MONTE-4-420x560.jpg 420w, https:\/\/cuernavaca.gob.mx\/wp-content\/uploads\/2023\/11\/EMBELLECE-AYUNTAMIENTO-DE-CUERNAVACA-ESPACIOS-PU\u0301BLICOS-CON-CERCA-DE-CINCO-MIL-FLORES-DE-NOCHEBUENA-QUE-SE-PRODUCEN-TETELA-DEL-MONTE-4.jpg 1080w\" sizes=\"(max-width: 225px) 100vw, 225px\" \/> <img loading=\"lazy\" class=\"alignnone size-medium wp-image-35412\" src=\"https:\/\/cuernavaca.gob.mx\/wp-content\/uploads\/2023\/11\/EMBELLECE-AYUNTAMIENTO-DE-CUERNAVACA-ESPACIOS-PU\u0301BLICOS-CON-CERCA-DE-CINCO-MIL-FLORES-DE-NOCHEBUENA-QUE-SE-PRODUCEN-TETELA-DEL-MONTE-5-225x300.jpg\" alt=\"\" width=\"225\" height=\"300\" srcset=\"https:\/\/cuernavaca.gob.mx\/wp-content\/uploads\/2023\/11\/EMBELLECE-AYUNTAMIENTO-DE-CUERNAVACA-ESPACIOS-PU\u0301BLICOS-CON-CERCA-DE-CINCO-MIL-FLORES-DE-NOCHEBUENA-QUE-SE-PRODUCEN-TETELA-DEL-MONTE-5-225x300.jpg 225w, https:\/\/cuernavaca.gob.mx\/wp-content\/uploads\/2023\/11\/EMBELLECE-AYUNTAMIENTO-DE-CUERNAVACA-ESPACIOS-PU\u0301BLICOS-CON-CERCA-DE-CINCO-MIL-FLORES-DE-NOCHEBUENA-QUE-SE-PRODUCEN-TETELA-DEL-MONTE-5-768x1024.jpg 768w, https:\/\/cuernavaca.gob.mx\/wp-content\/uploads\/2023\/11\/EMBELLECE-AYUNTAMIENTO-DE-CUERNAVACA-ESPACIOS-PU\u0301BLICOS-CON-CERCA-DE-CINCO-MIL-FLORES-DE-NOCHEBUENA-QUE-SE-PRODUCEN-TETELA-DEL-MONTE-5-450x600.jpg 450w, https:\/\/cuernavaca.gob.mx\/wp-content\/uploads\/2023\/11\/EMBELLECE-AYUNTAMIENTO-DE-CUERNAVACA-ESPACIOS-PU\u0301BLICOS-CON-CERCA-DE-CINCO-MIL-FLORES-DE-NOCHEBUENA-QUE-SE-PRODUCEN-TETELA-DEL-MONTE-5-420x560.jpg 420w, https:\/\/cuernavaca.gob.mx\/wp-content\/uploads\/2023\/11\/EMBELLECE-AYUNTAMIENTO-DE-CUERNAVACA-ESPACIOS-PU\u0301BLICOS-CON-CERCA-DE-CINCO-MIL-FLORES-DE-NOCHEBUENA-QUE-SE-PRODUCEN-TETELA-DEL-MONTE-5.jpg 1080w\" sizes=\"(max-width: 225px) 100vw, 225px\" \/> <img loading=\"lazy\" class=\"alignnone size-medium wp-image-35413\" src=\"https:\/\/cuernavaca.gob.mx\/wp-content\/uploads\/2023\/11\/EMBELLECE-AYUNTAMIENTO-DE-CUERNAVACA-ESPACIOS-PU\u0301BLICOS-CON-CERCA-DE-CINCO-MIL-FLORES-DE-NOCHEBUENA-QUE-SE-PRODUCEN-TETELA-DEL-MONTE-6-225x300.jpg\" alt=\"\" width=\"225\" height=\"300\" srcset=\"https:\/\/cuernavaca.gob.mx\/wp-content\/uploads\/2023\/11\/EMBELLECE-AYUNTAMIENTO-DE-CUERNAVACA-ESPACIOS-PU\u0301BLICOS-CON-CERCA-DE-CINCO-MIL-FLORES-DE-NOCHEBUENA-QUE-SE-PRODUCEN-TETELA-DEL-MONTE-6-225x300.jpg 225w, https:\/\/cuernavaca.gob.mx\/wp-content\/uploads\/2023\/11\/EMBELLECE-AYUNTAMIENTO-DE-CUERNAVACA-ESPACIOS-PU\u0301BLICOS-CON-CERCA-DE-CINCO-MIL-FLORES-DE-NOCHEBUENA-QUE-SE-PRODUCEN-TETELA-DEL-MONTE-6-450x600.jpg 450w, https:\/\/cuernavaca.gob.mx\/wp-content\/uploads\/2023\/11\/EMBELLECE-AYUNTAMIENTO-DE-CUERNAVACA-ESPACIOS-PU\u0301BLICOS-CON-CERCA-DE-CINCO-MIL-FLORES-DE-NOCHEBUENA-QUE-SE-PRODUCEN-TETELA-DEL-MONTE-6-420x560.jpg 420w, https:\/\/cuernavaca.gob.mx\/wp-content\/uploads\/2023\/11\/EMBELLECE-AYUNTAMIENTO-DE-CUERNAVACA-ESPACIOS-PU\u0301BLICOS-CON-CERCA-DE-CINCO-MIL-FLORES-DE-NOCHEBUENA-QUE-SE-PRODUCEN-TETELA-DEL-MONTE-6.jpg 720w\" sizes=\"(max-width: 225px) 100vw, 225px\" \/> <img loading=\"lazy\" class=\"alignnone size-medium wp-image-35414\" src=\"https:\/\/cuernavaca.gob.mx\/wp-content\/uploads\/2023\/11\/EMBELLECE-AYUNTAMIENTO-DE-CUERNAVACA-ESPACIOS-PU\u0301BLICOS-CON-CERCA-DE-CINCO-MIL-FLORES-DE-NOCHEBUENA-QUE-SE-PRODUCEN-TETELA-DEL-MONTE-7-225x300.jpg\" alt=\"\" width=\"225\" height=\"300\" srcset=\"https:\/\/cuernavaca.gob.mx\/wp-content\/uploads\/2023\/11\/EMBELLECE-AYUNTAMIENTO-DE-CUERNAVACA-ESPACIOS-PU\u0301BLICOS-CON-CERCA-DE-CINCO-MIL-FLORES-DE-NOCHEBUENA-QUE-SE-PRODUCEN-TETELA-DEL-MONTE-7-225x300.jpg 225w, https:\/\/cuernavaca.gob.mx\/wp-content\/uploads\/2023\/11\/EMBELLECE-AYUNTAMIENTO-DE-CUERNAVACA-ESPACIOS-PU\u0301BLICOS-CON-CERCA-DE-CINCO-MIL-FLORES-DE-NOCHEBUENA-QUE-SE-PRODUCEN-TETELA-DEL-MONTE-7-768x1024.jpg 768w, https:\/\/cuernavaca.gob.mx\/wp-content\/uploads\/2023\/11\/EMBELLECE-AYUNTAMIENTO-DE-CUERNAVACA-ESPACIOS-PU\u0301BLICOS-CON-CERCA-DE-CINCO-MIL-FLORES-DE-NOCHEBUENA-QUE-SE-PRODUCEN-TETELA-DEL-MONTE-7-450x600.jpg 450w, https:\/\/cuernavaca.gob.mx\/wp-content\/uploads\/2023\/11\/EMBELLECE-AYUNTAMIENTO-DE-CUERNAVACA-ESPACIOS-PU\u0301BLICOS-CON-CERCA-DE-CINCO-MIL-FLORES-DE-NOCHEBUENA-QUE-SE-PRODUCEN-TETELA-DEL-MONTE-7-420x560.jpg 420w, https:\/\/cuernavaca.gob.mx\/wp-content\/uploads\/2023\/11\/EMBELLECE-AYUNTAMIENTO-DE-CUERNAVACA-ESPACIOS-PU\u0301BLICOS-CON-CERCA-DE-CINCO-MIL-FLORES-DE-NOCHEBUENA-QUE-SE-PRODUCEN-TETELA-DEL-MONTE-7.jpg 1080w\" sizes=\"(max-width: 225px) 100vw, 225px\" \/> <img loading=\"lazy\" class=\"alignnone size-medium wp-image-35415\" src=\"https:\/\/cuernavaca.gob.mx\/wp-content\/uploads\/2023\/11\/EMBELLECE-AYUNTAMIENTO-DE-CUERNAVACA-ESPACIOS-PU\u0301BLICOS-CON-CERCA-DE-CINCO-MIL-FLORES-DE-NOCHEBUENA-QUE-SE-PRODUCEN-TETELA-DEL-MONTE-8-225x300.jpg\" alt=\"\" width=\"225\" height=\"300\" srcset=\"https:\/\/cuernavaca.gob.mx\/wp-content\/uploads\/2023\/11\/EMBELLECE-AYUNTAMIENTO-DE-CUERNAVACA-ESPACIOS-PU\u0301BLICOS-CON-CERCA-DE-CINCO-MIL-FLORES-DE-NOCHEBUENA-QUE-SE-PRODUCEN-TETELA-DEL-MONTE-8-225x300.jpg 225w, https:\/\/cuernavaca.gob.mx\/wp-content\/uploads\/2023\/11\/EMBELLECE-AYUNTAMIENTO-DE-CUERNAVACA-ESPACIOS-PU\u0301BLICOS-CON-CERCA-DE-CINCO-MIL-FLORES-DE-NOCHEBUENA-QUE-SE-PRODUCEN-TETELA-DEL-MONTE-8-768x1024.jpg 768w, https:\/\/cuernavaca.gob.mx\/wp-content\/uploads\/2023\/11\/EMBELLECE-AYUNTAMIENTO-DE-CUERNAVACA-ESPACIOS-PU\u0301BLICOS-CON-CERCA-DE-CINCO-MIL-FLORES-DE-NOCHEBUENA-QUE-SE-PRODUCEN-TETELA-DEL-MONTE-8-450x600.jpg 450w, https:\/\/cuernavaca.gob.mx\/wp-content\/uploads\/2023\/11\/EMBELLECE-AYUNTAMIENTO-DE-CUERNAVACA-ESPACIOS-PU\u0301BLICOS-CON-CERCA-DE-CINCO-MIL-FLORES-DE-NOCHEBUENA-QUE-SE-PRODUCEN-TETELA-DEL-MONTE-8-420x560.jpg 420w, https:\/\/cuernavaca.gob.mx\/wp-content\/uploads\/2023\/11\/EMBELLECE-AYUNTAMIENTO-DE-CUERNAVACA-ESPACIOS-PU\u0301BLICOS-CON-CERCA-DE-CINCO-MIL-FLORES-DE-NOCHEBUENA-QUE-SE-PRODUCEN-TETELA-DEL-MONTE-8.jpg 1080w\" sizes=\"(max-width: 225px) 100vw, 225px\" \/><\/p>\n","protected":false},"excerpt":{"rendered":"<p>\u2022 Las flores son resultado de restituciones y donaciones de diferentes sectores de la sociedad y la iniciativa privada, por lo que no representa un cargo al erario p\u00fablico municipal Como parte del Programa de Embellecimiento de Espacios P\u00fablicos, el Ayuntamiento de Cuernavaca a trav\u00e9s del \u00e1rea de Parques y Jardines adscrito a la Secretar\u00eda [&hellip;]<\/p>\n","protected":false},"author":1,"featured_media":35415,"comment_status":"open","ping_status":"open","sticky":false,"template":"","format":"standard","meta":[],"categories":[2271],"tags":[121,2699,2889,120,206,2676,2674],"aioseo_notices":[],"_links":{"self":[{"href":"https:\/\/cuernavaca.gob.mx\/index.php?rest_route=\/wp\/v2\/posts\/35407"}],"collection":[{"href":"https:\/\/cuernavaca.gob.mx\/index.php?rest_route=\/wp\/v2\/posts"}],"about":[{"href":"https:\/\/cuernavaca.gob.mx\/index.php?rest_route=\/wp\/v2\/types\/post"}],"author":[{"embeddable":true,"href":"https:\/\/cuernavaca.gob.mx\/index.php?rest_route=\/wp\/v2\/users\/1"}],"replies":[{"embeddable":true,"href":"https:\/\/cuernavaca.gob.mx\/index.php?rest_route=%2Fwp%2Fv2%2Fcomments&post=35407"}],"version-history":[{"count":1,"href":"https:\/\/cuernavaca.gob.mx\/index.php?rest_route=\/wp\/v2\/posts\/35407\/revisions"}],"predecessor-version":[{"id":35416,"href":"https:\/\/cuernavaca.gob.mx\/index.php?rest_route=\/wp\/v2\/posts\/35407\/revisions\/35416"}],"wp:featuredmedia":[{"embeddable":true,"href":"https:\/\/cuernavaca.gob.mx\/index.php?rest_route=\/wp\/v2\/media\/35415"}],"wp:attachment":[{"href":"https:\/\/cuernavaca.gob.mx\/index.php?rest_route=%2Fwp%2Fv2%2Fmedia&parent=35407"}],"wp:term":[{"taxonomy":"category","embeddable":true,"href":"https:\/\/cuernavaca.gob.mx\/index.php?rest_route=%2Fwp%2Fv2%2Fcategories&post=35407"},{"taxonomy":"post_tag","embeddable":true,"href":"https:\/\/cuernavaca.gob.mx\/index.php?rest_route=%2Fwp%2Fv2%2Ftags&post=35407"}],"curies":[{"name":"wp","href":"https:\/\/api.w.org\/{rel}","templated":true}]}}