{"id":35600,"date":"2023-12-06T16:00:16","date_gmt":"2023-12-06T22:00:16","guid":{"rendered":"https:\/\/cuernavaca.gob.mx\/?p=35600"},"modified":"2023-12-06T16:16:45","modified_gmt":"2023-12-06T22:16:45","slug":"b1455-06-12-23-entrega-jose-luis-uriostegui-la-primera-etapa-de-pavimento-asfaltico-de-la-avenida-10-de-abril-en-la-delegacion-vicente-guerrero","status":"publish","type":"post","link":"https:\/\/cuernavaca.gob.mx\/?p=35600","title":{"rendered":"B1455 06\/12\/23 ENTREGA JOS\u00c9 LUIS URI\u00d3STEGUI LA PRIMERA ETAPA DE PAVIMENTO ASF\u00c1LTICO DE LA AVENIDA 10 DE ABRIL EN LA DELEGACI\u00d3N VICENTE GUERRERO"},"content":{"rendered":"<p>\u2022 El presidente municipal de Cuernavaca, encabez\u00f3 este mi\u00e9rcoles la entrega de la rehabilitaci\u00f3n de esta avenida que comunica al Paseo Cuauhn\u00e1huac con Sumiya<\/p>\n<p>\u2022 Destac\u00f3 que, as\u00ed como ha ocurrido con otras obras a cargo de su administraci\u00f3n, no solo piensan en la circulaci\u00f3n vehicular, sino tambi\u00e9n en la movilidad de las personas y con perspectiva de g\u00e9nero<\/p>\n<p>Con una inversi\u00f3n de dos millones 360 mil 304.89 pesos del Fondo de Aportaciones para la Infraestructura Social Municipal (FAISMUN), el presidente municipal de Cuernavaca, Jos\u00e9 Luis Uri\u00f3stegui Salgado, encabez\u00f3 este mi\u00e9rcoles una entrega m\u00e1s de obra, la primera etapa del revestimiento de pavimento asf\u00e1ltico en avenida 10 de abril de la colonia Vicente Estrada Cajigal que beneficia a mil 500 habitantes directos y m\u00e1s de 21 mil indirectos, al mejorar la conectividad con otros municipios del estado.<\/p>\n<p>Acompa\u00f1ado de la s\u00edndica municipal, Ver\u00f3nica Atenco P\u00e9rez; de los regidores Mireya Delgado Romero y Fernando Carrillo Alvarado, as\u00ed como la directora del Instituto de la Mujer de Cuernavaca, Lorena Castillo Castillo, y vecinos de la zona, Jos\u00e9 Luis Uri\u00f3stegui puntualiz\u00f3 que, as\u00ed como ha ocurrido con otras obras a cargo de su administraci\u00f3n no solo piensan en la circulaci\u00f3n vehicular, sino tambi\u00e9n en la movilidad de las personas, por lo cual repararon algunas banquetas, balizaron los espacios y sustituyeron luminarias, a fin de obtener una obra con perspectiva de g\u00e9nero que d\u00e9 a las mujeres de todas las edades la seguridad para transitar a cualquier hora.<\/p>\n<p>Afirm\u00f3 que, si bien recibieron una ciudad en abandono y con mucha deuda, hoy han mejorado ese aspecto, reduciendo la deuda p\u00fablica en casi un 50 por ciento, lo que les permite que lo que ya no gastan en este rubro lo puedan invertir en obras y servicios p\u00fablicos que tanto necesitaba la poblaci\u00f3n, canalizando recursos de las aportaciones federales a los lugares donde se requieren e incrementando la recaudaci\u00f3n propia, la cual se devuelve en un 40 por ciento a las regiones catastrales.<\/p>\n<p>En su explicaci\u00f3n, el secretario de Desarrollo Urbano y Obras P\u00fablicas, Demetrio Chavira de la Torre, detall\u00f3 que para esta avenida que comunica al Paseo Cuauhn\u00e1huac con Sumiya, se llev\u00f3 a cabo el trazo y verificaci\u00f3n de niveles, el fresado de pavimento en mal estado y el riego de liga en m\u00e1s de cuatro mil 48 metros cuadrados; el bacheo para uniformizar la superficie deteriorada en 8.25 metros cuadrados y el repavimento asf\u00e1ltico en cuatro mil 48 metros cuadrados, obteniendo como meta final el revestimiento del pavimento asf\u00e1ltico en cuatro mil 48 metros cuadrados, teniendo como trabajos complementarios 572 metros lineales de balizamiento en guarniciones y mil 337 metros lineales de balizamiento con pintura termopl\u00e1stica.<\/p>\n<p>Al uso de la palabra, la s\u00edndica municipal, Ver\u00f3nica Atenco, refiri\u00f3 que, gracias al liderazgo del presidente municipal de Cuernavaca, Jos\u00e9 Luis Uri\u00f3stegui, en coordinaci\u00f3n y organizaci\u00f3n con el Gabinete y Cabildo, hoy la capital morelense est\u00e1 renaciendo a favor de su poblaci\u00f3n, dejando de lado el abandono que padeci\u00f3 por pasadas administraciones.<\/p>\n<p>A nombre de los beneficiarios, Jenny Vergara Mena, manifest\u00f3 su agradecimiento y reconocimiento por la utilidad que tendr\u00e1 esta obra, solicitando el apoyo con la colocaci\u00f3n de un tope para evitar que al ser una vialidad en \u00f3ptimas condiciones sea utilizada como autopista.<\/p>\n<p>En esta entrega de obra se cont\u00f3 con la presencia; del titular de la Delegaci\u00f3n Vicente Guerrero, Ociel Bahena Flores; y el secretario t\u00e9cnico del COPLADEMUN, Jonathan Garc\u00eda Salazar.<\/p>\n<p><img loading=\"lazy\" class=\"alignnone size-medium wp-image-35601\" src=\"https:\/\/cuernavaca.gob.mx\/wp-content\/uploads\/2023\/12\/ENTREGA-JOSE\u0301-LUIS-URIO\u0301STEGUI-LA-PRIMERA-ETAPA-DE-PAVIMENTO-ASFA\u0301LTICO-DE-LA-AVENIDA-10-DE-ABRIL-EN-LA-DELEGACIO\u0301N-VICENTE-GUERRERO-1-300x200.jpg\" alt=\"\" width=\"300\" height=\"200\" srcset=\"https:\/\/cuernavaca.gob.mx\/wp-content\/uploads\/2023\/12\/ENTREGA-JOSE\u0301-LUIS-URIO\u0301STEGUI-LA-PRIMERA-ETAPA-DE-PAVIMENTO-ASFA\u0301LTICO-DE-LA-AVENIDA-10-DE-ABRIL-EN-LA-DELEGACIO\u0301N-VICENTE-GUERRERO-1-300x200.jpg 300w, https:\/\/cuernavaca.gob.mx\/wp-content\/uploads\/2023\/12\/ENTREGA-JOSE\u0301-LUIS-URIO\u0301STEGUI-LA-PRIMERA-ETAPA-DE-PAVIMENTO-ASFA\u0301LTICO-DE-LA-AVENIDA-10-DE-ABRIL-EN-LA-DELEGACIO\u0301N-VICENTE-GUERRERO-1-1024x682.jpg 1024w, https:\/\/cuernavaca.gob.mx\/wp-content\/uploads\/2023\/12\/ENTREGA-JOSE\u0301-LUIS-URIO\u0301STEGUI-LA-PRIMERA-ETAPA-DE-PAVIMENTO-ASFA\u0301LTICO-DE-LA-AVENIDA-10-DE-ABRIL-EN-LA-DELEGACIO\u0301N-VICENTE-GUERRERO-1-768x512.jpg 768w, https:\/\/cuernavaca.gob.mx\/wp-content\/uploads\/2023\/12\/ENTREGA-JOSE\u0301-LUIS-URIO\u0301STEGUI-LA-PRIMERA-ETAPA-DE-PAVIMENTO-ASFA\u0301LTICO-DE-LA-AVENIDA-10-DE-ABRIL-EN-LA-DELEGACIO\u0301N-VICENTE-GUERRERO-1-1536x1023.jpg 1536w, https:\/\/cuernavaca.gob.mx\/wp-content\/uploads\/2023\/12\/ENTREGA-JOSE\u0301-LUIS-URIO\u0301STEGUI-LA-PRIMERA-ETAPA-DE-PAVIMENTO-ASFA\u0301LTICO-DE-LA-AVENIDA-10-DE-ABRIL-EN-LA-DELEGACIO\u0301N-VICENTE-GUERRERO-1-600x400.jpg 600w, https:\/\/cuernavaca.gob.mx\/wp-content\/uploads\/2023\/12\/ENTREGA-JOSE\u0301-LUIS-URIO\u0301STEGUI-LA-PRIMERA-ETAPA-DE-PAVIMENTO-ASFA\u0301LTICO-DE-LA-AVENIDA-10-DE-ABRIL-EN-LA-DELEGACIO\u0301N-VICENTE-GUERRERO-1-560x373.jpg 560w, https:\/\/cuernavaca.gob.mx\/wp-content\/uploads\/2023\/12\/ENTREGA-JOSE\u0301-LUIS-URIO\u0301STEGUI-LA-PRIMERA-ETAPA-DE-PAVIMENTO-ASFA\u0301LTICO-DE-LA-AVENIDA-10-DE-ABRIL-EN-LA-DELEGACIO\u0301N-VICENTE-GUERRERO-1.jpg 1600w\" sizes=\"(max-width: 300px) 100vw, 300px\" \/> <img loading=\"lazy\" class=\"alignnone size-medium wp-image-35602\" src=\"https:\/\/cuernavaca.gob.mx\/wp-content\/uploads\/2023\/12\/ENTREGA-JOSE\u0301-LUIS-URIO\u0301STEGUI-LA-PRIMERA-ETAPA-DE-PAVIMENTO-ASFA\u0301LTICO-DE-LA-AVENIDA-10-DE-ABRIL-EN-LA-DELEGACIO\u0301N-VICENTE-GUERRERO-2-300x200.jpg\" alt=\"\" width=\"300\" height=\"200\" srcset=\"https:\/\/cuernavaca.gob.mx\/wp-content\/uploads\/2023\/12\/ENTREGA-JOSE\u0301-LUIS-URIO\u0301STEGUI-LA-PRIMERA-ETAPA-DE-PAVIMENTO-ASFA\u0301LTICO-DE-LA-AVENIDA-10-DE-ABRIL-EN-LA-DELEGACIO\u0301N-VICENTE-GUERRERO-2-300x200.jpg 300w, https:\/\/cuernavaca.gob.mx\/wp-content\/uploads\/2023\/12\/ENTREGA-JOSE\u0301-LUIS-URIO\u0301STEGUI-LA-PRIMERA-ETAPA-DE-PAVIMENTO-ASFA\u0301LTICO-DE-LA-AVENIDA-10-DE-ABRIL-EN-LA-DELEGACIO\u0301N-VICENTE-GUERRERO-2-1024x682.jpg 1024w, https:\/\/cuernavaca.gob.mx\/wp-content\/uploads\/2023\/12\/ENTREGA-JOSE\u0301-LUIS-URIO\u0301STEGUI-LA-PRIMERA-ETAPA-DE-PAVIMENTO-ASFA\u0301LTICO-DE-LA-AVENIDA-10-DE-ABRIL-EN-LA-DELEGACIO\u0301N-VICENTE-GUERRERO-2-768x512.jpg 768w, https:\/\/cuernavaca.gob.mx\/wp-content\/uploads\/2023\/12\/ENTREGA-JOSE\u0301-LUIS-URIO\u0301STEGUI-LA-PRIMERA-ETAPA-DE-PAVIMENTO-ASFA\u0301LTICO-DE-LA-AVENIDA-10-DE-ABRIL-EN-LA-DELEGACIO\u0301N-VICENTE-GUERRERO-2-1536x1023.jpg 1536w, https:\/\/cuernavaca.gob.mx\/wp-content\/uploads\/2023\/12\/ENTREGA-JOSE\u0301-LUIS-URIO\u0301STEGUI-LA-PRIMERA-ETAPA-DE-PAVIMENTO-ASFA\u0301LTICO-DE-LA-AVENIDA-10-DE-ABRIL-EN-LA-DELEGACIO\u0301N-VICENTE-GUERRERO-2-600x400.jpg 600w, https:\/\/cuernavaca.gob.mx\/wp-content\/uploads\/2023\/12\/ENTREGA-JOSE\u0301-LUIS-URIO\u0301STEGUI-LA-PRIMERA-ETAPA-DE-PAVIMENTO-ASFA\u0301LTICO-DE-LA-AVENIDA-10-DE-ABRIL-EN-LA-DELEGACIO\u0301N-VICENTE-GUERRERO-2-560x373.jpg 560w, https:\/\/cuernavaca.gob.mx\/wp-content\/uploads\/2023\/12\/ENTREGA-JOSE\u0301-LUIS-URIO\u0301STEGUI-LA-PRIMERA-ETAPA-DE-PAVIMENTO-ASFA\u0301LTICO-DE-LA-AVENIDA-10-DE-ABRIL-EN-LA-DELEGACIO\u0301N-VICENTE-GUERRERO-2.jpg 1600w\" sizes=\"(max-width: 300px) 100vw, 300px\" \/> <img loading=\"lazy\" class=\"alignnone size-medium wp-image-35603\" src=\"https:\/\/cuernavaca.gob.mx\/wp-content\/uploads\/2023\/12\/ENTREGA-JOSE\u0301-LUIS-URIO\u0301STEGUI-LA-PRIMERA-ETAPA-DE-PAVIMENTO-ASFA\u0301LTICO-DE-LA-AVENIDA-10-DE-ABRIL-EN-LA-DELEGACIO\u0301N-VICENTE-GUERRERO-3-300x200.jpg\" alt=\"\" width=\"300\" height=\"200\" srcset=\"https:\/\/cuernavaca.gob.mx\/wp-content\/uploads\/2023\/12\/ENTREGA-JOSE\u0301-LUIS-URIO\u0301STEGUI-LA-PRIMERA-ETAPA-DE-PAVIMENTO-ASFA\u0301LTICO-DE-LA-AVENIDA-10-DE-ABRIL-EN-LA-DELEGACIO\u0301N-VICENTE-GUERRERO-3-300x200.jpg 300w, https:\/\/cuernavaca.gob.mx\/wp-content\/uploads\/2023\/12\/ENTREGA-JOSE\u0301-LUIS-URIO\u0301STEGUI-LA-PRIMERA-ETAPA-DE-PAVIMENTO-ASFA\u0301LTICO-DE-LA-AVENIDA-10-DE-ABRIL-EN-LA-DELEGACIO\u0301N-VICENTE-GUERRERO-3-1024x682.jpg 1024w, https:\/\/cuernavaca.gob.mx\/wp-content\/uploads\/2023\/12\/ENTREGA-JOSE\u0301-LUIS-URIO\u0301STEGUI-LA-PRIMERA-ETAPA-DE-PAVIMENTO-ASFA\u0301LTICO-DE-LA-AVENIDA-10-DE-ABRIL-EN-LA-DELEGACIO\u0301N-VICENTE-GUERRERO-3-768x512.jpg 768w, https:\/\/cuernavaca.gob.mx\/wp-content\/uploads\/2023\/12\/ENTREGA-JOSE\u0301-LUIS-URIO\u0301STEGUI-LA-PRIMERA-ETAPA-DE-PAVIMENTO-ASFA\u0301LTICO-DE-LA-AVENIDA-10-DE-ABRIL-EN-LA-DELEGACIO\u0301N-VICENTE-GUERRERO-3-600x400.jpg 600w, https:\/\/cuernavaca.gob.mx\/wp-content\/uploads\/2023\/12\/ENTREGA-JOSE\u0301-LUIS-URIO\u0301STEGUI-LA-PRIMERA-ETAPA-DE-PAVIMENTO-ASFA\u0301LTICO-DE-LA-AVENIDA-10-DE-ABRIL-EN-LA-DELEGACIO\u0301N-VICENTE-GUERRERO-3-560x373.jpg 560w, https:\/\/cuernavaca.gob.mx\/wp-content\/uploads\/2023\/12\/ENTREGA-JOSE\u0301-LUIS-URIO\u0301STEGUI-LA-PRIMERA-ETAPA-DE-PAVIMENTO-ASFA\u0301LTICO-DE-LA-AVENIDA-10-DE-ABRIL-EN-LA-DELEGACIO\u0301N-VICENTE-GUERRERO-3.jpg 1280w\" sizes=\"(max-width: 300px) 100vw, 300px\" \/> <img loading=\"lazy\" class=\"alignnone size-medium wp-image-35604\" src=\"https:\/\/cuernavaca.gob.mx\/wp-content\/uploads\/2023\/12\/ENTREGA-JOSE\u0301-LUIS-URIO\u0301STEGUI-LA-PRIMERA-ETAPA-DE-PAVIMENTO-ASFA\u0301LTICO-DE-LA-AVENIDA-10-DE-ABRIL-EN-LA-DELEGACIO\u0301N-VICENTE-GUERRERO-4-300x200.jpg\" alt=\"\" width=\"300\" height=\"200\" srcset=\"https:\/\/cuernavaca.gob.mx\/wp-content\/uploads\/2023\/12\/ENTREGA-JOSE\u0301-LUIS-URIO\u0301STEGUI-LA-PRIMERA-ETAPA-DE-PAVIMENTO-ASFA\u0301LTICO-DE-LA-AVENIDA-10-DE-ABRIL-EN-LA-DELEGACIO\u0301N-VICENTE-GUERRERO-4-300x200.jpg 300w, https:\/\/cuernavaca.gob.mx\/wp-content\/uploads\/2023\/12\/ENTREGA-JOSE\u0301-LUIS-URIO\u0301STEGUI-LA-PRIMERA-ETAPA-DE-PAVIMENTO-ASFA\u0301LTICO-DE-LA-AVENIDA-10-DE-ABRIL-EN-LA-DELEGACIO\u0301N-VICENTE-GUERRERO-4-1024x682.jpg 1024w, https:\/\/cuernavaca.gob.mx\/wp-content\/uploads\/2023\/12\/ENTREGA-JOSE\u0301-LUIS-URIO\u0301STEGUI-LA-PRIMERA-ETAPA-DE-PAVIMENTO-ASFA\u0301LTICO-DE-LA-AVENIDA-10-DE-ABRIL-EN-LA-DELEGACIO\u0301N-VICENTE-GUERRERO-4-768x512.jpg 768w, https:\/\/cuernavaca.gob.mx\/wp-content\/uploads\/2023\/12\/ENTREGA-JOSE\u0301-LUIS-URIO\u0301STEGUI-LA-PRIMERA-ETAPA-DE-PAVIMENTO-ASFA\u0301LTICO-DE-LA-AVENIDA-10-DE-ABRIL-EN-LA-DELEGACIO\u0301N-VICENTE-GUERRERO-4-600x400.jpg 600w, https:\/\/cuernavaca.gob.mx\/wp-content\/uploads\/2023\/12\/ENTREGA-JOSE\u0301-LUIS-URIO\u0301STEGUI-LA-PRIMERA-ETAPA-DE-PAVIMENTO-ASFA\u0301LTICO-DE-LA-AVENIDA-10-DE-ABRIL-EN-LA-DELEGACIO\u0301N-VICENTE-GUERRERO-4-560x373.jpg 560w, https:\/\/cuernavaca.gob.mx\/wp-content\/uploads\/2023\/12\/ENTREGA-JOSE\u0301-LUIS-URIO\u0301STEGUI-LA-PRIMERA-ETAPA-DE-PAVIMENTO-ASFA\u0301LTICO-DE-LA-AVENIDA-10-DE-ABRIL-EN-LA-DELEGACIO\u0301N-VICENTE-GUERRERO-4.jpg 1280w\" sizes=\"(max-width: 300px) 100vw, 300px\" \/> <img loading=\"lazy\" class=\"alignnone size-medium wp-image-35605\" src=\"https:\/\/cuernavaca.gob.mx\/wp-content\/uploads\/2023\/12\/ENTREGA-JOSE\u0301-LUIS-URIO\u0301STEGUI-LA-PRIMERA-ETAPA-DE-PAVIMENTO-ASFA\u0301LTICO-DE-LA-AVENIDA-10-DE-ABRIL-EN-LA-DELEGACIO\u0301N-VICENTE-GUERRERO-5-200x300.jpg\" alt=\"\" width=\"200\" height=\"300\" srcset=\"https:\/\/cuernavaca.gob.mx\/wp-content\/uploads\/2023\/12\/ENTREGA-JOSE\u0301-LUIS-URIO\u0301STEGUI-LA-PRIMERA-ETAPA-DE-PAVIMENTO-ASFA\u0301LTICO-DE-LA-AVENIDA-10-DE-ABRIL-EN-LA-DELEGACIO\u0301N-VICENTE-GUERRERO-5-200x300.jpg 200w, https:\/\/cuernavaca.gob.mx\/wp-content\/uploads\/2023\/12\/ENTREGA-JOSE\u0301-LUIS-URIO\u0301STEGUI-LA-PRIMERA-ETAPA-DE-PAVIMENTO-ASFA\u0301LTICO-DE-LA-AVENIDA-10-DE-ABRIL-EN-LA-DELEGACIO\u0301N-VICENTE-GUERRERO-5-682x1024.jpg 682w, https:\/\/cuernavaca.gob.mx\/wp-content\/uploads\/2023\/12\/ENTREGA-JOSE\u0301-LUIS-URIO\u0301STEGUI-LA-PRIMERA-ETAPA-DE-PAVIMENTO-ASFA\u0301LTICO-DE-LA-AVENIDA-10-DE-ABRIL-EN-LA-DELEGACIO\u0301N-VICENTE-GUERRERO-5-768x1153.jpg 768w, https:\/\/cuernavaca.gob.mx\/wp-content\/uploads\/2023\/12\/ENTREGA-JOSE\u0301-LUIS-URIO\u0301STEGUI-LA-PRIMERA-ETAPA-DE-PAVIMENTO-ASFA\u0301LTICO-DE-LA-AVENIDA-10-DE-ABRIL-EN-LA-DELEGACIO\u0301N-VICENTE-GUERRERO-5-1023x1536.jpg 1023w, https:\/\/cuernavaca.gob.mx\/wp-content\/uploads\/2023\/12\/ENTREGA-JOSE\u0301-LUIS-URIO\u0301STEGUI-LA-PRIMERA-ETAPA-DE-PAVIMENTO-ASFA\u0301LTICO-DE-LA-AVENIDA-10-DE-ABRIL-EN-LA-DELEGACIO\u0301N-VICENTE-GUERRERO-5-400x600.jpg 400w, https:\/\/cuernavaca.gob.mx\/wp-content\/uploads\/2023\/12\/ENTREGA-JOSE\u0301-LUIS-URIO\u0301STEGUI-LA-PRIMERA-ETAPA-DE-PAVIMENTO-ASFA\u0301LTICO-DE-LA-AVENIDA-10-DE-ABRIL-EN-LA-DELEGACIO\u0301N-VICENTE-GUERRERO-5-373x560.jpg 373w, https:\/\/cuernavaca.gob.mx\/wp-content\/uploads\/2023\/12\/ENTREGA-JOSE\u0301-LUIS-URIO\u0301STEGUI-LA-PRIMERA-ETAPA-DE-PAVIMENTO-ASFA\u0301LTICO-DE-LA-AVENIDA-10-DE-ABRIL-EN-LA-DELEGACIO\u0301N-VICENTE-GUERRERO-5.jpg 1066w\" sizes=\"(max-width: 200px) 100vw, 200px\" \/> <img loading=\"lazy\" class=\"alignnone size-medium wp-image-35606\" src=\"https:\/\/cuernavaca.gob.mx\/wp-content\/uploads\/2023\/12\/ENTREGA-JOSE\u0301-LUIS-URIO\u0301STEGUI-LA-PRIMERA-ETAPA-DE-PAVIMENTO-ASFA\u0301LTICO-DE-LA-AVENIDA-10-DE-ABRIL-EN-LA-DELEGACIO\u0301N-VICENTE-GUERRERO-6-300x200.jpg\" alt=\"\" width=\"300\" height=\"200\" srcset=\"https:\/\/cuernavaca.gob.mx\/wp-content\/uploads\/2023\/12\/ENTREGA-JOSE\u0301-LUIS-URIO\u0301STEGUI-LA-PRIMERA-ETAPA-DE-PAVIMENTO-ASFA\u0301LTICO-DE-LA-AVENIDA-10-DE-ABRIL-EN-LA-DELEGACIO\u0301N-VICENTE-GUERRERO-6-300x200.jpg 300w, https:\/\/cuernavaca.gob.mx\/wp-content\/uploads\/2023\/12\/ENTREGA-JOSE\u0301-LUIS-URIO\u0301STEGUI-LA-PRIMERA-ETAPA-DE-PAVIMENTO-ASFA\u0301LTICO-DE-LA-AVENIDA-10-DE-ABRIL-EN-LA-DELEGACIO\u0301N-VICENTE-GUERRERO-6-1024x682.jpg 1024w, https:\/\/cuernavaca.gob.mx\/wp-content\/uploads\/2023\/12\/ENTREGA-JOSE\u0301-LUIS-URIO\u0301STEGUI-LA-PRIMERA-ETAPA-DE-PAVIMENTO-ASFA\u0301LTICO-DE-LA-AVENIDA-10-DE-ABRIL-EN-LA-DELEGACIO\u0301N-VICENTE-GUERRERO-6-768x512.jpg 768w, https:\/\/cuernavaca.gob.mx\/wp-content\/uploads\/2023\/12\/ENTREGA-JOSE\u0301-LUIS-URIO\u0301STEGUI-LA-PRIMERA-ETAPA-DE-PAVIMENTO-ASFA\u0301LTICO-DE-LA-AVENIDA-10-DE-ABRIL-EN-LA-DELEGACIO\u0301N-VICENTE-GUERRERO-6-1536x1023.jpg 1536w, https:\/\/cuernavaca.gob.mx\/wp-content\/uploads\/2023\/12\/ENTREGA-JOSE\u0301-LUIS-URIO\u0301STEGUI-LA-PRIMERA-ETAPA-DE-PAVIMENTO-ASFA\u0301LTICO-DE-LA-AVENIDA-10-DE-ABRIL-EN-LA-DELEGACIO\u0301N-VICENTE-GUERRERO-6-600x400.jpg 600w, https:\/\/cuernavaca.gob.mx\/wp-content\/uploads\/2023\/12\/ENTREGA-JOSE\u0301-LUIS-URIO\u0301STEGUI-LA-PRIMERA-ETAPA-DE-PAVIMENTO-ASFA\u0301LTICO-DE-LA-AVENIDA-10-DE-ABRIL-EN-LA-DELEGACIO\u0301N-VICENTE-GUERRERO-6-560x373.jpg 560w, https:\/\/cuernavaca.gob.mx\/wp-content\/uploads\/2023\/12\/ENTREGA-JOSE\u0301-LUIS-URIO\u0301STEGUI-LA-PRIMERA-ETAPA-DE-PAVIMENTO-ASFA\u0301LTICO-DE-LA-AVENIDA-10-DE-ABRIL-EN-LA-DELEGACIO\u0301N-VICENTE-GUERRERO-6.jpg 1600w\" sizes=\"(max-width: 300px) 100vw, 300px\" \/> <img loading=\"lazy\" class=\"alignnone size-medium wp-image-35607\" src=\"https:\/\/cuernavaca.gob.mx\/wp-content\/uploads\/2023\/12\/ENTREGA-JOSE\u0301-LUIS-URIO\u0301STEGUI-LA-PRIMERA-ETAPA-DE-PAVIMENTO-ASFA\u0301LTICO-DE-LA-AVENIDA-10-DE-ABRIL-EN-LA-DELEGACIO\u0301N-VICENTE-GUERRERO-7-300x200.jpg\" alt=\"\" width=\"300\" height=\"200\" srcset=\"https:\/\/cuernavaca.gob.mx\/wp-content\/uploads\/2023\/12\/ENTREGA-JOSE\u0301-LUIS-URIO\u0301STEGUI-LA-PRIMERA-ETAPA-DE-PAVIMENTO-ASFA\u0301LTICO-DE-LA-AVENIDA-10-DE-ABRIL-EN-LA-DELEGACIO\u0301N-VICENTE-GUERRERO-7-300x200.jpg 300w, https:\/\/cuernavaca.gob.mx\/wp-content\/uploads\/2023\/12\/ENTREGA-JOSE\u0301-LUIS-URIO\u0301STEGUI-LA-PRIMERA-ETAPA-DE-PAVIMENTO-ASFA\u0301LTICO-DE-LA-AVENIDA-10-DE-ABRIL-EN-LA-DELEGACIO\u0301N-VICENTE-GUERRERO-7-1024x682.jpg 1024w, https:\/\/cuernavaca.gob.mx\/wp-content\/uploads\/2023\/12\/ENTREGA-JOSE\u0301-LUIS-URIO\u0301STEGUI-LA-PRIMERA-ETAPA-DE-PAVIMENTO-ASFA\u0301LTICO-DE-LA-AVENIDA-10-DE-ABRIL-EN-LA-DELEGACIO\u0301N-VICENTE-GUERRERO-7-768x512.jpg 768w, https:\/\/cuernavaca.gob.mx\/wp-content\/uploads\/2023\/12\/ENTREGA-JOSE\u0301-LUIS-URIO\u0301STEGUI-LA-PRIMERA-ETAPA-DE-PAVIMENTO-ASFA\u0301LTICO-DE-LA-AVENIDA-10-DE-ABRIL-EN-LA-DELEGACIO\u0301N-VICENTE-GUERRERO-7-1536x1023.jpg 1536w, https:\/\/cuernavaca.gob.mx\/wp-content\/uploads\/2023\/12\/ENTREGA-JOSE\u0301-LUIS-URIO\u0301STEGUI-LA-PRIMERA-ETAPA-DE-PAVIMENTO-ASFA\u0301LTICO-DE-LA-AVENIDA-10-DE-ABRIL-EN-LA-DELEGACIO\u0301N-VICENTE-GUERRERO-7-600x400.jpg 600w, https:\/\/cuernavaca.gob.mx\/wp-content\/uploads\/2023\/12\/ENTREGA-JOSE\u0301-LUIS-URIO\u0301STEGUI-LA-PRIMERA-ETAPA-DE-PAVIMENTO-ASFA\u0301LTICO-DE-LA-AVENIDA-10-DE-ABRIL-EN-LA-DELEGACIO\u0301N-VICENTE-GUERRERO-7-560x373.jpg 560w, https:\/\/cuernavaca.gob.mx\/wp-content\/uploads\/2023\/12\/ENTREGA-JOSE\u0301-LUIS-URIO\u0301STEGUI-LA-PRIMERA-ETAPA-DE-PAVIMENTO-ASFA\u0301LTICO-DE-LA-AVENIDA-10-DE-ABRIL-EN-LA-DELEGACIO\u0301N-VICENTE-GUERRERO-7.jpg 1600w\" sizes=\"(max-width: 300px) 100vw, 300px\" \/> <img loading=\"lazy\" class=\"alignnone size-medium wp-image-35608\" src=\"https:\/\/cuernavaca.gob.mx\/wp-content\/uploads\/2023\/12\/ENTREGA-JOSE\u0301-LUIS-URIO\u0301STEGUI-LA-PRIMERA-ETAPA-DE-PAVIMENTO-ASFA\u0301LTICO-DE-LA-AVENIDA-10-DE-ABRIL-EN-LA-DELEGACIO\u0301N-VICENTE-GUERRERO-8-300x200.jpg\" alt=\"\" width=\"300\" height=\"200\" srcset=\"https:\/\/cuernavaca.gob.mx\/wp-content\/uploads\/2023\/12\/ENTREGA-JOSE\u0301-LUIS-URIO\u0301STEGUI-LA-PRIMERA-ETAPA-DE-PAVIMENTO-ASFA\u0301LTICO-DE-LA-AVENIDA-10-DE-ABRIL-EN-LA-DELEGACIO\u0301N-VICENTE-GUERRERO-8-300x200.jpg 300w, https:\/\/cuernavaca.gob.mx\/wp-content\/uploads\/2023\/12\/ENTREGA-JOSE\u0301-LUIS-URIO\u0301STEGUI-LA-PRIMERA-ETAPA-DE-PAVIMENTO-ASFA\u0301LTICO-DE-LA-AVENIDA-10-DE-ABRIL-EN-LA-DELEGACIO\u0301N-VICENTE-GUERRERO-8-1024x682.jpg 1024w, https:\/\/cuernavaca.gob.mx\/wp-content\/uploads\/2023\/12\/ENTREGA-JOSE\u0301-LUIS-URIO\u0301STEGUI-LA-PRIMERA-ETAPA-DE-PAVIMENTO-ASFA\u0301LTICO-DE-LA-AVENIDA-10-DE-ABRIL-EN-LA-DELEGACIO\u0301N-VICENTE-GUERRERO-8-768x512.jpg 768w, https:\/\/cuernavaca.gob.mx\/wp-content\/uploads\/2023\/12\/ENTREGA-JOSE\u0301-LUIS-URIO\u0301STEGUI-LA-PRIMERA-ETAPA-DE-PAVIMENTO-ASFA\u0301LTICO-DE-LA-AVENIDA-10-DE-ABRIL-EN-LA-DELEGACIO\u0301N-VICENTE-GUERRERO-8-1536x1023.jpg 1536w, https:\/\/cuernavaca.gob.mx\/wp-content\/uploads\/2023\/12\/ENTREGA-JOSE\u0301-LUIS-URIO\u0301STEGUI-LA-PRIMERA-ETAPA-DE-PAVIMENTO-ASFA\u0301LTICO-DE-LA-AVENIDA-10-DE-ABRIL-EN-LA-DELEGACIO\u0301N-VICENTE-GUERRERO-8-600x400.jpg 600w, https:\/\/cuernavaca.gob.mx\/wp-content\/uploads\/2023\/12\/ENTREGA-JOSE\u0301-LUIS-URIO\u0301STEGUI-LA-PRIMERA-ETAPA-DE-PAVIMENTO-ASFA\u0301LTICO-DE-LA-AVENIDA-10-DE-ABRIL-EN-LA-DELEGACIO\u0301N-VICENTE-GUERRERO-8-560x373.jpg 560w, https:\/\/cuernavaca.gob.mx\/wp-content\/uploads\/2023\/12\/ENTREGA-JOSE\u0301-LUIS-URIO\u0301STEGUI-LA-PRIMERA-ETAPA-DE-PAVIMENTO-ASFA\u0301LTICO-DE-LA-AVENIDA-10-DE-ABRIL-EN-LA-DELEGACIO\u0301N-VICENTE-GUERRERO-8.jpg 1600w\" sizes=\"(max-width: 300px) 100vw, 300px\" \/> <img loading=\"lazy\" class=\"alignnone size-medium wp-image-35609\" src=\"https:\/\/cuernavaca.gob.mx\/wp-content\/uploads\/2023\/12\/ENTREGA-JOSE\u0301-LUIS-URIO\u0301STEGUI-LA-PRIMERA-ETAPA-DE-PAVIMENTO-ASFA\u0301LTICO-DE-LA-AVENIDA-10-DE-ABRIL-EN-LA-DELEGACIO\u0301N-VICENTE-GUERRERO-9-300x200.jpg\" alt=\"\" width=\"300\" height=\"200\" srcset=\"https:\/\/cuernavaca.gob.mx\/wp-content\/uploads\/2023\/12\/ENTREGA-JOSE\u0301-LUIS-URIO\u0301STEGUI-LA-PRIMERA-ETAPA-DE-PAVIMENTO-ASFA\u0301LTICO-DE-LA-AVENIDA-10-DE-ABRIL-EN-LA-DELEGACIO\u0301N-VICENTE-GUERRERO-9-300x200.jpg 300w, https:\/\/cuernavaca.gob.mx\/wp-content\/uploads\/2023\/12\/ENTREGA-JOSE\u0301-LUIS-URIO\u0301STEGUI-LA-PRIMERA-ETAPA-DE-PAVIMENTO-ASFA\u0301LTICO-DE-LA-AVENIDA-10-DE-ABRIL-EN-LA-DELEGACIO\u0301N-VICENTE-GUERRERO-9-1024x682.jpg 1024w, https:\/\/cuernavaca.gob.mx\/wp-content\/uploads\/2023\/12\/ENTREGA-JOSE\u0301-LUIS-URIO\u0301STEGUI-LA-PRIMERA-ETAPA-DE-PAVIMENTO-ASFA\u0301LTICO-DE-LA-AVENIDA-10-DE-ABRIL-EN-LA-DELEGACIO\u0301N-VICENTE-GUERRERO-9-768x512.jpg 768w, https:\/\/cuernavaca.gob.mx\/wp-content\/uploads\/2023\/12\/ENTREGA-JOSE\u0301-LUIS-URIO\u0301STEGUI-LA-PRIMERA-ETAPA-DE-PAVIMENTO-ASFA\u0301LTICO-DE-LA-AVENIDA-10-DE-ABRIL-EN-LA-DELEGACIO\u0301N-VICENTE-GUERRERO-9-1536x1023.jpg 1536w, https:\/\/cuernavaca.gob.mx\/wp-content\/uploads\/2023\/12\/ENTREGA-JOSE\u0301-LUIS-URIO\u0301STEGUI-LA-PRIMERA-ETAPA-DE-PAVIMENTO-ASFA\u0301LTICO-DE-LA-AVENIDA-10-DE-ABRIL-EN-LA-DELEGACIO\u0301N-VICENTE-GUERRERO-9-600x400.jpg 600w, https:\/\/cuernavaca.gob.mx\/wp-content\/uploads\/2023\/12\/ENTREGA-JOSE\u0301-LUIS-URIO\u0301STEGUI-LA-PRIMERA-ETAPA-DE-PAVIMENTO-ASFA\u0301LTICO-DE-LA-AVENIDA-10-DE-ABRIL-EN-LA-DELEGACIO\u0301N-VICENTE-GUERRERO-9-560x373.jpg 560w, https:\/\/cuernavaca.gob.mx\/wp-content\/uploads\/2023\/12\/ENTREGA-JOSE\u0301-LUIS-URIO\u0301STEGUI-LA-PRIMERA-ETAPA-DE-PAVIMENTO-ASFA\u0301LTICO-DE-LA-AVENIDA-10-DE-ABRIL-EN-LA-DELEGACIO\u0301N-VICENTE-GUERRERO-9.jpg 1600w\" sizes=\"(max-width: 300px) 100vw, 300px\" \/><\/p>\n","protected":false},"excerpt":{"rendered":"<p>\u2022 El presidente municipal de Cuernavaca, encabez\u00f3 este mi\u00e9rcoles la entrega de la rehabilitaci\u00f3n de esta avenida que comunica al Paseo Cuauhn\u00e1huac con Sumiya \u2022 Destac\u00f3 que, as\u00ed como ha ocurrido con otras obras a cargo de su administraci\u00f3n, no solo piensan en la circulaci\u00f3n vehicular, sino tambi\u00e9n en la movilidad de las personas y [&hellip;]<\/p>\n","protected":false},"author":1,"featured_media":35601,"comment_status":"closed","ping_status":"open","sticky":false,"template":"","format":"standard","meta":[],"categories":[18],"tags":[121,515,120,206,1075,213,358,127],"aioseo_notices":[],"_links":{"self":[{"href":"https:\/\/cuernavaca.gob.mx\/index.php?rest_route=\/wp\/v2\/posts\/35600"}],"collection":[{"href":"https:\/\/cuernavaca.gob.mx\/index.php?rest_route=\/wp\/v2\/posts"}],"about":[{"href":"https:\/\/cuernavaca.gob.mx\/index.php?rest_route=\/wp\/v2\/types\/post"}],"author":[{"embeddable":true,"href":"https:\/\/cuernavaca.gob.mx\/index.php?rest_route=\/wp\/v2\/users\/1"}],"replies":[{"embeddable":true,"href":"https:\/\/cuernavaca.gob.mx\/index.php?rest_route=%2Fwp%2Fv2%2Fcomments&post=35600"}],"version-history":[{"count":1,"href":"https:\/\/cuernavaca.gob.mx\/index.php?rest_route=\/wp\/v2\/posts\/35600\/revisions"}],"predecessor-version":[{"id":35610,"href":"https:\/\/cuernavaca.gob.mx\/index.php?rest_route=\/wp\/v2\/posts\/35600\/revisions\/35610"}],"wp:featuredmedia":[{"embeddable":true,"href":"https:\/\/cuernavaca.gob.mx\/index.php?rest_route=\/wp\/v2\/media\/35601"}],"wp:attachment":[{"href":"https:\/\/cuernavaca.gob.mx\/index.php?rest_route=%2Fwp%2Fv2%2Fmedia&parent=35600"}],"wp:term":[{"taxonomy":"category","embeddable":true,"href":"https:\/\/cuernavaca.gob.mx\/index.php?rest_route=%2Fwp%2Fv2%2Fcategories&post=35600"},{"taxonomy":"post_tag","embeddable":true,"href":"https:\/\/cuernavaca.gob.mx\/index.php?rest_route=%2Fwp%2Fv2%2Ftags&post=35600"}],"curies":[{"name":"wp","href":"https:\/\/api.w.org\/{rel}","templated":true}]}}