{"id":35623,"date":"2023-12-06T22:00:28","date_gmt":"2023-12-07T04:00:28","guid":{"rendered":"https:\/\/cuernavaca.gob.mx\/?p=35623"},"modified":"2023-12-06T23:14:44","modified_gmt":"2023-12-07T05:14:44","slug":"b1457-06-12-23","status":"publish","type":"post","link":"https:\/\/cuernavaca.gob.mx\/?p=35623","title":{"rendered":"B1457 06\/12\/23 AYUNTAMIENTO DE CUERNAVACA RECUPERA EL BRILLO Y ESPLENDOR DE LA GLORIETA DE LA PALOMA DE LA PAZ"},"content":{"rendered":"<p><strong>\u00b0 Con recursos propios municipales y tras a\u00f1os de olvido, Jos\u00e9 Luis Uri\u00f3stegui inaugur\u00f3 la rehabilitaci\u00f3n de esta escultura del Maestro V\u00edctor Manuel Contreras<\/strong><\/p>\n<p><strong>\u00b0 Para estos trabajos de rescate de uno de los referentes de la Ciudad Capital de Morelos se coordinaron diferentes Secretar\u00edas del Gobierno Municipal<\/strong><\/p>\n<p>La ciudad de Cuernavaca sigue renaciendo a trav\u00e9s del rescate de sus espacios p\u00fablicos, donde el arte y la cultura tienen cabida para el disfrute de habitantes y visitantes, se\u00f1al\u00f3 el presidente municipal Jos\u00e9 Luis Uri\u00f3stegui Salgado, al encabezar la inauguraci\u00f3n de la obra de rehabilitaci\u00f3n de la glorieta de la Paloma de la Paz, obra del legado que dej\u00f3 el maestro Victor Manuel Contreras.<\/p>\n<p>Acompa\u00f1ado de la presidenta del Sistema DIF Cuernavaca, Luz Mar\u00eda Zagal Guzm\u00e1n e integrantes del Cabildo, Jos\u00e9 Luis Uri\u00f3stegui expres\u00f3 que esta obra refleja los anhelos de una ciudad que con decisi\u00f3n, entrega y compromiso del Gobierno Municipal, est\u00e1 recuperando su esplendor.<\/p>\n<p>Para la rehabilitaci\u00f3n de la Glorieta y la intervenci\u00f3n de rescate que tuvo la escultura de la Paloma de la Paz, se ejerci\u00f3 una inversi\u00f3n de un mill\u00f3n 346 mil pesos de recursos propios municipales.<\/p>\n<p>De acuerdo a la explicaci\u00f3n del secretario de Desarrollo Urbano y Obras P\u00fablicas de Cuernavaca, Demetrio Chavira de la Torre, estos trabajos realizados de manera conjunta con la Secretar\u00eda de Desarrollo Sustentable y Servicios P\u00fablicos, adem\u00e1s de la escultura, se repar\u00f3 la fuente, se rehabilit\u00f3 toda la zona verde con pasto y plantas de nochebuena de Tetela del Monte, su iluminaci\u00f3n y la del entorno, como la mega lampara frente a la Paloma de la Paz, poda de \u00e1rboles y palmeras para permitir una mayor visibilidad y seguridad para visitarla.<\/p>\n<p>Como invitado especial, asisti\u00f3 Alejandro Trujillo, sobrino del escultor V\u00edctor Manuel Contreras, quien agradeci\u00f3 al Ayuntamiento de Cuernavaca generar un espacio digno para una de las obras m\u00e1s importantes del Maestro Contreras, la Paloma de la Paz que fue sujeta a un proceso de preservaci\u00f3n especial para el brillo.<\/p>\n<p>En esta ceremonia, Jos\u00e9 Luis Uri\u00f3stegui agradeci\u00f3 el acompa\u00f1amiento y respaldo a los regidores Paz Hern\u00e1ndez Pardo, Fernando Carrillo Alvarado, Christian P\u00e9rez Jaimes, Jes\u00fas Rosales Puebla, V\u00edctor Manzo God\u00ednez, y Adri\u00e1n Mart\u00ednez Terrazas, as\u00ed como de los diputados locales, Andrea Gordillo Vega y \u00c1ngel Adame Jim\u00e9nez<\/p>\n<p><img loading=\"lazy\" class=\"alignnone size-medium wp-image-35624\" src=\"https:\/\/cuernavaca.gob.mx\/wp-content\/uploads\/2023\/12\/AYUNTAMIENTO-DE-CUERNAVACA-RECUPERA-EL-BRILLO-Y-ESPLENDOR-DE-LA-GLORIETA-DE-LA-PALOMA-DE-LA-PAZ-1-300x225.jpeg\" alt=\"\" width=\"300\" height=\"225\" srcset=\"https:\/\/cuernavaca.gob.mx\/wp-content\/uploads\/2023\/12\/AYUNTAMIENTO-DE-CUERNAVACA-RECUPERA-EL-BRILLO-Y-ESPLENDOR-DE-LA-GLORIETA-DE-LA-PALOMA-DE-LA-PAZ-1-300x225.jpeg 300w, https:\/\/cuernavaca.gob.mx\/wp-content\/uploads\/2023\/12\/AYUNTAMIENTO-DE-CUERNAVACA-RECUPERA-EL-BRILLO-Y-ESPLENDOR-DE-LA-GLORIETA-DE-LA-PALOMA-DE-LA-PAZ-1-768x576.jpeg 768w, https:\/\/cuernavaca.gob.mx\/wp-content\/uploads\/2023\/12\/AYUNTAMIENTO-DE-CUERNAVACA-RECUPERA-EL-BRILLO-Y-ESPLENDOR-DE-LA-GLORIETA-DE-LA-PALOMA-DE-LA-PAZ-1-600x450.jpeg 600w, https:\/\/cuernavaca.gob.mx\/wp-content\/uploads\/2023\/12\/AYUNTAMIENTO-DE-CUERNAVACA-RECUPERA-EL-BRILLO-Y-ESPLENDOR-DE-LA-GLORIETA-DE-LA-PALOMA-DE-LA-PAZ-1-560x420.jpeg 560w, https:\/\/cuernavaca.gob.mx\/wp-content\/uploads\/2023\/12\/AYUNTAMIENTO-DE-CUERNAVACA-RECUPERA-EL-BRILLO-Y-ESPLENDOR-DE-LA-GLORIETA-DE-LA-PALOMA-DE-LA-PAZ-1.jpeg 960w\" sizes=\"(max-width: 300px) 100vw, 300px\" \/> <img loading=\"lazy\" class=\"alignnone size-medium wp-image-35625\" src=\"https:\/\/cuernavaca.gob.mx\/wp-content\/uploads\/2023\/12\/AYUNTAMIENTO-DE-CUERNAVACA-RECUPERA-EL-BRILLO-Y-ESPLENDOR-DE-LA-GLORIETA-DE-LA-PALOMA-DE-LA-PAZ-2-300x200.jpeg\" alt=\"\" width=\"300\" height=\"200\" srcset=\"https:\/\/cuernavaca.gob.mx\/wp-content\/uploads\/2023\/12\/AYUNTAMIENTO-DE-CUERNAVACA-RECUPERA-EL-BRILLO-Y-ESPLENDOR-DE-LA-GLORIETA-DE-LA-PALOMA-DE-LA-PAZ-2-300x200.jpeg 300w, https:\/\/cuernavaca.gob.mx\/wp-content\/uploads\/2023\/12\/AYUNTAMIENTO-DE-CUERNAVACA-RECUPERA-EL-BRILLO-Y-ESPLENDOR-DE-LA-GLORIETA-DE-LA-PALOMA-DE-LA-PAZ-2-1024x682.jpeg 1024w, https:\/\/cuernavaca.gob.mx\/wp-content\/uploads\/2023\/12\/AYUNTAMIENTO-DE-CUERNAVACA-RECUPERA-EL-BRILLO-Y-ESPLENDOR-DE-LA-GLORIETA-DE-LA-PALOMA-DE-LA-PAZ-2-768x512.jpeg 768w, https:\/\/cuernavaca.gob.mx\/wp-content\/uploads\/2023\/12\/AYUNTAMIENTO-DE-CUERNAVACA-RECUPERA-EL-BRILLO-Y-ESPLENDOR-DE-LA-GLORIETA-DE-LA-PALOMA-DE-LA-PAZ-2-1536x1023.jpeg 1536w, https:\/\/cuernavaca.gob.mx\/wp-content\/uploads\/2023\/12\/AYUNTAMIENTO-DE-CUERNAVACA-RECUPERA-EL-BRILLO-Y-ESPLENDOR-DE-LA-GLORIETA-DE-LA-PALOMA-DE-LA-PAZ-2-600x400.jpeg 600w, https:\/\/cuernavaca.gob.mx\/wp-content\/uploads\/2023\/12\/AYUNTAMIENTO-DE-CUERNAVACA-RECUPERA-EL-BRILLO-Y-ESPLENDOR-DE-LA-GLORIETA-DE-LA-PALOMA-DE-LA-PAZ-2-560x373.jpeg 560w, https:\/\/cuernavaca.gob.mx\/wp-content\/uploads\/2023\/12\/AYUNTAMIENTO-DE-CUERNAVACA-RECUPERA-EL-BRILLO-Y-ESPLENDOR-DE-LA-GLORIETA-DE-LA-PALOMA-DE-LA-PAZ-2.jpeg 1600w\" sizes=\"(max-width: 300px) 100vw, 300px\" \/> <img loading=\"lazy\" class=\"alignnone size-medium wp-image-35626\" src=\"https:\/\/cuernavaca.gob.mx\/wp-content\/uploads\/2023\/12\/AYUNTAMIENTO-DE-CUERNAVACA-RECUPERA-EL-BRILLO-Y-ESPLENDOR-DE-LA-GLORIETA-DE-LA-PALOMA-DE-LA-PAZ-3-300x200.jpeg\" alt=\"\" width=\"300\" height=\"200\" srcset=\"https:\/\/cuernavaca.gob.mx\/wp-content\/uploads\/2023\/12\/AYUNTAMIENTO-DE-CUERNAVACA-RECUPERA-EL-BRILLO-Y-ESPLENDOR-DE-LA-GLORIETA-DE-LA-PALOMA-DE-LA-PAZ-3-300x200.jpeg 300w, https:\/\/cuernavaca.gob.mx\/wp-content\/uploads\/2023\/12\/AYUNTAMIENTO-DE-CUERNAVACA-RECUPERA-EL-BRILLO-Y-ESPLENDOR-DE-LA-GLORIETA-DE-LA-PALOMA-DE-LA-PAZ-3-1024x682.jpeg 1024w, https:\/\/cuernavaca.gob.mx\/wp-content\/uploads\/2023\/12\/AYUNTAMIENTO-DE-CUERNAVACA-RECUPERA-EL-BRILLO-Y-ESPLENDOR-DE-LA-GLORIETA-DE-LA-PALOMA-DE-LA-PAZ-3-768x512.jpeg 768w, https:\/\/cuernavaca.gob.mx\/wp-content\/uploads\/2023\/12\/AYUNTAMIENTO-DE-CUERNAVACA-RECUPERA-EL-BRILLO-Y-ESPLENDOR-DE-LA-GLORIETA-DE-LA-PALOMA-DE-LA-PAZ-3-1536x1023.jpeg 1536w, https:\/\/cuernavaca.gob.mx\/wp-content\/uploads\/2023\/12\/AYUNTAMIENTO-DE-CUERNAVACA-RECUPERA-EL-BRILLO-Y-ESPLENDOR-DE-LA-GLORIETA-DE-LA-PALOMA-DE-LA-PAZ-3-600x400.jpeg 600w, https:\/\/cuernavaca.gob.mx\/wp-content\/uploads\/2023\/12\/AYUNTAMIENTO-DE-CUERNAVACA-RECUPERA-EL-BRILLO-Y-ESPLENDOR-DE-LA-GLORIETA-DE-LA-PALOMA-DE-LA-PAZ-3-560x373.jpeg 560w, https:\/\/cuernavaca.gob.mx\/wp-content\/uploads\/2023\/12\/AYUNTAMIENTO-DE-CUERNAVACA-RECUPERA-EL-BRILLO-Y-ESPLENDOR-DE-LA-GLORIETA-DE-LA-PALOMA-DE-LA-PAZ-3.jpeg 1600w\" sizes=\"(max-width: 300px) 100vw, 300px\" \/> <img loading=\"lazy\" class=\"alignnone size-medium wp-image-35627\" src=\"https:\/\/cuernavaca.gob.mx\/wp-content\/uploads\/2023\/12\/AYUNTAMIENTO-DE-CUERNAVACA-RECUPERA-EL-BRILLO-Y-ESPLENDOR-DE-LA-GLORIETA-DE-LA-PALOMA-DE-LA-PAZ-4-300x200.jpeg\" alt=\"\" width=\"300\" height=\"200\" srcset=\"https:\/\/cuernavaca.gob.mx\/wp-content\/uploads\/2023\/12\/AYUNTAMIENTO-DE-CUERNAVACA-RECUPERA-EL-BRILLO-Y-ESPLENDOR-DE-LA-GLORIETA-DE-LA-PALOMA-DE-LA-PAZ-4-300x200.jpeg 300w, https:\/\/cuernavaca.gob.mx\/wp-content\/uploads\/2023\/12\/AYUNTAMIENTO-DE-CUERNAVACA-RECUPERA-EL-BRILLO-Y-ESPLENDOR-DE-LA-GLORIETA-DE-LA-PALOMA-DE-LA-PAZ-4-1024x682.jpeg 1024w, https:\/\/cuernavaca.gob.mx\/wp-content\/uploads\/2023\/12\/AYUNTAMIENTO-DE-CUERNAVACA-RECUPERA-EL-BRILLO-Y-ESPLENDOR-DE-LA-GLORIETA-DE-LA-PALOMA-DE-LA-PAZ-4-768x512.jpeg 768w, https:\/\/cuernavaca.gob.mx\/wp-content\/uploads\/2023\/12\/AYUNTAMIENTO-DE-CUERNAVACA-RECUPERA-EL-BRILLO-Y-ESPLENDOR-DE-LA-GLORIETA-DE-LA-PALOMA-DE-LA-PAZ-4-1536x1023.jpeg 1536w, https:\/\/cuernavaca.gob.mx\/wp-content\/uploads\/2023\/12\/AYUNTAMIENTO-DE-CUERNAVACA-RECUPERA-EL-BRILLO-Y-ESPLENDOR-DE-LA-GLORIETA-DE-LA-PALOMA-DE-LA-PAZ-4-600x400.jpeg 600w, https:\/\/cuernavaca.gob.mx\/wp-content\/uploads\/2023\/12\/AYUNTAMIENTO-DE-CUERNAVACA-RECUPERA-EL-BRILLO-Y-ESPLENDOR-DE-LA-GLORIETA-DE-LA-PALOMA-DE-LA-PAZ-4-560x373.jpeg 560w, https:\/\/cuernavaca.gob.mx\/wp-content\/uploads\/2023\/12\/AYUNTAMIENTO-DE-CUERNAVACA-RECUPERA-EL-BRILLO-Y-ESPLENDOR-DE-LA-GLORIETA-DE-LA-PALOMA-DE-LA-PAZ-4.jpeg 1600w\" sizes=\"(max-width: 300px) 100vw, 300px\" \/> <img loading=\"lazy\" class=\"alignnone size-medium wp-image-35628\" src=\"https:\/\/cuernavaca.gob.mx\/wp-content\/uploads\/2023\/12\/AYUNTAMIENTO-DE-CUERNAVACA-RECUPERA-EL-BRILLO-Y-ESPLENDOR-DE-LA-GLORIETA-DE-LA-PALOMA-DE-LA-PAZ-5-300x200.jpeg\" alt=\"\" width=\"300\" height=\"200\" srcset=\"https:\/\/cuernavaca.gob.mx\/wp-content\/uploads\/2023\/12\/AYUNTAMIENTO-DE-CUERNAVACA-RECUPERA-EL-BRILLO-Y-ESPLENDOR-DE-LA-GLORIETA-DE-LA-PALOMA-DE-LA-PAZ-5-300x200.jpeg 300w, https:\/\/cuernavaca.gob.mx\/wp-content\/uploads\/2023\/12\/AYUNTAMIENTO-DE-CUERNAVACA-RECUPERA-EL-BRILLO-Y-ESPLENDOR-DE-LA-GLORIETA-DE-LA-PALOMA-DE-LA-PAZ-5-1024x682.jpeg 1024w, https:\/\/cuernavaca.gob.mx\/wp-content\/uploads\/2023\/12\/AYUNTAMIENTO-DE-CUERNAVACA-RECUPERA-EL-BRILLO-Y-ESPLENDOR-DE-LA-GLORIETA-DE-LA-PALOMA-DE-LA-PAZ-5-768x512.jpeg 768w, https:\/\/cuernavaca.gob.mx\/wp-content\/uploads\/2023\/12\/AYUNTAMIENTO-DE-CUERNAVACA-RECUPERA-EL-BRILLO-Y-ESPLENDOR-DE-LA-GLORIETA-DE-LA-PALOMA-DE-LA-PAZ-5-1536x1023.jpeg 1536w, https:\/\/cuernavaca.gob.mx\/wp-content\/uploads\/2023\/12\/AYUNTAMIENTO-DE-CUERNAVACA-RECUPERA-EL-BRILLO-Y-ESPLENDOR-DE-LA-GLORIETA-DE-LA-PALOMA-DE-LA-PAZ-5-600x400.jpeg 600w, https:\/\/cuernavaca.gob.mx\/wp-content\/uploads\/2023\/12\/AYUNTAMIENTO-DE-CUERNAVACA-RECUPERA-EL-BRILLO-Y-ESPLENDOR-DE-LA-GLORIETA-DE-LA-PALOMA-DE-LA-PAZ-5-560x373.jpeg 560w, https:\/\/cuernavaca.gob.mx\/wp-content\/uploads\/2023\/12\/AYUNTAMIENTO-DE-CUERNAVACA-RECUPERA-EL-BRILLO-Y-ESPLENDOR-DE-LA-GLORIETA-DE-LA-PALOMA-DE-LA-PAZ-5.jpeg 1600w\" sizes=\"(max-width: 300px) 100vw, 300px\" \/> <img loading=\"lazy\" class=\"alignnone size-medium wp-image-35629\" src=\"https:\/\/cuernavaca.gob.mx\/wp-content\/uploads\/2023\/12\/AYUNTAMIENTO-DE-CUERNAVACA-RECUPERA-EL-BRILLO-Y-ESPLENDOR-DE-LA-GLORIETA-DE-LA-PALOMA-DE-LA-PAZ-6-200x300.jpeg\" alt=\"\" width=\"200\" height=\"300\" srcset=\"https:\/\/cuernavaca.gob.mx\/wp-content\/uploads\/2023\/12\/AYUNTAMIENTO-DE-CUERNAVACA-RECUPERA-EL-BRILLO-Y-ESPLENDOR-DE-LA-GLORIETA-DE-LA-PALOMA-DE-LA-PAZ-6-200x300.jpeg 200w, https:\/\/cuernavaca.gob.mx\/wp-content\/uploads\/2023\/12\/AYUNTAMIENTO-DE-CUERNAVACA-RECUPERA-EL-BRILLO-Y-ESPLENDOR-DE-LA-GLORIETA-DE-LA-PALOMA-DE-LA-PAZ-6-682x1024.jpeg 682w, https:\/\/cuernavaca.gob.mx\/wp-content\/uploads\/2023\/12\/AYUNTAMIENTO-DE-CUERNAVACA-RECUPERA-EL-BRILLO-Y-ESPLENDOR-DE-LA-GLORIETA-DE-LA-PALOMA-DE-LA-PAZ-6-768x1153.jpeg 768w, https:\/\/cuernavaca.gob.mx\/wp-content\/uploads\/2023\/12\/AYUNTAMIENTO-DE-CUERNAVACA-RECUPERA-EL-BRILLO-Y-ESPLENDOR-DE-LA-GLORIETA-DE-LA-PALOMA-DE-LA-PAZ-6-1023x1536.jpeg 1023w, https:\/\/cuernavaca.gob.mx\/wp-content\/uploads\/2023\/12\/AYUNTAMIENTO-DE-CUERNAVACA-RECUPERA-EL-BRILLO-Y-ESPLENDOR-DE-LA-GLORIETA-DE-LA-PALOMA-DE-LA-PAZ-6-400x600.jpeg 400w, https:\/\/cuernavaca.gob.mx\/wp-content\/uploads\/2023\/12\/AYUNTAMIENTO-DE-CUERNAVACA-RECUPERA-EL-BRILLO-Y-ESPLENDOR-DE-LA-GLORIETA-DE-LA-PALOMA-DE-LA-PAZ-6-373x560.jpeg 373w, https:\/\/cuernavaca.gob.mx\/wp-content\/uploads\/2023\/12\/AYUNTAMIENTO-DE-CUERNAVACA-RECUPERA-EL-BRILLO-Y-ESPLENDOR-DE-LA-GLORIETA-DE-LA-PALOMA-DE-LA-PAZ-6.jpeg 1066w\" sizes=\"(max-width: 200px) 100vw, 200px\" \/> <img loading=\"lazy\" class=\"alignnone size-medium wp-image-35630\" src=\"https:\/\/cuernavaca.gob.mx\/wp-content\/uploads\/2023\/12\/AYUNTAMIENTO-DE-CUERNAVACA-RECUPERA-EL-BRILLO-Y-ESPLENDOR-DE-LA-GLORIETA-DE-LA-PALOMA-DE-LA-PAZ-7-200x300.jpeg\" alt=\"\" width=\"200\" height=\"300\" srcset=\"https:\/\/cuernavaca.gob.mx\/wp-content\/uploads\/2023\/12\/AYUNTAMIENTO-DE-CUERNAVACA-RECUPERA-EL-BRILLO-Y-ESPLENDOR-DE-LA-GLORIETA-DE-LA-PALOMA-DE-LA-PAZ-7-200x300.jpeg 200w, https:\/\/cuernavaca.gob.mx\/wp-content\/uploads\/2023\/12\/AYUNTAMIENTO-DE-CUERNAVACA-RECUPERA-EL-BRILLO-Y-ESPLENDOR-DE-LA-GLORIETA-DE-LA-PALOMA-DE-LA-PAZ-7-682x1024.jpeg 682w, https:\/\/cuernavaca.gob.mx\/wp-content\/uploads\/2023\/12\/AYUNTAMIENTO-DE-CUERNAVACA-RECUPERA-EL-BRILLO-Y-ESPLENDOR-DE-LA-GLORIETA-DE-LA-PALOMA-DE-LA-PAZ-7-768x1153.jpeg 768w, https:\/\/cuernavaca.gob.mx\/wp-content\/uploads\/2023\/12\/AYUNTAMIENTO-DE-CUERNAVACA-RECUPERA-EL-BRILLO-Y-ESPLENDOR-DE-LA-GLORIETA-DE-LA-PALOMA-DE-LA-PAZ-7-1023x1536.jpeg 1023w, https:\/\/cuernavaca.gob.mx\/wp-content\/uploads\/2023\/12\/AYUNTAMIENTO-DE-CUERNAVACA-RECUPERA-EL-BRILLO-Y-ESPLENDOR-DE-LA-GLORIETA-DE-LA-PALOMA-DE-LA-PAZ-7-400x600.jpeg 400w, https:\/\/cuernavaca.gob.mx\/wp-content\/uploads\/2023\/12\/AYUNTAMIENTO-DE-CUERNAVACA-RECUPERA-EL-BRILLO-Y-ESPLENDOR-DE-LA-GLORIETA-DE-LA-PALOMA-DE-LA-PAZ-7-373x560.jpeg 373w, https:\/\/cuernavaca.gob.mx\/wp-content\/uploads\/2023\/12\/AYUNTAMIENTO-DE-CUERNAVACA-RECUPERA-EL-BRILLO-Y-ESPLENDOR-DE-LA-GLORIETA-DE-LA-PALOMA-DE-LA-PAZ-7.jpeg 1066w\" sizes=\"(max-width: 200px) 100vw, 200px\" \/> <img loading=\"lazy\" class=\"alignnone size-medium wp-image-35631\" src=\"https:\/\/cuernavaca.gob.mx\/wp-content\/uploads\/2023\/12\/AYUNTAMIENTO-DE-CUERNAVACA-RECUPERA-EL-BRILLO-Y-ESPLENDOR-DE-LA-GLORIETA-DE-LA-PALOMA-DE-LA-PAZ-8-300x200.jpeg\" alt=\"\" width=\"300\" height=\"200\" srcset=\"https:\/\/cuernavaca.gob.mx\/wp-content\/uploads\/2023\/12\/AYUNTAMIENTO-DE-CUERNAVACA-RECUPERA-EL-BRILLO-Y-ESPLENDOR-DE-LA-GLORIETA-DE-LA-PALOMA-DE-LA-PAZ-8-300x200.jpeg 300w, https:\/\/cuernavaca.gob.mx\/wp-content\/uploads\/2023\/12\/AYUNTAMIENTO-DE-CUERNAVACA-RECUPERA-EL-BRILLO-Y-ESPLENDOR-DE-LA-GLORIETA-DE-LA-PALOMA-DE-LA-PAZ-8-1024x682.jpeg 1024w, https:\/\/cuernavaca.gob.mx\/wp-content\/uploads\/2023\/12\/AYUNTAMIENTO-DE-CUERNAVACA-RECUPERA-EL-BRILLO-Y-ESPLENDOR-DE-LA-GLORIETA-DE-LA-PALOMA-DE-LA-PAZ-8-768x512.jpeg 768w, https:\/\/cuernavaca.gob.mx\/wp-content\/uploads\/2023\/12\/AYUNTAMIENTO-DE-CUERNAVACA-RECUPERA-EL-BRILLO-Y-ESPLENDOR-DE-LA-GLORIETA-DE-LA-PALOMA-DE-LA-PAZ-8-1536x1023.jpeg 1536w, https:\/\/cuernavaca.gob.mx\/wp-content\/uploads\/2023\/12\/AYUNTAMIENTO-DE-CUERNAVACA-RECUPERA-EL-BRILLO-Y-ESPLENDOR-DE-LA-GLORIETA-DE-LA-PALOMA-DE-LA-PAZ-8-600x400.jpeg 600w, https:\/\/cuernavaca.gob.mx\/wp-content\/uploads\/2023\/12\/AYUNTAMIENTO-DE-CUERNAVACA-RECUPERA-EL-BRILLO-Y-ESPLENDOR-DE-LA-GLORIETA-DE-LA-PALOMA-DE-LA-PAZ-8-560x373.jpeg 560w, https:\/\/cuernavaca.gob.mx\/wp-content\/uploads\/2023\/12\/AYUNTAMIENTO-DE-CUERNAVACA-RECUPERA-EL-BRILLO-Y-ESPLENDOR-DE-LA-GLORIETA-DE-LA-PALOMA-DE-LA-PAZ-8.jpeg 1600w\" sizes=\"(max-width: 300px) 100vw, 300px\" \/> <img loading=\"lazy\" class=\"alignnone size-medium wp-image-35632\" src=\"https:\/\/cuernavaca.gob.mx\/wp-content\/uploads\/2023\/12\/AYUNTAMIENTO-DE-CUERNAVACA-RECUPERA-EL-BRILLO-Y-ESPLENDOR-DE-LA-GLORIETA-DE-LA-PALOMA-DE-LA-PAZ-9-300x200.jpeg\" alt=\"\" width=\"300\" height=\"200\" srcset=\"https:\/\/cuernavaca.gob.mx\/wp-content\/uploads\/2023\/12\/AYUNTAMIENTO-DE-CUERNAVACA-RECUPERA-EL-BRILLO-Y-ESPLENDOR-DE-LA-GLORIETA-DE-LA-PALOMA-DE-LA-PAZ-9-300x200.jpeg 300w, https:\/\/cuernavaca.gob.mx\/wp-content\/uploads\/2023\/12\/AYUNTAMIENTO-DE-CUERNAVACA-RECUPERA-EL-BRILLO-Y-ESPLENDOR-DE-LA-GLORIETA-DE-LA-PALOMA-DE-LA-PAZ-9-1024x682.jpeg 1024w, https:\/\/cuernavaca.gob.mx\/wp-content\/uploads\/2023\/12\/AYUNTAMIENTO-DE-CUERNAVACA-RECUPERA-EL-BRILLO-Y-ESPLENDOR-DE-LA-GLORIETA-DE-LA-PALOMA-DE-LA-PAZ-9-768x512.jpeg 768w, https:\/\/cuernavaca.gob.mx\/wp-content\/uploads\/2023\/12\/AYUNTAMIENTO-DE-CUERNAVACA-RECUPERA-EL-BRILLO-Y-ESPLENDOR-DE-LA-GLORIETA-DE-LA-PALOMA-DE-LA-PAZ-9-1536x1023.jpeg 1536w, https:\/\/cuernavaca.gob.mx\/wp-content\/uploads\/2023\/12\/AYUNTAMIENTO-DE-CUERNAVACA-RECUPERA-EL-BRILLO-Y-ESPLENDOR-DE-LA-GLORIETA-DE-LA-PALOMA-DE-LA-PAZ-9-600x400.jpeg 600w, https:\/\/cuernavaca.gob.mx\/wp-content\/uploads\/2023\/12\/AYUNTAMIENTO-DE-CUERNAVACA-RECUPERA-EL-BRILLO-Y-ESPLENDOR-DE-LA-GLORIETA-DE-LA-PALOMA-DE-LA-PAZ-9-560x373.jpeg 560w, https:\/\/cuernavaca.gob.mx\/wp-content\/uploads\/2023\/12\/AYUNTAMIENTO-DE-CUERNAVACA-RECUPERA-EL-BRILLO-Y-ESPLENDOR-DE-LA-GLORIETA-DE-LA-PALOMA-DE-LA-PAZ-9.jpeg 1600w\" sizes=\"(max-width: 300px) 100vw, 300px\" \/> <img loading=\"lazy\" class=\"alignnone size-medium wp-image-35633\" src=\"https:\/\/cuernavaca.gob.mx\/wp-content\/uploads\/2023\/12\/AYUNTAMIENTO-DE-CUERNAVACA-RECUPERA-EL-BRILLO-Y-ESPLENDOR-DE-LA-GLORIETA-DE-LA-PALOMA-DE-LA-PAZ-10-300x200.jpeg\" alt=\"\" width=\"300\" height=\"200\" srcset=\"https:\/\/cuernavaca.gob.mx\/wp-content\/uploads\/2023\/12\/AYUNTAMIENTO-DE-CUERNAVACA-RECUPERA-EL-BRILLO-Y-ESPLENDOR-DE-LA-GLORIETA-DE-LA-PALOMA-DE-LA-PAZ-10-300x200.jpeg 300w, https:\/\/cuernavaca.gob.mx\/wp-content\/uploads\/2023\/12\/AYUNTAMIENTO-DE-CUERNAVACA-RECUPERA-EL-BRILLO-Y-ESPLENDOR-DE-LA-GLORIETA-DE-LA-PALOMA-DE-LA-PAZ-10-1024x682.jpeg 1024w, https:\/\/cuernavaca.gob.mx\/wp-content\/uploads\/2023\/12\/AYUNTAMIENTO-DE-CUERNAVACA-RECUPERA-EL-BRILLO-Y-ESPLENDOR-DE-LA-GLORIETA-DE-LA-PALOMA-DE-LA-PAZ-10-768x512.jpeg 768w, https:\/\/cuernavaca.gob.mx\/wp-content\/uploads\/2023\/12\/AYUNTAMIENTO-DE-CUERNAVACA-RECUPERA-EL-BRILLO-Y-ESPLENDOR-DE-LA-GLORIETA-DE-LA-PALOMA-DE-LA-PAZ-10-1536x1023.jpeg 1536w, https:\/\/cuernavaca.gob.mx\/wp-content\/uploads\/2023\/12\/AYUNTAMIENTO-DE-CUERNAVACA-RECUPERA-EL-BRILLO-Y-ESPLENDOR-DE-LA-GLORIETA-DE-LA-PALOMA-DE-LA-PAZ-10-600x400.jpeg 600w, https:\/\/cuernavaca.gob.mx\/wp-content\/uploads\/2023\/12\/AYUNTAMIENTO-DE-CUERNAVACA-RECUPERA-EL-BRILLO-Y-ESPLENDOR-DE-LA-GLORIETA-DE-LA-PALOMA-DE-LA-PAZ-10-560x373.jpeg 560w, https:\/\/cuernavaca.gob.mx\/wp-content\/uploads\/2023\/12\/AYUNTAMIENTO-DE-CUERNAVACA-RECUPERA-EL-BRILLO-Y-ESPLENDOR-DE-LA-GLORIETA-DE-LA-PALOMA-DE-LA-PAZ-10.jpeg 1600w\" sizes=\"(max-width: 300px) 100vw, 300px\" \/> <img loading=\"lazy\" class=\"alignnone size-medium wp-image-35634\" src=\"https:\/\/cuernavaca.gob.mx\/wp-content\/uploads\/2023\/12\/AYUNTAMIENTO-DE-CUERNAVACA-RECUPERA-EL-BRILLO-Y-ESPLENDOR-DE-LA-GLORIETA-DE-LA-PALOMA-DE-LA-PAZ-11-300x200.jpeg\" alt=\"\" width=\"300\" height=\"200\" srcset=\"https:\/\/cuernavaca.gob.mx\/wp-content\/uploads\/2023\/12\/AYUNTAMIENTO-DE-CUERNAVACA-RECUPERA-EL-BRILLO-Y-ESPLENDOR-DE-LA-GLORIETA-DE-LA-PALOMA-DE-LA-PAZ-11-300x200.jpeg 300w, https:\/\/cuernavaca.gob.mx\/wp-content\/uploads\/2023\/12\/AYUNTAMIENTO-DE-CUERNAVACA-RECUPERA-EL-BRILLO-Y-ESPLENDOR-DE-LA-GLORIETA-DE-LA-PALOMA-DE-LA-PAZ-11-1024x682.jpeg 1024w, https:\/\/cuernavaca.gob.mx\/wp-content\/uploads\/2023\/12\/AYUNTAMIENTO-DE-CUERNAVACA-RECUPERA-EL-BRILLO-Y-ESPLENDOR-DE-LA-GLORIETA-DE-LA-PALOMA-DE-LA-PAZ-11-768x512.jpeg 768w, https:\/\/cuernavaca.gob.mx\/wp-content\/uploads\/2023\/12\/AYUNTAMIENTO-DE-CUERNAVACA-RECUPERA-EL-BRILLO-Y-ESPLENDOR-DE-LA-GLORIETA-DE-LA-PALOMA-DE-LA-PAZ-11-1536x1023.jpeg 1536w, https:\/\/cuernavaca.gob.mx\/wp-content\/uploads\/2023\/12\/AYUNTAMIENTO-DE-CUERNAVACA-RECUPERA-EL-BRILLO-Y-ESPLENDOR-DE-LA-GLORIETA-DE-LA-PALOMA-DE-LA-PAZ-11-600x400.jpeg 600w, https:\/\/cuernavaca.gob.mx\/wp-content\/uploads\/2023\/12\/AYUNTAMIENTO-DE-CUERNAVACA-RECUPERA-EL-BRILLO-Y-ESPLENDOR-DE-LA-GLORIETA-DE-LA-PALOMA-DE-LA-PAZ-11-560x373.jpeg 560w, https:\/\/cuernavaca.gob.mx\/wp-content\/uploads\/2023\/12\/AYUNTAMIENTO-DE-CUERNAVACA-RECUPERA-EL-BRILLO-Y-ESPLENDOR-DE-LA-GLORIETA-DE-LA-PALOMA-DE-LA-PAZ-11.jpeg 1600w\" sizes=\"(max-width: 300px) 100vw, 300px\" \/> <img loading=\"lazy\" class=\"alignnone size-medium wp-image-35635\" src=\"https:\/\/cuernavaca.gob.mx\/wp-content\/uploads\/2023\/12\/AYUNTAMIENTO-DE-CUERNAVACA-RECUPERA-EL-BRILLO-Y-ESPLENDOR-DE-LA-GLORIETA-DE-LA-PALOMA-DE-LA-PAZ-12-300x200.jpeg\" alt=\"\" width=\"300\" height=\"200\" srcset=\"https:\/\/cuernavaca.gob.mx\/wp-content\/uploads\/2023\/12\/AYUNTAMIENTO-DE-CUERNAVACA-RECUPERA-EL-BRILLO-Y-ESPLENDOR-DE-LA-GLORIETA-DE-LA-PALOMA-DE-LA-PAZ-12-300x200.jpeg 300w, https:\/\/cuernavaca.gob.mx\/wp-content\/uploads\/2023\/12\/AYUNTAMIENTO-DE-CUERNAVACA-RECUPERA-EL-BRILLO-Y-ESPLENDOR-DE-LA-GLORIETA-DE-LA-PALOMA-DE-LA-PAZ-12-1024x682.jpeg 1024w, https:\/\/cuernavaca.gob.mx\/wp-content\/uploads\/2023\/12\/AYUNTAMIENTO-DE-CUERNAVACA-RECUPERA-EL-BRILLO-Y-ESPLENDOR-DE-LA-GLORIETA-DE-LA-PALOMA-DE-LA-PAZ-12-768x512.jpeg 768w, https:\/\/cuernavaca.gob.mx\/wp-content\/uploads\/2023\/12\/AYUNTAMIENTO-DE-CUERNAVACA-RECUPERA-EL-BRILLO-Y-ESPLENDOR-DE-LA-GLORIETA-DE-LA-PALOMA-DE-LA-PAZ-12-1536x1023.jpeg 1536w, https:\/\/cuernavaca.gob.mx\/wp-content\/uploads\/2023\/12\/AYUNTAMIENTO-DE-CUERNAVACA-RECUPERA-EL-BRILLO-Y-ESPLENDOR-DE-LA-GLORIETA-DE-LA-PALOMA-DE-LA-PAZ-12-600x400.jpeg 600w, https:\/\/cuernavaca.gob.mx\/wp-content\/uploads\/2023\/12\/AYUNTAMIENTO-DE-CUERNAVACA-RECUPERA-EL-BRILLO-Y-ESPLENDOR-DE-LA-GLORIETA-DE-LA-PALOMA-DE-LA-PAZ-12-560x373.jpeg 560w, https:\/\/cuernavaca.gob.mx\/wp-content\/uploads\/2023\/12\/AYUNTAMIENTO-DE-CUERNAVACA-RECUPERA-EL-BRILLO-Y-ESPLENDOR-DE-LA-GLORIETA-DE-LA-PALOMA-DE-LA-PAZ-12.jpeg 1600w\" sizes=\"(max-width: 300px) 100vw, 300px\" \/><\/p>\n","protected":false},"excerpt":{"rendered":"<p>\u00b0 Con recursos propios municipales y tras a\u00f1os de olvido, Jos\u00e9 Luis Uri\u00f3stegui inaugur\u00f3 la rehabilitaci\u00f3n de esta escultura del Maestro V\u00edctor Manuel Contreras \u00b0 Para estos trabajos de rescate de uno de los referentes de la Ciudad Capital de Morelos se coordinaron diferentes Secretar\u00edas del Gobierno Municipal La ciudad de Cuernavaca sigue renaciendo a [&hellip;]<\/p>\n","protected":false},"author":1,"featured_media":35628,"comment_status":"closed","ping_status":"open","sticky":false,"template":"","format":"standard","meta":[],"categories":[2414],"tags":[121,2889,220,2376,120,206,366,127],"aioseo_notices":[],"_links":{"self":[{"href":"https:\/\/cuernavaca.gob.mx\/index.php?rest_route=\/wp\/v2\/posts\/35623"}],"collection":[{"href":"https:\/\/cuernavaca.gob.mx\/index.php?rest_route=\/wp\/v2\/posts"}],"about":[{"href":"https:\/\/cuernavaca.gob.mx\/index.php?rest_route=\/wp\/v2\/types\/post"}],"author":[{"embeddable":true,"href":"https:\/\/cuernavaca.gob.mx\/index.php?rest_route=\/wp\/v2\/users\/1"}],"replies":[{"embeddable":true,"href":"https:\/\/cuernavaca.gob.mx\/index.php?rest_route=%2Fwp%2Fv2%2Fcomments&post=35623"}],"version-history":[{"count":2,"href":"https:\/\/cuernavaca.gob.mx\/index.php?rest_route=\/wp\/v2\/posts\/35623\/revisions"}],"predecessor-version":[{"id":35637,"href":"https:\/\/cuernavaca.gob.mx\/index.php?rest_route=\/wp\/v2\/posts\/35623\/revisions\/35637"}],"wp:featuredmedia":[{"embeddable":true,"href":"https:\/\/cuernavaca.gob.mx\/index.php?rest_route=\/wp\/v2\/media\/35628"}],"wp:attachment":[{"href":"https:\/\/cuernavaca.gob.mx\/index.php?rest_route=%2Fwp%2Fv2%2Fmedia&parent=35623"}],"wp:term":[{"taxonomy":"category","embeddable":true,"href":"https:\/\/cuernavaca.gob.mx\/index.php?rest_route=%2Fwp%2Fv2%2Fcategories&post=35623"},{"taxonomy":"post_tag","embeddable":true,"href":"https:\/\/cuernavaca.gob.mx\/index.php?rest_route=%2Fwp%2Fv2%2Ftags&post=35623"}],"curies":[{"name":"wp","href":"https:\/\/api.w.org\/{rel}","templated":true}]}}