{"id":35965,"date":"2023-12-15T14:30:57","date_gmt":"2023-12-15T20:30:57","guid":{"rendered":"https:\/\/cuernavaca.gob.mx\/?p=35965"},"modified":"2023-12-15T20:43:53","modified_gmt":"2023-12-16T02:43:53","slug":"b1474-15-12-23-en-orden-y-bajo-un-clima-de-paz-se-llevaran-a-cabo-en-el-centro-de-cuernavaca-las-expos-navidena-de-fin-de-ano-y-de-dia-de-reyes","status":"publish","type":"post","link":"https:\/\/cuernavaca.gob.mx\/?p=35965","title":{"rendered":"B1474 15\/12\/23 EN ORDEN Y BAJO UN CLIMA DE PAZ SE LLEVAR\u00c1N A CABO EN EL CENTRO DE CUERNAVACA LAS EXPOS NAVIDE\u00d1A, DE FIN DE A\u00d1O Y DE D\u00cdA DE REYES"},"content":{"rendered":"<div><strong>\u2022 En com\u00fan acuerdo con los l\u00edderes del comercio ambulante, el Ayuntamiento permitir\u00e1 la instalaci\u00f3n de alrededor de 400 comerciantes de diferentes grupos sindicales que han cumplido con los requisitos para la venta<\/strong><\/div>\n<div><\/div>\n<div><strong>\u2022 Las Expos que, tradicionalmente se instalan en el primer cuadro de la ciudad, se colocar\u00e1n de manera escalonada\u00a0<\/strong><\/div>\n<div><\/div>\n<div>En com\u00fan acuerdo con l\u00edderes del comercio a<\/div>\n<div>mbulante, el Ayuntamiento de Cuernavaca dio a conocer que las Expos Navide\u00f1a, de Fin de A\u00f1o y de D\u00eda de Reyes se instalar\u00e1n de manera escalonada en el primer cuadro de la ciudad con la participaci\u00f3n de alrededor de 400 comerciantes de diferentes grupos sindicales que han cumplido con los requisitos para vender sus productos en la v\u00eda p\u00fablica.<\/div>\n<div><\/div>\n<div>En conferencia de prensa y acompa\u00f1ado de l\u00edderes comerciantes, el director general de Pol\u00edtica Municipal adscrito a la Secretar\u00eda del Ayuntamiento, Arturo Santana Salgado, detall\u00f3 que la Expo Navide\u00f1a se instalar\u00e1 a partir del s\u00e1bado 23 hasta el lunes 25 de diciembre en calles Guerrero, Jard\u00edn Ju\u00e1rez y Prolongaci\u00f3n Hidalgo desde el restaurante Casa Hidalgo a las letras de Cuernavaca, mientras que la Expo Fin de A\u00f1o ser\u00e1 del domingo 31 al lunes 01 de enero en calles Guerrero, Jard\u00edn Ju\u00e1rez, Gutemberg y Prolongaci\u00f3n Hidalgo.<\/div>\n<div><\/div>\n<div>Con respecto a la Expo de D\u00eda de Reyes, refiri\u00f3 que como es tradici\u00f3n con los comerciantes, estos se colocar\u00e1n del jueves 04 al s\u00e1bado 06 de enero en algunas zonas de calle Guerrero.<\/div>\n<div><\/div>\n<div>Dentro de esta mesa de di\u00e1logo con l\u00edderes de aproximadamente seis sindicatos, en la que tambi\u00e9n asistieron Santiago Ayala Delgado, coordinador general de gesti\u00f3n de gobierno y archivo documental y Martin Montes Soto, director de Verificaci\u00f3n Normativa<\/div>\n<div><\/div>\n<div>\u00a0se estableci\u00f3 llevar a cabo las actividades en un clima de paz y tranquilidad, manteniendo las puertas abiertas del Ayuntamiento para que otros grupos sindicales puedan sumarse a este acuerdo que tiene como objeto brindar orden y seguridad, tanto a los consumidores como a los mismos comerciantes.<\/div>\n<div><\/div>\n<div>Confirm\u00f3 que los operativos para regular al comercio ambulante continuar\u00e1n en estos d\u00edas, a fin de tambi\u00e9n evitar que se instalen fuera del acuerdo referido, destacando que en la presente administraci\u00f3n se ha logrado poner al d\u00eda a alrededor de 600 comerciantes en v\u00eda p\u00fablica, un hecho in\u00e9dito en la historia moderna de Cuernavaca.<\/div>\n<div><\/div>\n<div>Finalmente, los l\u00edderes agradecieron la voluntad del municipio por darles todas las facilidades para regularizarse, al otorgar hasta un 95 por ciento de descuento en el pago de su refrendo para concesionarios de un permiso con una antig\u00fcedad de cinco a\u00f1os; manifestando su disposici\u00f3n por llevar unas fiestas decembrinas en paz.<\/div>\n<div><\/div>\n<div><img loading=\"lazy\" class=\"alignnone size-medium wp-image-35966\" src=\"https:\/\/cuernavaca.gob.mx\/wp-content\/uploads\/2023\/12\/EN-ORDEN-Y-BAJO-UN-CLIMA-DE-PAZ-SE-LLEVARAN-A-CABO-EN-EL-CENTRO-DE-CUERNAVACA-LAS-EXPOS-NAVIDENA-DE-FIN-DE-ANO-Y-DE-DIA-DE-REYES-1-300x200.jpeg\" alt=\"\" width=\"300\" height=\"200\" srcset=\"https:\/\/cuernavaca.gob.mx\/wp-content\/uploads\/2023\/12\/EN-ORDEN-Y-BAJO-UN-CLIMA-DE-PAZ-SE-LLEVARAN-A-CABO-EN-EL-CENTRO-DE-CUERNAVACA-LAS-EXPOS-NAVIDENA-DE-FIN-DE-ANO-Y-DE-DIA-DE-REYES-1-300x200.jpeg 300w, https:\/\/cuernavaca.gob.mx\/wp-content\/uploads\/2023\/12\/EN-ORDEN-Y-BAJO-UN-CLIMA-DE-PAZ-SE-LLEVARAN-A-CABO-EN-EL-CENTRO-DE-CUERNAVACA-LAS-EXPOS-NAVIDENA-DE-FIN-DE-ANO-Y-DE-DIA-DE-REYES-1-1024x682.jpeg 1024w, https:\/\/cuernavaca.gob.mx\/wp-content\/uploads\/2023\/12\/EN-ORDEN-Y-BAJO-UN-CLIMA-DE-PAZ-SE-LLEVARAN-A-CABO-EN-EL-CENTRO-DE-CUERNAVACA-LAS-EXPOS-NAVIDENA-DE-FIN-DE-ANO-Y-DE-DIA-DE-REYES-1-768x512.jpeg 768w, https:\/\/cuernavaca.gob.mx\/wp-content\/uploads\/2023\/12\/EN-ORDEN-Y-BAJO-UN-CLIMA-DE-PAZ-SE-LLEVARAN-A-CABO-EN-EL-CENTRO-DE-CUERNAVACA-LAS-EXPOS-NAVIDENA-DE-FIN-DE-ANO-Y-DE-DIA-DE-REYES-1-600x400.jpeg 600w, https:\/\/cuernavaca.gob.mx\/wp-content\/uploads\/2023\/12\/EN-ORDEN-Y-BAJO-UN-CLIMA-DE-PAZ-SE-LLEVARAN-A-CABO-EN-EL-CENTRO-DE-CUERNAVACA-LAS-EXPOS-NAVIDENA-DE-FIN-DE-ANO-Y-DE-DIA-DE-REYES-1-560x373.jpeg 560w, https:\/\/cuernavaca.gob.mx\/wp-content\/uploads\/2023\/12\/EN-ORDEN-Y-BAJO-UN-CLIMA-DE-PAZ-SE-LLEVARAN-A-CABO-EN-EL-CENTRO-DE-CUERNAVACA-LAS-EXPOS-NAVIDENA-DE-FIN-DE-ANO-Y-DE-DIA-DE-REYES-1.jpeg 1280w\" sizes=\"(max-width: 300px) 100vw, 300px\" \/> <img loading=\"lazy\" class=\"alignnone size-medium wp-image-35967\" src=\"https:\/\/cuernavaca.gob.mx\/wp-content\/uploads\/2023\/12\/EN-ORDEN-Y-BAJO-UN-CLIMA-DE-PAZ-SE-LLEVARAN-A-CABO-EN-EL-CENTRO-DE-CUERNAVACA-LAS-EXPOS-NAVIDENA-DE-FIN-DE-ANO-Y-DE-DIA-DE-REYES-2-300x200.jpeg\" alt=\"\" width=\"300\" height=\"200\" srcset=\"https:\/\/cuernavaca.gob.mx\/wp-content\/uploads\/2023\/12\/EN-ORDEN-Y-BAJO-UN-CLIMA-DE-PAZ-SE-LLEVARAN-A-CABO-EN-EL-CENTRO-DE-CUERNAVACA-LAS-EXPOS-NAVIDENA-DE-FIN-DE-ANO-Y-DE-DIA-DE-REYES-2-300x200.jpeg 300w, https:\/\/cuernavaca.gob.mx\/wp-content\/uploads\/2023\/12\/EN-ORDEN-Y-BAJO-UN-CLIMA-DE-PAZ-SE-LLEVARAN-A-CABO-EN-EL-CENTRO-DE-CUERNAVACA-LAS-EXPOS-NAVIDENA-DE-FIN-DE-ANO-Y-DE-DIA-DE-REYES-2-1024x682.jpeg 1024w, https:\/\/cuernavaca.gob.mx\/wp-content\/uploads\/2023\/12\/EN-ORDEN-Y-BAJO-UN-CLIMA-DE-PAZ-SE-LLEVARAN-A-CABO-EN-EL-CENTRO-DE-CUERNAVACA-LAS-EXPOS-NAVIDENA-DE-FIN-DE-ANO-Y-DE-DIA-DE-REYES-2-768x512.jpeg 768w, https:\/\/cuernavaca.gob.mx\/wp-content\/uploads\/2023\/12\/EN-ORDEN-Y-BAJO-UN-CLIMA-DE-PAZ-SE-LLEVARAN-A-CABO-EN-EL-CENTRO-DE-CUERNAVACA-LAS-EXPOS-NAVIDENA-DE-FIN-DE-ANO-Y-DE-DIA-DE-REYES-2-600x400.jpeg 600w, https:\/\/cuernavaca.gob.mx\/wp-content\/uploads\/2023\/12\/EN-ORDEN-Y-BAJO-UN-CLIMA-DE-PAZ-SE-LLEVARAN-A-CABO-EN-EL-CENTRO-DE-CUERNAVACA-LAS-EXPOS-NAVIDENA-DE-FIN-DE-ANO-Y-DE-DIA-DE-REYES-2-560x373.jpeg 560w, https:\/\/cuernavaca.gob.mx\/wp-content\/uploads\/2023\/12\/EN-ORDEN-Y-BAJO-UN-CLIMA-DE-PAZ-SE-LLEVARAN-A-CABO-EN-EL-CENTRO-DE-CUERNAVACA-LAS-EXPOS-NAVIDENA-DE-FIN-DE-ANO-Y-DE-DIA-DE-REYES-2.jpeg 1280w\" sizes=\"(max-width: 300px) 100vw, 300px\" \/> <img loading=\"lazy\" class=\"alignnone size-medium wp-image-35968\" src=\"https:\/\/cuernavaca.gob.mx\/wp-content\/uploads\/2023\/12\/EN-ORDEN-Y-BAJO-UN-CLIMA-DE-PAZ-SE-LLEVARAN-A-CABO-EN-EL-CENTRO-DE-CUERNAVACA-LAS-EXPOS-NAVIDENA-DE-FIN-DE-ANO-Y-DE-DIA-DE-REYES-3-300x200.jpeg\" alt=\"\" width=\"300\" height=\"200\" srcset=\"https:\/\/cuernavaca.gob.mx\/wp-content\/uploads\/2023\/12\/EN-ORDEN-Y-BAJO-UN-CLIMA-DE-PAZ-SE-LLEVARAN-A-CABO-EN-EL-CENTRO-DE-CUERNAVACA-LAS-EXPOS-NAVIDENA-DE-FIN-DE-ANO-Y-DE-DIA-DE-REYES-3-300x200.jpeg 300w, https:\/\/cuernavaca.gob.mx\/wp-content\/uploads\/2023\/12\/EN-ORDEN-Y-BAJO-UN-CLIMA-DE-PAZ-SE-LLEVARAN-A-CABO-EN-EL-CENTRO-DE-CUERNAVACA-LAS-EXPOS-NAVIDENA-DE-FIN-DE-ANO-Y-DE-DIA-DE-REYES-3-1024x682.jpeg 1024w, https:\/\/cuernavaca.gob.mx\/wp-content\/uploads\/2023\/12\/EN-ORDEN-Y-BAJO-UN-CLIMA-DE-PAZ-SE-LLEVARAN-A-CABO-EN-EL-CENTRO-DE-CUERNAVACA-LAS-EXPOS-NAVIDENA-DE-FIN-DE-ANO-Y-DE-DIA-DE-REYES-3-768x512.jpeg 768w, https:\/\/cuernavaca.gob.mx\/wp-content\/uploads\/2023\/12\/EN-ORDEN-Y-BAJO-UN-CLIMA-DE-PAZ-SE-LLEVARAN-A-CABO-EN-EL-CENTRO-DE-CUERNAVACA-LAS-EXPOS-NAVIDENA-DE-FIN-DE-ANO-Y-DE-DIA-DE-REYES-3-600x400.jpeg 600w, https:\/\/cuernavaca.gob.mx\/wp-content\/uploads\/2023\/12\/EN-ORDEN-Y-BAJO-UN-CLIMA-DE-PAZ-SE-LLEVARAN-A-CABO-EN-EL-CENTRO-DE-CUERNAVACA-LAS-EXPOS-NAVIDENA-DE-FIN-DE-ANO-Y-DE-DIA-DE-REYES-3-560x373.jpeg 560w, https:\/\/cuernavaca.gob.mx\/wp-content\/uploads\/2023\/12\/EN-ORDEN-Y-BAJO-UN-CLIMA-DE-PAZ-SE-LLEVARAN-A-CABO-EN-EL-CENTRO-DE-CUERNAVACA-LAS-EXPOS-NAVIDENA-DE-FIN-DE-ANO-Y-DE-DIA-DE-REYES-3.jpeg 1280w\" sizes=\"(max-width: 300px) 100vw, 300px\" \/> <img loading=\"lazy\" class=\"alignnone size-medium wp-image-35969\" src=\"https:\/\/cuernavaca.gob.mx\/wp-content\/uploads\/2023\/12\/EN-ORDEN-Y-BAJO-UN-CLIMA-DE-PAZ-SE-LLEVARAN-A-CABO-EN-EL-CENTRO-DE-CUERNAVACA-LAS-EXPOS-NAVIDENA-DE-FIN-DE-ANO-Y-DE-DIA-DE-REYES-4-300x200.jpeg\" alt=\"\" width=\"300\" height=\"200\" srcset=\"https:\/\/cuernavaca.gob.mx\/wp-content\/uploads\/2023\/12\/EN-ORDEN-Y-BAJO-UN-CLIMA-DE-PAZ-SE-LLEVARAN-A-CABO-EN-EL-CENTRO-DE-CUERNAVACA-LAS-EXPOS-NAVIDENA-DE-FIN-DE-ANO-Y-DE-DIA-DE-REYES-4-300x200.jpeg 300w, https:\/\/cuernavaca.gob.mx\/wp-content\/uploads\/2023\/12\/EN-ORDEN-Y-BAJO-UN-CLIMA-DE-PAZ-SE-LLEVARAN-A-CABO-EN-EL-CENTRO-DE-CUERNAVACA-LAS-EXPOS-NAVIDENA-DE-FIN-DE-ANO-Y-DE-DIA-DE-REYES-4-1024x682.jpeg 1024w, https:\/\/cuernavaca.gob.mx\/wp-content\/uploads\/2023\/12\/EN-ORDEN-Y-BAJO-UN-CLIMA-DE-PAZ-SE-LLEVARAN-A-CABO-EN-EL-CENTRO-DE-CUERNAVACA-LAS-EXPOS-NAVIDENA-DE-FIN-DE-ANO-Y-DE-DIA-DE-REYES-4-768x512.jpeg 768w, https:\/\/cuernavaca.gob.mx\/wp-content\/uploads\/2023\/12\/EN-ORDEN-Y-BAJO-UN-CLIMA-DE-PAZ-SE-LLEVARAN-A-CABO-EN-EL-CENTRO-DE-CUERNAVACA-LAS-EXPOS-NAVIDENA-DE-FIN-DE-ANO-Y-DE-DIA-DE-REYES-4-600x400.jpeg 600w, https:\/\/cuernavaca.gob.mx\/wp-content\/uploads\/2023\/12\/EN-ORDEN-Y-BAJO-UN-CLIMA-DE-PAZ-SE-LLEVARAN-A-CABO-EN-EL-CENTRO-DE-CUERNAVACA-LAS-EXPOS-NAVIDENA-DE-FIN-DE-ANO-Y-DE-DIA-DE-REYES-4-560x373.jpeg 560w, https:\/\/cuernavaca.gob.mx\/wp-content\/uploads\/2023\/12\/EN-ORDEN-Y-BAJO-UN-CLIMA-DE-PAZ-SE-LLEVARAN-A-CABO-EN-EL-CENTRO-DE-CUERNAVACA-LAS-EXPOS-NAVIDENA-DE-FIN-DE-ANO-Y-DE-DIA-DE-REYES-4.jpeg 1280w\" sizes=\"(max-width: 300px) 100vw, 300px\" \/> <img loading=\"lazy\" class=\"alignnone size-medium wp-image-35970\" src=\"https:\/\/cuernavaca.gob.mx\/wp-content\/uploads\/2023\/12\/EN-ORDEN-Y-BAJO-UN-CLIMA-DE-PAZ-SE-LLEVARAN-A-CABO-EN-EL-CENTRO-DE-CUERNAVACA-LAS-EXPOS-NAVIDENA-DE-FIN-DE-ANO-Y-DE-DIA-DE-REYES-5-300x200.jpeg\" alt=\"\" width=\"300\" height=\"200\" srcset=\"https:\/\/cuernavaca.gob.mx\/wp-content\/uploads\/2023\/12\/EN-ORDEN-Y-BAJO-UN-CLIMA-DE-PAZ-SE-LLEVARAN-A-CABO-EN-EL-CENTRO-DE-CUERNAVACA-LAS-EXPOS-NAVIDENA-DE-FIN-DE-ANO-Y-DE-DIA-DE-REYES-5-300x200.jpeg 300w, https:\/\/cuernavaca.gob.mx\/wp-content\/uploads\/2023\/12\/EN-ORDEN-Y-BAJO-UN-CLIMA-DE-PAZ-SE-LLEVARAN-A-CABO-EN-EL-CENTRO-DE-CUERNAVACA-LAS-EXPOS-NAVIDENA-DE-FIN-DE-ANO-Y-DE-DIA-DE-REYES-5-1024x682.jpeg 1024w, https:\/\/cuernavaca.gob.mx\/wp-content\/uploads\/2023\/12\/EN-ORDEN-Y-BAJO-UN-CLIMA-DE-PAZ-SE-LLEVARAN-A-CABO-EN-EL-CENTRO-DE-CUERNAVACA-LAS-EXPOS-NAVIDENA-DE-FIN-DE-ANO-Y-DE-DIA-DE-REYES-5-768x512.jpeg 768w, https:\/\/cuernavaca.gob.mx\/wp-content\/uploads\/2023\/12\/EN-ORDEN-Y-BAJO-UN-CLIMA-DE-PAZ-SE-LLEVARAN-A-CABO-EN-EL-CENTRO-DE-CUERNAVACA-LAS-EXPOS-NAVIDENA-DE-FIN-DE-ANO-Y-DE-DIA-DE-REYES-5-600x400.jpeg 600w, https:\/\/cuernavaca.gob.mx\/wp-content\/uploads\/2023\/12\/EN-ORDEN-Y-BAJO-UN-CLIMA-DE-PAZ-SE-LLEVARAN-A-CABO-EN-EL-CENTRO-DE-CUERNAVACA-LAS-EXPOS-NAVIDENA-DE-FIN-DE-ANO-Y-DE-DIA-DE-REYES-5-560x373.jpeg 560w, https:\/\/cuernavaca.gob.mx\/wp-content\/uploads\/2023\/12\/EN-ORDEN-Y-BAJO-UN-CLIMA-DE-PAZ-SE-LLEVARAN-A-CABO-EN-EL-CENTRO-DE-CUERNAVACA-LAS-EXPOS-NAVIDENA-DE-FIN-DE-ANO-Y-DE-DIA-DE-REYES-5.jpeg 1280w\" sizes=\"(max-width: 300px) 100vw, 300px\" \/><\/div>\n","protected":false},"excerpt":{"rendered":"<p>\u2022 En com\u00fan acuerdo con los l\u00edderes del comercio ambulante, el Ayuntamiento permitir\u00e1 la instalaci\u00f3n de alrededor de 400 comerciantes de diferentes grupos sindicales que han cumplido con los requisitos para la venta \u2022 Las Expos que, tradicionalmente se instalan en el primer cuadro de la ciudad, se colocar\u00e1n de manera escalonada\u00a0 En com\u00fan acuerdo [&hellip;]<\/p>\n","protected":false},"author":1,"featured_media":35966,"comment_status":"closed","ping_status":"open","sticky":false,"template":"","format":"standard","meta":[],"categories":[2294],"tags":[800,690,121,120,206,2676,127,3459],"aioseo_notices":[],"_links":{"self":[{"href":"https:\/\/cuernavaca.gob.mx\/index.php?rest_route=\/wp\/v2\/posts\/35965"}],"collection":[{"href":"https:\/\/cuernavaca.gob.mx\/index.php?rest_route=\/wp\/v2\/posts"}],"about":[{"href":"https:\/\/cuernavaca.gob.mx\/index.php?rest_route=\/wp\/v2\/types\/post"}],"author":[{"embeddable":true,"href":"https:\/\/cuernavaca.gob.mx\/index.php?rest_route=\/wp\/v2\/users\/1"}],"replies":[{"embeddable":true,"href":"https:\/\/cuernavaca.gob.mx\/index.php?rest_route=%2Fwp%2Fv2%2Fcomments&post=35965"}],"version-history":[{"count":1,"href":"https:\/\/cuernavaca.gob.mx\/index.php?rest_route=\/wp\/v2\/posts\/35965\/revisions"}],"predecessor-version":[{"id":35971,"href":"https:\/\/cuernavaca.gob.mx\/index.php?rest_route=\/wp\/v2\/posts\/35965\/revisions\/35971"}],"wp:featuredmedia":[{"embeddable":true,"href":"https:\/\/cuernavaca.gob.mx\/index.php?rest_route=\/wp\/v2\/media\/35966"}],"wp:attachment":[{"href":"https:\/\/cuernavaca.gob.mx\/index.php?rest_route=%2Fwp%2Fv2%2Fmedia&parent=35965"}],"wp:term":[{"taxonomy":"category","embeddable":true,"href":"https:\/\/cuernavaca.gob.mx\/index.php?rest_route=%2Fwp%2Fv2%2Fcategories&post=35965"},{"taxonomy":"post_tag","embeddable":true,"href":"https:\/\/cuernavaca.gob.mx\/index.php?rest_route=%2Fwp%2Fv2%2Ftags&post=35965"}],"curies":[{"name":"wp","href":"https:\/\/api.w.org\/{rel}","templated":true}]}}